{"id":104694,"date":"2023-05-08T01:38:17","date_gmt":"2023-05-08T04:38:17","guid":{"rendered":"https:\/\/infoecos.com.ar\/?p=104694"},"modified":"2023-05-09T01:14:37","modified_gmt":"2023-05-09T04:14:37","slug":"ernesto-tenembaum-lo-atiende-a-pablo-zurro-en-la-editorial-de-infobae-del-domingo","status":"publish","type":"post","link":"https:\/\/infoecos.com.ar\/index.php\/ernesto-tenembaum-lo-atiende-a-pablo-zurro-en-la-editorial-de-infobae-del-domingo\/","title":{"rendered":"Ernesto Tenembaum, lo \u00abatiende\u00bb a Pablo Zurro en la editorial de Infobae del domingo"},"content":{"rendered":"\n<p>El conocido periodista Ernesto Tenembaum en su habitual editorial de <strong>Infobae.com<\/strong>, donde se refiere a cuestiones de la realidad Argentina y al hacer menci\u00f3n a Javier Milei, lo atiende period\u00edsticamente a Pablo Zurro, despu\u00e9s de sus desafortunadas declaraciones de la semana anterior. La nota lleva el t\u00edtulo en la p\u00e1gina m\u00e1s le\u00edda de Argentina y Am\u00e9rica Latina: <strong><em>Los escenarios angustiantes que aparecen a medida que crece Javier Milei<\/em><\/strong>.<\/p>\n\n\n\n<p>El texto referido al mandatario comunal pehuajense: <\/p>\n\n\n\n<p><strong><em>A mediados de semana,&nbsp;Pablo Zurro, el intendente cristinista de Pehuaj\u00f3, le destin\u00f3 un brulote a&nbsp;Javier Milei. \u201cLo que ocurre es que&nbsp;es un masturbador compulsivo&nbsp;-dijo. Por eso dice boludeces\u201d. La frase de Zurro supone la existencia de todo un esquema conceptual acerca de la sexualidad humana. De ella se deduce, en principio, que existe una frecuencia a partir de la cual alguien que se masturba deja de elegirlo libremente para hacerlo de manera adictiva. Adem\u00e1s, parece que si eso ocurre produce modificaciones en la personalidad: atonta, confunde, impulsa a decir tonter\u00edas. Finalmente, Zurro -por alguna raz\u00f3n que vaya a saber cual es- sugiere que conoce la intimidad de Milei.<\/em><\/strong><\/p>\n\n\n\n<p><strong><em>Por fuera de esas especulaciones, se trata en realidad de&nbsp;una agresi\u00f3n bruta, tonta e improcedente&nbsp;que describe m\u00e1s a Zurro que a Milei. Pero no es la \u00fanica que recibi\u00f3 en estos d\u00edas la estrella ascendente de la pol\u00edtica argentina. Se trata de un hombre que vive con siete perros y est\u00e1 enamorado de su hermana, advirti\u00f3 una periodista que prest\u00f3 su voz a uno de los videos difundidos por la vicepresidenta. \u201c\u00bfQui\u00e9n te tiene miedo, hermano?\u201d, lo desafi\u00f3 la mism\u00edsima&nbsp;Cristina Kirchner.<\/em><\/strong><\/p>\n\n\n\n<p><strong><em>Es la repetici\u00f3n de una din\u00e1mica que ha acompa\u00f1ado al economista libertario desde el mismo momento de su aparici\u00f3n.&nbsp;\u00c9l crece en las encuestas, lo insultan, crece m\u00e1s, lo insultan m\u00e1s, vuelve a crecer. \u00bfQu\u00e9 se supone que suceda si lo siguen insultando? Se trata de un m\u00e9todo que el cristinismo ya puso a prueba contra personalidades tan distintas como Francisco De Narv\u00e1ez, Sergio Massa y, sobre todo, contra Mauricio Macri. En todos los casos logr\u00f3 resultados similares.<\/em><\/strong><\/p>\n\n\n\n<p><\/p>\n\n\n\n<p><\/p>\n\n\n\n<p><\/p>\n\n\n\n<p><\/p>\n\n\n\n<p><\/p>\n","protected":false},"excerpt":{"rendered":"<p>La nota lleva el t\u00edtulo en la p\u00e1gina m\u00e1s le\u00edda de Argentina y Am\u00e9rica Latina: Los escenarios angustiantes que aparecen a medida que crece Javier Milei<\/p>\n","protected":false},"author":2,"featured_media":100788,"comment_status":"closed","ping_status":"open","sticky":false,"template":"","format":"standard","meta":{"footnotes":""},"categories":[1341],"tags":[6789],"class_list":["post-104694","post","type-post","status-publish","format-standard","has-post-thumbnail","hentry","category-c1nota7","tag-elecciones-2023"],"yoast_head":"<!-- This site is optimized with the Yoast SEO plugin v23.4 - https:\/\/yoast.com\/wordpress\/plugins\/seo\/ -->\n<title>Ernesto Tenembaum, lo &quot;atiende&quot; a Pablo Zurro en la editorial de Infobae del domingo - Infoecos<\/title>\n<meta name=\"robots\" content=\"index, follow, max-snippet:-1, max-image-preview:large, max-video-preview:-1\" \/>\n<link rel=\"canonical\" href=\"https:\/\/infoecos.com.ar\/index.php\/ernesto-tenembaum-lo-atiende-a-pablo-zurro-en-la-editorial-de-infobae-del-domingo\/\" \/>\n<meta property=\"og:locale\" content=\"es_ES\" \/>\n<meta property=\"og:type\" content=\"article\" \/>\n<meta property=\"og:title\" content=\"Ernesto Tenembaum, lo &quot;atiende&quot; a Pablo Zurro en la editorial de Infobae del domingo - Infoecos\" \/>\n<meta property=\"og:description\" content=\"La nota lleva el t\u00edtulo en la p\u00e1gina m\u00e1s le\u00edda de Argentina y Am\u00e9rica Latina: Los escenarios angustiantes que aparecen a medida que crece Javier Milei\" \/>\n<meta property=\"og:url\" content=\"https:\/\/infoecos.com.ar\/index.php\/ernesto-tenembaum-lo-atiende-a-pablo-zurro-en-la-editorial-de-infobae-del-domingo\/\" \/>\n<meta property=\"og:site_name\" content=\"Infoecos\" \/>\n<meta property=\"article:publisher\" content=\"https:\/\/www.facebook.com\/profile.php?id=100063200290284\" \/>\n<meta property=\"article:published_time\" content=\"2023-05-08T04:38:17+00:00\" \/>\n<meta property=\"article:modified_time\" content=\"2023-05-09T04:14:37+00:00\" \/>\n<meta property=\"og:image\" content=\"https:\/\/infoecos.com.ar\/wp-content\/uploads\/2023\/01\/image-147.png\" \/>\n\t<meta property=\"og:image:width\" content=\"1280\" \/>\n\t<meta property=\"og:image:height\" content=\"720\" \/>\n\t<meta property=\"og:image:type\" content=\"image\/png\" \/>\n<meta name=\"author\" content=\"Jorge Matheus\" \/>\n<meta name=\"twitter:card\" content=\"summary_large_image\" \/>\n<meta name=\"twitter:creator\" content=\"@infoecos\" \/>\n<meta name=\"twitter:site\" content=\"@infoecos\" \/>\n<meta name=\"twitter:label1\" content=\"Escrito por\" \/>\n\t<meta name=\"twitter:data1\" content=\"Jorge Matheus\" \/>\n\t<meta name=\"twitter:label2\" content=\"Tiempo de lectura\" \/>\n\t<meta name=\"twitter:data2\" content=\"2 minutos\" \/>\n<script type=\"application\/ld+json\" class=\"yoast-schema-graph\">{\"@context\":\"https:\/\/schema.org\",\"@graph\":[{\"@type\":\"Article\",\"@id\":\"https:\/\/infoecos.com.ar\/index.php\/ernesto-tenembaum-lo-atiende-a-pablo-zurro-en-la-editorial-de-infobae-del-domingo\/#article\",\"isPartOf\":{\"@id\":\"https:\/\/infoecos.com.ar\/index.php\/ernesto-tenembaum-lo-atiende-a-pablo-zurro-en-la-editorial-de-infobae-del-domingo\/\"},\"author\":{\"name\":\"Jorge Matheus\",\"@id\":\"https:\/\/infoecos.com.ar\/#\/schema\/person\/8f5ace5ce73b4b4aac4b7245aee6f191\"},\"headline\":\"Ernesto Tenembaum, lo \u00abatiende\u00bb a Pablo Zurro en la editorial de Infobae del domingo\",\"datePublished\":\"2023-05-08T04:38:17+00:00\",\"dateModified\":\"2023-05-09T04:14:37+00:00\",\"mainEntityOfPage\":{\"@id\":\"https:\/\/infoecos.com.ar\/index.php\/ernesto-tenembaum-lo-atiende-a-pablo-zurro-en-la-editorial-de-infobae-del-domingo\/\"},\"wordCount\":397,\"publisher\":{\"@id\":\"https:\/\/infoecos.com.ar\/#organization\"},\"image\":{\"@id\":\"https:\/\/infoecos.com.ar\/index.php\/ernesto-tenembaum-lo-atiende-a-pablo-zurro-en-la-editorial-de-infobae-del-domingo\/#primaryimage\"},\"thumbnailUrl\":\"https:\/\/infoecos.com.ar\/wp-content\/uploads\/2023\/01\/image-147.png\",\"keywords\":[\"elecciones 2023\"],\"articleSection\":[\"C1 nota 7\"],\"inLanguage\":\"es\"},{\"@type\":\"WebPage\",\"@id\":\"https:\/\/infoecos.com.ar\/index.php\/ernesto-tenembaum-lo-atiende-a-pablo-zurro-en-la-editorial-de-infobae-del-domingo\/\",\"url\":\"https:\/\/infoecos.com.ar\/index.php\/ernesto-tenembaum-lo-atiende-a-pablo-zurro-en-la-editorial-de-infobae-del-domingo\/\",\"name\":\"Ernesto Tenembaum, lo \\\"atiende\\\" a Pablo Zurro en la editorial de Infobae del domingo - Infoecos\",\"isPartOf\":{\"@id\":\"https:\/\/infoecos.com.ar\/#website\"},\"primaryImageOfPage\":{\"@id\":\"https:\/\/infoecos.com.ar\/index.php\/ernesto-tenembaum-lo-atiende-a-pablo-zurro-en-la-editorial-de-infobae-del-domingo\/#primaryimage\"},\"image\":{\"@id\":\"https:\/\/infoecos.com.ar\/index.php\/ernesto-tenembaum-lo-atiende-a-pablo-zurro-en-la-editorial-de-infobae-del-domingo\/#primaryimage\"},\"thumbnailUrl\":\"https:\/\/infoecos.com.ar\/wp-content\/uploads\/2023\/01\/image-147.png\",\"datePublished\":\"2023-05-08T04:38:17+00:00\",\"dateModified\":\"2023-05-09T04:14:37+00:00\",\"breadcrumb\":{\"@id\":\"https:\/\/infoecos.com.ar\/index.php\/ernesto-tenembaum-lo-atiende-a-pablo-zurro-en-la-editorial-de-infobae-del-domingo\/#breadcrumb\"},\"inLanguage\":\"es\",\"potentialAction\":[{\"@type\":\"ReadAction\",\"target\":[\"https:\/\/infoecos.com.ar\/index.php\/ernesto-tenembaum-lo-atiende-a-pablo-zurro-en-la-editorial-de-infobae-del-domingo\/\"]}]},{\"@type\":\"ImageObject\",\"inLanguage\":\"es\",\"@id\":\"https:\/\/infoecos.com.ar\/index.php\/ernesto-tenembaum-lo-atiende-a-pablo-zurro-en-la-editorial-de-infobae-del-domingo\/#primaryimage\",\"url\":\"https:\/\/infoecos.com.ar\/wp-content\/uploads\/2023\/01\/image-147.png\",\"contentUrl\":\"https:\/\/infoecos.com.ar\/wp-content\/uploads\/2023\/01\/image-147.png\",\"width\":1280,\"height\":720},{\"@type\":\"BreadcrumbList\",\"@id\":\"https:\/\/infoecos.com.ar\/index.php\/ernesto-tenembaum-lo-atiende-a-pablo-zurro-en-la-editorial-de-infobae-del-domingo\/#breadcrumb\",\"itemListElement\":[{\"@type\":\"ListItem\",\"position\":1,\"name\":\"Portada\",\"item\":\"https:\/\/infoecos.com.ar\/\"},{\"@type\":\"ListItem\",\"position\":2,\"name\":\"Ernesto Tenembaum, lo \u00abatiende\u00bb a Pablo Zurro en la editorial de Infobae del domingo\"}]},{\"@type\":\"WebSite\",\"@id\":\"https:\/\/infoecos.com.ar\/#website\",\"url\":\"https:\/\/infoecos.com.ar\/\",\"name\":\"Infoecos\",\"description\":\"Noticias de trenque lauquen y la zona\",\"publisher\":{\"@id\":\"https:\/\/infoecos.com.ar\/#organization\"},\"alternateName\":\"Noticias\",\"potentialAction\":[{\"@type\":\"SearchAction\",\"target\":{\"@type\":\"EntryPoint\",\"urlTemplate\":\"https:\/\/infoecos.com.ar\/?s={search_term_string}\"},\"query-input\":{\"@type\":\"PropertyValueSpecification\",\"valueRequired\":true,\"valueName\":\"search_term_string\"}}],\"inLanguage\":\"es\"},{\"@type\":\"Organization\",\"@id\":\"https:\/\/infoecos.com.ar\/#organization\",\"name\":\"Infoecos\",\"alternateName\":\"Noticias\",\"url\":\"https:\/\/infoecos.com.ar\/\",\"logo\":{\"@type\":\"ImageObject\",\"inLanguage\":\"es\",\"@id\":\"https:\/\/infoecos.com.ar\/#\/schema\/logo\/image\/\",\"url\":\"https:\/\/infoecos.com.ar\/wp-content\/uploads\/2024\/03\/cropped-logo.png\",\"contentUrl\":\"https:\/\/infoecos.com.ar\/wp-content\/uploads\/2024\/03\/cropped-logo.png\",\"width\":374,\"height\":90,\"caption\":\"Infoecos\"},\"image\":{\"@id\":\"https:\/\/infoecos.com.ar\/#\/schema\/logo\/image\/\"},\"sameAs\":[\"https:\/\/www.facebook.com\/profile.php?id=100063200290284\",\"https:\/\/x.com\/infoecos\"]},{\"@type\":\"Person\",\"@id\":\"https:\/\/infoecos.com.ar\/#\/schema\/person\/8f5ace5ce73b4b4aac4b7245aee6f191\",\"name\":\"Jorge Matheus\",\"url\":\"https:\/\/infoecos.com.ar\/index.php\/author\/jomatheus\/\"}]}<\/script>\n<!-- \/ Yoast SEO plugin. -->","yoast_head_json":{"title":"Ernesto Tenembaum, lo \"atiende\" a Pablo Zurro en la editorial de Infobae del domingo - Infoecos","robots":{"index":"index","follow":"follow","max-snippet":"max-snippet:-1","max-image-preview":"max-image-preview:large","max-video-preview":"max-video-preview:-1"},"canonical":"https:\/\/infoecos.com.ar\/index.php\/ernesto-tenembaum-lo-atiende-a-pablo-zurro-en-la-editorial-de-infobae-del-domingo\/","og_locale":"es_ES","og_type":"article","og_title":"Ernesto Tenembaum, lo \"atiende\" a Pablo Zurro en la editorial de Infobae del domingo - Infoecos","og_description":"La nota lleva el t\u00edtulo en la p\u00e1gina m\u00e1s le\u00edda de Argentina y Am\u00e9rica Latina: Los escenarios angustiantes que aparecen a medida que crece Javier Milei","og_url":"https:\/\/infoecos.com.ar\/index.php\/ernesto-tenembaum-lo-atiende-a-pablo-zurro-en-la-editorial-de-infobae-del-domingo\/","og_site_name":"Infoecos","article_publisher":"https:\/\/www.facebook.com\/profile.php?id=100063200290284","article_published_time":"2023-05-08T04:38:17+00:00","article_modified_time":"2023-05-09T04:14:37+00:00","og_image":[{"width":1280,"height":720,"url":"https:\/\/infoecos.com.ar\/wp-content\/uploads\/2023\/01\/image-147.png","type":"image\/png"}],"author":"Jorge Matheus","twitter_card":"summary_large_image","twitter_creator":"@infoecos","twitter_site":"@infoecos","twitter_misc":{"Escrito por":"Jorge Matheus","Tiempo de lectura":"2 minutos"},"schema":{"@context":"https:\/\/schema.org","@graph":[{"@type":"Article","@id":"https:\/\/infoecos.com.ar\/index.php\/ernesto-tenembaum-lo-atiende-a-pablo-zurro-en-la-editorial-de-infobae-del-domingo\/#article","isPartOf":{"@id":"https:\/\/infoecos.com.ar\/index.php\/ernesto-tenembaum-lo-atiende-a-pablo-zurro-en-la-editorial-de-infobae-del-domingo\/"},"author":{"name":"Jorge Matheus","@id":"https:\/\/infoecos.com.ar\/#\/schema\/person\/8f5ace5ce73b4b4aac4b7245aee6f191"},"headline":"Ernesto Tenembaum, lo \u00abatiende\u00bb a Pablo Zurro en la editorial de Infobae del domingo","datePublished":"2023-05-08T04:38:17+00:00","dateModified":"2023-05-09T04:14:37+00:00","mainEntityOfPage":{"@id":"https:\/\/infoecos.com.ar\/index.php\/ernesto-tenembaum-lo-atiende-a-pablo-zurro-en-la-editorial-de-infobae-del-domingo\/"},"wordCount":397,"publisher":{"@id":"https:\/\/infoecos.com.ar\/#organization"},"image":{"@id":"https:\/\/infoecos.com.ar\/index.php\/ernesto-tenembaum-lo-atiende-a-pablo-zurro-en-la-editorial-de-infobae-del-domingo\/#primaryimage"},"thumbnailUrl":"https:\/\/infoecos.com.ar\/wp-content\/uploads\/2023\/01\/image-147.png","keywords":["elecciones 2023"],"articleSection":["C1 nota 7"],"inLanguage":"es"},{"@type":"WebPage","@id":"https:\/\/infoecos.com.ar\/index.php\/ernesto-tenembaum-lo-atiende-a-pablo-zurro-en-la-editorial-de-infobae-del-domingo\/","url":"https:\/\/infoecos.com.ar\/index.php\/ernesto-tenembaum-lo-atiende-a-pablo-zurro-en-la-editorial-de-infobae-del-domingo\/","name":"Ernesto Tenembaum, lo \"atiende\" a Pablo Zurro en la editorial de Infobae del domingo - Infoecos","isPartOf":{"@id":"https:\/\/infoecos.com.ar\/#website"},"primaryImageOfPage":{"@id":"https:\/\/infoecos.com.ar\/index.php\/ernesto-tenembaum-lo-atiende-a-pablo-zurro-en-la-editorial-de-infobae-del-domingo\/#primaryimage"},"image":{"@id":"https:\/\/infoecos.com.ar\/index.php\/ernesto-tenembaum-lo-atiende-a-pablo-zurro-en-la-editorial-de-infobae-del-domingo\/#primaryimage"},"thumbnailUrl":"https:\/\/infoecos.com.ar\/wp-content\/uploads\/2023\/01\/image-147.png","datePublished":"2023-05-08T04:38:17+00:00","dateModified":"2023-05-09T04:14:37+00:00","breadcrumb":{"@id":"https:\/\/infoecos.com.ar\/index.php\/ernesto-tenembaum-lo-atiende-a-pablo-zurro-en-la-editorial-de-infobae-del-domingo\/#breadcrumb"},"inLanguage":"es","potentialAction":[{"@type":"ReadAction","target":["https:\/\/infoecos.com.ar\/index.php\/ernesto-tenembaum-lo-atiende-a-pablo-zurro-en-la-editorial-de-infobae-del-domingo\/"]}]},{"@type":"ImageObject","inLanguage":"es","@id":"https:\/\/infoecos.com.ar\/index.php\/ernesto-tenembaum-lo-atiende-a-pablo-zurro-en-la-editorial-de-infobae-del-domingo\/#primaryimage","url":"https:\/\/infoecos.com.ar\/wp-content\/uploads\/2023\/01\/image-147.png","contentUrl":"https:\/\/infoecos.com.ar\/wp-content\/uploads\/2023\/01\/image-147.png","width":1280,"height":720},{"@type":"BreadcrumbList","@id":"https:\/\/infoecos.com.ar\/index.php\/ernesto-tenembaum-lo-atiende-a-pablo-zurro-en-la-editorial-de-infobae-del-domingo\/#breadcrumb","itemListElement":[{"@type":"ListItem","position":1,"name":"Portada","item":"https:\/\/infoecos.com.ar\/"},{"@type":"ListItem","position":2,"name":"Ernesto Tenembaum, lo \u00abatiende\u00bb a Pablo Zurro en la editorial de Infobae del domingo"}]},{"@type":"WebSite","@id":"https:\/\/infoecos.com.ar\/#website","url":"https:\/\/infoecos.com.ar\/","name":"Infoecos","description":"Noticias de trenque lauquen y la zona","publisher":{"@id":"https:\/\/infoecos.com.ar\/#organization"},"alternateName":"Noticias","potentialAction":[{"@type":"SearchAction","target":{"@type":"EntryPoint","urlTemplate":"https:\/\/infoecos.com.ar\/?s={search_term_string}"},"query-input":{"@type":"PropertyValueSpecification","valueRequired":true,"valueName":"search_term_string"}}],"inLanguage":"es"},{"@type":"Organization","@id":"https:\/\/infoecos.com.ar\/#organization","name":"Infoecos","alternateName":"Noticias","url":"https:\/\/infoecos.com.ar\/","logo":{"@type":"ImageObject","inLanguage":"es","@id":"https:\/\/infoecos.com.ar\/#\/schema\/logo\/image\/","url":"https:\/\/infoecos.com.ar\/wp-content\/uploads\/2024\/03\/cropped-logo.png","contentUrl":"https:\/\/infoecos.com.ar\/wp-content\/uploads\/2024\/03\/cropped-logo.png","width":374,"height":90,"caption":"Infoecos"},"image":{"@id":"https:\/\/infoecos.com.ar\/#\/schema\/logo\/image\/"},"sameAs":["https:\/\/www.facebook.com\/profile.php?id=100063200290284","https:\/\/x.com\/infoecos"]},{"@type":"Person","@id":"https:\/\/infoecos.com.ar\/#\/schema\/person\/8f5ace5ce73b4b4aac4b7245aee6f191","name":"Jorge Matheus","url":"https:\/\/infoecos.com.ar\/index.php\/author\/jomatheus\/"}]}},"featured_image_urls":{"full":["https:\/\/infoecos.com.ar\/wp-content\/uploads\/2023\/01\/image-147.png",1280,720,false],"thumbnail":["https:\/\/infoecos.com.ar\/wp-content\/uploads\/2023\/01\/image-147-300x150.png",300,150,true],"medium":["https:\/\/infoecos.com.ar\/wp-content\/uploads\/2023\/01\/image-147-800x450.png",800,450,true],"medium_large":["https:\/\/infoecos.com.ar\/wp-content\/uploads\/2023\/01\/image-147-768x432.png",640,360,true],"large":["https:\/\/infoecos.com.ar\/wp-content\/uploads\/2023\/01\/image-147.png",640,360,false],"1536x1536":["https:\/\/infoecos.com.ar\/wp-content\/uploads\/2023\/01\/image-147.png",1280,720,false],"2048x2048":["https:\/\/infoecos.com.ar\/wp-content\/uploads\/2023\/01\/image-147.png",1280,720,false],"covernews-slider-full":["https:\/\/infoecos.com.ar\/wp-content\/uploads\/2023\/01\/image-147.png",1115,627,false],"covernews-slider-center":["https:\/\/infoecos.com.ar\/wp-content\/uploads\/2023\/01\/image-147-936x720.png",650,500,true],"covernews-featured":["https:\/\/infoecos.com.ar\/wp-content\/uploads\/2023\/01\/image-147-1024x576.png",1024,576,true],"covernews-medium":["https:\/\/infoecos.com.ar\/wp-content\/uploads\/2023\/01\/image-147-720x380.png",540,285,true],"covernews-medium-square":["https:\/\/infoecos.com.ar\/wp-content\/uploads\/2023\/01\/image-147-675x450.png",375,250,true]},"author_info":{"info":["Jorge Matheus"]},"category_info":"<a href=\"https:\/\/infoecos.com.ar\/index.php\/category\/c1nota7\/\" rel=\"category tag\">C1 nota 7<\/a>","tag_info":"C1 nota 7","comment_count":"0","_links":{"self":[{"href":"https:\/\/infoecos.com.ar\/index.php\/wp-json\/wp\/v2\/posts\/104694"}],"collection":[{"href":"https:\/\/infoecos.com.ar\/index.php\/wp-json\/wp\/v2\/posts"}],"about":[{"href":"https:\/\/infoecos.com.ar\/index.php\/wp-json\/wp\/v2\/types\/post"}],"author":[{"embeddable":true,"href":"https:\/\/infoecos.com.ar\/index.php\/wp-json\/wp\/v2\/users\/2"}],"replies":[{"embeddable":true,"href":"https:\/\/infoecos.com.ar\/index.php\/wp-json\/wp\/v2\/comments?post=104694"}],"version-history":[{"count":2,"href":"https:\/\/infoecos.com.ar\/index.php\/wp-json\/wp\/v2\/posts\/104694\/revisions"}],"predecessor-version":[{"id":104774,"href":"https:\/\/infoecos.com.ar\/index.php\/wp-json\/wp\/v2\/posts\/104694\/revisions\/104774"}],"wp:featuredmedia":[{"embeddable":true,"href":"https:\/\/infoecos.com.ar\/index.php\/wp-json\/wp\/v2\/media\/100788"}],"wp:attachment":[{"href":"https:\/\/infoecos.com.ar\/index.php\/wp-json\/wp\/v2\/media?parent=104694"}],"wp:term":[{"taxonomy":"category","embeddable":true,"href":"https:\/\/infoecos.com.ar\/index.php\/wp-json\/wp\/v2\/categories?post=104694"},{"taxonomy":"post_tag","embeddable":true,"href":"https:\/\/infoecos.com.ar\/index.php\/wp-json\/wp\/v2\/tags?post=104694"}],"curies":[{"name":"wp","href":"https:\/\/api.w.org\/{rel}","templated":true}]}}