{"id":104696,"date":"2023-05-08T01:51:51","date_gmt":"2023-05-08T04:51:51","guid":{"rendered":"https:\/\/infoecos.com.ar\/?p=104696"},"modified":"2023-05-09T01:16:04","modified_gmt":"2023-05-09T04:16:04","slug":"en-el-humor-politico-de-clarin-alejandro-borensztein-tambien-ironiza-sobre-zurro","status":"publish","type":"post","link":"https:\/\/infoecos.com.ar\/index.php\/en-el-humor-politico-de-clarin-alejandro-borensztein-tambien-ironiza-sobre-zurro\/","title":{"rendered":"En el humor pol\u00edtico de Clar\u00edn, Alejandro Borensztein tambi\u00e9n ironiza sobre Zurro"},"content":{"rendered":"\n<p>La columna de humor pol\u00edtico de Borensztein se titula <strong>Todos trabajamos para Milei<\/strong>. Luego de una serie de cuestiones vinculadas con la realidad Argentina, el hijo de Tato Bores, se refiere a los slogans del aspirante presidencial. Saca una conclusi\u00f3n que est\u00e1 marcada con negritas, donde recurre al exabrupto de Pablo Zurro, intendente de Pehuaj\u00f3. <\/p>\n\n\n\n<figure class=\"wp-block-image alignright size-full is-resized\"><img loading=\"lazy\" decoding=\"async\" src=\"https:\/\/infoecos.com.ar\/wp-content\/uploads\/2023\/05\/image-37.png\" alt=\"\" class=\"wp-image-104697\" width=\"434\" height=\"213\" srcset=\"https:\/\/infoecos.com.ar\/wp-content\/uploads\/2023\/05\/image-37.png 1256w, https:\/\/infoecos.com.ar\/wp-content\/uploads\/2023\/05\/image-37-800x395.png 800w, https:\/\/infoecos.com.ar\/wp-content\/uploads\/2023\/05\/image-37-768x379.png 768w, https:\/\/infoecos.com.ar\/wp-content\/uploads\/2023\/05\/image-37-1024x505.png 1024w\" sizes=\"(max-width: 434px) 100vw, 434px\" \/><figcaption class=\"wp-element-caption\">Milei <\/figcaption><\/figure>\n\n\n\n<p><strong>&#8230;\u00bbTodos trabajamos para Milei\u00bb<\/strong><\/p>\n\n\n\n<p>\u00bfQu\u00e9 corno es Milei? Un estramb\u00f3tico muchacho que meti\u00f3 dos hits de verano en el momento justo:&nbsp;<strong>la dolarizaci\u00f3n y la casta<\/strong>. Posee adem\u00e1s una ventaja adicional sobre sus competidores: no carga con cuentas del pasado. El hecho de que se compre las facturas impagas de otros, como Bussi o Menem, habla de que&nbsp;<strong>tampoco estar\u00edamos frente a una luminaria de la pol\u00edtica.<\/strong><\/p>\n\n\n\n<p>Veamos primero el tema de la dolarizaci\u00f3n. En el fondo, no es m\u00e1s que una apelaci\u00f3n a la<strong>&nbsp;fantas\u00eda colectiva de tener d\u00f3lares<\/strong>. Salvo a Urribarri, que&nbsp;<a target=\"_blank\" href=\"https:\/\/www.clarin.com\/politica\/ex-gobernador-rios-sergio-urribarri-pudo-justificar-9-millones-dolares-patrimonio_0_FFdzyfjL2h.html\" rel=\"noreferrer noopener\">tiene una inconsistencia de 9 palos verdes&nbsp;<\/a>y no necesita m\u00e1s, \u00bfa qui\u00e9n no le gustar\u00eda tener muchos d\u00f3lares?<\/p>\n\n\n\n<p>Seg\u00fan explican la mayor\u00eda de los economistas, la dolarizaci\u00f3n es una simple y extrema restricci\u00f3n monetaria que, por s\u00ed&nbsp;sola y sin reformas fiscales, impositivas, laborales, empresariales y sindicales de fondo,&nbsp;<strong>no sirve para nada.<\/strong><\/p>\n\n\n\n<p>Expliqu\u00e9moslo m\u00e1s claro. Supongamos que usted, amiga lectora, no aguanta m\u00e1s a ese vago que hace 20 a\u00f1os le ronca al costado con el ombligo lleno de pelusa asomando entre el borde inferior de la musculosa y el borde superior del calzoncillo. Juntos tienen un plazo fijo de 500.000 pesos en el banco de la esquina. La ma\u00f1ana del lunes en que el pa\u00eds amanezca dolarizado, su plazo fijo de 500 lucas se habr\u00e1 transformado en uno de 1.000 d\u00f3lares. Hermoso. Sin embargo, cuando usted se vaya a dormir feliz por los 1.000 d\u00f3lares que ahora tiene, se va a dar cuenta ese lunes a la noche, de que<strong>&nbsp;en la cama sigue estando el mismo vago que estaba el domingo<\/strong>. En otras palabras, usted habr\u00e1 cambiado 500 lucas por 1000 d\u00f3lares pero sigue teniendo el mismo quilombo de siempre.<\/p>\n\n\n\n<p>El otro caballito de batalla es \u201cla casta\u201d.<strong>&nbsp;Genial invento para canalizar la bronca porque todos son la casta.<\/strong>&nbsp;Y todos trabajan para Milei.<\/p>\n\n\n\n<p>Gin\u00e9s con su vacunatorio VIP, Alberto con sus fiestitas, las desopilantes declaraciones de Kicillof, Cerruti o Cafiero, todos le aportan a Milei. Hasta Tolosa Paz, a quien la naturaleza le neg\u00f3 la capacidad de comprender el concepto de punto y aparte, cuando habla trabaja para Milei.<\/p>\n\n\n\n<p><strong><em>Cuando C5N ingresa al neofascismo diciendo que Milei&nbsp;<a href=\"https:\/\/www.clarin.com\/politica\/-javier-milei-enamorado-hermana-incomodo-momento-incorreccion-programa-teve-kirchnerista_0_a248YVaRQS.html\" target=\"_blank\" rel=\"noreferrer noopener\">vive con 8 perros y est\u00e1 enamorado de su hermana<\/a>&nbsp;(si amigo lector, lo dijeron) no hace otra cosa que trabajar para Milei. Cuando el intendente de Pehuaj\u00f3 dice que Milei es un&nbsp;<a href=\"https:\/\/www.clarin.com\/politica\/exabrupto-intendente-ultra-k-milei-masturbador-compulsivo-_0_Ssua2gsfnB.html#:~:text=%22Para%20m%C3%AD%2C%20Milei%20es%20un,Mentira%22.\" target=\"_blank\" rel=\"noreferrer noopener\">masturbador compulsivo<\/a>, tambi\u00e9n.&nbsp;A prop\u00f3sito: \u00bfser\u00e1 por eso que Manuelita viv\u00eda en Pehuaj\u00f3?<\/em><\/strong><\/p>\n","protected":false},"excerpt":{"rendered":"<p>A prop\u00f3sito: \u00bfser\u00e1 por eso que Manuelita viv\u00eda en Pehuaj\u00f3?<\/p>\n","protected":false},"author":2,"featured_media":104697,"comment_status":"closed","ping_status":"open","sticky":false,"template":"","format":"standard","meta":{"footnotes":""},"categories":[1614],"tags":[6789],"class_list":["post-104696","post","type-post","status-publish","format-standard","has-post-thumbnail","hentry","category-c2nota7","tag-elecciones-2023"],"yoast_head":"<!-- This site is optimized with the Yoast SEO plugin v23.4 - https:\/\/yoast.com\/wordpress\/plugins\/seo\/ -->\n<title>En el humor pol\u00edtico de Clar\u00edn, Alejandro Borensztein tambi\u00e9n ironiza sobre Zurro - Infoecos<\/title>\n<meta name=\"robots\" content=\"index, follow, max-snippet:-1, max-image-preview:large, max-video-preview:-1\" \/>\n<link rel=\"canonical\" href=\"https:\/\/infoecos.com.ar\/index.php\/en-el-humor-politico-de-clarin-alejandro-borensztein-tambien-ironiza-sobre-zurro\/\" \/>\n<meta property=\"og:locale\" content=\"es_ES\" \/>\n<meta property=\"og:type\" content=\"article\" \/>\n<meta property=\"og:title\" content=\"En el humor pol\u00edtico de Clar\u00edn, Alejandro Borensztein tambi\u00e9n ironiza sobre Zurro - Infoecos\" \/>\n<meta property=\"og:description\" content=\"A prop\u00f3sito: \u00bfser\u00e1 por eso que Manuelita viv\u00eda en Pehuaj\u00f3?\" \/>\n<meta property=\"og:url\" content=\"https:\/\/infoecos.com.ar\/index.php\/en-el-humor-politico-de-clarin-alejandro-borensztein-tambien-ironiza-sobre-zurro\/\" \/>\n<meta property=\"og:site_name\" content=\"Infoecos\" \/>\n<meta property=\"article:publisher\" content=\"https:\/\/www.facebook.com\/profile.php?id=100063200290284\" \/>\n<meta property=\"article:published_time\" content=\"2023-05-08T04:51:51+00:00\" \/>\n<meta property=\"article:modified_time\" content=\"2023-05-09T04:16:04+00:00\" \/>\n<meta property=\"og:image\" content=\"https:\/\/infoecos.com.ar\/wp-content\/uploads\/2023\/05\/image-37.png\" \/>\n\t<meta property=\"og:image:width\" content=\"1256\" \/>\n\t<meta property=\"og:image:height\" content=\"620\" \/>\n\t<meta property=\"og:image:type\" content=\"image\/png\" \/>\n<meta name=\"author\" content=\"Jorge Matheus\" \/>\n<meta name=\"twitter:card\" content=\"summary_large_image\" \/>\n<meta name=\"twitter:creator\" content=\"@infoecos\" \/>\n<meta name=\"twitter:site\" content=\"@infoecos\" \/>\n<meta name=\"twitter:label1\" content=\"Escrito por\" \/>\n\t<meta name=\"twitter:data1\" content=\"Jorge Matheus\" \/>\n\t<meta name=\"twitter:label2\" content=\"Tiempo de lectura\" \/>\n\t<meta name=\"twitter:data2\" content=\"3 minutos\" \/>\n<script type=\"application\/ld+json\" class=\"yoast-schema-graph\">{\"@context\":\"https:\/\/schema.org\",\"@graph\":[{\"@type\":\"Article\",\"@id\":\"https:\/\/infoecos.com.ar\/index.php\/en-el-humor-politico-de-clarin-alejandro-borensztein-tambien-ironiza-sobre-zurro\/#article\",\"isPartOf\":{\"@id\":\"https:\/\/infoecos.com.ar\/index.php\/en-el-humor-politico-de-clarin-alejandro-borensztein-tambien-ironiza-sobre-zurro\/\"},\"author\":{\"name\":\"Jorge Matheus\",\"@id\":\"https:\/\/infoecos.com.ar\/#\/schema\/person\/8f5ace5ce73b4b4aac4b7245aee6f191\"},\"headline\":\"En el humor pol\u00edtico de Clar\u00edn, Alejandro Borensztein tambi\u00e9n ironiza sobre Zurro\",\"datePublished\":\"2023-05-08T04:51:51+00:00\",\"dateModified\":\"2023-05-09T04:16:04+00:00\",\"mainEntityOfPage\":{\"@id\":\"https:\/\/infoecos.com.ar\/index.php\/en-el-humor-politico-de-clarin-alejandro-borensztein-tambien-ironiza-sobre-zurro\/\"},\"wordCount\":522,\"publisher\":{\"@id\":\"https:\/\/infoecos.com.ar\/#organization\"},\"image\":{\"@id\":\"https:\/\/infoecos.com.ar\/index.php\/en-el-humor-politico-de-clarin-alejandro-borensztein-tambien-ironiza-sobre-zurro\/#primaryimage\"},\"thumbnailUrl\":\"https:\/\/infoecos.com.ar\/wp-content\/uploads\/2023\/05\/image-37.png\",\"keywords\":[\"elecciones 2023\"],\"articleSection\":[\"C2 N7\"],\"inLanguage\":\"es\"},{\"@type\":\"WebPage\",\"@id\":\"https:\/\/infoecos.com.ar\/index.php\/en-el-humor-politico-de-clarin-alejandro-borensztein-tambien-ironiza-sobre-zurro\/\",\"url\":\"https:\/\/infoecos.com.ar\/index.php\/en-el-humor-politico-de-clarin-alejandro-borensztein-tambien-ironiza-sobre-zurro\/\",\"name\":\"En el humor pol\u00edtico de Clar\u00edn, Alejandro Borensztein tambi\u00e9n ironiza sobre Zurro - Infoecos\",\"isPartOf\":{\"@id\":\"https:\/\/infoecos.com.ar\/#website\"},\"primaryImageOfPage\":{\"@id\":\"https:\/\/infoecos.com.ar\/index.php\/en-el-humor-politico-de-clarin-alejandro-borensztein-tambien-ironiza-sobre-zurro\/#primaryimage\"},\"image\":{\"@id\":\"https:\/\/infoecos.com.ar\/index.php\/en-el-humor-politico-de-clarin-alejandro-borensztein-tambien-ironiza-sobre-zurro\/#primaryimage\"},\"thumbnailUrl\":\"https:\/\/infoecos.com.ar\/wp-content\/uploads\/2023\/05\/image-37.png\",\"datePublished\":\"2023-05-08T04:51:51+00:00\",\"dateModified\":\"2023-05-09T04:16:04+00:00\",\"breadcrumb\":{\"@id\":\"https:\/\/infoecos.com.ar\/index.php\/en-el-humor-politico-de-clarin-alejandro-borensztein-tambien-ironiza-sobre-zurro\/#breadcrumb\"},\"inLanguage\":\"es\",\"potentialAction\":[{\"@type\":\"ReadAction\",\"target\":[\"https:\/\/infoecos.com.ar\/index.php\/en-el-humor-politico-de-clarin-alejandro-borensztein-tambien-ironiza-sobre-zurro\/\"]}]},{\"@type\":\"ImageObject\",\"inLanguage\":\"es\",\"@id\":\"https:\/\/infoecos.com.ar\/index.php\/en-el-humor-politico-de-clarin-alejandro-borensztein-tambien-ironiza-sobre-zurro\/#primaryimage\",\"url\":\"https:\/\/infoecos.com.ar\/wp-content\/uploads\/2023\/05\/image-37.png\",\"contentUrl\":\"https:\/\/infoecos.com.ar\/wp-content\/uploads\/2023\/05\/image-37.png\",\"width\":1256,\"height\":620},{\"@type\":\"BreadcrumbList\",\"@id\":\"https:\/\/infoecos.com.ar\/index.php\/en-el-humor-politico-de-clarin-alejandro-borensztein-tambien-ironiza-sobre-zurro\/#breadcrumb\",\"itemListElement\":[{\"@type\":\"ListItem\",\"position\":1,\"name\":\"Portada\",\"item\":\"https:\/\/infoecos.com.ar\/\"},{\"@type\":\"ListItem\",\"position\":2,\"name\":\"En el humor pol\u00edtico de Clar\u00edn, Alejandro Borensztein tambi\u00e9n ironiza sobre Zurro\"}]},{\"@type\":\"WebSite\",\"@id\":\"https:\/\/infoecos.com.ar\/#website\",\"url\":\"https:\/\/infoecos.com.ar\/\",\"name\":\"Infoecos\",\"description\":\"Noticias de trenque lauquen y la zona\",\"publisher\":{\"@id\":\"https:\/\/infoecos.com.ar\/#organization\"},\"alternateName\":\"Noticias\",\"potentialAction\":[{\"@type\":\"SearchAction\",\"target\":{\"@type\":\"EntryPoint\",\"urlTemplate\":\"https:\/\/infoecos.com.ar\/?s={search_term_string}\"},\"query-input\":{\"@type\":\"PropertyValueSpecification\",\"valueRequired\":true,\"valueName\":\"search_term_string\"}}],\"inLanguage\":\"es\"},{\"@type\":\"Organization\",\"@id\":\"https:\/\/infoecos.com.ar\/#organization\",\"name\":\"Infoecos\",\"alternateName\":\"Noticias\",\"url\":\"https:\/\/infoecos.com.ar\/\",\"logo\":{\"@type\":\"ImageObject\",\"inLanguage\":\"es\",\"@id\":\"https:\/\/infoecos.com.ar\/#\/schema\/logo\/image\/\",\"url\":\"https:\/\/infoecos.com.ar\/wp-content\/uploads\/2024\/03\/cropped-logo.png\",\"contentUrl\":\"https:\/\/infoecos.com.ar\/wp-content\/uploads\/2024\/03\/cropped-logo.png\",\"width\":374,\"height\":90,\"caption\":\"Infoecos\"},\"image\":{\"@id\":\"https:\/\/infoecos.com.ar\/#\/schema\/logo\/image\/\"},\"sameAs\":[\"https:\/\/www.facebook.com\/profile.php?id=100063200290284\",\"https:\/\/x.com\/infoecos\"]},{\"@type\":\"Person\",\"@id\":\"https:\/\/infoecos.com.ar\/#\/schema\/person\/8f5ace5ce73b4b4aac4b7245aee6f191\",\"name\":\"Jorge Matheus\",\"url\":\"https:\/\/infoecos.com.ar\/index.php\/author\/jomatheus\/\"}]}<\/script>\n<!-- \/ Yoast SEO plugin. -->","yoast_head_json":{"title":"En el humor pol\u00edtico de Clar\u00edn, Alejandro Borensztein tambi\u00e9n ironiza sobre Zurro - Infoecos","robots":{"index":"index","follow":"follow","max-snippet":"max-snippet:-1","max-image-preview":"max-image-preview:large","max-video-preview":"max-video-preview:-1"},"canonical":"https:\/\/infoecos.com.ar\/index.php\/en-el-humor-politico-de-clarin-alejandro-borensztein-tambien-ironiza-sobre-zurro\/","og_locale":"es_ES","og_type":"article","og_title":"En el humor pol\u00edtico de Clar\u00edn, Alejandro Borensztein tambi\u00e9n ironiza sobre Zurro - Infoecos","og_description":"A prop\u00f3sito: \u00bfser\u00e1 por eso que Manuelita viv\u00eda en Pehuaj\u00f3?","og_url":"https:\/\/infoecos.com.ar\/index.php\/en-el-humor-politico-de-clarin-alejandro-borensztein-tambien-ironiza-sobre-zurro\/","og_site_name":"Infoecos","article_publisher":"https:\/\/www.facebook.com\/profile.php?id=100063200290284","article_published_time":"2023-05-08T04:51:51+00:00","article_modified_time":"2023-05-09T04:16:04+00:00","og_image":[{"width":1256,"height":620,"url":"https:\/\/infoecos.com.ar\/wp-content\/uploads\/2023\/05\/image-37.png","type":"image\/png"}],"author":"Jorge Matheus","twitter_card":"summary_large_image","twitter_creator":"@infoecos","twitter_site":"@infoecos","twitter_misc":{"Escrito por":"Jorge Matheus","Tiempo de lectura":"3 minutos"},"schema":{"@context":"https:\/\/schema.org","@graph":[{"@type":"Article","@id":"https:\/\/infoecos.com.ar\/index.php\/en-el-humor-politico-de-clarin-alejandro-borensztein-tambien-ironiza-sobre-zurro\/#article","isPartOf":{"@id":"https:\/\/infoecos.com.ar\/index.php\/en-el-humor-politico-de-clarin-alejandro-borensztein-tambien-ironiza-sobre-zurro\/"},"author":{"name":"Jorge Matheus","@id":"https:\/\/infoecos.com.ar\/#\/schema\/person\/8f5ace5ce73b4b4aac4b7245aee6f191"},"headline":"En el humor pol\u00edtico de Clar\u00edn, Alejandro Borensztein tambi\u00e9n ironiza sobre Zurro","datePublished":"2023-05-08T04:51:51+00:00","dateModified":"2023-05-09T04:16:04+00:00","mainEntityOfPage":{"@id":"https:\/\/infoecos.com.ar\/index.php\/en-el-humor-politico-de-clarin-alejandro-borensztein-tambien-ironiza-sobre-zurro\/"},"wordCount":522,"publisher":{"@id":"https:\/\/infoecos.com.ar\/#organization"},"image":{"@id":"https:\/\/infoecos.com.ar\/index.php\/en-el-humor-politico-de-clarin-alejandro-borensztein-tambien-ironiza-sobre-zurro\/#primaryimage"},"thumbnailUrl":"https:\/\/infoecos.com.ar\/wp-content\/uploads\/2023\/05\/image-37.png","keywords":["elecciones 2023"],"articleSection":["C2 N7"],"inLanguage":"es"},{"@type":"WebPage","@id":"https:\/\/infoecos.com.ar\/index.php\/en-el-humor-politico-de-clarin-alejandro-borensztein-tambien-ironiza-sobre-zurro\/","url":"https:\/\/infoecos.com.ar\/index.php\/en-el-humor-politico-de-clarin-alejandro-borensztein-tambien-ironiza-sobre-zurro\/","name":"En el humor pol\u00edtico de Clar\u00edn, Alejandro Borensztein tambi\u00e9n ironiza sobre Zurro - Infoecos","isPartOf":{"@id":"https:\/\/infoecos.com.ar\/#website"},"primaryImageOfPage":{"@id":"https:\/\/infoecos.com.ar\/index.php\/en-el-humor-politico-de-clarin-alejandro-borensztein-tambien-ironiza-sobre-zurro\/#primaryimage"},"image":{"@id":"https:\/\/infoecos.com.ar\/index.php\/en-el-humor-politico-de-clarin-alejandro-borensztein-tambien-ironiza-sobre-zurro\/#primaryimage"},"thumbnailUrl":"https:\/\/infoecos.com.ar\/wp-content\/uploads\/2023\/05\/image-37.png","datePublished":"2023-05-08T04:51:51+00:00","dateModified":"2023-05-09T04:16:04+00:00","breadcrumb":{"@id":"https:\/\/infoecos.com.ar\/index.php\/en-el-humor-politico-de-clarin-alejandro-borensztein-tambien-ironiza-sobre-zurro\/#breadcrumb"},"inLanguage":"es","potentialAction":[{"@type":"ReadAction","target":["https:\/\/infoecos.com.ar\/index.php\/en-el-humor-politico-de-clarin-alejandro-borensztein-tambien-ironiza-sobre-zurro\/"]}]},{"@type":"ImageObject","inLanguage":"es","@id":"https:\/\/infoecos.com.ar\/index.php\/en-el-humor-politico-de-clarin-alejandro-borensztein-tambien-ironiza-sobre-zurro\/#primaryimage","url":"https:\/\/infoecos.com.ar\/wp-content\/uploads\/2023\/05\/image-37.png","contentUrl":"https:\/\/infoecos.com.ar\/wp-content\/uploads\/2023\/05\/image-37.png","width":1256,"height":620},{"@type":"BreadcrumbList","@id":"https:\/\/infoecos.com.ar\/index.php\/en-el-humor-politico-de-clarin-alejandro-borensztein-tambien-ironiza-sobre-zurro\/#breadcrumb","itemListElement":[{"@type":"ListItem","position":1,"name":"Portada","item":"https:\/\/infoecos.com.ar\/"},{"@type":"ListItem","position":2,"name":"En el humor pol\u00edtico de Clar\u00edn, Alejandro Borensztein tambi\u00e9n ironiza sobre Zurro"}]},{"@type":"WebSite","@id":"https:\/\/infoecos.com.ar\/#website","url":"https:\/\/infoecos.com.ar\/","name":"Infoecos","description":"Noticias de trenque lauquen y la zona","publisher":{"@id":"https:\/\/infoecos.com.ar\/#organization"},"alternateName":"Noticias","potentialAction":[{"@type":"SearchAction","target":{"@type":"EntryPoint","urlTemplate":"https:\/\/infoecos.com.ar\/?s={search_term_string}"},"query-input":{"@type":"PropertyValueSpecification","valueRequired":true,"valueName":"search_term_string"}}],"inLanguage":"es"},{"@type":"Organization","@id":"https:\/\/infoecos.com.ar\/#organization","name":"Infoecos","alternateName":"Noticias","url":"https:\/\/infoecos.com.ar\/","logo":{"@type":"ImageObject","inLanguage":"es","@id":"https:\/\/infoecos.com.ar\/#\/schema\/logo\/image\/","url":"https:\/\/infoecos.com.ar\/wp-content\/uploads\/2024\/03\/cropped-logo.png","contentUrl":"https:\/\/infoecos.com.ar\/wp-content\/uploads\/2024\/03\/cropped-logo.png","width":374,"height":90,"caption":"Infoecos"},"image":{"@id":"https:\/\/infoecos.com.ar\/#\/schema\/logo\/image\/"},"sameAs":["https:\/\/www.facebook.com\/profile.php?id=100063200290284","https:\/\/x.com\/infoecos"]},{"@type":"Person","@id":"https:\/\/infoecos.com.ar\/#\/schema\/person\/8f5ace5ce73b4b4aac4b7245aee6f191","name":"Jorge Matheus","url":"https:\/\/infoecos.com.ar\/index.php\/author\/jomatheus\/"}]}},"featured_image_urls":{"full":["https:\/\/infoecos.com.ar\/wp-content\/uploads\/2023\/05\/image-37.png",1256,620,false],"thumbnail":["https:\/\/infoecos.com.ar\/wp-content\/uploads\/2023\/05\/image-37-300x150.png",300,150,true],"medium":["https:\/\/infoecos.com.ar\/wp-content\/uploads\/2023\/05\/image-37-800x395.png",800,395,true],"medium_large":["https:\/\/infoecos.com.ar\/wp-content\/uploads\/2023\/05\/image-37-768x379.png",640,316,true],"large":["https:\/\/infoecos.com.ar\/wp-content\/uploads\/2023\/05\/image-37.png",640,316,false],"1536x1536":["https:\/\/infoecos.com.ar\/wp-content\/uploads\/2023\/05\/image-37.png",1256,620,false],"2048x2048":["https:\/\/infoecos.com.ar\/wp-content\/uploads\/2023\/05\/image-37.png",1256,620,false],"covernews-slider-full":["https:\/\/infoecos.com.ar\/wp-content\/uploads\/2023\/05\/image-37.png",1115,550,false],"covernews-slider-center":["https:\/\/infoecos.com.ar\/wp-content\/uploads\/2023\/05\/image-37-936x620.png",755,500,true],"covernews-featured":["https:\/\/infoecos.com.ar\/wp-content\/uploads\/2023\/05\/image-37-1024x505.png",1024,505,true],"covernews-medium":["https:\/\/infoecos.com.ar\/wp-content\/uploads\/2023\/05\/image-37-720x380.png",540,285,true],"covernews-medium-square":["https:\/\/infoecos.com.ar\/wp-content\/uploads\/2023\/05\/image-37-675x450.png",375,250,true]},"author_info":{"info":["Jorge Matheus"]},"category_info":"<a href=\"https:\/\/infoecos.com.ar\/index.php\/category\/c2nota7\/\" rel=\"category tag\">C2 N7<\/a>","tag_info":"C2 N7","comment_count":"0","_links":{"self":[{"href":"https:\/\/infoecos.com.ar\/index.php\/wp-json\/wp\/v2\/posts\/104696"}],"collection":[{"href":"https:\/\/infoecos.com.ar\/index.php\/wp-json\/wp\/v2\/posts"}],"about":[{"href":"https:\/\/infoecos.com.ar\/index.php\/wp-json\/wp\/v2\/types\/post"}],"author":[{"embeddable":true,"href":"https:\/\/infoecos.com.ar\/index.php\/wp-json\/wp\/v2\/users\/2"}],"replies":[{"embeddable":true,"href":"https:\/\/infoecos.com.ar\/index.php\/wp-json\/wp\/v2\/comments?post=104696"}],"version-history":[{"count":2,"href":"https:\/\/infoecos.com.ar\/index.php\/wp-json\/wp\/v2\/posts\/104696\/revisions"}],"predecessor-version":[{"id":104775,"href":"https:\/\/infoecos.com.ar\/index.php\/wp-json\/wp\/v2\/posts\/104696\/revisions\/104775"}],"wp:featuredmedia":[{"embeddable":true,"href":"https:\/\/infoecos.com.ar\/index.php\/wp-json\/wp\/v2\/media\/104697"}],"wp:attachment":[{"href":"https:\/\/infoecos.com.ar\/index.php\/wp-json\/wp\/v2\/media?parent=104696"}],"wp:term":[{"taxonomy":"category","embeddable":true,"href":"https:\/\/infoecos.com.ar\/index.php\/wp-json\/wp\/v2\/categories?post=104696"},{"taxonomy":"post_tag","embeddable":true,"href":"https:\/\/infoecos.com.ar\/index.php\/wp-json\/wp\/v2\/tags?post=104696"}],"curies":[{"name":"wp","href":"https:\/\/api.w.org\/{rel}","templated":true}]}}