{"id":104702,"date":"2023-05-08T02:09:55","date_gmt":"2023-05-08T05:09:55","guid":{"rendered":"https:\/\/infoecos.com.ar\/?p=104702"},"modified":"2023-05-09T01:09:52","modified_gmt":"2023-05-09T04:09:52","slug":"el-sabado-se-relanzo-la-feria-ecofines-con-la-version-completisima-en-trenque-lauquen","status":"publish","type":"post","link":"https:\/\/infoecos.com.ar\/index.php\/el-sabado-se-relanzo-la-feria-ecofines-con-la-version-completisima-en-trenque-lauquen\/","title":{"rendered":"El s\u00e1bado se relanz\u00f3 la Feria Ecofines, con la versi\u00f3n Complet\u00edsima, en Trenque Lauquen"},"content":{"rendered":"\n<p>El s\u00e1bado tuvo el relanzamiento de la Feria Ecofines, con la versi\u00f3n Complet\u00edsima, que se repetir\u00e1 el segundo s\u00e1bado de cada mes en el Play\u00f3n de la Estaci\u00f3n y de 10 a 14.<\/p>\n\n\n\n<figure class=\"wp-block-image aligncenter size-full is-resized\"><img loading=\"lazy\" decoding=\"async\" src=\"https:\/\/infoecos.com.ar\/wp-content\/uploads\/2023\/05\/10.jpg\" alt=\"\" class=\"wp-image-104703\" width=\"497\" height=\"381\" srcset=\"https:\/\/infoecos.com.ar\/wp-content\/uploads\/2023\/05\/10.jpg 886w, https:\/\/infoecos.com.ar\/wp-content\/uploads\/2023\/05\/10-800x615.jpg 800w, https:\/\/infoecos.com.ar\/wp-content\/uploads\/2023\/05\/10-768x590.jpg 768w\" sizes=\"(max-width: 497px) 100vw, 497px\" \/><figcaption class=\"wp-element-caption\">Ecofines <\/figcaption><\/figure>\n\n\n\n<p>Qu\u00e9 tiene la Ecofines Complet\u00edsima de diferente: m\u00fasica en vivo -esta vez actuaron Orlando Moro, Anah\u00ed Mansilla y Japo Gonz\u00e1lez-, una radio abierta,&nbsp;actividades itinerantes, Puestos de Gastronom\u00eda, Ecocanje y el programa Viv\u00ed Trenque en Bici, adem\u00e1s, la acostumbrada oferta que tienen emprendedores y artesanos.<\/p>\n\n\n\n<figure class=\"wp-block-image aligncenter size-full is-resized\"><img loading=\"lazy\" decoding=\"async\" src=\"https:\/\/infoecos.com.ar\/wp-content\/uploads\/2023\/05\/13.jpg\" alt=\"\" class=\"wp-image-104704\" width=\"514\" height=\"343\" srcset=\"https:\/\/infoecos.com.ar\/wp-content\/uploads\/2023\/05\/13.jpg 886w, https:\/\/infoecos.com.ar\/wp-content\/uploads\/2023\/05\/13-800x534.jpg 800w, https:\/\/infoecos.com.ar\/wp-content\/uploads\/2023\/05\/13-768x512.jpg 768w, https:\/\/infoecos.com.ar\/wp-content\/uploads\/2023\/05\/13-675x450.jpg 675w\" sizes=\"(max-width: 514px) 100vw, 514px\" \/><figcaption class=\"wp-element-caption\">Ecofines <\/figcaption><\/figure>\n\n\n\n<p>La propuesta sigue siendo llevada adelante por productores agroecol\u00f3gicos con el apoyo del INTA y de la subsecretar\u00eda de Desarrollo Econ\u00f3mico y Productivo del Municipio, y busca robustecerse con la reincorporaci\u00f3n de emprendedores y artesanos que estuvieron participando de la Feria en distintos momentos y que tienen intenciones de retomar la actividad.<\/p>\n\n\n\n<figure class=\"wp-block-image aligncenter size-full is-resized\"><img loading=\"lazy\" decoding=\"async\" src=\"https:\/\/infoecos.com.ar\/wp-content\/uploads\/2023\/05\/2-1.jpg\" alt=\"\" class=\"wp-image-104705\" width=\"509\" height=\"339\" srcset=\"https:\/\/infoecos.com.ar\/wp-content\/uploads\/2023\/05\/2-1.jpg 886w, https:\/\/infoecos.com.ar\/wp-content\/uploads\/2023\/05\/2-1-800x534.jpg 800w, https:\/\/infoecos.com.ar\/wp-content\/uploads\/2023\/05\/2-1-768x512.jpg 768w, https:\/\/infoecos.com.ar\/wp-content\/uploads\/2023\/05\/2-1-675x450.jpg 675w\" sizes=\"(max-width: 509px) 100vw, 509px\" \/><figcaption class=\"wp-element-caption\">Ecofines <\/figcaption><\/figure>\n\n\n\n<p>El resto de los s\u00e1bados de cada mes, seguir\u00e1 la Ecofines tradicional, tambi\u00e9n en el Play\u00f3n de la Estaci\u00f3n, pero de 9 a 13.<\/p>\n","protected":false},"excerpt":{"rendered":"<p>M\u00fasica en vivo, una radio abierta,\u00a0actividades itinerantes, Puestos de Gastronom\u00eda, Ecocanje y el programa Viv\u00ed Trenque en Bici, adem\u00e1s, la acostumbrada oferta que tienen emprendedores y artesanos<\/p>\n","protected":false},"author":2,"featured_media":104704,"comment_status":"closed","ping_status":"open","sticky":false,"template":"","format":"standard","meta":{"footnotes":""},"categories":[49],"tags":[3618],"class_list":["post-104702","post","type-post","status-publish","format-standard","has-post-thumbnail","hentry","category-c3nota3","tag-en-el-playon-de-la-estacion"],"yoast_head":"<!-- This site is optimized with the Yoast SEO plugin v23.4 - https:\/\/yoast.com\/wordpress\/plugins\/seo\/ -->\n<title>El s\u00e1bado se relanz\u00f3 la Feria Ecofines, con la versi\u00f3n Complet\u00edsima, en Trenque Lauquen - Infoecos<\/title>\n<meta name=\"robots\" content=\"index, follow, max-snippet:-1, max-image-preview:large, max-video-preview:-1\" \/>\n<link rel=\"canonical\" href=\"https:\/\/infoecos.com.ar\/index.php\/el-sabado-se-relanzo-la-feria-ecofines-con-la-version-completisima-en-trenque-lauquen\/\" \/>\n<meta property=\"og:locale\" content=\"es_ES\" \/>\n<meta property=\"og:type\" content=\"article\" \/>\n<meta property=\"og:title\" content=\"El s\u00e1bado se relanz\u00f3 la Feria Ecofines, con la versi\u00f3n Complet\u00edsima, en Trenque Lauquen - Infoecos\" \/>\n<meta property=\"og:description\" content=\"M\u00fasica en vivo, una radio abierta,\u00a0actividades itinerantes, Puestos de Gastronom\u00eda, Ecocanje y el programa Viv\u00ed Trenque en Bici, adem\u00e1s, la acostumbrada oferta que tienen emprendedores y artesanos\" \/>\n<meta property=\"og:url\" content=\"https:\/\/infoecos.com.ar\/index.php\/el-sabado-se-relanzo-la-feria-ecofines-con-la-version-completisima-en-trenque-lauquen\/\" \/>\n<meta property=\"og:site_name\" content=\"Infoecos\" \/>\n<meta property=\"article:publisher\" content=\"https:\/\/www.facebook.com\/profile.php?id=100063200290284\" \/>\n<meta property=\"article:published_time\" content=\"2023-05-08T05:09:55+00:00\" \/>\n<meta property=\"article:modified_time\" content=\"2023-05-09T04:09:52+00:00\" \/>\n<meta property=\"og:image\" content=\"https:\/\/infoecos.com.ar\/wp-content\/uploads\/2023\/05\/13.jpg\" \/>\n\t<meta property=\"og:image:width\" content=\"886\" \/>\n\t<meta property=\"og:image:height\" content=\"591\" \/>\n\t<meta property=\"og:image:type\" content=\"image\/jpeg\" \/>\n<meta name=\"author\" content=\"Jorge Matheus\" \/>\n<meta name=\"twitter:card\" content=\"summary_large_image\" \/>\n<meta name=\"twitter:creator\" content=\"@infoecos\" \/>\n<meta name=\"twitter:site\" content=\"@infoecos\" \/>\n<meta name=\"twitter:label1\" content=\"Escrito por\" \/>\n\t<meta name=\"twitter:data1\" content=\"Jorge Matheus\" \/>\n\t<meta name=\"twitter:label2\" content=\"Tiempo de lectura\" \/>\n\t<meta name=\"twitter:data2\" content=\"2 minutos\" \/>\n<script type=\"application\/ld+json\" class=\"yoast-schema-graph\">{\"@context\":\"https:\/\/schema.org\",\"@graph\":[{\"@type\":\"Article\",\"@id\":\"https:\/\/infoecos.com.ar\/index.php\/el-sabado-se-relanzo-la-feria-ecofines-con-la-version-completisima-en-trenque-lauquen\/#article\",\"isPartOf\":{\"@id\":\"https:\/\/infoecos.com.ar\/index.php\/el-sabado-se-relanzo-la-feria-ecofines-con-la-version-completisima-en-trenque-lauquen\/\"},\"author\":{\"name\":\"Jorge Matheus\",\"@id\":\"https:\/\/infoecos.com.ar\/#\/schema\/person\/8f5ace5ce73b4b4aac4b7245aee6f191\"},\"headline\":\"El s\u00e1bado se relanz\u00f3 la Feria Ecofines, con la versi\u00f3n Complet\u00edsima, en Trenque Lauquen\",\"datePublished\":\"2023-05-08T05:09:55+00:00\",\"dateModified\":\"2023-05-09T04:09:52+00:00\",\"mainEntityOfPage\":{\"@id\":\"https:\/\/infoecos.com.ar\/index.php\/el-sabado-se-relanzo-la-feria-ecofines-con-la-version-completisima-en-trenque-lauquen\/\"},\"wordCount\":190,\"publisher\":{\"@id\":\"https:\/\/infoecos.com.ar\/#organization\"},\"image\":{\"@id\":\"https:\/\/infoecos.com.ar\/index.php\/el-sabado-se-relanzo-la-feria-ecofines-con-la-version-completisima-en-trenque-lauquen\/#primaryimage\"},\"thumbnailUrl\":\"https:\/\/infoecos.com.ar\/wp-content\/uploads\/2023\/05\/13.jpg\",\"keywords\":[\"EN EL PLAY\u00d3N DE LA ESTACI\u00d3N\"],\"articleSection\":[\"C3 N3\"],\"inLanguage\":\"es\"},{\"@type\":\"WebPage\",\"@id\":\"https:\/\/infoecos.com.ar\/index.php\/el-sabado-se-relanzo-la-feria-ecofines-con-la-version-completisima-en-trenque-lauquen\/\",\"url\":\"https:\/\/infoecos.com.ar\/index.php\/el-sabado-se-relanzo-la-feria-ecofines-con-la-version-completisima-en-trenque-lauquen\/\",\"name\":\"El s\u00e1bado se relanz\u00f3 la Feria Ecofines, con la versi\u00f3n Complet\u00edsima, en Trenque Lauquen - Infoecos\",\"isPartOf\":{\"@id\":\"https:\/\/infoecos.com.ar\/#website\"},\"primaryImageOfPage\":{\"@id\":\"https:\/\/infoecos.com.ar\/index.php\/el-sabado-se-relanzo-la-feria-ecofines-con-la-version-completisima-en-trenque-lauquen\/#primaryimage\"},\"image\":{\"@id\":\"https:\/\/infoecos.com.ar\/index.php\/el-sabado-se-relanzo-la-feria-ecofines-con-la-version-completisima-en-trenque-lauquen\/#primaryimage\"},\"thumbnailUrl\":\"https:\/\/infoecos.com.ar\/wp-content\/uploads\/2023\/05\/13.jpg\",\"datePublished\":\"2023-05-08T05:09:55+00:00\",\"dateModified\":\"2023-05-09T04:09:52+00:00\",\"breadcrumb\":{\"@id\":\"https:\/\/infoecos.com.ar\/index.php\/el-sabado-se-relanzo-la-feria-ecofines-con-la-version-completisima-en-trenque-lauquen\/#breadcrumb\"},\"inLanguage\":\"es\",\"potentialAction\":[{\"@type\":\"ReadAction\",\"target\":[\"https:\/\/infoecos.com.ar\/index.php\/el-sabado-se-relanzo-la-feria-ecofines-con-la-version-completisima-en-trenque-lauquen\/\"]}]},{\"@type\":\"ImageObject\",\"inLanguage\":\"es\",\"@id\":\"https:\/\/infoecos.com.ar\/index.php\/el-sabado-se-relanzo-la-feria-ecofines-con-la-version-completisima-en-trenque-lauquen\/#primaryimage\",\"url\":\"https:\/\/infoecos.com.ar\/wp-content\/uploads\/2023\/05\/13.jpg\",\"contentUrl\":\"https:\/\/infoecos.com.ar\/wp-content\/uploads\/2023\/05\/13.jpg\",\"width\":886,\"height\":591},{\"@type\":\"BreadcrumbList\",\"@id\":\"https:\/\/infoecos.com.ar\/index.php\/el-sabado-se-relanzo-la-feria-ecofines-con-la-version-completisima-en-trenque-lauquen\/#breadcrumb\",\"itemListElement\":[{\"@type\":\"ListItem\",\"position\":1,\"name\":\"Portada\",\"item\":\"https:\/\/infoecos.com.ar\/\"},{\"@type\":\"ListItem\",\"position\":2,\"name\":\"El s\u00e1bado se relanz\u00f3 la Feria Ecofines, con la versi\u00f3n Complet\u00edsima, en Trenque Lauquen\"}]},{\"@type\":\"WebSite\",\"@id\":\"https:\/\/infoecos.com.ar\/#website\",\"url\":\"https:\/\/infoecos.com.ar\/\",\"name\":\"Infoecos\",\"description\":\"Noticias de trenque lauquen y la zona\",\"publisher\":{\"@id\":\"https:\/\/infoecos.com.ar\/#organization\"},\"alternateName\":\"Noticias\",\"potentialAction\":[{\"@type\":\"SearchAction\",\"target\":{\"@type\":\"EntryPoint\",\"urlTemplate\":\"https:\/\/infoecos.com.ar\/?s={search_term_string}\"},\"query-input\":{\"@type\":\"PropertyValueSpecification\",\"valueRequired\":true,\"valueName\":\"search_term_string\"}}],\"inLanguage\":\"es\"},{\"@type\":\"Organization\",\"@id\":\"https:\/\/infoecos.com.ar\/#organization\",\"name\":\"Infoecos\",\"alternateName\":\"Noticias\",\"url\":\"https:\/\/infoecos.com.ar\/\",\"logo\":{\"@type\":\"ImageObject\",\"inLanguage\":\"es\",\"@id\":\"https:\/\/infoecos.com.ar\/#\/schema\/logo\/image\/\",\"url\":\"https:\/\/infoecos.com.ar\/wp-content\/uploads\/2024\/03\/cropped-logo.png\",\"contentUrl\":\"https:\/\/infoecos.com.ar\/wp-content\/uploads\/2024\/03\/cropped-logo.png\",\"width\":374,\"height\":90,\"caption\":\"Infoecos\"},\"image\":{\"@id\":\"https:\/\/infoecos.com.ar\/#\/schema\/logo\/image\/\"},\"sameAs\":[\"https:\/\/www.facebook.com\/profile.php?id=100063200290284\",\"https:\/\/x.com\/infoecos\"]},{\"@type\":\"Person\",\"@id\":\"https:\/\/infoecos.com.ar\/#\/schema\/person\/8f5ace5ce73b4b4aac4b7245aee6f191\",\"name\":\"Jorge Matheus\",\"url\":\"https:\/\/infoecos.com.ar\/index.php\/author\/jomatheus\/\"}]}<\/script>\n<!-- \/ Yoast SEO plugin. -->","yoast_head_json":{"title":"El s\u00e1bado se relanz\u00f3 la Feria Ecofines, con la versi\u00f3n Complet\u00edsima, en Trenque Lauquen - Infoecos","robots":{"index":"index","follow":"follow","max-snippet":"max-snippet:-1","max-image-preview":"max-image-preview:large","max-video-preview":"max-video-preview:-1"},"canonical":"https:\/\/infoecos.com.ar\/index.php\/el-sabado-se-relanzo-la-feria-ecofines-con-la-version-completisima-en-trenque-lauquen\/","og_locale":"es_ES","og_type":"article","og_title":"El s\u00e1bado se relanz\u00f3 la Feria Ecofines, con la versi\u00f3n Complet\u00edsima, en Trenque Lauquen - Infoecos","og_description":"M\u00fasica en vivo, una radio abierta,\u00a0actividades itinerantes, Puestos de Gastronom\u00eda, Ecocanje y el programa Viv\u00ed Trenque en Bici, adem\u00e1s, la acostumbrada oferta que tienen emprendedores y artesanos","og_url":"https:\/\/infoecos.com.ar\/index.php\/el-sabado-se-relanzo-la-feria-ecofines-con-la-version-completisima-en-trenque-lauquen\/","og_site_name":"Infoecos","article_publisher":"https:\/\/www.facebook.com\/profile.php?id=100063200290284","article_published_time":"2023-05-08T05:09:55+00:00","article_modified_time":"2023-05-09T04:09:52+00:00","og_image":[{"width":886,"height":591,"url":"https:\/\/infoecos.com.ar\/wp-content\/uploads\/2023\/05\/13.jpg","type":"image\/jpeg"}],"author":"Jorge Matheus","twitter_card":"summary_large_image","twitter_creator":"@infoecos","twitter_site":"@infoecos","twitter_misc":{"Escrito por":"Jorge Matheus","Tiempo de lectura":"2 minutos"},"schema":{"@context":"https:\/\/schema.org","@graph":[{"@type":"Article","@id":"https:\/\/infoecos.com.ar\/index.php\/el-sabado-se-relanzo-la-feria-ecofines-con-la-version-completisima-en-trenque-lauquen\/#article","isPartOf":{"@id":"https:\/\/infoecos.com.ar\/index.php\/el-sabado-se-relanzo-la-feria-ecofines-con-la-version-completisima-en-trenque-lauquen\/"},"author":{"name":"Jorge Matheus","@id":"https:\/\/infoecos.com.ar\/#\/schema\/person\/8f5ace5ce73b4b4aac4b7245aee6f191"},"headline":"El s\u00e1bado se relanz\u00f3 la Feria Ecofines, con la versi\u00f3n Complet\u00edsima, en Trenque Lauquen","datePublished":"2023-05-08T05:09:55+00:00","dateModified":"2023-05-09T04:09:52+00:00","mainEntityOfPage":{"@id":"https:\/\/infoecos.com.ar\/index.php\/el-sabado-se-relanzo-la-feria-ecofines-con-la-version-completisima-en-trenque-lauquen\/"},"wordCount":190,"publisher":{"@id":"https:\/\/infoecos.com.ar\/#organization"},"image":{"@id":"https:\/\/infoecos.com.ar\/index.php\/el-sabado-se-relanzo-la-feria-ecofines-con-la-version-completisima-en-trenque-lauquen\/#primaryimage"},"thumbnailUrl":"https:\/\/infoecos.com.ar\/wp-content\/uploads\/2023\/05\/13.jpg","keywords":["EN EL PLAY\u00d3N DE LA ESTACI\u00d3N"],"articleSection":["C3 N3"],"inLanguage":"es"},{"@type":"WebPage","@id":"https:\/\/infoecos.com.ar\/index.php\/el-sabado-se-relanzo-la-feria-ecofines-con-la-version-completisima-en-trenque-lauquen\/","url":"https:\/\/infoecos.com.ar\/index.php\/el-sabado-se-relanzo-la-feria-ecofines-con-la-version-completisima-en-trenque-lauquen\/","name":"El s\u00e1bado se relanz\u00f3 la Feria Ecofines, con la versi\u00f3n Complet\u00edsima, en Trenque Lauquen - Infoecos","isPartOf":{"@id":"https:\/\/infoecos.com.ar\/#website"},"primaryImageOfPage":{"@id":"https:\/\/infoecos.com.ar\/index.php\/el-sabado-se-relanzo-la-feria-ecofines-con-la-version-completisima-en-trenque-lauquen\/#primaryimage"},"image":{"@id":"https:\/\/infoecos.com.ar\/index.php\/el-sabado-se-relanzo-la-feria-ecofines-con-la-version-completisima-en-trenque-lauquen\/#primaryimage"},"thumbnailUrl":"https:\/\/infoecos.com.ar\/wp-content\/uploads\/2023\/05\/13.jpg","datePublished":"2023-05-08T05:09:55+00:00","dateModified":"2023-05-09T04:09:52+00:00","breadcrumb":{"@id":"https:\/\/infoecos.com.ar\/index.php\/el-sabado-se-relanzo-la-feria-ecofines-con-la-version-completisima-en-trenque-lauquen\/#breadcrumb"},"inLanguage":"es","potentialAction":[{"@type":"ReadAction","target":["https:\/\/infoecos.com.ar\/index.php\/el-sabado-se-relanzo-la-feria-ecofines-con-la-version-completisima-en-trenque-lauquen\/"]}]},{"@type":"ImageObject","inLanguage":"es","@id":"https:\/\/infoecos.com.ar\/index.php\/el-sabado-se-relanzo-la-feria-ecofines-con-la-version-completisima-en-trenque-lauquen\/#primaryimage","url":"https:\/\/infoecos.com.ar\/wp-content\/uploads\/2023\/05\/13.jpg","contentUrl":"https:\/\/infoecos.com.ar\/wp-content\/uploads\/2023\/05\/13.jpg","width":886,"height":591},{"@type":"BreadcrumbList","@id":"https:\/\/infoecos.com.ar\/index.php\/el-sabado-se-relanzo-la-feria-ecofines-con-la-version-completisima-en-trenque-lauquen\/#breadcrumb","itemListElement":[{"@type":"ListItem","position":1,"name":"Portada","item":"https:\/\/infoecos.com.ar\/"},{"@type":"ListItem","position":2,"name":"El s\u00e1bado se relanz\u00f3 la Feria Ecofines, con la versi\u00f3n Complet\u00edsima, en Trenque Lauquen"}]},{"@type":"WebSite","@id":"https:\/\/infoecos.com.ar\/#website","url":"https:\/\/infoecos.com.ar\/","name":"Infoecos","description":"Noticias de trenque lauquen y la zona","publisher":{"@id":"https:\/\/infoecos.com.ar\/#organization"},"alternateName":"Noticias","potentialAction":[{"@type":"SearchAction","target":{"@type":"EntryPoint","urlTemplate":"https:\/\/infoecos.com.ar\/?s={search_term_string}"},"query-input":{"@type":"PropertyValueSpecification","valueRequired":true,"valueName":"search_term_string"}}],"inLanguage":"es"},{"@type":"Organization","@id":"https:\/\/infoecos.com.ar\/#organization","name":"Infoecos","alternateName":"Noticias","url":"https:\/\/infoecos.com.ar\/","logo":{"@type":"ImageObject","inLanguage":"es","@id":"https:\/\/infoecos.com.ar\/#\/schema\/logo\/image\/","url":"https:\/\/infoecos.com.ar\/wp-content\/uploads\/2024\/03\/cropped-logo.png","contentUrl":"https:\/\/infoecos.com.ar\/wp-content\/uploads\/2024\/03\/cropped-logo.png","width":374,"height":90,"caption":"Infoecos"},"image":{"@id":"https:\/\/infoecos.com.ar\/#\/schema\/logo\/image\/"},"sameAs":["https:\/\/www.facebook.com\/profile.php?id=100063200290284","https:\/\/x.com\/infoecos"]},{"@type":"Person","@id":"https:\/\/infoecos.com.ar\/#\/schema\/person\/8f5ace5ce73b4b4aac4b7245aee6f191","name":"Jorge Matheus","url":"https:\/\/infoecos.com.ar\/index.php\/author\/jomatheus\/"}]}},"featured_image_urls":{"full":["https:\/\/infoecos.com.ar\/wp-content\/uploads\/2023\/05\/13.jpg",886,591,false],"thumbnail":["https:\/\/infoecos.com.ar\/wp-content\/uploads\/2023\/05\/13-300x150.jpg",300,150,true],"medium":["https:\/\/infoecos.com.ar\/wp-content\/uploads\/2023\/05\/13-800x534.jpg",800,534,true],"medium_large":["https:\/\/infoecos.com.ar\/wp-content\/uploads\/2023\/05\/13-768x512.jpg",640,427,true],"large":["https:\/\/infoecos.com.ar\/wp-content\/uploads\/2023\/05\/13.jpg",640,427,false],"1536x1536":["https:\/\/infoecos.com.ar\/wp-content\/uploads\/2023\/05\/13.jpg",886,591,false],"2048x2048":["https:\/\/infoecos.com.ar\/wp-content\/uploads\/2023\/05\/13.jpg",886,591,false],"covernews-slider-full":["https:\/\/infoecos.com.ar\/wp-content\/uploads\/2023\/05\/13.jpg",886,591,false],"covernews-slider-center":["https:\/\/infoecos.com.ar\/wp-content\/uploads\/2023\/05\/13.jpg",750,500,false],"covernews-featured":["https:\/\/infoecos.com.ar\/wp-content\/uploads\/2023\/05\/13.jpg",886,591,false],"covernews-medium":["https:\/\/infoecos.com.ar\/wp-content\/uploads\/2023\/05\/13-720x380.jpg",540,285,true],"covernews-medium-square":["https:\/\/infoecos.com.ar\/wp-content\/uploads\/2023\/05\/13-675x450.jpg",375,250,true]},"author_info":{"info":["Jorge Matheus"]},"category_info":"<a href=\"https:\/\/infoecos.com.ar\/index.php\/category\/c3nota3\/\" rel=\"category tag\">C3 N3<\/a>","tag_info":"C3 N3","comment_count":"0","_links":{"self":[{"href":"https:\/\/infoecos.com.ar\/index.php\/wp-json\/wp\/v2\/posts\/104702"}],"collection":[{"href":"https:\/\/infoecos.com.ar\/index.php\/wp-json\/wp\/v2\/posts"}],"about":[{"href":"https:\/\/infoecos.com.ar\/index.php\/wp-json\/wp\/v2\/types\/post"}],"author":[{"embeddable":true,"href":"https:\/\/infoecos.com.ar\/index.php\/wp-json\/wp\/v2\/users\/2"}],"replies":[{"embeddable":true,"href":"https:\/\/infoecos.com.ar\/index.php\/wp-json\/wp\/v2\/comments?post=104702"}],"version-history":[{"count":2,"href":"https:\/\/infoecos.com.ar\/index.php\/wp-json\/wp\/v2\/posts\/104702\/revisions"}],"predecessor-version":[{"id":104771,"href":"https:\/\/infoecos.com.ar\/index.php\/wp-json\/wp\/v2\/posts\/104702\/revisions\/104771"}],"wp:featuredmedia":[{"embeddable":true,"href":"https:\/\/infoecos.com.ar\/index.php\/wp-json\/wp\/v2\/media\/104704"}],"wp:attachment":[{"href":"https:\/\/infoecos.com.ar\/index.php\/wp-json\/wp\/v2\/media?parent=104702"}],"wp:term":[{"taxonomy":"category","embeddable":true,"href":"https:\/\/infoecos.com.ar\/index.php\/wp-json\/wp\/v2\/categories?post=104702"},{"taxonomy":"post_tag","embeddable":true,"href":"https:\/\/infoecos.com.ar\/index.php\/wp-json\/wp\/v2\/tags?post=104702"}],"curies":[{"name":"wp","href":"https:\/\/api.w.org\/{rel}","templated":true}]}}