{"id":104711,"date":"2023-05-08T02:33:17","date_gmt":"2023-05-08T05:33:17","guid":{"rendered":"https:\/\/infoecos.com.ar\/?p=104711"},"modified":"2023-05-09T01:13:24","modified_gmt":"2023-05-09T04:13:24","slug":"una-bonaerense-de-lomas-de-zamora-detenida-en-el-puesto-caminero-de-catrilo","status":"publish","type":"post","link":"https:\/\/infoecos.com.ar\/index.php\/una-bonaerense-de-lomas-de-zamora-detenida-en-el-puesto-caminero-de-catrilo\/","title":{"rendered":"Una bonaerense de Lomas de Zamora detenida en el puesto caminero de Catril\u00f3"},"content":{"rendered":"\n<p>Personal policial detuvo a una mujer (29 a\u00f1os) en el puesto caminero de Catril\u00f3 que viajaba en un colectivo con una mochila con diez armas de fuego, municiones y cargadores. La detenida es bonaerense y se dirig\u00eda hacia el sur del pa\u00eds. Adem\u00e1s, en el mismo operativo, seg\u00fan informaron fuentes judiciales, se le incautaron 2 kilos de coca\u00edna a un pasajero.<\/p>\n\n\n\n<figure class=\"wp-block-image aligncenter size-full is-resized\"><img loading=\"lazy\" decoding=\"async\" src=\"https:\/\/infoecos.com.ar\/wp-content\/uploads\/2023\/05\/image-39.png\" alt=\"\" class=\"wp-image-104712\" width=\"457\" height=\"258\" srcset=\"https:\/\/infoecos.com.ar\/wp-content\/uploads\/2023\/05\/image-39.png 1121w, https:\/\/infoecos.com.ar\/wp-content\/uploads\/2023\/05\/image-39-800x452.png 800w, https:\/\/infoecos.com.ar\/wp-content\/uploads\/2023\/05\/image-39-768x434.png 768w, https:\/\/infoecos.com.ar\/wp-content\/uploads\/2023\/05\/image-39-1024x578.png 1024w\" sizes=\"(max-width: 457px) 100vw, 457px\" \/><figcaption class=\"wp-element-caption\">Foto y texto: laarena.com.ar <\/figcaption><\/figure>\n\n\n\n<p>Fuentes oficiales indicaron a LA ARENA que en los primeros minutos de ayer, efectivos de la caminera ubicada sobre la ruta nacional 5 llevaron adelante un operativo junto a personal del Area de Coordinaci\u00f3n Operativa de Lucha Contra el Narcotr\u00e1fico (Acoln). En un momento interceptaron el ingreso de un micro de larga distancia, que viajaba de Retiro (Buenos Aires) hacia Neuqu\u00e9n.<\/p>\n\n\n\n<p>Se realiz\u00f3 la inspecci\u00f3n con el esc\u00e1ner de la Polic\u00eda en los equipajes que transportaba el colectivo. En uno de ellos se detect\u00f3 una mochila con varias pistolas, que pertenec\u00eda a una pasajera domiciliada en Lomas de Zamora, que no pudo justificar la propiedad de las armas. \u00abNo contaba con la documentaci\u00f3n legal respaldatoria\u00bb, se\u00f1al\u00f3 el vocero oficial.<\/p>\n\n\n\n<p>Enseguida se le dio intervenci\u00f3n al Ministerio P\u00fablico Fiscal de Santa Rosa que dispuso la detenci\u00f3n de la mujer, que horas despu\u00e9s fue trasladada a una dependencia de la capital provincial. En la mochila hab\u00eda diez pistolas de calibre 9 mm y 38 mm, adem\u00e1s de municiones y cargadores. Todos estos elementos fueron secuestrados. Se iniciaron actuaciones judiciales y en el procedimiento colabor\u00f3 personal de la comisar\u00eda departamental de Catril\u00f3. El \u00f3mnibus estuvo demorado alrededor de ocho horas hasta que pudo seguir viaje.<\/p>\n\n\n\n<p>Finalmente, fuentes judiciales confirmaron que en el mismo operativo se detuvo a un hombre de nacionalidad paraguaya con DNI argentino que transportaba casi 2 kilos de coca\u00edna. La droga fue secuestrada y el sospechoso ser\u00e1 indagado hoy por el Juzgado Federal de Santa Rosa.<\/p>\n","protected":false},"excerpt":{"rendered":"<p>El micro de larga distancia, viajaba de Retiro (Buenos Aires) hacia Neuqu\u00e9n.<\/p>\n","protected":false},"author":2,"featured_media":104712,"comment_status":"closed","ping_status":"open","sticky":false,"template":"","format":"standard","meta":{"footnotes":""},"categories":[1326],"tags":[7873],"class_list":["post-104711","post","type-post","status-publish","format-standard","has-post-thumbnail","hentry","category-c2nota6","tag-llevaba-diez-armas-y-droga"],"yoast_head":"<!-- This site is optimized with the Yoast SEO plugin v23.4 - https:\/\/yoast.com\/wordpress\/plugins\/seo\/ -->\n<title>Una bonaerense de Lomas de Zamora detenida en el puesto caminero de Catril\u00f3 - Infoecos<\/title>\n<meta name=\"robots\" content=\"index, follow, max-snippet:-1, max-image-preview:large, max-video-preview:-1\" \/>\n<link rel=\"canonical\" href=\"https:\/\/infoecos.com.ar\/index.php\/una-bonaerense-de-lomas-de-zamora-detenida-en-el-puesto-caminero-de-catrilo\/\" \/>\n<meta property=\"og:locale\" content=\"es_ES\" \/>\n<meta property=\"og:type\" content=\"article\" \/>\n<meta property=\"og:title\" content=\"Una bonaerense de Lomas de Zamora detenida en el puesto caminero de Catril\u00f3 - Infoecos\" \/>\n<meta property=\"og:description\" content=\"El micro de larga distancia, viajaba de Retiro (Buenos Aires) hacia Neuqu\u00e9n.\" \/>\n<meta property=\"og:url\" content=\"https:\/\/infoecos.com.ar\/index.php\/una-bonaerense-de-lomas-de-zamora-detenida-en-el-puesto-caminero-de-catrilo\/\" \/>\n<meta property=\"og:site_name\" content=\"Infoecos\" \/>\n<meta property=\"article:publisher\" content=\"https:\/\/www.facebook.com\/profile.php?id=100063200290284\" \/>\n<meta property=\"article:published_time\" content=\"2023-05-08T05:33:17+00:00\" \/>\n<meta property=\"article:modified_time\" content=\"2023-05-09T04:13:24+00:00\" \/>\n<meta property=\"og:image\" content=\"https:\/\/infoecos.com.ar\/wp-content\/uploads\/2023\/05\/image-39.png\" \/>\n\t<meta property=\"og:image:width\" content=\"1121\" \/>\n\t<meta property=\"og:image:height\" content=\"633\" \/>\n\t<meta property=\"og:image:type\" content=\"image\/png\" \/>\n<meta name=\"author\" content=\"Jorge Matheus\" \/>\n<meta name=\"twitter:card\" content=\"summary_large_image\" \/>\n<meta name=\"twitter:creator\" content=\"@infoecos\" \/>\n<meta name=\"twitter:site\" content=\"@infoecos\" \/>\n<meta name=\"twitter:label1\" content=\"Escrito por\" \/>\n\t<meta name=\"twitter:data1\" content=\"Jorge Matheus\" \/>\n\t<meta name=\"twitter:label2\" content=\"Tiempo de lectura\" \/>\n\t<meta name=\"twitter:data2\" content=\"2 minutos\" \/>\n<script type=\"application\/ld+json\" class=\"yoast-schema-graph\">{\"@context\":\"https:\/\/schema.org\",\"@graph\":[{\"@type\":\"Article\",\"@id\":\"https:\/\/infoecos.com.ar\/index.php\/una-bonaerense-de-lomas-de-zamora-detenida-en-el-puesto-caminero-de-catrilo\/#article\",\"isPartOf\":{\"@id\":\"https:\/\/infoecos.com.ar\/index.php\/una-bonaerense-de-lomas-de-zamora-detenida-en-el-puesto-caminero-de-catrilo\/\"},\"author\":{\"name\":\"Jorge Matheus\",\"@id\":\"https:\/\/infoecos.com.ar\/#\/schema\/person\/8f5ace5ce73b4b4aac4b7245aee6f191\"},\"headline\":\"Una bonaerense de Lomas de Zamora detenida en el puesto caminero de Catril\u00f3\",\"datePublished\":\"2023-05-08T05:33:17+00:00\",\"dateModified\":\"2023-05-09T04:13:24+00:00\",\"mainEntityOfPage\":{\"@id\":\"https:\/\/infoecos.com.ar\/index.php\/una-bonaerense-de-lomas-de-zamora-detenida-en-el-puesto-caminero-de-catrilo\/\"},\"wordCount\":343,\"publisher\":{\"@id\":\"https:\/\/infoecos.com.ar\/#organization\"},\"image\":{\"@id\":\"https:\/\/infoecos.com.ar\/index.php\/una-bonaerense-de-lomas-de-zamora-detenida-en-el-puesto-caminero-de-catrilo\/#primaryimage\"},\"thumbnailUrl\":\"https:\/\/infoecos.com.ar\/wp-content\/uploads\/2023\/05\/image-39.png\",\"keywords\":[\"LLEVABA DIEZ ARMAS Y DROGA\"],\"articleSection\":[\"C2 N6\"],\"inLanguage\":\"es\"},{\"@type\":\"WebPage\",\"@id\":\"https:\/\/infoecos.com.ar\/index.php\/una-bonaerense-de-lomas-de-zamora-detenida-en-el-puesto-caminero-de-catrilo\/\",\"url\":\"https:\/\/infoecos.com.ar\/index.php\/una-bonaerense-de-lomas-de-zamora-detenida-en-el-puesto-caminero-de-catrilo\/\",\"name\":\"Una bonaerense de Lomas de Zamora detenida en el puesto caminero de Catril\u00f3 - Infoecos\",\"isPartOf\":{\"@id\":\"https:\/\/infoecos.com.ar\/#website\"},\"primaryImageOfPage\":{\"@id\":\"https:\/\/infoecos.com.ar\/index.php\/una-bonaerense-de-lomas-de-zamora-detenida-en-el-puesto-caminero-de-catrilo\/#primaryimage\"},\"image\":{\"@id\":\"https:\/\/infoecos.com.ar\/index.php\/una-bonaerense-de-lomas-de-zamora-detenida-en-el-puesto-caminero-de-catrilo\/#primaryimage\"},\"thumbnailUrl\":\"https:\/\/infoecos.com.ar\/wp-content\/uploads\/2023\/05\/image-39.png\",\"datePublished\":\"2023-05-08T05:33:17+00:00\",\"dateModified\":\"2023-05-09T04:13:24+00:00\",\"breadcrumb\":{\"@id\":\"https:\/\/infoecos.com.ar\/index.php\/una-bonaerense-de-lomas-de-zamora-detenida-en-el-puesto-caminero-de-catrilo\/#breadcrumb\"},\"inLanguage\":\"es\",\"potentialAction\":[{\"@type\":\"ReadAction\",\"target\":[\"https:\/\/infoecos.com.ar\/index.php\/una-bonaerense-de-lomas-de-zamora-detenida-en-el-puesto-caminero-de-catrilo\/\"]}]},{\"@type\":\"ImageObject\",\"inLanguage\":\"es\",\"@id\":\"https:\/\/infoecos.com.ar\/index.php\/una-bonaerense-de-lomas-de-zamora-detenida-en-el-puesto-caminero-de-catrilo\/#primaryimage\",\"url\":\"https:\/\/infoecos.com.ar\/wp-content\/uploads\/2023\/05\/image-39.png\",\"contentUrl\":\"https:\/\/infoecos.com.ar\/wp-content\/uploads\/2023\/05\/image-39.png\",\"width\":1121,\"height\":633},{\"@type\":\"BreadcrumbList\",\"@id\":\"https:\/\/infoecos.com.ar\/index.php\/una-bonaerense-de-lomas-de-zamora-detenida-en-el-puesto-caminero-de-catrilo\/#breadcrumb\",\"itemListElement\":[{\"@type\":\"ListItem\",\"position\":1,\"name\":\"Portada\",\"item\":\"https:\/\/infoecos.com.ar\/\"},{\"@type\":\"ListItem\",\"position\":2,\"name\":\"Una bonaerense de Lomas de Zamora detenida en el puesto caminero de Catril\u00f3\"}]},{\"@type\":\"WebSite\",\"@id\":\"https:\/\/infoecos.com.ar\/#website\",\"url\":\"https:\/\/infoecos.com.ar\/\",\"name\":\"Infoecos\",\"description\":\"Noticias de trenque lauquen y la zona\",\"publisher\":{\"@id\":\"https:\/\/infoecos.com.ar\/#organization\"},\"alternateName\":\"Noticias\",\"potentialAction\":[{\"@type\":\"SearchAction\",\"target\":{\"@type\":\"EntryPoint\",\"urlTemplate\":\"https:\/\/infoecos.com.ar\/?s={search_term_string}\"},\"query-input\":{\"@type\":\"PropertyValueSpecification\",\"valueRequired\":true,\"valueName\":\"search_term_string\"}}],\"inLanguage\":\"es\"},{\"@type\":\"Organization\",\"@id\":\"https:\/\/infoecos.com.ar\/#organization\",\"name\":\"Infoecos\",\"alternateName\":\"Noticias\",\"url\":\"https:\/\/infoecos.com.ar\/\",\"logo\":{\"@type\":\"ImageObject\",\"inLanguage\":\"es\",\"@id\":\"https:\/\/infoecos.com.ar\/#\/schema\/logo\/image\/\",\"url\":\"https:\/\/infoecos.com.ar\/wp-content\/uploads\/2024\/03\/cropped-logo.png\",\"contentUrl\":\"https:\/\/infoecos.com.ar\/wp-content\/uploads\/2024\/03\/cropped-logo.png\",\"width\":374,\"height\":90,\"caption\":\"Infoecos\"},\"image\":{\"@id\":\"https:\/\/infoecos.com.ar\/#\/schema\/logo\/image\/\"},\"sameAs\":[\"https:\/\/www.facebook.com\/profile.php?id=100063200290284\",\"https:\/\/x.com\/infoecos\"]},{\"@type\":\"Person\",\"@id\":\"https:\/\/infoecos.com.ar\/#\/schema\/person\/8f5ace5ce73b4b4aac4b7245aee6f191\",\"name\":\"Jorge Matheus\",\"url\":\"https:\/\/infoecos.com.ar\/index.php\/author\/jomatheus\/\"}]}<\/script>\n<!-- \/ Yoast SEO plugin. -->","yoast_head_json":{"title":"Una bonaerense de Lomas de Zamora detenida en el puesto caminero de Catril\u00f3 - Infoecos","robots":{"index":"index","follow":"follow","max-snippet":"max-snippet:-1","max-image-preview":"max-image-preview:large","max-video-preview":"max-video-preview:-1"},"canonical":"https:\/\/infoecos.com.ar\/index.php\/una-bonaerense-de-lomas-de-zamora-detenida-en-el-puesto-caminero-de-catrilo\/","og_locale":"es_ES","og_type":"article","og_title":"Una bonaerense de Lomas de Zamora detenida en el puesto caminero de Catril\u00f3 - Infoecos","og_description":"El micro de larga distancia, viajaba de Retiro (Buenos Aires) hacia Neuqu\u00e9n.","og_url":"https:\/\/infoecos.com.ar\/index.php\/una-bonaerense-de-lomas-de-zamora-detenida-en-el-puesto-caminero-de-catrilo\/","og_site_name":"Infoecos","article_publisher":"https:\/\/www.facebook.com\/profile.php?id=100063200290284","article_published_time":"2023-05-08T05:33:17+00:00","article_modified_time":"2023-05-09T04:13:24+00:00","og_image":[{"width":1121,"height":633,"url":"https:\/\/infoecos.com.ar\/wp-content\/uploads\/2023\/05\/image-39.png","type":"image\/png"}],"author":"Jorge Matheus","twitter_card":"summary_large_image","twitter_creator":"@infoecos","twitter_site":"@infoecos","twitter_misc":{"Escrito por":"Jorge Matheus","Tiempo de lectura":"2 minutos"},"schema":{"@context":"https:\/\/schema.org","@graph":[{"@type":"Article","@id":"https:\/\/infoecos.com.ar\/index.php\/una-bonaerense-de-lomas-de-zamora-detenida-en-el-puesto-caminero-de-catrilo\/#article","isPartOf":{"@id":"https:\/\/infoecos.com.ar\/index.php\/una-bonaerense-de-lomas-de-zamora-detenida-en-el-puesto-caminero-de-catrilo\/"},"author":{"name":"Jorge Matheus","@id":"https:\/\/infoecos.com.ar\/#\/schema\/person\/8f5ace5ce73b4b4aac4b7245aee6f191"},"headline":"Una bonaerense de Lomas de Zamora detenida en el puesto caminero de Catril\u00f3","datePublished":"2023-05-08T05:33:17+00:00","dateModified":"2023-05-09T04:13:24+00:00","mainEntityOfPage":{"@id":"https:\/\/infoecos.com.ar\/index.php\/una-bonaerense-de-lomas-de-zamora-detenida-en-el-puesto-caminero-de-catrilo\/"},"wordCount":343,"publisher":{"@id":"https:\/\/infoecos.com.ar\/#organization"},"image":{"@id":"https:\/\/infoecos.com.ar\/index.php\/una-bonaerense-de-lomas-de-zamora-detenida-en-el-puesto-caminero-de-catrilo\/#primaryimage"},"thumbnailUrl":"https:\/\/infoecos.com.ar\/wp-content\/uploads\/2023\/05\/image-39.png","keywords":["LLEVABA DIEZ ARMAS Y DROGA"],"articleSection":["C2 N6"],"inLanguage":"es"},{"@type":"WebPage","@id":"https:\/\/infoecos.com.ar\/index.php\/una-bonaerense-de-lomas-de-zamora-detenida-en-el-puesto-caminero-de-catrilo\/","url":"https:\/\/infoecos.com.ar\/index.php\/una-bonaerense-de-lomas-de-zamora-detenida-en-el-puesto-caminero-de-catrilo\/","name":"Una bonaerense de Lomas de Zamora detenida en el puesto caminero de Catril\u00f3 - Infoecos","isPartOf":{"@id":"https:\/\/infoecos.com.ar\/#website"},"primaryImageOfPage":{"@id":"https:\/\/infoecos.com.ar\/index.php\/una-bonaerense-de-lomas-de-zamora-detenida-en-el-puesto-caminero-de-catrilo\/#primaryimage"},"image":{"@id":"https:\/\/infoecos.com.ar\/index.php\/una-bonaerense-de-lomas-de-zamora-detenida-en-el-puesto-caminero-de-catrilo\/#primaryimage"},"thumbnailUrl":"https:\/\/infoecos.com.ar\/wp-content\/uploads\/2023\/05\/image-39.png","datePublished":"2023-05-08T05:33:17+00:00","dateModified":"2023-05-09T04:13:24+00:00","breadcrumb":{"@id":"https:\/\/infoecos.com.ar\/index.php\/una-bonaerense-de-lomas-de-zamora-detenida-en-el-puesto-caminero-de-catrilo\/#breadcrumb"},"inLanguage":"es","potentialAction":[{"@type":"ReadAction","target":["https:\/\/infoecos.com.ar\/index.php\/una-bonaerense-de-lomas-de-zamora-detenida-en-el-puesto-caminero-de-catrilo\/"]}]},{"@type":"ImageObject","inLanguage":"es","@id":"https:\/\/infoecos.com.ar\/index.php\/una-bonaerense-de-lomas-de-zamora-detenida-en-el-puesto-caminero-de-catrilo\/#primaryimage","url":"https:\/\/infoecos.com.ar\/wp-content\/uploads\/2023\/05\/image-39.png","contentUrl":"https:\/\/infoecos.com.ar\/wp-content\/uploads\/2023\/05\/image-39.png","width":1121,"height":633},{"@type":"BreadcrumbList","@id":"https:\/\/infoecos.com.ar\/index.php\/una-bonaerense-de-lomas-de-zamora-detenida-en-el-puesto-caminero-de-catrilo\/#breadcrumb","itemListElement":[{"@type":"ListItem","position":1,"name":"Portada","item":"https:\/\/infoecos.com.ar\/"},{"@type":"ListItem","position":2,"name":"Una bonaerense de Lomas de Zamora detenida en el puesto caminero de Catril\u00f3"}]},{"@type":"WebSite","@id":"https:\/\/infoecos.com.ar\/#website","url":"https:\/\/infoecos.com.ar\/","name":"Infoecos","description":"Noticias de trenque lauquen y la zona","publisher":{"@id":"https:\/\/infoecos.com.ar\/#organization"},"alternateName":"Noticias","potentialAction":[{"@type":"SearchAction","target":{"@type":"EntryPoint","urlTemplate":"https:\/\/infoecos.com.ar\/?s={search_term_string}"},"query-input":{"@type":"PropertyValueSpecification","valueRequired":true,"valueName":"search_term_string"}}],"inLanguage":"es"},{"@type":"Organization","@id":"https:\/\/infoecos.com.ar\/#organization","name":"Infoecos","alternateName":"Noticias","url":"https:\/\/infoecos.com.ar\/","logo":{"@type":"ImageObject","inLanguage":"es","@id":"https:\/\/infoecos.com.ar\/#\/schema\/logo\/image\/","url":"https:\/\/infoecos.com.ar\/wp-content\/uploads\/2024\/03\/cropped-logo.png","contentUrl":"https:\/\/infoecos.com.ar\/wp-content\/uploads\/2024\/03\/cropped-logo.png","width":374,"height":90,"caption":"Infoecos"},"image":{"@id":"https:\/\/infoecos.com.ar\/#\/schema\/logo\/image\/"},"sameAs":["https:\/\/www.facebook.com\/profile.php?id=100063200290284","https:\/\/x.com\/infoecos"]},{"@type":"Person","@id":"https:\/\/infoecos.com.ar\/#\/schema\/person\/8f5ace5ce73b4b4aac4b7245aee6f191","name":"Jorge Matheus","url":"https:\/\/infoecos.com.ar\/index.php\/author\/jomatheus\/"}]}},"featured_image_urls":{"full":["https:\/\/infoecos.com.ar\/wp-content\/uploads\/2023\/05\/image-39.png",1121,633,false],"thumbnail":["https:\/\/infoecos.com.ar\/wp-content\/uploads\/2023\/05\/image-39-300x150.png",300,150,true],"medium":["https:\/\/infoecos.com.ar\/wp-content\/uploads\/2023\/05\/image-39-800x452.png",800,452,true],"medium_large":["https:\/\/infoecos.com.ar\/wp-content\/uploads\/2023\/05\/image-39-768x434.png",640,362,true],"large":["https:\/\/infoecos.com.ar\/wp-content\/uploads\/2023\/05\/image-39.png",640,361,false],"1536x1536":["https:\/\/infoecos.com.ar\/wp-content\/uploads\/2023\/05\/image-39.png",1121,633,false],"2048x2048":["https:\/\/infoecos.com.ar\/wp-content\/uploads\/2023\/05\/image-39.png",1121,633,false],"covernews-slider-full":["https:\/\/infoecos.com.ar\/wp-content\/uploads\/2023\/05\/image-39.png",1115,630,false],"covernews-slider-center":["https:\/\/infoecos.com.ar\/wp-content\/uploads\/2023\/05\/image-39-936x633.png",739,500,true],"covernews-featured":["https:\/\/infoecos.com.ar\/wp-content\/uploads\/2023\/05\/image-39-1024x578.png",1024,578,true],"covernews-medium":["https:\/\/infoecos.com.ar\/wp-content\/uploads\/2023\/05\/image-39-720x380.png",540,285,true],"covernews-medium-square":["https:\/\/infoecos.com.ar\/wp-content\/uploads\/2023\/05\/image-39-675x450.png",375,250,true]},"author_info":{"info":["Jorge Matheus"]},"category_info":"<a href=\"https:\/\/infoecos.com.ar\/index.php\/category\/c2nota6\/\" rel=\"category tag\">C2 N6<\/a>","tag_info":"C2 N6","comment_count":"0","_links":{"self":[{"href":"https:\/\/infoecos.com.ar\/index.php\/wp-json\/wp\/v2\/posts\/104711"}],"collection":[{"href":"https:\/\/infoecos.com.ar\/index.php\/wp-json\/wp\/v2\/posts"}],"about":[{"href":"https:\/\/infoecos.com.ar\/index.php\/wp-json\/wp\/v2\/types\/post"}],"author":[{"embeddable":true,"href":"https:\/\/infoecos.com.ar\/index.php\/wp-json\/wp\/v2\/users\/2"}],"replies":[{"embeddable":true,"href":"https:\/\/infoecos.com.ar\/index.php\/wp-json\/wp\/v2\/comments?post=104711"}],"version-history":[{"count":1,"href":"https:\/\/infoecos.com.ar\/index.php\/wp-json\/wp\/v2\/posts\/104711\/revisions"}],"predecessor-version":[{"id":104713,"href":"https:\/\/infoecos.com.ar\/index.php\/wp-json\/wp\/v2\/posts\/104711\/revisions\/104713"}],"wp:featuredmedia":[{"embeddable":true,"href":"https:\/\/infoecos.com.ar\/index.php\/wp-json\/wp\/v2\/media\/104712"}],"wp:attachment":[{"href":"https:\/\/infoecos.com.ar\/index.php\/wp-json\/wp\/v2\/media?parent=104711"}],"wp:term":[{"taxonomy":"category","embeddable":true,"href":"https:\/\/infoecos.com.ar\/index.php\/wp-json\/wp\/v2\/categories?post=104711"},{"taxonomy":"post_tag","embeddable":true,"href":"https:\/\/infoecos.com.ar\/index.php\/wp-json\/wp\/v2\/tags?post=104711"}],"curies":[{"name":"wp","href":"https:\/\/api.w.org\/{rel}","templated":true}]}}