{"id":104745,"date":"2023-05-08T23:54:42","date_gmt":"2023-05-09T02:54:42","guid":{"rendered":"https:\/\/infoecos.com.ar\/?p=104745"},"modified":"2023-05-09T01:01:07","modified_gmt":"2023-05-09T04:01:07","slug":"kicillof-aprovecha-la-volada-y-el-miercoles-estara-en-general-villegas","status":"publish","type":"post","link":"https:\/\/infoecos.com.ar\/index.php\/kicillof-aprovecha-la-volada-y-el-miercoles-estara-en-general-villegas\/","title":{"rendered":"Kicillof aprovecha la volada y el mi\u00e9rcoles estar\u00e1 en General Villegas"},"content":{"rendered":"\n<p>El gobernador de la provincia de Buenos Aires, Axel Kicillof, visitar\u00e1 este mi\u00e9rcoles 10 de mayo de General Villegas, donde har\u00e1 entrega de computadoras personales a estudiantes de nivel secundario, en el marco del programa Conectar Igualdad Bonaerense.<\/p>\n\n\n\n<figure class=\"wp-block-image aligncenter size-full is-resized\"><img loading=\"lazy\" decoding=\"async\" src=\"https:\/\/infoecos.com.ar\/wp-content\/uploads\/2022\/04\/kicilloffv.jpg\" alt=\"\" class=\"wp-image-91550\" width=\"547\" height=\"307\" srcset=\"https:\/\/infoecos.com.ar\/wp-content\/uploads\/2022\/04\/kicilloffv.jpg 873w, https:\/\/infoecos.com.ar\/wp-content\/uploads\/2022\/04\/kicilloffv-460x259.jpg 460w, https:\/\/infoecos.com.ar\/wp-content\/uploads\/2022\/04\/kicilloffv-768x432.jpg 768w\" sizes=\"(max-width: 547px) 100vw, 547px\" \/><\/figure>\n\n\n\n<p>La entrega se realizar\u00eda en la Escuela Nacional, aunque tambi\u00e9n se hab\u00eda pensado en las instalaciones de la nueva escuela secundaria N\u00b0 11 y a\u00fan no trascendi\u00f3 el horario, ya que Kicillof participar\u00e1 el mismo d\u00eda &#8211; como lo venimos indicando &#8211; de un acto en Rivadavia, a las 11 horas, junto a Sergio Massa.<\/p>\n","protected":false},"excerpt":{"rendered":"<p>Har\u00e1 entrega de computadoras personales a estudiantes de nivel secundario, en el marco del programa Conectar Igualdad Bonaerense<\/p>\n","protected":false},"author":2,"featured_media":91550,"comment_status":"closed","ping_status":"open","sticky":false,"template":"","format":"standard","meta":{"footnotes":""},"categories":[1613],"tags":[7881],"class_list":["post-104745","post","type-post","status-publish","format-standard","has-post-thumbnail","hentry","category-noticia-secundaria","tag-tambien-con-massa-en-america"],"yoast_head":"<!-- This site is optimized with the Yoast SEO plugin v23.4 - https:\/\/yoast.com\/wordpress\/plugins\/seo\/ -->\n<title>Kicillof aprovecha la volada y el mi\u00e9rcoles estar\u00e1 en General Villegas - Infoecos<\/title>\n<meta name=\"robots\" content=\"index, follow, max-snippet:-1, max-image-preview:large, max-video-preview:-1\" \/>\n<link rel=\"canonical\" href=\"https:\/\/infoecos.com.ar\/index.php\/kicillof-aprovecha-la-volada-y-el-miercoles-estara-en-general-villegas\/\" \/>\n<meta property=\"og:locale\" content=\"es_ES\" \/>\n<meta property=\"og:type\" content=\"article\" \/>\n<meta property=\"og:title\" content=\"Kicillof aprovecha la volada y el mi\u00e9rcoles estar\u00e1 en General Villegas - Infoecos\" \/>\n<meta property=\"og:description\" content=\"Har\u00e1 entrega de computadoras personales a estudiantes de nivel secundario, en el marco del programa Conectar Igualdad Bonaerense\" \/>\n<meta property=\"og:url\" content=\"https:\/\/infoecos.com.ar\/index.php\/kicillof-aprovecha-la-volada-y-el-miercoles-estara-en-general-villegas\/\" \/>\n<meta property=\"og:site_name\" content=\"Infoecos\" \/>\n<meta property=\"article:publisher\" content=\"https:\/\/www.facebook.com\/profile.php?id=100063200290284\" \/>\n<meta property=\"article:published_time\" content=\"2023-05-09T02:54:42+00:00\" \/>\n<meta property=\"article:modified_time\" content=\"2023-05-09T04:01:07+00:00\" \/>\n<meta property=\"og:image\" content=\"https:\/\/infoecos.com.ar\/wp-content\/uploads\/2022\/04\/kicilloffv.jpg\" \/>\n\t<meta property=\"og:image:width\" content=\"873\" \/>\n\t<meta property=\"og:image:height\" content=\"491\" \/>\n\t<meta property=\"og:image:type\" content=\"image\/jpeg\" \/>\n<meta name=\"author\" content=\"Jorge Matheus\" \/>\n<meta name=\"twitter:card\" content=\"summary_large_image\" \/>\n<meta name=\"twitter:creator\" content=\"@infoecos\" \/>\n<meta name=\"twitter:site\" content=\"@infoecos\" \/>\n<meta name=\"twitter:label1\" content=\"Escrito por\" \/>\n\t<meta name=\"twitter:data1\" content=\"Jorge Matheus\" \/>\n\t<meta name=\"twitter:label2\" content=\"Tiempo de lectura\" \/>\n\t<meta name=\"twitter:data2\" content=\"1 minuto\" \/>\n<script type=\"application\/ld+json\" class=\"yoast-schema-graph\">{\"@context\":\"https:\/\/schema.org\",\"@graph\":[{\"@type\":\"Article\",\"@id\":\"https:\/\/infoecos.com.ar\/index.php\/kicillof-aprovecha-la-volada-y-el-miercoles-estara-en-general-villegas\/#article\",\"isPartOf\":{\"@id\":\"https:\/\/infoecos.com.ar\/index.php\/kicillof-aprovecha-la-volada-y-el-miercoles-estara-en-general-villegas\/\"},\"author\":{\"name\":\"Jorge Matheus\",\"@id\":\"https:\/\/infoecos.com.ar\/#\/schema\/person\/8f5ace5ce73b4b4aac4b7245aee6f191\"},\"headline\":\"Kicillof aprovecha la volada y el mi\u00e9rcoles estar\u00e1 en General Villegas\",\"datePublished\":\"2023-05-09T02:54:42+00:00\",\"dateModified\":\"2023-05-09T04:01:07+00:00\",\"mainEntityOfPage\":{\"@id\":\"https:\/\/infoecos.com.ar\/index.php\/kicillof-aprovecha-la-volada-y-el-miercoles-estara-en-general-villegas\/\"},\"wordCount\":108,\"publisher\":{\"@id\":\"https:\/\/infoecos.com.ar\/#organization\"},\"image\":{\"@id\":\"https:\/\/infoecos.com.ar\/index.php\/kicillof-aprovecha-la-volada-y-el-miercoles-estara-en-general-villegas\/#primaryimage\"},\"thumbnailUrl\":\"https:\/\/infoecos.com.ar\/wp-content\/uploads\/2022\/04\/kicilloffv.jpg\",\"keywords\":[\"TAMBI\u00c9N CON MASSA EN AM\u00c9RICA\"],\"articleSection\":[\"Noticia Secundaria\"],\"inLanguage\":\"es\"},{\"@type\":\"WebPage\",\"@id\":\"https:\/\/infoecos.com.ar\/index.php\/kicillof-aprovecha-la-volada-y-el-miercoles-estara-en-general-villegas\/\",\"url\":\"https:\/\/infoecos.com.ar\/index.php\/kicillof-aprovecha-la-volada-y-el-miercoles-estara-en-general-villegas\/\",\"name\":\"Kicillof aprovecha la volada y el mi\u00e9rcoles estar\u00e1 en General Villegas - Infoecos\",\"isPartOf\":{\"@id\":\"https:\/\/infoecos.com.ar\/#website\"},\"primaryImageOfPage\":{\"@id\":\"https:\/\/infoecos.com.ar\/index.php\/kicillof-aprovecha-la-volada-y-el-miercoles-estara-en-general-villegas\/#primaryimage\"},\"image\":{\"@id\":\"https:\/\/infoecos.com.ar\/index.php\/kicillof-aprovecha-la-volada-y-el-miercoles-estara-en-general-villegas\/#primaryimage\"},\"thumbnailUrl\":\"https:\/\/infoecos.com.ar\/wp-content\/uploads\/2022\/04\/kicilloffv.jpg\",\"datePublished\":\"2023-05-09T02:54:42+00:00\",\"dateModified\":\"2023-05-09T04:01:07+00:00\",\"breadcrumb\":{\"@id\":\"https:\/\/infoecos.com.ar\/index.php\/kicillof-aprovecha-la-volada-y-el-miercoles-estara-en-general-villegas\/#breadcrumb\"},\"inLanguage\":\"es\",\"potentialAction\":[{\"@type\":\"ReadAction\",\"target\":[\"https:\/\/infoecos.com.ar\/index.php\/kicillof-aprovecha-la-volada-y-el-miercoles-estara-en-general-villegas\/\"]}]},{\"@type\":\"ImageObject\",\"inLanguage\":\"es\",\"@id\":\"https:\/\/infoecos.com.ar\/index.php\/kicillof-aprovecha-la-volada-y-el-miercoles-estara-en-general-villegas\/#primaryimage\",\"url\":\"https:\/\/infoecos.com.ar\/wp-content\/uploads\/2022\/04\/kicilloffv.jpg\",\"contentUrl\":\"https:\/\/infoecos.com.ar\/wp-content\/uploads\/2022\/04\/kicilloffv.jpg\",\"width\":873,\"height\":491},{\"@type\":\"BreadcrumbList\",\"@id\":\"https:\/\/infoecos.com.ar\/index.php\/kicillof-aprovecha-la-volada-y-el-miercoles-estara-en-general-villegas\/#breadcrumb\",\"itemListElement\":[{\"@type\":\"ListItem\",\"position\":1,\"name\":\"Portada\",\"item\":\"https:\/\/infoecos.com.ar\/\"},{\"@type\":\"ListItem\",\"position\":2,\"name\":\"Kicillof aprovecha la volada y el mi\u00e9rcoles estar\u00e1 en General Villegas\"}]},{\"@type\":\"WebSite\",\"@id\":\"https:\/\/infoecos.com.ar\/#website\",\"url\":\"https:\/\/infoecos.com.ar\/\",\"name\":\"Infoecos\",\"description\":\"Noticias de trenque lauquen y la zona\",\"publisher\":{\"@id\":\"https:\/\/infoecos.com.ar\/#organization\"},\"alternateName\":\"Noticias\",\"potentialAction\":[{\"@type\":\"SearchAction\",\"target\":{\"@type\":\"EntryPoint\",\"urlTemplate\":\"https:\/\/infoecos.com.ar\/?s={search_term_string}\"},\"query-input\":{\"@type\":\"PropertyValueSpecification\",\"valueRequired\":true,\"valueName\":\"search_term_string\"}}],\"inLanguage\":\"es\"},{\"@type\":\"Organization\",\"@id\":\"https:\/\/infoecos.com.ar\/#organization\",\"name\":\"Infoecos\",\"alternateName\":\"Noticias\",\"url\":\"https:\/\/infoecos.com.ar\/\",\"logo\":{\"@type\":\"ImageObject\",\"inLanguage\":\"es\",\"@id\":\"https:\/\/infoecos.com.ar\/#\/schema\/logo\/image\/\",\"url\":\"https:\/\/infoecos.com.ar\/wp-content\/uploads\/2024\/03\/cropped-logo.png\",\"contentUrl\":\"https:\/\/infoecos.com.ar\/wp-content\/uploads\/2024\/03\/cropped-logo.png\",\"width\":374,\"height\":90,\"caption\":\"Infoecos\"},\"image\":{\"@id\":\"https:\/\/infoecos.com.ar\/#\/schema\/logo\/image\/\"},\"sameAs\":[\"https:\/\/www.facebook.com\/profile.php?id=100063200290284\",\"https:\/\/x.com\/infoecos\"]},{\"@type\":\"Person\",\"@id\":\"https:\/\/infoecos.com.ar\/#\/schema\/person\/8f5ace5ce73b4b4aac4b7245aee6f191\",\"name\":\"Jorge Matheus\",\"url\":\"https:\/\/infoecos.com.ar\/index.php\/author\/jomatheus\/\"}]}<\/script>\n<!-- \/ Yoast SEO plugin. -->","yoast_head_json":{"title":"Kicillof aprovecha la volada y el mi\u00e9rcoles estar\u00e1 en General Villegas - Infoecos","robots":{"index":"index","follow":"follow","max-snippet":"max-snippet:-1","max-image-preview":"max-image-preview:large","max-video-preview":"max-video-preview:-1"},"canonical":"https:\/\/infoecos.com.ar\/index.php\/kicillof-aprovecha-la-volada-y-el-miercoles-estara-en-general-villegas\/","og_locale":"es_ES","og_type":"article","og_title":"Kicillof aprovecha la volada y el mi\u00e9rcoles estar\u00e1 en General Villegas - Infoecos","og_description":"Har\u00e1 entrega de computadoras personales a estudiantes de nivel secundario, en el marco del programa Conectar Igualdad Bonaerense","og_url":"https:\/\/infoecos.com.ar\/index.php\/kicillof-aprovecha-la-volada-y-el-miercoles-estara-en-general-villegas\/","og_site_name":"Infoecos","article_publisher":"https:\/\/www.facebook.com\/profile.php?id=100063200290284","article_published_time":"2023-05-09T02:54:42+00:00","article_modified_time":"2023-05-09T04:01:07+00:00","og_image":[{"width":873,"height":491,"url":"https:\/\/infoecos.com.ar\/wp-content\/uploads\/2022\/04\/kicilloffv.jpg","type":"image\/jpeg"}],"author":"Jorge Matheus","twitter_card":"summary_large_image","twitter_creator":"@infoecos","twitter_site":"@infoecos","twitter_misc":{"Escrito por":"Jorge Matheus","Tiempo de lectura":"1 minuto"},"schema":{"@context":"https:\/\/schema.org","@graph":[{"@type":"Article","@id":"https:\/\/infoecos.com.ar\/index.php\/kicillof-aprovecha-la-volada-y-el-miercoles-estara-en-general-villegas\/#article","isPartOf":{"@id":"https:\/\/infoecos.com.ar\/index.php\/kicillof-aprovecha-la-volada-y-el-miercoles-estara-en-general-villegas\/"},"author":{"name":"Jorge Matheus","@id":"https:\/\/infoecos.com.ar\/#\/schema\/person\/8f5ace5ce73b4b4aac4b7245aee6f191"},"headline":"Kicillof aprovecha la volada y el mi\u00e9rcoles estar\u00e1 en General Villegas","datePublished":"2023-05-09T02:54:42+00:00","dateModified":"2023-05-09T04:01:07+00:00","mainEntityOfPage":{"@id":"https:\/\/infoecos.com.ar\/index.php\/kicillof-aprovecha-la-volada-y-el-miercoles-estara-en-general-villegas\/"},"wordCount":108,"publisher":{"@id":"https:\/\/infoecos.com.ar\/#organization"},"image":{"@id":"https:\/\/infoecos.com.ar\/index.php\/kicillof-aprovecha-la-volada-y-el-miercoles-estara-en-general-villegas\/#primaryimage"},"thumbnailUrl":"https:\/\/infoecos.com.ar\/wp-content\/uploads\/2022\/04\/kicilloffv.jpg","keywords":["TAMBI\u00c9N CON MASSA EN AM\u00c9RICA"],"articleSection":["Noticia Secundaria"],"inLanguage":"es"},{"@type":"WebPage","@id":"https:\/\/infoecos.com.ar\/index.php\/kicillof-aprovecha-la-volada-y-el-miercoles-estara-en-general-villegas\/","url":"https:\/\/infoecos.com.ar\/index.php\/kicillof-aprovecha-la-volada-y-el-miercoles-estara-en-general-villegas\/","name":"Kicillof aprovecha la volada y el mi\u00e9rcoles estar\u00e1 en General Villegas - Infoecos","isPartOf":{"@id":"https:\/\/infoecos.com.ar\/#website"},"primaryImageOfPage":{"@id":"https:\/\/infoecos.com.ar\/index.php\/kicillof-aprovecha-la-volada-y-el-miercoles-estara-en-general-villegas\/#primaryimage"},"image":{"@id":"https:\/\/infoecos.com.ar\/index.php\/kicillof-aprovecha-la-volada-y-el-miercoles-estara-en-general-villegas\/#primaryimage"},"thumbnailUrl":"https:\/\/infoecos.com.ar\/wp-content\/uploads\/2022\/04\/kicilloffv.jpg","datePublished":"2023-05-09T02:54:42+00:00","dateModified":"2023-05-09T04:01:07+00:00","breadcrumb":{"@id":"https:\/\/infoecos.com.ar\/index.php\/kicillof-aprovecha-la-volada-y-el-miercoles-estara-en-general-villegas\/#breadcrumb"},"inLanguage":"es","potentialAction":[{"@type":"ReadAction","target":["https:\/\/infoecos.com.ar\/index.php\/kicillof-aprovecha-la-volada-y-el-miercoles-estara-en-general-villegas\/"]}]},{"@type":"ImageObject","inLanguage":"es","@id":"https:\/\/infoecos.com.ar\/index.php\/kicillof-aprovecha-la-volada-y-el-miercoles-estara-en-general-villegas\/#primaryimage","url":"https:\/\/infoecos.com.ar\/wp-content\/uploads\/2022\/04\/kicilloffv.jpg","contentUrl":"https:\/\/infoecos.com.ar\/wp-content\/uploads\/2022\/04\/kicilloffv.jpg","width":873,"height":491},{"@type":"BreadcrumbList","@id":"https:\/\/infoecos.com.ar\/index.php\/kicillof-aprovecha-la-volada-y-el-miercoles-estara-en-general-villegas\/#breadcrumb","itemListElement":[{"@type":"ListItem","position":1,"name":"Portada","item":"https:\/\/infoecos.com.ar\/"},{"@type":"ListItem","position":2,"name":"Kicillof aprovecha la volada y el mi\u00e9rcoles estar\u00e1 en General Villegas"}]},{"@type":"WebSite","@id":"https:\/\/infoecos.com.ar\/#website","url":"https:\/\/infoecos.com.ar\/","name":"Infoecos","description":"Noticias de trenque lauquen y la zona","publisher":{"@id":"https:\/\/infoecos.com.ar\/#organization"},"alternateName":"Noticias","potentialAction":[{"@type":"SearchAction","target":{"@type":"EntryPoint","urlTemplate":"https:\/\/infoecos.com.ar\/?s={search_term_string}"},"query-input":{"@type":"PropertyValueSpecification","valueRequired":true,"valueName":"search_term_string"}}],"inLanguage":"es"},{"@type":"Organization","@id":"https:\/\/infoecos.com.ar\/#organization","name":"Infoecos","alternateName":"Noticias","url":"https:\/\/infoecos.com.ar\/","logo":{"@type":"ImageObject","inLanguage":"es","@id":"https:\/\/infoecos.com.ar\/#\/schema\/logo\/image\/","url":"https:\/\/infoecos.com.ar\/wp-content\/uploads\/2024\/03\/cropped-logo.png","contentUrl":"https:\/\/infoecos.com.ar\/wp-content\/uploads\/2024\/03\/cropped-logo.png","width":374,"height":90,"caption":"Infoecos"},"image":{"@id":"https:\/\/infoecos.com.ar\/#\/schema\/logo\/image\/"},"sameAs":["https:\/\/www.facebook.com\/profile.php?id=100063200290284","https:\/\/x.com\/infoecos"]},{"@type":"Person","@id":"https:\/\/infoecos.com.ar\/#\/schema\/person\/8f5ace5ce73b4b4aac4b7245aee6f191","name":"Jorge Matheus","url":"https:\/\/infoecos.com.ar\/index.php\/author\/jomatheus\/"}]}},"featured_image_urls":{"full":["https:\/\/infoecos.com.ar\/wp-content\/uploads\/2022\/04\/kicilloffv.jpg",873,491,false],"thumbnail":["https:\/\/infoecos.com.ar\/wp-content\/uploads\/2022\/04\/kicilloffv-150x150.jpg",150,150,true],"medium":["https:\/\/infoecos.com.ar\/wp-content\/uploads\/2022\/04\/kicilloffv-460x259.jpg",460,259,true],"medium_large":["https:\/\/infoecos.com.ar\/wp-content\/uploads\/2022\/04\/kicilloffv-768x432.jpg",640,360,true],"large":["https:\/\/infoecos.com.ar\/wp-content\/uploads\/2022\/04\/kicilloffv.jpg",640,360,false],"1536x1536":["https:\/\/infoecos.com.ar\/wp-content\/uploads\/2022\/04\/kicilloffv.jpg",873,491,false],"2048x2048":["https:\/\/infoecos.com.ar\/wp-content\/uploads\/2022\/04\/kicilloffv.jpg",873,491,false],"covernews-slider-full":["https:\/\/infoecos.com.ar\/wp-content\/uploads\/2022\/04\/kicilloffv.jpg",873,491,false],"covernews-slider-center":["https:\/\/infoecos.com.ar\/wp-content\/uploads\/2022\/04\/kicilloffv.jpg",800,450,false],"covernews-featured":["https:\/\/infoecos.com.ar\/wp-content\/uploads\/2022\/04\/kicilloffv.jpg",873,491,false],"covernews-medium":["https:\/\/infoecos.com.ar\/wp-content\/uploads\/2022\/04\/kicilloffv-720x380.jpg",540,285,true],"covernews-medium-square":["https:\/\/infoecos.com.ar\/wp-content\/uploads\/2022\/04\/kicilloffv-675x450.jpg",375,250,true]},"author_info":{"info":["Jorge Matheus"]},"category_info":"<a href=\"https:\/\/infoecos.com.ar\/index.php\/category\/noticia-secundaria\/\" rel=\"category tag\">Noticia Secundaria<\/a>","tag_info":"Noticia Secundaria","comment_count":"0","_links":{"self":[{"href":"https:\/\/infoecos.com.ar\/index.php\/wp-json\/wp\/v2\/posts\/104745"}],"collection":[{"href":"https:\/\/infoecos.com.ar\/index.php\/wp-json\/wp\/v2\/posts"}],"about":[{"href":"https:\/\/infoecos.com.ar\/index.php\/wp-json\/wp\/v2\/types\/post"}],"author":[{"embeddable":true,"href":"https:\/\/infoecos.com.ar\/index.php\/wp-json\/wp\/v2\/users\/2"}],"replies":[{"embeddable":true,"href":"https:\/\/infoecos.com.ar\/index.php\/wp-json\/wp\/v2\/comments?post=104745"}],"version-history":[{"count":1,"href":"https:\/\/infoecos.com.ar\/index.php\/wp-json\/wp\/v2\/posts\/104745\/revisions"}],"predecessor-version":[{"id":104746,"href":"https:\/\/infoecos.com.ar\/index.php\/wp-json\/wp\/v2\/posts\/104745\/revisions\/104746"}],"wp:featuredmedia":[{"embeddable":true,"href":"https:\/\/infoecos.com.ar\/index.php\/wp-json\/wp\/v2\/media\/91550"}],"wp:attachment":[{"href":"https:\/\/infoecos.com.ar\/index.php\/wp-json\/wp\/v2\/media?parent=104745"}],"wp:term":[{"taxonomy":"category","embeddable":true,"href":"https:\/\/infoecos.com.ar\/index.php\/wp-json\/wp\/v2\/categories?post=104745"},{"taxonomy":"post_tag","embeddable":true,"href":"https:\/\/infoecos.com.ar\/index.php\/wp-json\/wp\/v2\/tags?post=104745"}],"curies":[{"name":"wp","href":"https:\/\/api.w.org\/{rel}","templated":true}]}}