{"id":104759,"date":"2023-05-09T00:46:34","date_gmt":"2023-05-09T03:46:34","guid":{"rendered":"https:\/\/infoecos.com.ar\/?p=104759"},"modified":"2023-05-10T02:58:38","modified_gmt":"2023-05-10T05:58:38","slug":"racing-perdio-por-goleada-en-su-estadio-con-talleres-de-cordoba","status":"publish","type":"post","link":"https:\/\/infoecos.com.ar\/index.php\/racing-perdio-por-goleada-en-su-estadio-con-talleres-de-cordoba\/","title":{"rendered":"Racing perdi\u00f3 por goleada en su estadio con Talleres de C\u00f3rdoba"},"content":{"rendered":"\n<p>La Academia sufri\u00f3 otro duro golpe en Avellaneda y no levanta cabeza: de los \u00faltimos 18 puntos, sum\u00f3 uno solo en el empate ante Independiente&nbsp;en el cl\u00e1sico.<\/p>\n\n\n\n<figure class=\"wp-block-image aligncenter size-full is-resized\"><img loading=\"lazy\" decoding=\"async\" src=\"https:\/\/infoecos.com.ar\/wp-content\/uploads\/2023\/05\/image-49.png\" alt=\"\" class=\"wp-image-104760\" width=\"486\" height=\"243\" srcset=\"https:\/\/infoecos.com.ar\/wp-content\/uploads\/2023\/05\/image-49.png 360w, https:\/\/infoecos.com.ar\/wp-content\/uploads\/2023\/05\/image-49-300x150.png 300w\" sizes=\"(max-width: 486px) 100vw, 486px\" \/><figcaption class=\"wp-element-caption\">Talleres &#8211; Racing <\/figcaption><\/figure>\n\n\n\n<p>El conjunto de Avellaneda&nbsp;no gana desde el 1\u00b0 de abril, cuando super\u00f3 a&nbsp;Hurac\u00e1n&nbsp;por 2-1 en la novena fecha de la&nbsp;Liga Profesional. Con esta nueva derrota, qued\u00f3 con 18 puntos, al igual que Boca.&nbsp;Se encuentra a 19 de River, el \u00fanico l\u00edder, y le lleva 9 a Uni\u00f3n, el \u00faltimo de la tabla.<\/p>\n\n\n\n<p>Talleres alcanz\u00f3 la l\u00ednea de Estudiantes y Belgrano en la cuarta posici\u00f3n.<\/p>\n\n\n\n<figure class=\"wp-block-embed is-type-video is-provider-youtube wp-block-embed-youtube wp-embed-aspect-16-9 wp-has-aspect-ratio\"><div class=\"wp-block-embed__wrapper\">\n<iframe loading=\"lazy\" title=\"\u00a1LA T Y UNA PALIZA CONTRA LA ACADEMIA EN AVELLANEDA! | Racing 2-4 Talleres | RESUMEN\" width=\"640\" height=\"360\" src=\"https:\/\/www.youtube.com\/embed\/pLeKc-D983w?start=11&#038;feature=oembed\" frameborder=\"0\" allow=\"accelerometer; autoplay; clipboard-write; encrypted-media; gyroscope; picture-in-picture; web-share\" referrerpolicy=\"strict-origin-when-cross-origin\" allowfullscreen><\/iframe>\n<\/div><\/figure>\n","protected":false},"excerpt":{"rendered":"<p>El conjunto de Avellaneda\u00a0no gana desde el 1\u00b0 de abril, cuando super\u00f3 a\u00a0Hurac\u00e1n\u00a0por 2-1 en la novena fecha de la\u00a0Liga Profesional<\/p>\n","protected":false},"author":2,"featured_media":104760,"comment_status":"closed","ping_status":"open","sticky":false,"template":"","format":"standard","meta":{"footnotes":""},"categories":[1332],"tags":[7779],"class_list":["post-104759","post","type-post","status-publish","format-standard","has-post-thumbnail","hentry","category-inferior12","tag-liga-profesional-hay-video"],"yoast_head":"<!-- This site is optimized with the Yoast SEO plugin v23.4 - https:\/\/yoast.com\/wordpress\/plugins\/seo\/ -->\n<title>Racing perdi\u00f3 por goleada en su estadio con Talleres de C\u00f3rdoba - Infoecos<\/title>\n<meta name=\"robots\" content=\"index, follow, max-snippet:-1, max-image-preview:large, max-video-preview:-1\" \/>\n<link rel=\"canonical\" href=\"https:\/\/infoecos.com.ar\/index.php\/racing-perdio-por-goleada-en-su-estadio-con-talleres-de-cordoba\/\" \/>\n<meta property=\"og:locale\" content=\"es_ES\" \/>\n<meta property=\"og:type\" content=\"article\" \/>\n<meta property=\"og:title\" content=\"Racing perdi\u00f3 por goleada en su estadio con Talleres de C\u00f3rdoba - Infoecos\" \/>\n<meta property=\"og:description\" content=\"El conjunto de Avellaneda\u00a0no gana desde el 1\u00b0 de abril, cuando super\u00f3 a\u00a0Hurac\u00e1n\u00a0por 2-1 en la novena fecha de la\u00a0Liga Profesional\" \/>\n<meta property=\"og:url\" content=\"https:\/\/infoecos.com.ar\/index.php\/racing-perdio-por-goleada-en-su-estadio-con-talleres-de-cordoba\/\" \/>\n<meta property=\"og:site_name\" content=\"Infoecos\" \/>\n<meta property=\"article:publisher\" content=\"https:\/\/www.facebook.com\/profile.php?id=100063200290284\" \/>\n<meta property=\"article:published_time\" content=\"2023-05-09T03:46:34+00:00\" \/>\n<meta property=\"article:modified_time\" content=\"2023-05-10T05:58:38+00:00\" \/>\n<meta property=\"og:image\" content=\"https:\/\/infoecos.com.ar\/wp-content\/uploads\/2023\/05\/image-49.png\" \/>\n\t<meta property=\"og:image:width\" content=\"360\" \/>\n\t<meta property=\"og:image:height\" content=\"180\" \/>\n\t<meta property=\"og:image:type\" content=\"image\/png\" \/>\n<meta name=\"author\" content=\"Jorge Matheus\" \/>\n<meta name=\"twitter:card\" content=\"summary_large_image\" \/>\n<meta name=\"twitter:creator\" content=\"@infoecos\" \/>\n<meta name=\"twitter:site\" content=\"@infoecos\" \/>\n<meta name=\"twitter:label1\" content=\"Escrito por\" \/>\n\t<meta name=\"twitter:data1\" content=\"Jorge Matheus\" \/>\n\t<meta name=\"twitter:label2\" content=\"Tiempo de lectura\" \/>\n\t<meta name=\"twitter:data2\" content=\"1 minuto\" \/>\n<script type=\"application\/ld+json\" class=\"yoast-schema-graph\">{\"@context\":\"https:\/\/schema.org\",\"@graph\":[{\"@type\":\"Article\",\"@id\":\"https:\/\/infoecos.com.ar\/index.php\/racing-perdio-por-goleada-en-su-estadio-con-talleres-de-cordoba\/#article\",\"isPartOf\":{\"@id\":\"https:\/\/infoecos.com.ar\/index.php\/racing-perdio-por-goleada-en-su-estadio-con-talleres-de-cordoba\/\"},\"author\":{\"name\":\"Jorge Matheus\",\"@id\":\"https:\/\/infoecos.com.ar\/#\/schema\/person\/8f5ace5ce73b4b4aac4b7245aee6f191\"},\"headline\":\"Racing perdi\u00f3 por goleada en su estadio con Talleres de C\u00f3rdoba\",\"datePublished\":\"2023-05-09T03:46:34+00:00\",\"dateModified\":\"2023-05-10T05:58:38+00:00\",\"mainEntityOfPage\":{\"@id\":\"https:\/\/infoecos.com.ar\/index.php\/racing-perdio-por-goleada-en-su-estadio-con-talleres-de-cordoba\/\"},\"wordCount\":134,\"publisher\":{\"@id\":\"https:\/\/infoecos.com.ar\/#organization\"},\"image\":{\"@id\":\"https:\/\/infoecos.com.ar\/index.php\/racing-perdio-por-goleada-en-su-estadio-con-talleres-de-cordoba\/#primaryimage\"},\"thumbnailUrl\":\"https:\/\/infoecos.com.ar\/wp-content\/uploads\/2023\/05\/image-49.png\",\"keywords\":[\"LIGA PROFESIONAL (HAY VIDEO)\"],\"articleSection\":[\"Bloque inferior - 12\"],\"inLanguage\":\"es\"},{\"@type\":\"WebPage\",\"@id\":\"https:\/\/infoecos.com.ar\/index.php\/racing-perdio-por-goleada-en-su-estadio-con-talleres-de-cordoba\/\",\"url\":\"https:\/\/infoecos.com.ar\/index.php\/racing-perdio-por-goleada-en-su-estadio-con-talleres-de-cordoba\/\",\"name\":\"Racing perdi\u00f3 por goleada en su estadio con Talleres de C\u00f3rdoba - Infoecos\",\"isPartOf\":{\"@id\":\"https:\/\/infoecos.com.ar\/#website\"},\"primaryImageOfPage\":{\"@id\":\"https:\/\/infoecos.com.ar\/index.php\/racing-perdio-por-goleada-en-su-estadio-con-talleres-de-cordoba\/#primaryimage\"},\"image\":{\"@id\":\"https:\/\/infoecos.com.ar\/index.php\/racing-perdio-por-goleada-en-su-estadio-con-talleres-de-cordoba\/#primaryimage\"},\"thumbnailUrl\":\"https:\/\/infoecos.com.ar\/wp-content\/uploads\/2023\/05\/image-49.png\",\"datePublished\":\"2023-05-09T03:46:34+00:00\",\"dateModified\":\"2023-05-10T05:58:38+00:00\",\"breadcrumb\":{\"@id\":\"https:\/\/infoecos.com.ar\/index.php\/racing-perdio-por-goleada-en-su-estadio-con-talleres-de-cordoba\/#breadcrumb\"},\"inLanguage\":\"es\",\"potentialAction\":[{\"@type\":\"ReadAction\",\"target\":[\"https:\/\/infoecos.com.ar\/index.php\/racing-perdio-por-goleada-en-su-estadio-con-talleres-de-cordoba\/\"]}]},{\"@type\":\"ImageObject\",\"inLanguage\":\"es\",\"@id\":\"https:\/\/infoecos.com.ar\/index.php\/racing-perdio-por-goleada-en-su-estadio-con-talleres-de-cordoba\/#primaryimage\",\"url\":\"https:\/\/infoecos.com.ar\/wp-content\/uploads\/2023\/05\/image-49.png\",\"contentUrl\":\"https:\/\/infoecos.com.ar\/wp-content\/uploads\/2023\/05\/image-49.png\",\"width\":360,\"height\":180},{\"@type\":\"BreadcrumbList\",\"@id\":\"https:\/\/infoecos.com.ar\/index.php\/racing-perdio-por-goleada-en-su-estadio-con-talleres-de-cordoba\/#breadcrumb\",\"itemListElement\":[{\"@type\":\"ListItem\",\"position\":1,\"name\":\"Portada\",\"item\":\"https:\/\/infoecos.com.ar\/\"},{\"@type\":\"ListItem\",\"position\":2,\"name\":\"Racing perdi\u00f3 por goleada en su estadio con Talleres de C\u00f3rdoba\"}]},{\"@type\":\"WebSite\",\"@id\":\"https:\/\/infoecos.com.ar\/#website\",\"url\":\"https:\/\/infoecos.com.ar\/\",\"name\":\"Infoecos\",\"description\":\"Noticias de trenque lauquen y la zona\",\"publisher\":{\"@id\":\"https:\/\/infoecos.com.ar\/#organization\"},\"alternateName\":\"Noticias\",\"potentialAction\":[{\"@type\":\"SearchAction\",\"target\":{\"@type\":\"EntryPoint\",\"urlTemplate\":\"https:\/\/infoecos.com.ar\/?s={search_term_string}\"},\"query-input\":{\"@type\":\"PropertyValueSpecification\",\"valueRequired\":true,\"valueName\":\"search_term_string\"}}],\"inLanguage\":\"es\"},{\"@type\":\"Organization\",\"@id\":\"https:\/\/infoecos.com.ar\/#organization\",\"name\":\"Infoecos\",\"alternateName\":\"Noticias\",\"url\":\"https:\/\/infoecos.com.ar\/\",\"logo\":{\"@type\":\"ImageObject\",\"inLanguage\":\"es\",\"@id\":\"https:\/\/infoecos.com.ar\/#\/schema\/logo\/image\/\",\"url\":\"https:\/\/infoecos.com.ar\/wp-content\/uploads\/2024\/03\/cropped-logo.png\",\"contentUrl\":\"https:\/\/infoecos.com.ar\/wp-content\/uploads\/2024\/03\/cropped-logo.png\",\"width\":374,\"height\":90,\"caption\":\"Infoecos\"},\"image\":{\"@id\":\"https:\/\/infoecos.com.ar\/#\/schema\/logo\/image\/\"},\"sameAs\":[\"https:\/\/www.facebook.com\/profile.php?id=100063200290284\",\"https:\/\/x.com\/infoecos\"]},{\"@type\":\"Person\",\"@id\":\"https:\/\/infoecos.com.ar\/#\/schema\/person\/8f5ace5ce73b4b4aac4b7245aee6f191\",\"name\":\"Jorge Matheus\",\"url\":\"https:\/\/infoecos.com.ar\/index.php\/author\/jomatheus\/\"}]}<\/script>\n<!-- \/ Yoast SEO plugin. -->","yoast_head_json":{"title":"Racing perdi\u00f3 por goleada en su estadio con Talleres de C\u00f3rdoba - Infoecos","robots":{"index":"index","follow":"follow","max-snippet":"max-snippet:-1","max-image-preview":"max-image-preview:large","max-video-preview":"max-video-preview:-1"},"canonical":"https:\/\/infoecos.com.ar\/index.php\/racing-perdio-por-goleada-en-su-estadio-con-talleres-de-cordoba\/","og_locale":"es_ES","og_type":"article","og_title":"Racing perdi\u00f3 por goleada en su estadio con Talleres de C\u00f3rdoba - Infoecos","og_description":"El conjunto de Avellaneda\u00a0no gana desde el 1\u00b0 de abril, cuando super\u00f3 a\u00a0Hurac\u00e1n\u00a0por 2-1 en la novena fecha de la\u00a0Liga Profesional","og_url":"https:\/\/infoecos.com.ar\/index.php\/racing-perdio-por-goleada-en-su-estadio-con-talleres-de-cordoba\/","og_site_name":"Infoecos","article_publisher":"https:\/\/www.facebook.com\/profile.php?id=100063200290284","article_published_time":"2023-05-09T03:46:34+00:00","article_modified_time":"2023-05-10T05:58:38+00:00","og_image":[{"width":360,"height":180,"url":"https:\/\/infoecos.com.ar\/wp-content\/uploads\/2023\/05\/image-49.png","type":"image\/png"}],"author":"Jorge Matheus","twitter_card":"summary_large_image","twitter_creator":"@infoecos","twitter_site":"@infoecos","twitter_misc":{"Escrito por":"Jorge Matheus","Tiempo de lectura":"1 minuto"},"schema":{"@context":"https:\/\/schema.org","@graph":[{"@type":"Article","@id":"https:\/\/infoecos.com.ar\/index.php\/racing-perdio-por-goleada-en-su-estadio-con-talleres-de-cordoba\/#article","isPartOf":{"@id":"https:\/\/infoecos.com.ar\/index.php\/racing-perdio-por-goleada-en-su-estadio-con-talleres-de-cordoba\/"},"author":{"name":"Jorge Matheus","@id":"https:\/\/infoecos.com.ar\/#\/schema\/person\/8f5ace5ce73b4b4aac4b7245aee6f191"},"headline":"Racing perdi\u00f3 por goleada en su estadio con Talleres de C\u00f3rdoba","datePublished":"2023-05-09T03:46:34+00:00","dateModified":"2023-05-10T05:58:38+00:00","mainEntityOfPage":{"@id":"https:\/\/infoecos.com.ar\/index.php\/racing-perdio-por-goleada-en-su-estadio-con-talleres-de-cordoba\/"},"wordCount":134,"publisher":{"@id":"https:\/\/infoecos.com.ar\/#organization"},"image":{"@id":"https:\/\/infoecos.com.ar\/index.php\/racing-perdio-por-goleada-en-su-estadio-con-talleres-de-cordoba\/#primaryimage"},"thumbnailUrl":"https:\/\/infoecos.com.ar\/wp-content\/uploads\/2023\/05\/image-49.png","keywords":["LIGA PROFESIONAL (HAY VIDEO)"],"articleSection":["Bloque inferior - 12"],"inLanguage":"es"},{"@type":"WebPage","@id":"https:\/\/infoecos.com.ar\/index.php\/racing-perdio-por-goleada-en-su-estadio-con-talleres-de-cordoba\/","url":"https:\/\/infoecos.com.ar\/index.php\/racing-perdio-por-goleada-en-su-estadio-con-talleres-de-cordoba\/","name":"Racing perdi\u00f3 por goleada en su estadio con Talleres de C\u00f3rdoba - Infoecos","isPartOf":{"@id":"https:\/\/infoecos.com.ar\/#website"},"primaryImageOfPage":{"@id":"https:\/\/infoecos.com.ar\/index.php\/racing-perdio-por-goleada-en-su-estadio-con-talleres-de-cordoba\/#primaryimage"},"image":{"@id":"https:\/\/infoecos.com.ar\/index.php\/racing-perdio-por-goleada-en-su-estadio-con-talleres-de-cordoba\/#primaryimage"},"thumbnailUrl":"https:\/\/infoecos.com.ar\/wp-content\/uploads\/2023\/05\/image-49.png","datePublished":"2023-05-09T03:46:34+00:00","dateModified":"2023-05-10T05:58:38+00:00","breadcrumb":{"@id":"https:\/\/infoecos.com.ar\/index.php\/racing-perdio-por-goleada-en-su-estadio-con-talleres-de-cordoba\/#breadcrumb"},"inLanguage":"es","potentialAction":[{"@type":"ReadAction","target":["https:\/\/infoecos.com.ar\/index.php\/racing-perdio-por-goleada-en-su-estadio-con-talleres-de-cordoba\/"]}]},{"@type":"ImageObject","inLanguage":"es","@id":"https:\/\/infoecos.com.ar\/index.php\/racing-perdio-por-goleada-en-su-estadio-con-talleres-de-cordoba\/#primaryimage","url":"https:\/\/infoecos.com.ar\/wp-content\/uploads\/2023\/05\/image-49.png","contentUrl":"https:\/\/infoecos.com.ar\/wp-content\/uploads\/2023\/05\/image-49.png","width":360,"height":180},{"@type":"BreadcrumbList","@id":"https:\/\/infoecos.com.ar\/index.php\/racing-perdio-por-goleada-en-su-estadio-con-talleres-de-cordoba\/#breadcrumb","itemListElement":[{"@type":"ListItem","position":1,"name":"Portada","item":"https:\/\/infoecos.com.ar\/"},{"@type":"ListItem","position":2,"name":"Racing perdi\u00f3 por goleada en su estadio con Talleres de C\u00f3rdoba"}]},{"@type":"WebSite","@id":"https:\/\/infoecos.com.ar\/#website","url":"https:\/\/infoecos.com.ar\/","name":"Infoecos","description":"Noticias de trenque lauquen y la zona","publisher":{"@id":"https:\/\/infoecos.com.ar\/#organization"},"alternateName":"Noticias","potentialAction":[{"@type":"SearchAction","target":{"@type":"EntryPoint","urlTemplate":"https:\/\/infoecos.com.ar\/?s={search_term_string}"},"query-input":{"@type":"PropertyValueSpecification","valueRequired":true,"valueName":"search_term_string"}}],"inLanguage":"es"},{"@type":"Organization","@id":"https:\/\/infoecos.com.ar\/#organization","name":"Infoecos","alternateName":"Noticias","url":"https:\/\/infoecos.com.ar\/","logo":{"@type":"ImageObject","inLanguage":"es","@id":"https:\/\/infoecos.com.ar\/#\/schema\/logo\/image\/","url":"https:\/\/infoecos.com.ar\/wp-content\/uploads\/2024\/03\/cropped-logo.png","contentUrl":"https:\/\/infoecos.com.ar\/wp-content\/uploads\/2024\/03\/cropped-logo.png","width":374,"height":90,"caption":"Infoecos"},"image":{"@id":"https:\/\/infoecos.com.ar\/#\/schema\/logo\/image\/"},"sameAs":["https:\/\/www.facebook.com\/profile.php?id=100063200290284","https:\/\/x.com\/infoecos"]},{"@type":"Person","@id":"https:\/\/infoecos.com.ar\/#\/schema\/person\/8f5ace5ce73b4b4aac4b7245aee6f191","name":"Jorge Matheus","url":"https:\/\/infoecos.com.ar\/index.php\/author\/jomatheus\/"}]}},"featured_image_urls":{"full":["https:\/\/infoecos.com.ar\/wp-content\/uploads\/2023\/05\/image-49.png",360,180,false],"thumbnail":["https:\/\/infoecos.com.ar\/wp-content\/uploads\/2023\/05\/image-49-300x150.png",300,150,true],"medium":["https:\/\/infoecos.com.ar\/wp-content\/uploads\/2023\/05\/image-49.png",360,180,false],"medium_large":["https:\/\/infoecos.com.ar\/wp-content\/uploads\/2023\/05\/image-49.png",360,180,false],"large":["https:\/\/infoecos.com.ar\/wp-content\/uploads\/2023\/05\/image-49.png",360,180,false],"1536x1536":["https:\/\/infoecos.com.ar\/wp-content\/uploads\/2023\/05\/image-49.png",360,180,false],"2048x2048":["https:\/\/infoecos.com.ar\/wp-content\/uploads\/2023\/05\/image-49.png",360,180,false],"covernews-slider-full":["https:\/\/infoecos.com.ar\/wp-content\/uploads\/2023\/05\/image-49.png",360,180,false],"covernews-slider-center":["https:\/\/infoecos.com.ar\/wp-content\/uploads\/2023\/05\/image-49.png",360,180,false],"covernews-featured":["https:\/\/infoecos.com.ar\/wp-content\/uploads\/2023\/05\/image-49.png",360,180,false],"covernews-medium":["https:\/\/infoecos.com.ar\/wp-content\/uploads\/2023\/05\/image-49.png",360,180,false],"covernews-medium-square":["https:\/\/infoecos.com.ar\/wp-content\/uploads\/2023\/05\/image-49.png",360,180,false]},"author_info":{"info":["Jorge Matheus"]},"category_info":"<a href=\"https:\/\/infoecos.com.ar\/index.php\/category\/inferior12\/\" rel=\"category tag\">Bloque inferior - 12<\/a>","tag_info":"Bloque inferior - 12","comment_count":"0","_links":{"self":[{"href":"https:\/\/infoecos.com.ar\/index.php\/wp-json\/wp\/v2\/posts\/104759"}],"collection":[{"href":"https:\/\/infoecos.com.ar\/index.php\/wp-json\/wp\/v2\/posts"}],"about":[{"href":"https:\/\/infoecos.com.ar\/index.php\/wp-json\/wp\/v2\/types\/post"}],"author":[{"embeddable":true,"href":"https:\/\/infoecos.com.ar\/index.php\/wp-json\/wp\/v2\/users\/2"}],"replies":[{"embeddable":true,"href":"https:\/\/infoecos.com.ar\/index.php\/wp-json\/wp\/v2\/comments?post=104759"}],"version-history":[{"count":2,"href":"https:\/\/infoecos.com.ar\/index.php\/wp-json\/wp\/v2\/posts\/104759\/revisions"}],"predecessor-version":[{"id":104765,"href":"https:\/\/infoecos.com.ar\/index.php\/wp-json\/wp\/v2\/posts\/104759\/revisions\/104765"}],"wp:featuredmedia":[{"embeddable":true,"href":"https:\/\/infoecos.com.ar\/index.php\/wp-json\/wp\/v2\/media\/104760"}],"wp:attachment":[{"href":"https:\/\/infoecos.com.ar\/index.php\/wp-json\/wp\/v2\/media?parent=104759"}],"wp:term":[{"taxonomy":"category","embeddable":true,"href":"https:\/\/infoecos.com.ar\/index.php\/wp-json\/wp\/v2\/categories?post=104759"},{"taxonomy":"post_tag","embeddable":true,"href":"https:\/\/infoecos.com.ar\/index.php\/wp-json\/wp\/v2\/tags?post=104759"}],"curies":[{"name":"wp","href":"https:\/\/api.w.org\/{rel}","templated":true}]}}