{"id":104779,"date":"2023-05-09T21:50:21","date_gmt":"2023-05-10T00:50:21","guid":{"rendered":"https:\/\/infoecos.com.ar\/?p=104779"},"modified":"2023-05-10T15:05:26","modified_gmt":"2023-05-10T18:05:26","slug":"horacio-samame-abogado-defensor-del-detenido-por-el-asesinato-de-anita-hablo-con-am-1280","status":"publish","type":"post","link":"https:\/\/infoecos.com.ar\/index.php\/horacio-samame-abogado-defensor-del-detenido-por-el-asesinato-de-anita-hablo-con-am-1280\/","title":{"rendered":"Horacio Samam\u00e9, abogado defensor del detenido por el asesinato de Anita, habl\u00f3 con AM 1280"},"content":{"rendered":"\n<p>\u00abSi no estuviera convencido que Pereyra es inocente, no habr\u00eda tomado su defensa\u00bb, dijo esta ma\u00f1ana por Las Radios de Trenque Lauquen (AM 1280 y FM 88.5) durante el programa Zapping, el doctor Horacio Samam\u00e9.<\/p>\n\n\n\n<figure class=\"wp-block-image aligncenter size-full is-resized\"><img loading=\"lazy\" decoding=\"async\" src=\"https:\/\/infoecos.com.ar\/wp-content\/uploads\/2023\/05\/346044406_201169462769228_1324008246214845782_n.jpg\" alt=\"\" class=\"wp-image-104781\" width=\"484\" height=\"484\"\/><figcaption class=\"wp-element-caption\">Samam\u00e9 Horacio<\/figcaption><\/figure>\n\n\n\n<p>El abogado ponder\u00f3 la tarea de investigaci\u00f3n desarrollada, se\u00f1alando que tengo una \u00abbuena relaci\u00f3n con la doctora Talarico, pero ella es la Fiscal y Yo el defensor\u00bb.  Samam\u00e9 cuestion\u00f3, sin enumerarlas, las pruebas que trascendieron tiene la autoridad judicial. <\/p>\n\n\n\n<p>\u00abSi bien se atiende desde el Juzgado de Garant\u00edas, el pedido de detenci\u00f3n por femicidio, apelar\u00e9 el mismo porque estoy seguro se est\u00e1n guiando por indicios, que lejos est\u00e1n de las pruebas\u00bb, expres\u00f3.<\/p>\n\n\n\n<p>\u00abPereyra no estuvo por la zona del hecho en los horarios que se mencionan. Puede haya pasado, pero no coincide en absoluto con los resultados de la autopsia, la que se hizo como 12 horas despu\u00e9s\u00bb, expuso m\u00e1s adelante.<\/p>\n\n\n\n<p>En otra parte de la conversaci\u00f3n explic\u00f3 que \u00abtodav\u00eda faltan los resultados del ADN que se est\u00e1 realizando con los elementos de prueba recogidos en el interior de la vivienda de Ana Mar\u00eda Aristimu\u00f1o\u00bb.<\/p>\n\n\n\n<figure class=\"wp-block-image aligncenter size-full\"><img loading=\"lazy\" decoding=\"async\" width=\"311\" height=\"645\" src=\"https:\/\/infoecos.com.ar\/wp-content\/uploads\/2023\/05\/346073513_1377069256200419_2690645551569755963_n.jpg\" alt=\"\" class=\"wp-image-104782\"\/><figcaption class=\"wp-element-caption\">Samam\u00e9, Horacio <\/figcaption><\/figure>\n\n\n\n<p>Samam\u00e9 es de origen cordob\u00e9s, conocido en Trenque Lauquen y el Departamento Judicial. Est\u00e1 radicado desde hace a\u00f1os en la ciudad y tiene 68 a\u00f1os. <\/p>\n\n\n\n<p><a href=\"https:\/\/www.facebook.com\/ad_center\/create\/boostpost\/?entry_point=www_profile_plus_timeline&amp;page_id=712104402250947&amp;target_id=697168535749142&amp;__cft__[0]=AZWQhhyhRTF9t7wsaCbkaFHVAarjNQipohhEuAqf0fwzJvTxvudFijOqfmZbmG6TpkNHPL1NAxewS-CDg_zE6pZ0NjBaChPqdmAOgc8Mx58L02OgTeluzowt7vQtsFKgX2k6GOVHO6nmsGdP5YWWkOfg1ADZgSv21RMVMlv7P9uBEYz_pWp6scsQs3ScPcWS-kuQILatuXZqtje0qHHRr73c&amp;__tn__=*W-R\"><\/a><\/p>\n\n\n\n<p><\/p>\n","protected":false},"excerpt":{"rendered":"<p>\u00abSi bien se atiende desde el Juzgado de Garant\u00edas, el pedido de detenci\u00f3n por femicidio, apelar\u00e9 el mismo porque estoy seguro se est\u00e1n guiando por indicios, que lejos est\u00e1n de las pruebas\u00bb, expres\u00f3<\/p>\n","protected":false},"author":2,"featured_media":104781,"comment_status":"closed","ping_status":"open","sticky":false,"template":"","format":"standard","meta":{"footnotes":""},"categories":[25],"tags":[7886],"class_list":["post-104779","post","type-post","status-publish","format-standard","has-post-thumbnail","hentry","category-c3nota1","tag-el-crimen-de-anita-aristimuno"],"yoast_head":"<!-- This site is optimized with the Yoast SEO plugin v23.4 - https:\/\/yoast.com\/wordpress\/plugins\/seo\/ -->\n<title>Horacio Samam\u00e9, abogado defensor del detenido por el asesinato de Anita, habl\u00f3 con AM 1280 - Infoecos<\/title>\n<meta name=\"robots\" content=\"index, follow, max-snippet:-1, max-image-preview:large, max-video-preview:-1\" \/>\n<link rel=\"canonical\" href=\"https:\/\/infoecos.com.ar\/index.php\/horacio-samame-abogado-defensor-del-detenido-por-el-asesinato-de-anita-hablo-con-am-1280\/\" \/>\n<meta property=\"og:locale\" content=\"es_ES\" \/>\n<meta property=\"og:type\" content=\"article\" \/>\n<meta property=\"og:title\" content=\"Horacio Samam\u00e9, abogado defensor del detenido por el asesinato de Anita, habl\u00f3 con AM 1280 - Infoecos\" \/>\n<meta property=\"og:description\" content=\"&quot;Si bien se atiende desde el Juzgado de Garant\u00edas, el pedido de detenci\u00f3n por femicidio, apelar\u00e9 el mismo porque estoy seguro se est\u00e1n guiando por indicios, que lejos est\u00e1n de las pruebas&quot;, expres\u00f3\" \/>\n<meta property=\"og:url\" content=\"https:\/\/infoecos.com.ar\/index.php\/horacio-samame-abogado-defensor-del-detenido-por-el-asesinato-de-anita-hablo-con-am-1280\/\" \/>\n<meta property=\"og:site_name\" content=\"Infoecos\" \/>\n<meta property=\"article:publisher\" content=\"https:\/\/www.facebook.com\/profile.php?id=100063200290284\" \/>\n<meta property=\"article:published_time\" content=\"2023-05-10T00:50:21+00:00\" \/>\n<meta property=\"article:modified_time\" content=\"2023-05-10T18:05:26+00:00\" \/>\n<meta property=\"og:image\" content=\"https:\/\/infoecos.com.ar\/wp-content\/uploads\/2023\/05\/346044406_201169462769228_1324008246214845782_n.jpg\" \/>\n\t<meta property=\"og:image:width\" content=\"350\" \/>\n\t<meta property=\"og:image:height\" content=\"350\" \/>\n\t<meta property=\"og:image:type\" content=\"image\/jpeg\" \/>\n<meta name=\"author\" content=\"Jorge Matheus\" \/>\n<meta name=\"twitter:card\" content=\"summary_large_image\" \/>\n<meta name=\"twitter:creator\" content=\"@infoecos\" \/>\n<meta name=\"twitter:site\" content=\"@infoecos\" \/>\n<meta name=\"twitter:label1\" content=\"Escrito por\" \/>\n\t<meta name=\"twitter:data1\" content=\"Jorge Matheus\" \/>\n\t<meta name=\"twitter:label2\" content=\"Tiempo de lectura\" \/>\n\t<meta name=\"twitter:data2\" content=\"2 minutos\" \/>\n<script type=\"application\/ld+json\" class=\"yoast-schema-graph\">{\"@context\":\"https:\/\/schema.org\",\"@graph\":[{\"@type\":\"Article\",\"@id\":\"https:\/\/infoecos.com.ar\/index.php\/horacio-samame-abogado-defensor-del-detenido-por-el-asesinato-de-anita-hablo-con-am-1280\/#article\",\"isPartOf\":{\"@id\":\"https:\/\/infoecos.com.ar\/index.php\/horacio-samame-abogado-defensor-del-detenido-por-el-asesinato-de-anita-hablo-con-am-1280\/\"},\"author\":{\"name\":\"Jorge Matheus\",\"@id\":\"https:\/\/infoecos.com.ar\/#\/schema\/person\/8f5ace5ce73b4b4aac4b7245aee6f191\"},\"headline\":\"Horacio Samam\u00e9, abogado defensor del detenido por el asesinato de Anita, habl\u00f3 con AM 1280\",\"datePublished\":\"2023-05-10T00:50:21+00:00\",\"dateModified\":\"2023-05-10T18:05:26+00:00\",\"mainEntityOfPage\":{\"@id\":\"https:\/\/infoecos.com.ar\/index.php\/horacio-samame-abogado-defensor-del-detenido-por-el-asesinato-de-anita-hablo-con-am-1280\/\"},\"wordCount\":237,\"publisher\":{\"@id\":\"https:\/\/infoecos.com.ar\/#organization\"},\"image\":{\"@id\":\"https:\/\/infoecos.com.ar\/index.php\/horacio-samame-abogado-defensor-del-detenido-por-el-asesinato-de-anita-hablo-con-am-1280\/#primaryimage\"},\"thumbnailUrl\":\"https:\/\/infoecos.com.ar\/wp-content\/uploads\/2023\/05\/346044406_201169462769228_1324008246214845782_n.jpg\",\"keywords\":[\"EL CR\u00cdMEN DE ANITA ARISTIMU\u00d1O\"],\"articleSection\":[\"C3 N1\"],\"inLanguage\":\"es\"},{\"@type\":\"WebPage\",\"@id\":\"https:\/\/infoecos.com.ar\/index.php\/horacio-samame-abogado-defensor-del-detenido-por-el-asesinato-de-anita-hablo-con-am-1280\/\",\"url\":\"https:\/\/infoecos.com.ar\/index.php\/horacio-samame-abogado-defensor-del-detenido-por-el-asesinato-de-anita-hablo-con-am-1280\/\",\"name\":\"Horacio Samam\u00e9, abogado defensor del detenido por el asesinato de Anita, habl\u00f3 con AM 1280 - Infoecos\",\"isPartOf\":{\"@id\":\"https:\/\/infoecos.com.ar\/#website\"},\"primaryImageOfPage\":{\"@id\":\"https:\/\/infoecos.com.ar\/index.php\/horacio-samame-abogado-defensor-del-detenido-por-el-asesinato-de-anita-hablo-con-am-1280\/#primaryimage\"},\"image\":{\"@id\":\"https:\/\/infoecos.com.ar\/index.php\/horacio-samame-abogado-defensor-del-detenido-por-el-asesinato-de-anita-hablo-con-am-1280\/#primaryimage\"},\"thumbnailUrl\":\"https:\/\/infoecos.com.ar\/wp-content\/uploads\/2023\/05\/346044406_201169462769228_1324008246214845782_n.jpg\",\"datePublished\":\"2023-05-10T00:50:21+00:00\",\"dateModified\":\"2023-05-10T18:05:26+00:00\",\"breadcrumb\":{\"@id\":\"https:\/\/infoecos.com.ar\/index.php\/horacio-samame-abogado-defensor-del-detenido-por-el-asesinato-de-anita-hablo-con-am-1280\/#breadcrumb\"},\"inLanguage\":\"es\",\"potentialAction\":[{\"@type\":\"ReadAction\",\"target\":[\"https:\/\/infoecos.com.ar\/index.php\/horacio-samame-abogado-defensor-del-detenido-por-el-asesinato-de-anita-hablo-con-am-1280\/\"]}]},{\"@type\":\"ImageObject\",\"inLanguage\":\"es\",\"@id\":\"https:\/\/infoecos.com.ar\/index.php\/horacio-samame-abogado-defensor-del-detenido-por-el-asesinato-de-anita-hablo-con-am-1280\/#primaryimage\",\"url\":\"https:\/\/infoecos.com.ar\/wp-content\/uploads\/2023\/05\/346044406_201169462769228_1324008246214845782_n.jpg\",\"contentUrl\":\"https:\/\/infoecos.com.ar\/wp-content\/uploads\/2023\/05\/346044406_201169462769228_1324008246214845782_n.jpg\",\"width\":350,\"height\":350},{\"@type\":\"BreadcrumbList\",\"@id\":\"https:\/\/infoecos.com.ar\/index.php\/horacio-samame-abogado-defensor-del-detenido-por-el-asesinato-de-anita-hablo-con-am-1280\/#breadcrumb\",\"itemListElement\":[{\"@type\":\"ListItem\",\"position\":1,\"name\":\"Portada\",\"item\":\"https:\/\/infoecos.com.ar\/\"},{\"@type\":\"ListItem\",\"position\":2,\"name\":\"Horacio Samam\u00e9, abogado defensor del detenido por el asesinato de Anita, habl\u00f3 con AM 1280\"}]},{\"@type\":\"WebSite\",\"@id\":\"https:\/\/infoecos.com.ar\/#website\",\"url\":\"https:\/\/infoecos.com.ar\/\",\"name\":\"Infoecos\",\"description\":\"Noticias de trenque lauquen y la zona\",\"publisher\":{\"@id\":\"https:\/\/infoecos.com.ar\/#organization\"},\"alternateName\":\"Noticias\",\"potentialAction\":[{\"@type\":\"SearchAction\",\"target\":{\"@type\":\"EntryPoint\",\"urlTemplate\":\"https:\/\/infoecos.com.ar\/?s={search_term_string}\"},\"query-input\":{\"@type\":\"PropertyValueSpecification\",\"valueRequired\":true,\"valueName\":\"search_term_string\"}}],\"inLanguage\":\"es\"},{\"@type\":\"Organization\",\"@id\":\"https:\/\/infoecos.com.ar\/#organization\",\"name\":\"Infoecos\",\"alternateName\":\"Noticias\",\"url\":\"https:\/\/infoecos.com.ar\/\",\"logo\":{\"@type\":\"ImageObject\",\"inLanguage\":\"es\",\"@id\":\"https:\/\/infoecos.com.ar\/#\/schema\/logo\/image\/\",\"url\":\"https:\/\/infoecos.com.ar\/wp-content\/uploads\/2024\/03\/cropped-logo.png\",\"contentUrl\":\"https:\/\/infoecos.com.ar\/wp-content\/uploads\/2024\/03\/cropped-logo.png\",\"width\":374,\"height\":90,\"caption\":\"Infoecos\"},\"image\":{\"@id\":\"https:\/\/infoecos.com.ar\/#\/schema\/logo\/image\/\"},\"sameAs\":[\"https:\/\/www.facebook.com\/profile.php?id=100063200290284\",\"https:\/\/x.com\/infoecos\"]},{\"@type\":\"Person\",\"@id\":\"https:\/\/infoecos.com.ar\/#\/schema\/person\/8f5ace5ce73b4b4aac4b7245aee6f191\",\"name\":\"Jorge Matheus\",\"url\":\"https:\/\/infoecos.com.ar\/index.php\/author\/jomatheus\/\"}]}<\/script>\n<!-- \/ Yoast SEO plugin. -->","yoast_head_json":{"title":"Horacio Samam\u00e9, abogado defensor del detenido por el asesinato de Anita, habl\u00f3 con AM 1280 - Infoecos","robots":{"index":"index","follow":"follow","max-snippet":"max-snippet:-1","max-image-preview":"max-image-preview:large","max-video-preview":"max-video-preview:-1"},"canonical":"https:\/\/infoecos.com.ar\/index.php\/horacio-samame-abogado-defensor-del-detenido-por-el-asesinato-de-anita-hablo-con-am-1280\/","og_locale":"es_ES","og_type":"article","og_title":"Horacio Samam\u00e9, abogado defensor del detenido por el asesinato de Anita, habl\u00f3 con AM 1280 - Infoecos","og_description":"\"Si bien se atiende desde el Juzgado de Garant\u00edas, el pedido de detenci\u00f3n por femicidio, apelar\u00e9 el mismo porque estoy seguro se est\u00e1n guiando por indicios, que lejos est\u00e1n de las pruebas\", expres\u00f3","og_url":"https:\/\/infoecos.com.ar\/index.php\/horacio-samame-abogado-defensor-del-detenido-por-el-asesinato-de-anita-hablo-con-am-1280\/","og_site_name":"Infoecos","article_publisher":"https:\/\/www.facebook.com\/profile.php?id=100063200290284","article_published_time":"2023-05-10T00:50:21+00:00","article_modified_time":"2023-05-10T18:05:26+00:00","og_image":[{"width":350,"height":350,"url":"https:\/\/infoecos.com.ar\/wp-content\/uploads\/2023\/05\/346044406_201169462769228_1324008246214845782_n.jpg","type":"image\/jpeg"}],"author":"Jorge Matheus","twitter_card":"summary_large_image","twitter_creator":"@infoecos","twitter_site":"@infoecos","twitter_misc":{"Escrito por":"Jorge Matheus","Tiempo de lectura":"2 minutos"},"schema":{"@context":"https:\/\/schema.org","@graph":[{"@type":"Article","@id":"https:\/\/infoecos.com.ar\/index.php\/horacio-samame-abogado-defensor-del-detenido-por-el-asesinato-de-anita-hablo-con-am-1280\/#article","isPartOf":{"@id":"https:\/\/infoecos.com.ar\/index.php\/horacio-samame-abogado-defensor-del-detenido-por-el-asesinato-de-anita-hablo-con-am-1280\/"},"author":{"name":"Jorge Matheus","@id":"https:\/\/infoecos.com.ar\/#\/schema\/person\/8f5ace5ce73b4b4aac4b7245aee6f191"},"headline":"Horacio Samam\u00e9, abogado defensor del detenido por el asesinato de Anita, habl\u00f3 con AM 1280","datePublished":"2023-05-10T00:50:21+00:00","dateModified":"2023-05-10T18:05:26+00:00","mainEntityOfPage":{"@id":"https:\/\/infoecos.com.ar\/index.php\/horacio-samame-abogado-defensor-del-detenido-por-el-asesinato-de-anita-hablo-con-am-1280\/"},"wordCount":237,"publisher":{"@id":"https:\/\/infoecos.com.ar\/#organization"},"image":{"@id":"https:\/\/infoecos.com.ar\/index.php\/horacio-samame-abogado-defensor-del-detenido-por-el-asesinato-de-anita-hablo-con-am-1280\/#primaryimage"},"thumbnailUrl":"https:\/\/infoecos.com.ar\/wp-content\/uploads\/2023\/05\/346044406_201169462769228_1324008246214845782_n.jpg","keywords":["EL CR\u00cdMEN DE ANITA ARISTIMU\u00d1O"],"articleSection":["C3 N1"],"inLanguage":"es"},{"@type":"WebPage","@id":"https:\/\/infoecos.com.ar\/index.php\/horacio-samame-abogado-defensor-del-detenido-por-el-asesinato-de-anita-hablo-con-am-1280\/","url":"https:\/\/infoecos.com.ar\/index.php\/horacio-samame-abogado-defensor-del-detenido-por-el-asesinato-de-anita-hablo-con-am-1280\/","name":"Horacio Samam\u00e9, abogado defensor del detenido por el asesinato de Anita, habl\u00f3 con AM 1280 - Infoecos","isPartOf":{"@id":"https:\/\/infoecos.com.ar\/#website"},"primaryImageOfPage":{"@id":"https:\/\/infoecos.com.ar\/index.php\/horacio-samame-abogado-defensor-del-detenido-por-el-asesinato-de-anita-hablo-con-am-1280\/#primaryimage"},"image":{"@id":"https:\/\/infoecos.com.ar\/index.php\/horacio-samame-abogado-defensor-del-detenido-por-el-asesinato-de-anita-hablo-con-am-1280\/#primaryimage"},"thumbnailUrl":"https:\/\/infoecos.com.ar\/wp-content\/uploads\/2023\/05\/346044406_201169462769228_1324008246214845782_n.jpg","datePublished":"2023-05-10T00:50:21+00:00","dateModified":"2023-05-10T18:05:26+00:00","breadcrumb":{"@id":"https:\/\/infoecos.com.ar\/index.php\/horacio-samame-abogado-defensor-del-detenido-por-el-asesinato-de-anita-hablo-con-am-1280\/#breadcrumb"},"inLanguage":"es","potentialAction":[{"@type":"ReadAction","target":["https:\/\/infoecos.com.ar\/index.php\/horacio-samame-abogado-defensor-del-detenido-por-el-asesinato-de-anita-hablo-con-am-1280\/"]}]},{"@type":"ImageObject","inLanguage":"es","@id":"https:\/\/infoecos.com.ar\/index.php\/horacio-samame-abogado-defensor-del-detenido-por-el-asesinato-de-anita-hablo-con-am-1280\/#primaryimage","url":"https:\/\/infoecos.com.ar\/wp-content\/uploads\/2023\/05\/346044406_201169462769228_1324008246214845782_n.jpg","contentUrl":"https:\/\/infoecos.com.ar\/wp-content\/uploads\/2023\/05\/346044406_201169462769228_1324008246214845782_n.jpg","width":350,"height":350},{"@type":"BreadcrumbList","@id":"https:\/\/infoecos.com.ar\/index.php\/horacio-samame-abogado-defensor-del-detenido-por-el-asesinato-de-anita-hablo-con-am-1280\/#breadcrumb","itemListElement":[{"@type":"ListItem","position":1,"name":"Portada","item":"https:\/\/infoecos.com.ar\/"},{"@type":"ListItem","position":2,"name":"Horacio Samam\u00e9, abogado defensor del detenido por el asesinato de Anita, habl\u00f3 con AM 1280"}]},{"@type":"WebSite","@id":"https:\/\/infoecos.com.ar\/#website","url":"https:\/\/infoecos.com.ar\/","name":"Infoecos","description":"Noticias de trenque lauquen y la zona","publisher":{"@id":"https:\/\/infoecos.com.ar\/#organization"},"alternateName":"Noticias","potentialAction":[{"@type":"SearchAction","target":{"@type":"EntryPoint","urlTemplate":"https:\/\/infoecos.com.ar\/?s={search_term_string}"},"query-input":{"@type":"PropertyValueSpecification","valueRequired":true,"valueName":"search_term_string"}}],"inLanguage":"es"},{"@type":"Organization","@id":"https:\/\/infoecos.com.ar\/#organization","name":"Infoecos","alternateName":"Noticias","url":"https:\/\/infoecos.com.ar\/","logo":{"@type":"ImageObject","inLanguage":"es","@id":"https:\/\/infoecos.com.ar\/#\/schema\/logo\/image\/","url":"https:\/\/infoecos.com.ar\/wp-content\/uploads\/2024\/03\/cropped-logo.png","contentUrl":"https:\/\/infoecos.com.ar\/wp-content\/uploads\/2024\/03\/cropped-logo.png","width":374,"height":90,"caption":"Infoecos"},"image":{"@id":"https:\/\/infoecos.com.ar\/#\/schema\/logo\/image\/"},"sameAs":["https:\/\/www.facebook.com\/profile.php?id=100063200290284","https:\/\/x.com\/infoecos"]},{"@type":"Person","@id":"https:\/\/infoecos.com.ar\/#\/schema\/person\/8f5ace5ce73b4b4aac4b7245aee6f191","name":"Jorge Matheus","url":"https:\/\/infoecos.com.ar\/index.php\/author\/jomatheus\/"}]}},"featured_image_urls":{"full":["https:\/\/infoecos.com.ar\/wp-content\/uploads\/2023\/05\/346044406_201169462769228_1324008246214845782_n.jpg",350,350,false],"thumbnail":["https:\/\/infoecos.com.ar\/wp-content\/uploads\/2023\/05\/346044406_201169462769228_1324008246214845782_n-300x150.jpg",300,150,true],"medium":["https:\/\/infoecos.com.ar\/wp-content\/uploads\/2023\/05\/346044406_201169462769228_1324008246214845782_n.jpg",350,350,false],"medium_large":["https:\/\/infoecos.com.ar\/wp-content\/uploads\/2023\/05\/346044406_201169462769228_1324008246214845782_n.jpg",350,350,false],"large":["https:\/\/infoecos.com.ar\/wp-content\/uploads\/2023\/05\/346044406_201169462769228_1324008246214845782_n.jpg",350,350,false],"1536x1536":["https:\/\/infoecos.com.ar\/wp-content\/uploads\/2023\/05\/346044406_201169462769228_1324008246214845782_n.jpg",350,350,false],"2048x2048":["https:\/\/infoecos.com.ar\/wp-content\/uploads\/2023\/05\/346044406_201169462769228_1324008246214845782_n.jpg",350,350,false],"covernews-slider-full":["https:\/\/infoecos.com.ar\/wp-content\/uploads\/2023\/05\/346044406_201169462769228_1324008246214845782_n.jpg",350,350,false],"covernews-slider-center":["https:\/\/infoecos.com.ar\/wp-content\/uploads\/2023\/05\/346044406_201169462769228_1324008246214845782_n.jpg",350,350,false],"covernews-featured":["https:\/\/infoecos.com.ar\/wp-content\/uploads\/2023\/05\/346044406_201169462769228_1324008246214845782_n.jpg",350,350,false],"covernews-medium":["https:\/\/infoecos.com.ar\/wp-content\/uploads\/2023\/05\/346044406_201169462769228_1324008246214845782_n.jpg",340,340,false],"covernews-medium-square":["https:\/\/infoecos.com.ar\/wp-content\/uploads\/2023\/05\/346044406_201169462769228_1324008246214845782_n.jpg",250,250,false]},"author_info":{"info":["Jorge Matheus"]},"category_info":"<a href=\"https:\/\/infoecos.com.ar\/index.php\/category\/c3nota1\/\" rel=\"category tag\">C3 N1<\/a>","tag_info":"C3 N1","comment_count":"0","_links":{"self":[{"href":"https:\/\/infoecos.com.ar\/index.php\/wp-json\/wp\/v2\/posts\/104779"}],"collection":[{"href":"https:\/\/infoecos.com.ar\/index.php\/wp-json\/wp\/v2\/posts"}],"about":[{"href":"https:\/\/infoecos.com.ar\/index.php\/wp-json\/wp\/v2\/types\/post"}],"author":[{"embeddable":true,"href":"https:\/\/infoecos.com.ar\/index.php\/wp-json\/wp\/v2\/users\/2"}],"replies":[{"embeddable":true,"href":"https:\/\/infoecos.com.ar\/index.php\/wp-json\/wp\/v2\/comments?post=104779"}],"version-history":[{"count":1,"href":"https:\/\/infoecos.com.ar\/index.php\/wp-json\/wp\/v2\/posts\/104779\/revisions"}],"predecessor-version":[{"id":104783,"href":"https:\/\/infoecos.com.ar\/index.php\/wp-json\/wp\/v2\/posts\/104779\/revisions\/104783"}],"wp:featuredmedia":[{"embeddable":true,"href":"https:\/\/infoecos.com.ar\/index.php\/wp-json\/wp\/v2\/media\/104781"}],"wp:attachment":[{"href":"https:\/\/infoecos.com.ar\/index.php\/wp-json\/wp\/v2\/media?parent=104779"}],"wp:term":[{"taxonomy":"category","embeddable":true,"href":"https:\/\/infoecos.com.ar\/index.php\/wp-json\/wp\/v2\/categories?post=104779"},{"taxonomy":"post_tag","embeddable":true,"href":"https:\/\/infoecos.com.ar\/index.php\/wp-json\/wp\/v2\/tags?post=104779"}],"curies":[{"name":"wp","href":"https:\/\/api.w.org\/{rel}","templated":true}]}}