{"id":104788,"date":"2023-05-09T22:26:19","date_gmt":"2023-05-10T01:26:19","guid":{"rendered":"https:\/\/infoecos.com.ar\/?p=104788"},"modified":"2023-05-09T22:26:19","modified_gmt":"2023-05-10T01:26:19","slug":"para-los-medios-de-comunicacion-de-la-region-la-visita-de-kicillof-y-massa-a-america-esta-en-duda","status":"publish","type":"post","link":"https:\/\/infoecos.com.ar\/index.php\/para-los-medios-de-comunicacion-de-la-region-la-visita-de-kicillof-y-massa-a-america-esta-en-duda\/","title":{"rendered":"Para los medios de comunicaci\u00f3n de la regi\u00f3n la visita de Kicillof y Massa a Am\u00e9rica est\u00e1 en duda"},"content":{"rendered":"\n<p>Los medios de comunicaci\u00f3n del oeste de la provincia de Buenos Aires, cuya importancia no es necesario destacar en esta informaci\u00f3n, no han sido informados para el acto que seg\u00fan se dijo se concretar\u00e1 este mi\u00e9rcoles en Am\u00e9rica (Rivadavia).<\/p>\n\n\n\n<figure class=\"wp-block-image aligncenter size-large is-resized\"><img loading=\"lazy\" decoding=\"async\" src=\"https:\/\/infoecos.com.ar\/wp-content\/uploads\/2022\/07\/293691799_10228320469424894_5273386458580687453_n-920x650.jpg\" alt=\"\" class=\"wp-image-94366\" width=\"400\" height=\"282\" srcset=\"https:\/\/infoecos.com.ar\/wp-content\/uploads\/2022\/07\/293691799_10228320469424894_5273386458580687453_n-920x650.jpg 920w, https:\/\/infoecos.com.ar\/wp-content\/uploads\/2022\/07\/293691799_10228320469424894_5273386458580687453_n-460x325.jpg 460w, https:\/\/infoecos.com.ar\/wp-content\/uploads\/2022\/07\/293691799_10228320469424894_5273386458580687453_n-768x543.jpg 768w, https:\/\/infoecos.com.ar\/wp-content\/uploads\/2022\/07\/293691799_10228320469424894_5273386458580687453_n-1536x1086.jpg 1536w, https:\/\/infoecos.com.ar\/wp-content\/uploads\/2022\/07\/293691799_10228320469424894_5273386458580687453_n-1024x724.jpg 1024w, https:\/\/infoecos.com.ar\/wp-content\/uploads\/2022\/07\/293691799_10228320469424894_5273386458580687453_n.jpg 2048w\" sizes=\"(max-width: 400px) 100vw, 400px\" \/><\/figure>\n\n\n\n<p>En una r\u00e1pida recorrida por los sitios de Internet de la ciudad capital del del distrito a recorrer y General Villegas, donde se hab\u00eda mencionado que viajar\u00eda el gobernador este viernes, hacen menci\u00f3n a la visita del ministro de Econom\u00eda, Sergio Massa y de Axel Kicillof.<\/p>\n\n\n\n<p>Solo la cuenta de Facebook del senador Juanci Mart\u00ednez tiene una nota de invitaci\u00f3n publicada para el acto que se concretar\u00eda ma\u00f1ana para dejar inaugurada una obra de fundamental relevancia para Rivadavia y poblaciones que componen el partido, como as\u00ed tambi\u00e9n para el futuro regional. El responsable de comunicaci\u00f3n medi\u00e1tica del legislador rivadaviense, transmiti\u00f3 el martes en forma grupal, a trav\u00e9s de su whatsapp lo siguiente: <strong><em>Como sabran, Massa y Kicillof comparten acto ma\u00f1ana con Juanci en Am\u00e9rica. Cualquier material o info que necesiten, me escriben. Abrazo!<\/em><\/strong><\/p>\n\n\n\n<p>Se se\u00f1al\u00f3 durante estos d\u00edas previas que el acto se concretar\u00e1 a las 11 horas de la ma\u00f1ana.<\/p>\n\n\n\n<p>En los medios de General Villegas, muy especialmente sus dos m\u00e1s prestigiosos, diarioactualidad.com y distritointerior.com.ar no hacen referencia a esta visita. Tampoco el municipio produjo alguna informaci\u00f3n a la prensa. <\/p>\n","protected":false},"excerpt":{"rendered":"<p>En una r\u00e1pida recorrida por los sitios de Internet de la ciudad capital del del distrito a recorrer y General Villegas, donde se hab\u00eda mencionado que viajar\u00eda el gobernador este viernes, hacen menci\u00f3n a la visita del ministro de Econom\u00eda, Sergio Massa y de Axel Kicillof<\/p>\n","protected":false},"author":2,"featured_media":104668,"comment_status":"closed","ping_status":"open","sticky":false,"template":"","format":"standard","meta":{"footnotes":""},"categories":[1613],"tags":[7889],"class_list":["post-104788","post","type-post","status-publish","format-standard","has-post-thumbnail","hentry","category-noticia-secundaria","tag-se-anunciaba-para-este-miercoles"],"yoast_head":"<!-- This site is optimized with the Yoast SEO plugin v23.4 - https:\/\/yoast.com\/wordpress\/plugins\/seo\/ -->\n<title>Para los medios de comunicaci\u00f3n de la regi\u00f3n la visita de Kicillof y Massa a Am\u00e9rica est\u00e1 en duda - Infoecos<\/title>\n<meta name=\"robots\" content=\"index, follow, max-snippet:-1, max-image-preview:large, max-video-preview:-1\" \/>\n<link rel=\"canonical\" href=\"https:\/\/infoecos.com.ar\/index.php\/para-los-medios-de-comunicacion-de-la-region-la-visita-de-kicillof-y-massa-a-america-esta-en-duda\/\" \/>\n<meta property=\"og:locale\" content=\"es_ES\" \/>\n<meta property=\"og:type\" content=\"article\" \/>\n<meta property=\"og:title\" content=\"Para los medios de comunicaci\u00f3n de la regi\u00f3n la visita de Kicillof y Massa a Am\u00e9rica est\u00e1 en duda - Infoecos\" \/>\n<meta property=\"og:description\" content=\"En una r\u00e1pida recorrida por los sitios de Internet de la ciudad capital del del distrito a recorrer y General Villegas, donde se hab\u00eda mencionado que viajar\u00eda el gobernador este viernes, hacen menci\u00f3n a la visita del ministro de Econom\u00eda, Sergio Massa y de Axel Kicillof\" \/>\n<meta property=\"og:url\" content=\"https:\/\/infoecos.com.ar\/index.php\/para-los-medios-de-comunicacion-de-la-region-la-visita-de-kicillof-y-massa-a-america-esta-en-duda\/\" \/>\n<meta property=\"og:site_name\" content=\"Infoecos\" \/>\n<meta property=\"article:publisher\" content=\"https:\/\/www.facebook.com\/profile.php?id=100063200290284\" \/>\n<meta property=\"article:published_time\" content=\"2023-05-10T01:26:19+00:00\" \/>\n<meta property=\"og:image\" content=\"https:\/\/infoecos.com.ar\/wp-content\/uploads\/2023\/05\/image-35.png\" \/>\n\t<meta property=\"og:image:width\" content=\"1200\" \/>\n\t<meta property=\"og:image:height\" content=\"675\" \/>\n\t<meta property=\"og:image:type\" content=\"image\/png\" \/>\n<meta name=\"author\" content=\"Jorge Matheus\" \/>\n<meta name=\"twitter:card\" content=\"summary_large_image\" \/>\n<meta name=\"twitter:creator\" content=\"@infoecos\" \/>\n<meta name=\"twitter:site\" content=\"@infoecos\" \/>\n<meta name=\"twitter:label1\" content=\"Escrito por\" \/>\n\t<meta name=\"twitter:data1\" content=\"Jorge Matheus\" \/>\n\t<meta name=\"twitter:label2\" content=\"Tiempo de lectura\" \/>\n\t<meta name=\"twitter:data2\" content=\"2 minutos\" \/>\n<script type=\"application\/ld+json\" class=\"yoast-schema-graph\">{\"@context\":\"https:\/\/schema.org\",\"@graph\":[{\"@type\":\"Article\",\"@id\":\"https:\/\/infoecos.com.ar\/index.php\/para-los-medios-de-comunicacion-de-la-region-la-visita-de-kicillof-y-massa-a-america-esta-en-duda\/#article\",\"isPartOf\":{\"@id\":\"https:\/\/infoecos.com.ar\/index.php\/para-los-medios-de-comunicacion-de-la-region-la-visita-de-kicillof-y-massa-a-america-esta-en-duda\/\"},\"author\":{\"name\":\"Jorge Matheus\",\"@id\":\"https:\/\/infoecos.com.ar\/#\/schema\/person\/8f5ace5ce73b4b4aac4b7245aee6f191\"},\"headline\":\"Para los medios de comunicaci\u00f3n de la regi\u00f3n la visita de Kicillof y Massa a Am\u00e9rica est\u00e1 en duda\",\"datePublished\":\"2023-05-10T01:26:19+00:00\",\"dateModified\":\"2023-05-10T01:26:19+00:00\",\"mainEntityOfPage\":{\"@id\":\"https:\/\/infoecos.com.ar\/index.php\/para-los-medios-de-comunicacion-de-la-region-la-visita-de-kicillof-y-massa-a-america-esta-en-duda\/\"},\"wordCount\":269,\"publisher\":{\"@id\":\"https:\/\/infoecos.com.ar\/#organization\"},\"image\":{\"@id\":\"https:\/\/infoecos.com.ar\/index.php\/para-los-medios-de-comunicacion-de-la-region-la-visita-de-kicillof-y-massa-a-america-esta-en-duda\/#primaryimage\"},\"thumbnailUrl\":\"https:\/\/infoecos.com.ar\/wp-content\/uploads\/2023\/05\/image-35.png\",\"keywords\":[\"se anunciaba para este mi\u00e9rcoles\"],\"articleSection\":[\"Noticia Secundaria\"],\"inLanguage\":\"es\"},{\"@type\":\"WebPage\",\"@id\":\"https:\/\/infoecos.com.ar\/index.php\/para-los-medios-de-comunicacion-de-la-region-la-visita-de-kicillof-y-massa-a-america-esta-en-duda\/\",\"url\":\"https:\/\/infoecos.com.ar\/index.php\/para-los-medios-de-comunicacion-de-la-region-la-visita-de-kicillof-y-massa-a-america-esta-en-duda\/\",\"name\":\"Para los medios de comunicaci\u00f3n de la regi\u00f3n la visita de Kicillof y Massa a Am\u00e9rica est\u00e1 en duda - Infoecos\",\"isPartOf\":{\"@id\":\"https:\/\/infoecos.com.ar\/#website\"},\"primaryImageOfPage\":{\"@id\":\"https:\/\/infoecos.com.ar\/index.php\/para-los-medios-de-comunicacion-de-la-region-la-visita-de-kicillof-y-massa-a-america-esta-en-duda\/#primaryimage\"},\"image\":{\"@id\":\"https:\/\/infoecos.com.ar\/index.php\/para-los-medios-de-comunicacion-de-la-region-la-visita-de-kicillof-y-massa-a-america-esta-en-duda\/#primaryimage\"},\"thumbnailUrl\":\"https:\/\/infoecos.com.ar\/wp-content\/uploads\/2023\/05\/image-35.png\",\"datePublished\":\"2023-05-10T01:26:19+00:00\",\"dateModified\":\"2023-05-10T01:26:19+00:00\",\"breadcrumb\":{\"@id\":\"https:\/\/infoecos.com.ar\/index.php\/para-los-medios-de-comunicacion-de-la-region-la-visita-de-kicillof-y-massa-a-america-esta-en-duda\/#breadcrumb\"},\"inLanguage\":\"es\",\"potentialAction\":[{\"@type\":\"ReadAction\",\"target\":[\"https:\/\/infoecos.com.ar\/index.php\/para-los-medios-de-comunicacion-de-la-region-la-visita-de-kicillof-y-massa-a-america-esta-en-duda\/\"]}]},{\"@type\":\"ImageObject\",\"inLanguage\":\"es\",\"@id\":\"https:\/\/infoecos.com.ar\/index.php\/para-los-medios-de-comunicacion-de-la-region-la-visita-de-kicillof-y-massa-a-america-esta-en-duda\/#primaryimage\",\"url\":\"https:\/\/infoecos.com.ar\/wp-content\/uploads\/2023\/05\/image-35.png\",\"contentUrl\":\"https:\/\/infoecos.com.ar\/wp-content\/uploads\/2023\/05\/image-35.png\",\"width\":1200,\"height\":675},{\"@type\":\"BreadcrumbList\",\"@id\":\"https:\/\/infoecos.com.ar\/index.php\/para-los-medios-de-comunicacion-de-la-region-la-visita-de-kicillof-y-massa-a-america-esta-en-duda\/#breadcrumb\",\"itemListElement\":[{\"@type\":\"ListItem\",\"position\":1,\"name\":\"Portada\",\"item\":\"https:\/\/infoecos.com.ar\/\"},{\"@type\":\"ListItem\",\"position\":2,\"name\":\"Para los medios de comunicaci\u00f3n de la regi\u00f3n la visita de Kicillof y Massa a Am\u00e9rica est\u00e1 en duda\"}]},{\"@type\":\"WebSite\",\"@id\":\"https:\/\/infoecos.com.ar\/#website\",\"url\":\"https:\/\/infoecos.com.ar\/\",\"name\":\"Infoecos\",\"description\":\"Noticias de trenque lauquen y la zona\",\"publisher\":{\"@id\":\"https:\/\/infoecos.com.ar\/#organization\"},\"alternateName\":\"Noticias\",\"potentialAction\":[{\"@type\":\"SearchAction\",\"target\":{\"@type\":\"EntryPoint\",\"urlTemplate\":\"https:\/\/infoecos.com.ar\/?s={search_term_string}\"},\"query-input\":{\"@type\":\"PropertyValueSpecification\",\"valueRequired\":true,\"valueName\":\"search_term_string\"}}],\"inLanguage\":\"es\"},{\"@type\":\"Organization\",\"@id\":\"https:\/\/infoecos.com.ar\/#organization\",\"name\":\"Infoecos\",\"alternateName\":\"Noticias\",\"url\":\"https:\/\/infoecos.com.ar\/\",\"logo\":{\"@type\":\"ImageObject\",\"inLanguage\":\"es\",\"@id\":\"https:\/\/infoecos.com.ar\/#\/schema\/logo\/image\/\",\"url\":\"https:\/\/infoecos.com.ar\/wp-content\/uploads\/2024\/03\/cropped-logo.png\",\"contentUrl\":\"https:\/\/infoecos.com.ar\/wp-content\/uploads\/2024\/03\/cropped-logo.png\",\"width\":374,\"height\":90,\"caption\":\"Infoecos\"},\"image\":{\"@id\":\"https:\/\/infoecos.com.ar\/#\/schema\/logo\/image\/\"},\"sameAs\":[\"https:\/\/www.facebook.com\/profile.php?id=100063200290284\",\"https:\/\/x.com\/infoecos\"]},{\"@type\":\"Person\",\"@id\":\"https:\/\/infoecos.com.ar\/#\/schema\/person\/8f5ace5ce73b4b4aac4b7245aee6f191\",\"name\":\"Jorge Matheus\",\"url\":\"https:\/\/infoecos.com.ar\/index.php\/author\/jomatheus\/\"}]}<\/script>\n<!-- \/ Yoast SEO plugin. -->","yoast_head_json":{"title":"Para los medios de comunicaci\u00f3n de la regi\u00f3n la visita de Kicillof y Massa a Am\u00e9rica est\u00e1 en duda - Infoecos","robots":{"index":"index","follow":"follow","max-snippet":"max-snippet:-1","max-image-preview":"max-image-preview:large","max-video-preview":"max-video-preview:-1"},"canonical":"https:\/\/infoecos.com.ar\/index.php\/para-los-medios-de-comunicacion-de-la-region-la-visita-de-kicillof-y-massa-a-america-esta-en-duda\/","og_locale":"es_ES","og_type":"article","og_title":"Para los medios de comunicaci\u00f3n de la regi\u00f3n la visita de Kicillof y Massa a Am\u00e9rica est\u00e1 en duda - Infoecos","og_description":"En una r\u00e1pida recorrida por los sitios de Internet de la ciudad capital del del distrito a recorrer y General Villegas, donde se hab\u00eda mencionado que viajar\u00eda el gobernador este viernes, hacen menci\u00f3n a la visita del ministro de Econom\u00eda, Sergio Massa y de Axel Kicillof","og_url":"https:\/\/infoecos.com.ar\/index.php\/para-los-medios-de-comunicacion-de-la-region-la-visita-de-kicillof-y-massa-a-america-esta-en-duda\/","og_site_name":"Infoecos","article_publisher":"https:\/\/www.facebook.com\/profile.php?id=100063200290284","article_published_time":"2023-05-10T01:26:19+00:00","og_image":[{"width":1200,"height":675,"url":"https:\/\/infoecos.com.ar\/wp-content\/uploads\/2023\/05\/image-35.png","type":"image\/png"}],"author":"Jorge Matheus","twitter_card":"summary_large_image","twitter_creator":"@infoecos","twitter_site":"@infoecos","twitter_misc":{"Escrito por":"Jorge Matheus","Tiempo de lectura":"2 minutos"},"schema":{"@context":"https:\/\/schema.org","@graph":[{"@type":"Article","@id":"https:\/\/infoecos.com.ar\/index.php\/para-los-medios-de-comunicacion-de-la-region-la-visita-de-kicillof-y-massa-a-america-esta-en-duda\/#article","isPartOf":{"@id":"https:\/\/infoecos.com.ar\/index.php\/para-los-medios-de-comunicacion-de-la-region-la-visita-de-kicillof-y-massa-a-america-esta-en-duda\/"},"author":{"name":"Jorge Matheus","@id":"https:\/\/infoecos.com.ar\/#\/schema\/person\/8f5ace5ce73b4b4aac4b7245aee6f191"},"headline":"Para los medios de comunicaci\u00f3n de la regi\u00f3n la visita de Kicillof y Massa a Am\u00e9rica est\u00e1 en duda","datePublished":"2023-05-10T01:26:19+00:00","dateModified":"2023-05-10T01:26:19+00:00","mainEntityOfPage":{"@id":"https:\/\/infoecos.com.ar\/index.php\/para-los-medios-de-comunicacion-de-la-region-la-visita-de-kicillof-y-massa-a-america-esta-en-duda\/"},"wordCount":269,"publisher":{"@id":"https:\/\/infoecos.com.ar\/#organization"},"image":{"@id":"https:\/\/infoecos.com.ar\/index.php\/para-los-medios-de-comunicacion-de-la-region-la-visita-de-kicillof-y-massa-a-america-esta-en-duda\/#primaryimage"},"thumbnailUrl":"https:\/\/infoecos.com.ar\/wp-content\/uploads\/2023\/05\/image-35.png","keywords":["se anunciaba para este mi\u00e9rcoles"],"articleSection":["Noticia Secundaria"],"inLanguage":"es"},{"@type":"WebPage","@id":"https:\/\/infoecos.com.ar\/index.php\/para-los-medios-de-comunicacion-de-la-region-la-visita-de-kicillof-y-massa-a-america-esta-en-duda\/","url":"https:\/\/infoecos.com.ar\/index.php\/para-los-medios-de-comunicacion-de-la-region-la-visita-de-kicillof-y-massa-a-america-esta-en-duda\/","name":"Para los medios de comunicaci\u00f3n de la regi\u00f3n la visita de Kicillof y Massa a Am\u00e9rica est\u00e1 en duda - Infoecos","isPartOf":{"@id":"https:\/\/infoecos.com.ar\/#website"},"primaryImageOfPage":{"@id":"https:\/\/infoecos.com.ar\/index.php\/para-los-medios-de-comunicacion-de-la-region-la-visita-de-kicillof-y-massa-a-america-esta-en-duda\/#primaryimage"},"image":{"@id":"https:\/\/infoecos.com.ar\/index.php\/para-los-medios-de-comunicacion-de-la-region-la-visita-de-kicillof-y-massa-a-america-esta-en-duda\/#primaryimage"},"thumbnailUrl":"https:\/\/infoecos.com.ar\/wp-content\/uploads\/2023\/05\/image-35.png","datePublished":"2023-05-10T01:26:19+00:00","dateModified":"2023-05-10T01:26:19+00:00","breadcrumb":{"@id":"https:\/\/infoecos.com.ar\/index.php\/para-los-medios-de-comunicacion-de-la-region-la-visita-de-kicillof-y-massa-a-america-esta-en-duda\/#breadcrumb"},"inLanguage":"es","potentialAction":[{"@type":"ReadAction","target":["https:\/\/infoecos.com.ar\/index.php\/para-los-medios-de-comunicacion-de-la-region-la-visita-de-kicillof-y-massa-a-america-esta-en-duda\/"]}]},{"@type":"ImageObject","inLanguage":"es","@id":"https:\/\/infoecos.com.ar\/index.php\/para-los-medios-de-comunicacion-de-la-region-la-visita-de-kicillof-y-massa-a-america-esta-en-duda\/#primaryimage","url":"https:\/\/infoecos.com.ar\/wp-content\/uploads\/2023\/05\/image-35.png","contentUrl":"https:\/\/infoecos.com.ar\/wp-content\/uploads\/2023\/05\/image-35.png","width":1200,"height":675},{"@type":"BreadcrumbList","@id":"https:\/\/infoecos.com.ar\/index.php\/para-los-medios-de-comunicacion-de-la-region-la-visita-de-kicillof-y-massa-a-america-esta-en-duda\/#breadcrumb","itemListElement":[{"@type":"ListItem","position":1,"name":"Portada","item":"https:\/\/infoecos.com.ar\/"},{"@type":"ListItem","position":2,"name":"Para los medios de comunicaci\u00f3n de la regi\u00f3n la visita de Kicillof y Massa a Am\u00e9rica est\u00e1 en duda"}]},{"@type":"WebSite","@id":"https:\/\/infoecos.com.ar\/#website","url":"https:\/\/infoecos.com.ar\/","name":"Infoecos","description":"Noticias de trenque lauquen y la zona","publisher":{"@id":"https:\/\/infoecos.com.ar\/#organization"},"alternateName":"Noticias","potentialAction":[{"@type":"SearchAction","target":{"@type":"EntryPoint","urlTemplate":"https:\/\/infoecos.com.ar\/?s={search_term_string}"},"query-input":{"@type":"PropertyValueSpecification","valueRequired":true,"valueName":"search_term_string"}}],"inLanguage":"es"},{"@type":"Organization","@id":"https:\/\/infoecos.com.ar\/#organization","name":"Infoecos","alternateName":"Noticias","url":"https:\/\/infoecos.com.ar\/","logo":{"@type":"ImageObject","inLanguage":"es","@id":"https:\/\/infoecos.com.ar\/#\/schema\/logo\/image\/","url":"https:\/\/infoecos.com.ar\/wp-content\/uploads\/2024\/03\/cropped-logo.png","contentUrl":"https:\/\/infoecos.com.ar\/wp-content\/uploads\/2024\/03\/cropped-logo.png","width":374,"height":90,"caption":"Infoecos"},"image":{"@id":"https:\/\/infoecos.com.ar\/#\/schema\/logo\/image\/"},"sameAs":["https:\/\/www.facebook.com\/profile.php?id=100063200290284","https:\/\/x.com\/infoecos"]},{"@type":"Person","@id":"https:\/\/infoecos.com.ar\/#\/schema\/person\/8f5ace5ce73b4b4aac4b7245aee6f191","name":"Jorge Matheus","url":"https:\/\/infoecos.com.ar\/index.php\/author\/jomatheus\/"}]}},"featured_image_urls":{"full":["https:\/\/infoecos.com.ar\/wp-content\/uploads\/2023\/05\/image-35.png",1200,675,false],"thumbnail":["https:\/\/infoecos.com.ar\/wp-content\/uploads\/2023\/05\/image-35-300x150.png",300,150,true],"medium":["https:\/\/infoecos.com.ar\/wp-content\/uploads\/2023\/05\/image-35-800x450.png",800,450,true],"medium_large":["https:\/\/infoecos.com.ar\/wp-content\/uploads\/2023\/05\/image-35-768x432.png",640,360,true],"large":["https:\/\/infoecos.com.ar\/wp-content\/uploads\/2023\/05\/image-35.png",640,360,false],"1536x1536":["https:\/\/infoecos.com.ar\/wp-content\/uploads\/2023\/05\/image-35.png",1200,675,false],"2048x2048":["https:\/\/infoecos.com.ar\/wp-content\/uploads\/2023\/05\/image-35.png",1200,675,false],"covernews-slider-full":["https:\/\/infoecos.com.ar\/wp-content\/uploads\/2023\/05\/image-35.png",1115,627,false],"covernews-slider-center":["https:\/\/infoecos.com.ar\/wp-content\/uploads\/2023\/05\/image-35-936x675.png",693,500,true],"covernews-featured":["https:\/\/infoecos.com.ar\/wp-content\/uploads\/2023\/05\/image-35-1024x576.png",1024,576,true],"covernews-medium":["https:\/\/infoecos.com.ar\/wp-content\/uploads\/2023\/05\/image-35-720x380.png",540,285,true],"covernews-medium-square":["https:\/\/infoecos.com.ar\/wp-content\/uploads\/2023\/05\/image-35-675x450.png",375,250,true]},"author_info":{"info":["Jorge Matheus"]},"category_info":"<a href=\"https:\/\/infoecos.com.ar\/index.php\/category\/noticia-secundaria\/\" rel=\"category tag\">Noticia Secundaria<\/a>","tag_info":"Noticia Secundaria","comment_count":"0","_links":{"self":[{"href":"https:\/\/infoecos.com.ar\/index.php\/wp-json\/wp\/v2\/posts\/104788"}],"collection":[{"href":"https:\/\/infoecos.com.ar\/index.php\/wp-json\/wp\/v2\/posts"}],"about":[{"href":"https:\/\/infoecos.com.ar\/index.php\/wp-json\/wp\/v2\/types\/post"}],"author":[{"embeddable":true,"href":"https:\/\/infoecos.com.ar\/index.php\/wp-json\/wp\/v2\/users\/2"}],"replies":[{"embeddable":true,"href":"https:\/\/infoecos.com.ar\/index.php\/wp-json\/wp\/v2\/comments?post=104788"}],"version-history":[{"count":1,"href":"https:\/\/infoecos.com.ar\/index.php\/wp-json\/wp\/v2\/posts\/104788\/revisions"}],"predecessor-version":[{"id":104789,"href":"https:\/\/infoecos.com.ar\/index.php\/wp-json\/wp\/v2\/posts\/104788\/revisions\/104789"}],"wp:featuredmedia":[{"embeddable":true,"href":"https:\/\/infoecos.com.ar\/index.php\/wp-json\/wp\/v2\/media\/104668"}],"wp:attachment":[{"href":"https:\/\/infoecos.com.ar\/index.php\/wp-json\/wp\/v2\/media?parent=104788"}],"wp:term":[{"taxonomy":"category","embeddable":true,"href":"https:\/\/infoecos.com.ar\/index.php\/wp-json\/wp\/v2\/categories?post=104788"},{"taxonomy":"post_tag","embeddable":true,"href":"https:\/\/infoecos.com.ar\/index.php\/wp-json\/wp\/v2\/tags?post=104788"}],"curies":[{"name":"wp","href":"https:\/\/api.w.org\/{rel}","templated":true}]}}