{"id":104790,"date":"2023-05-10T01:25:49","date_gmt":"2023-05-10T04:25:49","guid":{"rendered":"https:\/\/infoecos.com.ar\/?p=104790"},"modified":"2023-05-10T17:51:17","modified_gmt":"2023-05-10T20:51:17","slug":"real-madrid-y-manchester-city-empataron-1-a-1-por-la-champions-ligue","status":"publish","type":"post","link":"https:\/\/infoecos.com.ar\/index.php\/real-madrid-y-manchester-city-empataron-1-a-1-por-la-champions-ligue\/","title":{"rendered":"Real Madrid y Manchester City empataron 1 a 1 por la Champions Ligue"},"content":{"rendered":"\n<p>La Copa de Europa, ese exclusivo motor de emociones, cuenta con estupendos partidos del rev\u00e9s. Ocurri\u00f3 en Chamart\u00edn, donde cuando m\u00e1s vuelo ten\u00eda&nbsp;<a href=\"https:\/\/elpais.com\/deportes\/2023-05-09\/real-madrid-manchester-city-regreso-a-territorio-magico.html\">el City anot\u00f3 el Madrid<\/a>&nbsp;en su primer disparo,<a href=\"https:\/\/elpais.com\/deportes\/2023-05-06\/vinicius-exuberancia-sobre-el-volcan.html\">&nbsp;una descarga tremenda de Vinicius.<\/a>&nbsp;Cuando m\u00e1s se impon\u00eda el Real, otro zurriagazo, este de De Bruyne. Todo abierto tras un encuentro con mucha miga, extenuante para unos y otros. Un choque de altura por el que pas\u00f3 de puntillas Haaland, sometido por el brigada R\u00fcdiger en su estreno en Madrid.<\/p>\n\n\n\n<figure class=\"wp-block-embed is-type-video is-provider-youtube wp-block-embed-youtube wp-embed-aspect-16-9 wp-has-aspect-ratio\"><div class=\"wp-block-embed__wrapper\">\n<iframe loading=\"lazy\" title=\"\u00a1PARTIDAZO DE IDA Y EMPATE ENTRE EL MERENGUE Y LOS CIUDADANOS! | Real Madrid 1-1 Man. City | RESUMEN\" width=\"640\" height=\"360\" src=\"https:\/\/www.youtube.com\/embed\/5Fyw9ucMX9E?feature=oembed\" frameborder=\"0\" allow=\"accelerometer; autoplay; clipboard-write; encrypted-media; gyroscope; picture-in-picture; web-share\" referrerpolicy=\"strict-origin-when-cross-origin\" allowfullscreen><\/iframe>\n<\/div><\/figure>\n\n\n\n<p>De entrada, al Real le sali\u00f3 una vena italiana y el City cay\u00f3 en la emboscada. El Real le obsequi\u00f3 con la pelota y se refugi\u00f3 en las cuerdas con todos muy api\u00f1ados. Se trataba de cercar a Haaland, de minarle los espacios. El noruego, desatado en su tr\u00e1nsito por la Premier, requiere de una&nbsp;<em>camisa de fuerza<\/em>. El Madrid evitaba de paso que el cuadro de Pep Guardiola funcionara con las luces largas, suerte que este curso, Haaland mediante, practica como nunca. De repente, el City reconocible de otra \u00e9poca. De palique con el bal\u00f3n, con una bater\u00eda de pases subordinados.<\/p>\n\n\n\n<figure class=\"wp-block-image aligncenter size-full\"><img loading=\"lazy\" decoding=\"async\" width=\"828\" height=\"552\" src=\"https:\/\/infoecos.com.ar\/wp-content\/uploads\/2023\/05\/image-51.png\" alt=\"\" class=\"wp-image-104791\" srcset=\"https:\/\/infoecos.com.ar\/wp-content\/uploads\/2023\/05\/image-51.png 828w, https:\/\/infoecos.com.ar\/wp-content\/uploads\/2023\/05\/image-51-800x533.png 800w, https:\/\/infoecos.com.ar\/wp-content\/uploads\/2023\/05\/image-51-768x512.png 768w, https:\/\/infoecos.com.ar\/wp-content\/uploads\/2023\/05\/image-51-675x450.png 675w\" sizes=\"(max-width: 828px) 100vw, 828px\" \/><\/figure>\n\n\n\n<p>No le importaba al Madrid el achique. Camavinga y Carvajal custodiaban con \u00e9xito a Bernardo Silva y Grealish, respectivamente, los encargados de ensanchar al l\u00edmite el Bernab\u00e9u. Stones, central con el equipo sin el sustento de la pelota y volante con ella, se apelotonaba por el embudo con Rodri y G\u00fcndogan.&nbsp;<a href=\"https:\/\/elpais.com\/deportes\/2023-05-09\/la-vieja-vida-de-toni-kroos.html\">Jornada de tajo para Kroos y Modric, placenta blanca.<\/a><\/p>\n\n\n\n<p>No daba con el bal\u00f3n el Real, pero nadie se inmutaba, pese a un par de disparos lejanos de De Bruyne y Rodri.&nbsp;<a href=\"https:\/\/elpais.com\/deportes\/2023-05-09\/haaland-el-rayo-en-la-caja-de-zapatos.html\">Tambi\u00e9n caz\u00f3 Haaland un par de remates,<\/a>&nbsp;pero impropios de \u00e9l. Dos caranto\u00f1as a la pelota. Nada de esas bombas de racimo que acostumbra a soltar el noruego.<\/p>\n\n\n\n<p>Como el Madrid es enciclop\u00e9dico con el propio Madrid, sabe que en su Europa los partidos no siempre son lo que parecen. Para nada. Lo conocen los adversarios, pero lo mismo da. Queda dicho, el bal\u00f3n era la dote del City, tambi\u00e9n los remates y un pu\u00f1ado de saques de esquina antes de la media hora. Pero el Madrid suele pedir turno cuando el contrario cree que est\u00e1 jugando un partido real. En absoluto. Un nudo de Rodri despert\u00f3 a Vinicius, cuyo centro a Benzema lo interfiri\u00f3 con apuros R\u00faben Dias. Un sonajero para unos y otros. El Madrid dej\u00f3 la primera pista; el conjunto ingl\u00e9s se sinti\u00f3 en alerta por primera vez. Por momentos, un City m\u00e1s descosido, m\u00e1xime tras un mamporro de R\u00fcdiger a G\u00fcndogan.<\/p>\n\n\n\n<figure class=\"wp-block-image aligncenter size-full\"><img loading=\"lazy\" decoding=\"async\" width=\"828\" height=\"552\" src=\"https:\/\/infoecos.com.ar\/wp-content\/uploads\/2023\/05\/image-52.png\" alt=\"\" class=\"wp-image-104792\" srcset=\"https:\/\/infoecos.com.ar\/wp-content\/uploads\/2023\/05\/image-52.png 828w, https:\/\/infoecos.com.ar\/wp-content\/uploads\/2023\/05\/image-52-800x533.png 800w, https:\/\/infoecos.com.ar\/wp-content\/uploads\/2023\/05\/image-52-768x512.png 768w, https:\/\/infoecos.com.ar\/wp-content\/uploads\/2023\/05\/image-52-675x450.png 675w\" sizes=\"(max-width: 828px) 100vw, 828px\" \/><\/figure>\n\n\n\n<p>Ilustrado como es, lo advirti\u00f3 Modric, que enfil\u00f3 a Camavinga en su primera incursi\u00f3n. Vinicius, que hasta entonces estaba bien aparcado por Walker, se prob\u00f3 como ariete y desde la terraza del \u00e1rea ejecut\u00f3 un zapatazo para estampar el 1-0. Este Vinicius crece y crece. Regateador, asistente y, s\u00fabito, chutador.<\/p>\n\n\n\n<p>En su Copa, el Madrid puede ser una sucesi\u00f3n de desmentidos. Una guerrilla entre Carvajal y Grealish concluy\u00f3 el primer acto, con el City desorientado y el Madrid soplando velas por Vinicius. El cambio de agujas estaba por llegar.<\/p>\n\n\n\n<p>De regreso del intermedio, otro reto, otro discurrir. Un Real con m\u00e1s flirteo con la pelota. Un City m\u00e1s expansivo, ya dispuesto a un choque de ida y vuelta. Unos y otros en la noria. Y una novedad t\u00e1ctica. Camavinga, al estilo de Guardiola con laterales como antes Cancelo y ahora Walker, como auxiliar en el medio con la posesi\u00f3n a favor y solo zaguero sin ella.<\/p>\n\n\n\n<p>No afinaban Benzema y De Bruyne, dos estilistas de primera, y todos lo pagaban. A Vinicius le faltaba el hilo del franc\u00e9s como a Haaland \u2014tan bien enjaulado por R\u00fcdiger\u2014 el del belga. En los visitantes, el gobierno era de Rodri, sat\u00e9lite de los&nbsp;<em>blues<\/em>. Y fue Rodri, en el mejor tramo local, quien con un birle activ\u00f3, precisamente, a De Bruyne. Futbolista con un golpeo fabuloso, bien lo evidenci\u00f3 en Chamart\u00edn. Su disparo seco sali\u00f3 como un tiro hacia la red de su colega Courtois. Un encuentro ya equilibrado en el marcador y en el juego. Ya no era tiempo de correr m\u00e1s riesgos de los necesarios. Con todo, Ederson tuvo que ganarse el sueldo tras un cabezazo de Benzema y un ob\u00fas de Tchouameni. El encuentro ten\u00eda hueso, mucho hueso, con duelos tremendos como el de R\u00fcdiger y Haaland, o el de Walker con Vinicius. Con el City, sin un solo cambio, cada vez m\u00e1s tieso, con menos dep\u00f3sito. El Madrid busc\u00f3 sin \u00e9xito un \u00faltimo arrebato. Cierre de un partido grande al que el destino le tiene apuntada una vuelta con may\u00fasculas el pr\u00f3ximo mi\u00e9rcoles.<\/p>\n","protected":false},"excerpt":{"rendered":"<p>Hay video con el res\u00famen del partido tomado de #ESPN. Todo abierto tras un encuentro con mucha miga, extenuante para unos y otros<\/p>\n","protected":false},"author":2,"featured_media":104791,"comment_status":"closed","ping_status":"open","sticky":false,"template":"","format":"standard","meta":{"footnotes":""},"categories":[41],"tags":[7890],"class_list":["post-104790","post","type-post","status-publish","format-standard","has-post-thumbnail","hentry","category-inferior2","tag-el-comentario-de-elpais-es"],"yoast_head":"<!-- This site is optimized with the Yoast SEO plugin v23.4 - https:\/\/yoast.com\/wordpress\/plugins\/seo\/ -->\n<title>Real Madrid y Manchester City empataron 1 a 1 por la Champions Ligue - Infoecos<\/title>\n<meta name=\"robots\" content=\"index, follow, max-snippet:-1, max-image-preview:large, max-video-preview:-1\" \/>\n<link rel=\"canonical\" href=\"https:\/\/infoecos.com.ar\/index.php\/real-madrid-y-manchester-city-empataron-1-a-1-por-la-champions-ligue\/\" \/>\n<meta property=\"og:locale\" content=\"es_ES\" \/>\n<meta property=\"og:type\" content=\"article\" \/>\n<meta property=\"og:title\" content=\"Real Madrid y Manchester City empataron 1 a 1 por la Champions Ligue - Infoecos\" \/>\n<meta property=\"og:description\" content=\"Hay video con el res\u00famen del partido tomado de #ESPN. Todo abierto tras un encuentro con mucha miga, extenuante para unos y otros\" \/>\n<meta property=\"og:url\" content=\"https:\/\/infoecos.com.ar\/index.php\/real-madrid-y-manchester-city-empataron-1-a-1-por-la-champions-ligue\/\" \/>\n<meta property=\"og:site_name\" content=\"Infoecos\" \/>\n<meta property=\"article:publisher\" content=\"https:\/\/www.facebook.com\/profile.php?id=100063200290284\" \/>\n<meta property=\"article:published_time\" content=\"2023-05-10T04:25:49+00:00\" \/>\n<meta property=\"article:modified_time\" content=\"2023-05-10T20:51:17+00:00\" \/>\n<meta property=\"og:image\" content=\"https:\/\/infoecos.com.ar\/wp-content\/uploads\/2023\/05\/image-51.png\" \/>\n\t<meta property=\"og:image:width\" content=\"828\" \/>\n\t<meta property=\"og:image:height\" content=\"552\" \/>\n\t<meta property=\"og:image:type\" content=\"image\/png\" \/>\n<meta name=\"author\" content=\"Jorge Matheus\" \/>\n<meta name=\"twitter:card\" content=\"summary_large_image\" \/>\n<meta name=\"twitter:creator\" content=\"@infoecos\" \/>\n<meta name=\"twitter:site\" content=\"@infoecos\" \/>\n<meta name=\"twitter:label1\" content=\"Escrito por\" \/>\n\t<meta name=\"twitter:data1\" content=\"Jorge Matheus\" \/>\n\t<meta name=\"twitter:label2\" content=\"Tiempo de lectura\" \/>\n\t<meta name=\"twitter:data2\" content=\"4 minutos\" \/>\n<script type=\"application\/ld+json\" class=\"yoast-schema-graph\">{\"@context\":\"https:\/\/schema.org\",\"@graph\":[{\"@type\":\"Article\",\"@id\":\"https:\/\/infoecos.com.ar\/index.php\/real-madrid-y-manchester-city-empataron-1-a-1-por-la-champions-ligue\/#article\",\"isPartOf\":{\"@id\":\"https:\/\/infoecos.com.ar\/index.php\/real-madrid-y-manchester-city-empataron-1-a-1-por-la-champions-ligue\/\"},\"author\":{\"name\":\"Jorge Matheus\",\"@id\":\"https:\/\/infoecos.com.ar\/#\/schema\/person\/8f5ace5ce73b4b4aac4b7245aee6f191\"},\"headline\":\"Real Madrid y Manchester City empataron 1 a 1 por la Champions Ligue\",\"datePublished\":\"2023-05-10T04:25:49+00:00\",\"dateModified\":\"2023-05-10T20:51:17+00:00\",\"mainEntityOfPage\":{\"@id\":\"https:\/\/infoecos.com.ar\/index.php\/real-madrid-y-manchester-city-empataron-1-a-1-por-la-champions-ligue\/\"},\"wordCount\":847,\"publisher\":{\"@id\":\"https:\/\/infoecos.com.ar\/#organization\"},\"image\":{\"@id\":\"https:\/\/infoecos.com.ar\/index.php\/real-madrid-y-manchester-city-empataron-1-a-1-por-la-champions-ligue\/#primaryimage\"},\"thumbnailUrl\":\"https:\/\/infoecos.com.ar\/wp-content\/uploads\/2023\/05\/image-51.png\",\"keywords\":[\"EL COMENTARIO DE ELPAIS.ES\"],\"articleSection\":[\"Bloque inferior - 2\"],\"inLanguage\":\"es\"},{\"@type\":\"WebPage\",\"@id\":\"https:\/\/infoecos.com.ar\/index.php\/real-madrid-y-manchester-city-empataron-1-a-1-por-la-champions-ligue\/\",\"url\":\"https:\/\/infoecos.com.ar\/index.php\/real-madrid-y-manchester-city-empataron-1-a-1-por-la-champions-ligue\/\",\"name\":\"Real Madrid y Manchester City empataron 1 a 1 por la Champions Ligue - Infoecos\",\"isPartOf\":{\"@id\":\"https:\/\/infoecos.com.ar\/#website\"},\"primaryImageOfPage\":{\"@id\":\"https:\/\/infoecos.com.ar\/index.php\/real-madrid-y-manchester-city-empataron-1-a-1-por-la-champions-ligue\/#primaryimage\"},\"image\":{\"@id\":\"https:\/\/infoecos.com.ar\/index.php\/real-madrid-y-manchester-city-empataron-1-a-1-por-la-champions-ligue\/#primaryimage\"},\"thumbnailUrl\":\"https:\/\/infoecos.com.ar\/wp-content\/uploads\/2023\/05\/image-51.png\",\"datePublished\":\"2023-05-10T04:25:49+00:00\",\"dateModified\":\"2023-05-10T20:51:17+00:00\",\"breadcrumb\":{\"@id\":\"https:\/\/infoecos.com.ar\/index.php\/real-madrid-y-manchester-city-empataron-1-a-1-por-la-champions-ligue\/#breadcrumb\"},\"inLanguage\":\"es\",\"potentialAction\":[{\"@type\":\"ReadAction\",\"target\":[\"https:\/\/infoecos.com.ar\/index.php\/real-madrid-y-manchester-city-empataron-1-a-1-por-la-champions-ligue\/\"]}]},{\"@type\":\"ImageObject\",\"inLanguage\":\"es\",\"@id\":\"https:\/\/infoecos.com.ar\/index.php\/real-madrid-y-manchester-city-empataron-1-a-1-por-la-champions-ligue\/#primaryimage\",\"url\":\"https:\/\/infoecos.com.ar\/wp-content\/uploads\/2023\/05\/image-51.png\",\"contentUrl\":\"https:\/\/infoecos.com.ar\/wp-content\/uploads\/2023\/05\/image-51.png\",\"width\":828,\"height\":552},{\"@type\":\"BreadcrumbList\",\"@id\":\"https:\/\/infoecos.com.ar\/index.php\/real-madrid-y-manchester-city-empataron-1-a-1-por-la-champions-ligue\/#breadcrumb\",\"itemListElement\":[{\"@type\":\"ListItem\",\"position\":1,\"name\":\"Portada\",\"item\":\"https:\/\/infoecos.com.ar\/\"},{\"@type\":\"ListItem\",\"position\":2,\"name\":\"Real Madrid y Manchester City empataron 1 a 1 por la Champions Ligue\"}]},{\"@type\":\"WebSite\",\"@id\":\"https:\/\/infoecos.com.ar\/#website\",\"url\":\"https:\/\/infoecos.com.ar\/\",\"name\":\"Infoecos\",\"description\":\"Noticias de trenque lauquen y la zona\",\"publisher\":{\"@id\":\"https:\/\/infoecos.com.ar\/#organization\"},\"alternateName\":\"Noticias\",\"potentialAction\":[{\"@type\":\"SearchAction\",\"target\":{\"@type\":\"EntryPoint\",\"urlTemplate\":\"https:\/\/infoecos.com.ar\/?s={search_term_string}\"},\"query-input\":{\"@type\":\"PropertyValueSpecification\",\"valueRequired\":true,\"valueName\":\"search_term_string\"}}],\"inLanguage\":\"es\"},{\"@type\":\"Organization\",\"@id\":\"https:\/\/infoecos.com.ar\/#organization\",\"name\":\"Infoecos\",\"alternateName\":\"Noticias\",\"url\":\"https:\/\/infoecos.com.ar\/\",\"logo\":{\"@type\":\"ImageObject\",\"inLanguage\":\"es\",\"@id\":\"https:\/\/infoecos.com.ar\/#\/schema\/logo\/image\/\",\"url\":\"https:\/\/infoecos.com.ar\/wp-content\/uploads\/2024\/03\/cropped-logo.png\",\"contentUrl\":\"https:\/\/infoecos.com.ar\/wp-content\/uploads\/2024\/03\/cropped-logo.png\",\"width\":374,\"height\":90,\"caption\":\"Infoecos\"},\"image\":{\"@id\":\"https:\/\/infoecos.com.ar\/#\/schema\/logo\/image\/\"},\"sameAs\":[\"https:\/\/www.facebook.com\/profile.php?id=100063200290284\",\"https:\/\/x.com\/infoecos\"]},{\"@type\":\"Person\",\"@id\":\"https:\/\/infoecos.com.ar\/#\/schema\/person\/8f5ace5ce73b4b4aac4b7245aee6f191\",\"name\":\"Jorge Matheus\",\"url\":\"https:\/\/infoecos.com.ar\/index.php\/author\/jomatheus\/\"}]}<\/script>\n<!-- \/ Yoast SEO plugin. -->","yoast_head_json":{"title":"Real Madrid y Manchester City empataron 1 a 1 por la Champions Ligue - Infoecos","robots":{"index":"index","follow":"follow","max-snippet":"max-snippet:-1","max-image-preview":"max-image-preview:large","max-video-preview":"max-video-preview:-1"},"canonical":"https:\/\/infoecos.com.ar\/index.php\/real-madrid-y-manchester-city-empataron-1-a-1-por-la-champions-ligue\/","og_locale":"es_ES","og_type":"article","og_title":"Real Madrid y Manchester City empataron 1 a 1 por la Champions Ligue - Infoecos","og_description":"Hay video con el res\u00famen del partido tomado de #ESPN. Todo abierto tras un encuentro con mucha miga, extenuante para unos y otros","og_url":"https:\/\/infoecos.com.ar\/index.php\/real-madrid-y-manchester-city-empataron-1-a-1-por-la-champions-ligue\/","og_site_name":"Infoecos","article_publisher":"https:\/\/www.facebook.com\/profile.php?id=100063200290284","article_published_time":"2023-05-10T04:25:49+00:00","article_modified_time":"2023-05-10T20:51:17+00:00","og_image":[{"width":828,"height":552,"url":"https:\/\/infoecos.com.ar\/wp-content\/uploads\/2023\/05\/image-51.png","type":"image\/png"}],"author":"Jorge Matheus","twitter_card":"summary_large_image","twitter_creator":"@infoecos","twitter_site":"@infoecos","twitter_misc":{"Escrito por":"Jorge Matheus","Tiempo de lectura":"4 minutos"},"schema":{"@context":"https:\/\/schema.org","@graph":[{"@type":"Article","@id":"https:\/\/infoecos.com.ar\/index.php\/real-madrid-y-manchester-city-empataron-1-a-1-por-la-champions-ligue\/#article","isPartOf":{"@id":"https:\/\/infoecos.com.ar\/index.php\/real-madrid-y-manchester-city-empataron-1-a-1-por-la-champions-ligue\/"},"author":{"name":"Jorge Matheus","@id":"https:\/\/infoecos.com.ar\/#\/schema\/person\/8f5ace5ce73b4b4aac4b7245aee6f191"},"headline":"Real Madrid y Manchester City empataron 1 a 1 por la Champions Ligue","datePublished":"2023-05-10T04:25:49+00:00","dateModified":"2023-05-10T20:51:17+00:00","mainEntityOfPage":{"@id":"https:\/\/infoecos.com.ar\/index.php\/real-madrid-y-manchester-city-empataron-1-a-1-por-la-champions-ligue\/"},"wordCount":847,"publisher":{"@id":"https:\/\/infoecos.com.ar\/#organization"},"image":{"@id":"https:\/\/infoecos.com.ar\/index.php\/real-madrid-y-manchester-city-empataron-1-a-1-por-la-champions-ligue\/#primaryimage"},"thumbnailUrl":"https:\/\/infoecos.com.ar\/wp-content\/uploads\/2023\/05\/image-51.png","keywords":["EL COMENTARIO DE ELPAIS.ES"],"articleSection":["Bloque inferior - 2"],"inLanguage":"es"},{"@type":"WebPage","@id":"https:\/\/infoecos.com.ar\/index.php\/real-madrid-y-manchester-city-empataron-1-a-1-por-la-champions-ligue\/","url":"https:\/\/infoecos.com.ar\/index.php\/real-madrid-y-manchester-city-empataron-1-a-1-por-la-champions-ligue\/","name":"Real Madrid y Manchester City empataron 1 a 1 por la Champions Ligue - Infoecos","isPartOf":{"@id":"https:\/\/infoecos.com.ar\/#website"},"primaryImageOfPage":{"@id":"https:\/\/infoecos.com.ar\/index.php\/real-madrid-y-manchester-city-empataron-1-a-1-por-la-champions-ligue\/#primaryimage"},"image":{"@id":"https:\/\/infoecos.com.ar\/index.php\/real-madrid-y-manchester-city-empataron-1-a-1-por-la-champions-ligue\/#primaryimage"},"thumbnailUrl":"https:\/\/infoecos.com.ar\/wp-content\/uploads\/2023\/05\/image-51.png","datePublished":"2023-05-10T04:25:49+00:00","dateModified":"2023-05-10T20:51:17+00:00","breadcrumb":{"@id":"https:\/\/infoecos.com.ar\/index.php\/real-madrid-y-manchester-city-empataron-1-a-1-por-la-champions-ligue\/#breadcrumb"},"inLanguage":"es","potentialAction":[{"@type":"ReadAction","target":["https:\/\/infoecos.com.ar\/index.php\/real-madrid-y-manchester-city-empataron-1-a-1-por-la-champions-ligue\/"]}]},{"@type":"ImageObject","inLanguage":"es","@id":"https:\/\/infoecos.com.ar\/index.php\/real-madrid-y-manchester-city-empataron-1-a-1-por-la-champions-ligue\/#primaryimage","url":"https:\/\/infoecos.com.ar\/wp-content\/uploads\/2023\/05\/image-51.png","contentUrl":"https:\/\/infoecos.com.ar\/wp-content\/uploads\/2023\/05\/image-51.png","width":828,"height":552},{"@type":"BreadcrumbList","@id":"https:\/\/infoecos.com.ar\/index.php\/real-madrid-y-manchester-city-empataron-1-a-1-por-la-champions-ligue\/#breadcrumb","itemListElement":[{"@type":"ListItem","position":1,"name":"Portada","item":"https:\/\/infoecos.com.ar\/"},{"@type":"ListItem","position":2,"name":"Real Madrid y Manchester City empataron 1 a 1 por la Champions Ligue"}]},{"@type":"WebSite","@id":"https:\/\/infoecos.com.ar\/#website","url":"https:\/\/infoecos.com.ar\/","name":"Infoecos","description":"Noticias de trenque lauquen y la zona","publisher":{"@id":"https:\/\/infoecos.com.ar\/#organization"},"alternateName":"Noticias","potentialAction":[{"@type":"SearchAction","target":{"@type":"EntryPoint","urlTemplate":"https:\/\/infoecos.com.ar\/?s={search_term_string}"},"query-input":{"@type":"PropertyValueSpecification","valueRequired":true,"valueName":"search_term_string"}}],"inLanguage":"es"},{"@type":"Organization","@id":"https:\/\/infoecos.com.ar\/#organization","name":"Infoecos","alternateName":"Noticias","url":"https:\/\/infoecos.com.ar\/","logo":{"@type":"ImageObject","inLanguage":"es","@id":"https:\/\/infoecos.com.ar\/#\/schema\/logo\/image\/","url":"https:\/\/infoecos.com.ar\/wp-content\/uploads\/2024\/03\/cropped-logo.png","contentUrl":"https:\/\/infoecos.com.ar\/wp-content\/uploads\/2024\/03\/cropped-logo.png","width":374,"height":90,"caption":"Infoecos"},"image":{"@id":"https:\/\/infoecos.com.ar\/#\/schema\/logo\/image\/"},"sameAs":["https:\/\/www.facebook.com\/profile.php?id=100063200290284","https:\/\/x.com\/infoecos"]},{"@type":"Person","@id":"https:\/\/infoecos.com.ar\/#\/schema\/person\/8f5ace5ce73b4b4aac4b7245aee6f191","name":"Jorge Matheus","url":"https:\/\/infoecos.com.ar\/index.php\/author\/jomatheus\/"}]}},"featured_image_urls":{"full":["https:\/\/infoecos.com.ar\/wp-content\/uploads\/2023\/05\/image-51.png",828,552,false],"thumbnail":["https:\/\/infoecos.com.ar\/wp-content\/uploads\/2023\/05\/image-51-300x150.png",300,150,true],"medium":["https:\/\/infoecos.com.ar\/wp-content\/uploads\/2023\/05\/image-51-800x533.png",800,533,true],"medium_large":["https:\/\/infoecos.com.ar\/wp-content\/uploads\/2023\/05\/image-51-768x512.png",640,427,true],"large":["https:\/\/infoecos.com.ar\/wp-content\/uploads\/2023\/05\/image-51.png",640,427,false],"1536x1536":["https:\/\/infoecos.com.ar\/wp-content\/uploads\/2023\/05\/image-51.png",828,552,false],"2048x2048":["https:\/\/infoecos.com.ar\/wp-content\/uploads\/2023\/05\/image-51.png",828,552,false],"covernews-slider-full":["https:\/\/infoecos.com.ar\/wp-content\/uploads\/2023\/05\/image-51.png",828,552,false],"covernews-slider-center":["https:\/\/infoecos.com.ar\/wp-content\/uploads\/2023\/05\/image-51.png",750,500,false],"covernews-featured":["https:\/\/infoecos.com.ar\/wp-content\/uploads\/2023\/05\/image-51.png",828,552,false],"covernews-medium":["https:\/\/infoecos.com.ar\/wp-content\/uploads\/2023\/05\/image-51-720x380.png",540,285,true],"covernews-medium-square":["https:\/\/infoecos.com.ar\/wp-content\/uploads\/2023\/05\/image-51-675x450.png",375,250,true]},"author_info":{"info":["Jorge Matheus"]},"category_info":"<a href=\"https:\/\/infoecos.com.ar\/index.php\/category\/inferior2\/\" rel=\"category tag\">Bloque inferior - 2<\/a>","tag_info":"Bloque inferior - 2","comment_count":"0","_links":{"self":[{"href":"https:\/\/infoecos.com.ar\/index.php\/wp-json\/wp\/v2\/posts\/104790"}],"collection":[{"href":"https:\/\/infoecos.com.ar\/index.php\/wp-json\/wp\/v2\/posts"}],"about":[{"href":"https:\/\/infoecos.com.ar\/index.php\/wp-json\/wp\/v2\/types\/post"}],"author":[{"embeddable":true,"href":"https:\/\/infoecos.com.ar\/index.php\/wp-json\/wp\/v2\/users\/2"}],"replies":[{"embeddable":true,"href":"https:\/\/infoecos.com.ar\/index.php\/wp-json\/wp\/v2\/comments?post=104790"}],"version-history":[{"count":2,"href":"https:\/\/infoecos.com.ar\/index.php\/wp-json\/wp\/v2\/posts\/104790\/revisions"}],"predecessor-version":[{"id":104794,"href":"https:\/\/infoecos.com.ar\/index.php\/wp-json\/wp\/v2\/posts\/104790\/revisions\/104794"}],"wp:featuredmedia":[{"embeddable":true,"href":"https:\/\/infoecos.com.ar\/index.php\/wp-json\/wp\/v2\/media\/104791"}],"wp:attachment":[{"href":"https:\/\/infoecos.com.ar\/index.php\/wp-json\/wp\/v2\/media?parent=104790"}],"wp:term":[{"taxonomy":"category","embeddable":true,"href":"https:\/\/infoecos.com.ar\/index.php\/wp-json\/wp\/v2\/categories?post=104790"},{"taxonomy":"post_tag","embeddable":true,"href":"https:\/\/infoecos.com.ar\/index.php\/wp-json\/wp\/v2\/tags?post=104790"}],"curies":[{"name":"wp","href":"https:\/\/api.w.org\/{rel}","templated":true}]}}