{"id":104801,"date":"2023-05-10T01:45:23","date_gmt":"2023-05-10T04:45:23","guid":{"rendered":"https:\/\/infoecos.com.ar\/?p=104801"},"modified":"2023-05-11T02:38:07","modified_gmt":"2023-05-11T05:38:07","slug":"el-gobierno-de-la-pampa-avanza-para-dimensionar-la-cantidad-de-litio-existente","status":"publish","type":"post","link":"https:\/\/infoecos.com.ar\/index.php\/el-gobierno-de-la-pampa-avanza-para-dimensionar-la-cantidad-de-litio-existente\/","title":{"rendered":"El gobierno de La Pampa avanza para dimensionar la cantidad de litio existente"},"content":{"rendered":"\n<p>El Gobierno de La Pampa, a trav\u00e9s de la Secretar\u00eda de Energ\u00eda y Miner\u00eda, y el Consejo Federal de Inversiones (CFI), avanzaron en los t\u00e9rminos de referencia para dimensionar la cantidad de litio existente y determinar fehacientemente si hay yacimientos en cantidad y calidad susceptibles de ser viables para la producci\u00f3n.<\/p>\n\n\n\n<figure class=\"wp-block-image alignright size-full is-resized\"><img loading=\"lazy\" decoding=\"async\" src=\"https:\/\/infoecos.com.ar\/wp-content\/uploads\/2023\/05\/image-53.png\" alt=\"\" class=\"wp-image-104802\" width=\"361\" height=\"190\" srcset=\"https:\/\/infoecos.com.ar\/wp-content\/uploads\/2023\/05\/image-53.png 860w, https:\/\/infoecos.com.ar\/wp-content\/uploads\/2023\/05\/image-53-800x420.png 800w, https:\/\/infoecos.com.ar\/wp-content\/uploads\/2023\/05\/image-53-768x404.png 768w, https:\/\/infoecos.com.ar\/wp-content\/uploads\/2023\/05\/image-53-720x380.png 720w\" sizes=\"(max-width: 361px) 100vw, 361px\" \/><\/figure>\n\n\n\n<p>Los antecedentes de litio en La Pampa tienen origen en los trabajos realizados por la Ge\u00f3loga M\u00f3nica Pires, los cuales fueron fundamentales para elegir los sitios de inter\u00e9s para esta primera etapa exploratoria, principalmente en la zona de Puelches, en los sectores de la laguna La Amarga y la salina San M\u00e1ximo.<\/p>\n\n\n\n<p>Se ha definido la ubicaci\u00f3n y orientaci\u00f3n de 20 puntos, de los cuales se obtendr\u00e1n los datos geof\u00edsicos necesarios para el estudio.<\/p>\n\n\n\n<p>Durante 2022, PAMPETROL SAPEM obtuvo a trav\u00e9s de la Subsecretar\u00eda de Hidrocarburos y Miner\u00eda y de la Subsecretar\u00eda de Ambiente las autorizaciones correspondientes para dichas exploraciones, con el objetivo de desarrollar la exploraci\u00f3n de un mineral estrat\u00e9gico para la transici\u00f3n energ\u00e9tica &#8211; como es el litio \u2013 a trav\u00e9s de la empresa estatal con una visi\u00f3n de desarrollo sostenible.<\/p>\n\n\n\n<p>\u00abEste estudio representa un paso m\u00e1s para PAMPETROL SAPEM enmarcado en el Plan Energ\u00e9tico de La Pampa, y que contribuye a diversificar la matriz productiva de la provincia y ampliar las unidades de negocio de la empresa de energ\u00eda estatal\u00bb, indicaron desde el gobierno provincial.<\/p>\n\n\n\n<p><strong>Fuente: eldiariodelapampa.com.ar<\/strong><\/p>\n","protected":false},"excerpt":{"rendered":"<p>Zona de Puelches, en los sectores de la laguna La Amarga y la salina San M\u00e1ximo<\/p>\n","protected":false},"author":2,"featured_media":104802,"comment_status":"closed","ping_status":"open","sticky":false,"template":"","format":"standard","meta":{"footnotes":""},"categories":[1335],"tags":[7892],"class_list":["post-104801","post","type-post","status-publish","format-standard","has-post-thumbnail","hentry","category-inferior15","tag-se-trabajara-en-20-puntos-de-la-provincia"],"yoast_head":"<!-- This site is optimized with the Yoast SEO plugin v23.4 - https:\/\/yoast.com\/wordpress\/plugins\/seo\/ -->\n<title>El gobierno de La Pampa avanza para dimensionar la cantidad de litio existente - Infoecos<\/title>\n<meta name=\"robots\" content=\"index, follow, max-snippet:-1, max-image-preview:large, max-video-preview:-1\" \/>\n<link rel=\"canonical\" href=\"https:\/\/infoecos.com.ar\/index.php\/el-gobierno-de-la-pampa-avanza-para-dimensionar-la-cantidad-de-litio-existente\/\" \/>\n<meta property=\"og:locale\" content=\"es_ES\" \/>\n<meta property=\"og:type\" content=\"article\" \/>\n<meta property=\"og:title\" content=\"El gobierno de La Pampa avanza para dimensionar la cantidad de litio existente - Infoecos\" \/>\n<meta property=\"og:description\" content=\"Zona de Puelches, en los sectores de la laguna La Amarga y la salina San M\u00e1ximo\" \/>\n<meta property=\"og:url\" content=\"https:\/\/infoecos.com.ar\/index.php\/el-gobierno-de-la-pampa-avanza-para-dimensionar-la-cantidad-de-litio-existente\/\" \/>\n<meta property=\"og:site_name\" content=\"Infoecos\" \/>\n<meta property=\"article:publisher\" content=\"https:\/\/www.facebook.com\/profile.php?id=100063200290284\" \/>\n<meta property=\"article:published_time\" content=\"2023-05-10T04:45:23+00:00\" \/>\n<meta property=\"article:modified_time\" content=\"2023-05-11T05:38:07+00:00\" \/>\n<meta property=\"og:image\" content=\"https:\/\/infoecos.com.ar\/wp-content\/uploads\/2023\/05\/image-53.png\" \/>\n\t<meta property=\"og:image:width\" content=\"860\" \/>\n\t<meta property=\"og:image:height\" content=\"452\" \/>\n\t<meta property=\"og:image:type\" content=\"image\/png\" \/>\n<meta name=\"author\" content=\"Jorge Matheus\" \/>\n<meta name=\"twitter:card\" content=\"summary_large_image\" \/>\n<meta name=\"twitter:creator\" content=\"@infoecos\" \/>\n<meta name=\"twitter:site\" content=\"@infoecos\" \/>\n<meta name=\"twitter:label1\" content=\"Escrito por\" \/>\n\t<meta name=\"twitter:data1\" content=\"Jorge Matheus\" \/>\n\t<meta name=\"twitter:label2\" content=\"Tiempo de lectura\" \/>\n\t<meta name=\"twitter:data2\" content=\"2 minutos\" \/>\n<script type=\"application\/ld+json\" class=\"yoast-schema-graph\">{\"@context\":\"https:\/\/schema.org\",\"@graph\":[{\"@type\":\"Article\",\"@id\":\"https:\/\/infoecos.com.ar\/index.php\/el-gobierno-de-la-pampa-avanza-para-dimensionar-la-cantidad-de-litio-existente\/#article\",\"isPartOf\":{\"@id\":\"https:\/\/infoecos.com.ar\/index.php\/el-gobierno-de-la-pampa-avanza-para-dimensionar-la-cantidad-de-litio-existente\/\"},\"author\":{\"name\":\"Jorge Matheus\",\"@id\":\"https:\/\/infoecos.com.ar\/#\/schema\/person\/8f5ace5ce73b4b4aac4b7245aee6f191\"},\"headline\":\"El gobierno de La Pampa avanza para dimensionar la cantidad de litio existente\",\"datePublished\":\"2023-05-10T04:45:23+00:00\",\"dateModified\":\"2023-05-11T05:38:07+00:00\",\"mainEntityOfPage\":{\"@id\":\"https:\/\/infoecos.com.ar\/index.php\/el-gobierno-de-la-pampa-avanza-para-dimensionar-la-cantidad-de-litio-existente\/\"},\"wordCount\":270,\"publisher\":{\"@id\":\"https:\/\/infoecos.com.ar\/#organization\"},\"image\":{\"@id\":\"https:\/\/infoecos.com.ar\/index.php\/el-gobierno-de-la-pampa-avanza-para-dimensionar-la-cantidad-de-litio-existente\/#primaryimage\"},\"thumbnailUrl\":\"https:\/\/infoecos.com.ar\/wp-content\/uploads\/2023\/05\/image-53.png\",\"keywords\":[\"se trabajar\u00e1 en 20 puntos de la provincia\"],\"articleSection\":[\"Bloque inferior - 15\"],\"inLanguage\":\"es\"},{\"@type\":\"WebPage\",\"@id\":\"https:\/\/infoecos.com.ar\/index.php\/el-gobierno-de-la-pampa-avanza-para-dimensionar-la-cantidad-de-litio-existente\/\",\"url\":\"https:\/\/infoecos.com.ar\/index.php\/el-gobierno-de-la-pampa-avanza-para-dimensionar-la-cantidad-de-litio-existente\/\",\"name\":\"El gobierno de La Pampa avanza para dimensionar la cantidad de litio existente - Infoecos\",\"isPartOf\":{\"@id\":\"https:\/\/infoecos.com.ar\/#website\"},\"primaryImageOfPage\":{\"@id\":\"https:\/\/infoecos.com.ar\/index.php\/el-gobierno-de-la-pampa-avanza-para-dimensionar-la-cantidad-de-litio-existente\/#primaryimage\"},\"image\":{\"@id\":\"https:\/\/infoecos.com.ar\/index.php\/el-gobierno-de-la-pampa-avanza-para-dimensionar-la-cantidad-de-litio-existente\/#primaryimage\"},\"thumbnailUrl\":\"https:\/\/infoecos.com.ar\/wp-content\/uploads\/2023\/05\/image-53.png\",\"datePublished\":\"2023-05-10T04:45:23+00:00\",\"dateModified\":\"2023-05-11T05:38:07+00:00\",\"breadcrumb\":{\"@id\":\"https:\/\/infoecos.com.ar\/index.php\/el-gobierno-de-la-pampa-avanza-para-dimensionar-la-cantidad-de-litio-existente\/#breadcrumb\"},\"inLanguage\":\"es\",\"potentialAction\":[{\"@type\":\"ReadAction\",\"target\":[\"https:\/\/infoecos.com.ar\/index.php\/el-gobierno-de-la-pampa-avanza-para-dimensionar-la-cantidad-de-litio-existente\/\"]}]},{\"@type\":\"ImageObject\",\"inLanguage\":\"es\",\"@id\":\"https:\/\/infoecos.com.ar\/index.php\/el-gobierno-de-la-pampa-avanza-para-dimensionar-la-cantidad-de-litio-existente\/#primaryimage\",\"url\":\"https:\/\/infoecos.com.ar\/wp-content\/uploads\/2023\/05\/image-53.png\",\"contentUrl\":\"https:\/\/infoecos.com.ar\/wp-content\/uploads\/2023\/05\/image-53.png\",\"width\":860,\"height\":452},{\"@type\":\"BreadcrumbList\",\"@id\":\"https:\/\/infoecos.com.ar\/index.php\/el-gobierno-de-la-pampa-avanza-para-dimensionar-la-cantidad-de-litio-existente\/#breadcrumb\",\"itemListElement\":[{\"@type\":\"ListItem\",\"position\":1,\"name\":\"Portada\",\"item\":\"https:\/\/infoecos.com.ar\/\"},{\"@type\":\"ListItem\",\"position\":2,\"name\":\"El gobierno de La Pampa avanza para dimensionar la cantidad de litio existente\"}]},{\"@type\":\"WebSite\",\"@id\":\"https:\/\/infoecos.com.ar\/#website\",\"url\":\"https:\/\/infoecos.com.ar\/\",\"name\":\"Infoecos\",\"description\":\"Noticias de trenque lauquen y la zona\",\"publisher\":{\"@id\":\"https:\/\/infoecos.com.ar\/#organization\"},\"alternateName\":\"Noticias\",\"potentialAction\":[{\"@type\":\"SearchAction\",\"target\":{\"@type\":\"EntryPoint\",\"urlTemplate\":\"https:\/\/infoecos.com.ar\/?s={search_term_string}\"},\"query-input\":{\"@type\":\"PropertyValueSpecification\",\"valueRequired\":true,\"valueName\":\"search_term_string\"}}],\"inLanguage\":\"es\"},{\"@type\":\"Organization\",\"@id\":\"https:\/\/infoecos.com.ar\/#organization\",\"name\":\"Infoecos\",\"alternateName\":\"Noticias\",\"url\":\"https:\/\/infoecos.com.ar\/\",\"logo\":{\"@type\":\"ImageObject\",\"inLanguage\":\"es\",\"@id\":\"https:\/\/infoecos.com.ar\/#\/schema\/logo\/image\/\",\"url\":\"https:\/\/infoecos.com.ar\/wp-content\/uploads\/2024\/03\/cropped-logo.png\",\"contentUrl\":\"https:\/\/infoecos.com.ar\/wp-content\/uploads\/2024\/03\/cropped-logo.png\",\"width\":374,\"height\":90,\"caption\":\"Infoecos\"},\"image\":{\"@id\":\"https:\/\/infoecos.com.ar\/#\/schema\/logo\/image\/\"},\"sameAs\":[\"https:\/\/www.facebook.com\/profile.php?id=100063200290284\",\"https:\/\/x.com\/infoecos\"]},{\"@type\":\"Person\",\"@id\":\"https:\/\/infoecos.com.ar\/#\/schema\/person\/8f5ace5ce73b4b4aac4b7245aee6f191\",\"name\":\"Jorge Matheus\",\"url\":\"https:\/\/infoecos.com.ar\/index.php\/author\/jomatheus\/\"}]}<\/script>\n<!-- \/ Yoast SEO plugin. -->","yoast_head_json":{"title":"El gobierno de La Pampa avanza para dimensionar la cantidad de litio existente - Infoecos","robots":{"index":"index","follow":"follow","max-snippet":"max-snippet:-1","max-image-preview":"max-image-preview:large","max-video-preview":"max-video-preview:-1"},"canonical":"https:\/\/infoecos.com.ar\/index.php\/el-gobierno-de-la-pampa-avanza-para-dimensionar-la-cantidad-de-litio-existente\/","og_locale":"es_ES","og_type":"article","og_title":"El gobierno de La Pampa avanza para dimensionar la cantidad de litio existente - Infoecos","og_description":"Zona de Puelches, en los sectores de la laguna La Amarga y la salina San M\u00e1ximo","og_url":"https:\/\/infoecos.com.ar\/index.php\/el-gobierno-de-la-pampa-avanza-para-dimensionar-la-cantidad-de-litio-existente\/","og_site_name":"Infoecos","article_publisher":"https:\/\/www.facebook.com\/profile.php?id=100063200290284","article_published_time":"2023-05-10T04:45:23+00:00","article_modified_time":"2023-05-11T05:38:07+00:00","og_image":[{"width":860,"height":452,"url":"https:\/\/infoecos.com.ar\/wp-content\/uploads\/2023\/05\/image-53.png","type":"image\/png"}],"author":"Jorge Matheus","twitter_card":"summary_large_image","twitter_creator":"@infoecos","twitter_site":"@infoecos","twitter_misc":{"Escrito por":"Jorge Matheus","Tiempo de lectura":"2 minutos"},"schema":{"@context":"https:\/\/schema.org","@graph":[{"@type":"Article","@id":"https:\/\/infoecos.com.ar\/index.php\/el-gobierno-de-la-pampa-avanza-para-dimensionar-la-cantidad-de-litio-existente\/#article","isPartOf":{"@id":"https:\/\/infoecos.com.ar\/index.php\/el-gobierno-de-la-pampa-avanza-para-dimensionar-la-cantidad-de-litio-existente\/"},"author":{"name":"Jorge Matheus","@id":"https:\/\/infoecos.com.ar\/#\/schema\/person\/8f5ace5ce73b4b4aac4b7245aee6f191"},"headline":"El gobierno de La Pampa avanza para dimensionar la cantidad de litio existente","datePublished":"2023-05-10T04:45:23+00:00","dateModified":"2023-05-11T05:38:07+00:00","mainEntityOfPage":{"@id":"https:\/\/infoecos.com.ar\/index.php\/el-gobierno-de-la-pampa-avanza-para-dimensionar-la-cantidad-de-litio-existente\/"},"wordCount":270,"publisher":{"@id":"https:\/\/infoecos.com.ar\/#organization"},"image":{"@id":"https:\/\/infoecos.com.ar\/index.php\/el-gobierno-de-la-pampa-avanza-para-dimensionar-la-cantidad-de-litio-existente\/#primaryimage"},"thumbnailUrl":"https:\/\/infoecos.com.ar\/wp-content\/uploads\/2023\/05\/image-53.png","keywords":["se trabajar\u00e1 en 20 puntos de la provincia"],"articleSection":["Bloque inferior - 15"],"inLanguage":"es"},{"@type":"WebPage","@id":"https:\/\/infoecos.com.ar\/index.php\/el-gobierno-de-la-pampa-avanza-para-dimensionar-la-cantidad-de-litio-existente\/","url":"https:\/\/infoecos.com.ar\/index.php\/el-gobierno-de-la-pampa-avanza-para-dimensionar-la-cantidad-de-litio-existente\/","name":"El gobierno de La Pampa avanza para dimensionar la cantidad de litio existente - Infoecos","isPartOf":{"@id":"https:\/\/infoecos.com.ar\/#website"},"primaryImageOfPage":{"@id":"https:\/\/infoecos.com.ar\/index.php\/el-gobierno-de-la-pampa-avanza-para-dimensionar-la-cantidad-de-litio-existente\/#primaryimage"},"image":{"@id":"https:\/\/infoecos.com.ar\/index.php\/el-gobierno-de-la-pampa-avanza-para-dimensionar-la-cantidad-de-litio-existente\/#primaryimage"},"thumbnailUrl":"https:\/\/infoecos.com.ar\/wp-content\/uploads\/2023\/05\/image-53.png","datePublished":"2023-05-10T04:45:23+00:00","dateModified":"2023-05-11T05:38:07+00:00","breadcrumb":{"@id":"https:\/\/infoecos.com.ar\/index.php\/el-gobierno-de-la-pampa-avanza-para-dimensionar-la-cantidad-de-litio-existente\/#breadcrumb"},"inLanguage":"es","potentialAction":[{"@type":"ReadAction","target":["https:\/\/infoecos.com.ar\/index.php\/el-gobierno-de-la-pampa-avanza-para-dimensionar-la-cantidad-de-litio-existente\/"]}]},{"@type":"ImageObject","inLanguage":"es","@id":"https:\/\/infoecos.com.ar\/index.php\/el-gobierno-de-la-pampa-avanza-para-dimensionar-la-cantidad-de-litio-existente\/#primaryimage","url":"https:\/\/infoecos.com.ar\/wp-content\/uploads\/2023\/05\/image-53.png","contentUrl":"https:\/\/infoecos.com.ar\/wp-content\/uploads\/2023\/05\/image-53.png","width":860,"height":452},{"@type":"BreadcrumbList","@id":"https:\/\/infoecos.com.ar\/index.php\/el-gobierno-de-la-pampa-avanza-para-dimensionar-la-cantidad-de-litio-existente\/#breadcrumb","itemListElement":[{"@type":"ListItem","position":1,"name":"Portada","item":"https:\/\/infoecos.com.ar\/"},{"@type":"ListItem","position":2,"name":"El gobierno de La Pampa avanza para dimensionar la cantidad de litio existente"}]},{"@type":"WebSite","@id":"https:\/\/infoecos.com.ar\/#website","url":"https:\/\/infoecos.com.ar\/","name":"Infoecos","description":"Noticias de trenque lauquen y la zona","publisher":{"@id":"https:\/\/infoecos.com.ar\/#organization"},"alternateName":"Noticias","potentialAction":[{"@type":"SearchAction","target":{"@type":"EntryPoint","urlTemplate":"https:\/\/infoecos.com.ar\/?s={search_term_string}"},"query-input":{"@type":"PropertyValueSpecification","valueRequired":true,"valueName":"search_term_string"}}],"inLanguage":"es"},{"@type":"Organization","@id":"https:\/\/infoecos.com.ar\/#organization","name":"Infoecos","alternateName":"Noticias","url":"https:\/\/infoecos.com.ar\/","logo":{"@type":"ImageObject","inLanguage":"es","@id":"https:\/\/infoecos.com.ar\/#\/schema\/logo\/image\/","url":"https:\/\/infoecos.com.ar\/wp-content\/uploads\/2024\/03\/cropped-logo.png","contentUrl":"https:\/\/infoecos.com.ar\/wp-content\/uploads\/2024\/03\/cropped-logo.png","width":374,"height":90,"caption":"Infoecos"},"image":{"@id":"https:\/\/infoecos.com.ar\/#\/schema\/logo\/image\/"},"sameAs":["https:\/\/www.facebook.com\/profile.php?id=100063200290284","https:\/\/x.com\/infoecos"]},{"@type":"Person","@id":"https:\/\/infoecos.com.ar\/#\/schema\/person\/8f5ace5ce73b4b4aac4b7245aee6f191","name":"Jorge Matheus","url":"https:\/\/infoecos.com.ar\/index.php\/author\/jomatheus\/"}]}},"featured_image_urls":{"full":["https:\/\/infoecos.com.ar\/wp-content\/uploads\/2023\/05\/image-53.png",860,452,false],"thumbnail":["https:\/\/infoecos.com.ar\/wp-content\/uploads\/2023\/05\/image-53-300x150.png",300,150,true],"medium":["https:\/\/infoecos.com.ar\/wp-content\/uploads\/2023\/05\/image-53-800x420.png",800,420,true],"medium_large":["https:\/\/infoecos.com.ar\/wp-content\/uploads\/2023\/05\/image-53-768x404.png",640,337,true],"large":["https:\/\/infoecos.com.ar\/wp-content\/uploads\/2023\/05\/image-53.png",640,336,false],"1536x1536":["https:\/\/infoecos.com.ar\/wp-content\/uploads\/2023\/05\/image-53.png",860,452,false],"2048x2048":["https:\/\/infoecos.com.ar\/wp-content\/uploads\/2023\/05\/image-53.png",860,452,false],"covernews-slider-full":["https:\/\/infoecos.com.ar\/wp-content\/uploads\/2023\/05\/image-53.png",860,452,false],"covernews-slider-center":["https:\/\/infoecos.com.ar\/wp-content\/uploads\/2023\/05\/image-53.png",800,420,false],"covernews-featured":["https:\/\/infoecos.com.ar\/wp-content\/uploads\/2023\/05\/image-53.png",860,452,false],"covernews-medium":["https:\/\/infoecos.com.ar\/wp-content\/uploads\/2023\/05\/image-53-720x380.png",540,285,true],"covernews-medium-square":["https:\/\/infoecos.com.ar\/wp-content\/uploads\/2023\/05\/image-53-675x450.png",375,250,true]},"author_info":{"info":["Jorge Matheus"]},"category_info":"<a href=\"https:\/\/infoecos.com.ar\/index.php\/category\/inferior15\/\" rel=\"category tag\">Bloque inferior - 15<\/a>","tag_info":"Bloque inferior - 15","comment_count":"0","_links":{"self":[{"href":"https:\/\/infoecos.com.ar\/index.php\/wp-json\/wp\/v2\/posts\/104801"}],"collection":[{"href":"https:\/\/infoecos.com.ar\/index.php\/wp-json\/wp\/v2\/posts"}],"about":[{"href":"https:\/\/infoecos.com.ar\/index.php\/wp-json\/wp\/v2\/types\/post"}],"author":[{"embeddable":true,"href":"https:\/\/infoecos.com.ar\/index.php\/wp-json\/wp\/v2\/users\/2"}],"replies":[{"embeddable":true,"href":"https:\/\/infoecos.com.ar\/index.php\/wp-json\/wp\/v2\/comments?post=104801"}],"version-history":[{"count":2,"href":"https:\/\/infoecos.com.ar\/index.php\/wp-json\/wp\/v2\/posts\/104801\/revisions"}],"predecessor-version":[{"id":104804,"href":"https:\/\/infoecos.com.ar\/index.php\/wp-json\/wp\/v2\/posts\/104801\/revisions\/104804"}],"wp:featuredmedia":[{"embeddable":true,"href":"https:\/\/infoecos.com.ar\/index.php\/wp-json\/wp\/v2\/media\/104802"}],"wp:attachment":[{"href":"https:\/\/infoecos.com.ar\/index.php\/wp-json\/wp\/v2\/media?parent=104801"}],"wp:term":[{"taxonomy":"category","embeddable":true,"href":"https:\/\/infoecos.com.ar\/index.php\/wp-json\/wp\/v2\/categories?post=104801"},{"taxonomy":"post_tag","embeddable":true,"href":"https:\/\/infoecos.com.ar\/index.php\/wp-json\/wp\/v2\/tags?post=104801"}],"curies":[{"name":"wp","href":"https:\/\/api.w.org\/{rel}","templated":true}]}}