{"id":104828,"date":"2023-05-10T03:08:31","date_gmt":"2023-05-10T06:08:31","guid":{"rendered":"https:\/\/infoecos.com.ar\/?p=104828"},"modified":"2023-05-12T03:08:13","modified_gmt":"2023-05-12T06:08:13","slug":"calendario-de-eventos-turisticos-en-la-provincia-de-buenos-aires-del-11-al-18-de-mayo","status":"publish","type":"post","link":"https:\/\/infoecos.com.ar\/index.php\/calendario-de-eventos-turisticos-en-la-provincia-de-buenos-aires-del-11-al-18-de-mayo\/","title":{"rendered":"Calendario de eventos tur\u00edsticos en la provincia de Buenos Aires del 11 al 18 de mayo"},"content":{"rendered":"\n<p>Los municipios bonaerenses tendr\u00e1n un fin de semana con propuestas gastron\u00f3micas criollas, festividades extranjeras, m\u00fasica y muestras productivas. En Suipacha se realizar\u00e1 la Expo Suipacha 2023; en Florencio Varela, el tradicional Festival Japon\u00e9s Varela Matsuri; en Lan\u00fas, el Festival de Tango; y en General Rodr\u00edguez, la Fiesta del Pueblo y la Empanada Rodriguense.<\/p>\n\n\n\n<figure class=\"wp-block-image aligncenter size-full is-resized\"><img loading=\"lazy\" decoding=\"async\" src=\"https:\/\/infoecos.com.ar\/wp-content\/uploads\/2023\/05\/Expo-Suipacha.jpeg\" alt=\"\" class=\"wp-image-104829\" width=\"504\" height=\"432\" srcset=\"https:\/\/infoecos.com.ar\/wp-content\/uploads\/2023\/05\/Expo-Suipacha.jpeg 1440w, https:\/\/infoecos.com.ar\/wp-content\/uploads\/2023\/05\/Expo-Suipacha-800x686.jpeg 800w, https:\/\/infoecos.com.ar\/wp-content\/uploads\/2023\/05\/Expo-Suipacha-768x659.jpeg 768w, https:\/\/infoecos.com.ar\/wp-content\/uploads\/2023\/05\/Expo-Suipacha-1024x878.jpeg 1024w\" sizes=\"(max-width: 504px) 100vw, 504px\" \/><\/figure>\n\n\n\n<figure class=\"wp-block-image aligncenter size-full is-resized\"><img loading=\"lazy\" decoding=\"async\" src=\"https:\/\/infoecos.com.ar\/wp-content\/uploads\/2023\/05\/Varela-Matsuri.jpeg\" alt=\"\" class=\"wp-image-104830\" width=\"499\" height=\"428\" srcset=\"https:\/\/infoecos.com.ar\/wp-content\/uploads\/2023\/05\/Varela-Matsuri.jpeg 1033w, https:\/\/infoecos.com.ar\/wp-content\/uploads\/2023\/05\/Varela-Matsuri-800x686.jpeg 800w, https:\/\/infoecos.com.ar\/wp-content\/uploads\/2023\/05\/Varela-Matsuri-768x659.jpeg 768w, https:\/\/infoecos.com.ar\/wp-content\/uploads\/2023\/05\/Varela-Matsuri-1024x878.jpeg 1024w\" sizes=\"(max-width: 499px) 100vw, 499px\" \/><\/figure>\n\n\n\n<figure class=\"wp-block-image aligncenter size-full is-resized\"><img loading=\"lazy\" decoding=\"async\" src=\"https:\/\/infoecos.com.ar\/wp-content\/uploads\/2023\/05\/Festival-de-tango-Valentin-Alsina.jpeg\" alt=\"\" class=\"wp-image-104831\" width=\"497\" height=\"426\" srcset=\"https:\/\/infoecos.com.ar\/wp-content\/uploads\/2023\/05\/Festival-de-tango-Valentin-Alsina.jpeg 788w, https:\/\/infoecos.com.ar\/wp-content\/uploads\/2023\/05\/Festival-de-tango-Valentin-Alsina-768x658.jpeg 768w\" sizes=\"(max-width: 497px) 100vw, 497px\" \/><\/figure>\n\n\n\n<p><strong>FIESTAS POPULARES<\/strong><\/p>\n\n\n\n<p><strong>GENERAL RODR\u00cdGUEZ<\/strong><\/p>\n\n\n\n<p><strong>Fiesta del Pueblo y la Empanada Rodriguense<\/strong><\/p>\n\n\n\n<p><em>Fecha, hora y lugar:<\/em> Del viernes 12 al domingo 14, desde las 16:00, en el Predio de la Estaci\u00f3n Cultural av. 25 de Mayo e Int. Manny.<\/p>\n\n\n\n<p><em>Descripci\u00f3n:<\/em> Concurso de la Empanada Rodriguense junto a la campeona nacional, Mar\u00eda Cuello. Habr\u00e1 feria gastron\u00f3mica, de artesan\u00edas y emprendimientos, degustaci\u00f3n de empanadas, talleres de cocina en vivo y espect\u00e1culos art\u00edsticos con&nbsp; cierre a cargo de la cantante popular Teresa Parodi. Entrada gratuita. Organiza la Municipalidad de General Rodr\u00edguez.&nbsp;<\/p>\n\n\n\n<p><em>M\u00e1s informaci\u00f3n:<\/em> <a href=\"http:\/\/www.facebook.com\/MunicipalidadGR\" target=\"_blank\" rel=\"noreferrer noopener\">www.facebook.com\/MunicipalidadGR<\/a> &#8211; <a href=\"http:\/\/www.instagram.com\/municipalidadgr\/\" target=\"_blank\" rel=\"noreferrer noopener\">www.instagram.com\/municipalidadgr\/<\/a>&nbsp;<\/p>\n\n\n\n<p><strong>LAN\u00daS (Valent\u00edn Alsina)<\/strong><\/p>\n\n\n\n<p><strong>10\u00ba Festival de Tango de Valent\u00edn Alsina<\/strong><\/p>\n\n\n\n<p><em>Fecha, hora y lugar:<\/em> Del viernes 12 al domingo 14, en diferentes horarios y espacios f\u00edsicos de Lan\u00fas.<\/p>\n\n\n\n<p><em>Descripci\u00f3n:<\/em> El viernes a las 15:00, en la Escuela N\u00ba 3, Rep\u00fablica del Brasil dar\u00e1 comienzo al festival con un taller de tango para infancias destinado solo a la comunidad educativa. El s\u00e1bado, a partir de las 17:00, las actividades contin\u00faan en el Almac\u00e9n Do\u00f1a Cata con la presentaci\u00f3n de Degustando Vilinos, Mat\u00edas Mauricio, Los Poetas del Tango,Marisa V\u00e1squez y La Conurbana. El domingo a las 17:00, en Plaza Concordia, clases de Luc\u00eda Rinaldi, presentaci\u00f3n de Las Orillas, Orquesta T\u00edpica La Vid\u00fa, Cucuza Castiello, Orquesta T\u00edpica Misteriosa de Buenos Aires, y DJ Fran Vargas. Gran cierre con milonga al aire libre. Organiza la Cooperativa Cultural Q24 con el apoyo del Instituto Cultural de la Provincia de Buenos Aires y el Ministerio de Cultura de la Naci\u00f3n.<\/p>\n\n\n\n<p><em>M\u00e1s informaci\u00f3n:<\/em> <a href=\"http:\/\/www.facebook.com\/FestivalTangoValentinAlsina\" target=\"_blank\" rel=\"noreferrer noopener\">www.facebook.com\/FestivalTangoValentinAlsina<\/a> &#8211; <a href=\"http:\/\/www.instagram.com\/festivaltangovalentinalsina\" target=\"_blank\" rel=\"noreferrer noopener\">www.instagram.com\/festivaltangovalentinalsina<\/a>&nbsp;<\/p>\n\n\n\n<p><strong>GENERAL ARENALES (Ferr\u00e9)<\/strong><\/p>\n\n\n\n<p><strong>42\u00ba Fiesta del Raviol&nbsp;<\/strong><\/p>\n\n\n\n<p><em>Fecha, hora y lugar:<\/em> S\u00e1bado 13, a las 21:30, en el Club Deportivo Colonial de la localidad de Ferr\u00e9.<\/p>\n\n\n\n<p><em>Descripci\u00f3n:<\/em> Reconocimiento a las mujeres que trabajaron toda la vida en la elaboraci\u00f3n de pastas del Club Colonial. La cena tiene como plato principal los tradicionales ravioles artesanales, calidad premium. Habr\u00e1 baile durante toda la noche. Evento arancelado. Reservas al (236) 4512529\/4346604. Organiza el Club Deportivo Colonial.<\/p>\n\n\n\n<p><em>M\u00e1s informaci\u00f3n:<\/em> <a href=\"http:\/\/www.facebook.com\/ferre.colonial\" target=\"_blank\" rel=\"noreferrer noopener\">www.facebook.com\/ferre.colonial<\/a><\/p>\n\n\n\n<p><strong>TORNQUIST (Villa Serrana La Gruta)<\/strong><\/p>\n\n\n\n<p><strong>36\u00ba Peregrinaci\u00f3n al Santuario Nuestra Se\u00f1ora de F\u00e1tima<\/strong><\/p>\n\n\n\n<p><em>Fecha, hora y lugar:<\/em> S\u00e1bado 13 y domingo 14, desde las 10:00, en el Santuario Nuestra Se\u00f1ora de F\u00e1tima.<\/p>\n\n\n\n<p><em>Descripci\u00f3n<\/em>: El s\u00e1bado, a las 18:00, concentraci\u00f3n para la procesi\u00f3n con velas que se realiza en los alrededores del santuario construido en el cerro El Guardi\u00e1n. Durante las dos jornadas se podr\u00e1 visitar el lugar, rezar el rosario y participar de las misas. Entrada gratuita. Organiza la Comisi\u00f3n Pastoral Portuguesa del Santuario Nuestra Se\u00f1ora de F\u00e1tima en Tornquist.<\/p>\n\n\n\n<p>M\u00e1s informaci\u00f3n: <a href=\"http:\/\/www.sierrasdelaventana.tur.ar\/\" target=\"_blank\" rel=\"noreferrer noopener\">www.sierrasdelaventana.tur.ar<\/a> \u2013 <a href=\"http:\/\/www.facebook.com\/direccionturismo.tornquist\" target=\"_blank\" rel=\"noreferrer noopener\">www.facebook.com\/direccionturismo.tornquist<\/a> &#8211; <a href=\"http:\/\/www.instagram.com\/ventania_tornquist\" target=\"_blank\" rel=\"noreferrer noopener\">www.instagram.com\/ventania_tornquist<\/a><\/p>\n\n\n\n<p><strong>FLORENCIO VARELA<\/strong><\/p>\n\n\n\n<p><strong>Varela Matsuri 2023<\/strong><\/p>\n\n\n\n<p><em>Fecha, hora y lugar:<\/em> Domingo 14, de 10:00 a 18:00, en av. Eva Per\u00f3n n\u00ba 7215 (ex Sarmiento n\u00ba 3900).<\/p>\n\n\n\n<p><em>Descripci\u00f3n:<\/em> Festival japon\u00e9s con actividades como Rajio Taisou, taiko, eisa, bon odori, artes marciales y gastronom\u00eda t\u00edpica japonesa. Adem\u00e1s, puestos con anim\u00e9 y floricultura. Bono contribuci\u00f3n: $1.000; menores de 10 a\u00f1os, personas con discapacidad y ex veteranos de Malvinas, gratis; jubilados, 50% de descuento. En caso de lluvia el festival se posterga para el domingo 21 de mayo. Organiza la Asociaci\u00f3n Japonesa de Florencio Varela con el apoyo de la comuna local.&nbsp;<\/p>\n\n\n\n<p><em>M\u00e1s informaci\u00f3n<\/em>: <a href=\"http:\/\/www.facebook.com\/Varelamatsuri\" target=\"_blank\" rel=\"noreferrer noopener\">www.facebook.com\/Varelamatsuri<\/a> &#8211; <a href=\"http:\/\/www.instagram.com\/varelamatsuri\/\" target=\"_blank\" rel=\"noreferrer noopener\">www.instagram.com\/varelamatsuri\/<\/a>&nbsp;&nbsp;<\/p>\n\n\n\n<p><strong>CORONEL SU\u00c1REZ (Santa Mar\u00eda)<\/strong><\/p>\n\n\n\n<p><strong>136\u00ba Aniversario del Pueblo Santa Mar\u00eda<\/strong><\/p>\n\n\n\n<p><em>Fecha, hora y lugar:<\/em> Domingo 14, desde las 15:00, en diferentes espacios f\u00edsicos de Santa Mar\u00eda.<\/p>\n\n\n\n<p><em>Descripci\u00f3n:<\/em> Recorrido hist\u00f3rico-arquitect\u00f3nico, exposici\u00f3n de fotos en el Museo Santa Mar\u00eda, visitas guiadas, kermesse, kreppels y m\u00fasica en el Centro Cultural H\u00e9ctor Schwerdt. Organiza la Asociaci\u00f3n Turismo Comunitario de Santa Mar\u00eda con el acompa\u00f1amiento del Municipio de Coronel Su\u00e1rez. Consultar programaci\u00f3n en: <a href=\"http:\/\/www.coronelsuarez.tur.ar\/\" target=\"_blank\" rel=\"noreferrer noopener\">www.coronelsuarez.tur.ar\/<\/a>&nbsp;<\/p>\n\n\n\n<p><em>M\u00e1s informaci\u00f3n<\/em>: <a href=\"http:\/\/www.facebook.com\/suarezturismo\" target=\"_blank\" rel=\"noreferrer noopener\">www.facebook.com\/suarezturismo<\/a> &#8211;<\/p>\n\n\n\n<p><a href=\"http:\/\/www.instagram.com\/suarezturismo\" target=\"_blank\" rel=\"noreferrer noopener\">www.instagram.com\/suarezturismo<\/a> &#8211; <a href=\"http:\/\/www.facebook.com\/AsocTurismoComunitarioSantaMaria\" target=\"_blank\" rel=\"noreferrer noopener\">www.facebook.com\/AsocTurismoComunitarioSantaMaria<\/a>&nbsp;<\/p>\n\n\n\n<p><strong>FERIAS Y EXPOSICIONES<\/strong><\/p>\n\n\n\n<p><strong>SUIPACHA<\/strong><\/p>\n\n\n\n<p><strong>Expo Suipacha 2023<\/strong><\/p>\n\n\n\n<p><em>Fecha, hora y lugar:<\/em> Del jueves 11 al domingo 14, de 10:00 a 24:00, en el predio de la Sociedad Rural de Suipacha (RN 5 km 128.5).<\/p>\n\n\n\n<p><em>Descripci\u00f3n:<\/em> Exposici\u00f3n de Ganader\u00eda, Industria y Comercio que celebra 49 ediciones. Durante la muestra se realizar\u00e1n: el 17\u00b0 Concurso Nacional de Quesos, la 19\u00b0 Fiesta Provincial de la Lecher\u00eda, las jornadas t\u00e9cnicas a cargo de Producir XXI, el Campeonato de Holando Argentino, la Jura a Campo a cargo de Asociaci\u00f3n de Criadores Holando Argentino, la Jura de Raza Angus coordinada por la Asociaci\u00f3n Argentina de Angus y el Certamen de Conocimientos sobre la Cadena L\u00e1ctea para alumnos secundarios. Presentaci\u00f3n de expositores locales, zonales y de otras provincias. Adem\u00e1s, propuestas culturales a cargo de la Municipalidad de Suipacha. Entrada gratuita. Organiza la Sociedad Rural de Suipacha con el apoyo del Municipio de Suipacha.<\/p>\n\n\n\n<p><em>M\u00e1s informaci\u00f3n:<\/em> <a href=\"https:\/\/exposuipacha.com.ar\/\" target=\"_blank\" rel=\"noreferrer noopener\">https:\/\/exposuipacha.com.ar\/<\/a> <a href=\"http:\/\/www.instagram.com\/exposuipacha\" target=\"_blank\" rel=\"noreferrer noopener\">www.instagram.com\/exposuipacha<\/a> &#8211; <a href=\"http:\/\/www.facebook.com\/ExpoSuipacha22\/?locale=es_LA\" target=\"_blank\" rel=\"noreferrer noopener\">www.facebook.com\/ExpoSuipacha22\/?locale=es_LA<\/a>&nbsp;<\/p>\n\n\n\n<p><strong>TANDIL<\/strong><\/p>\n\n\n\n<p><strong>12\u00ba Expo Planta Sans Souci<\/strong><\/p>\n\n\n\n<p><em>Fecha, hora y lugar<\/em>: S\u00e1bado 13 y domingo 14, de 10:00 a 18:00, en el predio Sans Souci (calle Aeron\u00e1utica Argentina al 2700).<\/p>\n\n\n\n<p><em>Descripci\u00f3n<\/em>: Exposici\u00f3n y ventas de plantas y plantines, semillas, macetas, fertilizantes, plaguicidas org\u00e1nicos, tierra, abono, m\u00e1quina y herramientas de jardiner\u00eda. Entrada arancelada. Organiza la Asociaci\u00f3n Cooperadora Instituto n\u00ba 75 con el acompa\u00f1amiento de la Municipalidad de Tandil.<\/p>\n\n\n\n<p><em>M\u00e1s informaci\u00f3n:<\/em> <a href=\"http:\/\/www.facebook.com\/ExpoJardin\" target=\"_blank\" rel=\"noreferrer noopener\">www.facebook.com\/ExpoJardin<\/a> &#8211; <a href=\"http:\/\/www.instagram.com\/expojardin_sans_souci\/\" target=\"_blank\" rel=\"noreferrer noopener\">www.instagram.com\/expojardin_sans_souci\/<\/a> &#8211; <a href=\"https:\/\/linktr.ee\/dirturtan\" target=\"_blank\" rel=\"noreferrer noopener\">https:\/\/linktr.ee\/dirturtan<\/a><\/p>\n\n\n\n<p><strong>ROQUE P\u00c9REZ<\/strong><\/p>\n\n\n\n<p><strong>7\u00ba Aniversario de Mercado Bien Aut\u00e9ntico<\/strong><\/p>\n\n\n\n<p><em>Fecha, hora y lugar:<\/em> S\u00e1bado 13 y domingo 14, de 14:00 a 19:00, en la Plaza Mitre<\/p>\n\n\n\n<p><em>Descripci\u00f3n:<\/em> Celebraci\u00f3n de un nuevo aniversario del mercado con espect\u00e1culos en vivo, food truck y feria de emprendedoras y emprendedores. Entrada gratuita. Organiza la Municipalidad de Roque P\u00e9rez. Ver grilla de shows en: <a href=\"https:\/\/bit.ly\/3AXu0o8\" target=\"_blank\" rel=\"noreferrer noopener\">https:\/\/bit.ly\/3AXu0o8<\/a>&nbsp;<\/p>\n\n\n\n<p><em>M\u00e1s informaci\u00f3n:<\/em> <a href=\"http:\/\/www.facebook.com\/MercadoBienAutentico\" target=\"_blank\" rel=\"noreferrer noopener\">www.facebook.com\/MercadoBienAutentico<\/a> &#8211; <a href=\"http:\/\/www.instagram.com\/mercadobienautentico\" target=\"_blank\" rel=\"noreferrer noopener\">www.instagram.com\/mercadobienautentico<\/a>&nbsp;<\/p>\n\n\n\n<p><strong>ARRECIFES<\/strong><\/p>\n\n\n\n<p><strong>Encuentro de Artesanos, Emprendedores y Gastron\u00f3micos<\/strong><strong><br><\/strong><em>Fecha, hora y lugar:<\/em> S\u00e1bado 13 y domingo 14, desde las 12:00, en la Plaza Mitre (Rivadavia y Ricardo Guti\u00e9rrez).<\/p>\n\n\n\n<p><em>Descripci\u00f3n:<\/em> Paseo de artesanos, carros gastron\u00f3micos, shows en vivo y, el domingo, gran cierre con la presentaci\u00f3n de Los Charros. Entrada gratuita. Organizado por la Comisi\u00f3n de Artesanos y Microemprendedores de Arrecifes. Invita la Municipalidad de Arrecifes.<\/p>\n\n\n\n<p><em>M\u00e1s informaci\u00f3n:<\/em> <a href=\"http:\/\/www.facebook.com\/municipalidadarrecifes\" target=\"_blank\" rel=\"noreferrer noopener\">www.facebook.com\/municipalidadarrecifes<\/a> &#8211; <a href=\"http:\/\/www.instagram.com\/municipalidaddearrecifes\" target=\"_blank\" rel=\"noreferrer noopener\">www.instagram.com\/municipalidaddearrecifes<\/a> &#8211; <a href=\"http:\/\/www.instagram.com\/ferias_artesanos_arrecifes\" target=\"_blank\" rel=\"noreferrer noopener\">www.instagram.com\/ferias_artesanos_arrecifes<\/a>&nbsp;<\/p>\n\n\n\n<p><strong>CA\u00d1UELAS<\/strong><\/p>\n\n\n\n<p><strong>Feria Rural de Ca\u00f1uelas<\/strong><\/p>\n\n\n\n<p><em>Fecha, hora y lugar:<\/em> Domingo 14, de 09:30 a 16:00, en ruta 5, km 65,200.<\/p>\n\n\n\n<p><em>Descripci\u00f3n:<\/em> La feria cumple 21 a\u00f1os y lo festeja con m\u00e1s de sesenta emprendimientos, venta de productos locales artesanales, clases de folklore, danzas t\u00edpicas argentinas y sorteos. Se presentar\u00e1n Florencia Mart\u00ednez, el grupo Generaciones, el Ballet Juana Azurduy, Fernando Torres y el Taller de Folklore para adultos del ICC. Adem\u00e1s habr\u00e1 puestos gastron\u00f3micos con diferentes platos. Entrada gratuita. Organizan los productores locales con el acompa\u00f1amiento de la Municipalidad de Ca\u00f1uelas.<\/p>\n\n\n\n<p><em>M\u00e1s informaci\u00f3n:<\/em> <a href=\"http:\/\/www.facebook.com\/Turismo.Canuelas\" target=\"_blank\" rel=\"noreferrer noopener\">www.facebook.com\/Turismo.Canuelas<\/a> &#8211; <a href=\"http:\/\/www.instagram.com\/turismo.canuelas\/?hl=es\" target=\"_blank\" rel=\"noreferrer noopener\">www.instagram.com\/turismo.canuelas\/?hl=es<\/a> &#8211; <a href=\"http:\/\/www.facebook.com\/feriarural\" target=\"_blank\" rel=\"noreferrer noopener\">www.facebook.com\/feriarural<\/a>&nbsp;<\/p>\n\n\n\n<p><strong>QUILMES<\/strong><\/p>\n\n\n\n<p><strong>Feria de las Colectividades<\/strong><\/p>\n\n\n\n<p><em>Fecha, hora y lugar:<\/em> Del viernes 12 al domingo 14, de 12:00 a 22:00, en la Plaza de las Colectividades (Av. Carlos Pellegrini y av. Vicente L\u00f3pez, Quilmes Oeste).<\/p>\n\n\n\n<p><em>Descripci\u00f3n:<\/em> M\u00e1s de 120 puestos gastron\u00f3micos, ballets, m\u00fasica, charlas, muestras y talleres gratuitos de danza y cocina. Escenario alternativo con shows infantiles. Organiza la Direcci\u00f3n General de Relaciones Institucionales de la Secretar\u00eda de Comunicaci\u00f3n y Relaciones Institucionales del Municipio de Quilmes, en articulaci\u00f3n con las distintas \u00e1reas municipales y en conjunto con el Consejo de Colectividades, espacio que nuclea a las principales instituciones de colectividades y migrantes del distrito.<\/p>\n\n\n\n<p><em>M\u00e1s informaci\u00f3n:<\/em> <a href=\"http:\/\/www.instagram.com\/quilmesmunicipio\" target=\"_blank\" rel=\"noreferrer noopener\">www.instagram.com\/quilmesmunicipio<\/a> &#8211; <a href=\"http:\/\/www.facebook.com\/MunicipalidadDeQuilmesOficial\" target=\"_blank\" rel=\"noreferrer noopener\">www.facebook.com\/MunicipalidadDeQuilmesOficial<\/a>&nbsp;<\/p>\n\n\n\n<p><strong>VISITAS GUIADAS<\/strong><\/p>\n\n\n\n<p><strong>MORENO (La Reja)<\/strong><\/p>\n\n\n\n<p><strong>Centro de Visitantes de Los Robles<\/strong><\/p>\n\n\n\n<p><em>Fecha, hora y lugar:<\/em> Viernes, a las 11:00 y a las 14:00; s\u00e1bados y domingos, a las 11:00, a las 14:00 y a las 16:00; en la Reserva Municipal Los Robles, en Benito Ju\u00e1rez y Alberto Williams, La Reja.<\/p>\n\n\n\n<p><em>Descripci\u00f3n:<\/em> Recorrido guiado a cargo de los Guardaparques del \u00c1rea. El centro de Visitantes de la Reserva Municipal Los Robles expondr\u00e1 los tres ambientes naturales del predio, la fauna y las especies vegetales que la habitan. El lugar cuenta con una sala sensorial adaptada para personas con discapacidad y un laboratorio con central meteorol\u00f3gica. Entrada arancelada. Organiza la Municipalidad de Moreno.<\/p>\n\n\n\n<p><em>M\u00e1s informaci\u00f3n:<\/em> <a href=\"http:\/\/www.facebook.com\/turismo.imdel?locale=es_LA\" target=\"_blank\" rel=\"noreferrer noopener\">www.facebook.com\/turismo.imdel?locale=es_LA<\/a> &#8211; <a href=\"http:\/\/www.instagram.com\/turismo.moreno\/\" target=\"_blank\" rel=\"noreferrer noopener\">www.instagram.com\/turismo.moreno\/<\/a>&nbsp;<\/p>\n\n\n\n<p>La agenda tur\u00edstica y cultural de los 135 municipios se encuentra disponible en la APP ReCreo. Link de descarga: <a href=\"http:\/\/recreo.gba.gob.ar\/descargar\" target=\"_blank\" rel=\"noreferrer noopener\">recreo.gba.gob.ar\/descargar<\/a><\/p>\n\n\n\n<p>En adjunto les compartimos el cat\u00e1logo Vinos Buenos Aires, lanzado recientemente con informaci\u00f3n sobre vi\u00f1edos y bodegas vinculados al enoturismo en la Provincia Invitamos a que puedan verlo para conocer de cerca este producto innovador que ofrecen los destinos tur\u00edsticos bonaerenses.&nbsp;<\/p>\n\n\n\n<p><strong>FIESTAS POPULARES<\/strong><\/p>\n\n\n\n<p><strong>GENERAL RODR\u00cdGUEZ<\/strong><\/p>\n\n\n\n<p><strong>Fiesta del Pueblo y la Empanada Rodriguense<\/strong><\/p>\n\n\n\n<p><em>Fecha, hora y lugar:<\/em> Del viernes 12 al domingo 14, desde las 16:00, en el Predio de la Estaci\u00f3n Cultural av. 25 de Mayo e Int. Manny.<\/p>\n\n\n\n<p><em>Descripci\u00f3n:<\/em> Concurso de la Empanada Rodriguense junto a la campeona nacional, Mar\u00eda Cuello. Habr\u00e1 feria gastron\u00f3mica, de artesan\u00edas y emprendimientos, degustaci\u00f3n de empanadas, talleres de cocina en vivo y espect\u00e1culos art\u00edsticos con&nbsp; cierre a cargo de la cantante popular Teresa Parodi. Entrada gratuita. Organiza la Municipalidad de General Rodr\u00edguez.&nbsp;<\/p>\n\n\n\n<p><em>M\u00e1s informaci\u00f3n:<\/em> <a href=\"http:\/\/www.facebook.com\/MunicipalidadGR\" target=\"_blank\" rel=\"noreferrer noopener\">www.facebook.com\/MunicipalidadGR<\/a> &#8211; <a href=\"http:\/\/www.instagram.com\/municipalidadgr\/\" target=\"_blank\" rel=\"noreferrer noopener\">www.instagram.com\/municipalidadgr\/<\/a>&nbsp;<\/p>\n\n\n\n<p><strong>LAN\u00daS (Valent\u00edn Alsina)<\/strong><\/p>\n\n\n\n<p><strong>10\u00ba Festival de Tango de Valent\u00edn Alsina<\/strong><\/p>\n\n\n\n<p><em>Fecha, hora y lugar:<\/em> Del viernes 12 al domingo 14, en diferentes horarios y espacios f\u00edsicos de Lan\u00fas.<\/p>\n\n\n\n<p><em>Descripci\u00f3n:<\/em> El viernes a las 15:00, en la Escuela N\u00ba 3, Rep\u00fablica del Brasil dar\u00e1 comienzo al festival con un taller de tango para infancias destinado solo a la comunidad educativa. El s\u00e1bado, a partir de las 17:00, las actividades contin\u00faan en el Almac\u00e9n Do\u00f1a Cata con la presentaci\u00f3n de Degustando Vilinos, Mat\u00edas Mauricio, Los Poetas del Tango,Marisa V\u00e1squez y La Conurbana. El domingo a las 17:00, en Plaza Concordia, clases de Luc\u00eda Rinaldi, presentaci\u00f3n de Las Orillas, Orquesta T\u00edpica La Vid\u00fa, Cucuza Castiello, Orquesta T\u00edpica Misteriosa de Buenos Aires, y DJ Fran Vargas. Gran cierre con milonga al aire libre. Organiza la Cooperativa Cultural Q24 con el apoyo del Instituto Cultural de la Provincia de Buenos Aires y el Ministerio de Cultura de la Naci\u00f3n.<\/p>\n\n\n\n<p><em>M\u00e1s informaci\u00f3n:<\/em> <a href=\"http:\/\/www.facebook.com\/FestivalTangoValentinAlsina\" target=\"_blank\" rel=\"noreferrer noopener\">www.facebook.com\/FestivalTangoValentinAlsina<\/a> &#8211; <a href=\"http:\/\/www.instagram.com\/festivaltangovalentinalsina\" target=\"_blank\" rel=\"noreferrer noopener\">www.instagram.com\/festivaltangovalentinalsina<\/a>&nbsp;<\/p>\n\n\n\n<p><strong>GENERAL ARENALES (Ferr\u00e9)<\/strong><\/p>\n\n\n\n<p><strong>42\u00ba Fiesta del Raviol&nbsp;<\/strong><\/p>\n\n\n\n<p><em>Fecha, hora y lugar:<\/em> S\u00e1bado 13, a las 21:30, en el Club Deportivo Colonial de la localidad de Ferr\u00e9.<\/p>\n\n\n\n<p><em>Descripci\u00f3n:<\/em> Reconocimiento a las mujeres que trabajaron toda la vida en la elaboraci\u00f3n de pastas del Club Colonial. La cena tiene como plato principal los tradicionales ravioles artesanales, calidad premium. Habr\u00e1 baile durante toda la noche. Evento arancelado. Reservas al (236) 4512529\/4346604. Organiza el Club Deportivo Colonial.<\/p>\n\n\n\n<p><em>M\u00e1s informaci\u00f3n:<\/em> <a href=\"http:\/\/www.facebook.com\/ferre.colonial\" target=\"_blank\" rel=\"noreferrer noopener\">www.facebook.com\/ferre.colonial<\/a><\/p>\n\n\n\n<p><strong>TORNQUIST (Villa Serrana La Gruta)<\/strong><\/p>\n\n\n\n<p><strong>36\u00ba Peregrinaci\u00f3n al Santuario Nuestra Se\u00f1ora de F\u00e1tima<\/strong><\/p>\n\n\n\n<p><em>Fecha, hora y lugar:<\/em> S\u00e1bado 13 y domingo 14, desde las 10:00, en el Santuario Nuestra Se\u00f1ora de F\u00e1tima.<\/p>\n\n\n\n<p><em>Descripci\u00f3n<\/em>: El s\u00e1bado, a las 18:00, concentraci\u00f3n para la procesi\u00f3n con velas que se realiza en los alrededores del santuario construido en el cerro El Guardi\u00e1n. Durante las dos jornadas se podr\u00e1 visitar el lugar, rezar el rosario y participar de las misas. Entrada gratuita. Organiza la Comisi\u00f3n Pastoral Portuguesa del Santuario Nuestra Se\u00f1ora de F\u00e1tima en Tornquist.<\/p>\n\n\n\n<p>M\u00e1s informaci\u00f3n: <a href=\"http:\/\/www.sierrasdelaventana.tur.ar\/\" target=\"_blank\" rel=\"noreferrer noopener\">www.sierrasdelaventana.tur.ar<\/a> \u2013 <a href=\"http:\/\/www.facebook.com\/direccionturismo.tornquist\" target=\"_blank\" rel=\"noreferrer noopener\">www.facebook.com\/direccionturismo.tornquist<\/a> &#8211; <a href=\"http:\/\/www.instagram.com\/ventania_tornquist\" target=\"_blank\" rel=\"noreferrer noopener\">www.instagram.com\/ventania_tornquist<\/a><\/p>\n\n\n\n<p><strong>FLORENCIO VARELA<\/strong><\/p>\n\n\n\n<p><strong>Varela Matsuri 2023<\/strong><\/p>\n\n\n\n<p><em>Fecha, hora y lugar:<\/em> Domingo 14, de 10:00 a 18:00, en av. Eva Per\u00f3n n\u00ba 7215 (ex Sarmiento n\u00ba 3900).<\/p>\n\n\n\n<p><em>Descripci\u00f3n:<\/em> Festival japon\u00e9s con actividades como Rajio Taisou, taiko, eisa, bon odori, artes marciales y gastronom\u00eda t\u00edpica japonesa. Adem\u00e1s, puestos con anim\u00e9 y floricultura. Bono contribuci\u00f3n: $1.000; menores de 10 a\u00f1os, personas con discapacidad y ex veteranos de Malvinas, gratis; jubilados, 50% de descuento. En caso de lluvia el festival se posterga para el domingo 21 de mayo. Organiza la Asociaci\u00f3n Japonesa de Florencio Varela con el apoyo de la comuna local.&nbsp;<\/p>\n\n\n\n<p><em>M\u00e1s informaci\u00f3n<\/em>: <a href=\"http:\/\/www.facebook.com\/Varelamatsuri\" target=\"_blank\" rel=\"noreferrer noopener\">www.facebook.com\/Varelamatsuri<\/a> &#8211; <a href=\"http:\/\/www.instagram.com\/varelamatsuri\/\" target=\"_blank\" rel=\"noreferrer noopener\">www.instagram.com\/varelamatsuri\/<\/a>&nbsp;&nbsp;<\/p>\n\n\n\n<p><strong>CORONEL SU\u00c1REZ (Santa Mar\u00eda)<\/strong><\/p>\n\n\n\n<p><strong>136\u00ba Aniversario del Pueblo Santa Mar\u00eda<\/strong><\/p>\n\n\n\n<p><em>Fecha, hora y lugar:<\/em> Domingo 14, desde las 15:00, en diferentes espacios f\u00edsicos de Santa Mar\u00eda.<\/p>\n\n\n\n<p><em>Descripci\u00f3n:<\/em> Recorrido hist\u00f3rico-arquitect\u00f3nico, exposici\u00f3n de fotos en el Museo Santa Mar\u00eda, visitas guiadas, kermesse, kreppels y m\u00fasica en el Centro Cultural H\u00e9ctor Schwerdt. Organiza la Asociaci\u00f3n Turismo Comunitario de Santa Mar\u00eda con el acompa\u00f1amiento del Municipio de Coronel Su\u00e1rez. Consultar programaci\u00f3n en: <a href=\"http:\/\/www.coronelsuarez.tur.ar\/\" target=\"_blank\" rel=\"noreferrer noopener\">www.coronelsuarez.tur.ar\/<\/a>&nbsp;<\/p>\n\n\n\n<p><em>M\u00e1s informaci\u00f3n<\/em>: <a href=\"http:\/\/www.facebook.com\/suarezturismo\" target=\"_blank\" rel=\"noreferrer noopener\">www.facebook.com\/suarezturismo<\/a> &#8211;<\/p>\n\n\n\n<p><a href=\"http:\/\/www.instagram.com\/suarezturismo\" target=\"_blank\" rel=\"noreferrer noopener\">www.instagram.com\/suarezturismo<\/a> &#8211; <a href=\"http:\/\/www.facebook.com\/AsocTurismoComunitarioSantaMaria\" target=\"_blank\" rel=\"noreferrer noopener\">www.facebook.com\/AsocTurismoComunitarioSantaMaria<\/a>&nbsp;<\/p>\n\n\n\n<p><strong>FERIAS Y EXPOSICIONES<\/strong><\/p>\n\n\n\n<p><strong>SUIPACHA<\/strong><\/p>\n\n\n\n<p><strong>Expo Suipacha 2023<\/strong><\/p>\n\n\n\n<p><em>Fecha, hora y lugar:<\/em> Del jueves 11 al domingo 14, de 10:00 a 24:00, en el predio de la Sociedad Rural de Suipacha (RN 5 km 128.5).<\/p>\n\n\n\n<p><em>Descripci\u00f3n:<\/em> Exposici\u00f3n de Ganader\u00eda, Industria y Comercio que celebra 49 ediciones. Durante la muestra se realizar\u00e1n: el 17\u00b0 Concurso Nacional de Quesos, la 19\u00b0 Fiesta Provincial de la Lecher\u00eda, las jornadas t\u00e9cnicas a cargo de Producir XXI, el Campeonato de Holando Argentino, la Jura a Campo a cargo de Asociaci\u00f3n de Criadores Holando Argentino, la Jura de Raza Angus coordinada por la Asociaci\u00f3n Argentina de Angus y el Certamen de Conocimientos sobre la Cadena L\u00e1ctea para alumnos secundarios. Presentaci\u00f3n de expositores locales, zonales y de otras provincias. Adem\u00e1s, propuestas culturales a cargo de la Municipalidad de Suipacha. Entrada gratuita. Organiza la Sociedad Rural de Suipacha con el apoyo del Municipio de Suipacha.<\/p>\n\n\n\n<p><em>M\u00e1s informaci\u00f3n:<\/em> <a href=\"https:\/\/exposuipacha.com.ar\/\" target=\"_blank\" rel=\"noreferrer noopener\">https:\/\/exposuipacha.com.ar\/<\/a> <a href=\"http:\/\/www.instagram.com\/exposuipacha\" target=\"_blank\" rel=\"noreferrer noopener\">www.instagram.com\/exposuipacha<\/a> &#8211; <a href=\"http:\/\/www.facebook.com\/ExpoSuipacha22\/?locale=es_LA\" target=\"_blank\" rel=\"noreferrer noopener\">www.facebook.com\/ExpoSuipacha22\/?locale=es_LA<\/a>&nbsp;<\/p>\n\n\n\n<p><strong>TANDIL<\/strong><\/p>\n\n\n\n<p><strong>12\u00ba Expo Planta Sans Souci<\/strong><\/p>\n\n\n\n<p><em>Fecha, hora y lugar<\/em>: S\u00e1bado 13 y domingo 14, de 10:00 a 18:00, en el predio Sans Souci (calle Aeron\u00e1utica Argentina al 2700).<\/p>\n\n\n\n<p><em>Descripci\u00f3n<\/em>: Exposici\u00f3n y ventas de plantas y plantines, semillas, macetas, fertilizantes, plaguicidas org\u00e1nicos, tierra, abono, m\u00e1quina y herramientas de jardiner\u00eda. Entrada arancelada. Organiza la Asociaci\u00f3n Cooperadora Instituto n\u00ba 75 con el acompa\u00f1amiento de la Municipalidad de Tandil.<\/p>\n\n\n\n<p><em>M\u00e1s informaci\u00f3n:<\/em> <a href=\"http:\/\/www.facebook.com\/ExpoJardin\" target=\"_blank\" rel=\"noreferrer noopener\">www.facebook.com\/ExpoJardin<\/a> &#8211; <a href=\"http:\/\/www.instagram.com\/expojardin_sans_souci\/\" target=\"_blank\" rel=\"noreferrer noopener\">www.instagram.com\/expojardin_sans_souci\/<\/a> &#8211; <a href=\"https:\/\/linktr.ee\/dirturtan\" target=\"_blank\" rel=\"noreferrer noopener\">https:\/\/linktr.ee\/dirturtan<\/a><\/p>\n\n\n\n<p><strong>ROQUE P\u00c9REZ<\/strong><\/p>\n\n\n\n<p><strong>7\u00ba Aniversario de Mercado Bien Aut\u00e9ntico<\/strong><\/p>\n\n\n\n<p><em>Fecha, hora y lugar:<\/em> S\u00e1bado 13 y domingo 14, de 14:00 a 19:00, en la Plaza Mitre<\/p>\n\n\n\n<p><em>Descripci\u00f3n:<\/em> Celebraci\u00f3n de un nuevo aniversario del mercado con espect\u00e1culos en vivo, food truck y feria de emprendedoras y emprendedores. Entrada gratuita. Organiza la Municipalidad de Roque P\u00e9rez. Ver grilla de shows en: <a href=\"https:\/\/bit.ly\/3AXu0o8\" target=\"_blank\" rel=\"noreferrer noopener\">https:\/\/bit.ly\/3AXu0o8<\/a>&nbsp;<\/p>\n\n\n\n<p><em>M\u00e1s informaci\u00f3n:<\/em> <a href=\"http:\/\/www.facebook.com\/MercadoBienAutentico\" target=\"_blank\" rel=\"noreferrer noopener\">www.facebook.com\/MercadoBienAutentico<\/a> &#8211; <a href=\"http:\/\/www.instagram.com\/mercadobienautentico\" target=\"_blank\" rel=\"noreferrer noopener\">www.instagram.com\/mercadobienautentico<\/a>&nbsp;<\/p>\n\n\n\n<p><strong>ARRECIFES<\/strong><\/p>\n\n\n\n<p><strong>Encuentro de Artesanos, Emprendedores y Gastron\u00f3micos<\/strong><strong><br><\/strong><em>Fecha, hora y lugar:<\/em> S\u00e1bado 13 y domingo 14, desde las 12:00, en la Plaza Mitre (Rivadavia y Ricardo Guti\u00e9rrez).<\/p>\n\n\n\n<p><em>Descripci\u00f3n:<\/em> Paseo de artesanos, carros gastron\u00f3micos, shows en vivo y, el domingo, gran cierre con la presentaci\u00f3n de Los Charros. Entrada gratuita. Organizado por la Comisi\u00f3n de Artesanos y Microemprendedores de Arrecifes. Invita la Municipalidad de Arrecifes.<\/p>\n\n\n\n<p><em>M\u00e1s informaci\u00f3n:<\/em> <a href=\"http:\/\/www.facebook.com\/municipalidadarrecifes\" target=\"_blank\" rel=\"noreferrer noopener\">www.facebook.com\/municipalidadarrecifes<\/a> &#8211; <a href=\"http:\/\/www.instagram.com\/municipalidaddearrecifes\" target=\"_blank\" rel=\"noreferrer noopener\">www.instagram.com\/municipalidaddearrecifes<\/a> &#8211; <a href=\"http:\/\/www.instagram.com\/ferias_artesanos_arrecifes\" target=\"_blank\" rel=\"noreferrer noopener\">www.instagram.com\/ferias_artesanos_arrecifes<\/a>&nbsp;<\/p>\n\n\n\n<p><strong>CA\u00d1UELAS<\/strong><\/p>\n\n\n\n<p><strong>Feria Rural de Ca\u00f1uelas<\/strong><\/p>\n\n\n\n<p><em>Fecha, hora y lugar:<\/em> Domingo 14, de 09:30 a 16:00, en ruta 5, km 65,200.<\/p>\n\n\n\n<p><em>Descripci\u00f3n:<\/em> La feria cumple 21 a\u00f1os y lo festeja con m\u00e1s de sesenta emprendimientos, venta de productos locales artesanales, clases de folklore, danzas t\u00edpicas argentinas y sorteos. Se presentar\u00e1n Florencia Mart\u00ednez, el grupo Generaciones, el Ballet Juana Azurduy, Fernando Torres y el Taller de Folklore para adultos del ICC. Adem\u00e1s habr\u00e1 puestos gastron\u00f3micos con diferentes platos. Entrada gratuita. Organizan los productores locales con el acompa\u00f1amiento de la Municipalidad de Ca\u00f1uelas.<\/p>\n\n\n\n<p><em>M\u00e1s informaci\u00f3n:<\/em> <a href=\"http:\/\/www.facebook.com\/Turismo.Canuelas\" target=\"_blank\" rel=\"noreferrer noopener\">www.facebook.com\/Turismo.Canuelas<\/a> &#8211; <a href=\"http:\/\/www.instagram.com\/turismo.canuelas\/?hl=es\" target=\"_blank\" rel=\"noreferrer noopener\">www.instagram.com\/turismo.canuelas\/?hl=es<\/a> &#8211; <a href=\"http:\/\/www.facebook.com\/feriarural\" target=\"_blank\" rel=\"noreferrer noopener\">www.facebook.com\/feriarural<\/a>&nbsp;<\/p>\n\n\n\n<p><strong>QUILMES<\/strong><\/p>\n\n\n\n<p><strong>Feria de las Colectividades<\/strong><\/p>\n\n\n\n<p><em>Fecha, hora y lugar:<\/em> Del viernes 12 al domingo 14, de 12:00 a 22:00, en la Plaza de las Colectividades (Av. Carlos Pellegrini y av. Vicente L\u00f3pez, Quilmes Oeste).<\/p>\n\n\n\n<p><em>Descripci\u00f3n:<\/em> M\u00e1s de 120 puestos gastron\u00f3micos, ballets, m\u00fasica, charlas, muestras y talleres gratuitos de danza y cocina. Escenario alternativo con shows infantiles. Organiza la Direcci\u00f3n General de Relaciones Institucionales de la Secretar\u00eda de Comunicaci\u00f3n y Relaciones Institucionales del Municipio de Quilmes, en articulaci\u00f3n con las distintas \u00e1reas municipales y en conjunto con el Consejo de Colectividades, espacio que nuclea a las principales instituciones de colectividades y migrantes del distrito.<\/p>\n\n\n\n<p><em>M\u00e1s informaci\u00f3n:<\/em> <a href=\"http:\/\/www.instagram.com\/quilmesmunicipio\" target=\"_blank\" rel=\"noreferrer noopener\">www.instagram.com\/quilmesmunicipio<\/a> &#8211; <a href=\"http:\/\/www.facebook.com\/MunicipalidadDeQuilmesOficial\" target=\"_blank\" rel=\"noreferrer noopener\">www.facebook.com\/MunicipalidadDeQuilmesOficial<\/a>&nbsp;<\/p>\n\n\n\n<p><strong>VISITAS GUIADAS<\/strong><\/p>\n\n\n\n<p><strong>MORENO (La Reja)<\/strong><\/p>\n\n\n\n<p><strong>Centro de Visitantes de Los Robles<\/strong><\/p>\n\n\n\n<p><em>Fecha, hora y lugar:<\/em> Viernes, a las 11:00 y a las 14:00; s\u00e1bados y domingos, a las 11:00, a las 14:00 y a las 16:00; en la Reserva Municipal Los Robles, en Benito Ju\u00e1rez y Alberto Williams, La Reja.<\/p>\n\n\n\n<p><em>Descripci\u00f3n:<\/em> Recorrido guiado a cargo de los Guardaparques del \u00c1rea. El centro de Visitantes de la Reserva Municipal Los Robles expondr\u00e1 los tres ambientes naturales del predio, la fauna y las especies vegetales que la habitan. El lugar cuenta con una sala sensorial adaptada para personas con discapacidad y un laboratorio con central meteorol\u00f3gica. Entrada arancelada. Organiza la Municipalidad de Moreno.<\/p>\n\n\n\n<p><em>M\u00e1s informaci\u00f3n:<\/em> <a href=\"http:\/\/www.facebook.com\/turismo.imdel?locale=es_LA\" target=\"_blank\" rel=\"noreferrer noopener\">www.facebook.com\/turismo.imdel?locale=es_LA<\/a> &#8211; <a href=\"http:\/\/www.instagram.com\/turismo.moreno\/\" target=\"_blank\" rel=\"noreferrer noopener\">www.instagram.com\/turismo.moreno\/<\/a>&nbsp;<\/p>\n\n\n\n<p>La agenda tur\u00edstica y cultural de los 135 municipios se encuentra disponible en la APP ReCreo. Link de descarga: <a href=\"http:\/\/recreo.gba.gob.ar\/descargar\" target=\"_blank\" rel=\"noreferrer noopener\">recreo.gba.gob.ar\/descargar<\/a><\/p>\n\n\n\n<p>En adjunto les compartimos el cat\u00e1logo Vinos Buenos Aires, lanzado recientemente con informaci\u00f3n sobre vi\u00f1edos y bodegas vinculados al enoturismo en la Provincia Invitamos a que puedan verlo para conocer de cerca este producto innovador que ofrecen los destinos tur\u00edsticos bonaerenses.&nbsp;<\/p>\n","protected":false},"excerpt":{"rendered":"<p>Propuestas gastron\u00f3micas criollas, festividades extranjeras, m\u00fasica y muestras productivas<\/p>\n","protected":false},"author":2,"featured_media":104829,"comment_status":"closed","ping_status":"open","sticky":false,"template":"","format":"standard","meta":{"footnotes":""},"categories":[1326],"tags":[7899],"class_list":["post-104828","post","type-post","status-publish","format-standard","has-post-thumbnail","hentry","category-c2nota6","tag-suipacha-f-varela-lanus-g-rodriguez"],"yoast_head":"<!-- This site is optimized with the Yoast SEO plugin v23.4 - https:\/\/yoast.com\/wordpress\/plugins\/seo\/ -->\n<title>Calendario de eventos tur\u00edsticos en la provincia de Buenos Aires del 11 al 18 de mayo - Infoecos<\/title>\n<meta name=\"robots\" content=\"index, follow, max-snippet:-1, max-image-preview:large, max-video-preview:-1\" \/>\n<link rel=\"canonical\" href=\"https:\/\/infoecos.com.ar\/index.php\/calendario-de-eventos-turisticos-en-la-provincia-de-buenos-aires-del-11-al-18-de-mayo\/\" \/>\n<meta property=\"og:locale\" content=\"es_ES\" \/>\n<meta property=\"og:type\" content=\"article\" \/>\n<meta property=\"og:title\" content=\"Calendario de eventos tur\u00edsticos en la provincia de Buenos Aires del 11 al 18 de mayo - Infoecos\" \/>\n<meta property=\"og:description\" content=\"Propuestas gastron\u00f3micas criollas, festividades extranjeras, m\u00fasica y muestras productivas\" \/>\n<meta property=\"og:url\" content=\"https:\/\/infoecos.com.ar\/index.php\/calendario-de-eventos-turisticos-en-la-provincia-de-buenos-aires-del-11-al-18-de-mayo\/\" \/>\n<meta property=\"og:site_name\" content=\"Infoecos\" \/>\n<meta property=\"article:publisher\" content=\"https:\/\/www.facebook.com\/profile.php?id=100063200290284\" \/>\n<meta property=\"article:published_time\" content=\"2023-05-10T06:08:31+00:00\" \/>\n<meta property=\"article:modified_time\" content=\"2023-05-12T06:08:13+00:00\" \/>\n<meta property=\"og:image\" content=\"https:\/\/infoecos.com.ar\/wp-content\/uploads\/2023\/05\/Expo-Suipacha.jpeg\" \/>\n\t<meta property=\"og:image:width\" content=\"1440\" \/>\n\t<meta property=\"og:image:height\" content=\"1235\" \/>\n\t<meta property=\"og:image:type\" content=\"image\/jpeg\" \/>\n<meta name=\"author\" content=\"Jorge Matheus\" \/>\n<meta name=\"twitter:card\" content=\"summary_large_image\" \/>\n<meta name=\"twitter:creator\" content=\"@infoecos\" \/>\n<meta name=\"twitter:site\" content=\"@infoecos\" \/>\n<meta name=\"twitter:label1\" content=\"Escrito por\" \/>\n\t<meta name=\"twitter:data1\" content=\"Jorge Matheus\" \/>\n\t<meta name=\"twitter:label2\" content=\"Tiempo de lectura\" \/>\n\t<meta name=\"twitter:data2\" content=\"14 minutos\" \/>\n<script type=\"application\/ld+json\" class=\"yoast-schema-graph\">{\"@context\":\"https:\/\/schema.org\",\"@graph\":[{\"@type\":\"Article\",\"@id\":\"https:\/\/infoecos.com.ar\/index.php\/calendario-de-eventos-turisticos-en-la-provincia-de-buenos-aires-del-11-al-18-de-mayo\/#article\",\"isPartOf\":{\"@id\":\"https:\/\/infoecos.com.ar\/index.php\/calendario-de-eventos-turisticos-en-la-provincia-de-buenos-aires-del-11-al-18-de-mayo\/\"},\"author\":{\"name\":\"Jorge Matheus\",\"@id\":\"https:\/\/infoecos.com.ar\/#\/schema\/person\/8f5ace5ce73b4b4aac4b7245aee6f191\"},\"headline\":\"Calendario de eventos tur\u00edsticos en la provincia de Buenos Aires del 11 al 18 de mayo\",\"datePublished\":\"2023-05-10T06:08:31+00:00\",\"dateModified\":\"2023-05-12T06:08:13+00:00\",\"mainEntityOfPage\":{\"@id\":\"https:\/\/infoecos.com.ar\/index.php\/calendario-de-eventos-turisticos-en-la-provincia-de-buenos-aires-del-11-al-18-de-mayo\/\"},\"wordCount\":3215,\"publisher\":{\"@id\":\"https:\/\/infoecos.com.ar\/#organization\"},\"image\":{\"@id\":\"https:\/\/infoecos.com.ar\/index.php\/calendario-de-eventos-turisticos-en-la-provincia-de-buenos-aires-del-11-al-18-de-mayo\/#primaryimage\"},\"thumbnailUrl\":\"https:\/\/infoecos.com.ar\/wp-content\/uploads\/2023\/05\/Expo-Suipacha.jpeg\",\"keywords\":[\"SUIPACHA - F.VARELA - LAN\u00daS - G.RODR\u00cdGUEZ\"],\"articleSection\":[\"C2 N6\"],\"inLanguage\":\"es\"},{\"@type\":\"WebPage\",\"@id\":\"https:\/\/infoecos.com.ar\/index.php\/calendario-de-eventos-turisticos-en-la-provincia-de-buenos-aires-del-11-al-18-de-mayo\/\",\"url\":\"https:\/\/infoecos.com.ar\/index.php\/calendario-de-eventos-turisticos-en-la-provincia-de-buenos-aires-del-11-al-18-de-mayo\/\",\"name\":\"Calendario de eventos tur\u00edsticos en la provincia de Buenos Aires del 11 al 18 de mayo - Infoecos\",\"isPartOf\":{\"@id\":\"https:\/\/infoecos.com.ar\/#website\"},\"primaryImageOfPage\":{\"@id\":\"https:\/\/infoecos.com.ar\/index.php\/calendario-de-eventos-turisticos-en-la-provincia-de-buenos-aires-del-11-al-18-de-mayo\/#primaryimage\"},\"image\":{\"@id\":\"https:\/\/infoecos.com.ar\/index.php\/calendario-de-eventos-turisticos-en-la-provincia-de-buenos-aires-del-11-al-18-de-mayo\/#primaryimage\"},\"thumbnailUrl\":\"https:\/\/infoecos.com.ar\/wp-content\/uploads\/2023\/05\/Expo-Suipacha.jpeg\",\"datePublished\":\"2023-05-10T06:08:31+00:00\",\"dateModified\":\"2023-05-12T06:08:13+00:00\",\"breadcrumb\":{\"@id\":\"https:\/\/infoecos.com.ar\/index.php\/calendario-de-eventos-turisticos-en-la-provincia-de-buenos-aires-del-11-al-18-de-mayo\/#breadcrumb\"},\"inLanguage\":\"es\",\"potentialAction\":[{\"@type\":\"ReadAction\",\"target\":[\"https:\/\/infoecos.com.ar\/index.php\/calendario-de-eventos-turisticos-en-la-provincia-de-buenos-aires-del-11-al-18-de-mayo\/\"]}]},{\"@type\":\"ImageObject\",\"inLanguage\":\"es\",\"@id\":\"https:\/\/infoecos.com.ar\/index.php\/calendario-de-eventos-turisticos-en-la-provincia-de-buenos-aires-del-11-al-18-de-mayo\/#primaryimage\",\"url\":\"https:\/\/infoecos.com.ar\/wp-content\/uploads\/2023\/05\/Expo-Suipacha.jpeg\",\"contentUrl\":\"https:\/\/infoecos.com.ar\/wp-content\/uploads\/2023\/05\/Expo-Suipacha.jpeg\",\"width\":1440,\"height\":1235},{\"@type\":\"BreadcrumbList\",\"@id\":\"https:\/\/infoecos.com.ar\/index.php\/calendario-de-eventos-turisticos-en-la-provincia-de-buenos-aires-del-11-al-18-de-mayo\/#breadcrumb\",\"itemListElement\":[{\"@type\":\"ListItem\",\"position\":1,\"name\":\"Portada\",\"item\":\"https:\/\/infoecos.com.ar\/\"},{\"@type\":\"ListItem\",\"position\":2,\"name\":\"Calendario de eventos tur\u00edsticos en la provincia de Buenos Aires del 11 al 18 de mayo\"}]},{\"@type\":\"WebSite\",\"@id\":\"https:\/\/infoecos.com.ar\/#website\",\"url\":\"https:\/\/infoecos.com.ar\/\",\"name\":\"Infoecos\",\"description\":\"Noticias de trenque lauquen y la zona\",\"publisher\":{\"@id\":\"https:\/\/infoecos.com.ar\/#organization\"},\"alternateName\":\"Noticias\",\"potentialAction\":[{\"@type\":\"SearchAction\",\"target\":{\"@type\":\"EntryPoint\",\"urlTemplate\":\"https:\/\/infoecos.com.ar\/?s={search_term_string}\"},\"query-input\":{\"@type\":\"PropertyValueSpecification\",\"valueRequired\":true,\"valueName\":\"search_term_string\"}}],\"inLanguage\":\"es\"},{\"@type\":\"Organization\",\"@id\":\"https:\/\/infoecos.com.ar\/#organization\",\"name\":\"Infoecos\",\"alternateName\":\"Noticias\",\"url\":\"https:\/\/infoecos.com.ar\/\",\"logo\":{\"@type\":\"ImageObject\",\"inLanguage\":\"es\",\"@id\":\"https:\/\/infoecos.com.ar\/#\/schema\/logo\/image\/\",\"url\":\"https:\/\/infoecos.com.ar\/wp-content\/uploads\/2024\/03\/cropped-logo.png\",\"contentUrl\":\"https:\/\/infoecos.com.ar\/wp-content\/uploads\/2024\/03\/cropped-logo.png\",\"width\":374,\"height\":90,\"caption\":\"Infoecos\"},\"image\":{\"@id\":\"https:\/\/infoecos.com.ar\/#\/schema\/logo\/image\/\"},\"sameAs\":[\"https:\/\/www.facebook.com\/profile.php?id=100063200290284\",\"https:\/\/x.com\/infoecos\"]},{\"@type\":\"Person\",\"@id\":\"https:\/\/infoecos.com.ar\/#\/schema\/person\/8f5ace5ce73b4b4aac4b7245aee6f191\",\"name\":\"Jorge Matheus\",\"url\":\"https:\/\/infoecos.com.ar\/index.php\/author\/jomatheus\/\"}]}<\/script>\n<!-- \/ Yoast SEO plugin. -->","yoast_head_json":{"title":"Calendario de eventos tur\u00edsticos en la provincia de Buenos Aires del 11 al 18 de mayo - Infoecos","robots":{"index":"index","follow":"follow","max-snippet":"max-snippet:-1","max-image-preview":"max-image-preview:large","max-video-preview":"max-video-preview:-1"},"canonical":"https:\/\/infoecos.com.ar\/index.php\/calendario-de-eventos-turisticos-en-la-provincia-de-buenos-aires-del-11-al-18-de-mayo\/","og_locale":"es_ES","og_type":"article","og_title":"Calendario de eventos tur\u00edsticos en la provincia de Buenos Aires del 11 al 18 de mayo - Infoecos","og_description":"Propuestas gastron\u00f3micas criollas, festividades extranjeras, m\u00fasica y muestras productivas","og_url":"https:\/\/infoecos.com.ar\/index.php\/calendario-de-eventos-turisticos-en-la-provincia-de-buenos-aires-del-11-al-18-de-mayo\/","og_site_name":"Infoecos","article_publisher":"https:\/\/www.facebook.com\/profile.php?id=100063200290284","article_published_time":"2023-05-10T06:08:31+00:00","article_modified_time":"2023-05-12T06:08:13+00:00","og_image":[{"width":1440,"height":1235,"url":"https:\/\/infoecos.com.ar\/wp-content\/uploads\/2023\/05\/Expo-Suipacha.jpeg","type":"image\/jpeg"}],"author":"Jorge Matheus","twitter_card":"summary_large_image","twitter_creator":"@infoecos","twitter_site":"@infoecos","twitter_misc":{"Escrito por":"Jorge Matheus","Tiempo de lectura":"14 minutos"},"schema":{"@context":"https:\/\/schema.org","@graph":[{"@type":"Article","@id":"https:\/\/infoecos.com.ar\/index.php\/calendario-de-eventos-turisticos-en-la-provincia-de-buenos-aires-del-11-al-18-de-mayo\/#article","isPartOf":{"@id":"https:\/\/infoecos.com.ar\/index.php\/calendario-de-eventos-turisticos-en-la-provincia-de-buenos-aires-del-11-al-18-de-mayo\/"},"author":{"name":"Jorge Matheus","@id":"https:\/\/infoecos.com.ar\/#\/schema\/person\/8f5ace5ce73b4b4aac4b7245aee6f191"},"headline":"Calendario de eventos tur\u00edsticos en la provincia de Buenos Aires del 11 al 18 de mayo","datePublished":"2023-05-10T06:08:31+00:00","dateModified":"2023-05-12T06:08:13+00:00","mainEntityOfPage":{"@id":"https:\/\/infoecos.com.ar\/index.php\/calendario-de-eventos-turisticos-en-la-provincia-de-buenos-aires-del-11-al-18-de-mayo\/"},"wordCount":3215,"publisher":{"@id":"https:\/\/infoecos.com.ar\/#organization"},"image":{"@id":"https:\/\/infoecos.com.ar\/index.php\/calendario-de-eventos-turisticos-en-la-provincia-de-buenos-aires-del-11-al-18-de-mayo\/#primaryimage"},"thumbnailUrl":"https:\/\/infoecos.com.ar\/wp-content\/uploads\/2023\/05\/Expo-Suipacha.jpeg","keywords":["SUIPACHA - F.VARELA - LAN\u00daS - G.RODR\u00cdGUEZ"],"articleSection":["C2 N6"],"inLanguage":"es"},{"@type":"WebPage","@id":"https:\/\/infoecos.com.ar\/index.php\/calendario-de-eventos-turisticos-en-la-provincia-de-buenos-aires-del-11-al-18-de-mayo\/","url":"https:\/\/infoecos.com.ar\/index.php\/calendario-de-eventos-turisticos-en-la-provincia-de-buenos-aires-del-11-al-18-de-mayo\/","name":"Calendario de eventos tur\u00edsticos en la provincia de Buenos Aires del 11 al 18 de mayo - Infoecos","isPartOf":{"@id":"https:\/\/infoecos.com.ar\/#website"},"primaryImageOfPage":{"@id":"https:\/\/infoecos.com.ar\/index.php\/calendario-de-eventos-turisticos-en-la-provincia-de-buenos-aires-del-11-al-18-de-mayo\/#primaryimage"},"image":{"@id":"https:\/\/infoecos.com.ar\/index.php\/calendario-de-eventos-turisticos-en-la-provincia-de-buenos-aires-del-11-al-18-de-mayo\/#primaryimage"},"thumbnailUrl":"https:\/\/infoecos.com.ar\/wp-content\/uploads\/2023\/05\/Expo-Suipacha.jpeg","datePublished":"2023-05-10T06:08:31+00:00","dateModified":"2023-05-12T06:08:13+00:00","breadcrumb":{"@id":"https:\/\/infoecos.com.ar\/index.php\/calendario-de-eventos-turisticos-en-la-provincia-de-buenos-aires-del-11-al-18-de-mayo\/#breadcrumb"},"inLanguage":"es","potentialAction":[{"@type":"ReadAction","target":["https:\/\/infoecos.com.ar\/index.php\/calendario-de-eventos-turisticos-en-la-provincia-de-buenos-aires-del-11-al-18-de-mayo\/"]}]},{"@type":"ImageObject","inLanguage":"es","@id":"https:\/\/infoecos.com.ar\/index.php\/calendario-de-eventos-turisticos-en-la-provincia-de-buenos-aires-del-11-al-18-de-mayo\/#primaryimage","url":"https:\/\/infoecos.com.ar\/wp-content\/uploads\/2023\/05\/Expo-Suipacha.jpeg","contentUrl":"https:\/\/infoecos.com.ar\/wp-content\/uploads\/2023\/05\/Expo-Suipacha.jpeg","width":1440,"height":1235},{"@type":"BreadcrumbList","@id":"https:\/\/infoecos.com.ar\/index.php\/calendario-de-eventos-turisticos-en-la-provincia-de-buenos-aires-del-11-al-18-de-mayo\/#breadcrumb","itemListElement":[{"@type":"ListItem","position":1,"name":"Portada","item":"https:\/\/infoecos.com.ar\/"},{"@type":"ListItem","position":2,"name":"Calendario de eventos tur\u00edsticos en la provincia de Buenos Aires del 11 al 18 de mayo"}]},{"@type":"WebSite","@id":"https:\/\/infoecos.com.ar\/#website","url":"https:\/\/infoecos.com.ar\/","name":"Infoecos","description":"Noticias de trenque lauquen y la zona","publisher":{"@id":"https:\/\/infoecos.com.ar\/#organization"},"alternateName":"Noticias","potentialAction":[{"@type":"SearchAction","target":{"@type":"EntryPoint","urlTemplate":"https:\/\/infoecos.com.ar\/?s={search_term_string}"},"query-input":{"@type":"PropertyValueSpecification","valueRequired":true,"valueName":"search_term_string"}}],"inLanguage":"es"},{"@type":"Organization","@id":"https:\/\/infoecos.com.ar\/#organization","name":"Infoecos","alternateName":"Noticias","url":"https:\/\/infoecos.com.ar\/","logo":{"@type":"ImageObject","inLanguage":"es","@id":"https:\/\/infoecos.com.ar\/#\/schema\/logo\/image\/","url":"https:\/\/infoecos.com.ar\/wp-content\/uploads\/2024\/03\/cropped-logo.png","contentUrl":"https:\/\/infoecos.com.ar\/wp-content\/uploads\/2024\/03\/cropped-logo.png","width":374,"height":90,"caption":"Infoecos"},"image":{"@id":"https:\/\/infoecos.com.ar\/#\/schema\/logo\/image\/"},"sameAs":["https:\/\/www.facebook.com\/profile.php?id=100063200290284","https:\/\/x.com\/infoecos"]},{"@type":"Person","@id":"https:\/\/infoecos.com.ar\/#\/schema\/person\/8f5ace5ce73b4b4aac4b7245aee6f191","name":"Jorge Matheus","url":"https:\/\/infoecos.com.ar\/index.php\/author\/jomatheus\/"}]}},"featured_image_urls":{"full":["https:\/\/infoecos.com.ar\/wp-content\/uploads\/2023\/05\/Expo-Suipacha.jpeg",1440,1235,false],"thumbnail":["https:\/\/infoecos.com.ar\/wp-content\/uploads\/2023\/05\/Expo-Suipacha-300x150.jpeg",300,150,true],"medium":["https:\/\/infoecos.com.ar\/wp-content\/uploads\/2023\/05\/Expo-Suipacha-800x686.jpeg",800,686,true],"medium_large":["https:\/\/infoecos.com.ar\/wp-content\/uploads\/2023\/05\/Expo-Suipacha-768x659.jpeg",640,549,true],"large":["https:\/\/infoecos.com.ar\/wp-content\/uploads\/2023\/05\/Expo-Suipacha.jpeg",640,549,false],"1536x1536":["https:\/\/infoecos.com.ar\/wp-content\/uploads\/2023\/05\/Expo-Suipacha.jpeg",1440,1235,false],"2048x2048":["https:\/\/infoecos.com.ar\/wp-content\/uploads\/2023\/05\/Expo-Suipacha.jpeg",1440,1235,false],"covernews-slider-full":["https:\/\/infoecos.com.ar\/wp-content\/uploads\/2023\/05\/Expo-Suipacha-1440x1020.jpeg",1009,715,true],"covernews-slider-center":["https:\/\/infoecos.com.ar\/wp-content\/uploads\/2023\/05\/Expo-Suipacha-936x897.jpeg",522,500,true],"covernews-featured":["https:\/\/infoecos.com.ar\/wp-content\/uploads\/2023\/05\/Expo-Suipacha-1024x878.jpeg",1024,878,true],"covernews-medium":["https:\/\/infoecos.com.ar\/wp-content\/uploads\/2023\/05\/Expo-Suipacha-720x380.jpeg",540,285,true],"covernews-medium-square":["https:\/\/infoecos.com.ar\/wp-content\/uploads\/2023\/05\/Expo-Suipacha-675x450.jpeg",375,250,true]},"author_info":{"info":["Jorge Matheus"]},"category_info":"<a href=\"https:\/\/infoecos.com.ar\/index.php\/category\/c2nota6\/\" rel=\"category tag\">C2 N6<\/a>","tag_info":"C2 N6","comment_count":"0","_links":{"self":[{"href":"https:\/\/infoecos.com.ar\/index.php\/wp-json\/wp\/v2\/posts\/104828"}],"collection":[{"href":"https:\/\/infoecos.com.ar\/index.php\/wp-json\/wp\/v2\/posts"}],"about":[{"href":"https:\/\/infoecos.com.ar\/index.php\/wp-json\/wp\/v2\/types\/post"}],"author":[{"embeddable":true,"href":"https:\/\/infoecos.com.ar\/index.php\/wp-json\/wp\/v2\/users\/2"}],"replies":[{"embeddable":true,"href":"https:\/\/infoecos.com.ar\/index.php\/wp-json\/wp\/v2\/comments?post=104828"}],"version-history":[{"count":1,"href":"https:\/\/infoecos.com.ar\/index.php\/wp-json\/wp\/v2\/posts\/104828\/revisions"}],"predecessor-version":[{"id":104832,"href":"https:\/\/infoecos.com.ar\/index.php\/wp-json\/wp\/v2\/posts\/104828\/revisions\/104832"}],"wp:featuredmedia":[{"embeddable":true,"href":"https:\/\/infoecos.com.ar\/index.php\/wp-json\/wp\/v2\/media\/104829"}],"wp:attachment":[{"href":"https:\/\/infoecos.com.ar\/index.php\/wp-json\/wp\/v2\/media?parent=104828"}],"wp:term":[{"taxonomy":"category","embeddable":true,"href":"https:\/\/infoecos.com.ar\/index.php\/wp-json\/wp\/v2\/categories?post=104828"},{"taxonomy":"post_tag","embeddable":true,"href":"https:\/\/infoecos.com.ar\/index.php\/wp-json\/wp\/v2\/tags?post=104828"}],"curies":[{"name":"wp","href":"https:\/\/api.w.org\/{rel}","templated":true}]}}