{"id":104855,"date":"2023-05-10T18:16:56","date_gmt":"2023-05-10T21:16:56","guid":{"rendered":"https:\/\/infoecos.com.ar\/?p=104855"},"modified":"2023-05-12T03:06:12","modified_gmt":"2023-05-12T06:06:12","slug":"kicillof-tambien-estuvo-en-general-villegas-donde-entrego-computadoras-e-hizo-algunos-anuncios","status":"publish","type":"post","link":"https:\/\/infoecos.com.ar\/index.php\/kicillof-tambien-estuvo-en-general-villegas-donde-entrego-computadoras-e-hizo-algunos-anuncios\/","title":{"rendered":"Kicillof tambi\u00e9n estuvo en General Villegas donde entreg\u00f3 computadoras e hizo algunos anuncios."},"content":{"rendered":"\n<p>El gobernador de la provincia de Buenos Aires, Axel Kicilof, entreg\u00f3 computadoras a unos 370 alumnos del \u00faltimo a\u00f1o de las escuelas secundarias del partido de General Villegas.<\/p>\n\n\n\n<p>Lo hizo despu\u00e9s de haber estado en la ciudad de Am\u00e9rica.<\/p>\n\n\n\n<p>El mandatario bonaerense estuvo acompa\u00f1ado durante el acto por el intendente municipal, Eduardo Campana, la concejal Sol Fern\u00e1ndez y el Director General de Escuelas, Alberto Sileoni, entre otros. <\/p>\n\n\n\n<p>Kicillof, seg\u00fan consigna el diario Actualidad en su p\u00e1gina online, hizo anuncios para el distrito y brind\u00f3 una conferencia de prensa (se ampliar\u00e1).<\/p>\n\n\n\n<figure class=\"wp-block-embed is-type-rich is-provider-twitter wp-block-embed-twitter\"><div class=\"wp-block-embed__wrapper\">\n<blockquote class=\"twitter-tweet\" data-width=\"550\" data-dnt=\"true\"><p lang=\"es\" dir=\"ltr\">327 chicos y chicas de <a href=\"https:\/\/twitter.com\/hashtag\/GeneralVillegas?src=hash&amp;ref_src=twsrc%5Etfw\">#GeneralVillegas<\/a>\u00a0ya tienen las notebooks que entregamos junto a <a href=\"https:\/\/twitter.com\/ECampana17?ref_src=twsrc%5Etfw\">@ECampana17<\/a>\u00a0y <a href=\"https:\/\/twitter.com\/fernandezsolok?ref_src=twsrc%5Etfw\">@FernandezSolOK<\/a>.<br><br>Con <a href=\"https:\/\/twitter.com\/hashtag\/ConectarIgualdadBonaerense?src=hash&amp;ref_src=twsrc%5Etfw\">#ConectarIgualdadBonaerense<\/a>\u00a0estamos llegando a toda la provincia para garantizar derechos que les corresponden: estudiar, conectarse y disfrutar. <a href=\"https:\/\/t.co\/uuUOpxyl5I\">pic.twitter.com\/uuUOpxyl5I<\/a><\/p>&mdash; Axel Kicillof (@Kicillofok) <a href=\"https:\/\/twitter.com\/Kicillofok\/status\/1656390376909930496?ref_src=twsrc%5Etfw\">May 10, 2023<\/a><\/blockquote><script async src=\"https:\/\/platform.twitter.com\/widgets.js\" charset=\"utf-8\"><\/script>\n<\/div><\/figure>\n","protected":false},"excerpt":{"rendered":"<p>El mandatario bonaerense estuvo acompa\u00f1ado durante el acto por el intendente municipal, Eduardo Campana, la concejal Sol Fern\u00e1ndez y el Director General de Escuelas, Alberto Sileoni, entre otros<\/p>\n","protected":false},"author":2,"featured_media":104856,"comment_status":"closed","ping_status":"open","sticky":false,"template":"","format":"standard","meta":{"footnotes":""},"categories":[1323],"tags":[7907],"class_list":["post-104855","post","type-post","status-publish","format-standard","has-post-thumbnail","hentry","category-c2nota5","tag-de-america-a-general-villegas"],"yoast_head":"<!-- This site is optimized with the Yoast SEO plugin v23.4 - https:\/\/yoast.com\/wordpress\/plugins\/seo\/ -->\n<title>Kicillof tambi\u00e9n estuvo en General Villegas donde entreg\u00f3 computadoras e hizo algunos anuncios. - Infoecos<\/title>\n<meta name=\"robots\" content=\"index, follow, max-snippet:-1, max-image-preview:large, max-video-preview:-1\" \/>\n<link rel=\"canonical\" href=\"https:\/\/infoecos.com.ar\/index.php\/kicillof-tambien-estuvo-en-general-villegas-donde-entrego-computadoras-e-hizo-algunos-anuncios\/\" \/>\n<meta property=\"og:locale\" content=\"es_ES\" \/>\n<meta property=\"og:type\" content=\"article\" \/>\n<meta property=\"og:title\" content=\"Kicillof tambi\u00e9n estuvo en General Villegas donde entreg\u00f3 computadoras e hizo algunos anuncios. - Infoecos\" \/>\n<meta property=\"og:description\" content=\"El mandatario bonaerense estuvo acompa\u00f1ado durante el acto por el intendente municipal, Eduardo Campana, la concejal Sol Fern\u00e1ndez y el Director General de Escuelas, Alberto Sileoni, entre otros\" \/>\n<meta property=\"og:url\" content=\"https:\/\/infoecos.com.ar\/index.php\/kicillof-tambien-estuvo-en-general-villegas-donde-entrego-computadoras-e-hizo-algunos-anuncios\/\" \/>\n<meta property=\"og:site_name\" content=\"Infoecos\" \/>\n<meta property=\"article:publisher\" content=\"https:\/\/www.facebook.com\/profile.php?id=100063200290284\" \/>\n<meta property=\"article:published_time\" content=\"2023-05-10T21:16:56+00:00\" \/>\n<meta property=\"article:modified_time\" content=\"2023-05-12T06:06:12+00:00\" \/>\n<meta property=\"og:image\" content=\"https:\/\/infoecos.com.ar\/wp-content\/uploads\/2023\/05\/FvyrEs0XgAE5PGO.jpg\" \/>\n\t<meta property=\"og:image:width\" content=\"679\" \/>\n\t<meta property=\"og:image:height\" content=\"453\" \/>\n\t<meta property=\"og:image:type\" content=\"image\/jpeg\" \/>\n<meta name=\"author\" content=\"Jorge Matheus\" \/>\n<meta name=\"twitter:card\" content=\"summary_large_image\" \/>\n<meta name=\"twitter:creator\" content=\"@infoecos\" \/>\n<meta name=\"twitter:site\" content=\"@infoecos\" \/>\n<meta name=\"twitter:label1\" content=\"Escrito por\" \/>\n\t<meta name=\"twitter:data1\" content=\"Jorge Matheus\" \/>\n\t<meta name=\"twitter:label2\" content=\"Tiempo de lectura\" \/>\n\t<meta name=\"twitter:data2\" content=\"1 minuto\" \/>\n<script type=\"application\/ld+json\" class=\"yoast-schema-graph\">{\"@context\":\"https:\/\/schema.org\",\"@graph\":[{\"@type\":\"Article\",\"@id\":\"https:\/\/infoecos.com.ar\/index.php\/kicillof-tambien-estuvo-en-general-villegas-donde-entrego-computadoras-e-hizo-algunos-anuncios\/#article\",\"isPartOf\":{\"@id\":\"https:\/\/infoecos.com.ar\/index.php\/kicillof-tambien-estuvo-en-general-villegas-donde-entrego-computadoras-e-hizo-algunos-anuncios\/\"},\"author\":{\"name\":\"Jorge Matheus\",\"@id\":\"https:\/\/infoecos.com.ar\/#\/schema\/person\/8f5ace5ce73b4b4aac4b7245aee6f191\"},\"headline\":\"Kicillof tambi\u00e9n estuvo en General Villegas donde entreg\u00f3 computadoras e hizo algunos anuncios.\",\"datePublished\":\"2023-05-10T21:16:56+00:00\",\"dateModified\":\"2023-05-12T06:06:12+00:00\",\"mainEntityOfPage\":{\"@id\":\"https:\/\/infoecos.com.ar\/index.php\/kicillof-tambien-estuvo-en-general-villegas-donde-entrego-computadoras-e-hizo-algunos-anuncios\/\"},\"wordCount\":115,\"publisher\":{\"@id\":\"https:\/\/infoecos.com.ar\/#organization\"},\"image\":{\"@id\":\"https:\/\/infoecos.com.ar\/index.php\/kicillof-tambien-estuvo-en-general-villegas-donde-entrego-computadoras-e-hizo-algunos-anuncios\/#primaryimage\"},\"thumbnailUrl\":\"https:\/\/infoecos.com.ar\/wp-content\/uploads\/2023\/05\/FvyrEs0XgAE5PGO.jpg\",\"keywords\":[\"DE AM\u00c9RICA A GENERAL VILLEGAS\"],\"articleSection\":[\"C2 N5\"],\"inLanguage\":\"es\"},{\"@type\":\"WebPage\",\"@id\":\"https:\/\/infoecos.com.ar\/index.php\/kicillof-tambien-estuvo-en-general-villegas-donde-entrego-computadoras-e-hizo-algunos-anuncios\/\",\"url\":\"https:\/\/infoecos.com.ar\/index.php\/kicillof-tambien-estuvo-en-general-villegas-donde-entrego-computadoras-e-hizo-algunos-anuncios\/\",\"name\":\"Kicillof tambi\u00e9n estuvo en General Villegas donde entreg\u00f3 computadoras e hizo algunos anuncios. - Infoecos\",\"isPartOf\":{\"@id\":\"https:\/\/infoecos.com.ar\/#website\"},\"primaryImageOfPage\":{\"@id\":\"https:\/\/infoecos.com.ar\/index.php\/kicillof-tambien-estuvo-en-general-villegas-donde-entrego-computadoras-e-hizo-algunos-anuncios\/#primaryimage\"},\"image\":{\"@id\":\"https:\/\/infoecos.com.ar\/index.php\/kicillof-tambien-estuvo-en-general-villegas-donde-entrego-computadoras-e-hizo-algunos-anuncios\/#primaryimage\"},\"thumbnailUrl\":\"https:\/\/infoecos.com.ar\/wp-content\/uploads\/2023\/05\/FvyrEs0XgAE5PGO.jpg\",\"datePublished\":\"2023-05-10T21:16:56+00:00\",\"dateModified\":\"2023-05-12T06:06:12+00:00\",\"breadcrumb\":{\"@id\":\"https:\/\/infoecos.com.ar\/index.php\/kicillof-tambien-estuvo-en-general-villegas-donde-entrego-computadoras-e-hizo-algunos-anuncios\/#breadcrumb\"},\"inLanguage\":\"es\",\"potentialAction\":[{\"@type\":\"ReadAction\",\"target\":[\"https:\/\/infoecos.com.ar\/index.php\/kicillof-tambien-estuvo-en-general-villegas-donde-entrego-computadoras-e-hizo-algunos-anuncios\/\"]}]},{\"@type\":\"ImageObject\",\"inLanguage\":\"es\",\"@id\":\"https:\/\/infoecos.com.ar\/index.php\/kicillof-tambien-estuvo-en-general-villegas-donde-entrego-computadoras-e-hizo-algunos-anuncios\/#primaryimage\",\"url\":\"https:\/\/infoecos.com.ar\/wp-content\/uploads\/2023\/05\/FvyrEs0XgAE5PGO.jpg\",\"contentUrl\":\"https:\/\/infoecos.com.ar\/wp-content\/uploads\/2023\/05\/FvyrEs0XgAE5PGO.jpg\",\"width\":679,\"height\":453},{\"@type\":\"BreadcrumbList\",\"@id\":\"https:\/\/infoecos.com.ar\/index.php\/kicillof-tambien-estuvo-en-general-villegas-donde-entrego-computadoras-e-hizo-algunos-anuncios\/#breadcrumb\",\"itemListElement\":[{\"@type\":\"ListItem\",\"position\":1,\"name\":\"Portada\",\"item\":\"https:\/\/infoecos.com.ar\/\"},{\"@type\":\"ListItem\",\"position\":2,\"name\":\"Kicillof tambi\u00e9n estuvo en General Villegas donde entreg\u00f3 computadoras e hizo algunos anuncios.\"}]},{\"@type\":\"WebSite\",\"@id\":\"https:\/\/infoecos.com.ar\/#website\",\"url\":\"https:\/\/infoecos.com.ar\/\",\"name\":\"Infoecos\",\"description\":\"Noticias de trenque lauquen y la zona\",\"publisher\":{\"@id\":\"https:\/\/infoecos.com.ar\/#organization\"},\"alternateName\":\"Noticias\",\"potentialAction\":[{\"@type\":\"SearchAction\",\"target\":{\"@type\":\"EntryPoint\",\"urlTemplate\":\"https:\/\/infoecos.com.ar\/?s={search_term_string}\"},\"query-input\":{\"@type\":\"PropertyValueSpecification\",\"valueRequired\":true,\"valueName\":\"search_term_string\"}}],\"inLanguage\":\"es\"},{\"@type\":\"Organization\",\"@id\":\"https:\/\/infoecos.com.ar\/#organization\",\"name\":\"Infoecos\",\"alternateName\":\"Noticias\",\"url\":\"https:\/\/infoecos.com.ar\/\",\"logo\":{\"@type\":\"ImageObject\",\"inLanguage\":\"es\",\"@id\":\"https:\/\/infoecos.com.ar\/#\/schema\/logo\/image\/\",\"url\":\"https:\/\/infoecos.com.ar\/wp-content\/uploads\/2024\/03\/cropped-logo.png\",\"contentUrl\":\"https:\/\/infoecos.com.ar\/wp-content\/uploads\/2024\/03\/cropped-logo.png\",\"width\":374,\"height\":90,\"caption\":\"Infoecos\"},\"image\":{\"@id\":\"https:\/\/infoecos.com.ar\/#\/schema\/logo\/image\/\"},\"sameAs\":[\"https:\/\/www.facebook.com\/profile.php?id=100063200290284\",\"https:\/\/x.com\/infoecos\"]},{\"@type\":\"Person\",\"@id\":\"https:\/\/infoecos.com.ar\/#\/schema\/person\/8f5ace5ce73b4b4aac4b7245aee6f191\",\"name\":\"Jorge Matheus\",\"url\":\"https:\/\/infoecos.com.ar\/index.php\/author\/jomatheus\/\"}]}<\/script>\n<!-- \/ Yoast SEO plugin. -->","yoast_head_json":{"title":"Kicillof tambi\u00e9n estuvo en General Villegas donde entreg\u00f3 computadoras e hizo algunos anuncios. - Infoecos","robots":{"index":"index","follow":"follow","max-snippet":"max-snippet:-1","max-image-preview":"max-image-preview:large","max-video-preview":"max-video-preview:-1"},"canonical":"https:\/\/infoecos.com.ar\/index.php\/kicillof-tambien-estuvo-en-general-villegas-donde-entrego-computadoras-e-hizo-algunos-anuncios\/","og_locale":"es_ES","og_type":"article","og_title":"Kicillof tambi\u00e9n estuvo en General Villegas donde entreg\u00f3 computadoras e hizo algunos anuncios. - Infoecos","og_description":"El mandatario bonaerense estuvo acompa\u00f1ado durante el acto por el intendente municipal, Eduardo Campana, la concejal Sol Fern\u00e1ndez y el Director General de Escuelas, Alberto Sileoni, entre otros","og_url":"https:\/\/infoecos.com.ar\/index.php\/kicillof-tambien-estuvo-en-general-villegas-donde-entrego-computadoras-e-hizo-algunos-anuncios\/","og_site_name":"Infoecos","article_publisher":"https:\/\/www.facebook.com\/profile.php?id=100063200290284","article_published_time":"2023-05-10T21:16:56+00:00","article_modified_time":"2023-05-12T06:06:12+00:00","og_image":[{"width":679,"height":453,"url":"https:\/\/infoecos.com.ar\/wp-content\/uploads\/2023\/05\/FvyrEs0XgAE5PGO.jpg","type":"image\/jpeg"}],"author":"Jorge Matheus","twitter_card":"summary_large_image","twitter_creator":"@infoecos","twitter_site":"@infoecos","twitter_misc":{"Escrito por":"Jorge Matheus","Tiempo de lectura":"1 minuto"},"schema":{"@context":"https:\/\/schema.org","@graph":[{"@type":"Article","@id":"https:\/\/infoecos.com.ar\/index.php\/kicillof-tambien-estuvo-en-general-villegas-donde-entrego-computadoras-e-hizo-algunos-anuncios\/#article","isPartOf":{"@id":"https:\/\/infoecos.com.ar\/index.php\/kicillof-tambien-estuvo-en-general-villegas-donde-entrego-computadoras-e-hizo-algunos-anuncios\/"},"author":{"name":"Jorge Matheus","@id":"https:\/\/infoecos.com.ar\/#\/schema\/person\/8f5ace5ce73b4b4aac4b7245aee6f191"},"headline":"Kicillof tambi\u00e9n estuvo en General Villegas donde entreg\u00f3 computadoras e hizo algunos anuncios.","datePublished":"2023-05-10T21:16:56+00:00","dateModified":"2023-05-12T06:06:12+00:00","mainEntityOfPage":{"@id":"https:\/\/infoecos.com.ar\/index.php\/kicillof-tambien-estuvo-en-general-villegas-donde-entrego-computadoras-e-hizo-algunos-anuncios\/"},"wordCount":115,"publisher":{"@id":"https:\/\/infoecos.com.ar\/#organization"},"image":{"@id":"https:\/\/infoecos.com.ar\/index.php\/kicillof-tambien-estuvo-en-general-villegas-donde-entrego-computadoras-e-hizo-algunos-anuncios\/#primaryimage"},"thumbnailUrl":"https:\/\/infoecos.com.ar\/wp-content\/uploads\/2023\/05\/FvyrEs0XgAE5PGO.jpg","keywords":["DE AM\u00c9RICA A GENERAL VILLEGAS"],"articleSection":["C2 N5"],"inLanguage":"es"},{"@type":"WebPage","@id":"https:\/\/infoecos.com.ar\/index.php\/kicillof-tambien-estuvo-en-general-villegas-donde-entrego-computadoras-e-hizo-algunos-anuncios\/","url":"https:\/\/infoecos.com.ar\/index.php\/kicillof-tambien-estuvo-en-general-villegas-donde-entrego-computadoras-e-hizo-algunos-anuncios\/","name":"Kicillof tambi\u00e9n estuvo en General Villegas donde entreg\u00f3 computadoras e hizo algunos anuncios. - Infoecos","isPartOf":{"@id":"https:\/\/infoecos.com.ar\/#website"},"primaryImageOfPage":{"@id":"https:\/\/infoecos.com.ar\/index.php\/kicillof-tambien-estuvo-en-general-villegas-donde-entrego-computadoras-e-hizo-algunos-anuncios\/#primaryimage"},"image":{"@id":"https:\/\/infoecos.com.ar\/index.php\/kicillof-tambien-estuvo-en-general-villegas-donde-entrego-computadoras-e-hizo-algunos-anuncios\/#primaryimage"},"thumbnailUrl":"https:\/\/infoecos.com.ar\/wp-content\/uploads\/2023\/05\/FvyrEs0XgAE5PGO.jpg","datePublished":"2023-05-10T21:16:56+00:00","dateModified":"2023-05-12T06:06:12+00:00","breadcrumb":{"@id":"https:\/\/infoecos.com.ar\/index.php\/kicillof-tambien-estuvo-en-general-villegas-donde-entrego-computadoras-e-hizo-algunos-anuncios\/#breadcrumb"},"inLanguage":"es","potentialAction":[{"@type":"ReadAction","target":["https:\/\/infoecos.com.ar\/index.php\/kicillof-tambien-estuvo-en-general-villegas-donde-entrego-computadoras-e-hizo-algunos-anuncios\/"]}]},{"@type":"ImageObject","inLanguage":"es","@id":"https:\/\/infoecos.com.ar\/index.php\/kicillof-tambien-estuvo-en-general-villegas-donde-entrego-computadoras-e-hizo-algunos-anuncios\/#primaryimage","url":"https:\/\/infoecos.com.ar\/wp-content\/uploads\/2023\/05\/FvyrEs0XgAE5PGO.jpg","contentUrl":"https:\/\/infoecos.com.ar\/wp-content\/uploads\/2023\/05\/FvyrEs0XgAE5PGO.jpg","width":679,"height":453},{"@type":"BreadcrumbList","@id":"https:\/\/infoecos.com.ar\/index.php\/kicillof-tambien-estuvo-en-general-villegas-donde-entrego-computadoras-e-hizo-algunos-anuncios\/#breadcrumb","itemListElement":[{"@type":"ListItem","position":1,"name":"Portada","item":"https:\/\/infoecos.com.ar\/"},{"@type":"ListItem","position":2,"name":"Kicillof tambi\u00e9n estuvo en General Villegas donde entreg\u00f3 computadoras e hizo algunos anuncios."}]},{"@type":"WebSite","@id":"https:\/\/infoecos.com.ar\/#website","url":"https:\/\/infoecos.com.ar\/","name":"Infoecos","description":"Noticias de trenque lauquen y la zona","publisher":{"@id":"https:\/\/infoecos.com.ar\/#organization"},"alternateName":"Noticias","potentialAction":[{"@type":"SearchAction","target":{"@type":"EntryPoint","urlTemplate":"https:\/\/infoecos.com.ar\/?s={search_term_string}"},"query-input":{"@type":"PropertyValueSpecification","valueRequired":true,"valueName":"search_term_string"}}],"inLanguage":"es"},{"@type":"Organization","@id":"https:\/\/infoecos.com.ar\/#organization","name":"Infoecos","alternateName":"Noticias","url":"https:\/\/infoecos.com.ar\/","logo":{"@type":"ImageObject","inLanguage":"es","@id":"https:\/\/infoecos.com.ar\/#\/schema\/logo\/image\/","url":"https:\/\/infoecos.com.ar\/wp-content\/uploads\/2024\/03\/cropped-logo.png","contentUrl":"https:\/\/infoecos.com.ar\/wp-content\/uploads\/2024\/03\/cropped-logo.png","width":374,"height":90,"caption":"Infoecos"},"image":{"@id":"https:\/\/infoecos.com.ar\/#\/schema\/logo\/image\/"},"sameAs":["https:\/\/www.facebook.com\/profile.php?id=100063200290284","https:\/\/x.com\/infoecos"]},{"@type":"Person","@id":"https:\/\/infoecos.com.ar\/#\/schema\/person\/8f5ace5ce73b4b4aac4b7245aee6f191","name":"Jorge Matheus","url":"https:\/\/infoecos.com.ar\/index.php\/author\/jomatheus\/"}]}},"featured_image_urls":{"full":["https:\/\/infoecos.com.ar\/wp-content\/uploads\/2023\/05\/FvyrEs0XgAE5PGO.jpg",679,453,false],"thumbnail":["https:\/\/infoecos.com.ar\/wp-content\/uploads\/2023\/05\/FvyrEs0XgAE5PGO-300x150.jpg",300,150,true],"medium":["https:\/\/infoecos.com.ar\/wp-content\/uploads\/2023\/05\/FvyrEs0XgAE5PGO.jpg",679,453,false],"medium_large":["https:\/\/infoecos.com.ar\/wp-content\/uploads\/2023\/05\/FvyrEs0XgAE5PGO.jpg",640,427,false],"large":["https:\/\/infoecos.com.ar\/wp-content\/uploads\/2023\/05\/FvyrEs0XgAE5PGO.jpg",640,427,false],"1536x1536":["https:\/\/infoecos.com.ar\/wp-content\/uploads\/2023\/05\/FvyrEs0XgAE5PGO.jpg",679,453,false],"2048x2048":["https:\/\/infoecos.com.ar\/wp-content\/uploads\/2023\/05\/FvyrEs0XgAE5PGO.jpg",679,453,false],"covernews-slider-full":["https:\/\/infoecos.com.ar\/wp-content\/uploads\/2023\/05\/FvyrEs0XgAE5PGO.jpg",679,453,false],"covernews-slider-center":["https:\/\/infoecos.com.ar\/wp-content\/uploads\/2023\/05\/FvyrEs0XgAE5PGO.jpg",679,453,false],"covernews-featured":["https:\/\/infoecos.com.ar\/wp-content\/uploads\/2023\/05\/FvyrEs0XgAE5PGO.jpg",679,453,false],"covernews-medium":["https:\/\/infoecos.com.ar\/wp-content\/uploads\/2023\/05\/FvyrEs0XgAE5PGO-679x380.jpg",540,302,true],"covernews-medium-square":["https:\/\/infoecos.com.ar\/wp-content\/uploads\/2023\/05\/FvyrEs0XgAE5PGO-675x450.jpg",375,250,true]},"author_info":{"info":["Jorge Matheus"]},"category_info":"<a href=\"https:\/\/infoecos.com.ar\/index.php\/category\/c2nota5\/\" rel=\"category tag\">C2 N5<\/a>","tag_info":"C2 N5","comment_count":"0","_links":{"self":[{"href":"https:\/\/infoecos.com.ar\/index.php\/wp-json\/wp\/v2\/posts\/104855"}],"collection":[{"href":"https:\/\/infoecos.com.ar\/index.php\/wp-json\/wp\/v2\/posts"}],"about":[{"href":"https:\/\/infoecos.com.ar\/index.php\/wp-json\/wp\/v2\/types\/post"}],"author":[{"embeddable":true,"href":"https:\/\/infoecos.com.ar\/index.php\/wp-json\/wp\/v2\/users\/2"}],"replies":[{"embeddable":true,"href":"https:\/\/infoecos.com.ar\/index.php\/wp-json\/wp\/v2\/comments?post=104855"}],"version-history":[{"count":1,"href":"https:\/\/infoecos.com.ar\/index.php\/wp-json\/wp\/v2\/posts\/104855\/revisions"}],"predecessor-version":[{"id":104857,"href":"https:\/\/infoecos.com.ar\/index.php\/wp-json\/wp\/v2\/posts\/104855\/revisions\/104857"}],"wp:featuredmedia":[{"embeddable":true,"href":"https:\/\/infoecos.com.ar\/index.php\/wp-json\/wp\/v2\/media\/104856"}],"wp:attachment":[{"href":"https:\/\/infoecos.com.ar\/index.php\/wp-json\/wp\/v2\/media?parent=104855"}],"wp:term":[{"taxonomy":"category","embeddable":true,"href":"https:\/\/infoecos.com.ar\/index.php\/wp-json\/wp\/v2\/categories?post=104855"},{"taxonomy":"post_tag","embeddable":true,"href":"https:\/\/infoecos.com.ar\/index.php\/wp-json\/wp\/v2\/tags?post=104855"}],"curies":[{"name":"wp","href":"https:\/\/api.w.org\/{rel}","templated":true}]}}