{"id":104905,"date":"2023-05-11T02:32:23","date_gmt":"2023-05-11T05:32:23","guid":{"rendered":"https:\/\/infoecos.com.ar\/?p=104905"},"modified":"2023-05-12T03:03:39","modified_gmt":"2023-05-12T06:03:39","slug":"lacteos-vidal-debera-pagar-10-mil-pesos-por-trabajador-y-por-dia-si-no-los-reincorpora","status":"publish","type":"post","link":"https:\/\/infoecos.com.ar\/index.php\/lacteos-vidal-debera-pagar-10-mil-pesos-por-trabajador-y-por-dia-si-no-los-reincorpora\/","title":{"rendered":"L\u00e1cteos Vidal deber\u00e1 pagar 10 mil pesos por trabajador y por d\u00eda, si no los reincorpora"},"content":{"rendered":"\n<p>Por segunda vez en dos meses y esta vez bajo apercibimiento econ\u00f3mico, el Juzgado N\u00b069 de Trabajo orden\u00f3 que se haga cumplimiento a una medida cautelar en favor de los trabajadores de L\u00e1cteos Vidal de Carlos Casares, dispuesta en febrero de este a\u00f1o por la C\u00e1mara de Apelaciones. <\/p>\n\n\n\n<figure class=\"wp-block-image aligncenter size-large is-resized\"><img loading=\"lazy\" decoding=\"async\" src=\"https:\/\/infoecos.com.ar\/wp-content\/uploads\/2022\/09\/image-96-920x518.png\" alt=\"\" class=\"wp-image-97891\" width=\"562\" height=\"315\" srcset=\"https:\/\/infoecos.com.ar\/wp-content\/uploads\/2022\/09\/image-96-920x518.png 920w, https:\/\/infoecos.com.ar\/wp-content\/uploads\/2022\/09\/image-96-460x259.png 460w, https:\/\/infoecos.com.ar\/wp-content\/uploads\/2022\/09\/image-96-768x432.png 768w, https:\/\/infoecos.com.ar\/wp-content\/uploads\/2022\/09\/image-96.png 992w\" sizes=\"(max-width: 562px) 100vw, 562px\" \/><\/figure>\n\n\n\n<p>La medida prohib\u00eda despidos en el marco del conflicto, ordenaba la reincorporaci\u00f3n de los trabajadores despedidos luego de la medida cautelar, prohib\u00eda la incorporaci\u00f3n de nuevos operarios en reemplazo de los huelguistas y establec\u00eda una multa econ\u00f3mica ante el incumplimiento de esa medida cautelar.<\/p>\n\n\n\n<p>Se ordena la inmediata reinstalaci\u00f3n de los trabajadores despedidos por ejercer su derecho a huelga, esta vez bajo apercibimiento de una sanci\u00f3n econ\u00f3mica de 10 mil pesos diarios por cada d\u00eda de mora por cada uno de los trabajadores por los que incumpla.<\/p>\n\n\n\n<p>Seg\u00fan inform\u00f3 el portal Oesteba, la medida obliga a L\u00e1cteos Vidal a realizar la nueva alta en la AFIP de cada uno de los trabajadores que despidi\u00f3, dejando sin efecto los despidos dispuestos. (<strong>InfoGEI<\/strong>)<\/p>\n","protected":false},"excerpt":{"rendered":"<p>Se ordena la inmediata reinstalaci\u00f3n de los trabajadores despedidos por ejercer su derecho a huelga<\/p>\n","protected":false},"author":2,"featured_media":97891,"comment_status":"closed","ping_status":"open","sticky":false,"template":"","format":"standard","meta":{"footnotes":""},"categories":[1341],"tags":[7354],"class_list":["post-104905","post","type-post","status-publish","format-standard","has-post-thumbnail","hentry","category-c1nota7","tag-decision-judicial"],"yoast_head":"<!-- This site is optimized with the Yoast SEO plugin v23.4 - https:\/\/yoast.com\/wordpress\/plugins\/seo\/ -->\n<title>L\u00e1cteos Vidal deber\u00e1 pagar 10 mil pesos por trabajador y por d\u00eda, si no los reincorpora - Infoecos<\/title>\n<meta name=\"robots\" content=\"index, follow, max-snippet:-1, max-image-preview:large, max-video-preview:-1\" \/>\n<link rel=\"canonical\" href=\"https:\/\/infoecos.com.ar\/index.php\/lacteos-vidal-debera-pagar-10-mil-pesos-por-trabajador-y-por-dia-si-no-los-reincorpora\/\" \/>\n<meta property=\"og:locale\" content=\"es_ES\" \/>\n<meta property=\"og:type\" content=\"article\" \/>\n<meta property=\"og:title\" content=\"L\u00e1cteos Vidal deber\u00e1 pagar 10 mil pesos por trabajador y por d\u00eda, si no los reincorpora - Infoecos\" \/>\n<meta property=\"og:description\" content=\"Se ordena la inmediata reinstalaci\u00f3n de los trabajadores despedidos por ejercer su derecho a huelga\" \/>\n<meta property=\"og:url\" content=\"https:\/\/infoecos.com.ar\/index.php\/lacteos-vidal-debera-pagar-10-mil-pesos-por-trabajador-y-por-dia-si-no-los-reincorpora\/\" \/>\n<meta property=\"og:site_name\" content=\"Infoecos\" \/>\n<meta property=\"article:publisher\" content=\"https:\/\/www.facebook.com\/profile.php?id=100063200290284\" \/>\n<meta property=\"article:published_time\" content=\"2023-05-11T05:32:23+00:00\" \/>\n<meta property=\"article:modified_time\" content=\"2023-05-12T06:03:39+00:00\" \/>\n<meta property=\"og:image\" content=\"https:\/\/infoecos.com.ar\/wp-content\/uploads\/2022\/09\/image-96.png\" \/>\n\t<meta property=\"og:image:width\" content=\"992\" \/>\n\t<meta property=\"og:image:height\" content=\"558\" \/>\n\t<meta property=\"og:image:type\" content=\"image\/png\" \/>\n<meta name=\"author\" content=\"Jorge Matheus\" \/>\n<meta name=\"twitter:card\" content=\"summary_large_image\" \/>\n<meta name=\"twitter:creator\" content=\"@infoecos\" \/>\n<meta name=\"twitter:site\" content=\"@infoecos\" \/>\n<meta name=\"twitter:label1\" content=\"Escrito por\" \/>\n\t<meta name=\"twitter:data1\" content=\"Jorge Matheus\" \/>\n\t<meta name=\"twitter:label2\" content=\"Tiempo de lectura\" \/>\n\t<meta name=\"twitter:data2\" content=\"1 minuto\" \/>\n<script type=\"application\/ld+json\" class=\"yoast-schema-graph\">{\"@context\":\"https:\/\/schema.org\",\"@graph\":[{\"@type\":\"Article\",\"@id\":\"https:\/\/infoecos.com.ar\/index.php\/lacteos-vidal-debera-pagar-10-mil-pesos-por-trabajador-y-por-dia-si-no-los-reincorpora\/#article\",\"isPartOf\":{\"@id\":\"https:\/\/infoecos.com.ar\/index.php\/lacteos-vidal-debera-pagar-10-mil-pesos-por-trabajador-y-por-dia-si-no-los-reincorpora\/\"},\"author\":{\"name\":\"Jorge Matheus\",\"@id\":\"https:\/\/infoecos.com.ar\/#\/schema\/person\/8f5ace5ce73b4b4aac4b7245aee6f191\"},\"headline\":\"L\u00e1cteos Vidal deber\u00e1 pagar 10 mil pesos por trabajador y por d\u00eda, si no los reincorpora\",\"datePublished\":\"2023-05-11T05:32:23+00:00\",\"dateModified\":\"2023-05-12T06:03:39+00:00\",\"mainEntityOfPage\":{\"@id\":\"https:\/\/infoecos.com.ar\/index.php\/lacteos-vidal-debera-pagar-10-mil-pesos-por-trabajador-y-por-dia-si-no-los-reincorpora\/\"},\"wordCount\":201,\"publisher\":{\"@id\":\"https:\/\/infoecos.com.ar\/#organization\"},\"image\":{\"@id\":\"https:\/\/infoecos.com.ar\/index.php\/lacteos-vidal-debera-pagar-10-mil-pesos-por-trabajador-y-por-dia-si-no-los-reincorpora\/#primaryimage\"},\"thumbnailUrl\":\"https:\/\/infoecos.com.ar\/wp-content\/uploads\/2022\/09\/image-96.png\",\"keywords\":[\"DECISI\u00d3N JUDICIAL\"],\"articleSection\":[\"C1 nota 7\"],\"inLanguage\":\"es\"},{\"@type\":\"WebPage\",\"@id\":\"https:\/\/infoecos.com.ar\/index.php\/lacteos-vidal-debera-pagar-10-mil-pesos-por-trabajador-y-por-dia-si-no-los-reincorpora\/\",\"url\":\"https:\/\/infoecos.com.ar\/index.php\/lacteos-vidal-debera-pagar-10-mil-pesos-por-trabajador-y-por-dia-si-no-los-reincorpora\/\",\"name\":\"L\u00e1cteos Vidal deber\u00e1 pagar 10 mil pesos por trabajador y por d\u00eda, si no los reincorpora - Infoecos\",\"isPartOf\":{\"@id\":\"https:\/\/infoecos.com.ar\/#website\"},\"primaryImageOfPage\":{\"@id\":\"https:\/\/infoecos.com.ar\/index.php\/lacteos-vidal-debera-pagar-10-mil-pesos-por-trabajador-y-por-dia-si-no-los-reincorpora\/#primaryimage\"},\"image\":{\"@id\":\"https:\/\/infoecos.com.ar\/index.php\/lacteos-vidal-debera-pagar-10-mil-pesos-por-trabajador-y-por-dia-si-no-los-reincorpora\/#primaryimage\"},\"thumbnailUrl\":\"https:\/\/infoecos.com.ar\/wp-content\/uploads\/2022\/09\/image-96.png\",\"datePublished\":\"2023-05-11T05:32:23+00:00\",\"dateModified\":\"2023-05-12T06:03:39+00:00\",\"breadcrumb\":{\"@id\":\"https:\/\/infoecos.com.ar\/index.php\/lacteos-vidal-debera-pagar-10-mil-pesos-por-trabajador-y-por-dia-si-no-los-reincorpora\/#breadcrumb\"},\"inLanguage\":\"es\",\"potentialAction\":[{\"@type\":\"ReadAction\",\"target\":[\"https:\/\/infoecos.com.ar\/index.php\/lacteos-vidal-debera-pagar-10-mil-pesos-por-trabajador-y-por-dia-si-no-los-reincorpora\/\"]}]},{\"@type\":\"ImageObject\",\"inLanguage\":\"es\",\"@id\":\"https:\/\/infoecos.com.ar\/index.php\/lacteos-vidal-debera-pagar-10-mil-pesos-por-trabajador-y-por-dia-si-no-los-reincorpora\/#primaryimage\",\"url\":\"https:\/\/infoecos.com.ar\/wp-content\/uploads\/2022\/09\/image-96.png\",\"contentUrl\":\"https:\/\/infoecos.com.ar\/wp-content\/uploads\/2022\/09\/image-96.png\",\"width\":992,\"height\":558},{\"@type\":\"BreadcrumbList\",\"@id\":\"https:\/\/infoecos.com.ar\/index.php\/lacteos-vidal-debera-pagar-10-mil-pesos-por-trabajador-y-por-dia-si-no-los-reincorpora\/#breadcrumb\",\"itemListElement\":[{\"@type\":\"ListItem\",\"position\":1,\"name\":\"Portada\",\"item\":\"https:\/\/infoecos.com.ar\/\"},{\"@type\":\"ListItem\",\"position\":2,\"name\":\"L\u00e1cteos Vidal deber\u00e1 pagar 10 mil pesos por trabajador y por d\u00eda, si no los reincorpora\"}]},{\"@type\":\"WebSite\",\"@id\":\"https:\/\/infoecos.com.ar\/#website\",\"url\":\"https:\/\/infoecos.com.ar\/\",\"name\":\"Infoecos\",\"description\":\"Noticias de trenque lauquen y la zona\",\"publisher\":{\"@id\":\"https:\/\/infoecos.com.ar\/#organization\"},\"alternateName\":\"Noticias\",\"potentialAction\":[{\"@type\":\"SearchAction\",\"target\":{\"@type\":\"EntryPoint\",\"urlTemplate\":\"https:\/\/infoecos.com.ar\/?s={search_term_string}\"},\"query-input\":{\"@type\":\"PropertyValueSpecification\",\"valueRequired\":true,\"valueName\":\"search_term_string\"}}],\"inLanguage\":\"es\"},{\"@type\":\"Organization\",\"@id\":\"https:\/\/infoecos.com.ar\/#organization\",\"name\":\"Infoecos\",\"alternateName\":\"Noticias\",\"url\":\"https:\/\/infoecos.com.ar\/\",\"logo\":{\"@type\":\"ImageObject\",\"inLanguage\":\"es\",\"@id\":\"https:\/\/infoecos.com.ar\/#\/schema\/logo\/image\/\",\"url\":\"https:\/\/infoecos.com.ar\/wp-content\/uploads\/2024\/03\/cropped-logo.png\",\"contentUrl\":\"https:\/\/infoecos.com.ar\/wp-content\/uploads\/2024\/03\/cropped-logo.png\",\"width\":374,\"height\":90,\"caption\":\"Infoecos\"},\"image\":{\"@id\":\"https:\/\/infoecos.com.ar\/#\/schema\/logo\/image\/\"},\"sameAs\":[\"https:\/\/www.facebook.com\/profile.php?id=100063200290284\",\"https:\/\/x.com\/infoecos\"]},{\"@type\":\"Person\",\"@id\":\"https:\/\/infoecos.com.ar\/#\/schema\/person\/8f5ace5ce73b4b4aac4b7245aee6f191\",\"name\":\"Jorge Matheus\",\"url\":\"https:\/\/infoecos.com.ar\/index.php\/author\/jomatheus\/\"}]}<\/script>\n<!-- \/ Yoast SEO plugin. -->","yoast_head_json":{"title":"L\u00e1cteos Vidal deber\u00e1 pagar 10 mil pesos por trabajador y por d\u00eda, si no los reincorpora - Infoecos","robots":{"index":"index","follow":"follow","max-snippet":"max-snippet:-1","max-image-preview":"max-image-preview:large","max-video-preview":"max-video-preview:-1"},"canonical":"https:\/\/infoecos.com.ar\/index.php\/lacteos-vidal-debera-pagar-10-mil-pesos-por-trabajador-y-por-dia-si-no-los-reincorpora\/","og_locale":"es_ES","og_type":"article","og_title":"L\u00e1cteos Vidal deber\u00e1 pagar 10 mil pesos por trabajador y por d\u00eda, si no los reincorpora - Infoecos","og_description":"Se ordena la inmediata reinstalaci\u00f3n de los trabajadores despedidos por ejercer su derecho a huelga","og_url":"https:\/\/infoecos.com.ar\/index.php\/lacteos-vidal-debera-pagar-10-mil-pesos-por-trabajador-y-por-dia-si-no-los-reincorpora\/","og_site_name":"Infoecos","article_publisher":"https:\/\/www.facebook.com\/profile.php?id=100063200290284","article_published_time":"2023-05-11T05:32:23+00:00","article_modified_time":"2023-05-12T06:03:39+00:00","og_image":[{"width":992,"height":558,"url":"https:\/\/infoecos.com.ar\/wp-content\/uploads\/2022\/09\/image-96.png","type":"image\/png"}],"author":"Jorge Matheus","twitter_card":"summary_large_image","twitter_creator":"@infoecos","twitter_site":"@infoecos","twitter_misc":{"Escrito por":"Jorge Matheus","Tiempo de lectura":"1 minuto"},"schema":{"@context":"https:\/\/schema.org","@graph":[{"@type":"Article","@id":"https:\/\/infoecos.com.ar\/index.php\/lacteos-vidal-debera-pagar-10-mil-pesos-por-trabajador-y-por-dia-si-no-los-reincorpora\/#article","isPartOf":{"@id":"https:\/\/infoecos.com.ar\/index.php\/lacteos-vidal-debera-pagar-10-mil-pesos-por-trabajador-y-por-dia-si-no-los-reincorpora\/"},"author":{"name":"Jorge Matheus","@id":"https:\/\/infoecos.com.ar\/#\/schema\/person\/8f5ace5ce73b4b4aac4b7245aee6f191"},"headline":"L\u00e1cteos Vidal deber\u00e1 pagar 10 mil pesos por trabajador y por d\u00eda, si no los reincorpora","datePublished":"2023-05-11T05:32:23+00:00","dateModified":"2023-05-12T06:03:39+00:00","mainEntityOfPage":{"@id":"https:\/\/infoecos.com.ar\/index.php\/lacteos-vidal-debera-pagar-10-mil-pesos-por-trabajador-y-por-dia-si-no-los-reincorpora\/"},"wordCount":201,"publisher":{"@id":"https:\/\/infoecos.com.ar\/#organization"},"image":{"@id":"https:\/\/infoecos.com.ar\/index.php\/lacteos-vidal-debera-pagar-10-mil-pesos-por-trabajador-y-por-dia-si-no-los-reincorpora\/#primaryimage"},"thumbnailUrl":"https:\/\/infoecos.com.ar\/wp-content\/uploads\/2022\/09\/image-96.png","keywords":["DECISI\u00d3N JUDICIAL"],"articleSection":["C1 nota 7"],"inLanguage":"es"},{"@type":"WebPage","@id":"https:\/\/infoecos.com.ar\/index.php\/lacteos-vidal-debera-pagar-10-mil-pesos-por-trabajador-y-por-dia-si-no-los-reincorpora\/","url":"https:\/\/infoecos.com.ar\/index.php\/lacteos-vidal-debera-pagar-10-mil-pesos-por-trabajador-y-por-dia-si-no-los-reincorpora\/","name":"L\u00e1cteos Vidal deber\u00e1 pagar 10 mil pesos por trabajador y por d\u00eda, si no los reincorpora - Infoecos","isPartOf":{"@id":"https:\/\/infoecos.com.ar\/#website"},"primaryImageOfPage":{"@id":"https:\/\/infoecos.com.ar\/index.php\/lacteos-vidal-debera-pagar-10-mil-pesos-por-trabajador-y-por-dia-si-no-los-reincorpora\/#primaryimage"},"image":{"@id":"https:\/\/infoecos.com.ar\/index.php\/lacteos-vidal-debera-pagar-10-mil-pesos-por-trabajador-y-por-dia-si-no-los-reincorpora\/#primaryimage"},"thumbnailUrl":"https:\/\/infoecos.com.ar\/wp-content\/uploads\/2022\/09\/image-96.png","datePublished":"2023-05-11T05:32:23+00:00","dateModified":"2023-05-12T06:03:39+00:00","breadcrumb":{"@id":"https:\/\/infoecos.com.ar\/index.php\/lacteos-vidal-debera-pagar-10-mil-pesos-por-trabajador-y-por-dia-si-no-los-reincorpora\/#breadcrumb"},"inLanguage":"es","potentialAction":[{"@type":"ReadAction","target":["https:\/\/infoecos.com.ar\/index.php\/lacteos-vidal-debera-pagar-10-mil-pesos-por-trabajador-y-por-dia-si-no-los-reincorpora\/"]}]},{"@type":"ImageObject","inLanguage":"es","@id":"https:\/\/infoecos.com.ar\/index.php\/lacteos-vidal-debera-pagar-10-mil-pesos-por-trabajador-y-por-dia-si-no-los-reincorpora\/#primaryimage","url":"https:\/\/infoecos.com.ar\/wp-content\/uploads\/2022\/09\/image-96.png","contentUrl":"https:\/\/infoecos.com.ar\/wp-content\/uploads\/2022\/09\/image-96.png","width":992,"height":558},{"@type":"BreadcrumbList","@id":"https:\/\/infoecos.com.ar\/index.php\/lacteos-vidal-debera-pagar-10-mil-pesos-por-trabajador-y-por-dia-si-no-los-reincorpora\/#breadcrumb","itemListElement":[{"@type":"ListItem","position":1,"name":"Portada","item":"https:\/\/infoecos.com.ar\/"},{"@type":"ListItem","position":2,"name":"L\u00e1cteos Vidal deber\u00e1 pagar 10 mil pesos por trabajador y por d\u00eda, si no los reincorpora"}]},{"@type":"WebSite","@id":"https:\/\/infoecos.com.ar\/#website","url":"https:\/\/infoecos.com.ar\/","name":"Infoecos","description":"Noticias de trenque lauquen y la zona","publisher":{"@id":"https:\/\/infoecos.com.ar\/#organization"},"alternateName":"Noticias","potentialAction":[{"@type":"SearchAction","target":{"@type":"EntryPoint","urlTemplate":"https:\/\/infoecos.com.ar\/?s={search_term_string}"},"query-input":{"@type":"PropertyValueSpecification","valueRequired":true,"valueName":"search_term_string"}}],"inLanguage":"es"},{"@type":"Organization","@id":"https:\/\/infoecos.com.ar\/#organization","name":"Infoecos","alternateName":"Noticias","url":"https:\/\/infoecos.com.ar\/","logo":{"@type":"ImageObject","inLanguage":"es","@id":"https:\/\/infoecos.com.ar\/#\/schema\/logo\/image\/","url":"https:\/\/infoecos.com.ar\/wp-content\/uploads\/2024\/03\/cropped-logo.png","contentUrl":"https:\/\/infoecos.com.ar\/wp-content\/uploads\/2024\/03\/cropped-logo.png","width":374,"height":90,"caption":"Infoecos"},"image":{"@id":"https:\/\/infoecos.com.ar\/#\/schema\/logo\/image\/"},"sameAs":["https:\/\/www.facebook.com\/profile.php?id=100063200290284","https:\/\/x.com\/infoecos"]},{"@type":"Person","@id":"https:\/\/infoecos.com.ar\/#\/schema\/person\/8f5ace5ce73b4b4aac4b7245aee6f191","name":"Jorge Matheus","url":"https:\/\/infoecos.com.ar\/index.php\/author\/jomatheus\/"}]}},"featured_image_urls":{"full":["https:\/\/infoecos.com.ar\/wp-content\/uploads\/2022\/09\/image-96.png",992,558,false],"thumbnail":["https:\/\/infoecos.com.ar\/wp-content\/uploads\/2022\/09\/image-96-150x150.png",150,150,true],"medium":["https:\/\/infoecos.com.ar\/wp-content\/uploads\/2022\/09\/image-96-460x259.png",460,259,true],"medium_large":["https:\/\/infoecos.com.ar\/wp-content\/uploads\/2022\/09\/image-96-768x432.png",640,360,true],"large":["https:\/\/infoecos.com.ar\/wp-content\/uploads\/2022\/09\/image-96-920x518.png",640,360,true],"1536x1536":["https:\/\/infoecos.com.ar\/wp-content\/uploads\/2022\/09\/image-96.png",992,558,false],"2048x2048":["https:\/\/infoecos.com.ar\/wp-content\/uploads\/2022\/09\/image-96.png",992,558,false],"covernews-slider-full":["https:\/\/infoecos.com.ar\/wp-content\/uploads\/2022\/09\/image-96.png",992,558,false],"covernews-slider-center":["https:\/\/infoecos.com.ar\/wp-content\/uploads\/2022\/09\/image-96-936x558.png",800,477,true],"covernews-featured":["https:\/\/infoecos.com.ar\/wp-content\/uploads\/2022\/09\/image-96.png",992,558,false],"covernews-medium":["https:\/\/infoecos.com.ar\/wp-content\/uploads\/2022\/09\/image-96-720x380.png",540,285,true],"covernews-medium-square":["https:\/\/infoecos.com.ar\/wp-content\/uploads\/2022\/09\/image-96-675x450.png",375,250,true]},"author_info":{"info":["Jorge Matheus"]},"category_info":"<a href=\"https:\/\/infoecos.com.ar\/index.php\/category\/c1nota7\/\" rel=\"category tag\">C1 nota 7<\/a>","tag_info":"C1 nota 7","comment_count":"0","_links":{"self":[{"href":"https:\/\/infoecos.com.ar\/index.php\/wp-json\/wp\/v2\/posts\/104905"}],"collection":[{"href":"https:\/\/infoecos.com.ar\/index.php\/wp-json\/wp\/v2\/posts"}],"about":[{"href":"https:\/\/infoecos.com.ar\/index.php\/wp-json\/wp\/v2\/types\/post"}],"author":[{"embeddable":true,"href":"https:\/\/infoecos.com.ar\/index.php\/wp-json\/wp\/v2\/users\/2"}],"replies":[{"embeddable":true,"href":"https:\/\/infoecos.com.ar\/index.php\/wp-json\/wp\/v2\/comments?post=104905"}],"version-history":[{"count":1,"href":"https:\/\/infoecos.com.ar\/index.php\/wp-json\/wp\/v2\/posts\/104905\/revisions"}],"predecessor-version":[{"id":104906,"href":"https:\/\/infoecos.com.ar\/index.php\/wp-json\/wp\/v2\/posts\/104905\/revisions\/104906"}],"wp:featuredmedia":[{"embeddable":true,"href":"https:\/\/infoecos.com.ar\/index.php\/wp-json\/wp\/v2\/media\/97891"}],"wp:attachment":[{"href":"https:\/\/infoecos.com.ar\/index.php\/wp-json\/wp\/v2\/media?parent=104905"}],"wp:term":[{"taxonomy":"category","embeddable":true,"href":"https:\/\/infoecos.com.ar\/index.php\/wp-json\/wp\/v2\/categories?post=104905"},{"taxonomy":"post_tag","embeddable":true,"href":"https:\/\/infoecos.com.ar\/index.php\/wp-json\/wp\/v2\/tags?post=104905"}],"curies":[{"name":"wp","href":"https:\/\/api.w.org\/{rel}","templated":true}]}}