{"id":104935,"date":"2023-05-12T01:40:23","date_gmt":"2023-05-12T04:40:23","guid":{"rendered":"https:\/\/infoecos.com.ar\/?p=104935"},"modified":"2023-05-12T01:40:24","modified_gmt":"2023-05-12T04:40:24","slug":"recuperan-la-cabeza-de-un-ciervo-colorado-valuado-entre-15-y-20-mil-dolares","status":"publish","type":"post","link":"https:\/\/infoecos.com.ar\/index.php\/recuperan-la-cabeza-de-un-ciervo-colorado-valuado-entre-15-y-20-mil-dolares\/","title":{"rendered":"Recuperan la cabeza de un ciervo Colorado valuado entre 15 y 20 mil d\u00f3lares"},"content":{"rendered":"\n<p>Personal policial de la Coordinaci\u00f3n Seguridad Rural de La Pampa, con asiento en Toay logr\u00f3 recuperar, luego de un allanamiento realizado en la capital pampeana, una cabeza de ciervo Colorado valuado entre 15 mil y 20 mil d\u00f3lares.<\/p>\n\n\n\n<figure class=\"wp-block-image alignright size-full is-resized\"><img loading=\"lazy\" decoding=\"async\" src=\"https:\/\/infoecos.com.ar\/wp-content\/uploads\/2023\/05\/image-79.png\" alt=\"\" class=\"wp-image-104936\" width=\"401\" height=\"211\" srcset=\"https:\/\/infoecos.com.ar\/wp-content\/uploads\/2023\/05\/image-79.png 860w, https:\/\/infoecos.com.ar\/wp-content\/uploads\/2023\/05\/image-79-800x420.png 800w, https:\/\/infoecos.com.ar\/wp-content\/uploads\/2023\/05\/image-79-768x404.png 768w, https:\/\/infoecos.com.ar\/wp-content\/uploads\/2023\/05\/image-79-720x380.png 720w\" sizes=\"(max-width: 401px) 100vw, 401px\" \/><figcaption class=\"wp-element-caption\">Ciervo Colorado <\/figcaption><\/figure>\n\n\n\n<p>De acuerdo a lo que pudo saber\u00a0<strong>El Diario<\/strong>, el operativo se concret\u00f3 en una vivienda del Pasaje Maure, en el barrio Plan 5.000 de Santa Rosa.<\/p>\n\n\n\n<p>La investigaci\u00f3n se inici\u00f3 a\u00a0ra\u00edz una causa tramitada con intervenci\u00f3n de la Fiscal\u00eda de General Acha, tras una denuncia radicada en el mes de marzo por parte de personal de la firma \u00abLa Falsina\u00bb, propietario del coto de caza \u00abAndal\u00e9n\u00bb, cercano a Naic\u00f3.<\/p>\n\n\n\n<p>Este predio posee unas 500 hect\u00e1reas de \u00abencierro\u00bb -es decir con alambre cercado de 2,40 metros de alto- donde habitan especies destinadas a la caza mayor, entre ellos ciervo Colorado.&nbsp;<\/p>\n\n\n\n<p>\u00abLa denuncia fue radicada al constatar por redes sociales que de un campo lindante se hab\u00eda precintado en la Comisar\u00eda de Quehu\u00e9 una cabeza de ciervo Colorado de 33 puntas\u00bb,\u00a0cont\u00f3 una fuente policial.<\/p>\n\n\n\n<p>\u00abEl animal que coincid\u00eda con uno de su propiedad, del cual pose\u00edan fotos mientras estaba vivo. Era un animal con gen\u00e9tica, y fue comprado en un criadero llamado Estancia San Pedro, de la localidad de Sierra de la Ventana\u00bb, precis\u00f3 la misma fuente.<\/p>\n\n\n\n<p><strong>Tambi\u00e9n evalu\u00f3 que\u00a0\u00abposee un valor que oscila entre los 15.000 y los 20.000 d\u00f3lares\u00bb.<\/strong><\/p>\n\n\n\n<p><strong>Fuente: eldiariodelapampa.com.ar <\/strong><\/p>\n\n\n\n<p><\/p>\n","protected":false},"excerpt":{"rendered":"<p>De acuerdo a lo que pudo saber\u00a0El Diario, el operativo se concret\u00f3 en una vivienda del Pasaje Maure, en el barrio Plan 5.000 de Santa Rosa<\/p>\n","protected":false},"author":2,"featured_media":104936,"comment_status":"closed","ping_status":"open","sticky":false,"template":"","format":"standard","meta":{"footnotes":""},"categories":[24],"tags":[7928],"class_list":["post-104935","post","type-post","status-publish","format-standard","has-post-thumbnail","hentry","category-c1nota3","tag-cabeza-de-33-puntos"],"yoast_head":"<!-- This site is optimized with the Yoast SEO plugin v23.4 - https:\/\/yoast.com\/wordpress\/plugins\/seo\/ -->\n<title>Recuperan la cabeza de un ciervo Colorado valuado entre 15 y 20 mil d\u00f3lares - Infoecos<\/title>\n<meta name=\"robots\" content=\"index, follow, max-snippet:-1, max-image-preview:large, max-video-preview:-1\" \/>\n<link rel=\"canonical\" href=\"https:\/\/infoecos.com.ar\/index.php\/recuperan-la-cabeza-de-un-ciervo-colorado-valuado-entre-15-y-20-mil-dolares\/\" \/>\n<meta property=\"og:locale\" content=\"es_ES\" \/>\n<meta property=\"og:type\" content=\"article\" \/>\n<meta property=\"og:title\" content=\"Recuperan la cabeza de un ciervo Colorado valuado entre 15 y 20 mil d\u00f3lares - Infoecos\" \/>\n<meta property=\"og:description\" content=\"De acuerdo a lo que pudo saber\u00a0El Diario, el operativo se concret\u00f3 en una vivienda del Pasaje Maure, en el barrio Plan 5.000 de Santa Rosa\" \/>\n<meta property=\"og:url\" content=\"https:\/\/infoecos.com.ar\/index.php\/recuperan-la-cabeza-de-un-ciervo-colorado-valuado-entre-15-y-20-mil-dolares\/\" \/>\n<meta property=\"og:site_name\" content=\"Infoecos\" \/>\n<meta property=\"article:publisher\" content=\"https:\/\/www.facebook.com\/profile.php?id=100063200290284\" \/>\n<meta property=\"article:published_time\" content=\"2023-05-12T04:40:23+00:00\" \/>\n<meta property=\"article:modified_time\" content=\"2023-05-12T04:40:24+00:00\" \/>\n<meta property=\"og:image\" content=\"https:\/\/infoecos.com.ar\/wp-content\/uploads\/2023\/05\/image-79.png\" \/>\n\t<meta property=\"og:image:width\" content=\"860\" \/>\n\t<meta property=\"og:image:height\" content=\"452\" \/>\n\t<meta property=\"og:image:type\" content=\"image\/png\" \/>\n<meta name=\"author\" content=\"Jorge Matheus\" \/>\n<meta name=\"twitter:card\" content=\"summary_large_image\" \/>\n<meta name=\"twitter:creator\" content=\"@infoecos\" \/>\n<meta name=\"twitter:site\" content=\"@infoecos\" \/>\n<meta name=\"twitter:label1\" content=\"Escrito por\" \/>\n\t<meta name=\"twitter:data1\" content=\"Jorge Matheus\" \/>\n\t<meta name=\"twitter:label2\" content=\"Tiempo de lectura\" \/>\n\t<meta name=\"twitter:data2\" content=\"2 minutos\" \/>\n<script type=\"application\/ld+json\" class=\"yoast-schema-graph\">{\"@context\":\"https:\/\/schema.org\",\"@graph\":[{\"@type\":\"Article\",\"@id\":\"https:\/\/infoecos.com.ar\/index.php\/recuperan-la-cabeza-de-un-ciervo-colorado-valuado-entre-15-y-20-mil-dolares\/#article\",\"isPartOf\":{\"@id\":\"https:\/\/infoecos.com.ar\/index.php\/recuperan-la-cabeza-de-un-ciervo-colorado-valuado-entre-15-y-20-mil-dolares\/\"},\"author\":{\"name\":\"Jorge Matheus\",\"@id\":\"https:\/\/infoecos.com.ar\/#\/schema\/person\/8f5ace5ce73b4b4aac4b7245aee6f191\"},\"headline\":\"Recuperan la cabeza de un ciervo Colorado valuado entre 15 y 20 mil d\u00f3lares\",\"datePublished\":\"2023-05-12T04:40:23+00:00\",\"dateModified\":\"2023-05-12T04:40:24+00:00\",\"mainEntityOfPage\":{\"@id\":\"https:\/\/infoecos.com.ar\/index.php\/recuperan-la-cabeza-de-un-ciervo-colorado-valuado-entre-15-y-20-mil-dolares\/\"},\"wordCount\":258,\"publisher\":{\"@id\":\"https:\/\/infoecos.com.ar\/#organization\"},\"image\":{\"@id\":\"https:\/\/infoecos.com.ar\/index.php\/recuperan-la-cabeza-de-un-ciervo-colorado-valuado-entre-15-y-20-mil-dolares\/#primaryimage\"},\"thumbnailUrl\":\"https:\/\/infoecos.com.ar\/wp-content\/uploads\/2023\/05\/image-79.png\",\"keywords\":[\"CABEZA DE 33 PUNTOS\"],\"articleSection\":[\"C1 N3\"],\"inLanguage\":\"es\"},{\"@type\":\"WebPage\",\"@id\":\"https:\/\/infoecos.com.ar\/index.php\/recuperan-la-cabeza-de-un-ciervo-colorado-valuado-entre-15-y-20-mil-dolares\/\",\"url\":\"https:\/\/infoecos.com.ar\/index.php\/recuperan-la-cabeza-de-un-ciervo-colorado-valuado-entre-15-y-20-mil-dolares\/\",\"name\":\"Recuperan la cabeza de un ciervo Colorado valuado entre 15 y 20 mil d\u00f3lares - Infoecos\",\"isPartOf\":{\"@id\":\"https:\/\/infoecos.com.ar\/#website\"},\"primaryImageOfPage\":{\"@id\":\"https:\/\/infoecos.com.ar\/index.php\/recuperan-la-cabeza-de-un-ciervo-colorado-valuado-entre-15-y-20-mil-dolares\/#primaryimage\"},\"image\":{\"@id\":\"https:\/\/infoecos.com.ar\/index.php\/recuperan-la-cabeza-de-un-ciervo-colorado-valuado-entre-15-y-20-mil-dolares\/#primaryimage\"},\"thumbnailUrl\":\"https:\/\/infoecos.com.ar\/wp-content\/uploads\/2023\/05\/image-79.png\",\"datePublished\":\"2023-05-12T04:40:23+00:00\",\"dateModified\":\"2023-05-12T04:40:24+00:00\",\"breadcrumb\":{\"@id\":\"https:\/\/infoecos.com.ar\/index.php\/recuperan-la-cabeza-de-un-ciervo-colorado-valuado-entre-15-y-20-mil-dolares\/#breadcrumb\"},\"inLanguage\":\"es\",\"potentialAction\":[{\"@type\":\"ReadAction\",\"target\":[\"https:\/\/infoecos.com.ar\/index.php\/recuperan-la-cabeza-de-un-ciervo-colorado-valuado-entre-15-y-20-mil-dolares\/\"]}]},{\"@type\":\"ImageObject\",\"inLanguage\":\"es\",\"@id\":\"https:\/\/infoecos.com.ar\/index.php\/recuperan-la-cabeza-de-un-ciervo-colorado-valuado-entre-15-y-20-mil-dolares\/#primaryimage\",\"url\":\"https:\/\/infoecos.com.ar\/wp-content\/uploads\/2023\/05\/image-79.png\",\"contentUrl\":\"https:\/\/infoecos.com.ar\/wp-content\/uploads\/2023\/05\/image-79.png\",\"width\":860,\"height\":452},{\"@type\":\"BreadcrumbList\",\"@id\":\"https:\/\/infoecos.com.ar\/index.php\/recuperan-la-cabeza-de-un-ciervo-colorado-valuado-entre-15-y-20-mil-dolares\/#breadcrumb\",\"itemListElement\":[{\"@type\":\"ListItem\",\"position\":1,\"name\":\"Portada\",\"item\":\"https:\/\/infoecos.com.ar\/\"},{\"@type\":\"ListItem\",\"position\":2,\"name\":\"Recuperan la cabeza de un ciervo Colorado valuado entre 15 y 20 mil d\u00f3lares\"}]},{\"@type\":\"WebSite\",\"@id\":\"https:\/\/infoecos.com.ar\/#website\",\"url\":\"https:\/\/infoecos.com.ar\/\",\"name\":\"Infoecos\",\"description\":\"Noticias de trenque lauquen y la zona\",\"publisher\":{\"@id\":\"https:\/\/infoecos.com.ar\/#organization\"},\"alternateName\":\"Noticias\",\"potentialAction\":[{\"@type\":\"SearchAction\",\"target\":{\"@type\":\"EntryPoint\",\"urlTemplate\":\"https:\/\/infoecos.com.ar\/?s={search_term_string}\"},\"query-input\":{\"@type\":\"PropertyValueSpecification\",\"valueRequired\":true,\"valueName\":\"search_term_string\"}}],\"inLanguage\":\"es\"},{\"@type\":\"Organization\",\"@id\":\"https:\/\/infoecos.com.ar\/#organization\",\"name\":\"Infoecos\",\"alternateName\":\"Noticias\",\"url\":\"https:\/\/infoecos.com.ar\/\",\"logo\":{\"@type\":\"ImageObject\",\"inLanguage\":\"es\",\"@id\":\"https:\/\/infoecos.com.ar\/#\/schema\/logo\/image\/\",\"url\":\"https:\/\/infoecos.com.ar\/wp-content\/uploads\/2024\/03\/cropped-logo.png\",\"contentUrl\":\"https:\/\/infoecos.com.ar\/wp-content\/uploads\/2024\/03\/cropped-logo.png\",\"width\":374,\"height\":90,\"caption\":\"Infoecos\"},\"image\":{\"@id\":\"https:\/\/infoecos.com.ar\/#\/schema\/logo\/image\/\"},\"sameAs\":[\"https:\/\/www.facebook.com\/profile.php?id=100063200290284\",\"https:\/\/x.com\/infoecos\"]},{\"@type\":\"Person\",\"@id\":\"https:\/\/infoecos.com.ar\/#\/schema\/person\/8f5ace5ce73b4b4aac4b7245aee6f191\",\"name\":\"Jorge Matheus\",\"url\":\"https:\/\/infoecos.com.ar\/index.php\/author\/jomatheus\/\"}]}<\/script>\n<!-- \/ Yoast SEO plugin. -->","yoast_head_json":{"title":"Recuperan la cabeza de un ciervo Colorado valuado entre 15 y 20 mil d\u00f3lares - Infoecos","robots":{"index":"index","follow":"follow","max-snippet":"max-snippet:-1","max-image-preview":"max-image-preview:large","max-video-preview":"max-video-preview:-1"},"canonical":"https:\/\/infoecos.com.ar\/index.php\/recuperan-la-cabeza-de-un-ciervo-colorado-valuado-entre-15-y-20-mil-dolares\/","og_locale":"es_ES","og_type":"article","og_title":"Recuperan la cabeza de un ciervo Colorado valuado entre 15 y 20 mil d\u00f3lares - Infoecos","og_description":"De acuerdo a lo que pudo saber\u00a0El Diario, el operativo se concret\u00f3 en una vivienda del Pasaje Maure, en el barrio Plan 5.000 de Santa Rosa","og_url":"https:\/\/infoecos.com.ar\/index.php\/recuperan-la-cabeza-de-un-ciervo-colorado-valuado-entre-15-y-20-mil-dolares\/","og_site_name":"Infoecos","article_publisher":"https:\/\/www.facebook.com\/profile.php?id=100063200290284","article_published_time":"2023-05-12T04:40:23+00:00","article_modified_time":"2023-05-12T04:40:24+00:00","og_image":[{"width":860,"height":452,"url":"https:\/\/infoecos.com.ar\/wp-content\/uploads\/2023\/05\/image-79.png","type":"image\/png"}],"author":"Jorge Matheus","twitter_card":"summary_large_image","twitter_creator":"@infoecos","twitter_site":"@infoecos","twitter_misc":{"Escrito por":"Jorge Matheus","Tiempo de lectura":"2 minutos"},"schema":{"@context":"https:\/\/schema.org","@graph":[{"@type":"Article","@id":"https:\/\/infoecos.com.ar\/index.php\/recuperan-la-cabeza-de-un-ciervo-colorado-valuado-entre-15-y-20-mil-dolares\/#article","isPartOf":{"@id":"https:\/\/infoecos.com.ar\/index.php\/recuperan-la-cabeza-de-un-ciervo-colorado-valuado-entre-15-y-20-mil-dolares\/"},"author":{"name":"Jorge Matheus","@id":"https:\/\/infoecos.com.ar\/#\/schema\/person\/8f5ace5ce73b4b4aac4b7245aee6f191"},"headline":"Recuperan la cabeza de un ciervo Colorado valuado entre 15 y 20 mil d\u00f3lares","datePublished":"2023-05-12T04:40:23+00:00","dateModified":"2023-05-12T04:40:24+00:00","mainEntityOfPage":{"@id":"https:\/\/infoecos.com.ar\/index.php\/recuperan-la-cabeza-de-un-ciervo-colorado-valuado-entre-15-y-20-mil-dolares\/"},"wordCount":258,"publisher":{"@id":"https:\/\/infoecos.com.ar\/#organization"},"image":{"@id":"https:\/\/infoecos.com.ar\/index.php\/recuperan-la-cabeza-de-un-ciervo-colorado-valuado-entre-15-y-20-mil-dolares\/#primaryimage"},"thumbnailUrl":"https:\/\/infoecos.com.ar\/wp-content\/uploads\/2023\/05\/image-79.png","keywords":["CABEZA DE 33 PUNTOS"],"articleSection":["C1 N3"],"inLanguage":"es"},{"@type":"WebPage","@id":"https:\/\/infoecos.com.ar\/index.php\/recuperan-la-cabeza-de-un-ciervo-colorado-valuado-entre-15-y-20-mil-dolares\/","url":"https:\/\/infoecos.com.ar\/index.php\/recuperan-la-cabeza-de-un-ciervo-colorado-valuado-entre-15-y-20-mil-dolares\/","name":"Recuperan la cabeza de un ciervo Colorado valuado entre 15 y 20 mil d\u00f3lares - Infoecos","isPartOf":{"@id":"https:\/\/infoecos.com.ar\/#website"},"primaryImageOfPage":{"@id":"https:\/\/infoecos.com.ar\/index.php\/recuperan-la-cabeza-de-un-ciervo-colorado-valuado-entre-15-y-20-mil-dolares\/#primaryimage"},"image":{"@id":"https:\/\/infoecos.com.ar\/index.php\/recuperan-la-cabeza-de-un-ciervo-colorado-valuado-entre-15-y-20-mil-dolares\/#primaryimage"},"thumbnailUrl":"https:\/\/infoecos.com.ar\/wp-content\/uploads\/2023\/05\/image-79.png","datePublished":"2023-05-12T04:40:23+00:00","dateModified":"2023-05-12T04:40:24+00:00","breadcrumb":{"@id":"https:\/\/infoecos.com.ar\/index.php\/recuperan-la-cabeza-de-un-ciervo-colorado-valuado-entre-15-y-20-mil-dolares\/#breadcrumb"},"inLanguage":"es","potentialAction":[{"@type":"ReadAction","target":["https:\/\/infoecos.com.ar\/index.php\/recuperan-la-cabeza-de-un-ciervo-colorado-valuado-entre-15-y-20-mil-dolares\/"]}]},{"@type":"ImageObject","inLanguage":"es","@id":"https:\/\/infoecos.com.ar\/index.php\/recuperan-la-cabeza-de-un-ciervo-colorado-valuado-entre-15-y-20-mil-dolares\/#primaryimage","url":"https:\/\/infoecos.com.ar\/wp-content\/uploads\/2023\/05\/image-79.png","contentUrl":"https:\/\/infoecos.com.ar\/wp-content\/uploads\/2023\/05\/image-79.png","width":860,"height":452},{"@type":"BreadcrumbList","@id":"https:\/\/infoecos.com.ar\/index.php\/recuperan-la-cabeza-de-un-ciervo-colorado-valuado-entre-15-y-20-mil-dolares\/#breadcrumb","itemListElement":[{"@type":"ListItem","position":1,"name":"Portada","item":"https:\/\/infoecos.com.ar\/"},{"@type":"ListItem","position":2,"name":"Recuperan la cabeza de un ciervo Colorado valuado entre 15 y 20 mil d\u00f3lares"}]},{"@type":"WebSite","@id":"https:\/\/infoecos.com.ar\/#website","url":"https:\/\/infoecos.com.ar\/","name":"Infoecos","description":"Noticias de trenque lauquen y la zona","publisher":{"@id":"https:\/\/infoecos.com.ar\/#organization"},"alternateName":"Noticias","potentialAction":[{"@type":"SearchAction","target":{"@type":"EntryPoint","urlTemplate":"https:\/\/infoecos.com.ar\/?s={search_term_string}"},"query-input":{"@type":"PropertyValueSpecification","valueRequired":true,"valueName":"search_term_string"}}],"inLanguage":"es"},{"@type":"Organization","@id":"https:\/\/infoecos.com.ar\/#organization","name":"Infoecos","alternateName":"Noticias","url":"https:\/\/infoecos.com.ar\/","logo":{"@type":"ImageObject","inLanguage":"es","@id":"https:\/\/infoecos.com.ar\/#\/schema\/logo\/image\/","url":"https:\/\/infoecos.com.ar\/wp-content\/uploads\/2024\/03\/cropped-logo.png","contentUrl":"https:\/\/infoecos.com.ar\/wp-content\/uploads\/2024\/03\/cropped-logo.png","width":374,"height":90,"caption":"Infoecos"},"image":{"@id":"https:\/\/infoecos.com.ar\/#\/schema\/logo\/image\/"},"sameAs":["https:\/\/www.facebook.com\/profile.php?id=100063200290284","https:\/\/x.com\/infoecos"]},{"@type":"Person","@id":"https:\/\/infoecos.com.ar\/#\/schema\/person\/8f5ace5ce73b4b4aac4b7245aee6f191","name":"Jorge Matheus","url":"https:\/\/infoecos.com.ar\/index.php\/author\/jomatheus\/"}]}},"featured_image_urls":{"full":["https:\/\/infoecos.com.ar\/wp-content\/uploads\/2023\/05\/image-79.png",860,452,false],"thumbnail":["https:\/\/infoecos.com.ar\/wp-content\/uploads\/2023\/05\/image-79-300x150.png",300,150,true],"medium":["https:\/\/infoecos.com.ar\/wp-content\/uploads\/2023\/05\/image-79-800x420.png",800,420,true],"medium_large":["https:\/\/infoecos.com.ar\/wp-content\/uploads\/2023\/05\/image-79-768x404.png",640,337,true],"large":["https:\/\/infoecos.com.ar\/wp-content\/uploads\/2023\/05\/image-79.png",640,336,false],"1536x1536":["https:\/\/infoecos.com.ar\/wp-content\/uploads\/2023\/05\/image-79.png",860,452,false],"2048x2048":["https:\/\/infoecos.com.ar\/wp-content\/uploads\/2023\/05\/image-79.png",860,452,false],"covernews-slider-full":["https:\/\/infoecos.com.ar\/wp-content\/uploads\/2023\/05\/image-79.png",860,452,false],"covernews-slider-center":["https:\/\/infoecos.com.ar\/wp-content\/uploads\/2023\/05\/image-79.png",800,420,false],"covernews-featured":["https:\/\/infoecos.com.ar\/wp-content\/uploads\/2023\/05\/image-79.png",860,452,false],"covernews-medium":["https:\/\/infoecos.com.ar\/wp-content\/uploads\/2023\/05\/image-79-720x380.png",540,285,true],"covernews-medium-square":["https:\/\/infoecos.com.ar\/wp-content\/uploads\/2023\/05\/image-79-675x450.png",375,250,true]},"author_info":{"info":["Jorge Matheus"]},"category_info":"<a href=\"https:\/\/infoecos.com.ar\/index.php\/category\/c1nota3\/\" rel=\"category tag\">C1 N3<\/a>","tag_info":"C1 N3","comment_count":"0","_links":{"self":[{"href":"https:\/\/infoecos.com.ar\/index.php\/wp-json\/wp\/v2\/posts\/104935"}],"collection":[{"href":"https:\/\/infoecos.com.ar\/index.php\/wp-json\/wp\/v2\/posts"}],"about":[{"href":"https:\/\/infoecos.com.ar\/index.php\/wp-json\/wp\/v2\/types\/post"}],"author":[{"embeddable":true,"href":"https:\/\/infoecos.com.ar\/index.php\/wp-json\/wp\/v2\/users\/2"}],"replies":[{"embeddable":true,"href":"https:\/\/infoecos.com.ar\/index.php\/wp-json\/wp\/v2\/comments?post=104935"}],"version-history":[{"count":1,"href":"https:\/\/infoecos.com.ar\/index.php\/wp-json\/wp\/v2\/posts\/104935\/revisions"}],"predecessor-version":[{"id":104937,"href":"https:\/\/infoecos.com.ar\/index.php\/wp-json\/wp\/v2\/posts\/104935\/revisions\/104937"}],"wp:featuredmedia":[{"embeddable":true,"href":"https:\/\/infoecos.com.ar\/index.php\/wp-json\/wp\/v2\/media\/104936"}],"wp:attachment":[{"href":"https:\/\/infoecos.com.ar\/index.php\/wp-json\/wp\/v2\/media?parent=104935"}],"wp:term":[{"taxonomy":"category","embeddable":true,"href":"https:\/\/infoecos.com.ar\/index.php\/wp-json\/wp\/v2\/categories?post=104935"},{"taxonomy":"post_tag","embeddable":true,"href":"https:\/\/infoecos.com.ar\/index.php\/wp-json\/wp\/v2\/tags?post=104935"}],"curies":[{"name":"wp","href":"https:\/\/api.w.org\/{rel}","templated":true}]}}