{"id":104948,"date":"2023-05-12T03:13:58","date_gmt":"2023-05-12T06:13:58","guid":{"rendered":"https:\/\/infoecos.com.ar\/?p=104948"},"modified":"2023-05-15T01:48:32","modified_gmt":"2023-05-15T04:48:32","slug":"fue-victima-del-cuento-del-tio-en-bolivar-un-nino-de-9-anos-le-robaron-8-mil-dolares","status":"publish","type":"post","link":"https:\/\/infoecos.com.ar\/index.php\/fue-victima-del-cuento-del-tio-en-bolivar-un-nino-de-9-anos-le-robaron-8-mil-dolares\/","title":{"rendered":"Fue v\u00edctima del \u00abcuento del t\u00edo\u00bb, en Bol\u00edvar, un ni\u00f1o de 9 a\u00f1os: le robaron 8 mil d\u00f3lares"},"content":{"rendered":"\n<p>Un ni\u00f1o de 9 a\u00f1os fue v\u00edctima del famoso \u201ccuento del t\u00edo\u201d, en Bol\u00edvar. Los malvivientes lo enga\u00f1aron y robaron ocho mil d\u00f3lares. El hecho sucedi\u00f3 el martes en un domicilio ubicado en calle Rivadavia de esa ciudad.<\/p>\n\n\n\n<figure class=\"wp-block-image aligncenter size-full is-resized\"><img loading=\"lazy\" decoding=\"async\" src=\"https:\/\/infoecos.com.ar\/wp-content\/uploads\/2023\/05\/image-82.png\" alt=\"\" class=\"wp-image-104949\" width=\"471\" height=\"265\"\/><\/figure>\n\n\n\n<p>El ni\u00f1o se encontraba en la vivienda de su abuela cuando son\u00f3 el tel\u00e9fono de l\u00ednea fija y atendi\u00f3. El interlocutor le dijo que era amigo de su pap\u00e1 y que a pedido del mismo le ten\u00eda que entregar el dinero que hab\u00eda en la casa, porque lo ten\u00eda que llevar al banco.<\/p>\n\n\n\n<p>El ni\u00f1o crey\u00f3 lo que le dec\u00eda el hombre que llam\u00f3 por tel\u00e9fono y se puso a buscar el dinero. Encontr\u00f3 ocho mil d\u00f3lares, que es el equivalente a casi dos millones y medio de pesos a valor oficial. Minutos despu\u00e9s, un hombre lleg\u00f3 al domicilio y se los entreg\u00f3.<\/p>\n\n\n\n<p>El dinero que se llevaron los impostores eran los ahorros de toda la vida de la abuela del menor y se encontraban guardados en un canasto. Los delincuentes agarraron el bot\u00edn y escaparon del lugar. Por el momento no han sido identificados y contin\u00faan pr\u00f3fugos.<\/p>\n\n\n\n<p>La denuncia fue realizada por el Pap\u00e1 de la v\u00edctima en sede de la Comisar\u00eda local y el hecho est\u00e1 siendo investigado por personal de la Sub Delegaci\u00f3n Departamental de Investigaciones. La causa fue caratulada \u201cEstafa\u201d e interviene la Unidad Funcional de Instrucci\u00f3n Descentralizada N\u00ba15 de Bol\u00edvar.<\/p>\n\n\n\n<p><strong>Fuente textual: Diario La Ma\u00f1ana de Bol\u00edvar<\/strong>.<\/p>\n","protected":false},"excerpt":{"rendered":"<p>El ni\u00f1o crey\u00f3 lo que le dec\u00eda el hombre que llam\u00f3 por tel\u00e9fono y se puso a buscar el dinero. Encontr\u00f3 ocho mil d\u00f3lares, que es el equivalente a casi dos millones y medio de pesos a valor oficial. Minutos despu\u00e9s, un hombre lleg\u00f3 al domicilio y se los entreg\u00f3<\/p>\n","protected":false},"author":2,"featured_media":104949,"comment_status":"closed","ping_status":"open","sticky":false,"template":"","format":"standard","meta":{"footnotes":""},"categories":[1614],"tags":[7934],"class_list":["post-104948","post","type-post","status-publish","format-standard","has-post-thumbnail","hentry","category-c2nota7","tag-no-cesa-esta-modalidad"],"yoast_head":"<!-- This site is optimized with the Yoast SEO plugin v23.4 - https:\/\/yoast.com\/wordpress\/plugins\/seo\/ -->\n<title>Fue v\u00edctima del &quot;cuento del t\u00edo&quot;, en Bol\u00edvar, un ni\u00f1o de 9 a\u00f1os: le robaron 8 mil d\u00f3lares - Infoecos<\/title>\n<meta name=\"robots\" content=\"index, follow, max-snippet:-1, max-image-preview:large, max-video-preview:-1\" \/>\n<link rel=\"canonical\" href=\"https:\/\/infoecos.com.ar\/index.php\/fue-victima-del-cuento-del-tio-en-bolivar-un-nino-de-9-anos-le-robaron-8-mil-dolares\/\" \/>\n<meta property=\"og:locale\" content=\"es_ES\" \/>\n<meta property=\"og:type\" content=\"article\" \/>\n<meta property=\"og:title\" content=\"Fue v\u00edctima del &quot;cuento del t\u00edo&quot;, en Bol\u00edvar, un ni\u00f1o de 9 a\u00f1os: le robaron 8 mil d\u00f3lares - Infoecos\" \/>\n<meta property=\"og:description\" content=\"El ni\u00f1o crey\u00f3 lo que le dec\u00eda el hombre que llam\u00f3 por tel\u00e9fono y se puso a buscar el dinero. Encontr\u00f3 ocho mil d\u00f3lares, que es el equivalente a casi dos millones y medio de pesos a valor oficial. Minutos despu\u00e9s, un hombre lleg\u00f3 al domicilio y se los entreg\u00f3\" \/>\n<meta property=\"og:url\" content=\"https:\/\/infoecos.com.ar\/index.php\/fue-victima-del-cuento-del-tio-en-bolivar-un-nino-de-9-anos-le-robaron-8-mil-dolares\/\" \/>\n<meta property=\"og:site_name\" content=\"Infoecos\" \/>\n<meta property=\"article:publisher\" content=\"https:\/\/www.facebook.com\/profile.php?id=100063200290284\" \/>\n<meta property=\"article:published_time\" content=\"2023-05-12T06:13:58+00:00\" \/>\n<meta property=\"article:modified_time\" content=\"2023-05-15T04:48:32+00:00\" \/>\n<meta property=\"og:image\" content=\"https:\/\/infoecos.com.ar\/wp-content\/uploads\/2023\/05\/image-82.png\" \/>\n\t<meta property=\"og:image:width\" content=\"642\" \/>\n\t<meta property=\"og:image:height\" content=\"361\" \/>\n\t<meta property=\"og:image:type\" content=\"image\/png\" \/>\n<meta name=\"author\" content=\"Jorge Matheus\" \/>\n<meta name=\"twitter:card\" content=\"summary_large_image\" \/>\n<meta name=\"twitter:creator\" content=\"@infoecos\" \/>\n<meta name=\"twitter:site\" content=\"@infoecos\" \/>\n<meta name=\"twitter:label1\" content=\"Escrito por\" \/>\n\t<meta name=\"twitter:data1\" content=\"Jorge Matheus\" \/>\n\t<meta name=\"twitter:label2\" content=\"Tiempo de lectura\" \/>\n\t<meta name=\"twitter:data2\" content=\"2 minutos\" \/>\n<script type=\"application\/ld+json\" class=\"yoast-schema-graph\">{\"@context\":\"https:\/\/schema.org\",\"@graph\":[{\"@type\":\"Article\",\"@id\":\"https:\/\/infoecos.com.ar\/index.php\/fue-victima-del-cuento-del-tio-en-bolivar-un-nino-de-9-anos-le-robaron-8-mil-dolares\/#article\",\"isPartOf\":{\"@id\":\"https:\/\/infoecos.com.ar\/index.php\/fue-victima-del-cuento-del-tio-en-bolivar-un-nino-de-9-anos-le-robaron-8-mil-dolares\/\"},\"author\":{\"name\":\"Jorge Matheus\",\"@id\":\"https:\/\/infoecos.com.ar\/#\/schema\/person\/8f5ace5ce73b4b4aac4b7245aee6f191\"},\"headline\":\"Fue v\u00edctima del \u00abcuento del t\u00edo\u00bb, en Bol\u00edvar, un ni\u00f1o de 9 a\u00f1os: le robaron 8 mil d\u00f3lares\",\"datePublished\":\"2023-05-12T06:13:58+00:00\",\"dateModified\":\"2023-05-15T04:48:32+00:00\",\"mainEntityOfPage\":{\"@id\":\"https:\/\/infoecos.com.ar\/index.php\/fue-victima-del-cuento-del-tio-en-bolivar-un-nino-de-9-anos-le-robaron-8-mil-dolares\/\"},\"wordCount\":289,\"publisher\":{\"@id\":\"https:\/\/infoecos.com.ar\/#organization\"},\"image\":{\"@id\":\"https:\/\/infoecos.com.ar\/index.php\/fue-victima-del-cuento-del-tio-en-bolivar-un-nino-de-9-anos-le-robaron-8-mil-dolares\/#primaryimage\"},\"thumbnailUrl\":\"https:\/\/infoecos.com.ar\/wp-content\/uploads\/2023\/05\/image-82.png\",\"keywords\":[\"NO CESA ESTA MODALIDAD\"],\"articleSection\":[\"C2 N7\"],\"inLanguage\":\"es\"},{\"@type\":\"WebPage\",\"@id\":\"https:\/\/infoecos.com.ar\/index.php\/fue-victima-del-cuento-del-tio-en-bolivar-un-nino-de-9-anos-le-robaron-8-mil-dolares\/\",\"url\":\"https:\/\/infoecos.com.ar\/index.php\/fue-victima-del-cuento-del-tio-en-bolivar-un-nino-de-9-anos-le-robaron-8-mil-dolares\/\",\"name\":\"Fue v\u00edctima del \\\"cuento del t\u00edo\\\", en Bol\u00edvar, un ni\u00f1o de 9 a\u00f1os: le robaron 8 mil d\u00f3lares - Infoecos\",\"isPartOf\":{\"@id\":\"https:\/\/infoecos.com.ar\/#website\"},\"primaryImageOfPage\":{\"@id\":\"https:\/\/infoecos.com.ar\/index.php\/fue-victima-del-cuento-del-tio-en-bolivar-un-nino-de-9-anos-le-robaron-8-mil-dolares\/#primaryimage\"},\"image\":{\"@id\":\"https:\/\/infoecos.com.ar\/index.php\/fue-victima-del-cuento-del-tio-en-bolivar-un-nino-de-9-anos-le-robaron-8-mil-dolares\/#primaryimage\"},\"thumbnailUrl\":\"https:\/\/infoecos.com.ar\/wp-content\/uploads\/2023\/05\/image-82.png\",\"datePublished\":\"2023-05-12T06:13:58+00:00\",\"dateModified\":\"2023-05-15T04:48:32+00:00\",\"breadcrumb\":{\"@id\":\"https:\/\/infoecos.com.ar\/index.php\/fue-victima-del-cuento-del-tio-en-bolivar-un-nino-de-9-anos-le-robaron-8-mil-dolares\/#breadcrumb\"},\"inLanguage\":\"es\",\"potentialAction\":[{\"@type\":\"ReadAction\",\"target\":[\"https:\/\/infoecos.com.ar\/index.php\/fue-victima-del-cuento-del-tio-en-bolivar-un-nino-de-9-anos-le-robaron-8-mil-dolares\/\"]}]},{\"@type\":\"ImageObject\",\"inLanguage\":\"es\",\"@id\":\"https:\/\/infoecos.com.ar\/index.php\/fue-victima-del-cuento-del-tio-en-bolivar-un-nino-de-9-anos-le-robaron-8-mil-dolares\/#primaryimage\",\"url\":\"https:\/\/infoecos.com.ar\/wp-content\/uploads\/2023\/05\/image-82.png\",\"contentUrl\":\"https:\/\/infoecos.com.ar\/wp-content\/uploads\/2023\/05\/image-82.png\",\"width\":642,\"height\":361},{\"@type\":\"BreadcrumbList\",\"@id\":\"https:\/\/infoecos.com.ar\/index.php\/fue-victima-del-cuento-del-tio-en-bolivar-un-nino-de-9-anos-le-robaron-8-mil-dolares\/#breadcrumb\",\"itemListElement\":[{\"@type\":\"ListItem\",\"position\":1,\"name\":\"Portada\",\"item\":\"https:\/\/infoecos.com.ar\/\"},{\"@type\":\"ListItem\",\"position\":2,\"name\":\"Fue v\u00edctima del \u00abcuento del t\u00edo\u00bb, en Bol\u00edvar, un ni\u00f1o de 9 a\u00f1os: le robaron 8 mil d\u00f3lares\"}]},{\"@type\":\"WebSite\",\"@id\":\"https:\/\/infoecos.com.ar\/#website\",\"url\":\"https:\/\/infoecos.com.ar\/\",\"name\":\"Infoecos\",\"description\":\"Noticias de trenque lauquen y la zona\",\"publisher\":{\"@id\":\"https:\/\/infoecos.com.ar\/#organization\"},\"alternateName\":\"Noticias\",\"potentialAction\":[{\"@type\":\"SearchAction\",\"target\":{\"@type\":\"EntryPoint\",\"urlTemplate\":\"https:\/\/infoecos.com.ar\/?s={search_term_string}\"},\"query-input\":{\"@type\":\"PropertyValueSpecification\",\"valueRequired\":true,\"valueName\":\"search_term_string\"}}],\"inLanguage\":\"es\"},{\"@type\":\"Organization\",\"@id\":\"https:\/\/infoecos.com.ar\/#organization\",\"name\":\"Infoecos\",\"alternateName\":\"Noticias\",\"url\":\"https:\/\/infoecos.com.ar\/\",\"logo\":{\"@type\":\"ImageObject\",\"inLanguage\":\"es\",\"@id\":\"https:\/\/infoecos.com.ar\/#\/schema\/logo\/image\/\",\"url\":\"https:\/\/infoecos.com.ar\/wp-content\/uploads\/2024\/03\/cropped-logo.png\",\"contentUrl\":\"https:\/\/infoecos.com.ar\/wp-content\/uploads\/2024\/03\/cropped-logo.png\",\"width\":374,\"height\":90,\"caption\":\"Infoecos\"},\"image\":{\"@id\":\"https:\/\/infoecos.com.ar\/#\/schema\/logo\/image\/\"},\"sameAs\":[\"https:\/\/www.facebook.com\/profile.php?id=100063200290284\",\"https:\/\/x.com\/infoecos\"]},{\"@type\":\"Person\",\"@id\":\"https:\/\/infoecos.com.ar\/#\/schema\/person\/8f5ace5ce73b4b4aac4b7245aee6f191\",\"name\":\"Jorge Matheus\",\"url\":\"https:\/\/infoecos.com.ar\/index.php\/author\/jomatheus\/\"}]}<\/script>\n<!-- \/ Yoast SEO plugin. -->","yoast_head_json":{"title":"Fue v\u00edctima del \"cuento del t\u00edo\", en Bol\u00edvar, un ni\u00f1o de 9 a\u00f1os: le robaron 8 mil d\u00f3lares - Infoecos","robots":{"index":"index","follow":"follow","max-snippet":"max-snippet:-1","max-image-preview":"max-image-preview:large","max-video-preview":"max-video-preview:-1"},"canonical":"https:\/\/infoecos.com.ar\/index.php\/fue-victima-del-cuento-del-tio-en-bolivar-un-nino-de-9-anos-le-robaron-8-mil-dolares\/","og_locale":"es_ES","og_type":"article","og_title":"Fue v\u00edctima del \"cuento del t\u00edo\", en Bol\u00edvar, un ni\u00f1o de 9 a\u00f1os: le robaron 8 mil d\u00f3lares - Infoecos","og_description":"El ni\u00f1o crey\u00f3 lo que le dec\u00eda el hombre que llam\u00f3 por tel\u00e9fono y se puso a buscar el dinero. Encontr\u00f3 ocho mil d\u00f3lares, que es el equivalente a casi dos millones y medio de pesos a valor oficial. Minutos despu\u00e9s, un hombre lleg\u00f3 al domicilio y se los entreg\u00f3","og_url":"https:\/\/infoecos.com.ar\/index.php\/fue-victima-del-cuento-del-tio-en-bolivar-un-nino-de-9-anos-le-robaron-8-mil-dolares\/","og_site_name":"Infoecos","article_publisher":"https:\/\/www.facebook.com\/profile.php?id=100063200290284","article_published_time":"2023-05-12T06:13:58+00:00","article_modified_time":"2023-05-15T04:48:32+00:00","og_image":[{"width":642,"height":361,"url":"https:\/\/infoecos.com.ar\/wp-content\/uploads\/2023\/05\/image-82.png","type":"image\/png"}],"author":"Jorge Matheus","twitter_card":"summary_large_image","twitter_creator":"@infoecos","twitter_site":"@infoecos","twitter_misc":{"Escrito por":"Jorge Matheus","Tiempo de lectura":"2 minutos"},"schema":{"@context":"https:\/\/schema.org","@graph":[{"@type":"Article","@id":"https:\/\/infoecos.com.ar\/index.php\/fue-victima-del-cuento-del-tio-en-bolivar-un-nino-de-9-anos-le-robaron-8-mil-dolares\/#article","isPartOf":{"@id":"https:\/\/infoecos.com.ar\/index.php\/fue-victima-del-cuento-del-tio-en-bolivar-un-nino-de-9-anos-le-robaron-8-mil-dolares\/"},"author":{"name":"Jorge Matheus","@id":"https:\/\/infoecos.com.ar\/#\/schema\/person\/8f5ace5ce73b4b4aac4b7245aee6f191"},"headline":"Fue v\u00edctima del \u00abcuento del t\u00edo\u00bb, en Bol\u00edvar, un ni\u00f1o de 9 a\u00f1os: le robaron 8 mil d\u00f3lares","datePublished":"2023-05-12T06:13:58+00:00","dateModified":"2023-05-15T04:48:32+00:00","mainEntityOfPage":{"@id":"https:\/\/infoecos.com.ar\/index.php\/fue-victima-del-cuento-del-tio-en-bolivar-un-nino-de-9-anos-le-robaron-8-mil-dolares\/"},"wordCount":289,"publisher":{"@id":"https:\/\/infoecos.com.ar\/#organization"},"image":{"@id":"https:\/\/infoecos.com.ar\/index.php\/fue-victima-del-cuento-del-tio-en-bolivar-un-nino-de-9-anos-le-robaron-8-mil-dolares\/#primaryimage"},"thumbnailUrl":"https:\/\/infoecos.com.ar\/wp-content\/uploads\/2023\/05\/image-82.png","keywords":["NO CESA ESTA MODALIDAD"],"articleSection":["C2 N7"],"inLanguage":"es"},{"@type":"WebPage","@id":"https:\/\/infoecos.com.ar\/index.php\/fue-victima-del-cuento-del-tio-en-bolivar-un-nino-de-9-anos-le-robaron-8-mil-dolares\/","url":"https:\/\/infoecos.com.ar\/index.php\/fue-victima-del-cuento-del-tio-en-bolivar-un-nino-de-9-anos-le-robaron-8-mil-dolares\/","name":"Fue v\u00edctima del \"cuento del t\u00edo\", en Bol\u00edvar, un ni\u00f1o de 9 a\u00f1os: le robaron 8 mil d\u00f3lares - Infoecos","isPartOf":{"@id":"https:\/\/infoecos.com.ar\/#website"},"primaryImageOfPage":{"@id":"https:\/\/infoecos.com.ar\/index.php\/fue-victima-del-cuento-del-tio-en-bolivar-un-nino-de-9-anos-le-robaron-8-mil-dolares\/#primaryimage"},"image":{"@id":"https:\/\/infoecos.com.ar\/index.php\/fue-victima-del-cuento-del-tio-en-bolivar-un-nino-de-9-anos-le-robaron-8-mil-dolares\/#primaryimage"},"thumbnailUrl":"https:\/\/infoecos.com.ar\/wp-content\/uploads\/2023\/05\/image-82.png","datePublished":"2023-05-12T06:13:58+00:00","dateModified":"2023-05-15T04:48:32+00:00","breadcrumb":{"@id":"https:\/\/infoecos.com.ar\/index.php\/fue-victima-del-cuento-del-tio-en-bolivar-un-nino-de-9-anos-le-robaron-8-mil-dolares\/#breadcrumb"},"inLanguage":"es","potentialAction":[{"@type":"ReadAction","target":["https:\/\/infoecos.com.ar\/index.php\/fue-victima-del-cuento-del-tio-en-bolivar-un-nino-de-9-anos-le-robaron-8-mil-dolares\/"]}]},{"@type":"ImageObject","inLanguage":"es","@id":"https:\/\/infoecos.com.ar\/index.php\/fue-victima-del-cuento-del-tio-en-bolivar-un-nino-de-9-anos-le-robaron-8-mil-dolares\/#primaryimage","url":"https:\/\/infoecos.com.ar\/wp-content\/uploads\/2023\/05\/image-82.png","contentUrl":"https:\/\/infoecos.com.ar\/wp-content\/uploads\/2023\/05\/image-82.png","width":642,"height":361},{"@type":"BreadcrumbList","@id":"https:\/\/infoecos.com.ar\/index.php\/fue-victima-del-cuento-del-tio-en-bolivar-un-nino-de-9-anos-le-robaron-8-mil-dolares\/#breadcrumb","itemListElement":[{"@type":"ListItem","position":1,"name":"Portada","item":"https:\/\/infoecos.com.ar\/"},{"@type":"ListItem","position":2,"name":"Fue v\u00edctima del \u00abcuento del t\u00edo\u00bb, en Bol\u00edvar, un ni\u00f1o de 9 a\u00f1os: le robaron 8 mil d\u00f3lares"}]},{"@type":"WebSite","@id":"https:\/\/infoecos.com.ar\/#website","url":"https:\/\/infoecos.com.ar\/","name":"Infoecos","description":"Noticias de trenque lauquen y la zona","publisher":{"@id":"https:\/\/infoecos.com.ar\/#organization"},"alternateName":"Noticias","potentialAction":[{"@type":"SearchAction","target":{"@type":"EntryPoint","urlTemplate":"https:\/\/infoecos.com.ar\/?s={search_term_string}"},"query-input":{"@type":"PropertyValueSpecification","valueRequired":true,"valueName":"search_term_string"}}],"inLanguage":"es"},{"@type":"Organization","@id":"https:\/\/infoecos.com.ar\/#organization","name":"Infoecos","alternateName":"Noticias","url":"https:\/\/infoecos.com.ar\/","logo":{"@type":"ImageObject","inLanguage":"es","@id":"https:\/\/infoecos.com.ar\/#\/schema\/logo\/image\/","url":"https:\/\/infoecos.com.ar\/wp-content\/uploads\/2024\/03\/cropped-logo.png","contentUrl":"https:\/\/infoecos.com.ar\/wp-content\/uploads\/2024\/03\/cropped-logo.png","width":374,"height":90,"caption":"Infoecos"},"image":{"@id":"https:\/\/infoecos.com.ar\/#\/schema\/logo\/image\/"},"sameAs":["https:\/\/www.facebook.com\/profile.php?id=100063200290284","https:\/\/x.com\/infoecos"]},{"@type":"Person","@id":"https:\/\/infoecos.com.ar\/#\/schema\/person\/8f5ace5ce73b4b4aac4b7245aee6f191","name":"Jorge Matheus","url":"https:\/\/infoecos.com.ar\/index.php\/author\/jomatheus\/"}]}},"featured_image_urls":{"full":["https:\/\/infoecos.com.ar\/wp-content\/uploads\/2023\/05\/image-82.png",642,361,false],"thumbnail":["https:\/\/infoecos.com.ar\/wp-content\/uploads\/2023\/05\/image-82-300x150.png",300,150,true],"medium":["https:\/\/infoecos.com.ar\/wp-content\/uploads\/2023\/05\/image-82.png",642,361,false],"medium_large":["https:\/\/infoecos.com.ar\/wp-content\/uploads\/2023\/05\/image-82.png",640,360,false],"large":["https:\/\/infoecos.com.ar\/wp-content\/uploads\/2023\/05\/image-82.png",640,360,false],"1536x1536":["https:\/\/infoecos.com.ar\/wp-content\/uploads\/2023\/05\/image-82.png",642,361,false],"2048x2048":["https:\/\/infoecos.com.ar\/wp-content\/uploads\/2023\/05\/image-82.png",642,361,false],"covernews-slider-full":["https:\/\/infoecos.com.ar\/wp-content\/uploads\/2023\/05\/image-82.png",642,361,false],"covernews-slider-center":["https:\/\/infoecos.com.ar\/wp-content\/uploads\/2023\/05\/image-82.png",642,361,false],"covernews-featured":["https:\/\/infoecos.com.ar\/wp-content\/uploads\/2023\/05\/image-82.png",642,361,false],"covernews-medium":["https:\/\/infoecos.com.ar\/wp-content\/uploads\/2023\/05\/image-82.png",540,304,false],"covernews-medium-square":["https:\/\/infoecos.com.ar\/wp-content\/uploads\/2023\/05\/image-82.png",400,225,false]},"author_info":{"info":["Jorge Matheus"]},"category_info":"<a href=\"https:\/\/infoecos.com.ar\/index.php\/category\/c2nota7\/\" rel=\"category tag\">C2 N7<\/a>","tag_info":"C2 N7","comment_count":"0","_links":{"self":[{"href":"https:\/\/infoecos.com.ar\/index.php\/wp-json\/wp\/v2\/posts\/104948"}],"collection":[{"href":"https:\/\/infoecos.com.ar\/index.php\/wp-json\/wp\/v2\/posts"}],"about":[{"href":"https:\/\/infoecos.com.ar\/index.php\/wp-json\/wp\/v2\/types\/post"}],"author":[{"embeddable":true,"href":"https:\/\/infoecos.com.ar\/index.php\/wp-json\/wp\/v2\/users\/2"}],"replies":[{"embeddable":true,"href":"https:\/\/infoecos.com.ar\/index.php\/wp-json\/wp\/v2\/comments?post=104948"}],"version-history":[{"count":1,"href":"https:\/\/infoecos.com.ar\/index.php\/wp-json\/wp\/v2\/posts\/104948\/revisions"}],"predecessor-version":[{"id":104950,"href":"https:\/\/infoecos.com.ar\/index.php\/wp-json\/wp\/v2\/posts\/104948\/revisions\/104950"}],"wp:featuredmedia":[{"embeddable":true,"href":"https:\/\/infoecos.com.ar\/index.php\/wp-json\/wp\/v2\/media\/104949"}],"wp:attachment":[{"href":"https:\/\/infoecos.com.ar\/index.php\/wp-json\/wp\/v2\/media?parent=104948"}],"wp:term":[{"taxonomy":"category","embeddable":true,"href":"https:\/\/infoecos.com.ar\/index.php\/wp-json\/wp\/v2\/categories?post=104948"},{"taxonomy":"post_tag","embeddable":true,"href":"https:\/\/infoecos.com.ar\/index.php\/wp-json\/wp\/v2\/tags?post=104948"}],"curies":[{"name":"wp","href":"https:\/\/api.w.org\/{rel}","templated":true}]}}