{"id":105015,"date":"2023-05-14T22:48:54","date_gmt":"2023-05-15T01:48:54","guid":{"rendered":"https:\/\/infoecos.com.ar\/?p=105015"},"modified":"2023-05-16T23:23:57","modified_gmt":"2023-05-17T02:23:57","slug":"a-casi-un-mes-del-asesinato-de-anita-aristimuno-empezaron-las-movidas-por-el-esclarecimiento","status":"publish","type":"post","link":"https:\/\/infoecos.com.ar\/index.php\/a-casi-un-mes-del-asesinato-de-anita-aristimuno-empezaron-las-movidas-por-el-esclarecimiento\/","title":{"rendered":"A casi un mes del asesinato de Anita Aristimu\u00f1o empezaron las movidas por el esclarecimiento"},"content":{"rendered":"\n<p>Se cumplir\u00e1 un mes del crimen de Ana Mar\u00eda Aristimu\u00f1o. El s\u00e1bado se realiz\u00f3 en Trenque Lauquen una jornada de reflexi\u00f3n y trabajo. Participaron de la misma, docentes, familiares, representantes de entidades p\u00fablicas, comunidad y organizaciones feministas. <\/p>\n\n\n\n<figure class=\"wp-block-image aligncenter size-full is-resized\"><img loading=\"lazy\" decoding=\"async\" src=\"https:\/\/infoecos.com.ar\/wp-content\/uploads\/2023\/05\/crimendeanitamovili.jpg\" alt=\"\" class=\"wp-image-105016\" width=\"522\" height=\"253\" srcset=\"https:\/\/infoecos.com.ar\/wp-content\/uploads\/2023\/05\/crimendeanitamovili.jpg 853w, https:\/\/infoecos.com.ar\/wp-content\/uploads\/2023\/05\/crimendeanitamovili-800x388.jpg 800w, https:\/\/infoecos.com.ar\/wp-content\/uploads\/2023\/05\/crimendeanitamovili-768x373.jpg 768w\" sizes=\"(max-width: 522px) 100vw, 522px\" \/><figcaption class=\"wp-element-caption\">Crimen de Anita &#8211; Imagen tomada de un video en Facebook <\/figcaption><\/figure>\n\n\n\n<p>Se resolvi\u00f3 en la oportunidad llevar a cabo el domingo 21 del corriente, a las 14 horas, desde la Escuela Primaria n\u00famero 47 donde Anita desempe\u00f1aba tareas docentes, una pintada en la calle que terminar\u00e1 en el frente de su vivienda. <\/p>\n\n\n\n<p>El lunes 22, a las 5 hs. , habr\u00e1 una vigilia en el frente del edificio donde funciona fiscal\u00eda (Uruguay 74) hasta las 10 hs. momento en que se emprender\u00e1 una marcha por la avenida Villegas.<\/p>\n","protected":false},"excerpt":{"rendered":"<p>Se resolvi\u00f3 en la oportunidad llevar a cabo el domingo 21 del corriente, a las 14 horas, desde la Escuela Primaria n\u00famero 47 donde Anita desempe\u00f1aba tareas docentes, una pintada en la calle que terminar\u00e1 en el frente de su vivienda<\/p>\n","protected":false},"author":2,"featured_media":105016,"comment_status":"closed","ping_status":"open","sticky":false,"template":"","format":"standard","meta":{"footnotes":""},"categories":[43],"tags":[7950],"class_list":["post-105015","post","type-post","status-publish","format-standard","has-post-thumbnail","hentry","category-inferior4","tag-el-sabado-se-definieron-acciones"],"yoast_head":"<!-- This site is optimized with the Yoast SEO plugin v23.4 - https:\/\/yoast.com\/wordpress\/plugins\/seo\/ -->\n<title>A casi un mes del asesinato de Anita Aristimu\u00f1o empezaron las movidas por el esclarecimiento - Infoecos<\/title>\n<meta name=\"robots\" content=\"index, follow, max-snippet:-1, max-image-preview:large, max-video-preview:-1\" \/>\n<link rel=\"canonical\" href=\"https:\/\/infoecos.com.ar\/index.php\/a-casi-un-mes-del-asesinato-de-anita-aristimuno-empezaron-las-movidas-por-el-esclarecimiento\/\" \/>\n<meta property=\"og:locale\" content=\"es_ES\" \/>\n<meta property=\"og:type\" content=\"article\" \/>\n<meta property=\"og:title\" content=\"A casi un mes del asesinato de Anita Aristimu\u00f1o empezaron las movidas por el esclarecimiento - Infoecos\" \/>\n<meta property=\"og:description\" content=\"Se resolvi\u00f3 en la oportunidad llevar a cabo el domingo 21 del corriente, a las 14 horas, desde la Escuela Primaria n\u00famero 47 donde Anita desempe\u00f1aba tareas docentes, una pintada en la calle que terminar\u00e1 en el frente de su vivienda\" \/>\n<meta property=\"og:url\" content=\"https:\/\/infoecos.com.ar\/index.php\/a-casi-un-mes-del-asesinato-de-anita-aristimuno-empezaron-las-movidas-por-el-esclarecimiento\/\" \/>\n<meta property=\"og:site_name\" content=\"Infoecos\" \/>\n<meta property=\"article:publisher\" content=\"https:\/\/www.facebook.com\/profile.php?id=100063200290284\" \/>\n<meta property=\"article:published_time\" content=\"2023-05-15T01:48:54+00:00\" \/>\n<meta property=\"article:modified_time\" content=\"2023-05-17T02:23:57+00:00\" \/>\n<meta property=\"og:image\" content=\"https:\/\/infoecos.com.ar\/wp-content\/uploads\/2023\/05\/crimendeanitamovili.jpg\" \/>\n\t<meta property=\"og:image:width\" content=\"853\" \/>\n\t<meta property=\"og:image:height\" content=\"414\" \/>\n\t<meta property=\"og:image:type\" content=\"image\/jpeg\" \/>\n<meta name=\"author\" content=\"Jorge Matheus\" \/>\n<meta name=\"twitter:card\" content=\"summary_large_image\" \/>\n<meta name=\"twitter:creator\" content=\"@infoecos\" \/>\n<meta name=\"twitter:site\" content=\"@infoecos\" \/>\n<meta name=\"twitter:label1\" content=\"Escrito por\" \/>\n\t<meta name=\"twitter:data1\" content=\"Jorge Matheus\" \/>\n\t<meta name=\"twitter:label2\" content=\"Tiempo de lectura\" \/>\n\t<meta name=\"twitter:data2\" content=\"1 minuto\" \/>\n<script type=\"application\/ld+json\" class=\"yoast-schema-graph\">{\"@context\":\"https:\/\/schema.org\",\"@graph\":[{\"@type\":\"Article\",\"@id\":\"https:\/\/infoecos.com.ar\/index.php\/a-casi-un-mes-del-asesinato-de-anita-aristimuno-empezaron-las-movidas-por-el-esclarecimiento\/#article\",\"isPartOf\":{\"@id\":\"https:\/\/infoecos.com.ar\/index.php\/a-casi-un-mes-del-asesinato-de-anita-aristimuno-empezaron-las-movidas-por-el-esclarecimiento\/\"},\"author\":{\"name\":\"Jorge Matheus\",\"@id\":\"https:\/\/infoecos.com.ar\/#\/schema\/person\/8f5ace5ce73b4b4aac4b7245aee6f191\"},\"headline\":\"A casi un mes del asesinato de Anita Aristimu\u00f1o empezaron las movidas por el esclarecimiento\",\"datePublished\":\"2023-05-15T01:48:54+00:00\",\"dateModified\":\"2023-05-17T02:23:57+00:00\",\"mainEntityOfPage\":{\"@id\":\"https:\/\/infoecos.com.ar\/index.php\/a-casi-un-mes-del-asesinato-de-anita-aristimuno-empezaron-las-movidas-por-el-esclarecimiento\/\"},\"wordCount\":141,\"publisher\":{\"@id\":\"https:\/\/infoecos.com.ar\/#organization\"},\"image\":{\"@id\":\"https:\/\/infoecos.com.ar\/index.php\/a-casi-un-mes-del-asesinato-de-anita-aristimuno-empezaron-las-movidas-por-el-esclarecimiento\/#primaryimage\"},\"thumbnailUrl\":\"https:\/\/infoecos.com.ar\/wp-content\/uploads\/2023\/05\/crimendeanitamovili.jpg\",\"keywords\":[\"EL S\u00c1BADO SE DEFINIERON ACCIONES\"],\"articleSection\":[\"Bloque inferior - 4\"],\"inLanguage\":\"es\"},{\"@type\":\"WebPage\",\"@id\":\"https:\/\/infoecos.com.ar\/index.php\/a-casi-un-mes-del-asesinato-de-anita-aristimuno-empezaron-las-movidas-por-el-esclarecimiento\/\",\"url\":\"https:\/\/infoecos.com.ar\/index.php\/a-casi-un-mes-del-asesinato-de-anita-aristimuno-empezaron-las-movidas-por-el-esclarecimiento\/\",\"name\":\"A casi un mes del asesinato de Anita Aristimu\u00f1o empezaron las movidas por el esclarecimiento - Infoecos\",\"isPartOf\":{\"@id\":\"https:\/\/infoecos.com.ar\/#website\"},\"primaryImageOfPage\":{\"@id\":\"https:\/\/infoecos.com.ar\/index.php\/a-casi-un-mes-del-asesinato-de-anita-aristimuno-empezaron-las-movidas-por-el-esclarecimiento\/#primaryimage\"},\"image\":{\"@id\":\"https:\/\/infoecos.com.ar\/index.php\/a-casi-un-mes-del-asesinato-de-anita-aristimuno-empezaron-las-movidas-por-el-esclarecimiento\/#primaryimage\"},\"thumbnailUrl\":\"https:\/\/infoecos.com.ar\/wp-content\/uploads\/2023\/05\/crimendeanitamovili.jpg\",\"datePublished\":\"2023-05-15T01:48:54+00:00\",\"dateModified\":\"2023-05-17T02:23:57+00:00\",\"breadcrumb\":{\"@id\":\"https:\/\/infoecos.com.ar\/index.php\/a-casi-un-mes-del-asesinato-de-anita-aristimuno-empezaron-las-movidas-por-el-esclarecimiento\/#breadcrumb\"},\"inLanguage\":\"es\",\"potentialAction\":[{\"@type\":\"ReadAction\",\"target\":[\"https:\/\/infoecos.com.ar\/index.php\/a-casi-un-mes-del-asesinato-de-anita-aristimuno-empezaron-las-movidas-por-el-esclarecimiento\/\"]}]},{\"@type\":\"ImageObject\",\"inLanguage\":\"es\",\"@id\":\"https:\/\/infoecos.com.ar\/index.php\/a-casi-un-mes-del-asesinato-de-anita-aristimuno-empezaron-las-movidas-por-el-esclarecimiento\/#primaryimage\",\"url\":\"https:\/\/infoecos.com.ar\/wp-content\/uploads\/2023\/05\/crimendeanitamovili.jpg\",\"contentUrl\":\"https:\/\/infoecos.com.ar\/wp-content\/uploads\/2023\/05\/crimendeanitamovili.jpg\",\"width\":853,\"height\":414},{\"@type\":\"BreadcrumbList\",\"@id\":\"https:\/\/infoecos.com.ar\/index.php\/a-casi-un-mes-del-asesinato-de-anita-aristimuno-empezaron-las-movidas-por-el-esclarecimiento\/#breadcrumb\",\"itemListElement\":[{\"@type\":\"ListItem\",\"position\":1,\"name\":\"Portada\",\"item\":\"https:\/\/infoecos.com.ar\/\"},{\"@type\":\"ListItem\",\"position\":2,\"name\":\"A casi un mes del asesinato de Anita Aristimu\u00f1o empezaron las movidas por el esclarecimiento\"}]},{\"@type\":\"WebSite\",\"@id\":\"https:\/\/infoecos.com.ar\/#website\",\"url\":\"https:\/\/infoecos.com.ar\/\",\"name\":\"Infoecos\",\"description\":\"Noticias de trenque lauquen y la zona\",\"publisher\":{\"@id\":\"https:\/\/infoecos.com.ar\/#organization\"},\"alternateName\":\"Noticias\",\"potentialAction\":[{\"@type\":\"SearchAction\",\"target\":{\"@type\":\"EntryPoint\",\"urlTemplate\":\"https:\/\/infoecos.com.ar\/?s={search_term_string}\"},\"query-input\":{\"@type\":\"PropertyValueSpecification\",\"valueRequired\":true,\"valueName\":\"search_term_string\"}}],\"inLanguage\":\"es\"},{\"@type\":\"Organization\",\"@id\":\"https:\/\/infoecos.com.ar\/#organization\",\"name\":\"Infoecos\",\"alternateName\":\"Noticias\",\"url\":\"https:\/\/infoecos.com.ar\/\",\"logo\":{\"@type\":\"ImageObject\",\"inLanguage\":\"es\",\"@id\":\"https:\/\/infoecos.com.ar\/#\/schema\/logo\/image\/\",\"url\":\"https:\/\/infoecos.com.ar\/wp-content\/uploads\/2024\/03\/cropped-logo.png\",\"contentUrl\":\"https:\/\/infoecos.com.ar\/wp-content\/uploads\/2024\/03\/cropped-logo.png\",\"width\":374,\"height\":90,\"caption\":\"Infoecos\"},\"image\":{\"@id\":\"https:\/\/infoecos.com.ar\/#\/schema\/logo\/image\/\"},\"sameAs\":[\"https:\/\/www.facebook.com\/profile.php?id=100063200290284\",\"https:\/\/x.com\/infoecos\"]},{\"@type\":\"Person\",\"@id\":\"https:\/\/infoecos.com.ar\/#\/schema\/person\/8f5ace5ce73b4b4aac4b7245aee6f191\",\"name\":\"Jorge Matheus\",\"url\":\"https:\/\/infoecos.com.ar\/index.php\/author\/jomatheus\/\"}]}<\/script>\n<!-- \/ Yoast SEO plugin. -->","yoast_head_json":{"title":"A casi un mes del asesinato de Anita Aristimu\u00f1o empezaron las movidas por el esclarecimiento - Infoecos","robots":{"index":"index","follow":"follow","max-snippet":"max-snippet:-1","max-image-preview":"max-image-preview:large","max-video-preview":"max-video-preview:-1"},"canonical":"https:\/\/infoecos.com.ar\/index.php\/a-casi-un-mes-del-asesinato-de-anita-aristimuno-empezaron-las-movidas-por-el-esclarecimiento\/","og_locale":"es_ES","og_type":"article","og_title":"A casi un mes del asesinato de Anita Aristimu\u00f1o empezaron las movidas por el esclarecimiento - Infoecos","og_description":"Se resolvi\u00f3 en la oportunidad llevar a cabo el domingo 21 del corriente, a las 14 horas, desde la Escuela Primaria n\u00famero 47 donde Anita desempe\u00f1aba tareas docentes, una pintada en la calle que terminar\u00e1 en el frente de su vivienda","og_url":"https:\/\/infoecos.com.ar\/index.php\/a-casi-un-mes-del-asesinato-de-anita-aristimuno-empezaron-las-movidas-por-el-esclarecimiento\/","og_site_name":"Infoecos","article_publisher":"https:\/\/www.facebook.com\/profile.php?id=100063200290284","article_published_time":"2023-05-15T01:48:54+00:00","article_modified_time":"2023-05-17T02:23:57+00:00","og_image":[{"width":853,"height":414,"url":"https:\/\/infoecos.com.ar\/wp-content\/uploads\/2023\/05\/crimendeanitamovili.jpg","type":"image\/jpeg"}],"author":"Jorge Matheus","twitter_card":"summary_large_image","twitter_creator":"@infoecos","twitter_site":"@infoecos","twitter_misc":{"Escrito por":"Jorge Matheus","Tiempo de lectura":"1 minuto"},"schema":{"@context":"https:\/\/schema.org","@graph":[{"@type":"Article","@id":"https:\/\/infoecos.com.ar\/index.php\/a-casi-un-mes-del-asesinato-de-anita-aristimuno-empezaron-las-movidas-por-el-esclarecimiento\/#article","isPartOf":{"@id":"https:\/\/infoecos.com.ar\/index.php\/a-casi-un-mes-del-asesinato-de-anita-aristimuno-empezaron-las-movidas-por-el-esclarecimiento\/"},"author":{"name":"Jorge Matheus","@id":"https:\/\/infoecos.com.ar\/#\/schema\/person\/8f5ace5ce73b4b4aac4b7245aee6f191"},"headline":"A casi un mes del asesinato de Anita Aristimu\u00f1o empezaron las movidas por el esclarecimiento","datePublished":"2023-05-15T01:48:54+00:00","dateModified":"2023-05-17T02:23:57+00:00","mainEntityOfPage":{"@id":"https:\/\/infoecos.com.ar\/index.php\/a-casi-un-mes-del-asesinato-de-anita-aristimuno-empezaron-las-movidas-por-el-esclarecimiento\/"},"wordCount":141,"publisher":{"@id":"https:\/\/infoecos.com.ar\/#organization"},"image":{"@id":"https:\/\/infoecos.com.ar\/index.php\/a-casi-un-mes-del-asesinato-de-anita-aristimuno-empezaron-las-movidas-por-el-esclarecimiento\/#primaryimage"},"thumbnailUrl":"https:\/\/infoecos.com.ar\/wp-content\/uploads\/2023\/05\/crimendeanitamovili.jpg","keywords":["EL S\u00c1BADO SE DEFINIERON ACCIONES"],"articleSection":["Bloque inferior - 4"],"inLanguage":"es"},{"@type":"WebPage","@id":"https:\/\/infoecos.com.ar\/index.php\/a-casi-un-mes-del-asesinato-de-anita-aristimuno-empezaron-las-movidas-por-el-esclarecimiento\/","url":"https:\/\/infoecos.com.ar\/index.php\/a-casi-un-mes-del-asesinato-de-anita-aristimuno-empezaron-las-movidas-por-el-esclarecimiento\/","name":"A casi un mes del asesinato de Anita Aristimu\u00f1o empezaron las movidas por el esclarecimiento - Infoecos","isPartOf":{"@id":"https:\/\/infoecos.com.ar\/#website"},"primaryImageOfPage":{"@id":"https:\/\/infoecos.com.ar\/index.php\/a-casi-un-mes-del-asesinato-de-anita-aristimuno-empezaron-las-movidas-por-el-esclarecimiento\/#primaryimage"},"image":{"@id":"https:\/\/infoecos.com.ar\/index.php\/a-casi-un-mes-del-asesinato-de-anita-aristimuno-empezaron-las-movidas-por-el-esclarecimiento\/#primaryimage"},"thumbnailUrl":"https:\/\/infoecos.com.ar\/wp-content\/uploads\/2023\/05\/crimendeanitamovili.jpg","datePublished":"2023-05-15T01:48:54+00:00","dateModified":"2023-05-17T02:23:57+00:00","breadcrumb":{"@id":"https:\/\/infoecos.com.ar\/index.php\/a-casi-un-mes-del-asesinato-de-anita-aristimuno-empezaron-las-movidas-por-el-esclarecimiento\/#breadcrumb"},"inLanguage":"es","potentialAction":[{"@type":"ReadAction","target":["https:\/\/infoecos.com.ar\/index.php\/a-casi-un-mes-del-asesinato-de-anita-aristimuno-empezaron-las-movidas-por-el-esclarecimiento\/"]}]},{"@type":"ImageObject","inLanguage":"es","@id":"https:\/\/infoecos.com.ar\/index.php\/a-casi-un-mes-del-asesinato-de-anita-aristimuno-empezaron-las-movidas-por-el-esclarecimiento\/#primaryimage","url":"https:\/\/infoecos.com.ar\/wp-content\/uploads\/2023\/05\/crimendeanitamovili.jpg","contentUrl":"https:\/\/infoecos.com.ar\/wp-content\/uploads\/2023\/05\/crimendeanitamovili.jpg","width":853,"height":414},{"@type":"BreadcrumbList","@id":"https:\/\/infoecos.com.ar\/index.php\/a-casi-un-mes-del-asesinato-de-anita-aristimuno-empezaron-las-movidas-por-el-esclarecimiento\/#breadcrumb","itemListElement":[{"@type":"ListItem","position":1,"name":"Portada","item":"https:\/\/infoecos.com.ar\/"},{"@type":"ListItem","position":2,"name":"A casi un mes del asesinato de Anita Aristimu\u00f1o empezaron las movidas por el esclarecimiento"}]},{"@type":"WebSite","@id":"https:\/\/infoecos.com.ar\/#website","url":"https:\/\/infoecos.com.ar\/","name":"Infoecos","description":"Noticias de trenque lauquen y la zona","publisher":{"@id":"https:\/\/infoecos.com.ar\/#organization"},"alternateName":"Noticias","potentialAction":[{"@type":"SearchAction","target":{"@type":"EntryPoint","urlTemplate":"https:\/\/infoecos.com.ar\/?s={search_term_string}"},"query-input":{"@type":"PropertyValueSpecification","valueRequired":true,"valueName":"search_term_string"}}],"inLanguage":"es"},{"@type":"Organization","@id":"https:\/\/infoecos.com.ar\/#organization","name":"Infoecos","alternateName":"Noticias","url":"https:\/\/infoecos.com.ar\/","logo":{"@type":"ImageObject","inLanguage":"es","@id":"https:\/\/infoecos.com.ar\/#\/schema\/logo\/image\/","url":"https:\/\/infoecos.com.ar\/wp-content\/uploads\/2024\/03\/cropped-logo.png","contentUrl":"https:\/\/infoecos.com.ar\/wp-content\/uploads\/2024\/03\/cropped-logo.png","width":374,"height":90,"caption":"Infoecos"},"image":{"@id":"https:\/\/infoecos.com.ar\/#\/schema\/logo\/image\/"},"sameAs":["https:\/\/www.facebook.com\/profile.php?id=100063200290284","https:\/\/x.com\/infoecos"]},{"@type":"Person","@id":"https:\/\/infoecos.com.ar\/#\/schema\/person\/8f5ace5ce73b4b4aac4b7245aee6f191","name":"Jorge Matheus","url":"https:\/\/infoecos.com.ar\/index.php\/author\/jomatheus\/"}]}},"featured_image_urls":{"full":["https:\/\/infoecos.com.ar\/wp-content\/uploads\/2023\/05\/crimendeanitamovili.jpg",853,414,false],"thumbnail":["https:\/\/infoecos.com.ar\/wp-content\/uploads\/2023\/05\/crimendeanitamovili-300x150.jpg",300,150,true],"medium":["https:\/\/infoecos.com.ar\/wp-content\/uploads\/2023\/05\/crimendeanitamovili-800x388.jpg",800,388,true],"medium_large":["https:\/\/infoecos.com.ar\/wp-content\/uploads\/2023\/05\/crimendeanitamovili-768x373.jpg",640,311,true],"large":["https:\/\/infoecos.com.ar\/wp-content\/uploads\/2023\/05\/crimendeanitamovili.jpg",640,311,false],"1536x1536":["https:\/\/infoecos.com.ar\/wp-content\/uploads\/2023\/05\/crimendeanitamovili.jpg",853,414,false],"2048x2048":["https:\/\/infoecos.com.ar\/wp-content\/uploads\/2023\/05\/crimendeanitamovili.jpg",853,414,false],"covernews-slider-full":["https:\/\/infoecos.com.ar\/wp-content\/uploads\/2023\/05\/crimendeanitamovili.jpg",853,414,false],"covernews-slider-center":["https:\/\/infoecos.com.ar\/wp-content\/uploads\/2023\/05\/crimendeanitamovili.jpg",800,388,false],"covernews-featured":["https:\/\/infoecos.com.ar\/wp-content\/uploads\/2023\/05\/crimendeanitamovili.jpg",853,414,false],"covernews-medium":["https:\/\/infoecos.com.ar\/wp-content\/uploads\/2023\/05\/crimendeanitamovili-720x380.jpg",540,285,true],"covernews-medium-square":["https:\/\/infoecos.com.ar\/wp-content\/uploads\/2023\/05\/crimendeanitamovili-675x414.jpg",400,245,true]},"author_info":{"info":["Jorge Matheus"]},"category_info":"<a href=\"https:\/\/infoecos.com.ar\/index.php\/category\/inferior4\/\" rel=\"category tag\">Bloque inferior - 4<\/a>","tag_info":"Bloque inferior - 4","comment_count":"0","_links":{"self":[{"href":"https:\/\/infoecos.com.ar\/index.php\/wp-json\/wp\/v2\/posts\/105015"}],"collection":[{"href":"https:\/\/infoecos.com.ar\/index.php\/wp-json\/wp\/v2\/posts"}],"about":[{"href":"https:\/\/infoecos.com.ar\/index.php\/wp-json\/wp\/v2\/types\/post"}],"author":[{"embeddable":true,"href":"https:\/\/infoecos.com.ar\/index.php\/wp-json\/wp\/v2\/users\/2"}],"replies":[{"embeddable":true,"href":"https:\/\/infoecos.com.ar\/index.php\/wp-json\/wp\/v2\/comments?post=105015"}],"version-history":[{"count":1,"href":"https:\/\/infoecos.com.ar\/index.php\/wp-json\/wp\/v2\/posts\/105015\/revisions"}],"predecessor-version":[{"id":105017,"href":"https:\/\/infoecos.com.ar\/index.php\/wp-json\/wp\/v2\/posts\/105015\/revisions\/105017"}],"wp:featuredmedia":[{"embeddable":true,"href":"https:\/\/infoecos.com.ar\/index.php\/wp-json\/wp\/v2\/media\/105016"}],"wp:attachment":[{"href":"https:\/\/infoecos.com.ar\/index.php\/wp-json\/wp\/v2\/media?parent=105015"}],"wp:term":[{"taxonomy":"category","embeddable":true,"href":"https:\/\/infoecos.com.ar\/index.php\/wp-json\/wp\/v2\/categories?post=105015"},{"taxonomy":"post_tag","embeddable":true,"href":"https:\/\/infoecos.com.ar\/index.php\/wp-json\/wp\/v2\/tags?post=105015"}],"curies":[{"name":"wp","href":"https:\/\/api.w.org\/{rel}","templated":true}]}}