{"id":105076,"date":"2023-05-16T01:39:48","date_gmt":"2023-05-16T04:39:48","guid":{"rendered":"https:\/\/infoecos.com.ar\/?p=105076"},"modified":"2023-05-16T23:21:18","modified_gmt":"2023-05-17T02:21:18","slug":"la-federacion-de-educadores-bonaerenses-acepto-la-propuesta-salarial-del-gobierno-provincial","status":"publish","type":"post","link":"https:\/\/infoecos.com.ar\/index.php\/la-federacion-de-educadores-bonaerenses-acepto-la-propuesta-salarial-del-gobierno-provincial\/","title":{"rendered":"La Federaci\u00f3n de Educadores Bonaerenses acept\u00f3 la propuesta salarial del gobierno provincial"},"content":{"rendered":"\n<p>La Federaci\u00f3n de Educadores Bonaerenses&nbsp;aprob\u00f3 la propuesta salarial entregada por el gobierno de la provincia de&nbsp;Buenos Aires, en el marco de la reapertura de la paritaria. Aunque aceptaron el&nbsp;adelantamiento de cuotas para redondear una suba del 40% a mayo, advirtieron&nbsp;el \u201cmalestar\u201d<strong>&nbsp;<\/strong>de los educadores ante la inflaci\u00f3n.<\/p>\n\n\n\n<figure class=\"wp-block-image aligncenter size-full is-resized\"><img loading=\"lazy\" decoding=\"async\" src=\"https:\/\/infoecos.com.ar\/wp-content\/uploads\/2023\/05\/image-106.png\" alt=\"\" class=\"wp-image-105077\" width=\"473\" height=\"267\"\/><figcaption class=\"wp-element-caption\">FEB<\/figcaption><\/figure>\n\n\n\n<p>Seg\u00fan informaron desde la&nbsp;FEB, uno de los gremios mayoritarios del&nbsp;Frente de Unidad Docente (FUDB), a trav\u00e9s de un&nbsp;Congreso Extraordinario<strong>&nbsp;<\/strong>el sector acept\u00f3 la oferta, pero manifest\u00f3 \u201cel malestar de los educadores generado por las dilaciones en la convocatoria y el avance de los \u00edndices inflacionarios\u201d.<\/p>\n\n\n\n<p>En este sentido, desde la&nbsp;FEB&nbsp;se\u00f1alaron que los maestros reclamaron mecanismos para no perder poder adquisitivo durante el segundo semestre, teniendo en cuenta la constante suba de dichos indicadores.<\/p>\n\n\n\n<p>De acuerdo a lo confirmado desde la&nbsp;<strong>FEB<\/strong>, la propuesta aprobada por el Congreso lleva a $164.000 el salario de Maestro de Grado de jornada simple que reci\u00e9n inicia su carrera docente.<\/p>\n\n\n\n<p>En tanto, un Maestro de Grado de jornada completa percibir\u00e1 $328.000. As\u00ed, el aumento promedio ser\u00e1 del 40,5% y, en el caso del Maestro de Grado que reci\u00e9n se inicia, el incremento ser\u00e1 de un 42,6%.&nbsp;<\/p>\n\n\n\n<p>Adem\u00e1s, se aplicar\u00e1 lo acordado en la Paritaria Nacional Docente en relaci\u00f3n al Impuesto a las Ganancias a partir del mes de mayo, retroactivo al mes de enero.<\/p>\n\n\n\n<p>Asimismo, la oferta incluye tambi\u00e9n el adelanto de la reapertura de la negociaci\u00f3n para el mes de junio de 2023 y el compromiso de la firma inmediata del acuerdo paritario de Resguardo y reparaci\u00f3n.<\/p>\n\n\n\n<p><strong>Cr\u00e9dito: codigobaires.com.ar<\/strong><\/p>\n","protected":false},"excerpt":{"rendered":"<p>Seg\u00fan informaron desde la\u00a0FEB, uno de los gremios mayoritarios del\u00a0Frente de Unidad Docente (FUDB), a trav\u00e9s de un\u00a0Congreso Extraordinario\u00a0el sector acept\u00f3 la oferta, pero manifest\u00f3 \u201cel malestar de los educadores generado por las dilaciones en la convocatoria y el avance de los \u00edndices inflacionarios\u201d<\/p>\n","protected":false},"author":2,"featured_media":105077,"comment_status":"closed","ping_status":"open","sticky":false,"template":"","format":"standard","meta":{"footnotes":""},"categories":[40],"tags":[7964],"class_list":["post-105076","post","type-post","status-publish","format-standard","has-post-thumbnail","hentry","category-inferior1","tag-aumento-del-40-5-al-42-6"],"yoast_head":"<!-- This site is optimized with the Yoast SEO plugin v23.4 - https:\/\/yoast.com\/wordpress\/plugins\/seo\/ -->\n<title>La Federaci\u00f3n de Educadores Bonaerenses acept\u00f3 la propuesta salarial del gobierno provincial - Infoecos<\/title>\n<meta name=\"robots\" content=\"index, follow, max-snippet:-1, max-image-preview:large, max-video-preview:-1\" \/>\n<link rel=\"canonical\" href=\"https:\/\/infoecos.com.ar\/index.php\/la-federacion-de-educadores-bonaerenses-acepto-la-propuesta-salarial-del-gobierno-provincial\/\" \/>\n<meta property=\"og:locale\" content=\"es_ES\" \/>\n<meta property=\"og:type\" content=\"article\" \/>\n<meta property=\"og:title\" content=\"La Federaci\u00f3n de Educadores Bonaerenses acept\u00f3 la propuesta salarial del gobierno provincial - Infoecos\" \/>\n<meta property=\"og:description\" content=\"Seg\u00fan informaron desde la\u00a0FEB, uno de los gremios mayoritarios del\u00a0Frente de Unidad Docente (FUDB), a trav\u00e9s de un\u00a0Congreso Extraordinario\u00a0el sector acept\u00f3 la oferta, pero manifest\u00f3 \u201cel malestar de los educadores generado por las dilaciones en la convocatoria y el avance de los \u00edndices inflacionarios\u201d\" \/>\n<meta property=\"og:url\" content=\"https:\/\/infoecos.com.ar\/index.php\/la-federacion-de-educadores-bonaerenses-acepto-la-propuesta-salarial-del-gobierno-provincial\/\" \/>\n<meta property=\"og:site_name\" content=\"Infoecos\" \/>\n<meta property=\"article:publisher\" content=\"https:\/\/www.facebook.com\/profile.php?id=100063200290284\" \/>\n<meta property=\"article:published_time\" content=\"2023-05-16T04:39:48+00:00\" \/>\n<meta property=\"article:modified_time\" content=\"2023-05-17T02:21:18+00:00\" \/>\n<meta property=\"og:image\" content=\"https:\/\/infoecos.com.ar\/wp-content\/uploads\/2023\/05\/image-106.png\" \/>\n\t<meta property=\"og:image:width\" content=\"768\" \/>\n\t<meta property=\"og:image:height\" content=\"433\" \/>\n\t<meta property=\"og:image:type\" content=\"image\/png\" \/>\n<meta name=\"author\" content=\"Jorge Matheus\" \/>\n<meta name=\"twitter:card\" content=\"summary_large_image\" \/>\n<meta name=\"twitter:creator\" content=\"@infoecos\" \/>\n<meta name=\"twitter:site\" content=\"@infoecos\" \/>\n<meta name=\"twitter:label1\" content=\"Escrito por\" \/>\n\t<meta name=\"twitter:data1\" content=\"Jorge Matheus\" \/>\n\t<meta name=\"twitter:label2\" content=\"Tiempo de lectura\" \/>\n\t<meta name=\"twitter:data2\" content=\"2 minutos\" \/>\n<script type=\"application\/ld+json\" class=\"yoast-schema-graph\">{\"@context\":\"https:\/\/schema.org\",\"@graph\":[{\"@type\":\"Article\",\"@id\":\"https:\/\/infoecos.com.ar\/index.php\/la-federacion-de-educadores-bonaerenses-acepto-la-propuesta-salarial-del-gobierno-provincial\/#article\",\"isPartOf\":{\"@id\":\"https:\/\/infoecos.com.ar\/index.php\/la-federacion-de-educadores-bonaerenses-acepto-la-propuesta-salarial-del-gobierno-provincial\/\"},\"author\":{\"name\":\"Jorge Matheus\",\"@id\":\"https:\/\/infoecos.com.ar\/#\/schema\/person\/8f5ace5ce73b4b4aac4b7245aee6f191\"},\"headline\":\"La Federaci\u00f3n de Educadores Bonaerenses acept\u00f3 la propuesta salarial del gobierno provincial\",\"datePublished\":\"2023-05-16T04:39:48+00:00\",\"dateModified\":\"2023-05-17T02:21:18+00:00\",\"mainEntityOfPage\":{\"@id\":\"https:\/\/infoecos.com.ar\/index.php\/la-federacion-de-educadores-bonaerenses-acepto-la-propuesta-salarial-del-gobierno-provincial\/\"},\"wordCount\":297,\"publisher\":{\"@id\":\"https:\/\/infoecos.com.ar\/#organization\"},\"image\":{\"@id\":\"https:\/\/infoecos.com.ar\/index.php\/la-federacion-de-educadores-bonaerenses-acepto-la-propuesta-salarial-del-gobierno-provincial\/#primaryimage\"},\"thumbnailUrl\":\"https:\/\/infoecos.com.ar\/wp-content\/uploads\/2023\/05\/image-106.png\",\"keywords\":[\"AUMENTO DEL 40.5 AL 42.6\"],\"articleSection\":[\"Bloque inferior - 1\"],\"inLanguage\":\"es\"},{\"@type\":\"WebPage\",\"@id\":\"https:\/\/infoecos.com.ar\/index.php\/la-federacion-de-educadores-bonaerenses-acepto-la-propuesta-salarial-del-gobierno-provincial\/\",\"url\":\"https:\/\/infoecos.com.ar\/index.php\/la-federacion-de-educadores-bonaerenses-acepto-la-propuesta-salarial-del-gobierno-provincial\/\",\"name\":\"La Federaci\u00f3n de Educadores Bonaerenses acept\u00f3 la propuesta salarial del gobierno provincial - Infoecos\",\"isPartOf\":{\"@id\":\"https:\/\/infoecos.com.ar\/#website\"},\"primaryImageOfPage\":{\"@id\":\"https:\/\/infoecos.com.ar\/index.php\/la-federacion-de-educadores-bonaerenses-acepto-la-propuesta-salarial-del-gobierno-provincial\/#primaryimage\"},\"image\":{\"@id\":\"https:\/\/infoecos.com.ar\/index.php\/la-federacion-de-educadores-bonaerenses-acepto-la-propuesta-salarial-del-gobierno-provincial\/#primaryimage\"},\"thumbnailUrl\":\"https:\/\/infoecos.com.ar\/wp-content\/uploads\/2023\/05\/image-106.png\",\"datePublished\":\"2023-05-16T04:39:48+00:00\",\"dateModified\":\"2023-05-17T02:21:18+00:00\",\"breadcrumb\":{\"@id\":\"https:\/\/infoecos.com.ar\/index.php\/la-federacion-de-educadores-bonaerenses-acepto-la-propuesta-salarial-del-gobierno-provincial\/#breadcrumb\"},\"inLanguage\":\"es\",\"potentialAction\":[{\"@type\":\"ReadAction\",\"target\":[\"https:\/\/infoecos.com.ar\/index.php\/la-federacion-de-educadores-bonaerenses-acepto-la-propuesta-salarial-del-gobierno-provincial\/\"]}]},{\"@type\":\"ImageObject\",\"inLanguage\":\"es\",\"@id\":\"https:\/\/infoecos.com.ar\/index.php\/la-federacion-de-educadores-bonaerenses-acepto-la-propuesta-salarial-del-gobierno-provincial\/#primaryimage\",\"url\":\"https:\/\/infoecos.com.ar\/wp-content\/uploads\/2023\/05\/image-106.png\",\"contentUrl\":\"https:\/\/infoecos.com.ar\/wp-content\/uploads\/2023\/05\/image-106.png\",\"width\":768,\"height\":433},{\"@type\":\"BreadcrumbList\",\"@id\":\"https:\/\/infoecos.com.ar\/index.php\/la-federacion-de-educadores-bonaerenses-acepto-la-propuesta-salarial-del-gobierno-provincial\/#breadcrumb\",\"itemListElement\":[{\"@type\":\"ListItem\",\"position\":1,\"name\":\"Portada\",\"item\":\"https:\/\/infoecos.com.ar\/\"},{\"@type\":\"ListItem\",\"position\":2,\"name\":\"La Federaci\u00f3n de Educadores Bonaerenses acept\u00f3 la propuesta salarial del gobierno provincial\"}]},{\"@type\":\"WebSite\",\"@id\":\"https:\/\/infoecos.com.ar\/#website\",\"url\":\"https:\/\/infoecos.com.ar\/\",\"name\":\"Infoecos\",\"description\":\"Noticias de trenque lauquen y la zona\",\"publisher\":{\"@id\":\"https:\/\/infoecos.com.ar\/#organization\"},\"alternateName\":\"Noticias\",\"potentialAction\":[{\"@type\":\"SearchAction\",\"target\":{\"@type\":\"EntryPoint\",\"urlTemplate\":\"https:\/\/infoecos.com.ar\/?s={search_term_string}\"},\"query-input\":{\"@type\":\"PropertyValueSpecification\",\"valueRequired\":true,\"valueName\":\"search_term_string\"}}],\"inLanguage\":\"es\"},{\"@type\":\"Organization\",\"@id\":\"https:\/\/infoecos.com.ar\/#organization\",\"name\":\"Infoecos\",\"alternateName\":\"Noticias\",\"url\":\"https:\/\/infoecos.com.ar\/\",\"logo\":{\"@type\":\"ImageObject\",\"inLanguage\":\"es\",\"@id\":\"https:\/\/infoecos.com.ar\/#\/schema\/logo\/image\/\",\"url\":\"https:\/\/infoecos.com.ar\/wp-content\/uploads\/2024\/03\/cropped-logo.png\",\"contentUrl\":\"https:\/\/infoecos.com.ar\/wp-content\/uploads\/2024\/03\/cropped-logo.png\",\"width\":374,\"height\":90,\"caption\":\"Infoecos\"},\"image\":{\"@id\":\"https:\/\/infoecos.com.ar\/#\/schema\/logo\/image\/\"},\"sameAs\":[\"https:\/\/www.facebook.com\/profile.php?id=100063200290284\",\"https:\/\/x.com\/infoecos\"]},{\"@type\":\"Person\",\"@id\":\"https:\/\/infoecos.com.ar\/#\/schema\/person\/8f5ace5ce73b4b4aac4b7245aee6f191\",\"name\":\"Jorge Matheus\",\"url\":\"https:\/\/infoecos.com.ar\/index.php\/author\/jomatheus\/\"}]}<\/script>\n<!-- \/ Yoast SEO plugin. -->","yoast_head_json":{"title":"La Federaci\u00f3n de Educadores Bonaerenses acept\u00f3 la propuesta salarial del gobierno provincial - Infoecos","robots":{"index":"index","follow":"follow","max-snippet":"max-snippet:-1","max-image-preview":"max-image-preview:large","max-video-preview":"max-video-preview:-1"},"canonical":"https:\/\/infoecos.com.ar\/index.php\/la-federacion-de-educadores-bonaerenses-acepto-la-propuesta-salarial-del-gobierno-provincial\/","og_locale":"es_ES","og_type":"article","og_title":"La Federaci\u00f3n de Educadores Bonaerenses acept\u00f3 la propuesta salarial del gobierno provincial - Infoecos","og_description":"Seg\u00fan informaron desde la\u00a0FEB, uno de los gremios mayoritarios del\u00a0Frente de Unidad Docente (FUDB), a trav\u00e9s de un\u00a0Congreso Extraordinario\u00a0el sector acept\u00f3 la oferta, pero manifest\u00f3 \u201cel malestar de los educadores generado por las dilaciones en la convocatoria y el avance de los \u00edndices inflacionarios\u201d","og_url":"https:\/\/infoecos.com.ar\/index.php\/la-federacion-de-educadores-bonaerenses-acepto-la-propuesta-salarial-del-gobierno-provincial\/","og_site_name":"Infoecos","article_publisher":"https:\/\/www.facebook.com\/profile.php?id=100063200290284","article_published_time":"2023-05-16T04:39:48+00:00","article_modified_time":"2023-05-17T02:21:18+00:00","og_image":[{"width":768,"height":433,"url":"https:\/\/infoecos.com.ar\/wp-content\/uploads\/2023\/05\/image-106.png","type":"image\/png"}],"author":"Jorge Matheus","twitter_card":"summary_large_image","twitter_creator":"@infoecos","twitter_site":"@infoecos","twitter_misc":{"Escrito por":"Jorge Matheus","Tiempo de lectura":"2 minutos"},"schema":{"@context":"https:\/\/schema.org","@graph":[{"@type":"Article","@id":"https:\/\/infoecos.com.ar\/index.php\/la-federacion-de-educadores-bonaerenses-acepto-la-propuesta-salarial-del-gobierno-provincial\/#article","isPartOf":{"@id":"https:\/\/infoecos.com.ar\/index.php\/la-federacion-de-educadores-bonaerenses-acepto-la-propuesta-salarial-del-gobierno-provincial\/"},"author":{"name":"Jorge Matheus","@id":"https:\/\/infoecos.com.ar\/#\/schema\/person\/8f5ace5ce73b4b4aac4b7245aee6f191"},"headline":"La Federaci\u00f3n de Educadores Bonaerenses acept\u00f3 la propuesta salarial del gobierno provincial","datePublished":"2023-05-16T04:39:48+00:00","dateModified":"2023-05-17T02:21:18+00:00","mainEntityOfPage":{"@id":"https:\/\/infoecos.com.ar\/index.php\/la-federacion-de-educadores-bonaerenses-acepto-la-propuesta-salarial-del-gobierno-provincial\/"},"wordCount":297,"publisher":{"@id":"https:\/\/infoecos.com.ar\/#organization"},"image":{"@id":"https:\/\/infoecos.com.ar\/index.php\/la-federacion-de-educadores-bonaerenses-acepto-la-propuesta-salarial-del-gobierno-provincial\/#primaryimage"},"thumbnailUrl":"https:\/\/infoecos.com.ar\/wp-content\/uploads\/2023\/05\/image-106.png","keywords":["AUMENTO DEL 40.5 AL 42.6"],"articleSection":["Bloque inferior - 1"],"inLanguage":"es"},{"@type":"WebPage","@id":"https:\/\/infoecos.com.ar\/index.php\/la-federacion-de-educadores-bonaerenses-acepto-la-propuesta-salarial-del-gobierno-provincial\/","url":"https:\/\/infoecos.com.ar\/index.php\/la-federacion-de-educadores-bonaerenses-acepto-la-propuesta-salarial-del-gobierno-provincial\/","name":"La Federaci\u00f3n de Educadores Bonaerenses acept\u00f3 la propuesta salarial del gobierno provincial - Infoecos","isPartOf":{"@id":"https:\/\/infoecos.com.ar\/#website"},"primaryImageOfPage":{"@id":"https:\/\/infoecos.com.ar\/index.php\/la-federacion-de-educadores-bonaerenses-acepto-la-propuesta-salarial-del-gobierno-provincial\/#primaryimage"},"image":{"@id":"https:\/\/infoecos.com.ar\/index.php\/la-federacion-de-educadores-bonaerenses-acepto-la-propuesta-salarial-del-gobierno-provincial\/#primaryimage"},"thumbnailUrl":"https:\/\/infoecos.com.ar\/wp-content\/uploads\/2023\/05\/image-106.png","datePublished":"2023-05-16T04:39:48+00:00","dateModified":"2023-05-17T02:21:18+00:00","breadcrumb":{"@id":"https:\/\/infoecos.com.ar\/index.php\/la-federacion-de-educadores-bonaerenses-acepto-la-propuesta-salarial-del-gobierno-provincial\/#breadcrumb"},"inLanguage":"es","potentialAction":[{"@type":"ReadAction","target":["https:\/\/infoecos.com.ar\/index.php\/la-federacion-de-educadores-bonaerenses-acepto-la-propuesta-salarial-del-gobierno-provincial\/"]}]},{"@type":"ImageObject","inLanguage":"es","@id":"https:\/\/infoecos.com.ar\/index.php\/la-federacion-de-educadores-bonaerenses-acepto-la-propuesta-salarial-del-gobierno-provincial\/#primaryimage","url":"https:\/\/infoecos.com.ar\/wp-content\/uploads\/2023\/05\/image-106.png","contentUrl":"https:\/\/infoecos.com.ar\/wp-content\/uploads\/2023\/05\/image-106.png","width":768,"height":433},{"@type":"BreadcrumbList","@id":"https:\/\/infoecos.com.ar\/index.php\/la-federacion-de-educadores-bonaerenses-acepto-la-propuesta-salarial-del-gobierno-provincial\/#breadcrumb","itemListElement":[{"@type":"ListItem","position":1,"name":"Portada","item":"https:\/\/infoecos.com.ar\/"},{"@type":"ListItem","position":2,"name":"La Federaci\u00f3n de Educadores Bonaerenses acept\u00f3 la propuesta salarial del gobierno provincial"}]},{"@type":"WebSite","@id":"https:\/\/infoecos.com.ar\/#website","url":"https:\/\/infoecos.com.ar\/","name":"Infoecos","description":"Noticias de trenque lauquen y la zona","publisher":{"@id":"https:\/\/infoecos.com.ar\/#organization"},"alternateName":"Noticias","potentialAction":[{"@type":"SearchAction","target":{"@type":"EntryPoint","urlTemplate":"https:\/\/infoecos.com.ar\/?s={search_term_string}"},"query-input":{"@type":"PropertyValueSpecification","valueRequired":true,"valueName":"search_term_string"}}],"inLanguage":"es"},{"@type":"Organization","@id":"https:\/\/infoecos.com.ar\/#organization","name":"Infoecos","alternateName":"Noticias","url":"https:\/\/infoecos.com.ar\/","logo":{"@type":"ImageObject","inLanguage":"es","@id":"https:\/\/infoecos.com.ar\/#\/schema\/logo\/image\/","url":"https:\/\/infoecos.com.ar\/wp-content\/uploads\/2024\/03\/cropped-logo.png","contentUrl":"https:\/\/infoecos.com.ar\/wp-content\/uploads\/2024\/03\/cropped-logo.png","width":374,"height":90,"caption":"Infoecos"},"image":{"@id":"https:\/\/infoecos.com.ar\/#\/schema\/logo\/image\/"},"sameAs":["https:\/\/www.facebook.com\/profile.php?id=100063200290284","https:\/\/x.com\/infoecos"]},{"@type":"Person","@id":"https:\/\/infoecos.com.ar\/#\/schema\/person\/8f5ace5ce73b4b4aac4b7245aee6f191","name":"Jorge Matheus","url":"https:\/\/infoecos.com.ar\/index.php\/author\/jomatheus\/"}]}},"featured_image_urls":{"full":["https:\/\/infoecos.com.ar\/wp-content\/uploads\/2023\/05\/image-106.png",768,433,false],"thumbnail":["https:\/\/infoecos.com.ar\/wp-content\/uploads\/2023\/05\/image-106-300x150.png",300,150,true],"medium":["https:\/\/infoecos.com.ar\/wp-content\/uploads\/2023\/05\/image-106.png",768,433,false],"medium_large":["https:\/\/infoecos.com.ar\/wp-content\/uploads\/2023\/05\/image-106.png",640,361,false],"large":["https:\/\/infoecos.com.ar\/wp-content\/uploads\/2023\/05\/image-106.png",640,361,false],"1536x1536":["https:\/\/infoecos.com.ar\/wp-content\/uploads\/2023\/05\/image-106.png",768,433,false],"2048x2048":["https:\/\/infoecos.com.ar\/wp-content\/uploads\/2023\/05\/image-106.png",768,433,false],"covernews-slider-full":["https:\/\/infoecos.com.ar\/wp-content\/uploads\/2023\/05\/image-106.png",768,433,false],"covernews-slider-center":["https:\/\/infoecos.com.ar\/wp-content\/uploads\/2023\/05\/image-106.png",768,433,false],"covernews-featured":["https:\/\/infoecos.com.ar\/wp-content\/uploads\/2023\/05\/image-106.png",768,433,false],"covernews-medium":["https:\/\/infoecos.com.ar\/wp-content\/uploads\/2023\/05\/image-106-720x380.png",540,285,true],"covernews-medium-square":["https:\/\/infoecos.com.ar\/wp-content\/uploads\/2023\/05\/image-106-675x433.png",390,250,true]},"author_info":{"info":["Jorge Matheus"]},"category_info":"<a href=\"https:\/\/infoecos.com.ar\/index.php\/category\/inferior1\/\" rel=\"category tag\">Bloque inferior - 1<\/a>","tag_info":"Bloque inferior - 1","comment_count":"0","_links":{"self":[{"href":"https:\/\/infoecos.com.ar\/index.php\/wp-json\/wp\/v2\/posts\/105076"}],"collection":[{"href":"https:\/\/infoecos.com.ar\/index.php\/wp-json\/wp\/v2\/posts"}],"about":[{"href":"https:\/\/infoecos.com.ar\/index.php\/wp-json\/wp\/v2\/types\/post"}],"author":[{"embeddable":true,"href":"https:\/\/infoecos.com.ar\/index.php\/wp-json\/wp\/v2\/users\/2"}],"replies":[{"embeddable":true,"href":"https:\/\/infoecos.com.ar\/index.php\/wp-json\/wp\/v2\/comments?post=105076"}],"version-history":[{"count":2,"href":"https:\/\/infoecos.com.ar\/index.php\/wp-json\/wp\/v2\/posts\/105076\/revisions"}],"predecessor-version":[{"id":105094,"href":"https:\/\/infoecos.com.ar\/index.php\/wp-json\/wp\/v2\/posts\/105076\/revisions\/105094"}],"wp:featuredmedia":[{"embeddable":true,"href":"https:\/\/infoecos.com.ar\/index.php\/wp-json\/wp\/v2\/media\/105077"}],"wp:attachment":[{"href":"https:\/\/infoecos.com.ar\/index.php\/wp-json\/wp\/v2\/media?parent=105076"}],"wp:term":[{"taxonomy":"category","embeddable":true,"href":"https:\/\/infoecos.com.ar\/index.php\/wp-json\/wp\/v2\/categories?post=105076"},{"taxonomy":"post_tag","embeddable":true,"href":"https:\/\/infoecos.com.ar\/index.php\/wp-json\/wp\/v2\/tags?post=105076"}],"curies":[{"name":"wp","href":"https:\/\/api.w.org\/{rel}","templated":true}]}}