{"id":105110,"date":"2023-05-16T13:04:27","date_gmt":"2023-05-16T16:04:27","guid":{"rendered":"https:\/\/infoecos.com.ar\/?p=105110"},"modified":"2023-05-16T13:04:27","modified_gmt":"2023-05-16T16:04:27","slug":"gonzalez-moreno-quiere-un-gasoducto-de-30-kilometros-desde-america","status":"publish","type":"post","link":"https:\/\/infoecos.com.ar\/index.php\/gonzalez-moreno-quiere-un-gasoducto-de-30-kilometros-desde-america\/","title":{"rendered":"Gonz\u00e1lez Moreno quiere un gasoducto de 30 kil\u00f3metros, desde Am\u00e9rica"},"content":{"rendered":"\n<p>\u201cNos sumamos al acto inaugural del gasoducto, algo muy importante para Rivadavia, para Am\u00e9rica. Nosotros consideramos que habr\u00e1 un cambio sustancial para Am\u00e9rica en el sentido de la proyecci\u00f3n, la posibilidad de instalaci\u00f3n de industria o que peque\u00f1as pymes de Am\u00e9rica peguen un salto cualitativo. El gas es muy importante para algunos emprendimientos\u201d dijo Iv\u00e1n Hervada, presidente de la C\u00e1mara de Comercio de Gonz\u00e1lez Moreno.<\/p>\n\n\n\n<figure class=\"wp-block-image aligncenter size-full is-resized\"><img loading=\"lazy\" decoding=\"async\" src=\"https:\/\/infoecos.com.ar\/wp-content\/uploads\/2023\/05\/gonzalezmorenocamaracomercio.jpg\" alt=\"\" class=\"wp-image-105111\" width=\"407\" height=\"368\" srcset=\"https:\/\/infoecos.com.ar\/wp-content\/uploads\/2023\/05\/gonzalezmorenocamaracomercio.jpg 895w, https:\/\/infoecos.com.ar\/wp-content\/uploads\/2023\/05\/gonzalezmorenocamaracomercio-800x724.jpg 800w, https:\/\/infoecos.com.ar\/wp-content\/uploads\/2023\/05\/gonzalezmorenocamaracomercio-768x695.jpg 768w\" sizes=\"(max-width: 407px) 100vw, 407px\" \/><\/figure>\n\n\n\n<p>\u201cNo queremos quedar afuera, ya contamos con red de gas en la mayor parte del pueblo, s\u00f3lo restan dos barrios, La Mariposa Norte y La Hormiga, que eran descampados cuando se hizo la obra de la C\u00e1mara. Aprovechamos la visita del Gobernador para llevar una nota solicitando la ampliaci\u00f3n del gasoducto hacia Gonz\u00e1lez Moreno, son 30 kil\u00f3metros lineales\u201d manifest\u00f3 y agreg\u00f3 el entrevistado \u201cesta obra no es casualidad, es decisi\u00f3n pol\u00edtica, es visi\u00f3n de futuro lo que pas\u00f3 en Am\u00e9rica\u201d.<\/p>\n\n\n\n<p>Hervada cont\u00f3 que le entregaron al Gobernador Axel Kicillof, al Intendente Javier Reynoso y al Senador Juanci Mart\u00ednez una nota con la firma de las instituciones de la localidad que respaldan la idea.<\/p>\n\n\n\n<p>El presidente de la C\u00e1mara de Comercio de Gonz\u00e1lez Moreno expres\u00f3 que \u201cdesde 1997, cuando se hizo la obra de gas, tenemos un sistema virtual de gas, fue el primero de Sudam\u00e9rica, con camiones que vienen a traer el gas. En 2002, 2003 lo tuvo Am\u00e9rica, se fueron sumando ciudades y el sistema se ator\u00f3\u201d.<\/p>\n\n\n\n<p>Respecto aquella decisi\u00f3n de la C\u00e1mara de Comercio de invertir varios miles de d\u00f3lares en la obra de gas en Gonz\u00e1lez Moreno, Hervada dijo \u201cfue una decisi\u00f3n arriesgada e innovadora, se depositaron miles de d\u00f3lares en al tierra para prestar el servicio. Ahora pedimos que el gasoducto y la ampliaci\u00f3n de la red la haga Camuzzi, Provincia o Naci\u00f3n, nosotros ya no podemos\u201d-<\/p>\n","protected":false},"excerpt":{"rendered":"<p>Hervada cont\u00f3 que le entregaron al Gobernador Axel Kicillof, al Intendente Javier Reynoso y al Senador Juanci Mart\u00ednez una nota con la firma de las instituciones de la localidad que respaldan la idea<\/p>\n","protected":false},"author":2,"featured_media":105111,"comment_status":"closed","ping_status":"open","sticky":false,"template":"","format":"standard","meta":{"footnotes":""},"categories":[51],"tags":[6770],"class_list":["post-105110","post","type-post","status-publish","format-standard","has-post-thumbnail","hentry","category-c2nota4","tag-rivadaviaonline-com-ar"],"yoast_head":"<!-- This site is optimized with the Yoast SEO plugin v23.4 - https:\/\/yoast.com\/wordpress\/plugins\/seo\/ -->\n<title>Gonz\u00e1lez Moreno quiere un gasoducto de 30 kil\u00f3metros, desde Am\u00e9rica - Infoecos<\/title>\n<meta name=\"robots\" content=\"index, follow, max-snippet:-1, max-image-preview:large, max-video-preview:-1\" \/>\n<link rel=\"canonical\" href=\"https:\/\/infoecos.com.ar\/index.php\/gonzalez-moreno-quiere-un-gasoducto-de-30-kilometros-desde-america\/\" \/>\n<meta property=\"og:locale\" content=\"es_ES\" \/>\n<meta property=\"og:type\" content=\"article\" \/>\n<meta property=\"og:title\" content=\"Gonz\u00e1lez Moreno quiere un gasoducto de 30 kil\u00f3metros, desde Am\u00e9rica - Infoecos\" \/>\n<meta property=\"og:description\" content=\"Hervada cont\u00f3 que le entregaron al Gobernador Axel Kicillof, al Intendente Javier Reynoso y al Senador Juanci Mart\u00ednez una nota con la firma de las instituciones de la localidad que respaldan la idea\" \/>\n<meta property=\"og:url\" content=\"https:\/\/infoecos.com.ar\/index.php\/gonzalez-moreno-quiere-un-gasoducto-de-30-kilometros-desde-america\/\" \/>\n<meta property=\"og:site_name\" content=\"Infoecos\" \/>\n<meta property=\"article:publisher\" content=\"https:\/\/www.facebook.com\/profile.php?id=100063200290284\" \/>\n<meta property=\"article:published_time\" content=\"2023-05-16T16:04:27+00:00\" \/>\n<meta property=\"og:image\" content=\"https:\/\/infoecos.com.ar\/wp-content\/uploads\/2023\/05\/gonzalezmorenocamaracomercio.jpg\" \/>\n\t<meta property=\"og:image:width\" content=\"895\" \/>\n\t<meta property=\"og:image:height\" content=\"810\" \/>\n\t<meta property=\"og:image:type\" content=\"image\/jpeg\" \/>\n<meta name=\"author\" content=\"Jorge Matheus\" \/>\n<meta name=\"twitter:card\" content=\"summary_large_image\" \/>\n<meta name=\"twitter:creator\" content=\"@infoecos\" \/>\n<meta name=\"twitter:site\" content=\"@infoecos\" \/>\n<meta name=\"twitter:label1\" content=\"Escrito por\" \/>\n\t<meta name=\"twitter:data1\" content=\"Jorge Matheus\" \/>\n\t<meta name=\"twitter:label2\" content=\"Tiempo de lectura\" \/>\n\t<meta name=\"twitter:data2\" content=\"2 minutos\" \/>\n<script type=\"application\/ld+json\" class=\"yoast-schema-graph\">{\"@context\":\"https:\/\/schema.org\",\"@graph\":[{\"@type\":\"Article\",\"@id\":\"https:\/\/infoecos.com.ar\/index.php\/gonzalez-moreno-quiere-un-gasoducto-de-30-kilometros-desde-america\/#article\",\"isPartOf\":{\"@id\":\"https:\/\/infoecos.com.ar\/index.php\/gonzalez-moreno-quiere-un-gasoducto-de-30-kilometros-desde-america\/\"},\"author\":{\"name\":\"Jorge Matheus\",\"@id\":\"https:\/\/infoecos.com.ar\/#\/schema\/person\/8f5ace5ce73b4b4aac4b7245aee6f191\"},\"headline\":\"Gonz\u00e1lez Moreno quiere un gasoducto de 30 kil\u00f3metros, desde Am\u00e9rica\",\"datePublished\":\"2023-05-16T16:04:27+00:00\",\"dateModified\":\"2023-05-16T16:04:27+00:00\",\"mainEntityOfPage\":{\"@id\":\"https:\/\/infoecos.com.ar\/index.php\/gonzalez-moreno-quiere-un-gasoducto-de-30-kilometros-desde-america\/\"},\"wordCount\":335,\"publisher\":{\"@id\":\"https:\/\/infoecos.com.ar\/#organization\"},\"image\":{\"@id\":\"https:\/\/infoecos.com.ar\/index.php\/gonzalez-moreno-quiere-un-gasoducto-de-30-kilometros-desde-america\/#primaryimage\"},\"thumbnailUrl\":\"https:\/\/infoecos.com.ar\/wp-content\/uploads\/2023\/05\/gonzalezmorenocamaracomercio.jpg\",\"keywords\":[\"RIVADAVIAONLINE.COM.AR\"],\"articleSection\":[\"C2 N4\"],\"inLanguage\":\"es\"},{\"@type\":\"WebPage\",\"@id\":\"https:\/\/infoecos.com.ar\/index.php\/gonzalez-moreno-quiere-un-gasoducto-de-30-kilometros-desde-america\/\",\"url\":\"https:\/\/infoecos.com.ar\/index.php\/gonzalez-moreno-quiere-un-gasoducto-de-30-kilometros-desde-america\/\",\"name\":\"Gonz\u00e1lez Moreno quiere un gasoducto de 30 kil\u00f3metros, desde Am\u00e9rica - Infoecos\",\"isPartOf\":{\"@id\":\"https:\/\/infoecos.com.ar\/#website\"},\"primaryImageOfPage\":{\"@id\":\"https:\/\/infoecos.com.ar\/index.php\/gonzalez-moreno-quiere-un-gasoducto-de-30-kilometros-desde-america\/#primaryimage\"},\"image\":{\"@id\":\"https:\/\/infoecos.com.ar\/index.php\/gonzalez-moreno-quiere-un-gasoducto-de-30-kilometros-desde-america\/#primaryimage\"},\"thumbnailUrl\":\"https:\/\/infoecos.com.ar\/wp-content\/uploads\/2023\/05\/gonzalezmorenocamaracomercio.jpg\",\"datePublished\":\"2023-05-16T16:04:27+00:00\",\"dateModified\":\"2023-05-16T16:04:27+00:00\",\"breadcrumb\":{\"@id\":\"https:\/\/infoecos.com.ar\/index.php\/gonzalez-moreno-quiere-un-gasoducto-de-30-kilometros-desde-america\/#breadcrumb\"},\"inLanguage\":\"es\",\"potentialAction\":[{\"@type\":\"ReadAction\",\"target\":[\"https:\/\/infoecos.com.ar\/index.php\/gonzalez-moreno-quiere-un-gasoducto-de-30-kilometros-desde-america\/\"]}]},{\"@type\":\"ImageObject\",\"inLanguage\":\"es\",\"@id\":\"https:\/\/infoecos.com.ar\/index.php\/gonzalez-moreno-quiere-un-gasoducto-de-30-kilometros-desde-america\/#primaryimage\",\"url\":\"https:\/\/infoecos.com.ar\/wp-content\/uploads\/2023\/05\/gonzalezmorenocamaracomercio.jpg\",\"contentUrl\":\"https:\/\/infoecos.com.ar\/wp-content\/uploads\/2023\/05\/gonzalezmorenocamaracomercio.jpg\",\"width\":895,\"height\":810},{\"@type\":\"BreadcrumbList\",\"@id\":\"https:\/\/infoecos.com.ar\/index.php\/gonzalez-moreno-quiere-un-gasoducto-de-30-kilometros-desde-america\/#breadcrumb\",\"itemListElement\":[{\"@type\":\"ListItem\",\"position\":1,\"name\":\"Portada\",\"item\":\"https:\/\/infoecos.com.ar\/\"},{\"@type\":\"ListItem\",\"position\":2,\"name\":\"Gonz\u00e1lez Moreno quiere un gasoducto de 30 kil\u00f3metros, desde Am\u00e9rica\"}]},{\"@type\":\"WebSite\",\"@id\":\"https:\/\/infoecos.com.ar\/#website\",\"url\":\"https:\/\/infoecos.com.ar\/\",\"name\":\"Infoecos\",\"description\":\"Noticias de trenque lauquen y la zona\",\"publisher\":{\"@id\":\"https:\/\/infoecos.com.ar\/#organization\"},\"alternateName\":\"Noticias\",\"potentialAction\":[{\"@type\":\"SearchAction\",\"target\":{\"@type\":\"EntryPoint\",\"urlTemplate\":\"https:\/\/infoecos.com.ar\/?s={search_term_string}\"},\"query-input\":{\"@type\":\"PropertyValueSpecification\",\"valueRequired\":true,\"valueName\":\"search_term_string\"}}],\"inLanguage\":\"es\"},{\"@type\":\"Organization\",\"@id\":\"https:\/\/infoecos.com.ar\/#organization\",\"name\":\"Infoecos\",\"alternateName\":\"Noticias\",\"url\":\"https:\/\/infoecos.com.ar\/\",\"logo\":{\"@type\":\"ImageObject\",\"inLanguage\":\"es\",\"@id\":\"https:\/\/infoecos.com.ar\/#\/schema\/logo\/image\/\",\"url\":\"https:\/\/infoecos.com.ar\/wp-content\/uploads\/2024\/03\/cropped-logo.png\",\"contentUrl\":\"https:\/\/infoecos.com.ar\/wp-content\/uploads\/2024\/03\/cropped-logo.png\",\"width\":374,\"height\":90,\"caption\":\"Infoecos\"},\"image\":{\"@id\":\"https:\/\/infoecos.com.ar\/#\/schema\/logo\/image\/\"},\"sameAs\":[\"https:\/\/www.facebook.com\/profile.php?id=100063200290284\",\"https:\/\/x.com\/infoecos\"]},{\"@type\":\"Person\",\"@id\":\"https:\/\/infoecos.com.ar\/#\/schema\/person\/8f5ace5ce73b4b4aac4b7245aee6f191\",\"name\":\"Jorge Matheus\",\"url\":\"https:\/\/infoecos.com.ar\/index.php\/author\/jomatheus\/\"}]}<\/script>\n<!-- \/ Yoast SEO plugin. -->","yoast_head_json":{"title":"Gonz\u00e1lez Moreno quiere un gasoducto de 30 kil\u00f3metros, desde Am\u00e9rica - Infoecos","robots":{"index":"index","follow":"follow","max-snippet":"max-snippet:-1","max-image-preview":"max-image-preview:large","max-video-preview":"max-video-preview:-1"},"canonical":"https:\/\/infoecos.com.ar\/index.php\/gonzalez-moreno-quiere-un-gasoducto-de-30-kilometros-desde-america\/","og_locale":"es_ES","og_type":"article","og_title":"Gonz\u00e1lez Moreno quiere un gasoducto de 30 kil\u00f3metros, desde Am\u00e9rica - Infoecos","og_description":"Hervada cont\u00f3 que le entregaron al Gobernador Axel Kicillof, al Intendente Javier Reynoso y al Senador Juanci Mart\u00ednez una nota con la firma de las instituciones de la localidad que respaldan la idea","og_url":"https:\/\/infoecos.com.ar\/index.php\/gonzalez-moreno-quiere-un-gasoducto-de-30-kilometros-desde-america\/","og_site_name":"Infoecos","article_publisher":"https:\/\/www.facebook.com\/profile.php?id=100063200290284","article_published_time":"2023-05-16T16:04:27+00:00","og_image":[{"width":895,"height":810,"url":"https:\/\/infoecos.com.ar\/wp-content\/uploads\/2023\/05\/gonzalezmorenocamaracomercio.jpg","type":"image\/jpeg"}],"author":"Jorge Matheus","twitter_card":"summary_large_image","twitter_creator":"@infoecos","twitter_site":"@infoecos","twitter_misc":{"Escrito por":"Jorge Matheus","Tiempo de lectura":"2 minutos"},"schema":{"@context":"https:\/\/schema.org","@graph":[{"@type":"Article","@id":"https:\/\/infoecos.com.ar\/index.php\/gonzalez-moreno-quiere-un-gasoducto-de-30-kilometros-desde-america\/#article","isPartOf":{"@id":"https:\/\/infoecos.com.ar\/index.php\/gonzalez-moreno-quiere-un-gasoducto-de-30-kilometros-desde-america\/"},"author":{"name":"Jorge Matheus","@id":"https:\/\/infoecos.com.ar\/#\/schema\/person\/8f5ace5ce73b4b4aac4b7245aee6f191"},"headline":"Gonz\u00e1lez Moreno quiere un gasoducto de 30 kil\u00f3metros, desde Am\u00e9rica","datePublished":"2023-05-16T16:04:27+00:00","dateModified":"2023-05-16T16:04:27+00:00","mainEntityOfPage":{"@id":"https:\/\/infoecos.com.ar\/index.php\/gonzalez-moreno-quiere-un-gasoducto-de-30-kilometros-desde-america\/"},"wordCount":335,"publisher":{"@id":"https:\/\/infoecos.com.ar\/#organization"},"image":{"@id":"https:\/\/infoecos.com.ar\/index.php\/gonzalez-moreno-quiere-un-gasoducto-de-30-kilometros-desde-america\/#primaryimage"},"thumbnailUrl":"https:\/\/infoecos.com.ar\/wp-content\/uploads\/2023\/05\/gonzalezmorenocamaracomercio.jpg","keywords":["RIVADAVIAONLINE.COM.AR"],"articleSection":["C2 N4"],"inLanguage":"es"},{"@type":"WebPage","@id":"https:\/\/infoecos.com.ar\/index.php\/gonzalez-moreno-quiere-un-gasoducto-de-30-kilometros-desde-america\/","url":"https:\/\/infoecos.com.ar\/index.php\/gonzalez-moreno-quiere-un-gasoducto-de-30-kilometros-desde-america\/","name":"Gonz\u00e1lez Moreno quiere un gasoducto de 30 kil\u00f3metros, desde Am\u00e9rica - Infoecos","isPartOf":{"@id":"https:\/\/infoecos.com.ar\/#website"},"primaryImageOfPage":{"@id":"https:\/\/infoecos.com.ar\/index.php\/gonzalez-moreno-quiere-un-gasoducto-de-30-kilometros-desde-america\/#primaryimage"},"image":{"@id":"https:\/\/infoecos.com.ar\/index.php\/gonzalez-moreno-quiere-un-gasoducto-de-30-kilometros-desde-america\/#primaryimage"},"thumbnailUrl":"https:\/\/infoecos.com.ar\/wp-content\/uploads\/2023\/05\/gonzalezmorenocamaracomercio.jpg","datePublished":"2023-05-16T16:04:27+00:00","dateModified":"2023-05-16T16:04:27+00:00","breadcrumb":{"@id":"https:\/\/infoecos.com.ar\/index.php\/gonzalez-moreno-quiere-un-gasoducto-de-30-kilometros-desde-america\/#breadcrumb"},"inLanguage":"es","potentialAction":[{"@type":"ReadAction","target":["https:\/\/infoecos.com.ar\/index.php\/gonzalez-moreno-quiere-un-gasoducto-de-30-kilometros-desde-america\/"]}]},{"@type":"ImageObject","inLanguage":"es","@id":"https:\/\/infoecos.com.ar\/index.php\/gonzalez-moreno-quiere-un-gasoducto-de-30-kilometros-desde-america\/#primaryimage","url":"https:\/\/infoecos.com.ar\/wp-content\/uploads\/2023\/05\/gonzalezmorenocamaracomercio.jpg","contentUrl":"https:\/\/infoecos.com.ar\/wp-content\/uploads\/2023\/05\/gonzalezmorenocamaracomercio.jpg","width":895,"height":810},{"@type":"BreadcrumbList","@id":"https:\/\/infoecos.com.ar\/index.php\/gonzalez-moreno-quiere-un-gasoducto-de-30-kilometros-desde-america\/#breadcrumb","itemListElement":[{"@type":"ListItem","position":1,"name":"Portada","item":"https:\/\/infoecos.com.ar\/"},{"@type":"ListItem","position":2,"name":"Gonz\u00e1lez Moreno quiere un gasoducto de 30 kil\u00f3metros, desde Am\u00e9rica"}]},{"@type":"WebSite","@id":"https:\/\/infoecos.com.ar\/#website","url":"https:\/\/infoecos.com.ar\/","name":"Infoecos","description":"Noticias de trenque lauquen y la zona","publisher":{"@id":"https:\/\/infoecos.com.ar\/#organization"},"alternateName":"Noticias","potentialAction":[{"@type":"SearchAction","target":{"@type":"EntryPoint","urlTemplate":"https:\/\/infoecos.com.ar\/?s={search_term_string}"},"query-input":{"@type":"PropertyValueSpecification","valueRequired":true,"valueName":"search_term_string"}}],"inLanguage":"es"},{"@type":"Organization","@id":"https:\/\/infoecos.com.ar\/#organization","name":"Infoecos","alternateName":"Noticias","url":"https:\/\/infoecos.com.ar\/","logo":{"@type":"ImageObject","inLanguage":"es","@id":"https:\/\/infoecos.com.ar\/#\/schema\/logo\/image\/","url":"https:\/\/infoecos.com.ar\/wp-content\/uploads\/2024\/03\/cropped-logo.png","contentUrl":"https:\/\/infoecos.com.ar\/wp-content\/uploads\/2024\/03\/cropped-logo.png","width":374,"height":90,"caption":"Infoecos"},"image":{"@id":"https:\/\/infoecos.com.ar\/#\/schema\/logo\/image\/"},"sameAs":["https:\/\/www.facebook.com\/profile.php?id=100063200290284","https:\/\/x.com\/infoecos"]},{"@type":"Person","@id":"https:\/\/infoecos.com.ar\/#\/schema\/person\/8f5ace5ce73b4b4aac4b7245aee6f191","name":"Jorge Matheus","url":"https:\/\/infoecos.com.ar\/index.php\/author\/jomatheus\/"}]}},"featured_image_urls":{"full":["https:\/\/infoecos.com.ar\/wp-content\/uploads\/2023\/05\/gonzalezmorenocamaracomercio.jpg",895,810,false],"thumbnail":["https:\/\/infoecos.com.ar\/wp-content\/uploads\/2023\/05\/gonzalezmorenocamaracomercio-300x150.jpg",300,150,true],"medium":["https:\/\/infoecos.com.ar\/wp-content\/uploads\/2023\/05\/gonzalezmorenocamaracomercio-800x724.jpg",800,724,true],"medium_large":["https:\/\/infoecos.com.ar\/wp-content\/uploads\/2023\/05\/gonzalezmorenocamaracomercio-768x695.jpg",640,579,true],"large":["https:\/\/infoecos.com.ar\/wp-content\/uploads\/2023\/05\/gonzalezmorenocamaracomercio.jpg",640,579,false],"1536x1536":["https:\/\/infoecos.com.ar\/wp-content\/uploads\/2023\/05\/gonzalezmorenocamaracomercio.jpg",895,810,false],"2048x2048":["https:\/\/infoecos.com.ar\/wp-content\/uploads\/2023\/05\/gonzalezmorenocamaracomercio.jpg",895,810,false],"covernews-slider-full":["https:\/\/infoecos.com.ar\/wp-content\/uploads\/2023\/05\/gonzalezmorenocamaracomercio.jpg",790,715,false],"covernews-slider-center":["https:\/\/infoecos.com.ar\/wp-content\/uploads\/2023\/05\/gonzalezmorenocamaracomercio.jpg",552,500,false],"covernews-featured":["https:\/\/infoecos.com.ar\/wp-content\/uploads\/2023\/05\/gonzalezmorenocamaracomercio.jpg",895,810,false],"covernews-medium":["https:\/\/infoecos.com.ar\/wp-content\/uploads\/2023\/05\/gonzalezmorenocamaracomercio-720x380.jpg",540,285,true],"covernews-medium-square":["https:\/\/infoecos.com.ar\/wp-content\/uploads\/2023\/05\/gonzalezmorenocamaracomercio-675x450.jpg",375,250,true]},"author_info":{"info":["Jorge Matheus"]},"category_info":"<a href=\"https:\/\/infoecos.com.ar\/index.php\/category\/c2nota4\/\" rel=\"category tag\">C2 N4<\/a>","tag_info":"C2 N4","comment_count":"0","_links":{"self":[{"href":"https:\/\/infoecos.com.ar\/index.php\/wp-json\/wp\/v2\/posts\/105110"}],"collection":[{"href":"https:\/\/infoecos.com.ar\/index.php\/wp-json\/wp\/v2\/posts"}],"about":[{"href":"https:\/\/infoecos.com.ar\/index.php\/wp-json\/wp\/v2\/types\/post"}],"author":[{"embeddable":true,"href":"https:\/\/infoecos.com.ar\/index.php\/wp-json\/wp\/v2\/users\/2"}],"replies":[{"embeddable":true,"href":"https:\/\/infoecos.com.ar\/index.php\/wp-json\/wp\/v2\/comments?post=105110"}],"version-history":[{"count":1,"href":"https:\/\/infoecos.com.ar\/index.php\/wp-json\/wp\/v2\/posts\/105110\/revisions"}],"predecessor-version":[{"id":105112,"href":"https:\/\/infoecos.com.ar\/index.php\/wp-json\/wp\/v2\/posts\/105110\/revisions\/105112"}],"wp:featuredmedia":[{"embeddable":true,"href":"https:\/\/infoecos.com.ar\/index.php\/wp-json\/wp\/v2\/media\/105111"}],"wp:attachment":[{"href":"https:\/\/infoecos.com.ar\/index.php\/wp-json\/wp\/v2\/media?parent=105110"}],"wp:term":[{"taxonomy":"category","embeddable":true,"href":"https:\/\/infoecos.com.ar\/index.php\/wp-json\/wp\/v2\/categories?post=105110"},{"taxonomy":"post_tag","embeddable":true,"href":"https:\/\/infoecos.com.ar\/index.php\/wp-json\/wp\/v2\/tags?post=105110"}],"curies":[{"name":"wp","href":"https:\/\/api.w.org\/{rel}","templated":true}]}}