{"id":105113,"date":"2023-05-16T13:17:28","date_gmt":"2023-05-16T16:17:28","guid":{"rendered":"https:\/\/infoecos.com.ar\/?p=105113"},"modified":"2023-05-19T00:28:40","modified_gmt":"2023-05-19T03:28:40","slug":"alejandra-bada-vazquez-duena-de-lacteos-vidal-preferimos-morir-de-pie-a-vivir-de-rodilla","status":"publish","type":"post","link":"https:\/\/infoecos.com.ar\/index.php\/alejandra-bada-vazquez-duena-de-lacteos-vidal-preferimos-morir-de-pie-a-vivir-de-rodilla\/","title":{"rendered":"Alejandra Bada V\u00e1zquez, due\u00f1a de L\u00e1cteos Vidal: \u00abpreferimos morir de pie a vivir de rodilla\u00bb"},"content":{"rendered":"\n<p>Sigue la tensi\u00f3n en L\u00e1cteos Vidal. Esta vez, la C\u00e1mara de Apelaciones de Trabajo N\u00b09 obliga a la l\u00e1ctea a reincorporar a 29 empleados despedidos tras el bloqueo de la planta en 2022.<\/p>\n\n\n\n<figure class=\"wp-block-image aligncenter size-full is-resized\"><img loading=\"lazy\" decoding=\"async\" src=\"https:\/\/infoecos.com.ar\/wp-content\/uploads\/2023\/05\/image-109.png\" alt=\"\" class=\"wp-image-105114\" width=\"423\" height=\"238\" srcset=\"https:\/\/infoecos.com.ar\/wp-content\/uploads\/2023\/05\/image-109.png 777w, https:\/\/infoecos.com.ar\/wp-content\/uploads\/2023\/05\/image-109-768x432.png 768w\" sizes=\"(max-width: 423px) 100vw, 423px\" \/><figcaption class=\"wp-element-caption\">L\u00e1cteos Vidal <\/figcaption><\/figure>\n\n\n\n<p>\u201cEn virtud lo resuelto por la Sala IX de la Excma. C\u00e1mara de Apelaciones del Trabajo, int\u00edmese a la demandada, a fin de que proceda a la inmediata reinstalaci\u00f3n de los trabajadores afectados\u201d, afirma el fallo.<\/p>\n\n\n\n<p>Asimismo, el texto asegura que se le deber\u00e1 pagar $ 10.000 diarios por cada d\u00eda de mora por cada uno de los trabajadores por los que incumpla, \u201cque se devengar\u00e1 a partir de un eventual incumplimiento y hasta la efectiva reincorporaci\u00f3n\u201d.<\/p>\n\n\n\n<p>La demandada se trata de Alejandra Bada V\u00e1zquez, la due\u00f1a de L\u00e1cteos Vidal, que sufri\u00f3 el bloqueo por parte de delegados del gremio lechero Atilra en la planta de Moctezuma, Carlos Casares. Y adelant\u00f3 que va a apelar el fallo.<\/p>\n\n\n\n<figure class=\"wp-block-image aligncenter size-full is-resized\"><img loading=\"lazy\" decoding=\"async\" src=\"https:\/\/infoecos.com.ar\/wp-content\/uploads\/2023\/05\/image-110.png\" alt=\"\" class=\"wp-image-105115\" width=\"415\" height=\"242\"\/><figcaption class=\"wp-element-caption\">L\u00e1cteos Vidal <\/figcaption><\/figure>\n\n\n\n<p>\u201cSeguiremos luchando hasta el final. Preferimos morir de pie a vivir de rodilla\u201d, dijo Bada V\u00e1zquez. \u201cLos despedimos por p\u00e9rdida de confianza. Cometieron varios il\u00edcitos que est\u00e1n todos la causa de fondo que est\u00e1 siendo investigada y no hay ninguna resoluci\u00f3n todav\u00eda\u201d, agreg\u00f3.<\/p>\n\n\n\n<p>\u201cNos bloquearon la planta y hay dos causas judiciales en tr\u00e1mite, nos usurparon una propiedad, corrieron a tres muchachos por el campo, amenazaron a compa\u00f1eros\u201d, enumer\u00f3 Bada V\u00e1zquez.<\/p>\n\n\n\n<p>Seg\u00fan cont\u00f3 al due\u00f1a de la pyme, incorporaron a 23 nuevos trabajadores y est\u00e1n trabajando a plena producci\u00f3n, tanto para el mercado interno como la exportaci\u00f3n.<\/p>\n","protected":false},"excerpt":{"rendered":"<p>Intimaron a la empresa a la reinstalaci\u00f3n de los trabajadores afectados y, si no, 10 mil pesos por d\u00eda por empleado despedido<\/p>\n","protected":false},"author":2,"featured_media":105115,"comment_status":"closed","ping_status":"open","sticky":false,"template":"","format":"standard","meta":{"footnotes":""},"categories":[1614],"tags":[7973],"class_list":["post-105113","post","type-post","status-publish","format-standard","has-post-thumbnail","hentry","category-c2nota7","tag-casaresonline-com-ar"],"yoast_head":"<!-- This site is optimized with the Yoast SEO plugin v23.4 - https:\/\/yoast.com\/wordpress\/plugins\/seo\/ -->\n<title>Alejandra Bada V\u00e1zquez, due\u00f1a de L\u00e1cteos Vidal: &quot;preferimos morir de pie a vivir de rodilla&quot; - Infoecos<\/title>\n<meta name=\"robots\" content=\"index, follow, max-snippet:-1, max-image-preview:large, max-video-preview:-1\" \/>\n<link rel=\"canonical\" href=\"https:\/\/infoecos.com.ar\/index.php\/alejandra-bada-vazquez-duena-de-lacteos-vidal-preferimos-morir-de-pie-a-vivir-de-rodilla\/\" \/>\n<meta property=\"og:locale\" content=\"es_ES\" \/>\n<meta property=\"og:type\" content=\"article\" \/>\n<meta property=\"og:title\" content=\"Alejandra Bada V\u00e1zquez, due\u00f1a de L\u00e1cteos Vidal: &quot;preferimos morir de pie a vivir de rodilla&quot; - Infoecos\" \/>\n<meta property=\"og:description\" content=\"Intimaron a la empresa a la reinstalaci\u00f3n de los trabajadores afectados y, si no, 10 mil pesos por d\u00eda por empleado despedido\" \/>\n<meta property=\"og:url\" content=\"https:\/\/infoecos.com.ar\/index.php\/alejandra-bada-vazquez-duena-de-lacteos-vidal-preferimos-morir-de-pie-a-vivir-de-rodilla\/\" \/>\n<meta property=\"og:site_name\" content=\"Infoecos\" \/>\n<meta property=\"article:publisher\" content=\"https:\/\/www.facebook.com\/profile.php?id=100063200290284\" \/>\n<meta property=\"article:published_time\" content=\"2023-05-16T16:17:28+00:00\" \/>\n<meta property=\"article:modified_time\" content=\"2023-05-19T03:28:40+00:00\" \/>\n<meta property=\"og:image\" content=\"https:\/\/infoecos.com.ar\/wp-content\/uploads\/2023\/05\/image-110.png\" \/>\n\t<meta property=\"og:image:width\" content=\"768\" \/>\n\t<meta property=\"og:image:height\" content=\"447\" \/>\n\t<meta property=\"og:image:type\" content=\"image\/png\" \/>\n<meta name=\"author\" content=\"Jorge Matheus\" \/>\n<meta name=\"twitter:card\" content=\"summary_large_image\" \/>\n<meta name=\"twitter:creator\" content=\"@infoecos\" \/>\n<meta name=\"twitter:site\" content=\"@infoecos\" \/>\n<meta name=\"twitter:label1\" content=\"Escrito por\" \/>\n\t<meta name=\"twitter:data1\" content=\"Jorge Matheus\" \/>\n\t<meta name=\"twitter:label2\" content=\"Tiempo de lectura\" \/>\n\t<meta name=\"twitter:data2\" content=\"2 minutos\" \/>\n<script type=\"application\/ld+json\" class=\"yoast-schema-graph\">{\"@context\":\"https:\/\/schema.org\",\"@graph\":[{\"@type\":\"Article\",\"@id\":\"https:\/\/infoecos.com.ar\/index.php\/alejandra-bada-vazquez-duena-de-lacteos-vidal-preferimos-morir-de-pie-a-vivir-de-rodilla\/#article\",\"isPartOf\":{\"@id\":\"https:\/\/infoecos.com.ar\/index.php\/alejandra-bada-vazquez-duena-de-lacteos-vidal-preferimos-morir-de-pie-a-vivir-de-rodilla\/\"},\"author\":{\"name\":\"Jorge Matheus\",\"@id\":\"https:\/\/infoecos.com.ar\/#\/schema\/person\/8f5ace5ce73b4b4aac4b7245aee6f191\"},\"headline\":\"Alejandra Bada V\u00e1zquez, due\u00f1a de L\u00e1cteos Vidal: \u00abpreferimos morir de pie a vivir de rodilla\u00bb\",\"datePublished\":\"2023-05-16T16:17:28+00:00\",\"dateModified\":\"2023-05-19T03:28:40+00:00\",\"mainEntityOfPage\":{\"@id\":\"https:\/\/infoecos.com.ar\/index.php\/alejandra-bada-vazquez-duena-de-lacteos-vidal-preferimos-morir-de-pie-a-vivir-de-rodilla\/\"},\"wordCount\":292,\"publisher\":{\"@id\":\"https:\/\/infoecos.com.ar\/#organization\"},\"image\":{\"@id\":\"https:\/\/infoecos.com.ar\/index.php\/alejandra-bada-vazquez-duena-de-lacteos-vidal-preferimos-morir-de-pie-a-vivir-de-rodilla\/#primaryimage\"},\"thumbnailUrl\":\"https:\/\/infoecos.com.ar\/wp-content\/uploads\/2023\/05\/image-110.png\",\"keywords\":[\"casaresonline.com.ar\"],\"articleSection\":[\"C2 N7\"],\"inLanguage\":\"es\"},{\"@type\":\"WebPage\",\"@id\":\"https:\/\/infoecos.com.ar\/index.php\/alejandra-bada-vazquez-duena-de-lacteos-vidal-preferimos-morir-de-pie-a-vivir-de-rodilla\/\",\"url\":\"https:\/\/infoecos.com.ar\/index.php\/alejandra-bada-vazquez-duena-de-lacteos-vidal-preferimos-morir-de-pie-a-vivir-de-rodilla\/\",\"name\":\"Alejandra Bada V\u00e1zquez, due\u00f1a de L\u00e1cteos Vidal: \\\"preferimos morir de pie a vivir de rodilla\\\" - Infoecos\",\"isPartOf\":{\"@id\":\"https:\/\/infoecos.com.ar\/#website\"},\"primaryImageOfPage\":{\"@id\":\"https:\/\/infoecos.com.ar\/index.php\/alejandra-bada-vazquez-duena-de-lacteos-vidal-preferimos-morir-de-pie-a-vivir-de-rodilla\/#primaryimage\"},\"image\":{\"@id\":\"https:\/\/infoecos.com.ar\/index.php\/alejandra-bada-vazquez-duena-de-lacteos-vidal-preferimos-morir-de-pie-a-vivir-de-rodilla\/#primaryimage\"},\"thumbnailUrl\":\"https:\/\/infoecos.com.ar\/wp-content\/uploads\/2023\/05\/image-110.png\",\"datePublished\":\"2023-05-16T16:17:28+00:00\",\"dateModified\":\"2023-05-19T03:28:40+00:00\",\"breadcrumb\":{\"@id\":\"https:\/\/infoecos.com.ar\/index.php\/alejandra-bada-vazquez-duena-de-lacteos-vidal-preferimos-morir-de-pie-a-vivir-de-rodilla\/#breadcrumb\"},\"inLanguage\":\"es\",\"potentialAction\":[{\"@type\":\"ReadAction\",\"target\":[\"https:\/\/infoecos.com.ar\/index.php\/alejandra-bada-vazquez-duena-de-lacteos-vidal-preferimos-morir-de-pie-a-vivir-de-rodilla\/\"]}]},{\"@type\":\"ImageObject\",\"inLanguage\":\"es\",\"@id\":\"https:\/\/infoecos.com.ar\/index.php\/alejandra-bada-vazquez-duena-de-lacteos-vidal-preferimos-morir-de-pie-a-vivir-de-rodilla\/#primaryimage\",\"url\":\"https:\/\/infoecos.com.ar\/wp-content\/uploads\/2023\/05\/image-110.png\",\"contentUrl\":\"https:\/\/infoecos.com.ar\/wp-content\/uploads\/2023\/05\/image-110.png\",\"width\":768,\"height\":447},{\"@type\":\"BreadcrumbList\",\"@id\":\"https:\/\/infoecos.com.ar\/index.php\/alejandra-bada-vazquez-duena-de-lacteos-vidal-preferimos-morir-de-pie-a-vivir-de-rodilla\/#breadcrumb\",\"itemListElement\":[{\"@type\":\"ListItem\",\"position\":1,\"name\":\"Portada\",\"item\":\"https:\/\/infoecos.com.ar\/\"},{\"@type\":\"ListItem\",\"position\":2,\"name\":\"Alejandra Bada V\u00e1zquez, due\u00f1a de L\u00e1cteos Vidal: \u00abpreferimos morir de pie a vivir de rodilla\u00bb\"}]},{\"@type\":\"WebSite\",\"@id\":\"https:\/\/infoecos.com.ar\/#website\",\"url\":\"https:\/\/infoecos.com.ar\/\",\"name\":\"Infoecos\",\"description\":\"Noticias de trenque lauquen y la zona\",\"publisher\":{\"@id\":\"https:\/\/infoecos.com.ar\/#organization\"},\"alternateName\":\"Noticias\",\"potentialAction\":[{\"@type\":\"SearchAction\",\"target\":{\"@type\":\"EntryPoint\",\"urlTemplate\":\"https:\/\/infoecos.com.ar\/?s={search_term_string}\"},\"query-input\":{\"@type\":\"PropertyValueSpecification\",\"valueRequired\":true,\"valueName\":\"search_term_string\"}}],\"inLanguage\":\"es\"},{\"@type\":\"Organization\",\"@id\":\"https:\/\/infoecos.com.ar\/#organization\",\"name\":\"Infoecos\",\"alternateName\":\"Noticias\",\"url\":\"https:\/\/infoecos.com.ar\/\",\"logo\":{\"@type\":\"ImageObject\",\"inLanguage\":\"es\",\"@id\":\"https:\/\/infoecos.com.ar\/#\/schema\/logo\/image\/\",\"url\":\"https:\/\/infoecos.com.ar\/wp-content\/uploads\/2024\/03\/cropped-logo.png\",\"contentUrl\":\"https:\/\/infoecos.com.ar\/wp-content\/uploads\/2024\/03\/cropped-logo.png\",\"width\":374,\"height\":90,\"caption\":\"Infoecos\"},\"image\":{\"@id\":\"https:\/\/infoecos.com.ar\/#\/schema\/logo\/image\/\"},\"sameAs\":[\"https:\/\/www.facebook.com\/profile.php?id=100063200290284\",\"https:\/\/x.com\/infoecos\"]},{\"@type\":\"Person\",\"@id\":\"https:\/\/infoecos.com.ar\/#\/schema\/person\/8f5ace5ce73b4b4aac4b7245aee6f191\",\"name\":\"Jorge Matheus\",\"url\":\"https:\/\/infoecos.com.ar\/index.php\/author\/jomatheus\/\"}]}<\/script>\n<!-- \/ Yoast SEO plugin. -->","yoast_head_json":{"title":"Alejandra Bada V\u00e1zquez, due\u00f1a de L\u00e1cteos Vidal: \"preferimos morir de pie a vivir de rodilla\" - Infoecos","robots":{"index":"index","follow":"follow","max-snippet":"max-snippet:-1","max-image-preview":"max-image-preview:large","max-video-preview":"max-video-preview:-1"},"canonical":"https:\/\/infoecos.com.ar\/index.php\/alejandra-bada-vazquez-duena-de-lacteos-vidal-preferimos-morir-de-pie-a-vivir-de-rodilla\/","og_locale":"es_ES","og_type":"article","og_title":"Alejandra Bada V\u00e1zquez, due\u00f1a de L\u00e1cteos Vidal: \"preferimos morir de pie a vivir de rodilla\" - Infoecos","og_description":"Intimaron a la empresa a la reinstalaci\u00f3n de los trabajadores afectados y, si no, 10 mil pesos por d\u00eda por empleado despedido","og_url":"https:\/\/infoecos.com.ar\/index.php\/alejandra-bada-vazquez-duena-de-lacteos-vidal-preferimos-morir-de-pie-a-vivir-de-rodilla\/","og_site_name":"Infoecos","article_publisher":"https:\/\/www.facebook.com\/profile.php?id=100063200290284","article_published_time":"2023-05-16T16:17:28+00:00","article_modified_time":"2023-05-19T03:28:40+00:00","og_image":[{"width":768,"height":447,"url":"https:\/\/infoecos.com.ar\/wp-content\/uploads\/2023\/05\/image-110.png","type":"image\/png"}],"author":"Jorge Matheus","twitter_card":"summary_large_image","twitter_creator":"@infoecos","twitter_site":"@infoecos","twitter_misc":{"Escrito por":"Jorge Matheus","Tiempo de lectura":"2 minutos"},"schema":{"@context":"https:\/\/schema.org","@graph":[{"@type":"Article","@id":"https:\/\/infoecos.com.ar\/index.php\/alejandra-bada-vazquez-duena-de-lacteos-vidal-preferimos-morir-de-pie-a-vivir-de-rodilla\/#article","isPartOf":{"@id":"https:\/\/infoecos.com.ar\/index.php\/alejandra-bada-vazquez-duena-de-lacteos-vidal-preferimos-morir-de-pie-a-vivir-de-rodilla\/"},"author":{"name":"Jorge Matheus","@id":"https:\/\/infoecos.com.ar\/#\/schema\/person\/8f5ace5ce73b4b4aac4b7245aee6f191"},"headline":"Alejandra Bada V\u00e1zquez, due\u00f1a de L\u00e1cteos Vidal: \u00abpreferimos morir de pie a vivir de rodilla\u00bb","datePublished":"2023-05-16T16:17:28+00:00","dateModified":"2023-05-19T03:28:40+00:00","mainEntityOfPage":{"@id":"https:\/\/infoecos.com.ar\/index.php\/alejandra-bada-vazquez-duena-de-lacteos-vidal-preferimos-morir-de-pie-a-vivir-de-rodilla\/"},"wordCount":292,"publisher":{"@id":"https:\/\/infoecos.com.ar\/#organization"},"image":{"@id":"https:\/\/infoecos.com.ar\/index.php\/alejandra-bada-vazquez-duena-de-lacteos-vidal-preferimos-morir-de-pie-a-vivir-de-rodilla\/#primaryimage"},"thumbnailUrl":"https:\/\/infoecos.com.ar\/wp-content\/uploads\/2023\/05\/image-110.png","keywords":["casaresonline.com.ar"],"articleSection":["C2 N7"],"inLanguage":"es"},{"@type":"WebPage","@id":"https:\/\/infoecos.com.ar\/index.php\/alejandra-bada-vazquez-duena-de-lacteos-vidal-preferimos-morir-de-pie-a-vivir-de-rodilla\/","url":"https:\/\/infoecos.com.ar\/index.php\/alejandra-bada-vazquez-duena-de-lacteos-vidal-preferimos-morir-de-pie-a-vivir-de-rodilla\/","name":"Alejandra Bada V\u00e1zquez, due\u00f1a de L\u00e1cteos Vidal: \"preferimos morir de pie a vivir de rodilla\" - Infoecos","isPartOf":{"@id":"https:\/\/infoecos.com.ar\/#website"},"primaryImageOfPage":{"@id":"https:\/\/infoecos.com.ar\/index.php\/alejandra-bada-vazquez-duena-de-lacteos-vidal-preferimos-morir-de-pie-a-vivir-de-rodilla\/#primaryimage"},"image":{"@id":"https:\/\/infoecos.com.ar\/index.php\/alejandra-bada-vazquez-duena-de-lacteos-vidal-preferimos-morir-de-pie-a-vivir-de-rodilla\/#primaryimage"},"thumbnailUrl":"https:\/\/infoecos.com.ar\/wp-content\/uploads\/2023\/05\/image-110.png","datePublished":"2023-05-16T16:17:28+00:00","dateModified":"2023-05-19T03:28:40+00:00","breadcrumb":{"@id":"https:\/\/infoecos.com.ar\/index.php\/alejandra-bada-vazquez-duena-de-lacteos-vidal-preferimos-morir-de-pie-a-vivir-de-rodilla\/#breadcrumb"},"inLanguage":"es","potentialAction":[{"@type":"ReadAction","target":["https:\/\/infoecos.com.ar\/index.php\/alejandra-bada-vazquez-duena-de-lacteos-vidal-preferimos-morir-de-pie-a-vivir-de-rodilla\/"]}]},{"@type":"ImageObject","inLanguage":"es","@id":"https:\/\/infoecos.com.ar\/index.php\/alejandra-bada-vazquez-duena-de-lacteos-vidal-preferimos-morir-de-pie-a-vivir-de-rodilla\/#primaryimage","url":"https:\/\/infoecos.com.ar\/wp-content\/uploads\/2023\/05\/image-110.png","contentUrl":"https:\/\/infoecos.com.ar\/wp-content\/uploads\/2023\/05\/image-110.png","width":768,"height":447},{"@type":"BreadcrumbList","@id":"https:\/\/infoecos.com.ar\/index.php\/alejandra-bada-vazquez-duena-de-lacteos-vidal-preferimos-morir-de-pie-a-vivir-de-rodilla\/#breadcrumb","itemListElement":[{"@type":"ListItem","position":1,"name":"Portada","item":"https:\/\/infoecos.com.ar\/"},{"@type":"ListItem","position":2,"name":"Alejandra Bada V\u00e1zquez, due\u00f1a de L\u00e1cteos Vidal: \u00abpreferimos morir de pie a vivir de rodilla\u00bb"}]},{"@type":"WebSite","@id":"https:\/\/infoecos.com.ar\/#website","url":"https:\/\/infoecos.com.ar\/","name":"Infoecos","description":"Noticias de trenque lauquen y la zona","publisher":{"@id":"https:\/\/infoecos.com.ar\/#organization"},"alternateName":"Noticias","potentialAction":[{"@type":"SearchAction","target":{"@type":"EntryPoint","urlTemplate":"https:\/\/infoecos.com.ar\/?s={search_term_string}"},"query-input":{"@type":"PropertyValueSpecification","valueRequired":true,"valueName":"search_term_string"}}],"inLanguage":"es"},{"@type":"Organization","@id":"https:\/\/infoecos.com.ar\/#organization","name":"Infoecos","alternateName":"Noticias","url":"https:\/\/infoecos.com.ar\/","logo":{"@type":"ImageObject","inLanguage":"es","@id":"https:\/\/infoecos.com.ar\/#\/schema\/logo\/image\/","url":"https:\/\/infoecos.com.ar\/wp-content\/uploads\/2024\/03\/cropped-logo.png","contentUrl":"https:\/\/infoecos.com.ar\/wp-content\/uploads\/2024\/03\/cropped-logo.png","width":374,"height":90,"caption":"Infoecos"},"image":{"@id":"https:\/\/infoecos.com.ar\/#\/schema\/logo\/image\/"},"sameAs":["https:\/\/www.facebook.com\/profile.php?id=100063200290284","https:\/\/x.com\/infoecos"]},{"@type":"Person","@id":"https:\/\/infoecos.com.ar\/#\/schema\/person\/8f5ace5ce73b4b4aac4b7245aee6f191","name":"Jorge Matheus","url":"https:\/\/infoecos.com.ar\/index.php\/author\/jomatheus\/"}]}},"featured_image_urls":{"full":["https:\/\/infoecos.com.ar\/wp-content\/uploads\/2023\/05\/image-110.png",768,447,false],"thumbnail":["https:\/\/infoecos.com.ar\/wp-content\/uploads\/2023\/05\/image-110-300x150.png",300,150,true],"medium":["https:\/\/infoecos.com.ar\/wp-content\/uploads\/2023\/05\/image-110.png",768,447,false],"medium_large":["https:\/\/infoecos.com.ar\/wp-content\/uploads\/2023\/05\/image-110.png",640,373,false],"large":["https:\/\/infoecos.com.ar\/wp-content\/uploads\/2023\/05\/image-110.png",640,373,false],"1536x1536":["https:\/\/infoecos.com.ar\/wp-content\/uploads\/2023\/05\/image-110.png",768,447,false],"2048x2048":["https:\/\/infoecos.com.ar\/wp-content\/uploads\/2023\/05\/image-110.png",768,447,false],"covernews-slider-full":["https:\/\/infoecos.com.ar\/wp-content\/uploads\/2023\/05\/image-110.png",768,447,false],"covernews-slider-center":["https:\/\/infoecos.com.ar\/wp-content\/uploads\/2023\/05\/image-110.png",768,447,false],"covernews-featured":["https:\/\/infoecos.com.ar\/wp-content\/uploads\/2023\/05\/image-110.png",768,447,false],"covernews-medium":["https:\/\/infoecos.com.ar\/wp-content\/uploads\/2023\/05\/image-110-720x380.png",540,285,true],"covernews-medium-square":["https:\/\/infoecos.com.ar\/wp-content\/uploads\/2023\/05\/image-110-675x447.png",378,250,true]},"author_info":{"info":["Jorge Matheus"]},"category_info":"<a href=\"https:\/\/infoecos.com.ar\/index.php\/category\/c2nota7\/\" rel=\"category tag\">C2 N7<\/a>","tag_info":"C2 N7","comment_count":"0","_links":{"self":[{"href":"https:\/\/infoecos.com.ar\/index.php\/wp-json\/wp\/v2\/posts\/105113"}],"collection":[{"href":"https:\/\/infoecos.com.ar\/index.php\/wp-json\/wp\/v2\/posts"}],"about":[{"href":"https:\/\/infoecos.com.ar\/index.php\/wp-json\/wp\/v2\/types\/post"}],"author":[{"embeddable":true,"href":"https:\/\/infoecos.com.ar\/index.php\/wp-json\/wp\/v2\/users\/2"}],"replies":[{"embeddable":true,"href":"https:\/\/infoecos.com.ar\/index.php\/wp-json\/wp\/v2\/comments?post=105113"}],"version-history":[{"count":1,"href":"https:\/\/infoecos.com.ar\/index.php\/wp-json\/wp\/v2\/posts\/105113\/revisions"}],"predecessor-version":[{"id":105116,"href":"https:\/\/infoecos.com.ar\/index.php\/wp-json\/wp\/v2\/posts\/105113\/revisions\/105116"}],"wp:featuredmedia":[{"embeddable":true,"href":"https:\/\/infoecos.com.ar\/index.php\/wp-json\/wp\/v2\/media\/105115"}],"wp:attachment":[{"href":"https:\/\/infoecos.com.ar\/index.php\/wp-json\/wp\/v2\/media?parent=105113"}],"wp:term":[{"taxonomy":"category","embeddable":true,"href":"https:\/\/infoecos.com.ar\/index.php\/wp-json\/wp\/v2\/categories?post=105113"},{"taxonomy":"post_tag","embeddable":true,"href":"https:\/\/infoecos.com.ar\/index.php\/wp-json\/wp\/v2\/tags?post=105113"}],"curies":[{"name":"wp","href":"https:\/\/api.w.org\/{rel}","templated":true}]}}