{"id":105128,"date":"2023-05-16T21:57:38","date_gmt":"2023-05-17T00:57:38","guid":{"rendered":"https:\/\/infoecos.com.ar\/?p=105128"},"modified":"2023-05-18T01:28:20","modified_gmt":"2023-05-18T04:28:20","slug":"gano-el-inter-con-gol-de-lautaro-martinez-y-es-finalista-de-la-champions-league","status":"publish","type":"post","link":"https:\/\/infoecos.com.ar\/index.php\/gano-el-inter-con-gol-de-lautaro-martinez-y-es-finalista-de-la-champions-league\/","title":{"rendered":"Gan\u00f3 el Inter con gol de Laut\u00e1ro Mart\u00ednez y es finalista de la Champions League"},"content":{"rendered":"\n<p>Qued\u00f3 definido el primer finalista de la Champions League. Se trata del Inter que se impuso por 1 a 0 al Milan. Hab\u00eda ganado en el partido de ida, 3 a 0.<\/p>\n\n\n\n<figure class=\"wp-block-image aligncenter size-full is-resized\"><img loading=\"lazy\" decoding=\"async\" src=\"https:\/\/infoecos.com.ar\/wp-content\/uploads\/2023\/05\/image-111.png\" alt=\"\" class=\"wp-image-105129\" width=\"473\" height=\"267\" srcset=\"https:\/\/infoecos.com.ar\/wp-content\/uploads\/2023\/05\/image-111.png 1121w, https:\/\/infoecos.com.ar\/wp-content\/uploads\/2023\/05\/image-111-800x452.png 800w, https:\/\/infoecos.com.ar\/wp-content\/uploads\/2023\/05\/image-111-768x434.png 768w, https:\/\/infoecos.com.ar\/wp-content\/uploads\/2023\/05\/image-111-1024x578.png 1024w\" sizes=\"(max-width: 473px) 100vw, 473px\" \/><figcaption class=\"wp-element-caption\">Laut\u00e1ro Mart\u00ednez <\/figcaption><\/figure>\n\n\n\n<p>El bahiense Laut\u00e1ro Mart\u00ednez fue considerado el gran h\u00e9roe del partido, al convertir el gol de la victoria. <\/p>\n\n\n\n<p>El rival del Inter sale del <strong>Manchester City y Real Madrid<\/strong>, que juegan este mi\u00e9rcoles a las 16 horas, con el equipo de Guardiola como local. <\/p>\n\n\n\n<figure class=\"wp-block-embed is-type-video is-provider-youtube wp-block-embed-youtube wp-embed-aspect-16-9 wp-has-aspect-ratio\"><div class=\"wp-block-embed__wrapper\">\n<iframe loading=\"lazy\" title=\"\u00a1DE LA MANO DEL TORO, EL NEROAZZURRO ES EL PRIMER FINALISTA! | Inter 1-0 Milan | RESUMEN\" width=\"640\" height=\"360\" src=\"https:\/\/www.youtube.com\/embed\/5RVNkOAAqp4?feature=oembed\" frameborder=\"0\" allow=\"accelerometer; autoplay; clipboard-write; encrypted-media; gyroscope; picture-in-picture; web-share\" referrerpolicy=\"strict-origin-when-cross-origin\" allowfullscreen><\/iframe>\n<\/div><\/figure>\n","protected":false},"excerpt":{"rendered":"<p>El rival del Inter sale del Manchester City y Real Madrid, que juegan este mi\u00e9rcoles a las 16 horas, con el equipo de Guardiola como local<\/p>\n","protected":false},"author":2,"featured_media":105129,"comment_status":"closed","ping_status":"open","sticky":false,"template":"","format":"standard","meta":{"footnotes":""},"categories":[1332],"tags":[7978],"class_list":["post-105128","post","type-post","status-publish","format-standard","has-post-thumbnail","hentry","category-inferior12","tag-el-bahiense-heroe"],"yoast_head":"<!-- This site is optimized with the Yoast SEO plugin v23.4 - https:\/\/yoast.com\/wordpress\/plugins\/seo\/ -->\n<title>Gan\u00f3 el Inter con gol de Laut\u00e1ro Mart\u00ednez y es finalista de la Champions League - Infoecos<\/title>\n<meta name=\"robots\" content=\"index, follow, max-snippet:-1, max-image-preview:large, max-video-preview:-1\" \/>\n<link rel=\"canonical\" href=\"https:\/\/infoecos.com.ar\/index.php\/gano-el-inter-con-gol-de-lautaro-martinez-y-es-finalista-de-la-champions-league\/\" \/>\n<meta property=\"og:locale\" content=\"es_ES\" \/>\n<meta property=\"og:type\" content=\"article\" \/>\n<meta property=\"og:title\" content=\"Gan\u00f3 el Inter con gol de Laut\u00e1ro Mart\u00ednez y es finalista de la Champions League - Infoecos\" \/>\n<meta property=\"og:description\" content=\"El rival del Inter sale del Manchester City y Real Madrid, que juegan este mi\u00e9rcoles a las 16 horas, con el equipo de Guardiola como local\" \/>\n<meta property=\"og:url\" content=\"https:\/\/infoecos.com.ar\/index.php\/gano-el-inter-con-gol-de-lautaro-martinez-y-es-finalista-de-la-champions-league\/\" \/>\n<meta property=\"og:site_name\" content=\"Infoecos\" \/>\n<meta property=\"article:publisher\" content=\"https:\/\/www.facebook.com\/profile.php?id=100063200290284\" \/>\n<meta property=\"article:published_time\" content=\"2023-05-17T00:57:38+00:00\" \/>\n<meta property=\"article:modified_time\" content=\"2023-05-18T04:28:20+00:00\" \/>\n<meta property=\"og:image\" content=\"https:\/\/infoecos.com.ar\/wp-content\/uploads\/2023\/05\/image-111.png\" \/>\n\t<meta property=\"og:image:width\" content=\"1121\" \/>\n\t<meta property=\"og:image:height\" content=\"633\" \/>\n\t<meta property=\"og:image:type\" content=\"image\/png\" \/>\n<meta name=\"author\" content=\"Jorge Matheus\" \/>\n<meta name=\"twitter:card\" content=\"summary_large_image\" \/>\n<meta name=\"twitter:creator\" content=\"@infoecos\" \/>\n<meta name=\"twitter:site\" content=\"@infoecos\" \/>\n<meta name=\"twitter:label1\" content=\"Escrito por\" \/>\n\t<meta name=\"twitter:data1\" content=\"Jorge Matheus\" \/>\n\t<meta name=\"twitter:label2\" content=\"Tiempo de lectura\" \/>\n\t<meta name=\"twitter:data2\" content=\"1 minuto\" \/>\n<script type=\"application\/ld+json\" class=\"yoast-schema-graph\">{\"@context\":\"https:\/\/schema.org\",\"@graph\":[{\"@type\":\"Article\",\"@id\":\"https:\/\/infoecos.com.ar\/index.php\/gano-el-inter-con-gol-de-lautaro-martinez-y-es-finalista-de-la-champions-league\/#article\",\"isPartOf\":{\"@id\":\"https:\/\/infoecos.com.ar\/index.php\/gano-el-inter-con-gol-de-lautaro-martinez-y-es-finalista-de-la-champions-league\/\"},\"author\":{\"name\":\"Jorge Matheus\",\"@id\":\"https:\/\/infoecos.com.ar\/#\/schema\/person\/8f5ace5ce73b4b4aac4b7245aee6f191\"},\"headline\":\"Gan\u00f3 el Inter con gol de Laut\u00e1ro Mart\u00ednez y es finalista de la Champions League\",\"datePublished\":\"2023-05-17T00:57:38+00:00\",\"dateModified\":\"2023-05-18T04:28:20+00:00\",\"mainEntityOfPage\":{\"@id\":\"https:\/\/infoecos.com.ar\/index.php\/gano-el-inter-con-gol-de-lautaro-martinez-y-es-finalista-de-la-champions-league\/\"},\"wordCount\":108,\"publisher\":{\"@id\":\"https:\/\/infoecos.com.ar\/#organization\"},\"image\":{\"@id\":\"https:\/\/infoecos.com.ar\/index.php\/gano-el-inter-con-gol-de-lautaro-martinez-y-es-finalista-de-la-champions-league\/#primaryimage\"},\"thumbnailUrl\":\"https:\/\/infoecos.com.ar\/wp-content\/uploads\/2023\/05\/image-111.png\",\"keywords\":[\"EL BAHIENSE H\u00c9ROE\"],\"articleSection\":[\"Bloque inferior - 12\"],\"inLanguage\":\"es\"},{\"@type\":\"WebPage\",\"@id\":\"https:\/\/infoecos.com.ar\/index.php\/gano-el-inter-con-gol-de-lautaro-martinez-y-es-finalista-de-la-champions-league\/\",\"url\":\"https:\/\/infoecos.com.ar\/index.php\/gano-el-inter-con-gol-de-lautaro-martinez-y-es-finalista-de-la-champions-league\/\",\"name\":\"Gan\u00f3 el Inter con gol de Laut\u00e1ro Mart\u00ednez y es finalista de la Champions League - Infoecos\",\"isPartOf\":{\"@id\":\"https:\/\/infoecos.com.ar\/#website\"},\"primaryImageOfPage\":{\"@id\":\"https:\/\/infoecos.com.ar\/index.php\/gano-el-inter-con-gol-de-lautaro-martinez-y-es-finalista-de-la-champions-league\/#primaryimage\"},\"image\":{\"@id\":\"https:\/\/infoecos.com.ar\/index.php\/gano-el-inter-con-gol-de-lautaro-martinez-y-es-finalista-de-la-champions-league\/#primaryimage\"},\"thumbnailUrl\":\"https:\/\/infoecos.com.ar\/wp-content\/uploads\/2023\/05\/image-111.png\",\"datePublished\":\"2023-05-17T00:57:38+00:00\",\"dateModified\":\"2023-05-18T04:28:20+00:00\",\"breadcrumb\":{\"@id\":\"https:\/\/infoecos.com.ar\/index.php\/gano-el-inter-con-gol-de-lautaro-martinez-y-es-finalista-de-la-champions-league\/#breadcrumb\"},\"inLanguage\":\"es\",\"potentialAction\":[{\"@type\":\"ReadAction\",\"target\":[\"https:\/\/infoecos.com.ar\/index.php\/gano-el-inter-con-gol-de-lautaro-martinez-y-es-finalista-de-la-champions-league\/\"]}]},{\"@type\":\"ImageObject\",\"inLanguage\":\"es\",\"@id\":\"https:\/\/infoecos.com.ar\/index.php\/gano-el-inter-con-gol-de-lautaro-martinez-y-es-finalista-de-la-champions-league\/#primaryimage\",\"url\":\"https:\/\/infoecos.com.ar\/wp-content\/uploads\/2023\/05\/image-111.png\",\"contentUrl\":\"https:\/\/infoecos.com.ar\/wp-content\/uploads\/2023\/05\/image-111.png\",\"width\":1121,\"height\":633},{\"@type\":\"BreadcrumbList\",\"@id\":\"https:\/\/infoecos.com.ar\/index.php\/gano-el-inter-con-gol-de-lautaro-martinez-y-es-finalista-de-la-champions-league\/#breadcrumb\",\"itemListElement\":[{\"@type\":\"ListItem\",\"position\":1,\"name\":\"Portada\",\"item\":\"https:\/\/infoecos.com.ar\/\"},{\"@type\":\"ListItem\",\"position\":2,\"name\":\"Gan\u00f3 el Inter con gol de Laut\u00e1ro Mart\u00ednez y es finalista de la Champions League\"}]},{\"@type\":\"WebSite\",\"@id\":\"https:\/\/infoecos.com.ar\/#website\",\"url\":\"https:\/\/infoecos.com.ar\/\",\"name\":\"Infoecos\",\"description\":\"Noticias de trenque lauquen y la zona\",\"publisher\":{\"@id\":\"https:\/\/infoecos.com.ar\/#organization\"},\"alternateName\":\"Noticias\",\"potentialAction\":[{\"@type\":\"SearchAction\",\"target\":{\"@type\":\"EntryPoint\",\"urlTemplate\":\"https:\/\/infoecos.com.ar\/?s={search_term_string}\"},\"query-input\":{\"@type\":\"PropertyValueSpecification\",\"valueRequired\":true,\"valueName\":\"search_term_string\"}}],\"inLanguage\":\"es\"},{\"@type\":\"Organization\",\"@id\":\"https:\/\/infoecos.com.ar\/#organization\",\"name\":\"Infoecos\",\"alternateName\":\"Noticias\",\"url\":\"https:\/\/infoecos.com.ar\/\",\"logo\":{\"@type\":\"ImageObject\",\"inLanguage\":\"es\",\"@id\":\"https:\/\/infoecos.com.ar\/#\/schema\/logo\/image\/\",\"url\":\"https:\/\/infoecos.com.ar\/wp-content\/uploads\/2024\/03\/cropped-logo.png\",\"contentUrl\":\"https:\/\/infoecos.com.ar\/wp-content\/uploads\/2024\/03\/cropped-logo.png\",\"width\":374,\"height\":90,\"caption\":\"Infoecos\"},\"image\":{\"@id\":\"https:\/\/infoecos.com.ar\/#\/schema\/logo\/image\/\"},\"sameAs\":[\"https:\/\/www.facebook.com\/profile.php?id=100063200290284\",\"https:\/\/x.com\/infoecos\"]},{\"@type\":\"Person\",\"@id\":\"https:\/\/infoecos.com.ar\/#\/schema\/person\/8f5ace5ce73b4b4aac4b7245aee6f191\",\"name\":\"Jorge Matheus\",\"url\":\"https:\/\/infoecos.com.ar\/index.php\/author\/jomatheus\/\"}]}<\/script>\n<!-- \/ Yoast SEO plugin. -->","yoast_head_json":{"title":"Gan\u00f3 el Inter con gol de Laut\u00e1ro Mart\u00ednez y es finalista de la Champions League - Infoecos","robots":{"index":"index","follow":"follow","max-snippet":"max-snippet:-1","max-image-preview":"max-image-preview:large","max-video-preview":"max-video-preview:-1"},"canonical":"https:\/\/infoecos.com.ar\/index.php\/gano-el-inter-con-gol-de-lautaro-martinez-y-es-finalista-de-la-champions-league\/","og_locale":"es_ES","og_type":"article","og_title":"Gan\u00f3 el Inter con gol de Laut\u00e1ro Mart\u00ednez y es finalista de la Champions League - Infoecos","og_description":"El rival del Inter sale del Manchester City y Real Madrid, que juegan este mi\u00e9rcoles a las 16 horas, con el equipo de Guardiola como local","og_url":"https:\/\/infoecos.com.ar\/index.php\/gano-el-inter-con-gol-de-lautaro-martinez-y-es-finalista-de-la-champions-league\/","og_site_name":"Infoecos","article_publisher":"https:\/\/www.facebook.com\/profile.php?id=100063200290284","article_published_time":"2023-05-17T00:57:38+00:00","article_modified_time":"2023-05-18T04:28:20+00:00","og_image":[{"width":1121,"height":633,"url":"https:\/\/infoecos.com.ar\/wp-content\/uploads\/2023\/05\/image-111.png","type":"image\/png"}],"author":"Jorge Matheus","twitter_card":"summary_large_image","twitter_creator":"@infoecos","twitter_site":"@infoecos","twitter_misc":{"Escrito por":"Jorge Matheus","Tiempo de lectura":"1 minuto"},"schema":{"@context":"https:\/\/schema.org","@graph":[{"@type":"Article","@id":"https:\/\/infoecos.com.ar\/index.php\/gano-el-inter-con-gol-de-lautaro-martinez-y-es-finalista-de-la-champions-league\/#article","isPartOf":{"@id":"https:\/\/infoecos.com.ar\/index.php\/gano-el-inter-con-gol-de-lautaro-martinez-y-es-finalista-de-la-champions-league\/"},"author":{"name":"Jorge Matheus","@id":"https:\/\/infoecos.com.ar\/#\/schema\/person\/8f5ace5ce73b4b4aac4b7245aee6f191"},"headline":"Gan\u00f3 el Inter con gol de Laut\u00e1ro Mart\u00ednez y es finalista de la Champions League","datePublished":"2023-05-17T00:57:38+00:00","dateModified":"2023-05-18T04:28:20+00:00","mainEntityOfPage":{"@id":"https:\/\/infoecos.com.ar\/index.php\/gano-el-inter-con-gol-de-lautaro-martinez-y-es-finalista-de-la-champions-league\/"},"wordCount":108,"publisher":{"@id":"https:\/\/infoecos.com.ar\/#organization"},"image":{"@id":"https:\/\/infoecos.com.ar\/index.php\/gano-el-inter-con-gol-de-lautaro-martinez-y-es-finalista-de-la-champions-league\/#primaryimage"},"thumbnailUrl":"https:\/\/infoecos.com.ar\/wp-content\/uploads\/2023\/05\/image-111.png","keywords":["EL BAHIENSE H\u00c9ROE"],"articleSection":["Bloque inferior - 12"],"inLanguage":"es"},{"@type":"WebPage","@id":"https:\/\/infoecos.com.ar\/index.php\/gano-el-inter-con-gol-de-lautaro-martinez-y-es-finalista-de-la-champions-league\/","url":"https:\/\/infoecos.com.ar\/index.php\/gano-el-inter-con-gol-de-lautaro-martinez-y-es-finalista-de-la-champions-league\/","name":"Gan\u00f3 el Inter con gol de Laut\u00e1ro Mart\u00ednez y es finalista de la Champions League - Infoecos","isPartOf":{"@id":"https:\/\/infoecos.com.ar\/#website"},"primaryImageOfPage":{"@id":"https:\/\/infoecos.com.ar\/index.php\/gano-el-inter-con-gol-de-lautaro-martinez-y-es-finalista-de-la-champions-league\/#primaryimage"},"image":{"@id":"https:\/\/infoecos.com.ar\/index.php\/gano-el-inter-con-gol-de-lautaro-martinez-y-es-finalista-de-la-champions-league\/#primaryimage"},"thumbnailUrl":"https:\/\/infoecos.com.ar\/wp-content\/uploads\/2023\/05\/image-111.png","datePublished":"2023-05-17T00:57:38+00:00","dateModified":"2023-05-18T04:28:20+00:00","breadcrumb":{"@id":"https:\/\/infoecos.com.ar\/index.php\/gano-el-inter-con-gol-de-lautaro-martinez-y-es-finalista-de-la-champions-league\/#breadcrumb"},"inLanguage":"es","potentialAction":[{"@type":"ReadAction","target":["https:\/\/infoecos.com.ar\/index.php\/gano-el-inter-con-gol-de-lautaro-martinez-y-es-finalista-de-la-champions-league\/"]}]},{"@type":"ImageObject","inLanguage":"es","@id":"https:\/\/infoecos.com.ar\/index.php\/gano-el-inter-con-gol-de-lautaro-martinez-y-es-finalista-de-la-champions-league\/#primaryimage","url":"https:\/\/infoecos.com.ar\/wp-content\/uploads\/2023\/05\/image-111.png","contentUrl":"https:\/\/infoecos.com.ar\/wp-content\/uploads\/2023\/05\/image-111.png","width":1121,"height":633},{"@type":"BreadcrumbList","@id":"https:\/\/infoecos.com.ar\/index.php\/gano-el-inter-con-gol-de-lautaro-martinez-y-es-finalista-de-la-champions-league\/#breadcrumb","itemListElement":[{"@type":"ListItem","position":1,"name":"Portada","item":"https:\/\/infoecos.com.ar\/"},{"@type":"ListItem","position":2,"name":"Gan\u00f3 el Inter con gol de Laut\u00e1ro Mart\u00ednez y es finalista de la Champions League"}]},{"@type":"WebSite","@id":"https:\/\/infoecos.com.ar\/#website","url":"https:\/\/infoecos.com.ar\/","name":"Infoecos","description":"Noticias de trenque lauquen y la zona","publisher":{"@id":"https:\/\/infoecos.com.ar\/#organization"},"alternateName":"Noticias","potentialAction":[{"@type":"SearchAction","target":{"@type":"EntryPoint","urlTemplate":"https:\/\/infoecos.com.ar\/?s={search_term_string}"},"query-input":{"@type":"PropertyValueSpecification","valueRequired":true,"valueName":"search_term_string"}}],"inLanguage":"es"},{"@type":"Organization","@id":"https:\/\/infoecos.com.ar\/#organization","name":"Infoecos","alternateName":"Noticias","url":"https:\/\/infoecos.com.ar\/","logo":{"@type":"ImageObject","inLanguage":"es","@id":"https:\/\/infoecos.com.ar\/#\/schema\/logo\/image\/","url":"https:\/\/infoecos.com.ar\/wp-content\/uploads\/2024\/03\/cropped-logo.png","contentUrl":"https:\/\/infoecos.com.ar\/wp-content\/uploads\/2024\/03\/cropped-logo.png","width":374,"height":90,"caption":"Infoecos"},"image":{"@id":"https:\/\/infoecos.com.ar\/#\/schema\/logo\/image\/"},"sameAs":["https:\/\/www.facebook.com\/profile.php?id=100063200290284","https:\/\/x.com\/infoecos"]},{"@type":"Person","@id":"https:\/\/infoecos.com.ar\/#\/schema\/person\/8f5ace5ce73b4b4aac4b7245aee6f191","name":"Jorge Matheus","url":"https:\/\/infoecos.com.ar\/index.php\/author\/jomatheus\/"}]}},"featured_image_urls":{"full":["https:\/\/infoecos.com.ar\/wp-content\/uploads\/2023\/05\/image-111.png",1121,633,false],"thumbnail":["https:\/\/infoecos.com.ar\/wp-content\/uploads\/2023\/05\/image-111-300x150.png",300,150,true],"medium":["https:\/\/infoecos.com.ar\/wp-content\/uploads\/2023\/05\/image-111-800x452.png",800,452,true],"medium_large":["https:\/\/infoecos.com.ar\/wp-content\/uploads\/2023\/05\/image-111-768x434.png",640,362,true],"large":["https:\/\/infoecos.com.ar\/wp-content\/uploads\/2023\/05\/image-111.png",640,361,false],"1536x1536":["https:\/\/infoecos.com.ar\/wp-content\/uploads\/2023\/05\/image-111.png",1121,633,false],"2048x2048":["https:\/\/infoecos.com.ar\/wp-content\/uploads\/2023\/05\/image-111.png",1121,633,false],"covernews-slider-full":["https:\/\/infoecos.com.ar\/wp-content\/uploads\/2023\/05\/image-111.png",1115,630,false],"covernews-slider-center":["https:\/\/infoecos.com.ar\/wp-content\/uploads\/2023\/05\/image-111-936x633.png",739,500,true],"covernews-featured":["https:\/\/infoecos.com.ar\/wp-content\/uploads\/2023\/05\/image-111-1024x578.png",1024,578,true],"covernews-medium":["https:\/\/infoecos.com.ar\/wp-content\/uploads\/2023\/05\/image-111-720x380.png",540,285,true],"covernews-medium-square":["https:\/\/infoecos.com.ar\/wp-content\/uploads\/2023\/05\/image-111-675x450.png",375,250,true]},"author_info":{"info":["Jorge Matheus"]},"category_info":"<a href=\"https:\/\/infoecos.com.ar\/index.php\/category\/inferior12\/\" rel=\"category tag\">Bloque inferior - 12<\/a>","tag_info":"Bloque inferior - 12","comment_count":"0","_links":{"self":[{"href":"https:\/\/infoecos.com.ar\/index.php\/wp-json\/wp\/v2\/posts\/105128"}],"collection":[{"href":"https:\/\/infoecos.com.ar\/index.php\/wp-json\/wp\/v2\/posts"}],"about":[{"href":"https:\/\/infoecos.com.ar\/index.php\/wp-json\/wp\/v2\/types\/post"}],"author":[{"embeddable":true,"href":"https:\/\/infoecos.com.ar\/index.php\/wp-json\/wp\/v2\/users\/2"}],"replies":[{"embeddable":true,"href":"https:\/\/infoecos.com.ar\/index.php\/wp-json\/wp\/v2\/comments?post=105128"}],"version-history":[{"count":1,"href":"https:\/\/infoecos.com.ar\/index.php\/wp-json\/wp\/v2\/posts\/105128\/revisions"}],"predecessor-version":[{"id":105130,"href":"https:\/\/infoecos.com.ar\/index.php\/wp-json\/wp\/v2\/posts\/105128\/revisions\/105130"}],"wp:featuredmedia":[{"embeddable":true,"href":"https:\/\/infoecos.com.ar\/index.php\/wp-json\/wp\/v2\/media\/105129"}],"wp:attachment":[{"href":"https:\/\/infoecos.com.ar\/index.php\/wp-json\/wp\/v2\/media?parent=105128"}],"wp:term":[{"taxonomy":"category","embeddable":true,"href":"https:\/\/infoecos.com.ar\/index.php\/wp-json\/wp\/v2\/categories?post=105128"},{"taxonomy":"post_tag","embeddable":true,"href":"https:\/\/infoecos.com.ar\/index.php\/wp-json\/wp\/v2\/tags?post=105128"}],"curies":[{"name":"wp","href":"https:\/\/api.w.org\/{rel}","templated":true}]}}