{"id":105134,"date":"2023-05-16T22:26:07","date_gmt":"2023-05-17T01:26:07","guid":{"rendered":"https:\/\/infoecos.com.ar\/?p=105134"},"modified":"2023-05-19T00:23:18","modified_gmt":"2023-05-19T03:23:18","slug":"invitaron-a-infoecos-y-medios-de-la-region-a-recorrer-el-complejo-cultural-cine-zurro","status":"publish","type":"post","link":"https:\/\/infoecos.com.ar\/index.php\/invitaron-a-infoecos-y-medios-de-la-region-a-recorrer-el-complejo-cultural-cine-zurro\/","title":{"rendered":"Invitaron a Infoecos y medios de la regi\u00f3n a recorrer el \u00abComplejo Cultural Cine Zurro\u00bb"},"content":{"rendered":"\n<p>El Complejo Cultural Cine Zurro de Pehuaj\u00f3 abri\u00f3 sus puertas y sus responsables han invitado a la redacci\u00f3n de Infoecos a conocerlo.<\/p>\n\n\n\n<figure class=\"wp-block-image aligncenter size-full is-resized\"><img loading=\"lazy\" decoding=\"async\" src=\"https:\/\/infoecos.com.ar\/wp-content\/uploads\/2023\/05\/cinezurro.jpg\" alt=\"\" class=\"wp-image-105135\" width=\"602\" height=\"284\" srcset=\"https:\/\/infoecos.com.ar\/wp-content\/uploads\/2023\/05\/cinezurro.jpg 1600w, https:\/\/infoecos.com.ar\/wp-content\/uploads\/2023\/05\/cinezurro-800x379.jpg 800w, https:\/\/infoecos.com.ar\/wp-content\/uploads\/2023\/05\/cinezurro-768x364.jpg 768w, https:\/\/infoecos.com.ar\/wp-content\/uploads\/2023\/05\/cinezurro-1536x728.jpg 1536w, https:\/\/infoecos.com.ar\/wp-content\/uploads\/2023\/05\/cinezurro-1024x485.jpg 1024w\" sizes=\"(max-width: 602px) 100vw, 602px\" \/><\/figure>\n\n\n\n<p>La invitaci\u00f3n es para este Viernes 19 de Mayo, a las 18:30. Tendr\u00e1n, se\u00f1alan, la posibilidad de ver el estreno Mundial de la pel\u00edcula \u201cR\u00e1pidos y Furiosos 10\u201d, en 3D.<\/p>\n\n\n\n<p>Los y las periodistas podr\u00e1n recorrer el Complejo Cultural Cine Zurro y conversar con la Secretaria, Laura Adriel.<\/p>\n\n\n\n<p>Cada medio tendr\u00e1 la posibilidad de acreditar a dos personas, detallando nombres completos, DNI, mails, tel\u00e9fonos y localidad.<\/p>\n\n\n\n<p>Consideramos muy importante que, como medios de comunicaci\u00f3n, transmitan el orgullo que sentimos de poder acercar a la comunidad, y a toda la regi\u00f3n, un espacio dedicado a la cultura en todas sus formas, ya que adem\u00e1s de la sala de cine equipada con tecnolog\u00eda de \u00faltima generaci\u00f3n, tenemos un teatro modelo.<\/p>\n\n\n\n<p>ITINERARIO<\/p>\n\n\n\n<p>&nbsp;-17:30. Recepci\u00f3n en el Complejo Cultural a cargo de su Secretaria, Laura Adriel.&nbsp;<\/p>\n\n\n\n<p>-18:30. Proyecci\u00f3n pel\u00edcula \u201cR\u00e1pido y Furioso 10\u201d<\/p>\n\n\n\n<p>-21:35. Agasajo gastron\u00f3mico a la Prensa.<\/p>\n\n\n\n<p><\/p>\n","protected":false},"excerpt":{"rendered":"<p>La invitaci\u00f3n es para este Viernes 19 de Mayo, a las 18:30. Tendr\u00e1n, se\u00f1alan, la posibilidad de ver el estreno Mundial de la pel\u00edcula \u201cR\u00e1pidos y Furiosos 10\u201d, en 3D<\/p>\n","protected":false},"author":2,"featured_media":105135,"comment_status":"closed","ping_status":"open","sticky":false,"template":"","format":"standard","meta":{"footnotes":""},"categories":[51],"tags":[1693],"class_list":["post-105134","post","type-post","status-publish","format-standard","has-post-thumbnail","hentry","category-c2nota4","tag-pehuajo-2"],"yoast_head":"<!-- This site is optimized with the Yoast SEO plugin v23.4 - https:\/\/yoast.com\/wordpress\/plugins\/seo\/ -->\n<title>Invitaron a Infoecos y medios de la regi\u00f3n a recorrer el &quot;Complejo Cultural Cine Zurro&quot; - Infoecos<\/title>\n<meta name=\"robots\" content=\"index, follow, max-snippet:-1, max-image-preview:large, max-video-preview:-1\" \/>\n<link rel=\"canonical\" href=\"https:\/\/infoecos.com.ar\/index.php\/invitaron-a-infoecos-y-medios-de-la-region-a-recorrer-el-complejo-cultural-cine-zurro\/\" \/>\n<meta property=\"og:locale\" content=\"es_ES\" \/>\n<meta property=\"og:type\" content=\"article\" \/>\n<meta property=\"og:title\" content=\"Invitaron a Infoecos y medios de la regi\u00f3n a recorrer el &quot;Complejo Cultural Cine Zurro&quot; - Infoecos\" \/>\n<meta property=\"og:description\" content=\"La invitaci\u00f3n es para este Viernes 19 de Mayo, a las 18:30. Tendr\u00e1n, se\u00f1alan, la posibilidad de ver el estreno Mundial de la pel\u00edcula \u201cR\u00e1pidos y Furiosos 10\u201d, en 3D\" \/>\n<meta property=\"og:url\" content=\"https:\/\/infoecos.com.ar\/index.php\/invitaron-a-infoecos-y-medios-de-la-region-a-recorrer-el-complejo-cultural-cine-zurro\/\" \/>\n<meta property=\"og:site_name\" content=\"Infoecos\" \/>\n<meta property=\"article:publisher\" content=\"https:\/\/www.facebook.com\/profile.php?id=100063200290284\" \/>\n<meta property=\"article:published_time\" content=\"2023-05-17T01:26:07+00:00\" \/>\n<meta property=\"article:modified_time\" content=\"2023-05-19T03:23:18+00:00\" \/>\n<meta property=\"og:image\" content=\"https:\/\/infoecos.com.ar\/wp-content\/uploads\/2023\/05\/cinezurro.jpg\" \/>\n\t<meta property=\"og:image:width\" content=\"1600\" \/>\n\t<meta property=\"og:image:height\" content=\"758\" \/>\n\t<meta property=\"og:image:type\" content=\"image\/jpeg\" \/>\n<meta name=\"author\" content=\"Jorge Matheus\" \/>\n<meta name=\"twitter:card\" content=\"summary_large_image\" \/>\n<meta name=\"twitter:creator\" content=\"@infoecos\" \/>\n<meta name=\"twitter:site\" content=\"@infoecos\" \/>\n<meta name=\"twitter:label1\" content=\"Escrito por\" \/>\n\t<meta name=\"twitter:data1\" content=\"Jorge Matheus\" \/>\n\t<meta name=\"twitter:label2\" content=\"Tiempo de lectura\" \/>\n\t<meta name=\"twitter:data2\" content=\"1 minuto\" \/>\n<script type=\"application\/ld+json\" class=\"yoast-schema-graph\">{\"@context\":\"https:\/\/schema.org\",\"@graph\":[{\"@type\":\"Article\",\"@id\":\"https:\/\/infoecos.com.ar\/index.php\/invitaron-a-infoecos-y-medios-de-la-region-a-recorrer-el-complejo-cultural-cine-zurro\/#article\",\"isPartOf\":{\"@id\":\"https:\/\/infoecos.com.ar\/index.php\/invitaron-a-infoecos-y-medios-de-la-region-a-recorrer-el-complejo-cultural-cine-zurro\/\"},\"author\":{\"name\":\"Jorge Matheus\",\"@id\":\"https:\/\/infoecos.com.ar\/#\/schema\/person\/8f5ace5ce73b4b4aac4b7245aee6f191\"},\"headline\":\"Invitaron a Infoecos y medios de la regi\u00f3n a recorrer el \u00abComplejo Cultural Cine Zurro\u00bb\",\"datePublished\":\"2023-05-17T01:26:07+00:00\",\"dateModified\":\"2023-05-19T03:23:18+00:00\",\"mainEntityOfPage\":{\"@id\":\"https:\/\/infoecos.com.ar\/index.php\/invitaron-a-infoecos-y-medios-de-la-region-a-recorrer-el-complejo-cultural-cine-zurro\/\"},\"wordCount\":199,\"publisher\":{\"@id\":\"https:\/\/infoecos.com.ar\/#organization\"},\"image\":{\"@id\":\"https:\/\/infoecos.com.ar\/index.php\/invitaron-a-infoecos-y-medios-de-la-region-a-recorrer-el-complejo-cultural-cine-zurro\/#primaryimage\"},\"thumbnailUrl\":\"https:\/\/infoecos.com.ar\/wp-content\/uploads\/2023\/05\/cinezurro.jpg\",\"keywords\":[\"PEHUAJ\u00d3\"],\"articleSection\":[\"C2 N4\"],\"inLanguage\":\"es\"},{\"@type\":\"WebPage\",\"@id\":\"https:\/\/infoecos.com.ar\/index.php\/invitaron-a-infoecos-y-medios-de-la-region-a-recorrer-el-complejo-cultural-cine-zurro\/\",\"url\":\"https:\/\/infoecos.com.ar\/index.php\/invitaron-a-infoecos-y-medios-de-la-region-a-recorrer-el-complejo-cultural-cine-zurro\/\",\"name\":\"Invitaron a Infoecos y medios de la regi\u00f3n a recorrer el \\\"Complejo Cultural Cine Zurro\\\" - Infoecos\",\"isPartOf\":{\"@id\":\"https:\/\/infoecos.com.ar\/#website\"},\"primaryImageOfPage\":{\"@id\":\"https:\/\/infoecos.com.ar\/index.php\/invitaron-a-infoecos-y-medios-de-la-region-a-recorrer-el-complejo-cultural-cine-zurro\/#primaryimage\"},\"image\":{\"@id\":\"https:\/\/infoecos.com.ar\/index.php\/invitaron-a-infoecos-y-medios-de-la-region-a-recorrer-el-complejo-cultural-cine-zurro\/#primaryimage\"},\"thumbnailUrl\":\"https:\/\/infoecos.com.ar\/wp-content\/uploads\/2023\/05\/cinezurro.jpg\",\"datePublished\":\"2023-05-17T01:26:07+00:00\",\"dateModified\":\"2023-05-19T03:23:18+00:00\",\"breadcrumb\":{\"@id\":\"https:\/\/infoecos.com.ar\/index.php\/invitaron-a-infoecos-y-medios-de-la-region-a-recorrer-el-complejo-cultural-cine-zurro\/#breadcrumb\"},\"inLanguage\":\"es\",\"potentialAction\":[{\"@type\":\"ReadAction\",\"target\":[\"https:\/\/infoecos.com.ar\/index.php\/invitaron-a-infoecos-y-medios-de-la-region-a-recorrer-el-complejo-cultural-cine-zurro\/\"]}]},{\"@type\":\"ImageObject\",\"inLanguage\":\"es\",\"@id\":\"https:\/\/infoecos.com.ar\/index.php\/invitaron-a-infoecos-y-medios-de-la-region-a-recorrer-el-complejo-cultural-cine-zurro\/#primaryimage\",\"url\":\"https:\/\/infoecos.com.ar\/wp-content\/uploads\/2023\/05\/cinezurro.jpg\",\"contentUrl\":\"https:\/\/infoecos.com.ar\/wp-content\/uploads\/2023\/05\/cinezurro.jpg\",\"width\":1600,\"height\":758},{\"@type\":\"BreadcrumbList\",\"@id\":\"https:\/\/infoecos.com.ar\/index.php\/invitaron-a-infoecos-y-medios-de-la-region-a-recorrer-el-complejo-cultural-cine-zurro\/#breadcrumb\",\"itemListElement\":[{\"@type\":\"ListItem\",\"position\":1,\"name\":\"Portada\",\"item\":\"https:\/\/infoecos.com.ar\/\"},{\"@type\":\"ListItem\",\"position\":2,\"name\":\"Invitaron a Infoecos y medios de la regi\u00f3n a recorrer el \u00abComplejo Cultural Cine Zurro\u00bb\"}]},{\"@type\":\"WebSite\",\"@id\":\"https:\/\/infoecos.com.ar\/#website\",\"url\":\"https:\/\/infoecos.com.ar\/\",\"name\":\"Infoecos\",\"description\":\"Noticias de trenque lauquen y la zona\",\"publisher\":{\"@id\":\"https:\/\/infoecos.com.ar\/#organization\"},\"alternateName\":\"Noticias\",\"potentialAction\":[{\"@type\":\"SearchAction\",\"target\":{\"@type\":\"EntryPoint\",\"urlTemplate\":\"https:\/\/infoecos.com.ar\/?s={search_term_string}\"},\"query-input\":{\"@type\":\"PropertyValueSpecification\",\"valueRequired\":true,\"valueName\":\"search_term_string\"}}],\"inLanguage\":\"es\"},{\"@type\":\"Organization\",\"@id\":\"https:\/\/infoecos.com.ar\/#organization\",\"name\":\"Infoecos\",\"alternateName\":\"Noticias\",\"url\":\"https:\/\/infoecos.com.ar\/\",\"logo\":{\"@type\":\"ImageObject\",\"inLanguage\":\"es\",\"@id\":\"https:\/\/infoecos.com.ar\/#\/schema\/logo\/image\/\",\"url\":\"https:\/\/infoecos.com.ar\/wp-content\/uploads\/2024\/03\/cropped-logo.png\",\"contentUrl\":\"https:\/\/infoecos.com.ar\/wp-content\/uploads\/2024\/03\/cropped-logo.png\",\"width\":374,\"height\":90,\"caption\":\"Infoecos\"},\"image\":{\"@id\":\"https:\/\/infoecos.com.ar\/#\/schema\/logo\/image\/\"},\"sameAs\":[\"https:\/\/www.facebook.com\/profile.php?id=100063200290284\",\"https:\/\/x.com\/infoecos\"]},{\"@type\":\"Person\",\"@id\":\"https:\/\/infoecos.com.ar\/#\/schema\/person\/8f5ace5ce73b4b4aac4b7245aee6f191\",\"name\":\"Jorge Matheus\",\"url\":\"https:\/\/infoecos.com.ar\/index.php\/author\/jomatheus\/\"}]}<\/script>\n<!-- \/ Yoast SEO plugin. -->","yoast_head_json":{"title":"Invitaron a Infoecos y medios de la regi\u00f3n a recorrer el \"Complejo Cultural Cine Zurro\" - Infoecos","robots":{"index":"index","follow":"follow","max-snippet":"max-snippet:-1","max-image-preview":"max-image-preview:large","max-video-preview":"max-video-preview:-1"},"canonical":"https:\/\/infoecos.com.ar\/index.php\/invitaron-a-infoecos-y-medios-de-la-region-a-recorrer-el-complejo-cultural-cine-zurro\/","og_locale":"es_ES","og_type":"article","og_title":"Invitaron a Infoecos y medios de la regi\u00f3n a recorrer el \"Complejo Cultural Cine Zurro\" - Infoecos","og_description":"La invitaci\u00f3n es para este Viernes 19 de Mayo, a las 18:30. Tendr\u00e1n, se\u00f1alan, la posibilidad de ver el estreno Mundial de la pel\u00edcula \u201cR\u00e1pidos y Furiosos 10\u201d, en 3D","og_url":"https:\/\/infoecos.com.ar\/index.php\/invitaron-a-infoecos-y-medios-de-la-region-a-recorrer-el-complejo-cultural-cine-zurro\/","og_site_name":"Infoecos","article_publisher":"https:\/\/www.facebook.com\/profile.php?id=100063200290284","article_published_time":"2023-05-17T01:26:07+00:00","article_modified_time":"2023-05-19T03:23:18+00:00","og_image":[{"width":1600,"height":758,"url":"https:\/\/infoecos.com.ar\/wp-content\/uploads\/2023\/05\/cinezurro.jpg","type":"image\/jpeg"}],"author":"Jorge Matheus","twitter_card":"summary_large_image","twitter_creator":"@infoecos","twitter_site":"@infoecos","twitter_misc":{"Escrito por":"Jorge Matheus","Tiempo de lectura":"1 minuto"},"schema":{"@context":"https:\/\/schema.org","@graph":[{"@type":"Article","@id":"https:\/\/infoecos.com.ar\/index.php\/invitaron-a-infoecos-y-medios-de-la-region-a-recorrer-el-complejo-cultural-cine-zurro\/#article","isPartOf":{"@id":"https:\/\/infoecos.com.ar\/index.php\/invitaron-a-infoecos-y-medios-de-la-region-a-recorrer-el-complejo-cultural-cine-zurro\/"},"author":{"name":"Jorge Matheus","@id":"https:\/\/infoecos.com.ar\/#\/schema\/person\/8f5ace5ce73b4b4aac4b7245aee6f191"},"headline":"Invitaron a Infoecos y medios de la regi\u00f3n a recorrer el \u00abComplejo Cultural Cine Zurro\u00bb","datePublished":"2023-05-17T01:26:07+00:00","dateModified":"2023-05-19T03:23:18+00:00","mainEntityOfPage":{"@id":"https:\/\/infoecos.com.ar\/index.php\/invitaron-a-infoecos-y-medios-de-la-region-a-recorrer-el-complejo-cultural-cine-zurro\/"},"wordCount":199,"publisher":{"@id":"https:\/\/infoecos.com.ar\/#organization"},"image":{"@id":"https:\/\/infoecos.com.ar\/index.php\/invitaron-a-infoecos-y-medios-de-la-region-a-recorrer-el-complejo-cultural-cine-zurro\/#primaryimage"},"thumbnailUrl":"https:\/\/infoecos.com.ar\/wp-content\/uploads\/2023\/05\/cinezurro.jpg","keywords":["PEHUAJ\u00d3"],"articleSection":["C2 N4"],"inLanguage":"es"},{"@type":"WebPage","@id":"https:\/\/infoecos.com.ar\/index.php\/invitaron-a-infoecos-y-medios-de-la-region-a-recorrer-el-complejo-cultural-cine-zurro\/","url":"https:\/\/infoecos.com.ar\/index.php\/invitaron-a-infoecos-y-medios-de-la-region-a-recorrer-el-complejo-cultural-cine-zurro\/","name":"Invitaron a Infoecos y medios de la regi\u00f3n a recorrer el \"Complejo Cultural Cine Zurro\" - Infoecos","isPartOf":{"@id":"https:\/\/infoecos.com.ar\/#website"},"primaryImageOfPage":{"@id":"https:\/\/infoecos.com.ar\/index.php\/invitaron-a-infoecos-y-medios-de-la-region-a-recorrer-el-complejo-cultural-cine-zurro\/#primaryimage"},"image":{"@id":"https:\/\/infoecos.com.ar\/index.php\/invitaron-a-infoecos-y-medios-de-la-region-a-recorrer-el-complejo-cultural-cine-zurro\/#primaryimage"},"thumbnailUrl":"https:\/\/infoecos.com.ar\/wp-content\/uploads\/2023\/05\/cinezurro.jpg","datePublished":"2023-05-17T01:26:07+00:00","dateModified":"2023-05-19T03:23:18+00:00","breadcrumb":{"@id":"https:\/\/infoecos.com.ar\/index.php\/invitaron-a-infoecos-y-medios-de-la-region-a-recorrer-el-complejo-cultural-cine-zurro\/#breadcrumb"},"inLanguage":"es","potentialAction":[{"@type":"ReadAction","target":["https:\/\/infoecos.com.ar\/index.php\/invitaron-a-infoecos-y-medios-de-la-region-a-recorrer-el-complejo-cultural-cine-zurro\/"]}]},{"@type":"ImageObject","inLanguage":"es","@id":"https:\/\/infoecos.com.ar\/index.php\/invitaron-a-infoecos-y-medios-de-la-region-a-recorrer-el-complejo-cultural-cine-zurro\/#primaryimage","url":"https:\/\/infoecos.com.ar\/wp-content\/uploads\/2023\/05\/cinezurro.jpg","contentUrl":"https:\/\/infoecos.com.ar\/wp-content\/uploads\/2023\/05\/cinezurro.jpg","width":1600,"height":758},{"@type":"BreadcrumbList","@id":"https:\/\/infoecos.com.ar\/index.php\/invitaron-a-infoecos-y-medios-de-la-region-a-recorrer-el-complejo-cultural-cine-zurro\/#breadcrumb","itemListElement":[{"@type":"ListItem","position":1,"name":"Portada","item":"https:\/\/infoecos.com.ar\/"},{"@type":"ListItem","position":2,"name":"Invitaron a Infoecos y medios de la regi\u00f3n a recorrer el \u00abComplejo Cultural Cine Zurro\u00bb"}]},{"@type":"WebSite","@id":"https:\/\/infoecos.com.ar\/#website","url":"https:\/\/infoecos.com.ar\/","name":"Infoecos","description":"Noticias de trenque lauquen y la zona","publisher":{"@id":"https:\/\/infoecos.com.ar\/#organization"},"alternateName":"Noticias","potentialAction":[{"@type":"SearchAction","target":{"@type":"EntryPoint","urlTemplate":"https:\/\/infoecos.com.ar\/?s={search_term_string}"},"query-input":{"@type":"PropertyValueSpecification","valueRequired":true,"valueName":"search_term_string"}}],"inLanguage":"es"},{"@type":"Organization","@id":"https:\/\/infoecos.com.ar\/#organization","name":"Infoecos","alternateName":"Noticias","url":"https:\/\/infoecos.com.ar\/","logo":{"@type":"ImageObject","inLanguage":"es","@id":"https:\/\/infoecos.com.ar\/#\/schema\/logo\/image\/","url":"https:\/\/infoecos.com.ar\/wp-content\/uploads\/2024\/03\/cropped-logo.png","contentUrl":"https:\/\/infoecos.com.ar\/wp-content\/uploads\/2024\/03\/cropped-logo.png","width":374,"height":90,"caption":"Infoecos"},"image":{"@id":"https:\/\/infoecos.com.ar\/#\/schema\/logo\/image\/"},"sameAs":["https:\/\/www.facebook.com\/profile.php?id=100063200290284","https:\/\/x.com\/infoecos"]},{"@type":"Person","@id":"https:\/\/infoecos.com.ar\/#\/schema\/person\/8f5ace5ce73b4b4aac4b7245aee6f191","name":"Jorge Matheus","url":"https:\/\/infoecos.com.ar\/index.php\/author\/jomatheus\/"}]}},"featured_image_urls":{"full":["https:\/\/infoecos.com.ar\/wp-content\/uploads\/2023\/05\/cinezurro.jpg",1600,758,false],"thumbnail":["https:\/\/infoecos.com.ar\/wp-content\/uploads\/2023\/05\/cinezurro-300x150.jpg",300,150,true],"medium":["https:\/\/infoecos.com.ar\/wp-content\/uploads\/2023\/05\/cinezurro-800x379.jpg",800,379,true],"medium_large":["https:\/\/infoecos.com.ar\/wp-content\/uploads\/2023\/05\/cinezurro-768x364.jpg",640,303,true],"large":["https:\/\/infoecos.com.ar\/wp-content\/uploads\/2023\/05\/cinezurro.jpg",640,303,false],"1536x1536":["https:\/\/infoecos.com.ar\/wp-content\/uploads\/2023\/05\/cinezurro-1536x728.jpg",1536,728,true],"2048x2048":["https:\/\/infoecos.com.ar\/wp-content\/uploads\/2023\/05\/cinezurro.jpg",1600,758,false],"covernews-slider-full":["https:\/\/infoecos.com.ar\/wp-content\/uploads\/2023\/05\/cinezurro-1536x758.jpg",1115,550,true],"covernews-slider-center":["https:\/\/infoecos.com.ar\/wp-content\/uploads\/2023\/05\/cinezurro-936x758.jpg",617,500,true],"covernews-featured":["https:\/\/infoecos.com.ar\/wp-content\/uploads\/2023\/05\/cinezurro-1024x485.jpg",1024,485,true],"covernews-medium":["https:\/\/infoecos.com.ar\/wp-content\/uploads\/2023\/05\/cinezurro-720x380.jpg",540,285,true],"covernews-medium-square":["https:\/\/infoecos.com.ar\/wp-content\/uploads\/2023\/05\/cinezurro-675x450.jpg",375,250,true]},"author_info":{"info":["Jorge Matheus"]},"category_info":"<a href=\"https:\/\/infoecos.com.ar\/index.php\/category\/c2nota4\/\" rel=\"category tag\">C2 N4<\/a>","tag_info":"C2 N4","comment_count":"0","_links":{"self":[{"href":"https:\/\/infoecos.com.ar\/index.php\/wp-json\/wp\/v2\/posts\/105134"}],"collection":[{"href":"https:\/\/infoecos.com.ar\/index.php\/wp-json\/wp\/v2\/posts"}],"about":[{"href":"https:\/\/infoecos.com.ar\/index.php\/wp-json\/wp\/v2\/types\/post"}],"author":[{"embeddable":true,"href":"https:\/\/infoecos.com.ar\/index.php\/wp-json\/wp\/v2\/users\/2"}],"replies":[{"embeddable":true,"href":"https:\/\/infoecos.com.ar\/index.php\/wp-json\/wp\/v2\/comments?post=105134"}],"version-history":[{"count":1,"href":"https:\/\/infoecos.com.ar\/index.php\/wp-json\/wp\/v2\/posts\/105134\/revisions"}],"predecessor-version":[{"id":105136,"href":"https:\/\/infoecos.com.ar\/index.php\/wp-json\/wp\/v2\/posts\/105134\/revisions\/105136"}],"wp:featuredmedia":[{"embeddable":true,"href":"https:\/\/infoecos.com.ar\/index.php\/wp-json\/wp\/v2\/media\/105135"}],"wp:attachment":[{"href":"https:\/\/infoecos.com.ar\/index.php\/wp-json\/wp\/v2\/media?parent=105134"}],"wp:term":[{"taxonomy":"category","embeddable":true,"href":"https:\/\/infoecos.com.ar\/index.php\/wp-json\/wp\/v2\/categories?post=105134"},{"taxonomy":"post_tag","embeddable":true,"href":"https:\/\/infoecos.com.ar\/index.php\/wp-json\/wp\/v2\/tags?post=105134"}],"curies":[{"name":"wp","href":"https:\/\/api.w.org\/{rel}","templated":true}]}}