{"id":105146,"date":"2023-05-17T01:16:07","date_gmt":"2023-05-17T04:16:07","guid":{"rendered":"https:\/\/infoecos.com.ar\/?p=105146"},"modified":"2023-05-18T01:29:25","modified_gmt":"2023-05-18T04:29:25","slug":"zurro-ingreso-a-la-salada-y-se-saco-una-foto-en-la-planta-depuradora-a-demoler","status":"publish","type":"post","link":"https:\/\/infoecos.com.ar\/index.php\/zurro-ingreso-a-la-salada-y-se-saco-una-foto-en-la-planta-depuradora-a-demoler\/","title":{"rendered":"Zurro ingres\u00f3 a La Salada y se sac\u00f3 una foto en la planta depuradora a demoler"},"content":{"rendered":"\n<p>El gobierno municipal de Pehuaj\u00f3 comenz\u00f3, durante este domingo, una obra de demolici\u00f3n para desaparecer la estructura de la planta depuradora de cloacas que se construy\u00f3 en el interior de la laguna La Salada y que, producto de la inundaci\u00f3n, no logr\u00f3 ser puesta en funcionamiento. Este proyecto busca limpiar la est\u00e9tica de La Salada, y forma parte de la obra donde se dragar\u00e1 una parte de la misma, en b\u00fasqueda de que la misma sea un atractivo local para la pesca y la recreaci\u00f3n.<\/p>\n\n\n\n<figure class=\"wp-block-image aligncenter size-full is-resized\"><img loading=\"lazy\" decoding=\"async\" src=\"https:\/\/infoecos.com.ar\/wp-content\/uploads\/2023\/05\/zurroenlasalada.jpg\" alt=\"\" class=\"wp-image-105147\" width=\"424\" height=\"237\" srcset=\"https:\/\/infoecos.com.ar\/wp-content\/uploads\/2023\/05\/zurroenlasalada.jpg 1536w, https:\/\/infoecos.com.ar\/wp-content\/uploads\/2023\/05\/zurroenlasalada-800x449.jpg 800w, https:\/\/infoecos.com.ar\/wp-content\/uploads\/2023\/05\/zurroenlasalada-1024x575.jpg 1024w\" sizes=\"(max-width: 424px) 100vw, 424px\" \/><figcaption class=\"wp-element-caption\">Zurro en La Salada <\/figcaption><\/figure>\n\n\n\n<p>\u201cEsto era dif\u00edcil de imaginar\u201d sostuvo el intendente Zurro desde el lugar, remarcando que \u201cpor la situaci\u00f3n que est\u00e1 viviendo el partido de Pehuaj\u00f3 y la Argentina, y ojal\u00e1 que vengan las lluvias, pudimos ingresar al coraz\u00f3n de La Salada\u201d.<\/p>\n\n\n\n<p>\u201cEsta es una planta que demuestra lo que no hab\u00eda que hacer y lo que pasaba en Pehuaj\u00f3, una planta de cloacas que cost\u00f3 millones, hecha en la \u00e9poca de los militares, una verg\u00fcenza, nunca se pudo inaugurar, la hicieron en la mitad de la salada. Imag\u00ednense el costo. Bueno, en el Pehuaj\u00f3 nuestro, en el Pehuaj\u00f3 de hace 16 a\u00f1os, en el Pehuaj\u00f3 de que podemos o intentamos todo, estamos sacando unas partes y las otras las vamos a intentar sacar con Provincia de Buenos Aires porque queremos una Salada limpia. Pehuaj\u00f3 enamora en todo. En enamorar nosotros no podemos dejar esta muestra de lo que era un Estado antes que nosotros. Un Estado militar que invert\u00eda los recursos en forma irracional. Nunca se inaugur\u00f3. \u00bfSaben cu\u00e1nto costar\u00eda esta planta?\u201d enfatiz\u00f3 Zurro.<\/p>\n\n\n\n<p>\u201cBueno, pehuajenses, vamos a tener, si todo nos sale bien y nos va a salir bien, una salada limpia, una salada que se pueda pescar, una salada con un proyecto m\u00e1s ambicioso para despu\u00e9s, con bungalows , para que se puedan hacer campamentos, una laguna como corresponde\u201d remarc\u00f3 el intendente.<\/p>\n\n\n\n<p><strong>Fuente: 365pehuajo.com.ar<\/strong><\/p>\n","protected":false},"excerpt":{"rendered":"<p>\u201cEsto era dif\u00edcil de imaginar\u201d sostuvo el intendente Zurro desde el lugar, remarcando que \u201cpor la situaci\u00f3n que est\u00e1 viviendo el partido de Pehuaj\u00f3 y la Argentina, y ojal\u00e1 que vengan las lluvias, pudimos ingresar al coraz\u00f3n de La Salada\u201d<\/p>\n","protected":false},"author":2,"featured_media":105147,"comment_status":"closed","ping_status":"open","sticky":false,"template":"","format":"standard","meta":{"footnotes":""},"categories":[1333],"tags":[1693],"class_list":["post-105146","post","type-post","status-publish","format-standard","has-post-thumbnail","hentry","category-inferior13","tag-pehuajo-2"],"yoast_head":"<!-- This site is optimized with the Yoast SEO plugin v23.4 - https:\/\/yoast.com\/wordpress\/plugins\/seo\/ -->\n<title>Zurro ingres\u00f3 a La Salada y se sac\u00f3 una foto en la planta depuradora a demoler - Infoecos<\/title>\n<meta name=\"robots\" content=\"index, follow, max-snippet:-1, max-image-preview:large, max-video-preview:-1\" \/>\n<link rel=\"canonical\" href=\"https:\/\/infoecos.com.ar\/index.php\/zurro-ingreso-a-la-salada-y-se-saco-una-foto-en-la-planta-depuradora-a-demoler\/\" \/>\n<meta property=\"og:locale\" content=\"es_ES\" \/>\n<meta property=\"og:type\" content=\"article\" \/>\n<meta property=\"og:title\" content=\"Zurro ingres\u00f3 a La Salada y se sac\u00f3 una foto en la planta depuradora a demoler - Infoecos\" \/>\n<meta property=\"og:description\" content=\"\u201cEsto era dif\u00edcil de imaginar\u201d sostuvo el intendente Zurro desde el lugar, remarcando que \u201cpor la situaci\u00f3n que est\u00e1 viviendo el partido de Pehuaj\u00f3 y la Argentina, y ojal\u00e1 que vengan las lluvias, pudimos ingresar al coraz\u00f3n de La Salada\u201d\" \/>\n<meta property=\"og:url\" content=\"https:\/\/infoecos.com.ar\/index.php\/zurro-ingreso-a-la-salada-y-se-saco-una-foto-en-la-planta-depuradora-a-demoler\/\" \/>\n<meta property=\"og:site_name\" content=\"Infoecos\" \/>\n<meta property=\"article:publisher\" content=\"https:\/\/www.facebook.com\/profile.php?id=100063200290284\" \/>\n<meta property=\"article:published_time\" content=\"2023-05-17T04:16:07+00:00\" \/>\n<meta property=\"article:modified_time\" content=\"2023-05-18T04:29:25+00:00\" \/>\n<meta property=\"og:image\" content=\"https:\/\/infoecos.com.ar\/wp-content\/uploads\/2023\/05\/zurroenlasalada.jpg\" \/>\n\t<meta property=\"og:image:width\" content=\"1536\" \/>\n\t<meta property=\"og:image:height\" content=\"863\" \/>\n\t<meta property=\"og:image:type\" content=\"image\/jpeg\" \/>\n<meta name=\"author\" content=\"Jorge Matheus\" \/>\n<meta name=\"twitter:card\" content=\"summary_large_image\" \/>\n<meta name=\"twitter:creator\" content=\"@infoecos\" \/>\n<meta name=\"twitter:site\" content=\"@infoecos\" \/>\n<meta name=\"twitter:label1\" content=\"Escrito por\" \/>\n\t<meta name=\"twitter:data1\" content=\"Jorge Matheus\" \/>\n\t<meta name=\"twitter:label2\" content=\"Tiempo de lectura\" \/>\n\t<meta name=\"twitter:data2\" content=\"2 minutos\" \/>\n<script type=\"application\/ld+json\" class=\"yoast-schema-graph\">{\"@context\":\"https:\/\/schema.org\",\"@graph\":[{\"@type\":\"Article\",\"@id\":\"https:\/\/infoecos.com.ar\/index.php\/zurro-ingreso-a-la-salada-y-se-saco-una-foto-en-la-planta-depuradora-a-demoler\/#article\",\"isPartOf\":{\"@id\":\"https:\/\/infoecos.com.ar\/index.php\/zurro-ingreso-a-la-salada-y-se-saco-una-foto-en-la-planta-depuradora-a-demoler\/\"},\"author\":{\"name\":\"Jorge Matheus\",\"@id\":\"https:\/\/infoecos.com.ar\/#\/schema\/person\/8f5ace5ce73b4b4aac4b7245aee6f191\"},\"headline\":\"Zurro ingres\u00f3 a La Salada y se sac\u00f3 una foto en la planta depuradora a demoler\",\"datePublished\":\"2023-05-17T04:16:07+00:00\",\"dateModified\":\"2023-05-18T04:29:25+00:00\",\"mainEntityOfPage\":{\"@id\":\"https:\/\/infoecos.com.ar\/index.php\/zurro-ingreso-a-la-salada-y-se-saco-una-foto-en-la-planta-depuradora-a-demoler\/\"},\"wordCount\":347,\"publisher\":{\"@id\":\"https:\/\/infoecos.com.ar\/#organization\"},\"image\":{\"@id\":\"https:\/\/infoecos.com.ar\/index.php\/zurro-ingreso-a-la-salada-y-se-saco-una-foto-en-la-planta-depuradora-a-demoler\/#primaryimage\"},\"thumbnailUrl\":\"https:\/\/infoecos.com.ar\/wp-content\/uploads\/2023\/05\/zurroenlasalada.jpg\",\"keywords\":[\"PEHUAJ\u00d3\"],\"articleSection\":[\"Bloque inferior - 13\"],\"inLanguage\":\"es\"},{\"@type\":\"WebPage\",\"@id\":\"https:\/\/infoecos.com.ar\/index.php\/zurro-ingreso-a-la-salada-y-se-saco-una-foto-en-la-planta-depuradora-a-demoler\/\",\"url\":\"https:\/\/infoecos.com.ar\/index.php\/zurro-ingreso-a-la-salada-y-se-saco-una-foto-en-la-planta-depuradora-a-demoler\/\",\"name\":\"Zurro ingres\u00f3 a La Salada y se sac\u00f3 una foto en la planta depuradora a demoler - Infoecos\",\"isPartOf\":{\"@id\":\"https:\/\/infoecos.com.ar\/#website\"},\"primaryImageOfPage\":{\"@id\":\"https:\/\/infoecos.com.ar\/index.php\/zurro-ingreso-a-la-salada-y-se-saco-una-foto-en-la-planta-depuradora-a-demoler\/#primaryimage\"},\"image\":{\"@id\":\"https:\/\/infoecos.com.ar\/index.php\/zurro-ingreso-a-la-salada-y-se-saco-una-foto-en-la-planta-depuradora-a-demoler\/#primaryimage\"},\"thumbnailUrl\":\"https:\/\/infoecos.com.ar\/wp-content\/uploads\/2023\/05\/zurroenlasalada.jpg\",\"datePublished\":\"2023-05-17T04:16:07+00:00\",\"dateModified\":\"2023-05-18T04:29:25+00:00\",\"breadcrumb\":{\"@id\":\"https:\/\/infoecos.com.ar\/index.php\/zurro-ingreso-a-la-salada-y-se-saco-una-foto-en-la-planta-depuradora-a-demoler\/#breadcrumb\"},\"inLanguage\":\"es\",\"potentialAction\":[{\"@type\":\"ReadAction\",\"target\":[\"https:\/\/infoecos.com.ar\/index.php\/zurro-ingreso-a-la-salada-y-se-saco-una-foto-en-la-planta-depuradora-a-demoler\/\"]}]},{\"@type\":\"ImageObject\",\"inLanguage\":\"es\",\"@id\":\"https:\/\/infoecos.com.ar\/index.php\/zurro-ingreso-a-la-salada-y-se-saco-una-foto-en-la-planta-depuradora-a-demoler\/#primaryimage\",\"url\":\"https:\/\/infoecos.com.ar\/wp-content\/uploads\/2023\/05\/zurroenlasalada.jpg\",\"contentUrl\":\"https:\/\/infoecos.com.ar\/wp-content\/uploads\/2023\/05\/zurroenlasalada.jpg\",\"width\":1536,\"height\":863},{\"@type\":\"BreadcrumbList\",\"@id\":\"https:\/\/infoecos.com.ar\/index.php\/zurro-ingreso-a-la-salada-y-se-saco-una-foto-en-la-planta-depuradora-a-demoler\/#breadcrumb\",\"itemListElement\":[{\"@type\":\"ListItem\",\"position\":1,\"name\":\"Portada\",\"item\":\"https:\/\/infoecos.com.ar\/\"},{\"@type\":\"ListItem\",\"position\":2,\"name\":\"Zurro ingres\u00f3 a La Salada y se sac\u00f3 una foto en la planta depuradora a demoler\"}]},{\"@type\":\"WebSite\",\"@id\":\"https:\/\/infoecos.com.ar\/#website\",\"url\":\"https:\/\/infoecos.com.ar\/\",\"name\":\"Infoecos\",\"description\":\"Noticias de trenque lauquen y la zona\",\"publisher\":{\"@id\":\"https:\/\/infoecos.com.ar\/#organization\"},\"alternateName\":\"Noticias\",\"potentialAction\":[{\"@type\":\"SearchAction\",\"target\":{\"@type\":\"EntryPoint\",\"urlTemplate\":\"https:\/\/infoecos.com.ar\/?s={search_term_string}\"},\"query-input\":{\"@type\":\"PropertyValueSpecification\",\"valueRequired\":true,\"valueName\":\"search_term_string\"}}],\"inLanguage\":\"es\"},{\"@type\":\"Organization\",\"@id\":\"https:\/\/infoecos.com.ar\/#organization\",\"name\":\"Infoecos\",\"alternateName\":\"Noticias\",\"url\":\"https:\/\/infoecos.com.ar\/\",\"logo\":{\"@type\":\"ImageObject\",\"inLanguage\":\"es\",\"@id\":\"https:\/\/infoecos.com.ar\/#\/schema\/logo\/image\/\",\"url\":\"https:\/\/infoecos.com.ar\/wp-content\/uploads\/2024\/03\/cropped-logo.png\",\"contentUrl\":\"https:\/\/infoecos.com.ar\/wp-content\/uploads\/2024\/03\/cropped-logo.png\",\"width\":374,\"height\":90,\"caption\":\"Infoecos\"},\"image\":{\"@id\":\"https:\/\/infoecos.com.ar\/#\/schema\/logo\/image\/\"},\"sameAs\":[\"https:\/\/www.facebook.com\/profile.php?id=100063200290284\",\"https:\/\/x.com\/infoecos\"]},{\"@type\":\"Person\",\"@id\":\"https:\/\/infoecos.com.ar\/#\/schema\/person\/8f5ace5ce73b4b4aac4b7245aee6f191\",\"name\":\"Jorge Matheus\",\"url\":\"https:\/\/infoecos.com.ar\/index.php\/author\/jomatheus\/\"}]}<\/script>\n<!-- \/ Yoast SEO plugin. -->","yoast_head_json":{"title":"Zurro ingres\u00f3 a La Salada y se sac\u00f3 una foto en la planta depuradora a demoler - Infoecos","robots":{"index":"index","follow":"follow","max-snippet":"max-snippet:-1","max-image-preview":"max-image-preview:large","max-video-preview":"max-video-preview:-1"},"canonical":"https:\/\/infoecos.com.ar\/index.php\/zurro-ingreso-a-la-salada-y-se-saco-una-foto-en-la-planta-depuradora-a-demoler\/","og_locale":"es_ES","og_type":"article","og_title":"Zurro ingres\u00f3 a La Salada y se sac\u00f3 una foto en la planta depuradora a demoler - Infoecos","og_description":"\u201cEsto era dif\u00edcil de imaginar\u201d sostuvo el intendente Zurro desde el lugar, remarcando que \u201cpor la situaci\u00f3n que est\u00e1 viviendo el partido de Pehuaj\u00f3 y la Argentina, y ojal\u00e1 que vengan las lluvias, pudimos ingresar al coraz\u00f3n de La Salada\u201d","og_url":"https:\/\/infoecos.com.ar\/index.php\/zurro-ingreso-a-la-salada-y-se-saco-una-foto-en-la-planta-depuradora-a-demoler\/","og_site_name":"Infoecos","article_publisher":"https:\/\/www.facebook.com\/profile.php?id=100063200290284","article_published_time":"2023-05-17T04:16:07+00:00","article_modified_time":"2023-05-18T04:29:25+00:00","og_image":[{"width":1536,"height":863,"url":"https:\/\/infoecos.com.ar\/wp-content\/uploads\/2023\/05\/zurroenlasalada.jpg","type":"image\/jpeg"}],"author":"Jorge Matheus","twitter_card":"summary_large_image","twitter_creator":"@infoecos","twitter_site":"@infoecos","twitter_misc":{"Escrito por":"Jorge Matheus","Tiempo de lectura":"2 minutos"},"schema":{"@context":"https:\/\/schema.org","@graph":[{"@type":"Article","@id":"https:\/\/infoecos.com.ar\/index.php\/zurro-ingreso-a-la-salada-y-se-saco-una-foto-en-la-planta-depuradora-a-demoler\/#article","isPartOf":{"@id":"https:\/\/infoecos.com.ar\/index.php\/zurro-ingreso-a-la-salada-y-se-saco-una-foto-en-la-planta-depuradora-a-demoler\/"},"author":{"name":"Jorge Matheus","@id":"https:\/\/infoecos.com.ar\/#\/schema\/person\/8f5ace5ce73b4b4aac4b7245aee6f191"},"headline":"Zurro ingres\u00f3 a La Salada y se sac\u00f3 una foto en la planta depuradora a demoler","datePublished":"2023-05-17T04:16:07+00:00","dateModified":"2023-05-18T04:29:25+00:00","mainEntityOfPage":{"@id":"https:\/\/infoecos.com.ar\/index.php\/zurro-ingreso-a-la-salada-y-se-saco-una-foto-en-la-planta-depuradora-a-demoler\/"},"wordCount":347,"publisher":{"@id":"https:\/\/infoecos.com.ar\/#organization"},"image":{"@id":"https:\/\/infoecos.com.ar\/index.php\/zurro-ingreso-a-la-salada-y-se-saco-una-foto-en-la-planta-depuradora-a-demoler\/#primaryimage"},"thumbnailUrl":"https:\/\/infoecos.com.ar\/wp-content\/uploads\/2023\/05\/zurroenlasalada.jpg","keywords":["PEHUAJ\u00d3"],"articleSection":["Bloque inferior - 13"],"inLanguage":"es"},{"@type":"WebPage","@id":"https:\/\/infoecos.com.ar\/index.php\/zurro-ingreso-a-la-salada-y-se-saco-una-foto-en-la-planta-depuradora-a-demoler\/","url":"https:\/\/infoecos.com.ar\/index.php\/zurro-ingreso-a-la-salada-y-se-saco-una-foto-en-la-planta-depuradora-a-demoler\/","name":"Zurro ingres\u00f3 a La Salada y se sac\u00f3 una foto en la planta depuradora a demoler - Infoecos","isPartOf":{"@id":"https:\/\/infoecos.com.ar\/#website"},"primaryImageOfPage":{"@id":"https:\/\/infoecos.com.ar\/index.php\/zurro-ingreso-a-la-salada-y-se-saco-una-foto-en-la-planta-depuradora-a-demoler\/#primaryimage"},"image":{"@id":"https:\/\/infoecos.com.ar\/index.php\/zurro-ingreso-a-la-salada-y-se-saco-una-foto-en-la-planta-depuradora-a-demoler\/#primaryimage"},"thumbnailUrl":"https:\/\/infoecos.com.ar\/wp-content\/uploads\/2023\/05\/zurroenlasalada.jpg","datePublished":"2023-05-17T04:16:07+00:00","dateModified":"2023-05-18T04:29:25+00:00","breadcrumb":{"@id":"https:\/\/infoecos.com.ar\/index.php\/zurro-ingreso-a-la-salada-y-se-saco-una-foto-en-la-planta-depuradora-a-demoler\/#breadcrumb"},"inLanguage":"es","potentialAction":[{"@type":"ReadAction","target":["https:\/\/infoecos.com.ar\/index.php\/zurro-ingreso-a-la-salada-y-se-saco-una-foto-en-la-planta-depuradora-a-demoler\/"]}]},{"@type":"ImageObject","inLanguage":"es","@id":"https:\/\/infoecos.com.ar\/index.php\/zurro-ingreso-a-la-salada-y-se-saco-una-foto-en-la-planta-depuradora-a-demoler\/#primaryimage","url":"https:\/\/infoecos.com.ar\/wp-content\/uploads\/2023\/05\/zurroenlasalada.jpg","contentUrl":"https:\/\/infoecos.com.ar\/wp-content\/uploads\/2023\/05\/zurroenlasalada.jpg","width":1536,"height":863},{"@type":"BreadcrumbList","@id":"https:\/\/infoecos.com.ar\/index.php\/zurro-ingreso-a-la-salada-y-se-saco-una-foto-en-la-planta-depuradora-a-demoler\/#breadcrumb","itemListElement":[{"@type":"ListItem","position":1,"name":"Portada","item":"https:\/\/infoecos.com.ar\/"},{"@type":"ListItem","position":2,"name":"Zurro ingres\u00f3 a La Salada y se sac\u00f3 una foto en la planta depuradora a demoler"}]},{"@type":"WebSite","@id":"https:\/\/infoecos.com.ar\/#website","url":"https:\/\/infoecos.com.ar\/","name":"Infoecos","description":"Noticias de trenque lauquen y la zona","publisher":{"@id":"https:\/\/infoecos.com.ar\/#organization"},"alternateName":"Noticias","potentialAction":[{"@type":"SearchAction","target":{"@type":"EntryPoint","urlTemplate":"https:\/\/infoecos.com.ar\/?s={search_term_string}"},"query-input":{"@type":"PropertyValueSpecification","valueRequired":true,"valueName":"search_term_string"}}],"inLanguage":"es"},{"@type":"Organization","@id":"https:\/\/infoecos.com.ar\/#organization","name":"Infoecos","alternateName":"Noticias","url":"https:\/\/infoecos.com.ar\/","logo":{"@type":"ImageObject","inLanguage":"es","@id":"https:\/\/infoecos.com.ar\/#\/schema\/logo\/image\/","url":"https:\/\/infoecos.com.ar\/wp-content\/uploads\/2024\/03\/cropped-logo.png","contentUrl":"https:\/\/infoecos.com.ar\/wp-content\/uploads\/2024\/03\/cropped-logo.png","width":374,"height":90,"caption":"Infoecos"},"image":{"@id":"https:\/\/infoecos.com.ar\/#\/schema\/logo\/image\/"},"sameAs":["https:\/\/www.facebook.com\/profile.php?id=100063200290284","https:\/\/x.com\/infoecos"]},{"@type":"Person","@id":"https:\/\/infoecos.com.ar\/#\/schema\/person\/8f5ace5ce73b4b4aac4b7245aee6f191","name":"Jorge Matheus","url":"https:\/\/infoecos.com.ar\/index.php\/author\/jomatheus\/"}]}},"featured_image_urls":{"full":["https:\/\/infoecos.com.ar\/wp-content\/uploads\/2023\/05\/zurroenlasalada.jpg",1536,863,false],"thumbnail":["https:\/\/infoecos.com.ar\/wp-content\/uploads\/2023\/05\/zurroenlasalada-300x150.jpg",300,150,true],"medium":["https:\/\/infoecos.com.ar\/wp-content\/uploads\/2023\/05\/zurroenlasalada-800x449.jpg",800,449,true],"medium_large":["https:\/\/infoecos.com.ar\/wp-content\/uploads\/2023\/05\/zurroenlasalada-768x432.jpg",640,360,true],"large":["https:\/\/infoecos.com.ar\/wp-content\/uploads\/2023\/05\/zurroenlasalada.jpg",640,360,false],"1536x1536":["https:\/\/infoecos.com.ar\/wp-content\/uploads\/2023\/05\/zurroenlasalada.jpg",1536,863,false],"2048x2048":["https:\/\/infoecos.com.ar\/wp-content\/uploads\/2023\/05\/zurroenlasalada.jpg",1536,863,false],"covernews-slider-full":["https:\/\/infoecos.com.ar\/wp-content\/uploads\/2023\/05\/zurroenlasalada.jpg",1115,626,false],"covernews-slider-center":["https:\/\/infoecos.com.ar\/wp-content\/uploads\/2023\/05\/zurroenlasalada-936x863.jpg",542,500,true],"covernews-featured":["https:\/\/infoecos.com.ar\/wp-content\/uploads\/2023\/05\/zurroenlasalada-1024x575.jpg",1024,575,true],"covernews-medium":["https:\/\/infoecos.com.ar\/wp-content\/uploads\/2023\/05\/zurroenlasalada-720x380.jpg",540,285,true],"covernews-medium-square":["https:\/\/infoecos.com.ar\/wp-content\/uploads\/2023\/05\/zurroenlasalada-675x450.jpg",375,250,true]},"author_info":{"info":["Jorge Matheus"]},"category_info":"<a href=\"https:\/\/infoecos.com.ar\/index.php\/category\/inferior13\/\" rel=\"category tag\">Bloque inferior - 13<\/a>","tag_info":"Bloque inferior - 13","comment_count":"0","_links":{"self":[{"href":"https:\/\/infoecos.com.ar\/index.php\/wp-json\/wp\/v2\/posts\/105146"}],"collection":[{"href":"https:\/\/infoecos.com.ar\/index.php\/wp-json\/wp\/v2\/posts"}],"about":[{"href":"https:\/\/infoecos.com.ar\/index.php\/wp-json\/wp\/v2\/types\/post"}],"author":[{"embeddable":true,"href":"https:\/\/infoecos.com.ar\/index.php\/wp-json\/wp\/v2\/users\/2"}],"replies":[{"embeddable":true,"href":"https:\/\/infoecos.com.ar\/index.php\/wp-json\/wp\/v2\/comments?post=105146"}],"version-history":[{"count":1,"href":"https:\/\/infoecos.com.ar\/index.php\/wp-json\/wp\/v2\/posts\/105146\/revisions"}],"predecessor-version":[{"id":105148,"href":"https:\/\/infoecos.com.ar\/index.php\/wp-json\/wp\/v2\/posts\/105146\/revisions\/105148"}],"wp:featuredmedia":[{"embeddable":true,"href":"https:\/\/infoecos.com.ar\/index.php\/wp-json\/wp\/v2\/media\/105147"}],"wp:attachment":[{"href":"https:\/\/infoecos.com.ar\/index.php\/wp-json\/wp\/v2\/media?parent=105146"}],"wp:term":[{"taxonomy":"category","embeddable":true,"href":"https:\/\/infoecos.com.ar\/index.php\/wp-json\/wp\/v2\/categories?post=105146"},{"taxonomy":"post_tag","embeddable":true,"href":"https:\/\/infoecos.com.ar\/index.php\/wp-json\/wp\/v2\/tags?post=105146"}],"curies":[{"name":"wp","href":"https:\/\/api.w.org\/{rel}","templated":true}]}}