{"id":105158,"date":"2023-05-17T21:25:45","date_gmt":"2023-05-18T00:25:45","guid":{"rendered":"https:\/\/infoecos.com.ar\/?p=105158"},"modified":"2023-05-17T21:57:00","modified_gmt":"2023-05-18T00:57:00","slug":"fuerte-viento-en-america-mando-una-pileta-al-techo-de-una-vivienda","status":"publish","type":"post","link":"https:\/\/infoecos.com.ar\/index.php\/fuerte-viento-en-america-mando-una-pileta-al-techo-de-una-vivienda\/","title":{"rendered":"Fuerte viento en Am\u00e9rica \u00abmand\u00f3\u00bb una pileta al techo de una vivienda"},"content":{"rendered":"\n<p>Una fuerte tormenta se desat\u00f3 en algunos distritos del oeste de la provincia de Buenos Aires, entre ellos Rivadavia. Se produjo una situaci\u00f3n muy particular. Una pileta de nataci\u00f3n que se encontraba en un terreno vol\u00f3, y cay\u00f3 sobre el techa de una vivienda.<\/p>\n\n\n\n<figure class=\"wp-block-image aligncenter size-full\"><img loading=\"lazy\" decoding=\"async\" width=\"1024\" height=\"768\" src=\"https:\/\/infoecos.com.ar\/wp-content\/uploads\/2023\/05\/346656703_4159464120946152_6602422279725040511_n.jpg\" alt=\"\" class=\"wp-image-105162\" srcset=\"https:\/\/infoecos.com.ar\/wp-content\/uploads\/2023\/05\/346656703_4159464120946152_6602422279725040511_n.jpg 1024w, https:\/\/infoecos.com.ar\/wp-content\/uploads\/2023\/05\/346656703_4159464120946152_6602422279725040511_n-800x600.jpg 800w, https:\/\/infoecos.com.ar\/wp-content\/uploads\/2023\/05\/346656703_4159464120946152_6602422279725040511_n-768x576.jpg 768w\" sizes=\"(max-width: 1024px) 100vw, 1024px\" \/><figcaption class=\"wp-element-caption\">Am\u00e9rica &#8211; Viento <\/figcaption><\/figure>\n\n\n\n<p>La noticia difundida por medios period\u00edsticos de Am\u00e9rica, consignan que el fuerte viento precedi\u00f3 a la llegada de la lluvia, a\u00f1adiendo que el hecho sucedi\u00f3 a las 18 horas. <\/p>\n\n\n\n<p>Fue necesaria, se\u00f1ala masternews.com.ar, la presencia de una dotaci\u00f3n de Bomberos Voluntarios de Rivadavia que sali\u00f3 desde el cuartel de calle Alem para ayudar a la familia en cuesti\u00f3n.<\/p>\n","protected":false},"excerpt":{"rendered":"<p>La noticia difundida por medios period\u00edsticos de Am\u00e9rica, consignan que el fuerte viento precedi\u00f3 a la llegada de la lluvia, a\u00f1adiendo que el hecho sucedi\u00f3 a las 18 horas<\/p>\n","protected":false},"author":2,"featured_media":105162,"comment_status":"closed","ping_status":"open","sticky":false,"template":"","format":"standard","meta":{"footnotes":""},"categories":[28],"tags":[7988],"class_list":["post-105158","post","type-post","status-publish","format-standard","has-post-thumbnail","hentry","category-c1nota1","tag-tambien-lluvia"],"yoast_head":"<!-- This site is optimized with the Yoast SEO plugin v23.4 - https:\/\/yoast.com\/wordpress\/plugins\/seo\/ -->\n<title>Fuerte viento en Am\u00e9rica &quot;mand\u00f3&quot; una pileta al techo de una vivienda - Infoecos<\/title>\n<meta name=\"robots\" content=\"index, follow, max-snippet:-1, max-image-preview:large, max-video-preview:-1\" \/>\n<link rel=\"canonical\" href=\"https:\/\/infoecos.com.ar\/index.php\/fuerte-viento-en-america-mando-una-pileta-al-techo-de-una-vivienda\/\" \/>\n<meta property=\"og:locale\" content=\"es_ES\" \/>\n<meta property=\"og:type\" content=\"article\" \/>\n<meta property=\"og:title\" content=\"Fuerte viento en Am\u00e9rica &quot;mand\u00f3&quot; una pileta al techo de una vivienda - Infoecos\" \/>\n<meta property=\"og:description\" content=\"La noticia difundida por medios period\u00edsticos de Am\u00e9rica, consignan que el fuerte viento precedi\u00f3 a la llegada de la lluvia, a\u00f1adiendo que el hecho sucedi\u00f3 a las 18 horas\" \/>\n<meta property=\"og:url\" content=\"https:\/\/infoecos.com.ar\/index.php\/fuerte-viento-en-america-mando-una-pileta-al-techo-de-una-vivienda\/\" \/>\n<meta property=\"og:site_name\" content=\"Infoecos\" \/>\n<meta property=\"article:publisher\" content=\"https:\/\/www.facebook.com\/profile.php?id=100063200290284\" \/>\n<meta property=\"article:published_time\" content=\"2023-05-18T00:25:45+00:00\" \/>\n<meta property=\"article:modified_time\" content=\"2023-05-18T00:57:00+00:00\" \/>\n<meta property=\"og:image\" content=\"https:\/\/infoecos.com.ar\/wp-content\/uploads\/2023\/05\/346656703_4159464120946152_6602422279725040511_n.jpg\" \/>\n\t<meta property=\"og:image:width\" content=\"1024\" \/>\n\t<meta property=\"og:image:height\" content=\"768\" \/>\n\t<meta property=\"og:image:type\" content=\"image\/jpeg\" \/>\n<meta name=\"author\" content=\"Jorge Matheus\" \/>\n<meta name=\"twitter:card\" content=\"summary_large_image\" \/>\n<meta name=\"twitter:creator\" content=\"@infoecos\" \/>\n<meta name=\"twitter:site\" content=\"@infoecos\" \/>\n<meta name=\"twitter:label1\" content=\"Escrito por\" \/>\n\t<meta name=\"twitter:data1\" content=\"Jorge Matheus\" \/>\n\t<meta name=\"twitter:label2\" content=\"Tiempo de lectura\" \/>\n\t<meta name=\"twitter:data2\" content=\"1 minuto\" \/>\n<script type=\"application\/ld+json\" class=\"yoast-schema-graph\">{\"@context\":\"https:\/\/schema.org\",\"@graph\":[{\"@type\":\"Article\",\"@id\":\"https:\/\/infoecos.com.ar\/index.php\/fuerte-viento-en-america-mando-una-pileta-al-techo-de-una-vivienda\/#article\",\"isPartOf\":{\"@id\":\"https:\/\/infoecos.com.ar\/index.php\/fuerte-viento-en-america-mando-una-pileta-al-techo-de-una-vivienda\/\"},\"author\":{\"name\":\"Jorge Matheus\",\"@id\":\"https:\/\/infoecos.com.ar\/#\/schema\/person\/8f5ace5ce73b4b4aac4b7245aee6f191\"},\"headline\":\"Fuerte viento en Am\u00e9rica \u00abmand\u00f3\u00bb una pileta al techo de una vivienda\",\"datePublished\":\"2023-05-18T00:25:45+00:00\",\"dateModified\":\"2023-05-18T00:57:00+00:00\",\"mainEntityOfPage\":{\"@id\":\"https:\/\/infoecos.com.ar\/index.php\/fuerte-viento-en-america-mando-una-pileta-al-techo-de-una-vivienda\/\"},\"wordCount\":128,\"publisher\":{\"@id\":\"https:\/\/infoecos.com.ar\/#organization\"},\"image\":{\"@id\":\"https:\/\/infoecos.com.ar\/index.php\/fuerte-viento-en-america-mando-una-pileta-al-techo-de-una-vivienda\/#primaryimage\"},\"thumbnailUrl\":\"https:\/\/infoecos.com.ar\/wp-content\/uploads\/2023\/05\/346656703_4159464120946152_6602422279725040511_n.jpg\",\"keywords\":[\"TAMBI\u00c9N LLUVIA\"],\"articleSection\":[\"C1 N1\"],\"inLanguage\":\"es\"},{\"@type\":\"WebPage\",\"@id\":\"https:\/\/infoecos.com.ar\/index.php\/fuerte-viento-en-america-mando-una-pileta-al-techo-de-una-vivienda\/\",\"url\":\"https:\/\/infoecos.com.ar\/index.php\/fuerte-viento-en-america-mando-una-pileta-al-techo-de-una-vivienda\/\",\"name\":\"Fuerte viento en Am\u00e9rica \\\"mand\u00f3\\\" una pileta al techo de una vivienda - Infoecos\",\"isPartOf\":{\"@id\":\"https:\/\/infoecos.com.ar\/#website\"},\"primaryImageOfPage\":{\"@id\":\"https:\/\/infoecos.com.ar\/index.php\/fuerte-viento-en-america-mando-una-pileta-al-techo-de-una-vivienda\/#primaryimage\"},\"image\":{\"@id\":\"https:\/\/infoecos.com.ar\/index.php\/fuerte-viento-en-america-mando-una-pileta-al-techo-de-una-vivienda\/#primaryimage\"},\"thumbnailUrl\":\"https:\/\/infoecos.com.ar\/wp-content\/uploads\/2023\/05\/346656703_4159464120946152_6602422279725040511_n.jpg\",\"datePublished\":\"2023-05-18T00:25:45+00:00\",\"dateModified\":\"2023-05-18T00:57:00+00:00\",\"breadcrumb\":{\"@id\":\"https:\/\/infoecos.com.ar\/index.php\/fuerte-viento-en-america-mando-una-pileta-al-techo-de-una-vivienda\/#breadcrumb\"},\"inLanguage\":\"es\",\"potentialAction\":[{\"@type\":\"ReadAction\",\"target\":[\"https:\/\/infoecos.com.ar\/index.php\/fuerte-viento-en-america-mando-una-pileta-al-techo-de-una-vivienda\/\"]}]},{\"@type\":\"ImageObject\",\"inLanguage\":\"es\",\"@id\":\"https:\/\/infoecos.com.ar\/index.php\/fuerte-viento-en-america-mando-una-pileta-al-techo-de-una-vivienda\/#primaryimage\",\"url\":\"https:\/\/infoecos.com.ar\/wp-content\/uploads\/2023\/05\/346656703_4159464120946152_6602422279725040511_n.jpg\",\"contentUrl\":\"https:\/\/infoecos.com.ar\/wp-content\/uploads\/2023\/05\/346656703_4159464120946152_6602422279725040511_n.jpg\",\"width\":1024,\"height\":768},{\"@type\":\"BreadcrumbList\",\"@id\":\"https:\/\/infoecos.com.ar\/index.php\/fuerte-viento-en-america-mando-una-pileta-al-techo-de-una-vivienda\/#breadcrumb\",\"itemListElement\":[{\"@type\":\"ListItem\",\"position\":1,\"name\":\"Portada\",\"item\":\"https:\/\/infoecos.com.ar\/\"},{\"@type\":\"ListItem\",\"position\":2,\"name\":\"Fuerte viento en Am\u00e9rica \u00abmand\u00f3\u00bb una pileta al techo de una vivienda\"}]},{\"@type\":\"WebSite\",\"@id\":\"https:\/\/infoecos.com.ar\/#website\",\"url\":\"https:\/\/infoecos.com.ar\/\",\"name\":\"Infoecos\",\"description\":\"Noticias de trenque lauquen y la zona\",\"publisher\":{\"@id\":\"https:\/\/infoecos.com.ar\/#organization\"},\"alternateName\":\"Noticias\",\"potentialAction\":[{\"@type\":\"SearchAction\",\"target\":{\"@type\":\"EntryPoint\",\"urlTemplate\":\"https:\/\/infoecos.com.ar\/?s={search_term_string}\"},\"query-input\":{\"@type\":\"PropertyValueSpecification\",\"valueRequired\":true,\"valueName\":\"search_term_string\"}}],\"inLanguage\":\"es\"},{\"@type\":\"Organization\",\"@id\":\"https:\/\/infoecos.com.ar\/#organization\",\"name\":\"Infoecos\",\"alternateName\":\"Noticias\",\"url\":\"https:\/\/infoecos.com.ar\/\",\"logo\":{\"@type\":\"ImageObject\",\"inLanguage\":\"es\",\"@id\":\"https:\/\/infoecos.com.ar\/#\/schema\/logo\/image\/\",\"url\":\"https:\/\/infoecos.com.ar\/wp-content\/uploads\/2024\/03\/cropped-logo.png\",\"contentUrl\":\"https:\/\/infoecos.com.ar\/wp-content\/uploads\/2024\/03\/cropped-logo.png\",\"width\":374,\"height\":90,\"caption\":\"Infoecos\"},\"image\":{\"@id\":\"https:\/\/infoecos.com.ar\/#\/schema\/logo\/image\/\"},\"sameAs\":[\"https:\/\/www.facebook.com\/profile.php?id=100063200290284\",\"https:\/\/x.com\/infoecos\"]},{\"@type\":\"Person\",\"@id\":\"https:\/\/infoecos.com.ar\/#\/schema\/person\/8f5ace5ce73b4b4aac4b7245aee6f191\",\"name\":\"Jorge Matheus\",\"url\":\"https:\/\/infoecos.com.ar\/index.php\/author\/jomatheus\/\"}]}<\/script>\n<!-- \/ Yoast SEO plugin. -->","yoast_head_json":{"title":"Fuerte viento en Am\u00e9rica \"mand\u00f3\" una pileta al techo de una vivienda - Infoecos","robots":{"index":"index","follow":"follow","max-snippet":"max-snippet:-1","max-image-preview":"max-image-preview:large","max-video-preview":"max-video-preview:-1"},"canonical":"https:\/\/infoecos.com.ar\/index.php\/fuerte-viento-en-america-mando-una-pileta-al-techo-de-una-vivienda\/","og_locale":"es_ES","og_type":"article","og_title":"Fuerte viento en Am\u00e9rica \"mand\u00f3\" una pileta al techo de una vivienda - Infoecos","og_description":"La noticia difundida por medios period\u00edsticos de Am\u00e9rica, consignan que el fuerte viento precedi\u00f3 a la llegada de la lluvia, a\u00f1adiendo que el hecho sucedi\u00f3 a las 18 horas","og_url":"https:\/\/infoecos.com.ar\/index.php\/fuerte-viento-en-america-mando-una-pileta-al-techo-de-una-vivienda\/","og_site_name":"Infoecos","article_publisher":"https:\/\/www.facebook.com\/profile.php?id=100063200290284","article_published_time":"2023-05-18T00:25:45+00:00","article_modified_time":"2023-05-18T00:57:00+00:00","og_image":[{"width":1024,"height":768,"url":"https:\/\/infoecos.com.ar\/wp-content\/uploads\/2023\/05\/346656703_4159464120946152_6602422279725040511_n.jpg","type":"image\/jpeg"}],"author":"Jorge Matheus","twitter_card":"summary_large_image","twitter_creator":"@infoecos","twitter_site":"@infoecos","twitter_misc":{"Escrito por":"Jorge Matheus","Tiempo de lectura":"1 minuto"},"schema":{"@context":"https:\/\/schema.org","@graph":[{"@type":"Article","@id":"https:\/\/infoecos.com.ar\/index.php\/fuerte-viento-en-america-mando-una-pileta-al-techo-de-una-vivienda\/#article","isPartOf":{"@id":"https:\/\/infoecos.com.ar\/index.php\/fuerte-viento-en-america-mando-una-pileta-al-techo-de-una-vivienda\/"},"author":{"name":"Jorge Matheus","@id":"https:\/\/infoecos.com.ar\/#\/schema\/person\/8f5ace5ce73b4b4aac4b7245aee6f191"},"headline":"Fuerte viento en Am\u00e9rica \u00abmand\u00f3\u00bb una pileta al techo de una vivienda","datePublished":"2023-05-18T00:25:45+00:00","dateModified":"2023-05-18T00:57:00+00:00","mainEntityOfPage":{"@id":"https:\/\/infoecos.com.ar\/index.php\/fuerte-viento-en-america-mando-una-pileta-al-techo-de-una-vivienda\/"},"wordCount":128,"publisher":{"@id":"https:\/\/infoecos.com.ar\/#organization"},"image":{"@id":"https:\/\/infoecos.com.ar\/index.php\/fuerte-viento-en-america-mando-una-pileta-al-techo-de-una-vivienda\/#primaryimage"},"thumbnailUrl":"https:\/\/infoecos.com.ar\/wp-content\/uploads\/2023\/05\/346656703_4159464120946152_6602422279725040511_n.jpg","keywords":["TAMBI\u00c9N LLUVIA"],"articleSection":["C1 N1"],"inLanguage":"es"},{"@type":"WebPage","@id":"https:\/\/infoecos.com.ar\/index.php\/fuerte-viento-en-america-mando-una-pileta-al-techo-de-una-vivienda\/","url":"https:\/\/infoecos.com.ar\/index.php\/fuerte-viento-en-america-mando-una-pileta-al-techo-de-una-vivienda\/","name":"Fuerte viento en Am\u00e9rica \"mand\u00f3\" una pileta al techo de una vivienda - Infoecos","isPartOf":{"@id":"https:\/\/infoecos.com.ar\/#website"},"primaryImageOfPage":{"@id":"https:\/\/infoecos.com.ar\/index.php\/fuerte-viento-en-america-mando-una-pileta-al-techo-de-una-vivienda\/#primaryimage"},"image":{"@id":"https:\/\/infoecos.com.ar\/index.php\/fuerte-viento-en-america-mando-una-pileta-al-techo-de-una-vivienda\/#primaryimage"},"thumbnailUrl":"https:\/\/infoecos.com.ar\/wp-content\/uploads\/2023\/05\/346656703_4159464120946152_6602422279725040511_n.jpg","datePublished":"2023-05-18T00:25:45+00:00","dateModified":"2023-05-18T00:57:00+00:00","breadcrumb":{"@id":"https:\/\/infoecos.com.ar\/index.php\/fuerte-viento-en-america-mando-una-pileta-al-techo-de-una-vivienda\/#breadcrumb"},"inLanguage":"es","potentialAction":[{"@type":"ReadAction","target":["https:\/\/infoecos.com.ar\/index.php\/fuerte-viento-en-america-mando-una-pileta-al-techo-de-una-vivienda\/"]}]},{"@type":"ImageObject","inLanguage":"es","@id":"https:\/\/infoecos.com.ar\/index.php\/fuerte-viento-en-america-mando-una-pileta-al-techo-de-una-vivienda\/#primaryimage","url":"https:\/\/infoecos.com.ar\/wp-content\/uploads\/2023\/05\/346656703_4159464120946152_6602422279725040511_n.jpg","contentUrl":"https:\/\/infoecos.com.ar\/wp-content\/uploads\/2023\/05\/346656703_4159464120946152_6602422279725040511_n.jpg","width":1024,"height":768},{"@type":"BreadcrumbList","@id":"https:\/\/infoecos.com.ar\/index.php\/fuerte-viento-en-america-mando-una-pileta-al-techo-de-una-vivienda\/#breadcrumb","itemListElement":[{"@type":"ListItem","position":1,"name":"Portada","item":"https:\/\/infoecos.com.ar\/"},{"@type":"ListItem","position":2,"name":"Fuerte viento en Am\u00e9rica \u00abmand\u00f3\u00bb una pileta al techo de una vivienda"}]},{"@type":"WebSite","@id":"https:\/\/infoecos.com.ar\/#website","url":"https:\/\/infoecos.com.ar\/","name":"Infoecos","description":"Noticias de trenque lauquen y la zona","publisher":{"@id":"https:\/\/infoecos.com.ar\/#organization"},"alternateName":"Noticias","potentialAction":[{"@type":"SearchAction","target":{"@type":"EntryPoint","urlTemplate":"https:\/\/infoecos.com.ar\/?s={search_term_string}"},"query-input":{"@type":"PropertyValueSpecification","valueRequired":true,"valueName":"search_term_string"}}],"inLanguage":"es"},{"@type":"Organization","@id":"https:\/\/infoecos.com.ar\/#organization","name":"Infoecos","alternateName":"Noticias","url":"https:\/\/infoecos.com.ar\/","logo":{"@type":"ImageObject","inLanguage":"es","@id":"https:\/\/infoecos.com.ar\/#\/schema\/logo\/image\/","url":"https:\/\/infoecos.com.ar\/wp-content\/uploads\/2024\/03\/cropped-logo.png","contentUrl":"https:\/\/infoecos.com.ar\/wp-content\/uploads\/2024\/03\/cropped-logo.png","width":374,"height":90,"caption":"Infoecos"},"image":{"@id":"https:\/\/infoecos.com.ar\/#\/schema\/logo\/image\/"},"sameAs":["https:\/\/www.facebook.com\/profile.php?id=100063200290284","https:\/\/x.com\/infoecos"]},{"@type":"Person","@id":"https:\/\/infoecos.com.ar\/#\/schema\/person\/8f5ace5ce73b4b4aac4b7245aee6f191","name":"Jorge Matheus","url":"https:\/\/infoecos.com.ar\/index.php\/author\/jomatheus\/"}]}},"featured_image_urls":{"full":["https:\/\/infoecos.com.ar\/wp-content\/uploads\/2023\/05\/346656703_4159464120946152_6602422279725040511_n.jpg",1024,768,false],"thumbnail":["https:\/\/infoecos.com.ar\/wp-content\/uploads\/2023\/05\/346656703_4159464120946152_6602422279725040511_n-300x150.jpg",300,150,true],"medium":["https:\/\/infoecos.com.ar\/wp-content\/uploads\/2023\/05\/346656703_4159464120946152_6602422279725040511_n-800x600.jpg",800,600,true],"medium_large":["https:\/\/infoecos.com.ar\/wp-content\/uploads\/2023\/05\/346656703_4159464120946152_6602422279725040511_n-768x576.jpg",640,480,true],"large":["https:\/\/infoecos.com.ar\/wp-content\/uploads\/2023\/05\/346656703_4159464120946152_6602422279725040511_n.jpg",640,480,false],"1536x1536":["https:\/\/infoecos.com.ar\/wp-content\/uploads\/2023\/05\/346656703_4159464120946152_6602422279725040511_n.jpg",1024,768,false],"2048x2048":["https:\/\/infoecos.com.ar\/wp-content\/uploads\/2023\/05\/346656703_4159464120946152_6602422279725040511_n.jpg",1024,768,false],"covernews-slider-full":["https:\/\/infoecos.com.ar\/wp-content\/uploads\/2023\/05\/346656703_4159464120946152_6602422279725040511_n.jpg",953,715,false],"covernews-slider-center":["https:\/\/infoecos.com.ar\/wp-content\/uploads\/2023\/05\/346656703_4159464120946152_6602422279725040511_n-936x768.jpg",609,500,true],"covernews-featured":["https:\/\/infoecos.com.ar\/wp-content\/uploads\/2023\/05\/346656703_4159464120946152_6602422279725040511_n.jpg",1024,768,false],"covernews-medium":["https:\/\/infoecos.com.ar\/wp-content\/uploads\/2023\/05\/346656703_4159464120946152_6602422279725040511_n-720x380.jpg",540,285,true],"covernews-medium-square":["https:\/\/infoecos.com.ar\/wp-content\/uploads\/2023\/05\/346656703_4159464120946152_6602422279725040511_n-675x450.jpg",375,250,true]},"author_info":{"info":["Jorge Matheus"]},"category_info":"<a href=\"https:\/\/infoecos.com.ar\/index.php\/category\/c1nota1\/\" rel=\"category tag\">C1 N1<\/a>","tag_info":"C1 N1","comment_count":"0","_links":{"self":[{"href":"https:\/\/infoecos.com.ar\/index.php\/wp-json\/wp\/v2\/posts\/105158"}],"collection":[{"href":"https:\/\/infoecos.com.ar\/index.php\/wp-json\/wp\/v2\/posts"}],"about":[{"href":"https:\/\/infoecos.com.ar\/index.php\/wp-json\/wp\/v2\/types\/post"}],"author":[{"embeddable":true,"href":"https:\/\/infoecos.com.ar\/index.php\/wp-json\/wp\/v2\/users\/2"}],"replies":[{"embeddable":true,"href":"https:\/\/infoecos.com.ar\/index.php\/wp-json\/wp\/v2\/comments?post=105158"}],"version-history":[{"count":2,"href":"https:\/\/infoecos.com.ar\/index.php\/wp-json\/wp\/v2\/posts\/105158\/revisions"}],"predecessor-version":[{"id":105168,"href":"https:\/\/infoecos.com.ar\/index.php\/wp-json\/wp\/v2\/posts\/105158\/revisions\/105168"}],"wp:featuredmedia":[{"embeddable":true,"href":"https:\/\/infoecos.com.ar\/index.php\/wp-json\/wp\/v2\/media\/105162"}],"wp:attachment":[{"href":"https:\/\/infoecos.com.ar\/index.php\/wp-json\/wp\/v2\/media?parent=105158"}],"wp:term":[{"taxonomy":"category","embeddable":true,"href":"https:\/\/infoecos.com.ar\/index.php\/wp-json\/wp\/v2\/categories?post=105158"},{"taxonomy":"post_tag","embeddable":true,"href":"https:\/\/infoecos.com.ar\/index.php\/wp-json\/wp\/v2\/tags?post=105158"}],"curies":[{"name":"wp","href":"https:\/\/api.w.org\/{rel}","templated":true}]}}