{"id":105180,"date":"2023-05-17T22:34:40","date_gmt":"2023-05-18T01:34:40","guid":{"rendered":"https:\/\/infoecos.com.ar\/?p=105180"},"modified":"2023-05-18T01:39:49","modified_gmt":"2023-05-18T04:39:49","slug":"le-robaron-una-moto-denuncio-y-fue-recuperada-en-alvear-y-brown-de-trenque-lauquen","status":"publish","type":"post","link":"https:\/\/infoecos.com.ar\/index.php\/le-robaron-una-moto-denuncio-y-fue-recuperada-en-alvear-y-brown-de-trenque-lauquen\/","title":{"rendered":"Robaron una moto, denuncia, y recuperada en Alvear y Brown de Trenque Lauquen"},"content":{"rendered":"\n<p>En el dia de la fecha se present\u00f3 en el asiento de la seccional policial 1\u00b0 de Trenque Lauquen el ciudadano  Sergio Oscar Cardoso. Denunci\u00f3 que siendo las 08:00 horas constat\u00f3 que le fue sustraida su motocicleta marca Corven Energy, dominio A003-XLJ, color rojo, la cual se encontraba estacionada en el patio de su vivienda, ubicada en calle Guti\u00e9rrez Sur 788. <\/p>\n\n\n\n<figure class=\"wp-block-image aligncenter size-full is-resized\"><img loading=\"lazy\" decoding=\"async\" src=\"https:\/\/infoecos.com.ar\/wp-content\/uploads\/2023\/05\/motorobada.jpg\" alt=\"\" class=\"wp-image-105181\" width=\"573\" height=\"322\" srcset=\"https:\/\/infoecos.com.ar\/wp-content\/uploads\/2023\/05\/motorobada.jpg 1280w, https:\/\/infoecos.com.ar\/wp-content\/uploads\/2023\/05\/motorobada-800x450.jpg 800w, https:\/\/infoecos.com.ar\/wp-content\/uploads\/2023\/05\/motorobada-768x432.jpg 768w, https:\/\/infoecos.com.ar\/wp-content\/uploads\/2023\/05\/motorobada-1024x576.jpg 1024w\" sizes=\"(max-width: 573px) 100vw, 573px\" \/><figcaption class=\"wp-element-caption\">Moto robada<\/figcaption><\/figure>\n\n\n\n<p>La informaci\u00f3n policial indica que ante el il\u00edcito denunciado se inicia investigaci\u00f3n por parte de personal policial de comisaria 1\u00b0 y DDI local, logr\u00e1ndose recuperar la motocicleta sustra\u00edda en intersecci\u00f3n de las calles Alvear y Almirante Brown la cual fue abandonada. Se convoco a personal policial de Policia Cientifica quienes llevaron a cabo diligencias de rigor.<\/p>\n\n\n\n<p>Se instruye causa penal caratulada Hurto Ciclomotor, con intervencion de la Fiscalia 4 Departamental.<\/p>\n","protected":false},"excerpt":{"rendered":"<p>Fue sustraida del patio de una vivienda, ubicada en calle Guti\u00e9rrez Sur 788 <\/p>\n","protected":false},"author":2,"featured_media":105181,"comment_status":"closed","ping_status":"open","sticky":false,"template":"","format":"standard","meta":{"footnotes":""},"categories":[46],"tags":[7991],"class_list":["post-105180","post","type-post","status-publish","format-standard","has-post-thumbnail","hentry","category-c2nota2","tag-otra-policial"],"yoast_head":"<!-- This site is optimized with the Yoast SEO plugin v23.4 - https:\/\/yoast.com\/wordpress\/plugins\/seo\/ -->\n<title>Robaron una moto, denuncia, y recuperada en Alvear y Brown de Trenque Lauquen - Infoecos<\/title>\n<meta name=\"robots\" content=\"index, follow, max-snippet:-1, max-image-preview:large, max-video-preview:-1\" \/>\n<link rel=\"canonical\" href=\"https:\/\/infoecos.com.ar\/index.php\/le-robaron-una-moto-denuncio-y-fue-recuperada-en-alvear-y-brown-de-trenque-lauquen\/\" \/>\n<meta property=\"og:locale\" content=\"es_ES\" \/>\n<meta property=\"og:type\" content=\"article\" \/>\n<meta property=\"og:title\" content=\"Robaron una moto, denuncia, y recuperada en Alvear y Brown de Trenque Lauquen - Infoecos\" \/>\n<meta property=\"og:description\" content=\"Fue sustraida del patio de una vivienda, ubicada en calle Guti\u00e9rrez Sur 788\" \/>\n<meta property=\"og:url\" content=\"https:\/\/infoecos.com.ar\/index.php\/le-robaron-una-moto-denuncio-y-fue-recuperada-en-alvear-y-brown-de-trenque-lauquen\/\" \/>\n<meta property=\"og:site_name\" content=\"Infoecos\" \/>\n<meta property=\"article:publisher\" content=\"https:\/\/www.facebook.com\/profile.php?id=100063200290284\" \/>\n<meta property=\"article:published_time\" content=\"2023-05-18T01:34:40+00:00\" \/>\n<meta property=\"article:modified_time\" content=\"2023-05-18T04:39:49+00:00\" \/>\n<meta property=\"og:image\" content=\"https:\/\/infoecos.com.ar\/wp-content\/uploads\/2023\/05\/motorobada.jpg\" \/>\n\t<meta property=\"og:image:width\" content=\"1280\" \/>\n\t<meta property=\"og:image:height\" content=\"720\" \/>\n\t<meta property=\"og:image:type\" content=\"image\/jpeg\" \/>\n<meta name=\"author\" content=\"Jorge Matheus\" \/>\n<meta name=\"twitter:card\" content=\"summary_large_image\" \/>\n<meta name=\"twitter:creator\" content=\"@infoecos\" \/>\n<meta name=\"twitter:site\" content=\"@infoecos\" \/>\n<meta name=\"twitter:label1\" content=\"Escrito por\" \/>\n\t<meta name=\"twitter:data1\" content=\"Jorge Matheus\" \/>\n\t<meta name=\"twitter:label2\" content=\"Tiempo de lectura\" \/>\n\t<meta name=\"twitter:data2\" content=\"1 minuto\" \/>\n<script type=\"application\/ld+json\" class=\"yoast-schema-graph\">{\"@context\":\"https:\/\/schema.org\",\"@graph\":[{\"@type\":\"Article\",\"@id\":\"https:\/\/infoecos.com.ar\/index.php\/le-robaron-una-moto-denuncio-y-fue-recuperada-en-alvear-y-brown-de-trenque-lauquen\/#article\",\"isPartOf\":{\"@id\":\"https:\/\/infoecos.com.ar\/index.php\/le-robaron-una-moto-denuncio-y-fue-recuperada-en-alvear-y-brown-de-trenque-lauquen\/\"},\"author\":{\"name\":\"Jorge Matheus\",\"@id\":\"https:\/\/infoecos.com.ar\/#\/schema\/person\/8f5ace5ce73b4b4aac4b7245aee6f191\"},\"headline\":\"Robaron una moto, denuncia, y recuperada en Alvear y Brown de Trenque Lauquen\",\"datePublished\":\"2023-05-18T01:34:40+00:00\",\"dateModified\":\"2023-05-18T04:39:49+00:00\",\"mainEntityOfPage\":{\"@id\":\"https:\/\/infoecos.com.ar\/index.php\/le-robaron-una-moto-denuncio-y-fue-recuperada-en-alvear-y-brown-de-trenque-lauquen\/\"},\"wordCount\":149,\"publisher\":{\"@id\":\"https:\/\/infoecos.com.ar\/#organization\"},\"image\":{\"@id\":\"https:\/\/infoecos.com.ar\/index.php\/le-robaron-una-moto-denuncio-y-fue-recuperada-en-alvear-y-brown-de-trenque-lauquen\/#primaryimage\"},\"thumbnailUrl\":\"https:\/\/infoecos.com.ar\/wp-content\/uploads\/2023\/05\/motorobada.jpg\",\"keywords\":[\"OTRA POLICIAL\"],\"articleSection\":[\"C2 N2\"],\"inLanguage\":\"es\"},{\"@type\":\"WebPage\",\"@id\":\"https:\/\/infoecos.com.ar\/index.php\/le-robaron-una-moto-denuncio-y-fue-recuperada-en-alvear-y-brown-de-trenque-lauquen\/\",\"url\":\"https:\/\/infoecos.com.ar\/index.php\/le-robaron-una-moto-denuncio-y-fue-recuperada-en-alvear-y-brown-de-trenque-lauquen\/\",\"name\":\"Robaron una moto, denuncia, y recuperada en Alvear y Brown de Trenque Lauquen - Infoecos\",\"isPartOf\":{\"@id\":\"https:\/\/infoecos.com.ar\/#website\"},\"primaryImageOfPage\":{\"@id\":\"https:\/\/infoecos.com.ar\/index.php\/le-robaron-una-moto-denuncio-y-fue-recuperada-en-alvear-y-brown-de-trenque-lauquen\/#primaryimage\"},\"image\":{\"@id\":\"https:\/\/infoecos.com.ar\/index.php\/le-robaron-una-moto-denuncio-y-fue-recuperada-en-alvear-y-brown-de-trenque-lauquen\/#primaryimage\"},\"thumbnailUrl\":\"https:\/\/infoecos.com.ar\/wp-content\/uploads\/2023\/05\/motorobada.jpg\",\"datePublished\":\"2023-05-18T01:34:40+00:00\",\"dateModified\":\"2023-05-18T04:39:49+00:00\",\"breadcrumb\":{\"@id\":\"https:\/\/infoecos.com.ar\/index.php\/le-robaron-una-moto-denuncio-y-fue-recuperada-en-alvear-y-brown-de-trenque-lauquen\/#breadcrumb\"},\"inLanguage\":\"es\",\"potentialAction\":[{\"@type\":\"ReadAction\",\"target\":[\"https:\/\/infoecos.com.ar\/index.php\/le-robaron-una-moto-denuncio-y-fue-recuperada-en-alvear-y-brown-de-trenque-lauquen\/\"]}]},{\"@type\":\"ImageObject\",\"inLanguage\":\"es\",\"@id\":\"https:\/\/infoecos.com.ar\/index.php\/le-robaron-una-moto-denuncio-y-fue-recuperada-en-alvear-y-brown-de-trenque-lauquen\/#primaryimage\",\"url\":\"https:\/\/infoecos.com.ar\/wp-content\/uploads\/2023\/05\/motorobada.jpg\",\"contentUrl\":\"https:\/\/infoecos.com.ar\/wp-content\/uploads\/2023\/05\/motorobada.jpg\",\"width\":1280,\"height\":720},{\"@type\":\"BreadcrumbList\",\"@id\":\"https:\/\/infoecos.com.ar\/index.php\/le-robaron-una-moto-denuncio-y-fue-recuperada-en-alvear-y-brown-de-trenque-lauquen\/#breadcrumb\",\"itemListElement\":[{\"@type\":\"ListItem\",\"position\":1,\"name\":\"Portada\",\"item\":\"https:\/\/infoecos.com.ar\/\"},{\"@type\":\"ListItem\",\"position\":2,\"name\":\"Robaron una moto, denuncia, y recuperada en Alvear y Brown de Trenque Lauquen\"}]},{\"@type\":\"WebSite\",\"@id\":\"https:\/\/infoecos.com.ar\/#website\",\"url\":\"https:\/\/infoecos.com.ar\/\",\"name\":\"Infoecos\",\"description\":\"Noticias de trenque lauquen y la zona\",\"publisher\":{\"@id\":\"https:\/\/infoecos.com.ar\/#organization\"},\"alternateName\":\"Noticias\",\"potentialAction\":[{\"@type\":\"SearchAction\",\"target\":{\"@type\":\"EntryPoint\",\"urlTemplate\":\"https:\/\/infoecos.com.ar\/?s={search_term_string}\"},\"query-input\":{\"@type\":\"PropertyValueSpecification\",\"valueRequired\":true,\"valueName\":\"search_term_string\"}}],\"inLanguage\":\"es\"},{\"@type\":\"Organization\",\"@id\":\"https:\/\/infoecos.com.ar\/#organization\",\"name\":\"Infoecos\",\"alternateName\":\"Noticias\",\"url\":\"https:\/\/infoecos.com.ar\/\",\"logo\":{\"@type\":\"ImageObject\",\"inLanguage\":\"es\",\"@id\":\"https:\/\/infoecos.com.ar\/#\/schema\/logo\/image\/\",\"url\":\"https:\/\/infoecos.com.ar\/wp-content\/uploads\/2024\/03\/cropped-logo.png\",\"contentUrl\":\"https:\/\/infoecos.com.ar\/wp-content\/uploads\/2024\/03\/cropped-logo.png\",\"width\":374,\"height\":90,\"caption\":\"Infoecos\"},\"image\":{\"@id\":\"https:\/\/infoecos.com.ar\/#\/schema\/logo\/image\/\"},\"sameAs\":[\"https:\/\/www.facebook.com\/profile.php?id=100063200290284\",\"https:\/\/x.com\/infoecos\"]},{\"@type\":\"Person\",\"@id\":\"https:\/\/infoecos.com.ar\/#\/schema\/person\/8f5ace5ce73b4b4aac4b7245aee6f191\",\"name\":\"Jorge Matheus\",\"url\":\"https:\/\/infoecos.com.ar\/index.php\/author\/jomatheus\/\"}]}<\/script>\n<!-- \/ Yoast SEO plugin. -->","yoast_head_json":{"title":"Robaron una moto, denuncia, y recuperada en Alvear y Brown de Trenque Lauquen - Infoecos","robots":{"index":"index","follow":"follow","max-snippet":"max-snippet:-1","max-image-preview":"max-image-preview:large","max-video-preview":"max-video-preview:-1"},"canonical":"https:\/\/infoecos.com.ar\/index.php\/le-robaron-una-moto-denuncio-y-fue-recuperada-en-alvear-y-brown-de-trenque-lauquen\/","og_locale":"es_ES","og_type":"article","og_title":"Robaron una moto, denuncia, y recuperada en Alvear y Brown de Trenque Lauquen - Infoecos","og_description":"Fue sustraida del patio de una vivienda, ubicada en calle Guti\u00e9rrez Sur 788","og_url":"https:\/\/infoecos.com.ar\/index.php\/le-robaron-una-moto-denuncio-y-fue-recuperada-en-alvear-y-brown-de-trenque-lauquen\/","og_site_name":"Infoecos","article_publisher":"https:\/\/www.facebook.com\/profile.php?id=100063200290284","article_published_time":"2023-05-18T01:34:40+00:00","article_modified_time":"2023-05-18T04:39:49+00:00","og_image":[{"width":1280,"height":720,"url":"https:\/\/infoecos.com.ar\/wp-content\/uploads\/2023\/05\/motorobada.jpg","type":"image\/jpeg"}],"author":"Jorge Matheus","twitter_card":"summary_large_image","twitter_creator":"@infoecos","twitter_site":"@infoecos","twitter_misc":{"Escrito por":"Jorge Matheus","Tiempo de lectura":"1 minuto"},"schema":{"@context":"https:\/\/schema.org","@graph":[{"@type":"Article","@id":"https:\/\/infoecos.com.ar\/index.php\/le-robaron-una-moto-denuncio-y-fue-recuperada-en-alvear-y-brown-de-trenque-lauquen\/#article","isPartOf":{"@id":"https:\/\/infoecos.com.ar\/index.php\/le-robaron-una-moto-denuncio-y-fue-recuperada-en-alvear-y-brown-de-trenque-lauquen\/"},"author":{"name":"Jorge Matheus","@id":"https:\/\/infoecos.com.ar\/#\/schema\/person\/8f5ace5ce73b4b4aac4b7245aee6f191"},"headline":"Robaron una moto, denuncia, y recuperada en Alvear y Brown de Trenque Lauquen","datePublished":"2023-05-18T01:34:40+00:00","dateModified":"2023-05-18T04:39:49+00:00","mainEntityOfPage":{"@id":"https:\/\/infoecos.com.ar\/index.php\/le-robaron-una-moto-denuncio-y-fue-recuperada-en-alvear-y-brown-de-trenque-lauquen\/"},"wordCount":149,"publisher":{"@id":"https:\/\/infoecos.com.ar\/#organization"},"image":{"@id":"https:\/\/infoecos.com.ar\/index.php\/le-robaron-una-moto-denuncio-y-fue-recuperada-en-alvear-y-brown-de-trenque-lauquen\/#primaryimage"},"thumbnailUrl":"https:\/\/infoecos.com.ar\/wp-content\/uploads\/2023\/05\/motorobada.jpg","keywords":["OTRA POLICIAL"],"articleSection":["C2 N2"],"inLanguage":"es"},{"@type":"WebPage","@id":"https:\/\/infoecos.com.ar\/index.php\/le-robaron-una-moto-denuncio-y-fue-recuperada-en-alvear-y-brown-de-trenque-lauquen\/","url":"https:\/\/infoecos.com.ar\/index.php\/le-robaron-una-moto-denuncio-y-fue-recuperada-en-alvear-y-brown-de-trenque-lauquen\/","name":"Robaron una moto, denuncia, y recuperada en Alvear y Brown de Trenque Lauquen - Infoecos","isPartOf":{"@id":"https:\/\/infoecos.com.ar\/#website"},"primaryImageOfPage":{"@id":"https:\/\/infoecos.com.ar\/index.php\/le-robaron-una-moto-denuncio-y-fue-recuperada-en-alvear-y-brown-de-trenque-lauquen\/#primaryimage"},"image":{"@id":"https:\/\/infoecos.com.ar\/index.php\/le-robaron-una-moto-denuncio-y-fue-recuperada-en-alvear-y-brown-de-trenque-lauquen\/#primaryimage"},"thumbnailUrl":"https:\/\/infoecos.com.ar\/wp-content\/uploads\/2023\/05\/motorobada.jpg","datePublished":"2023-05-18T01:34:40+00:00","dateModified":"2023-05-18T04:39:49+00:00","breadcrumb":{"@id":"https:\/\/infoecos.com.ar\/index.php\/le-robaron-una-moto-denuncio-y-fue-recuperada-en-alvear-y-brown-de-trenque-lauquen\/#breadcrumb"},"inLanguage":"es","potentialAction":[{"@type":"ReadAction","target":["https:\/\/infoecos.com.ar\/index.php\/le-robaron-una-moto-denuncio-y-fue-recuperada-en-alvear-y-brown-de-trenque-lauquen\/"]}]},{"@type":"ImageObject","inLanguage":"es","@id":"https:\/\/infoecos.com.ar\/index.php\/le-robaron-una-moto-denuncio-y-fue-recuperada-en-alvear-y-brown-de-trenque-lauquen\/#primaryimage","url":"https:\/\/infoecos.com.ar\/wp-content\/uploads\/2023\/05\/motorobada.jpg","contentUrl":"https:\/\/infoecos.com.ar\/wp-content\/uploads\/2023\/05\/motorobada.jpg","width":1280,"height":720},{"@type":"BreadcrumbList","@id":"https:\/\/infoecos.com.ar\/index.php\/le-robaron-una-moto-denuncio-y-fue-recuperada-en-alvear-y-brown-de-trenque-lauquen\/#breadcrumb","itemListElement":[{"@type":"ListItem","position":1,"name":"Portada","item":"https:\/\/infoecos.com.ar\/"},{"@type":"ListItem","position":2,"name":"Robaron una moto, denuncia, y recuperada en Alvear y Brown de Trenque Lauquen"}]},{"@type":"WebSite","@id":"https:\/\/infoecos.com.ar\/#website","url":"https:\/\/infoecos.com.ar\/","name":"Infoecos","description":"Noticias de trenque lauquen y la zona","publisher":{"@id":"https:\/\/infoecos.com.ar\/#organization"},"alternateName":"Noticias","potentialAction":[{"@type":"SearchAction","target":{"@type":"EntryPoint","urlTemplate":"https:\/\/infoecos.com.ar\/?s={search_term_string}"},"query-input":{"@type":"PropertyValueSpecification","valueRequired":true,"valueName":"search_term_string"}}],"inLanguage":"es"},{"@type":"Organization","@id":"https:\/\/infoecos.com.ar\/#organization","name":"Infoecos","alternateName":"Noticias","url":"https:\/\/infoecos.com.ar\/","logo":{"@type":"ImageObject","inLanguage":"es","@id":"https:\/\/infoecos.com.ar\/#\/schema\/logo\/image\/","url":"https:\/\/infoecos.com.ar\/wp-content\/uploads\/2024\/03\/cropped-logo.png","contentUrl":"https:\/\/infoecos.com.ar\/wp-content\/uploads\/2024\/03\/cropped-logo.png","width":374,"height":90,"caption":"Infoecos"},"image":{"@id":"https:\/\/infoecos.com.ar\/#\/schema\/logo\/image\/"},"sameAs":["https:\/\/www.facebook.com\/profile.php?id=100063200290284","https:\/\/x.com\/infoecos"]},{"@type":"Person","@id":"https:\/\/infoecos.com.ar\/#\/schema\/person\/8f5ace5ce73b4b4aac4b7245aee6f191","name":"Jorge Matheus","url":"https:\/\/infoecos.com.ar\/index.php\/author\/jomatheus\/"}]}},"featured_image_urls":{"full":["https:\/\/infoecos.com.ar\/wp-content\/uploads\/2023\/05\/motorobada.jpg",1280,720,false],"thumbnail":["https:\/\/infoecos.com.ar\/wp-content\/uploads\/2023\/05\/motorobada-300x150.jpg",300,150,true],"medium":["https:\/\/infoecos.com.ar\/wp-content\/uploads\/2023\/05\/motorobada-800x450.jpg",800,450,true],"medium_large":["https:\/\/infoecos.com.ar\/wp-content\/uploads\/2023\/05\/motorobada-768x432.jpg",640,360,true],"large":["https:\/\/infoecos.com.ar\/wp-content\/uploads\/2023\/05\/motorobada.jpg",640,360,false],"1536x1536":["https:\/\/infoecos.com.ar\/wp-content\/uploads\/2023\/05\/motorobada.jpg",1280,720,false],"2048x2048":["https:\/\/infoecos.com.ar\/wp-content\/uploads\/2023\/05\/motorobada.jpg",1280,720,false],"covernews-slider-full":["https:\/\/infoecos.com.ar\/wp-content\/uploads\/2023\/05\/motorobada.jpg",1115,627,false],"covernews-slider-center":["https:\/\/infoecos.com.ar\/wp-content\/uploads\/2023\/05\/motorobada-936x720.jpg",650,500,true],"covernews-featured":["https:\/\/infoecos.com.ar\/wp-content\/uploads\/2023\/05\/motorobada-1024x576.jpg",1024,576,true],"covernews-medium":["https:\/\/infoecos.com.ar\/wp-content\/uploads\/2023\/05\/motorobada-720x380.jpg",540,285,true],"covernews-medium-square":["https:\/\/infoecos.com.ar\/wp-content\/uploads\/2023\/05\/motorobada-675x450.jpg",375,250,true]},"author_info":{"info":["Jorge Matheus"]},"category_info":"<a href=\"https:\/\/infoecos.com.ar\/index.php\/category\/c2nota2\/\" rel=\"category tag\">C2 N2<\/a>","tag_info":"C2 N2","comment_count":"0","_links":{"self":[{"href":"https:\/\/infoecos.com.ar\/index.php\/wp-json\/wp\/v2\/posts\/105180"}],"collection":[{"href":"https:\/\/infoecos.com.ar\/index.php\/wp-json\/wp\/v2\/posts"}],"about":[{"href":"https:\/\/infoecos.com.ar\/index.php\/wp-json\/wp\/v2\/types\/post"}],"author":[{"embeddable":true,"href":"https:\/\/infoecos.com.ar\/index.php\/wp-json\/wp\/v2\/users\/2"}],"replies":[{"embeddable":true,"href":"https:\/\/infoecos.com.ar\/index.php\/wp-json\/wp\/v2\/comments?post=105180"}],"version-history":[{"count":2,"href":"https:\/\/infoecos.com.ar\/index.php\/wp-json\/wp\/v2\/posts\/105180\/revisions"}],"predecessor-version":[{"id":105196,"href":"https:\/\/infoecos.com.ar\/index.php\/wp-json\/wp\/v2\/posts\/105180\/revisions\/105196"}],"wp:featuredmedia":[{"embeddable":true,"href":"https:\/\/infoecos.com.ar\/index.php\/wp-json\/wp\/v2\/media\/105181"}],"wp:attachment":[{"href":"https:\/\/infoecos.com.ar\/index.php\/wp-json\/wp\/v2\/media?parent=105180"}],"wp:term":[{"taxonomy":"category","embeddable":true,"href":"https:\/\/infoecos.com.ar\/index.php\/wp-json\/wp\/v2\/categories?post=105180"},{"taxonomy":"post_tag","embeddable":true,"href":"https:\/\/infoecos.com.ar\/index.php\/wp-json\/wp\/v2\/tags?post=105180"}],"curies":[{"name":"wp","href":"https:\/\/api.w.org\/{rel}","templated":true}]}}