{"id":105213,"date":"2023-05-18T23:40:24","date_gmt":"2023-05-19T02:40:24","guid":{"rendered":"https:\/\/infoecos.com.ar\/?p=105213"},"modified":"2023-05-19T18:05:06","modified_gmt":"2023-05-19T21:05:06","slug":"el-nucleamiento-empresarial-del-noroeste-bonaerense-le-contesto-al-presidente","status":"publish","type":"post","link":"https:\/\/infoecos.com.ar\/index.php\/el-nucleamiento-empresarial-del-noroeste-bonaerense-le-contesto-al-presidente\/","title":{"rendered":"El Nucleamiento Empresarial del Noroeste Bonaerense le contest\u00f3 al presidente"},"content":{"rendered":"\n<p>La Federaci\u00f3n del Nucleamiento Empresarial del Noroeste Bonaerense sali\u00f3 a responderle al presidente de la Naci\u00f3n que hab\u00eda responsabilizado al comercio minorista de ser responsables de los incrementos que se producen en las g\u00f3ndolas. <\/p>\n\n\n\n<figure class=\"wp-block-image aligncenter size-large is-resized\"><img loading=\"lazy\" decoding=\"async\" src=\"https:\/\/infoecos.com.ar\/wp-content\/uploads\/01-3-920x552.jpg\" alt=\"\" class=\"wp-image-59760\" width=\"456\" height=\"274\" srcset=\"https:\/\/infoecos.com.ar\/wp-content\/uploads\/01-3-920x552.jpg 920w, https:\/\/infoecos.com.ar\/wp-content\/uploads\/01-3-460x276.jpg 460w, https:\/\/infoecos.com.ar\/wp-content\/uploads\/01-3-768x461.jpg 768w, https:\/\/infoecos.com.ar\/wp-content\/uploads\/01-3-1024x614.jpg 1024w, https:\/\/infoecos.com.ar\/wp-content\/uploads\/01-3.jpg 1280w\" sizes=\"(max-width: 456px) 100vw, 456px\" \/><figcaption class=\"wp-element-caption\">Comercios<\/figcaption><\/figure>\n\n\n\n<p>La entidad se\u00f1ala que \u00absiente la imperiosa necesidad de expresar e informar que nuestros peque\u00f1os y medianos comerciantes No son formadores de Precios y ante la cruel realidad que los apremia son, en todo caso, afectados, sobre quienes recaen las definiciones y embates econ\u00f3micos\u00bb.<\/p>\n\n\n\n<p>El Nucleamiento se\u00f1ala con respecto a los minoristas que \u00abellos solo pueden ver la manera de no perder su capital de trabajo y mantener el mismo\u00bb<\/p>\n\n\n\n<p>Apela a que \u00aben este momento como empresarios, unirnos y trabajar juntos para poder superar el panorama actual\u00bb.<\/p>\n\n\n\n<p>El documento muy breve termina con \u00abUnidos y luchando vamos a encontrar la soluci\u00f3n a este problema y as\u00ed lograr lo que nos proponemos\u00bb.<\/p>\n","protected":false},"excerpt":{"rendered":"<p>La entidad se\u00f1ala que \u00absiente la imperiosa necesidad de expresar e informar que nuestros peque\u00f1os y medianos comerciantes No son formadores de Precios y ante la cruel realidad que los apremia son, en todo caso, afectados, sobre quienes recaen las definiciones y embates econ\u00f3micos\u00bb.<\/p>\n","protected":false},"author":2,"featured_media":46743,"comment_status":"closed","ping_status":"open","sticky":false,"template":"","format":"standard","meta":{"footnotes":""},"categories":[25],"tags":[],"class_list":["post-105213","post","type-post","status-publish","format-standard","has-post-thumbnail","hentry","category-c3nota1"],"yoast_head":"<!-- This site is optimized with the Yoast SEO plugin v23.4 - https:\/\/yoast.com\/wordpress\/plugins\/seo\/ -->\n<title>El Nucleamiento Empresarial del Noroeste Bonaerense le contest\u00f3 al presidente - Infoecos<\/title>\n<meta name=\"robots\" content=\"index, follow, max-snippet:-1, max-image-preview:large, max-video-preview:-1\" \/>\n<link rel=\"canonical\" href=\"https:\/\/infoecos.com.ar\/index.php\/el-nucleamiento-empresarial-del-noroeste-bonaerense-le-contesto-al-presidente\/\" \/>\n<meta property=\"og:locale\" content=\"es_ES\" \/>\n<meta property=\"og:type\" content=\"article\" \/>\n<meta property=\"og:title\" content=\"El Nucleamiento Empresarial del Noroeste Bonaerense le contest\u00f3 al presidente - Infoecos\" \/>\n<meta property=\"og:description\" content=\"La entidad se\u00f1ala que &quot;siente la imperiosa necesidad de expresar e informar que nuestros peque\u00f1os y medianos comerciantes No son formadores de Precios y ante la cruel realidad que los apremia son, en todo caso, afectados, sobre quienes recaen las definiciones y embates econ\u00f3micos&quot;.\" \/>\n<meta property=\"og:url\" content=\"https:\/\/infoecos.com.ar\/index.php\/el-nucleamiento-empresarial-del-noroeste-bonaerense-le-contesto-al-presidente\/\" \/>\n<meta property=\"og:site_name\" content=\"Infoecos\" \/>\n<meta property=\"article:publisher\" content=\"https:\/\/www.facebook.com\/profile.php?id=100063200290284\" \/>\n<meta property=\"article:published_time\" content=\"2023-05-19T02:40:24+00:00\" \/>\n<meta property=\"article:modified_time\" content=\"2023-05-19T21:05:06+00:00\" \/>\n<meta property=\"og:image\" content=\"https:\/\/infoecos.com.ar\/wp-content\/uploads\/safe_image.jpg\" \/>\n\t<meta property=\"og:image:width\" content=\"476\" \/>\n\t<meta property=\"og:image:height\" content=\"248\" \/>\n\t<meta property=\"og:image:type\" content=\"image\/jpeg\" \/>\n<meta name=\"author\" content=\"Jorge Matheus\" \/>\n<meta name=\"twitter:card\" content=\"summary_large_image\" \/>\n<meta name=\"twitter:creator\" content=\"@infoecos\" \/>\n<meta name=\"twitter:site\" content=\"@infoecos\" \/>\n<meta name=\"twitter:label1\" content=\"Escrito por\" \/>\n\t<meta name=\"twitter:data1\" content=\"Jorge Matheus\" \/>\n\t<meta name=\"twitter:label2\" content=\"Tiempo de lectura\" \/>\n\t<meta name=\"twitter:data2\" content=\"1 minuto\" \/>\n<script type=\"application\/ld+json\" class=\"yoast-schema-graph\">{\"@context\":\"https:\/\/schema.org\",\"@graph\":[{\"@type\":\"Article\",\"@id\":\"https:\/\/infoecos.com.ar\/index.php\/el-nucleamiento-empresarial-del-noroeste-bonaerense-le-contesto-al-presidente\/#article\",\"isPartOf\":{\"@id\":\"https:\/\/infoecos.com.ar\/index.php\/el-nucleamiento-empresarial-del-noroeste-bonaerense-le-contesto-al-presidente\/\"},\"author\":{\"name\":\"Jorge Matheus\",\"@id\":\"https:\/\/infoecos.com.ar\/#\/schema\/person\/8f5ace5ce73b4b4aac4b7245aee6f191\"},\"headline\":\"El Nucleamiento Empresarial del Noroeste Bonaerense le contest\u00f3 al presidente\",\"datePublished\":\"2023-05-19T02:40:24+00:00\",\"dateModified\":\"2023-05-19T21:05:06+00:00\",\"mainEntityOfPage\":{\"@id\":\"https:\/\/infoecos.com.ar\/index.php\/el-nucleamiento-empresarial-del-noroeste-bonaerense-le-contesto-al-presidente\/\"},\"wordCount\":166,\"publisher\":{\"@id\":\"https:\/\/infoecos.com.ar\/#organization\"},\"image\":{\"@id\":\"https:\/\/infoecos.com.ar\/index.php\/el-nucleamiento-empresarial-del-noroeste-bonaerense-le-contesto-al-presidente\/#primaryimage\"},\"thumbnailUrl\":\"\",\"articleSection\":[\"C3 N1\"],\"inLanguage\":\"es\"},{\"@type\":\"WebPage\",\"@id\":\"https:\/\/infoecos.com.ar\/index.php\/el-nucleamiento-empresarial-del-noroeste-bonaerense-le-contesto-al-presidente\/\",\"url\":\"https:\/\/infoecos.com.ar\/index.php\/el-nucleamiento-empresarial-del-noroeste-bonaerense-le-contesto-al-presidente\/\",\"name\":\"El Nucleamiento Empresarial del Noroeste Bonaerense le contest\u00f3 al presidente - Infoecos\",\"isPartOf\":{\"@id\":\"https:\/\/infoecos.com.ar\/#website\"},\"primaryImageOfPage\":{\"@id\":\"https:\/\/infoecos.com.ar\/index.php\/el-nucleamiento-empresarial-del-noroeste-bonaerense-le-contesto-al-presidente\/#primaryimage\"},\"image\":{\"@id\":\"https:\/\/infoecos.com.ar\/index.php\/el-nucleamiento-empresarial-del-noroeste-bonaerense-le-contesto-al-presidente\/#primaryimage\"},\"thumbnailUrl\":\"\",\"datePublished\":\"2023-05-19T02:40:24+00:00\",\"dateModified\":\"2023-05-19T21:05:06+00:00\",\"breadcrumb\":{\"@id\":\"https:\/\/infoecos.com.ar\/index.php\/el-nucleamiento-empresarial-del-noroeste-bonaerense-le-contesto-al-presidente\/#breadcrumb\"},\"inLanguage\":\"es\",\"potentialAction\":[{\"@type\":\"ReadAction\",\"target\":[\"https:\/\/infoecos.com.ar\/index.php\/el-nucleamiento-empresarial-del-noroeste-bonaerense-le-contesto-al-presidente\/\"]}]},{\"@type\":\"ImageObject\",\"inLanguage\":\"es\",\"@id\":\"https:\/\/infoecos.com.ar\/index.php\/el-nucleamiento-empresarial-del-noroeste-bonaerense-le-contesto-al-presidente\/#primaryimage\",\"url\":\"\",\"contentUrl\":\"\"},{\"@type\":\"BreadcrumbList\",\"@id\":\"https:\/\/infoecos.com.ar\/index.php\/el-nucleamiento-empresarial-del-noroeste-bonaerense-le-contesto-al-presidente\/#breadcrumb\",\"itemListElement\":[{\"@type\":\"ListItem\",\"position\":1,\"name\":\"Portada\",\"item\":\"https:\/\/infoecos.com.ar\/\"},{\"@type\":\"ListItem\",\"position\":2,\"name\":\"El Nucleamiento Empresarial del Noroeste Bonaerense le contest\u00f3 al presidente\"}]},{\"@type\":\"WebSite\",\"@id\":\"https:\/\/infoecos.com.ar\/#website\",\"url\":\"https:\/\/infoecos.com.ar\/\",\"name\":\"Infoecos\",\"description\":\"Noticias de trenque lauquen y la zona\",\"publisher\":{\"@id\":\"https:\/\/infoecos.com.ar\/#organization\"},\"alternateName\":\"Noticias\",\"potentialAction\":[{\"@type\":\"SearchAction\",\"target\":{\"@type\":\"EntryPoint\",\"urlTemplate\":\"https:\/\/infoecos.com.ar\/?s={search_term_string}\"},\"query-input\":{\"@type\":\"PropertyValueSpecification\",\"valueRequired\":true,\"valueName\":\"search_term_string\"}}],\"inLanguage\":\"es\"},{\"@type\":\"Organization\",\"@id\":\"https:\/\/infoecos.com.ar\/#organization\",\"name\":\"Infoecos\",\"alternateName\":\"Noticias\",\"url\":\"https:\/\/infoecos.com.ar\/\",\"logo\":{\"@type\":\"ImageObject\",\"inLanguage\":\"es\",\"@id\":\"https:\/\/infoecos.com.ar\/#\/schema\/logo\/image\/\",\"url\":\"https:\/\/infoecos.com.ar\/wp-content\/uploads\/2024\/03\/cropped-logo.png\",\"contentUrl\":\"https:\/\/infoecos.com.ar\/wp-content\/uploads\/2024\/03\/cropped-logo.png\",\"width\":374,\"height\":90,\"caption\":\"Infoecos\"},\"image\":{\"@id\":\"https:\/\/infoecos.com.ar\/#\/schema\/logo\/image\/\"},\"sameAs\":[\"https:\/\/www.facebook.com\/profile.php?id=100063200290284\",\"https:\/\/x.com\/infoecos\"]},{\"@type\":\"Person\",\"@id\":\"https:\/\/infoecos.com.ar\/#\/schema\/person\/8f5ace5ce73b4b4aac4b7245aee6f191\",\"name\":\"Jorge Matheus\",\"url\":\"https:\/\/infoecos.com.ar\/index.php\/author\/jomatheus\/\"}]}<\/script>\n<!-- \/ Yoast SEO plugin. -->","yoast_head_json":{"title":"El Nucleamiento Empresarial del Noroeste Bonaerense le contest\u00f3 al presidente - Infoecos","robots":{"index":"index","follow":"follow","max-snippet":"max-snippet:-1","max-image-preview":"max-image-preview:large","max-video-preview":"max-video-preview:-1"},"canonical":"https:\/\/infoecos.com.ar\/index.php\/el-nucleamiento-empresarial-del-noroeste-bonaerense-le-contesto-al-presidente\/","og_locale":"es_ES","og_type":"article","og_title":"El Nucleamiento Empresarial del Noroeste Bonaerense le contest\u00f3 al presidente - Infoecos","og_description":"La entidad se\u00f1ala que \"siente la imperiosa necesidad de expresar e informar que nuestros peque\u00f1os y medianos comerciantes No son formadores de Precios y ante la cruel realidad que los apremia son, en todo caso, afectados, sobre quienes recaen las definiciones y embates econ\u00f3micos\".","og_url":"https:\/\/infoecos.com.ar\/index.php\/el-nucleamiento-empresarial-del-noroeste-bonaerense-le-contesto-al-presidente\/","og_site_name":"Infoecos","article_publisher":"https:\/\/www.facebook.com\/profile.php?id=100063200290284","article_published_time":"2023-05-19T02:40:24+00:00","article_modified_time":"2023-05-19T21:05:06+00:00","og_image":[{"width":476,"height":248,"url":"https:\/\/infoecos.com.ar\/wp-content\/uploads\/safe_image.jpg","type":"image\/jpeg"}],"author":"Jorge Matheus","twitter_card":"summary_large_image","twitter_creator":"@infoecos","twitter_site":"@infoecos","twitter_misc":{"Escrito por":"Jorge Matheus","Tiempo de lectura":"1 minuto"},"schema":{"@context":"https:\/\/schema.org","@graph":[{"@type":"Article","@id":"https:\/\/infoecos.com.ar\/index.php\/el-nucleamiento-empresarial-del-noroeste-bonaerense-le-contesto-al-presidente\/#article","isPartOf":{"@id":"https:\/\/infoecos.com.ar\/index.php\/el-nucleamiento-empresarial-del-noroeste-bonaerense-le-contesto-al-presidente\/"},"author":{"name":"Jorge Matheus","@id":"https:\/\/infoecos.com.ar\/#\/schema\/person\/8f5ace5ce73b4b4aac4b7245aee6f191"},"headline":"El Nucleamiento Empresarial del Noroeste Bonaerense le contest\u00f3 al presidente","datePublished":"2023-05-19T02:40:24+00:00","dateModified":"2023-05-19T21:05:06+00:00","mainEntityOfPage":{"@id":"https:\/\/infoecos.com.ar\/index.php\/el-nucleamiento-empresarial-del-noroeste-bonaerense-le-contesto-al-presidente\/"},"wordCount":166,"publisher":{"@id":"https:\/\/infoecos.com.ar\/#organization"},"image":{"@id":"https:\/\/infoecos.com.ar\/index.php\/el-nucleamiento-empresarial-del-noroeste-bonaerense-le-contesto-al-presidente\/#primaryimage"},"thumbnailUrl":"","articleSection":["C3 N1"],"inLanguage":"es"},{"@type":"WebPage","@id":"https:\/\/infoecos.com.ar\/index.php\/el-nucleamiento-empresarial-del-noroeste-bonaerense-le-contesto-al-presidente\/","url":"https:\/\/infoecos.com.ar\/index.php\/el-nucleamiento-empresarial-del-noroeste-bonaerense-le-contesto-al-presidente\/","name":"El Nucleamiento Empresarial del Noroeste Bonaerense le contest\u00f3 al presidente - Infoecos","isPartOf":{"@id":"https:\/\/infoecos.com.ar\/#website"},"primaryImageOfPage":{"@id":"https:\/\/infoecos.com.ar\/index.php\/el-nucleamiento-empresarial-del-noroeste-bonaerense-le-contesto-al-presidente\/#primaryimage"},"image":{"@id":"https:\/\/infoecos.com.ar\/index.php\/el-nucleamiento-empresarial-del-noroeste-bonaerense-le-contesto-al-presidente\/#primaryimage"},"thumbnailUrl":"","datePublished":"2023-05-19T02:40:24+00:00","dateModified":"2023-05-19T21:05:06+00:00","breadcrumb":{"@id":"https:\/\/infoecos.com.ar\/index.php\/el-nucleamiento-empresarial-del-noroeste-bonaerense-le-contesto-al-presidente\/#breadcrumb"},"inLanguage":"es","potentialAction":[{"@type":"ReadAction","target":["https:\/\/infoecos.com.ar\/index.php\/el-nucleamiento-empresarial-del-noroeste-bonaerense-le-contesto-al-presidente\/"]}]},{"@type":"ImageObject","inLanguage":"es","@id":"https:\/\/infoecos.com.ar\/index.php\/el-nucleamiento-empresarial-del-noroeste-bonaerense-le-contesto-al-presidente\/#primaryimage","url":"","contentUrl":""},{"@type":"BreadcrumbList","@id":"https:\/\/infoecos.com.ar\/index.php\/el-nucleamiento-empresarial-del-noroeste-bonaerense-le-contesto-al-presidente\/#breadcrumb","itemListElement":[{"@type":"ListItem","position":1,"name":"Portada","item":"https:\/\/infoecos.com.ar\/"},{"@type":"ListItem","position":2,"name":"El Nucleamiento Empresarial del Noroeste Bonaerense le contest\u00f3 al presidente"}]},{"@type":"WebSite","@id":"https:\/\/infoecos.com.ar\/#website","url":"https:\/\/infoecos.com.ar\/","name":"Infoecos","description":"Noticias de trenque lauquen y la zona","publisher":{"@id":"https:\/\/infoecos.com.ar\/#organization"},"alternateName":"Noticias","potentialAction":[{"@type":"SearchAction","target":{"@type":"EntryPoint","urlTemplate":"https:\/\/infoecos.com.ar\/?s={search_term_string}"},"query-input":{"@type":"PropertyValueSpecification","valueRequired":true,"valueName":"search_term_string"}}],"inLanguage":"es"},{"@type":"Organization","@id":"https:\/\/infoecos.com.ar\/#organization","name":"Infoecos","alternateName":"Noticias","url":"https:\/\/infoecos.com.ar\/","logo":{"@type":"ImageObject","inLanguage":"es","@id":"https:\/\/infoecos.com.ar\/#\/schema\/logo\/image\/","url":"https:\/\/infoecos.com.ar\/wp-content\/uploads\/2024\/03\/cropped-logo.png","contentUrl":"https:\/\/infoecos.com.ar\/wp-content\/uploads\/2024\/03\/cropped-logo.png","width":374,"height":90,"caption":"Infoecos"},"image":{"@id":"https:\/\/infoecos.com.ar\/#\/schema\/logo\/image\/"},"sameAs":["https:\/\/www.facebook.com\/profile.php?id=100063200290284","https:\/\/x.com\/infoecos"]},{"@type":"Person","@id":"https:\/\/infoecos.com.ar\/#\/schema\/person\/8f5ace5ce73b4b4aac4b7245aee6f191","name":"Jorge Matheus","url":"https:\/\/infoecos.com.ar\/index.php\/author\/jomatheus\/"}]}},"featured_image_urls":{"full":"","thumbnail":"","medium":"","medium_large":"","large":"","1536x1536":"","2048x2048":"","covernews-slider-full":"","covernews-slider-center":"","covernews-featured":"","covernews-medium":"","covernews-medium-square":""},"author_info":{"info":["Jorge Matheus"]},"category_info":"<a href=\"https:\/\/infoecos.com.ar\/index.php\/category\/c3nota1\/\" rel=\"category tag\">C3 N1<\/a>","tag_info":"C3 N1","comment_count":"0","_links":{"self":[{"href":"https:\/\/infoecos.com.ar\/index.php\/wp-json\/wp\/v2\/posts\/105213"}],"collection":[{"href":"https:\/\/infoecos.com.ar\/index.php\/wp-json\/wp\/v2\/posts"}],"about":[{"href":"https:\/\/infoecos.com.ar\/index.php\/wp-json\/wp\/v2\/types\/post"}],"author":[{"embeddable":true,"href":"https:\/\/infoecos.com.ar\/index.php\/wp-json\/wp\/v2\/users\/2"}],"replies":[{"embeddable":true,"href":"https:\/\/infoecos.com.ar\/index.php\/wp-json\/wp\/v2\/comments?post=105213"}],"version-history":[{"count":1,"href":"https:\/\/infoecos.com.ar\/index.php\/wp-json\/wp\/v2\/posts\/105213\/revisions"}],"predecessor-version":[{"id":105214,"href":"https:\/\/infoecos.com.ar\/index.php\/wp-json\/wp\/v2\/posts\/105213\/revisions\/105214"}],"wp:featuredmedia":[{"embeddable":true,"href":"https:\/\/infoecos.com.ar\/index.php\/wp-json\/"}],"wp:attachment":[{"href":"https:\/\/infoecos.com.ar\/index.php\/wp-json\/wp\/v2\/media?parent=105213"}],"wp:term":[{"taxonomy":"category","embeddable":true,"href":"https:\/\/infoecos.com.ar\/index.php\/wp-json\/wp\/v2\/categories?post=105213"},{"taxonomy":"post_tag","embeddable":true,"href":"https:\/\/infoecos.com.ar\/index.php\/wp-json\/wp\/v2\/tags?post=105213"}],"curies":[{"name":"wp","href":"https:\/\/api.w.org\/{rel}","templated":true}]}}