{"id":105222,"date":"2023-05-19T00:20:36","date_gmt":"2023-05-19T03:20:36","guid":{"rendered":"https:\/\/infoecos.com.ar\/?p=105222"},"modified":"2023-05-22T03:13:28","modified_gmt":"2023-05-22T06:13:28","slug":"en-el-duelo-sevilla-y-juventus-lamela-le-gano-a-di-maria","status":"publish","type":"post","link":"https:\/\/infoecos.com.ar\/index.php\/en-el-duelo-sevilla-y-juventus-lamela-le-gano-a-di-maria\/","title":{"rendered":"En el \u00abduelo\u00bb Sevilla y Juventus, Lamela le gan\u00f3 a Di Mar\u00eda"},"content":{"rendered":"\n<p>Sevilla le gan\u00f3 2-1 a Juventus&nbsp;y&nbsp;se meti\u00f3 en la final&nbsp;de la Europa League. Dusan&nbsp;<strong>V<\/strong>lahovic&nbsp;abri\u00f3 el marcador para el equipo italiano, que tuvo como titular a \u00c1ngel&nbsp;Di Mar\u00eda. El local respondi\u00f3: lo empat\u00f3&nbsp;Suso Fern\u00e1ndez&nbsp;y, en el alargue tras repetir el 1-1 de la ida,&nbsp;Erik Lamela le dio el pase al partido definitorio, donde enfrentar\u00e1 a la Roma de Paulo Dybala.<\/p>\n\n\n\n<figure class=\"wp-block-image aligncenter size-full is-resized\"><img loading=\"lazy\" decoding=\"async\" src=\"https:\/\/infoecos.com.ar\/wp-content\/uploads\/2023\/05\/image-120.png\" alt=\"\" class=\"wp-image-105223\" width=\"461\" height=\"259\" srcset=\"https:\/\/infoecos.com.ar\/wp-content\/uploads\/2023\/05\/image-120.png 862w, https:\/\/infoecos.com.ar\/wp-content\/uploads\/2023\/05\/image-120-800x450.png 800w, https:\/\/infoecos.com.ar\/wp-content\/uploads\/2023\/05\/image-120-768x432.png 768w\" sizes=\"(max-width: 461px) 100vw, 461px\" \/><\/figure>\n\n\n\n<figure class=\"wp-block-embed is-type-video is-provider-youtube wp-block-embed-youtube wp-embed-aspect-16-9 wp-has-aspect-ratio\"><div class=\"wp-block-embed__wrapper\">\n<iframe loading=\"lazy\" title=\"\u00a1DE LA MANO DE LAMELA, LOS BLANQUIRROJOS VAN POR LA S\u00c9PTIMA! | Sevilla 2-1 Juventus | RESUMEN\" width=\"640\" height=\"360\" src=\"https:\/\/www.youtube.com\/embed\/Znc6IKZSodc?feature=oembed\" frameborder=\"0\" allow=\"accelerometer; autoplay; clipboard-write; encrypted-media; gyroscope; picture-in-picture; web-share\" referrerpolicy=\"strict-origin-when-cross-origin\" allowfullscreen><\/iframe>\n<\/div><\/figure>\n","protected":false},"excerpt":{"rendered":"<p>Erik Lamela le dio el pase al partido definitorio, donde enfrentar\u00e1 a la Roma de Paulo Dybala.<\/p>\n","protected":false},"author":2,"featured_media":105223,"comment_status":"closed","ping_status":"open","sticky":false,"template":"","format":"standard","meta":{"footnotes":""},"categories":[26],"tags":[8000],"class_list":["post-105222","post","type-post","status-publish","format-standard","has-post-thumbnail","hentry","category-inferior6","tag-sevilla-a-la-final-de-la-europa-league"],"yoast_head":"<!-- This site is optimized with the Yoast SEO plugin v23.4 - https:\/\/yoast.com\/wordpress\/plugins\/seo\/ -->\n<title>En el &quot;duelo&quot; Sevilla y Juventus, Lamela le gan\u00f3 a Di Mar\u00eda - Infoecos<\/title>\n<meta name=\"robots\" content=\"index, follow, max-snippet:-1, max-image-preview:large, max-video-preview:-1\" \/>\n<link rel=\"canonical\" href=\"https:\/\/infoecos.com.ar\/index.php\/en-el-duelo-sevilla-y-juventus-lamela-le-gano-a-di-maria\/\" \/>\n<meta property=\"og:locale\" content=\"es_ES\" \/>\n<meta property=\"og:type\" content=\"article\" \/>\n<meta property=\"og:title\" content=\"En el &quot;duelo&quot; Sevilla y Juventus, Lamela le gan\u00f3 a Di Mar\u00eda - Infoecos\" \/>\n<meta property=\"og:description\" content=\"Erik Lamela le dio el pase al partido definitorio, donde enfrentar\u00e1 a la Roma de Paulo Dybala.\" \/>\n<meta property=\"og:url\" content=\"https:\/\/infoecos.com.ar\/index.php\/en-el-duelo-sevilla-y-juventus-lamela-le-gano-a-di-maria\/\" \/>\n<meta property=\"og:site_name\" content=\"Infoecos\" \/>\n<meta property=\"article:publisher\" content=\"https:\/\/www.facebook.com\/profile.php?id=100063200290284\" \/>\n<meta property=\"article:published_time\" content=\"2023-05-19T03:20:36+00:00\" \/>\n<meta property=\"article:modified_time\" content=\"2023-05-22T06:13:28+00:00\" \/>\n<meta property=\"og:image\" content=\"https:\/\/infoecos.com.ar\/wp-content\/uploads\/2023\/05\/image-120.png\" \/>\n\t<meta property=\"og:image:width\" content=\"862\" \/>\n\t<meta property=\"og:image:height\" content=\"485\" \/>\n\t<meta property=\"og:image:type\" content=\"image\/png\" \/>\n<meta name=\"author\" content=\"Jorge Matheus\" \/>\n<meta name=\"twitter:card\" content=\"summary_large_image\" \/>\n<meta name=\"twitter:creator\" content=\"@infoecos\" \/>\n<meta name=\"twitter:site\" content=\"@infoecos\" \/>\n<meta name=\"twitter:label1\" content=\"Escrito por\" \/>\n\t<meta name=\"twitter:data1\" content=\"Jorge Matheus\" \/>\n\t<meta name=\"twitter:label2\" content=\"Tiempo de lectura\" \/>\n\t<meta name=\"twitter:data2\" content=\"1 minuto\" \/>\n<script type=\"application\/ld+json\" class=\"yoast-schema-graph\">{\"@context\":\"https:\/\/schema.org\",\"@graph\":[{\"@type\":\"Article\",\"@id\":\"https:\/\/infoecos.com.ar\/index.php\/en-el-duelo-sevilla-y-juventus-lamela-le-gano-a-di-maria\/#article\",\"isPartOf\":{\"@id\":\"https:\/\/infoecos.com.ar\/index.php\/en-el-duelo-sevilla-y-juventus-lamela-le-gano-a-di-maria\/\"},\"author\":{\"name\":\"Jorge Matheus\",\"@id\":\"https:\/\/infoecos.com.ar\/#\/schema\/person\/8f5ace5ce73b4b4aac4b7245aee6f191\"},\"headline\":\"En el \u00abduelo\u00bb Sevilla y Juventus, Lamela le gan\u00f3 a Di Mar\u00eda\",\"datePublished\":\"2023-05-19T03:20:36+00:00\",\"dateModified\":\"2023-05-22T06:13:28+00:00\",\"mainEntityOfPage\":{\"@id\":\"https:\/\/infoecos.com.ar\/index.php\/en-el-duelo-sevilla-y-juventus-lamela-le-gano-a-di-maria\/\"},\"wordCount\":104,\"publisher\":{\"@id\":\"https:\/\/infoecos.com.ar\/#organization\"},\"image\":{\"@id\":\"https:\/\/infoecos.com.ar\/index.php\/en-el-duelo-sevilla-y-juventus-lamela-le-gano-a-di-maria\/#primaryimage\"},\"thumbnailUrl\":\"https:\/\/infoecos.com.ar\/wp-content\/uploads\/2023\/05\/image-120.png\",\"keywords\":[\"SEVILLA A LA FINAL DE LA EUROPA LEAGUE\"],\"articleSection\":[\"Bloque inferior - 6\"],\"inLanguage\":\"es\"},{\"@type\":\"WebPage\",\"@id\":\"https:\/\/infoecos.com.ar\/index.php\/en-el-duelo-sevilla-y-juventus-lamela-le-gano-a-di-maria\/\",\"url\":\"https:\/\/infoecos.com.ar\/index.php\/en-el-duelo-sevilla-y-juventus-lamela-le-gano-a-di-maria\/\",\"name\":\"En el \\\"duelo\\\" Sevilla y Juventus, Lamela le gan\u00f3 a Di Mar\u00eda - Infoecos\",\"isPartOf\":{\"@id\":\"https:\/\/infoecos.com.ar\/#website\"},\"primaryImageOfPage\":{\"@id\":\"https:\/\/infoecos.com.ar\/index.php\/en-el-duelo-sevilla-y-juventus-lamela-le-gano-a-di-maria\/#primaryimage\"},\"image\":{\"@id\":\"https:\/\/infoecos.com.ar\/index.php\/en-el-duelo-sevilla-y-juventus-lamela-le-gano-a-di-maria\/#primaryimage\"},\"thumbnailUrl\":\"https:\/\/infoecos.com.ar\/wp-content\/uploads\/2023\/05\/image-120.png\",\"datePublished\":\"2023-05-19T03:20:36+00:00\",\"dateModified\":\"2023-05-22T06:13:28+00:00\",\"breadcrumb\":{\"@id\":\"https:\/\/infoecos.com.ar\/index.php\/en-el-duelo-sevilla-y-juventus-lamela-le-gano-a-di-maria\/#breadcrumb\"},\"inLanguage\":\"es\",\"potentialAction\":[{\"@type\":\"ReadAction\",\"target\":[\"https:\/\/infoecos.com.ar\/index.php\/en-el-duelo-sevilla-y-juventus-lamela-le-gano-a-di-maria\/\"]}]},{\"@type\":\"ImageObject\",\"inLanguage\":\"es\",\"@id\":\"https:\/\/infoecos.com.ar\/index.php\/en-el-duelo-sevilla-y-juventus-lamela-le-gano-a-di-maria\/#primaryimage\",\"url\":\"https:\/\/infoecos.com.ar\/wp-content\/uploads\/2023\/05\/image-120.png\",\"contentUrl\":\"https:\/\/infoecos.com.ar\/wp-content\/uploads\/2023\/05\/image-120.png\",\"width\":862,\"height\":485},{\"@type\":\"BreadcrumbList\",\"@id\":\"https:\/\/infoecos.com.ar\/index.php\/en-el-duelo-sevilla-y-juventus-lamela-le-gano-a-di-maria\/#breadcrumb\",\"itemListElement\":[{\"@type\":\"ListItem\",\"position\":1,\"name\":\"Portada\",\"item\":\"https:\/\/infoecos.com.ar\/\"},{\"@type\":\"ListItem\",\"position\":2,\"name\":\"En el \u00abduelo\u00bb Sevilla y Juventus, Lamela le gan\u00f3 a Di Mar\u00eda\"}]},{\"@type\":\"WebSite\",\"@id\":\"https:\/\/infoecos.com.ar\/#website\",\"url\":\"https:\/\/infoecos.com.ar\/\",\"name\":\"Infoecos\",\"description\":\"Noticias de trenque lauquen y la zona\",\"publisher\":{\"@id\":\"https:\/\/infoecos.com.ar\/#organization\"},\"alternateName\":\"Noticias\",\"potentialAction\":[{\"@type\":\"SearchAction\",\"target\":{\"@type\":\"EntryPoint\",\"urlTemplate\":\"https:\/\/infoecos.com.ar\/?s={search_term_string}\"},\"query-input\":{\"@type\":\"PropertyValueSpecification\",\"valueRequired\":true,\"valueName\":\"search_term_string\"}}],\"inLanguage\":\"es\"},{\"@type\":\"Organization\",\"@id\":\"https:\/\/infoecos.com.ar\/#organization\",\"name\":\"Infoecos\",\"alternateName\":\"Noticias\",\"url\":\"https:\/\/infoecos.com.ar\/\",\"logo\":{\"@type\":\"ImageObject\",\"inLanguage\":\"es\",\"@id\":\"https:\/\/infoecos.com.ar\/#\/schema\/logo\/image\/\",\"url\":\"https:\/\/infoecos.com.ar\/wp-content\/uploads\/2024\/03\/cropped-logo.png\",\"contentUrl\":\"https:\/\/infoecos.com.ar\/wp-content\/uploads\/2024\/03\/cropped-logo.png\",\"width\":374,\"height\":90,\"caption\":\"Infoecos\"},\"image\":{\"@id\":\"https:\/\/infoecos.com.ar\/#\/schema\/logo\/image\/\"},\"sameAs\":[\"https:\/\/www.facebook.com\/profile.php?id=100063200290284\",\"https:\/\/x.com\/infoecos\"]},{\"@type\":\"Person\",\"@id\":\"https:\/\/infoecos.com.ar\/#\/schema\/person\/8f5ace5ce73b4b4aac4b7245aee6f191\",\"name\":\"Jorge Matheus\",\"url\":\"https:\/\/infoecos.com.ar\/index.php\/author\/jomatheus\/\"}]}<\/script>\n<!-- \/ Yoast SEO plugin. -->","yoast_head_json":{"title":"En el \"duelo\" Sevilla y Juventus, Lamela le gan\u00f3 a Di Mar\u00eda - Infoecos","robots":{"index":"index","follow":"follow","max-snippet":"max-snippet:-1","max-image-preview":"max-image-preview:large","max-video-preview":"max-video-preview:-1"},"canonical":"https:\/\/infoecos.com.ar\/index.php\/en-el-duelo-sevilla-y-juventus-lamela-le-gano-a-di-maria\/","og_locale":"es_ES","og_type":"article","og_title":"En el \"duelo\" Sevilla y Juventus, Lamela le gan\u00f3 a Di Mar\u00eda - Infoecos","og_description":"Erik Lamela le dio el pase al partido definitorio, donde enfrentar\u00e1 a la Roma de Paulo Dybala.","og_url":"https:\/\/infoecos.com.ar\/index.php\/en-el-duelo-sevilla-y-juventus-lamela-le-gano-a-di-maria\/","og_site_name":"Infoecos","article_publisher":"https:\/\/www.facebook.com\/profile.php?id=100063200290284","article_published_time":"2023-05-19T03:20:36+00:00","article_modified_time":"2023-05-22T06:13:28+00:00","og_image":[{"width":862,"height":485,"url":"https:\/\/infoecos.com.ar\/wp-content\/uploads\/2023\/05\/image-120.png","type":"image\/png"}],"author":"Jorge Matheus","twitter_card":"summary_large_image","twitter_creator":"@infoecos","twitter_site":"@infoecos","twitter_misc":{"Escrito por":"Jorge Matheus","Tiempo de lectura":"1 minuto"},"schema":{"@context":"https:\/\/schema.org","@graph":[{"@type":"Article","@id":"https:\/\/infoecos.com.ar\/index.php\/en-el-duelo-sevilla-y-juventus-lamela-le-gano-a-di-maria\/#article","isPartOf":{"@id":"https:\/\/infoecos.com.ar\/index.php\/en-el-duelo-sevilla-y-juventus-lamela-le-gano-a-di-maria\/"},"author":{"name":"Jorge Matheus","@id":"https:\/\/infoecos.com.ar\/#\/schema\/person\/8f5ace5ce73b4b4aac4b7245aee6f191"},"headline":"En el \u00abduelo\u00bb Sevilla y Juventus, Lamela le gan\u00f3 a Di Mar\u00eda","datePublished":"2023-05-19T03:20:36+00:00","dateModified":"2023-05-22T06:13:28+00:00","mainEntityOfPage":{"@id":"https:\/\/infoecos.com.ar\/index.php\/en-el-duelo-sevilla-y-juventus-lamela-le-gano-a-di-maria\/"},"wordCount":104,"publisher":{"@id":"https:\/\/infoecos.com.ar\/#organization"},"image":{"@id":"https:\/\/infoecos.com.ar\/index.php\/en-el-duelo-sevilla-y-juventus-lamela-le-gano-a-di-maria\/#primaryimage"},"thumbnailUrl":"https:\/\/infoecos.com.ar\/wp-content\/uploads\/2023\/05\/image-120.png","keywords":["SEVILLA A LA FINAL DE LA EUROPA LEAGUE"],"articleSection":["Bloque inferior - 6"],"inLanguage":"es"},{"@type":"WebPage","@id":"https:\/\/infoecos.com.ar\/index.php\/en-el-duelo-sevilla-y-juventus-lamela-le-gano-a-di-maria\/","url":"https:\/\/infoecos.com.ar\/index.php\/en-el-duelo-sevilla-y-juventus-lamela-le-gano-a-di-maria\/","name":"En el \"duelo\" Sevilla y Juventus, Lamela le gan\u00f3 a Di Mar\u00eda - Infoecos","isPartOf":{"@id":"https:\/\/infoecos.com.ar\/#website"},"primaryImageOfPage":{"@id":"https:\/\/infoecos.com.ar\/index.php\/en-el-duelo-sevilla-y-juventus-lamela-le-gano-a-di-maria\/#primaryimage"},"image":{"@id":"https:\/\/infoecos.com.ar\/index.php\/en-el-duelo-sevilla-y-juventus-lamela-le-gano-a-di-maria\/#primaryimage"},"thumbnailUrl":"https:\/\/infoecos.com.ar\/wp-content\/uploads\/2023\/05\/image-120.png","datePublished":"2023-05-19T03:20:36+00:00","dateModified":"2023-05-22T06:13:28+00:00","breadcrumb":{"@id":"https:\/\/infoecos.com.ar\/index.php\/en-el-duelo-sevilla-y-juventus-lamela-le-gano-a-di-maria\/#breadcrumb"},"inLanguage":"es","potentialAction":[{"@type":"ReadAction","target":["https:\/\/infoecos.com.ar\/index.php\/en-el-duelo-sevilla-y-juventus-lamela-le-gano-a-di-maria\/"]}]},{"@type":"ImageObject","inLanguage":"es","@id":"https:\/\/infoecos.com.ar\/index.php\/en-el-duelo-sevilla-y-juventus-lamela-le-gano-a-di-maria\/#primaryimage","url":"https:\/\/infoecos.com.ar\/wp-content\/uploads\/2023\/05\/image-120.png","contentUrl":"https:\/\/infoecos.com.ar\/wp-content\/uploads\/2023\/05\/image-120.png","width":862,"height":485},{"@type":"BreadcrumbList","@id":"https:\/\/infoecos.com.ar\/index.php\/en-el-duelo-sevilla-y-juventus-lamela-le-gano-a-di-maria\/#breadcrumb","itemListElement":[{"@type":"ListItem","position":1,"name":"Portada","item":"https:\/\/infoecos.com.ar\/"},{"@type":"ListItem","position":2,"name":"En el \u00abduelo\u00bb Sevilla y Juventus, Lamela le gan\u00f3 a Di Mar\u00eda"}]},{"@type":"WebSite","@id":"https:\/\/infoecos.com.ar\/#website","url":"https:\/\/infoecos.com.ar\/","name":"Infoecos","description":"Noticias de trenque lauquen y la zona","publisher":{"@id":"https:\/\/infoecos.com.ar\/#organization"},"alternateName":"Noticias","potentialAction":[{"@type":"SearchAction","target":{"@type":"EntryPoint","urlTemplate":"https:\/\/infoecos.com.ar\/?s={search_term_string}"},"query-input":{"@type":"PropertyValueSpecification","valueRequired":true,"valueName":"search_term_string"}}],"inLanguage":"es"},{"@type":"Organization","@id":"https:\/\/infoecos.com.ar\/#organization","name":"Infoecos","alternateName":"Noticias","url":"https:\/\/infoecos.com.ar\/","logo":{"@type":"ImageObject","inLanguage":"es","@id":"https:\/\/infoecos.com.ar\/#\/schema\/logo\/image\/","url":"https:\/\/infoecos.com.ar\/wp-content\/uploads\/2024\/03\/cropped-logo.png","contentUrl":"https:\/\/infoecos.com.ar\/wp-content\/uploads\/2024\/03\/cropped-logo.png","width":374,"height":90,"caption":"Infoecos"},"image":{"@id":"https:\/\/infoecos.com.ar\/#\/schema\/logo\/image\/"},"sameAs":["https:\/\/www.facebook.com\/profile.php?id=100063200290284","https:\/\/x.com\/infoecos"]},{"@type":"Person","@id":"https:\/\/infoecos.com.ar\/#\/schema\/person\/8f5ace5ce73b4b4aac4b7245aee6f191","name":"Jorge Matheus","url":"https:\/\/infoecos.com.ar\/index.php\/author\/jomatheus\/"}]}},"featured_image_urls":{"full":["https:\/\/infoecos.com.ar\/wp-content\/uploads\/2023\/05\/image-120.png",862,485,false],"thumbnail":["https:\/\/infoecos.com.ar\/wp-content\/uploads\/2023\/05\/image-120-300x150.png",300,150,true],"medium":["https:\/\/infoecos.com.ar\/wp-content\/uploads\/2023\/05\/image-120-800x450.png",800,450,true],"medium_large":["https:\/\/infoecos.com.ar\/wp-content\/uploads\/2023\/05\/image-120-768x432.png",640,360,true],"large":["https:\/\/infoecos.com.ar\/wp-content\/uploads\/2023\/05\/image-120.png",640,360,false],"1536x1536":["https:\/\/infoecos.com.ar\/wp-content\/uploads\/2023\/05\/image-120.png",862,485,false],"2048x2048":["https:\/\/infoecos.com.ar\/wp-content\/uploads\/2023\/05\/image-120.png",862,485,false],"covernews-slider-full":["https:\/\/infoecos.com.ar\/wp-content\/uploads\/2023\/05\/image-120.png",862,485,false],"covernews-slider-center":["https:\/\/infoecos.com.ar\/wp-content\/uploads\/2023\/05\/image-120.png",800,450,false],"covernews-featured":["https:\/\/infoecos.com.ar\/wp-content\/uploads\/2023\/05\/image-120.png",862,485,false],"covernews-medium":["https:\/\/infoecos.com.ar\/wp-content\/uploads\/2023\/05\/image-120-720x380.png",540,285,true],"covernews-medium-square":["https:\/\/infoecos.com.ar\/wp-content\/uploads\/2023\/05\/image-120-675x450.png",375,250,true]},"author_info":{"info":["Jorge Matheus"]},"category_info":"<a href=\"https:\/\/infoecos.com.ar\/index.php\/category\/inferior6\/\" rel=\"category tag\">Bloque inferior - 6<\/a>","tag_info":"Bloque inferior - 6","comment_count":"0","_links":{"self":[{"href":"https:\/\/infoecos.com.ar\/index.php\/wp-json\/wp\/v2\/posts\/105222"}],"collection":[{"href":"https:\/\/infoecos.com.ar\/index.php\/wp-json\/wp\/v2\/posts"}],"about":[{"href":"https:\/\/infoecos.com.ar\/index.php\/wp-json\/wp\/v2\/types\/post"}],"author":[{"embeddable":true,"href":"https:\/\/infoecos.com.ar\/index.php\/wp-json\/wp\/v2\/users\/2"}],"replies":[{"embeddable":true,"href":"https:\/\/infoecos.com.ar\/index.php\/wp-json\/wp\/v2\/comments?post=105222"}],"version-history":[{"count":2,"href":"https:\/\/infoecos.com.ar\/index.php\/wp-json\/wp\/v2\/posts\/105222\/revisions"}],"predecessor-version":[{"id":105333,"href":"https:\/\/infoecos.com.ar\/index.php\/wp-json\/wp\/v2\/posts\/105222\/revisions\/105333"}],"wp:featuredmedia":[{"embeddable":true,"href":"https:\/\/infoecos.com.ar\/index.php\/wp-json\/wp\/v2\/media\/105223"}],"wp:attachment":[{"href":"https:\/\/infoecos.com.ar\/index.php\/wp-json\/wp\/v2\/media?parent=105222"}],"wp:term":[{"taxonomy":"category","embeddable":true,"href":"https:\/\/infoecos.com.ar\/index.php\/wp-json\/wp\/v2\/categories?post=105222"},{"taxonomy":"post_tag","embeddable":true,"href":"https:\/\/infoecos.com.ar\/index.php\/wp-json\/wp\/v2\/tags?post=105222"}],"curies":[{"name":"wp","href":"https:\/\/api.w.org\/{rel}","templated":true}]}}