{"id":105228,"date":"2023-05-19T17:44:41","date_gmt":"2023-05-19T20:44:41","guid":{"rendered":"https:\/\/infoecos.com.ar\/?p=105228"},"modified":"2023-05-22T03:06:14","modified_gmt":"2023-05-22T06:06:14","slug":"el-frente-de-todos-de-rivadavia-no-le-deja-pasar-una-al-gobierno-de-javier-reynoso","status":"publish","type":"post","link":"https:\/\/infoecos.com.ar\/index.php\/el-frente-de-todos-de-rivadavia-no-le-deja-pasar-una-al-gobierno-de-javier-reynoso\/","title":{"rendered":"El Frente de Todos de Rivadavia no le deja pasar una al gobierno de Javier Reynoso"},"content":{"rendered":"\n<p>Desde el bloque de concejales del Frente de Todos de Rivadavia advirtieron por la falta de inversi\u00f3n en Obra P\u00fablica, caminos y el parque automotor municipal. Adem\u00e1s, cuestionaron \u201cel acomodo de los amigos y familiares de los funcionarios\u201d y el uso clientelar de la asistencia social.<\/p>\n\n\n\n<figure class=\"wp-block-image aligncenter size-full is-resized\"><img loading=\"lazy\" decoding=\"async\" src=\"https:\/\/infoecos.com.ar\/wp-content\/uploads\/2023\/05\/image-121.png\" alt=\"\" class=\"wp-image-105229\" width=\"548\" height=\"365\" srcset=\"https:\/\/infoecos.com.ar\/wp-content\/uploads\/2023\/05\/image-121.png 768w, https:\/\/infoecos.com.ar\/wp-content\/uploads\/2023\/05\/image-121-675x450.png 675w\" sizes=\"(max-width: 548px) 100vw, 548px\" \/><figcaption class=\"wp-element-caption\">Rivadavia &#8211; Concejo Deliberante <\/figcaption><\/figure>\n\n\n\n<p>La informaci\u00f3n publicada en los sitios de Am\u00e9rica, se\u00f1ala que el Concejo Deliberante de Rivadavia debati\u00f3 la Rendici\u00f3n de Cuentas 2022 presentada por el Ejecutivo local, que obtuvo el rechazo del Frente de Todos y sali\u00f3 aprobada por los votos del bloque de Rivadavia Primero.<\/p>\n\n\n\n<p>Desde la oposici\u00f3n, marcaron que \u201ceste gobierno municipal establece como prioridad la comunicaci\u00f3n, para la propaganda pol\u00edtica, por sobre \u00e1reas claves para el desarrollo de la comunidad como son el \u00e1rea de producci\u00f3n y empleo\u201d.<\/p>\n\n\n\n<p>En otro tramo, los ediles del Frente de Todos advirtieron que \u201cno se utiliz\u00f3 el dinero disponible para promover los microemprendimientos con Pr\u00e9stamos a corto plazo y, por el contrario, se aument\u00f3 la planta de empleados\u201d.<\/p>\n\n\n\n<p>Asimismo, expresaron que \u201cnecesitamos pol\u00edticas que fortalezcan el trabajo genuino y dejar de agrandar la estructura del Estado con la creaci\u00f3n de nuevos cargos pol\u00edticos a\u00f1o tras a\u00f1o\u201d.<\/p>\n\n\n\n<p>Tambi\u00e9n advirtieron por \u201cel estado calamitoso del parque automotor municipal, en especial el de servicios p\u00fablicos\u201d, y contaron como ejemplo que \u201cse compr\u00f3 un cami\u00f3n atmosf\u00e9rico modelo 1973 para la servicio urbano en Am\u00e9rica, por un valor de $2.100.000, este cami\u00f3n que dice Larroude se ve asiduamente en todos los talleres de la ciudad de Am\u00e9rica\u201d.<\/p>\n\n\n\n<p>\u201cLa ineficiencia en el mantenimiento de la red vial y caminos sigue siendo una constante\u201d, aseguraron los ediles y destacaron que pese a la ampliaci\u00f3n de la partida presupuestaria en casi $70 millones \u201cno se realiz\u00f3 el mantenimiento de los caminos de manera total, as\u00ed como tampoco se repararon las m\u00e1quinas viales\u201d.<\/p>\n\n\n\n<p>Respecto de la Obra P\u00fablica, aseguraron que \u201cen todos los pueblos se vio disminuida fuertemente la obra p\u00fablica planificada para realizar por administraci\u00f3n municipal\u201d, y detallaron que \u201cse observa que las obras en las delegaciones representan s\u00f3lo un 14% de las obras realizadas en Am\u00e9rica\u201d.<\/p>\n\n\n\n<p>Para la obra P\u00fablica en Am\u00e9rica, remarcaron que \u201cmuchas de las obras prioritarias vieron disminuidas sus partidas o directamente no se ejecutaron en absoluto\u201d, y apuntaron al tema viviendas: \u201cel Ejecutivo municipal encar\u00f3 de una manera irresponsable todos los planes de urbanizaci\u00f3n, ya que tenemos un barrio que se inunda cada vez que llueve, un loteo que se entreg\u00f3 sin servicio (sin siquiera el tendido el\u00e9ctrico) y 20 casas prefabricadas, que hace 2 a\u00f1os que se est\u00e1n construyendo y no se terminan nunca\u201d.<\/p>\n\n\n\n<p><strong>Gasto electoral y contrataci\u00f3n de familiares<\/strong><\/p>\n\n\n\n<p>Por otra parte, respecto de la Secretar\u00eda de Desarrollo Humano manifestaron que \u201cal no ser el 2022 un a\u00f1o electoral, el ejecutivo no se interesa por las necesidades de los vecinos del distrito de Rivadavia. Seguramente este a\u00f1o los aumentos en las partidas van a ser nuevamente escandalosos\u201d.<\/p>\n\n\n\n<p>Por \u00faltimo, desde el bloque de concejales del Frente de Todos advirtieron que \u201cse ha tornado una pr\u00e1ctica habitual y recurrente el acomodo de los amigos y familiares de los funcionarios de este gobierno municipal\u201d y consideraron \u201cde suma importancia que los nombramientos de personal de planta se realicen a trav\u00e9s del llamado a concurso\u201d.<\/p>\n\n\n\n<p>En tal sentido, citaron como ejemplo la designaci\u00f3n en planta permanente con la categor\u00eda m\u00e1s alta a Carlos Buil, tal como consta en el decreto 581\/2022 con fecha del 22 de abril de 2022. \u201cMientras que cientos de trabajadores municipales est\u00e1n por a\u00f1os con un plan, en negro, esperando la jornalizaci\u00f3n y designaci\u00f3n en planta permanente, el primo del jefe pol\u00edtico de Rivadavia Primero, que habia sido elegido para ser consejero escolar, pasa a ser empleado municipal, y no solo eso sino que el mismo a\u00f1o que comienza a trabajar es beneficiado con la categor\u00eda m\u00e1s alta posible en el escalaf\u00f3n\u201d, marcaron.<\/p>\n\n\n\n<p>\u201cQueremos poner en discusi\u00f3n los valores y principios \u00e9ticos y la transparencia de la que se jacta este gobierno, porque creemos que los funcionarios p\u00fablicos no deben servirse del Estado para beneficio propio y de sus familiares\u201d, concluyeron los ediles.<\/p>\n\n\n\n<p><\/p>\n","protected":false},"excerpt":{"rendered":"<p>Advirtieron por la falta de inversi\u00f3n en Obra P\u00fablica, caminos y el parque automotor municipal<\/p>\n","protected":false},"author":2,"featured_media":105229,"comment_status":"closed","ping_status":"open","sticky":false,"template":"","format":"standard","meta":{"footnotes":""},"categories":[49],"tags":[8003],"class_list":["post-105228","post","type-post","status-publish","format-standard","has-post-thumbnail","hentry","category-c3nota3","tag-no-le-aprobaron-rendicion-de-cuentas"],"yoast_head":"<!-- This site is optimized with the Yoast SEO plugin v23.4 - https:\/\/yoast.com\/wordpress\/plugins\/seo\/ -->\n<title>El Frente de Todos de Rivadavia no le deja pasar una al gobierno de Javier Reynoso - Infoecos<\/title>\n<meta name=\"robots\" content=\"index, follow, max-snippet:-1, max-image-preview:large, max-video-preview:-1\" \/>\n<link rel=\"canonical\" href=\"https:\/\/infoecos.com.ar\/index.php\/el-frente-de-todos-de-rivadavia-no-le-deja-pasar-una-al-gobierno-de-javier-reynoso\/\" \/>\n<meta property=\"og:locale\" content=\"es_ES\" \/>\n<meta property=\"og:type\" content=\"article\" \/>\n<meta property=\"og:title\" content=\"El Frente de Todos de Rivadavia no le deja pasar una al gobierno de Javier Reynoso - Infoecos\" \/>\n<meta property=\"og:description\" content=\"Advirtieron por la falta de inversi\u00f3n en Obra P\u00fablica, caminos y el parque automotor municipal\" \/>\n<meta property=\"og:url\" content=\"https:\/\/infoecos.com.ar\/index.php\/el-frente-de-todos-de-rivadavia-no-le-deja-pasar-una-al-gobierno-de-javier-reynoso\/\" \/>\n<meta property=\"og:site_name\" content=\"Infoecos\" \/>\n<meta property=\"article:publisher\" content=\"https:\/\/www.facebook.com\/profile.php?id=100063200290284\" \/>\n<meta property=\"article:published_time\" content=\"2023-05-19T20:44:41+00:00\" \/>\n<meta property=\"article:modified_time\" content=\"2023-05-22T06:06:14+00:00\" \/>\n<meta property=\"og:image\" content=\"https:\/\/infoecos.com.ar\/wp-content\/uploads\/2023\/05\/image-121.png\" \/>\n\t<meta property=\"og:image:width\" content=\"768\" \/>\n\t<meta property=\"og:image:height\" content=\"512\" \/>\n\t<meta property=\"og:image:type\" content=\"image\/png\" \/>\n<meta name=\"author\" content=\"Jorge Matheus\" \/>\n<meta name=\"twitter:card\" content=\"summary_large_image\" \/>\n<meta name=\"twitter:creator\" content=\"@infoecos\" \/>\n<meta name=\"twitter:site\" content=\"@infoecos\" \/>\n<meta name=\"twitter:label1\" content=\"Escrito por\" \/>\n\t<meta name=\"twitter:data1\" content=\"Jorge Matheus\" \/>\n\t<meta name=\"twitter:label2\" content=\"Tiempo de lectura\" \/>\n\t<meta name=\"twitter:data2\" content=\"4 minutos\" \/>\n<script type=\"application\/ld+json\" class=\"yoast-schema-graph\">{\"@context\":\"https:\/\/schema.org\",\"@graph\":[{\"@type\":\"Article\",\"@id\":\"https:\/\/infoecos.com.ar\/index.php\/el-frente-de-todos-de-rivadavia-no-le-deja-pasar-una-al-gobierno-de-javier-reynoso\/#article\",\"isPartOf\":{\"@id\":\"https:\/\/infoecos.com.ar\/index.php\/el-frente-de-todos-de-rivadavia-no-le-deja-pasar-una-al-gobierno-de-javier-reynoso\/\"},\"author\":{\"name\":\"Jorge Matheus\",\"@id\":\"https:\/\/infoecos.com.ar\/#\/schema\/person\/8f5ace5ce73b4b4aac4b7245aee6f191\"},\"headline\":\"El Frente de Todos de Rivadavia no le deja pasar una al gobierno de Javier Reynoso\",\"datePublished\":\"2023-05-19T20:44:41+00:00\",\"dateModified\":\"2023-05-22T06:06:14+00:00\",\"mainEntityOfPage\":{\"@id\":\"https:\/\/infoecos.com.ar\/index.php\/el-frente-de-todos-de-rivadavia-no-le-deja-pasar-una-al-gobierno-de-javier-reynoso\/\"},\"wordCount\":743,\"publisher\":{\"@id\":\"https:\/\/infoecos.com.ar\/#organization\"},\"image\":{\"@id\":\"https:\/\/infoecos.com.ar\/index.php\/el-frente-de-todos-de-rivadavia-no-le-deja-pasar-una-al-gobierno-de-javier-reynoso\/#primaryimage\"},\"thumbnailUrl\":\"https:\/\/infoecos.com.ar\/wp-content\/uploads\/2023\/05\/image-121.png\",\"keywords\":[\"NO LE APROBARON RENDICI\u00d3N DE CUENTAS\"],\"articleSection\":[\"C3 N3\"],\"inLanguage\":\"es\"},{\"@type\":\"WebPage\",\"@id\":\"https:\/\/infoecos.com.ar\/index.php\/el-frente-de-todos-de-rivadavia-no-le-deja-pasar-una-al-gobierno-de-javier-reynoso\/\",\"url\":\"https:\/\/infoecos.com.ar\/index.php\/el-frente-de-todos-de-rivadavia-no-le-deja-pasar-una-al-gobierno-de-javier-reynoso\/\",\"name\":\"El Frente de Todos de Rivadavia no le deja pasar una al gobierno de Javier Reynoso - Infoecos\",\"isPartOf\":{\"@id\":\"https:\/\/infoecos.com.ar\/#website\"},\"primaryImageOfPage\":{\"@id\":\"https:\/\/infoecos.com.ar\/index.php\/el-frente-de-todos-de-rivadavia-no-le-deja-pasar-una-al-gobierno-de-javier-reynoso\/#primaryimage\"},\"image\":{\"@id\":\"https:\/\/infoecos.com.ar\/index.php\/el-frente-de-todos-de-rivadavia-no-le-deja-pasar-una-al-gobierno-de-javier-reynoso\/#primaryimage\"},\"thumbnailUrl\":\"https:\/\/infoecos.com.ar\/wp-content\/uploads\/2023\/05\/image-121.png\",\"datePublished\":\"2023-05-19T20:44:41+00:00\",\"dateModified\":\"2023-05-22T06:06:14+00:00\",\"breadcrumb\":{\"@id\":\"https:\/\/infoecos.com.ar\/index.php\/el-frente-de-todos-de-rivadavia-no-le-deja-pasar-una-al-gobierno-de-javier-reynoso\/#breadcrumb\"},\"inLanguage\":\"es\",\"potentialAction\":[{\"@type\":\"ReadAction\",\"target\":[\"https:\/\/infoecos.com.ar\/index.php\/el-frente-de-todos-de-rivadavia-no-le-deja-pasar-una-al-gobierno-de-javier-reynoso\/\"]}]},{\"@type\":\"ImageObject\",\"inLanguage\":\"es\",\"@id\":\"https:\/\/infoecos.com.ar\/index.php\/el-frente-de-todos-de-rivadavia-no-le-deja-pasar-una-al-gobierno-de-javier-reynoso\/#primaryimage\",\"url\":\"https:\/\/infoecos.com.ar\/wp-content\/uploads\/2023\/05\/image-121.png\",\"contentUrl\":\"https:\/\/infoecos.com.ar\/wp-content\/uploads\/2023\/05\/image-121.png\",\"width\":768,\"height\":512},{\"@type\":\"BreadcrumbList\",\"@id\":\"https:\/\/infoecos.com.ar\/index.php\/el-frente-de-todos-de-rivadavia-no-le-deja-pasar-una-al-gobierno-de-javier-reynoso\/#breadcrumb\",\"itemListElement\":[{\"@type\":\"ListItem\",\"position\":1,\"name\":\"Portada\",\"item\":\"https:\/\/infoecos.com.ar\/\"},{\"@type\":\"ListItem\",\"position\":2,\"name\":\"El Frente de Todos de Rivadavia no le deja pasar una al gobierno de Javier Reynoso\"}]},{\"@type\":\"WebSite\",\"@id\":\"https:\/\/infoecos.com.ar\/#website\",\"url\":\"https:\/\/infoecos.com.ar\/\",\"name\":\"Infoecos\",\"description\":\"Noticias de trenque lauquen y la zona\",\"publisher\":{\"@id\":\"https:\/\/infoecos.com.ar\/#organization\"},\"alternateName\":\"Noticias\",\"potentialAction\":[{\"@type\":\"SearchAction\",\"target\":{\"@type\":\"EntryPoint\",\"urlTemplate\":\"https:\/\/infoecos.com.ar\/?s={search_term_string}\"},\"query-input\":{\"@type\":\"PropertyValueSpecification\",\"valueRequired\":true,\"valueName\":\"search_term_string\"}}],\"inLanguage\":\"es\"},{\"@type\":\"Organization\",\"@id\":\"https:\/\/infoecos.com.ar\/#organization\",\"name\":\"Infoecos\",\"alternateName\":\"Noticias\",\"url\":\"https:\/\/infoecos.com.ar\/\",\"logo\":{\"@type\":\"ImageObject\",\"inLanguage\":\"es\",\"@id\":\"https:\/\/infoecos.com.ar\/#\/schema\/logo\/image\/\",\"url\":\"https:\/\/infoecos.com.ar\/wp-content\/uploads\/2024\/03\/cropped-logo.png\",\"contentUrl\":\"https:\/\/infoecos.com.ar\/wp-content\/uploads\/2024\/03\/cropped-logo.png\",\"width\":374,\"height\":90,\"caption\":\"Infoecos\"},\"image\":{\"@id\":\"https:\/\/infoecos.com.ar\/#\/schema\/logo\/image\/\"},\"sameAs\":[\"https:\/\/www.facebook.com\/profile.php?id=100063200290284\",\"https:\/\/x.com\/infoecos\"]},{\"@type\":\"Person\",\"@id\":\"https:\/\/infoecos.com.ar\/#\/schema\/person\/8f5ace5ce73b4b4aac4b7245aee6f191\",\"name\":\"Jorge Matheus\",\"url\":\"https:\/\/infoecos.com.ar\/index.php\/author\/jomatheus\/\"}]}<\/script>\n<!-- \/ Yoast SEO plugin. -->","yoast_head_json":{"title":"El Frente de Todos de Rivadavia no le deja pasar una al gobierno de Javier Reynoso - Infoecos","robots":{"index":"index","follow":"follow","max-snippet":"max-snippet:-1","max-image-preview":"max-image-preview:large","max-video-preview":"max-video-preview:-1"},"canonical":"https:\/\/infoecos.com.ar\/index.php\/el-frente-de-todos-de-rivadavia-no-le-deja-pasar-una-al-gobierno-de-javier-reynoso\/","og_locale":"es_ES","og_type":"article","og_title":"El Frente de Todos de Rivadavia no le deja pasar una al gobierno de Javier Reynoso - Infoecos","og_description":"Advirtieron por la falta de inversi\u00f3n en Obra P\u00fablica, caminos y el parque automotor municipal","og_url":"https:\/\/infoecos.com.ar\/index.php\/el-frente-de-todos-de-rivadavia-no-le-deja-pasar-una-al-gobierno-de-javier-reynoso\/","og_site_name":"Infoecos","article_publisher":"https:\/\/www.facebook.com\/profile.php?id=100063200290284","article_published_time":"2023-05-19T20:44:41+00:00","article_modified_time":"2023-05-22T06:06:14+00:00","og_image":[{"width":768,"height":512,"url":"https:\/\/infoecos.com.ar\/wp-content\/uploads\/2023\/05\/image-121.png","type":"image\/png"}],"author":"Jorge Matheus","twitter_card":"summary_large_image","twitter_creator":"@infoecos","twitter_site":"@infoecos","twitter_misc":{"Escrito por":"Jorge Matheus","Tiempo de lectura":"4 minutos"},"schema":{"@context":"https:\/\/schema.org","@graph":[{"@type":"Article","@id":"https:\/\/infoecos.com.ar\/index.php\/el-frente-de-todos-de-rivadavia-no-le-deja-pasar-una-al-gobierno-de-javier-reynoso\/#article","isPartOf":{"@id":"https:\/\/infoecos.com.ar\/index.php\/el-frente-de-todos-de-rivadavia-no-le-deja-pasar-una-al-gobierno-de-javier-reynoso\/"},"author":{"name":"Jorge Matheus","@id":"https:\/\/infoecos.com.ar\/#\/schema\/person\/8f5ace5ce73b4b4aac4b7245aee6f191"},"headline":"El Frente de Todos de Rivadavia no le deja pasar una al gobierno de Javier Reynoso","datePublished":"2023-05-19T20:44:41+00:00","dateModified":"2023-05-22T06:06:14+00:00","mainEntityOfPage":{"@id":"https:\/\/infoecos.com.ar\/index.php\/el-frente-de-todos-de-rivadavia-no-le-deja-pasar-una-al-gobierno-de-javier-reynoso\/"},"wordCount":743,"publisher":{"@id":"https:\/\/infoecos.com.ar\/#organization"},"image":{"@id":"https:\/\/infoecos.com.ar\/index.php\/el-frente-de-todos-de-rivadavia-no-le-deja-pasar-una-al-gobierno-de-javier-reynoso\/#primaryimage"},"thumbnailUrl":"https:\/\/infoecos.com.ar\/wp-content\/uploads\/2023\/05\/image-121.png","keywords":["NO LE APROBARON RENDICI\u00d3N DE CUENTAS"],"articleSection":["C3 N3"],"inLanguage":"es"},{"@type":"WebPage","@id":"https:\/\/infoecos.com.ar\/index.php\/el-frente-de-todos-de-rivadavia-no-le-deja-pasar-una-al-gobierno-de-javier-reynoso\/","url":"https:\/\/infoecos.com.ar\/index.php\/el-frente-de-todos-de-rivadavia-no-le-deja-pasar-una-al-gobierno-de-javier-reynoso\/","name":"El Frente de Todos de Rivadavia no le deja pasar una al gobierno de Javier Reynoso - Infoecos","isPartOf":{"@id":"https:\/\/infoecos.com.ar\/#website"},"primaryImageOfPage":{"@id":"https:\/\/infoecos.com.ar\/index.php\/el-frente-de-todos-de-rivadavia-no-le-deja-pasar-una-al-gobierno-de-javier-reynoso\/#primaryimage"},"image":{"@id":"https:\/\/infoecos.com.ar\/index.php\/el-frente-de-todos-de-rivadavia-no-le-deja-pasar-una-al-gobierno-de-javier-reynoso\/#primaryimage"},"thumbnailUrl":"https:\/\/infoecos.com.ar\/wp-content\/uploads\/2023\/05\/image-121.png","datePublished":"2023-05-19T20:44:41+00:00","dateModified":"2023-05-22T06:06:14+00:00","breadcrumb":{"@id":"https:\/\/infoecos.com.ar\/index.php\/el-frente-de-todos-de-rivadavia-no-le-deja-pasar-una-al-gobierno-de-javier-reynoso\/#breadcrumb"},"inLanguage":"es","potentialAction":[{"@type":"ReadAction","target":["https:\/\/infoecos.com.ar\/index.php\/el-frente-de-todos-de-rivadavia-no-le-deja-pasar-una-al-gobierno-de-javier-reynoso\/"]}]},{"@type":"ImageObject","inLanguage":"es","@id":"https:\/\/infoecos.com.ar\/index.php\/el-frente-de-todos-de-rivadavia-no-le-deja-pasar-una-al-gobierno-de-javier-reynoso\/#primaryimage","url":"https:\/\/infoecos.com.ar\/wp-content\/uploads\/2023\/05\/image-121.png","contentUrl":"https:\/\/infoecos.com.ar\/wp-content\/uploads\/2023\/05\/image-121.png","width":768,"height":512},{"@type":"BreadcrumbList","@id":"https:\/\/infoecos.com.ar\/index.php\/el-frente-de-todos-de-rivadavia-no-le-deja-pasar-una-al-gobierno-de-javier-reynoso\/#breadcrumb","itemListElement":[{"@type":"ListItem","position":1,"name":"Portada","item":"https:\/\/infoecos.com.ar\/"},{"@type":"ListItem","position":2,"name":"El Frente de Todos de Rivadavia no le deja pasar una al gobierno de Javier Reynoso"}]},{"@type":"WebSite","@id":"https:\/\/infoecos.com.ar\/#website","url":"https:\/\/infoecos.com.ar\/","name":"Infoecos","description":"Noticias de trenque lauquen y la zona","publisher":{"@id":"https:\/\/infoecos.com.ar\/#organization"},"alternateName":"Noticias","potentialAction":[{"@type":"SearchAction","target":{"@type":"EntryPoint","urlTemplate":"https:\/\/infoecos.com.ar\/?s={search_term_string}"},"query-input":{"@type":"PropertyValueSpecification","valueRequired":true,"valueName":"search_term_string"}}],"inLanguage":"es"},{"@type":"Organization","@id":"https:\/\/infoecos.com.ar\/#organization","name":"Infoecos","alternateName":"Noticias","url":"https:\/\/infoecos.com.ar\/","logo":{"@type":"ImageObject","inLanguage":"es","@id":"https:\/\/infoecos.com.ar\/#\/schema\/logo\/image\/","url":"https:\/\/infoecos.com.ar\/wp-content\/uploads\/2024\/03\/cropped-logo.png","contentUrl":"https:\/\/infoecos.com.ar\/wp-content\/uploads\/2024\/03\/cropped-logo.png","width":374,"height":90,"caption":"Infoecos"},"image":{"@id":"https:\/\/infoecos.com.ar\/#\/schema\/logo\/image\/"},"sameAs":["https:\/\/www.facebook.com\/profile.php?id=100063200290284","https:\/\/x.com\/infoecos"]},{"@type":"Person","@id":"https:\/\/infoecos.com.ar\/#\/schema\/person\/8f5ace5ce73b4b4aac4b7245aee6f191","name":"Jorge Matheus","url":"https:\/\/infoecos.com.ar\/index.php\/author\/jomatheus\/"}]}},"featured_image_urls":{"full":["https:\/\/infoecos.com.ar\/wp-content\/uploads\/2023\/05\/image-121.png",768,512,false],"thumbnail":["https:\/\/infoecos.com.ar\/wp-content\/uploads\/2023\/05\/image-121-300x150.png",300,150,true],"medium":["https:\/\/infoecos.com.ar\/wp-content\/uploads\/2023\/05\/image-121.png",768,512,false],"medium_large":["https:\/\/infoecos.com.ar\/wp-content\/uploads\/2023\/05\/image-121.png",640,427,false],"large":["https:\/\/infoecos.com.ar\/wp-content\/uploads\/2023\/05\/image-121.png",640,427,false],"1536x1536":["https:\/\/infoecos.com.ar\/wp-content\/uploads\/2023\/05\/image-121.png",768,512,false],"2048x2048":["https:\/\/infoecos.com.ar\/wp-content\/uploads\/2023\/05\/image-121.png",768,512,false],"covernews-slider-full":["https:\/\/infoecos.com.ar\/wp-content\/uploads\/2023\/05\/image-121.png",768,512,false],"covernews-slider-center":["https:\/\/infoecos.com.ar\/wp-content\/uploads\/2023\/05\/image-121.png",750,500,false],"covernews-featured":["https:\/\/infoecos.com.ar\/wp-content\/uploads\/2023\/05\/image-121.png",768,512,false],"covernews-medium":["https:\/\/infoecos.com.ar\/wp-content\/uploads\/2023\/05\/image-121-720x380.png",540,285,true],"covernews-medium-square":["https:\/\/infoecos.com.ar\/wp-content\/uploads\/2023\/05\/image-121-675x450.png",375,250,true]},"author_info":{"info":["Jorge Matheus"]},"category_info":"<a href=\"https:\/\/infoecos.com.ar\/index.php\/category\/c3nota3\/\" rel=\"category tag\">C3 N3<\/a>","tag_info":"C3 N3","comment_count":"0","_links":{"self":[{"href":"https:\/\/infoecos.com.ar\/index.php\/wp-json\/wp\/v2\/posts\/105228"}],"collection":[{"href":"https:\/\/infoecos.com.ar\/index.php\/wp-json\/wp\/v2\/posts"}],"about":[{"href":"https:\/\/infoecos.com.ar\/index.php\/wp-json\/wp\/v2\/types\/post"}],"author":[{"embeddable":true,"href":"https:\/\/infoecos.com.ar\/index.php\/wp-json\/wp\/v2\/users\/2"}],"replies":[{"embeddable":true,"href":"https:\/\/infoecos.com.ar\/index.php\/wp-json\/wp\/v2\/comments?post=105228"}],"version-history":[{"count":1,"href":"https:\/\/infoecos.com.ar\/index.php\/wp-json\/wp\/v2\/posts\/105228\/revisions"}],"predecessor-version":[{"id":105230,"href":"https:\/\/infoecos.com.ar\/index.php\/wp-json\/wp\/v2\/posts\/105228\/revisions\/105230"}],"wp:featuredmedia":[{"embeddable":true,"href":"https:\/\/infoecos.com.ar\/index.php\/wp-json\/wp\/v2\/media\/105229"}],"wp:attachment":[{"href":"https:\/\/infoecos.com.ar\/index.php\/wp-json\/wp\/v2\/media?parent=105228"}],"wp:term":[{"taxonomy":"category","embeddable":true,"href":"https:\/\/infoecos.com.ar\/index.php\/wp-json\/wp\/v2\/categories?post=105228"},{"taxonomy":"post_tag","embeddable":true,"href":"https:\/\/infoecos.com.ar\/index.php\/wp-json\/wp\/v2\/tags?post=105228"}],"curies":[{"name":"wp","href":"https:\/\/api.w.org\/{rel}","templated":true}]}}