{"id":105240,"date":"2023-05-19T22:24:52","date_gmt":"2023-05-20T01:24:52","guid":{"rendered":"https:\/\/infoecos.com.ar\/?p=105240"},"modified":"2023-05-23T13:14:06","modified_gmt":"2023-05-23T16:14:06","slug":"mario-luis-pereyra-acusado-de-haber-sido-el-autor-del-crimen-de-ana-aristimuno-en-su-casa","status":"publish","type":"post","link":"https:\/\/infoecos.com.ar\/index.php\/mario-luis-pereyra-acusado-de-haber-sido-el-autor-del-crimen-de-ana-aristimuno-en-su-casa\/","title":{"rendered":"Mario Luis Pereyra, acusado de haber sido el autor del crimen de Ana Aristimu\u00f1o, en su casa"},"content":{"rendered":"\n<p>Est\u00e1 en su casa Mario Luis Pereyra, a qui\u00e9n se hab\u00eda detenido por hab\u00e9rselo considerado autor del asesinato de la docente Ana Mar\u00eda Artistimu\u00f1o, acontecido sobre las postrimer\u00edas del mes pasado. La Fiscal\u00eda a cargo de la doctora Karina Talarico, hab\u00eda solicitado esa condici\u00f3n al  Juzgado de Garant\u00edas N\u00b0 1 del Departamento Judicial de Trenque Lauquen, subrogado por la doctora Ana Bajlec<em>, <\/em>que hizo lugar en un contexto de muchas dudas que se plantearon en los ambientes tribunalicios y en la propia comunidad<em>.<\/em><\/p>\n\n\n\n<figure class=\"wp-block-image aligncenter size-full\"><img loading=\"lazy\" decoding=\"async\" width=\"272\" height=\"300\" src=\"https:\/\/infoecos.com.ar\/wp-content\/uploads\/2023\/05\/aristimuno-aprehehdido-1-272x300-2.jpg\" alt=\"\" class=\"wp-image-105241\"\/><\/figure>\n\n\n\n<p>Era un silencio a voces que la decisi\u00f3n conocida este viernes, en horas de la tarde, se iba a dar, con justificativos amplios y consistentes de parte de la C\u00e1mara de Apelaciones y Garant\u00edas de Trenque Lauquen que tom\u00f3 el sonado caso. <\/p>\n\n\n\n<p>Mario Luis Pereyra, es el \u00fanico imputado por lo que hasta ahora sigue siendo considerado como un femicidio y si bien goza de libertad, no est\u00e1 desvinculado del caso.<\/p>\n\n\n\n<p>El fallo que lleva la firma de los jueces Rafael Paita y Jorge Gini, a\u00fan no se conoce en su totalidad. Trascendi\u00f3 que se determina que los elementos no son suficientes para mantener a Pereyra, privado de libertad.<\/p>\n\n\n\n<p><mark style=\"background-color:rgba(0, 0, 0, 0)\" class=\"has-inline-color has-black-color\">Los magistrados cuestionan las razones <\/mark><strong><mark style=\"background-color:rgba(0, 0, 0, 0)\" class=\"has-inline-color has-vivid-red-color\">&#8211; se\u00f1ala el sitio que oficia de vocero de la Justicia local muy especialmente de las fiscal\u00edas,  datatrenque.com.ar &#8211;<\/mark><\/strong>  que fueron invocadas por la investigaci\u00f3n para realizar un \u201callanamiento de urgencia\u201d que habilitaron la v\u00eda de la excepci\u00f3n para ingresar a la vivienda de Pereyra. En ese aspecto remarca que no se encuentra debidamente acreditada la existencia de los motivos de urgencia.<\/p>\n\n\n\n<figure class=\"wp-block-image aligncenter size-full is-resized\"><img loading=\"lazy\" decoding=\"async\" src=\"https:\/\/infoecos.com.ar\/wp-content\/uploads\/2023\/05\/346044406_201169462769228_1324008246214845782_n-1.jpg\" alt=\"\" class=\"wp-image-105242\" width=\"313\" height=\"313\"\/><\/figure>\n\n\n\n<p>\u00abEst\u00e1 es la etapa inicial de una causa penal, hay pruebas de car\u00e1cter f\u00edsicas como ADN y de rastros, \u00e9l sigue ligado a la causa m\u00e1s all\u00e1 de que yo creo que es inocente\u00bb, sostuvo el abogado defensor Horacio Samam\u00e9 al sitio <strong>diariolider.medios.com.ar <\/strong><\/p>\n\n\n\n<p>\u00abLa c\u00e1mara resolvi\u00f3 en esta situaci\u00f3n es provisoria porque no hay elementos que acrediten su culpabilidad para esta etapa del proceso. Pero se ver\u00e1, aunque estamos convencidos de su inocencia\u00bb, dijo al tiempo de manifest\u00f3 \u00abvamos a colaborar en lo que sea para que se esclarezca el asesinato de Anita\u00bb, resalt\u00f3 en otro tramo de las declaraciones que publica el medio colega. <\/p>\n\n\n\n<p><\/p>\n","protected":false},"excerpt":{"rendered":"<p>Mario Luis Pereyra, es el \u00fanico imputado por lo que hasta ahora sigue siendo considerado como un femicidio y si bien goza de libertad, no est\u00e1 desvinculado del caso<\/p>\n","protected":false},"author":2,"featured_media":105241,"comment_status":"closed","ping_status":"open","sticky":false,"template":"","format":"standard","meta":{"footnotes":""},"categories":[40],"tags":[8006],"class_list":["post-105240","post","type-post","status-publish","format-standard","has-post-thumbnail","hentry","category-inferior1","tag-no-se-lo-desvincula-del-caso"],"yoast_head":"<!-- This site is optimized with the Yoast SEO plugin v23.4 - https:\/\/yoast.com\/wordpress\/plugins\/seo\/ -->\n<title>Mario Luis Pereyra, acusado de haber sido el autor del crimen de Ana Aristimu\u00f1o, en su casa - Infoecos<\/title>\n<meta name=\"robots\" content=\"index, follow, max-snippet:-1, max-image-preview:large, max-video-preview:-1\" \/>\n<link rel=\"canonical\" href=\"https:\/\/infoecos.com.ar\/index.php\/mario-luis-pereyra-acusado-de-haber-sido-el-autor-del-crimen-de-ana-aristimuno-en-su-casa\/\" \/>\n<meta property=\"og:locale\" content=\"es_ES\" \/>\n<meta property=\"og:type\" content=\"article\" \/>\n<meta property=\"og:title\" content=\"Mario Luis Pereyra, acusado de haber sido el autor del crimen de Ana Aristimu\u00f1o, en su casa - Infoecos\" \/>\n<meta property=\"og:description\" content=\"Mario Luis Pereyra, es el \u00fanico imputado por lo que hasta ahora sigue siendo considerado como un femicidio y si bien goza de libertad, no est\u00e1 desvinculado del caso\" \/>\n<meta property=\"og:url\" content=\"https:\/\/infoecos.com.ar\/index.php\/mario-luis-pereyra-acusado-de-haber-sido-el-autor-del-crimen-de-ana-aristimuno-en-su-casa\/\" \/>\n<meta property=\"og:site_name\" content=\"Infoecos\" \/>\n<meta property=\"article:publisher\" content=\"https:\/\/www.facebook.com\/profile.php?id=100063200290284\" \/>\n<meta property=\"article:published_time\" content=\"2023-05-20T01:24:52+00:00\" \/>\n<meta property=\"article:modified_time\" content=\"2023-05-23T16:14:06+00:00\" \/>\n<meta property=\"og:image\" content=\"https:\/\/infoecos.com.ar\/wp-content\/uploads\/2023\/05\/aristimuno-aprehehdido-1-272x300-2.jpg\" \/>\n\t<meta property=\"og:image:width\" content=\"272\" \/>\n\t<meta property=\"og:image:height\" content=\"300\" \/>\n\t<meta property=\"og:image:type\" content=\"image\/jpeg\" \/>\n<meta name=\"author\" content=\"Jorge Matheus\" \/>\n<meta name=\"twitter:card\" content=\"summary_large_image\" \/>\n<meta name=\"twitter:creator\" content=\"@infoecos\" \/>\n<meta name=\"twitter:site\" content=\"@infoecos\" \/>\n<meta name=\"twitter:label1\" content=\"Escrito por\" \/>\n\t<meta name=\"twitter:data1\" content=\"Jorge Matheus\" \/>\n\t<meta name=\"twitter:label2\" content=\"Tiempo de lectura\" \/>\n\t<meta name=\"twitter:data2\" content=\"3 minutos\" \/>\n<script type=\"application\/ld+json\" class=\"yoast-schema-graph\">{\"@context\":\"https:\/\/schema.org\",\"@graph\":[{\"@type\":\"Article\",\"@id\":\"https:\/\/infoecos.com.ar\/index.php\/mario-luis-pereyra-acusado-de-haber-sido-el-autor-del-crimen-de-ana-aristimuno-en-su-casa\/#article\",\"isPartOf\":{\"@id\":\"https:\/\/infoecos.com.ar\/index.php\/mario-luis-pereyra-acusado-de-haber-sido-el-autor-del-crimen-de-ana-aristimuno-en-su-casa\/\"},\"author\":{\"name\":\"Jorge Matheus\",\"@id\":\"https:\/\/infoecos.com.ar\/#\/schema\/person\/8f5ace5ce73b4b4aac4b7245aee6f191\"},\"headline\":\"Mario Luis Pereyra, acusado de haber sido el autor del crimen de Ana Aristimu\u00f1o, en su casa\",\"datePublished\":\"2023-05-20T01:24:52+00:00\",\"dateModified\":\"2023-05-23T16:14:06+00:00\",\"mainEntityOfPage\":{\"@id\":\"https:\/\/infoecos.com.ar\/index.php\/mario-luis-pereyra-acusado-de-haber-sido-el-autor-del-crimen-de-ana-aristimuno-en-su-casa\/\"},\"wordCount\":410,\"publisher\":{\"@id\":\"https:\/\/infoecos.com.ar\/#organization\"},\"image\":{\"@id\":\"https:\/\/infoecos.com.ar\/index.php\/mario-luis-pereyra-acusado-de-haber-sido-el-autor-del-crimen-de-ana-aristimuno-en-su-casa\/#primaryimage\"},\"thumbnailUrl\":\"https:\/\/infoecos.com.ar\/wp-content\/uploads\/2023\/05\/aristimuno-aprehehdido-1-272x300-2.jpg\",\"keywords\":[\"NO SE LO DESVINCULA DEL CASO\"],\"articleSection\":[\"Bloque inferior - 1\"],\"inLanguage\":\"es\"},{\"@type\":\"WebPage\",\"@id\":\"https:\/\/infoecos.com.ar\/index.php\/mario-luis-pereyra-acusado-de-haber-sido-el-autor-del-crimen-de-ana-aristimuno-en-su-casa\/\",\"url\":\"https:\/\/infoecos.com.ar\/index.php\/mario-luis-pereyra-acusado-de-haber-sido-el-autor-del-crimen-de-ana-aristimuno-en-su-casa\/\",\"name\":\"Mario Luis Pereyra, acusado de haber sido el autor del crimen de Ana Aristimu\u00f1o, en su casa - Infoecos\",\"isPartOf\":{\"@id\":\"https:\/\/infoecos.com.ar\/#website\"},\"primaryImageOfPage\":{\"@id\":\"https:\/\/infoecos.com.ar\/index.php\/mario-luis-pereyra-acusado-de-haber-sido-el-autor-del-crimen-de-ana-aristimuno-en-su-casa\/#primaryimage\"},\"image\":{\"@id\":\"https:\/\/infoecos.com.ar\/index.php\/mario-luis-pereyra-acusado-de-haber-sido-el-autor-del-crimen-de-ana-aristimuno-en-su-casa\/#primaryimage\"},\"thumbnailUrl\":\"https:\/\/infoecos.com.ar\/wp-content\/uploads\/2023\/05\/aristimuno-aprehehdido-1-272x300-2.jpg\",\"datePublished\":\"2023-05-20T01:24:52+00:00\",\"dateModified\":\"2023-05-23T16:14:06+00:00\",\"breadcrumb\":{\"@id\":\"https:\/\/infoecos.com.ar\/index.php\/mario-luis-pereyra-acusado-de-haber-sido-el-autor-del-crimen-de-ana-aristimuno-en-su-casa\/#breadcrumb\"},\"inLanguage\":\"es\",\"potentialAction\":[{\"@type\":\"ReadAction\",\"target\":[\"https:\/\/infoecos.com.ar\/index.php\/mario-luis-pereyra-acusado-de-haber-sido-el-autor-del-crimen-de-ana-aristimuno-en-su-casa\/\"]}]},{\"@type\":\"ImageObject\",\"inLanguage\":\"es\",\"@id\":\"https:\/\/infoecos.com.ar\/index.php\/mario-luis-pereyra-acusado-de-haber-sido-el-autor-del-crimen-de-ana-aristimuno-en-su-casa\/#primaryimage\",\"url\":\"https:\/\/infoecos.com.ar\/wp-content\/uploads\/2023\/05\/aristimuno-aprehehdido-1-272x300-2.jpg\",\"contentUrl\":\"https:\/\/infoecos.com.ar\/wp-content\/uploads\/2023\/05\/aristimuno-aprehehdido-1-272x300-2.jpg\",\"width\":272,\"height\":300},{\"@type\":\"BreadcrumbList\",\"@id\":\"https:\/\/infoecos.com.ar\/index.php\/mario-luis-pereyra-acusado-de-haber-sido-el-autor-del-crimen-de-ana-aristimuno-en-su-casa\/#breadcrumb\",\"itemListElement\":[{\"@type\":\"ListItem\",\"position\":1,\"name\":\"Portada\",\"item\":\"https:\/\/infoecos.com.ar\/\"},{\"@type\":\"ListItem\",\"position\":2,\"name\":\"Mario Luis Pereyra, acusado de haber sido el autor del crimen de Ana Aristimu\u00f1o, en su casa\"}]},{\"@type\":\"WebSite\",\"@id\":\"https:\/\/infoecos.com.ar\/#website\",\"url\":\"https:\/\/infoecos.com.ar\/\",\"name\":\"Infoecos\",\"description\":\"Noticias de trenque lauquen y la zona\",\"publisher\":{\"@id\":\"https:\/\/infoecos.com.ar\/#organization\"},\"alternateName\":\"Noticias\",\"potentialAction\":[{\"@type\":\"SearchAction\",\"target\":{\"@type\":\"EntryPoint\",\"urlTemplate\":\"https:\/\/infoecos.com.ar\/?s={search_term_string}\"},\"query-input\":{\"@type\":\"PropertyValueSpecification\",\"valueRequired\":true,\"valueName\":\"search_term_string\"}}],\"inLanguage\":\"es\"},{\"@type\":\"Organization\",\"@id\":\"https:\/\/infoecos.com.ar\/#organization\",\"name\":\"Infoecos\",\"alternateName\":\"Noticias\",\"url\":\"https:\/\/infoecos.com.ar\/\",\"logo\":{\"@type\":\"ImageObject\",\"inLanguage\":\"es\",\"@id\":\"https:\/\/infoecos.com.ar\/#\/schema\/logo\/image\/\",\"url\":\"https:\/\/infoecos.com.ar\/wp-content\/uploads\/2024\/03\/cropped-logo.png\",\"contentUrl\":\"https:\/\/infoecos.com.ar\/wp-content\/uploads\/2024\/03\/cropped-logo.png\",\"width\":374,\"height\":90,\"caption\":\"Infoecos\"},\"image\":{\"@id\":\"https:\/\/infoecos.com.ar\/#\/schema\/logo\/image\/\"},\"sameAs\":[\"https:\/\/www.facebook.com\/profile.php?id=100063200290284\",\"https:\/\/x.com\/infoecos\"]},{\"@type\":\"Person\",\"@id\":\"https:\/\/infoecos.com.ar\/#\/schema\/person\/8f5ace5ce73b4b4aac4b7245aee6f191\",\"name\":\"Jorge Matheus\",\"url\":\"https:\/\/infoecos.com.ar\/index.php\/author\/jomatheus\/\"}]}<\/script>\n<!-- \/ Yoast SEO plugin. -->","yoast_head_json":{"title":"Mario Luis Pereyra, acusado de haber sido el autor del crimen de Ana Aristimu\u00f1o, en su casa - Infoecos","robots":{"index":"index","follow":"follow","max-snippet":"max-snippet:-1","max-image-preview":"max-image-preview:large","max-video-preview":"max-video-preview:-1"},"canonical":"https:\/\/infoecos.com.ar\/index.php\/mario-luis-pereyra-acusado-de-haber-sido-el-autor-del-crimen-de-ana-aristimuno-en-su-casa\/","og_locale":"es_ES","og_type":"article","og_title":"Mario Luis Pereyra, acusado de haber sido el autor del crimen de Ana Aristimu\u00f1o, en su casa - Infoecos","og_description":"Mario Luis Pereyra, es el \u00fanico imputado por lo que hasta ahora sigue siendo considerado como un femicidio y si bien goza de libertad, no est\u00e1 desvinculado del caso","og_url":"https:\/\/infoecos.com.ar\/index.php\/mario-luis-pereyra-acusado-de-haber-sido-el-autor-del-crimen-de-ana-aristimuno-en-su-casa\/","og_site_name":"Infoecos","article_publisher":"https:\/\/www.facebook.com\/profile.php?id=100063200290284","article_published_time":"2023-05-20T01:24:52+00:00","article_modified_time":"2023-05-23T16:14:06+00:00","og_image":[{"width":272,"height":300,"url":"https:\/\/infoecos.com.ar\/wp-content\/uploads\/2023\/05\/aristimuno-aprehehdido-1-272x300-2.jpg","type":"image\/jpeg"}],"author":"Jorge Matheus","twitter_card":"summary_large_image","twitter_creator":"@infoecos","twitter_site":"@infoecos","twitter_misc":{"Escrito por":"Jorge Matheus","Tiempo de lectura":"3 minutos"},"schema":{"@context":"https:\/\/schema.org","@graph":[{"@type":"Article","@id":"https:\/\/infoecos.com.ar\/index.php\/mario-luis-pereyra-acusado-de-haber-sido-el-autor-del-crimen-de-ana-aristimuno-en-su-casa\/#article","isPartOf":{"@id":"https:\/\/infoecos.com.ar\/index.php\/mario-luis-pereyra-acusado-de-haber-sido-el-autor-del-crimen-de-ana-aristimuno-en-su-casa\/"},"author":{"name":"Jorge Matheus","@id":"https:\/\/infoecos.com.ar\/#\/schema\/person\/8f5ace5ce73b4b4aac4b7245aee6f191"},"headline":"Mario Luis Pereyra, acusado de haber sido el autor del crimen de Ana Aristimu\u00f1o, en su casa","datePublished":"2023-05-20T01:24:52+00:00","dateModified":"2023-05-23T16:14:06+00:00","mainEntityOfPage":{"@id":"https:\/\/infoecos.com.ar\/index.php\/mario-luis-pereyra-acusado-de-haber-sido-el-autor-del-crimen-de-ana-aristimuno-en-su-casa\/"},"wordCount":410,"publisher":{"@id":"https:\/\/infoecos.com.ar\/#organization"},"image":{"@id":"https:\/\/infoecos.com.ar\/index.php\/mario-luis-pereyra-acusado-de-haber-sido-el-autor-del-crimen-de-ana-aristimuno-en-su-casa\/#primaryimage"},"thumbnailUrl":"https:\/\/infoecos.com.ar\/wp-content\/uploads\/2023\/05\/aristimuno-aprehehdido-1-272x300-2.jpg","keywords":["NO SE LO DESVINCULA DEL CASO"],"articleSection":["Bloque inferior - 1"],"inLanguage":"es"},{"@type":"WebPage","@id":"https:\/\/infoecos.com.ar\/index.php\/mario-luis-pereyra-acusado-de-haber-sido-el-autor-del-crimen-de-ana-aristimuno-en-su-casa\/","url":"https:\/\/infoecos.com.ar\/index.php\/mario-luis-pereyra-acusado-de-haber-sido-el-autor-del-crimen-de-ana-aristimuno-en-su-casa\/","name":"Mario Luis Pereyra, acusado de haber sido el autor del crimen de Ana Aristimu\u00f1o, en su casa - Infoecos","isPartOf":{"@id":"https:\/\/infoecos.com.ar\/#website"},"primaryImageOfPage":{"@id":"https:\/\/infoecos.com.ar\/index.php\/mario-luis-pereyra-acusado-de-haber-sido-el-autor-del-crimen-de-ana-aristimuno-en-su-casa\/#primaryimage"},"image":{"@id":"https:\/\/infoecos.com.ar\/index.php\/mario-luis-pereyra-acusado-de-haber-sido-el-autor-del-crimen-de-ana-aristimuno-en-su-casa\/#primaryimage"},"thumbnailUrl":"https:\/\/infoecos.com.ar\/wp-content\/uploads\/2023\/05\/aristimuno-aprehehdido-1-272x300-2.jpg","datePublished":"2023-05-20T01:24:52+00:00","dateModified":"2023-05-23T16:14:06+00:00","breadcrumb":{"@id":"https:\/\/infoecos.com.ar\/index.php\/mario-luis-pereyra-acusado-de-haber-sido-el-autor-del-crimen-de-ana-aristimuno-en-su-casa\/#breadcrumb"},"inLanguage":"es","potentialAction":[{"@type":"ReadAction","target":["https:\/\/infoecos.com.ar\/index.php\/mario-luis-pereyra-acusado-de-haber-sido-el-autor-del-crimen-de-ana-aristimuno-en-su-casa\/"]}]},{"@type":"ImageObject","inLanguage":"es","@id":"https:\/\/infoecos.com.ar\/index.php\/mario-luis-pereyra-acusado-de-haber-sido-el-autor-del-crimen-de-ana-aristimuno-en-su-casa\/#primaryimage","url":"https:\/\/infoecos.com.ar\/wp-content\/uploads\/2023\/05\/aristimuno-aprehehdido-1-272x300-2.jpg","contentUrl":"https:\/\/infoecos.com.ar\/wp-content\/uploads\/2023\/05\/aristimuno-aprehehdido-1-272x300-2.jpg","width":272,"height":300},{"@type":"BreadcrumbList","@id":"https:\/\/infoecos.com.ar\/index.php\/mario-luis-pereyra-acusado-de-haber-sido-el-autor-del-crimen-de-ana-aristimuno-en-su-casa\/#breadcrumb","itemListElement":[{"@type":"ListItem","position":1,"name":"Portada","item":"https:\/\/infoecos.com.ar\/"},{"@type":"ListItem","position":2,"name":"Mario Luis Pereyra, acusado de haber sido el autor del crimen de Ana Aristimu\u00f1o, en su casa"}]},{"@type":"WebSite","@id":"https:\/\/infoecos.com.ar\/#website","url":"https:\/\/infoecos.com.ar\/","name":"Infoecos","description":"Noticias de trenque lauquen y la zona","publisher":{"@id":"https:\/\/infoecos.com.ar\/#organization"},"alternateName":"Noticias","potentialAction":[{"@type":"SearchAction","target":{"@type":"EntryPoint","urlTemplate":"https:\/\/infoecos.com.ar\/?s={search_term_string}"},"query-input":{"@type":"PropertyValueSpecification","valueRequired":true,"valueName":"search_term_string"}}],"inLanguage":"es"},{"@type":"Organization","@id":"https:\/\/infoecos.com.ar\/#organization","name":"Infoecos","alternateName":"Noticias","url":"https:\/\/infoecos.com.ar\/","logo":{"@type":"ImageObject","inLanguage":"es","@id":"https:\/\/infoecos.com.ar\/#\/schema\/logo\/image\/","url":"https:\/\/infoecos.com.ar\/wp-content\/uploads\/2024\/03\/cropped-logo.png","contentUrl":"https:\/\/infoecos.com.ar\/wp-content\/uploads\/2024\/03\/cropped-logo.png","width":374,"height":90,"caption":"Infoecos"},"image":{"@id":"https:\/\/infoecos.com.ar\/#\/schema\/logo\/image\/"},"sameAs":["https:\/\/www.facebook.com\/profile.php?id=100063200290284","https:\/\/x.com\/infoecos"]},{"@type":"Person","@id":"https:\/\/infoecos.com.ar\/#\/schema\/person\/8f5ace5ce73b4b4aac4b7245aee6f191","name":"Jorge Matheus","url":"https:\/\/infoecos.com.ar\/index.php\/author\/jomatheus\/"}]}},"featured_image_urls":{"full":["https:\/\/infoecos.com.ar\/wp-content\/uploads\/2023\/05\/aristimuno-aprehehdido-1-272x300-2.jpg",272,300,false],"thumbnail":["https:\/\/infoecos.com.ar\/wp-content\/uploads\/2023\/05\/aristimuno-aprehehdido-1-272x300-2-272x150.jpg",272,150,true],"medium":["https:\/\/infoecos.com.ar\/wp-content\/uploads\/2023\/05\/aristimuno-aprehehdido-1-272x300-2.jpg",272,300,false],"medium_large":["https:\/\/infoecos.com.ar\/wp-content\/uploads\/2023\/05\/aristimuno-aprehehdido-1-272x300-2.jpg",272,300,false],"large":["https:\/\/infoecos.com.ar\/wp-content\/uploads\/2023\/05\/aristimuno-aprehehdido-1-272x300-2.jpg",272,300,false],"1536x1536":["https:\/\/infoecos.com.ar\/wp-content\/uploads\/2023\/05\/aristimuno-aprehehdido-1-272x300-2.jpg",272,300,false],"2048x2048":["https:\/\/infoecos.com.ar\/wp-content\/uploads\/2023\/05\/aristimuno-aprehehdido-1-272x300-2.jpg",272,300,false],"covernews-slider-full":["https:\/\/infoecos.com.ar\/wp-content\/uploads\/2023\/05\/aristimuno-aprehehdido-1-272x300-2.jpg",272,300,false],"covernews-slider-center":["https:\/\/infoecos.com.ar\/wp-content\/uploads\/2023\/05\/aristimuno-aprehehdido-1-272x300-2.jpg",272,300,false],"covernews-featured":["https:\/\/infoecos.com.ar\/wp-content\/uploads\/2023\/05\/aristimuno-aprehehdido-1-272x300-2.jpg",272,300,false],"covernews-medium":["https:\/\/infoecos.com.ar\/wp-content\/uploads\/2023\/05\/aristimuno-aprehehdido-1-272x300-2.jpg",272,300,false],"covernews-medium-square":["https:\/\/infoecos.com.ar\/wp-content\/uploads\/2023\/05\/aristimuno-aprehehdido-1-272x300-2.jpg",227,250,false]},"author_info":{"info":["Jorge Matheus"]},"category_info":"<a href=\"https:\/\/infoecos.com.ar\/index.php\/category\/inferior1\/\" rel=\"category tag\">Bloque inferior - 1<\/a>","tag_info":"Bloque inferior - 1","comment_count":"0","_links":{"self":[{"href":"https:\/\/infoecos.com.ar\/index.php\/wp-json\/wp\/v2\/posts\/105240"}],"collection":[{"href":"https:\/\/infoecos.com.ar\/index.php\/wp-json\/wp\/v2\/posts"}],"about":[{"href":"https:\/\/infoecos.com.ar\/index.php\/wp-json\/wp\/v2\/types\/post"}],"author":[{"embeddable":true,"href":"https:\/\/infoecos.com.ar\/index.php\/wp-json\/wp\/v2\/users\/2"}],"replies":[{"embeddable":true,"href":"https:\/\/infoecos.com.ar\/index.php\/wp-json\/wp\/v2\/comments?post=105240"}],"version-history":[{"count":1,"href":"https:\/\/infoecos.com.ar\/index.php\/wp-json\/wp\/v2\/posts\/105240\/revisions"}],"predecessor-version":[{"id":105243,"href":"https:\/\/infoecos.com.ar\/index.php\/wp-json\/wp\/v2\/posts\/105240\/revisions\/105243"}],"wp:featuredmedia":[{"embeddable":true,"href":"https:\/\/infoecos.com.ar\/index.php\/wp-json\/wp\/v2\/media\/105241"}],"wp:attachment":[{"href":"https:\/\/infoecos.com.ar\/index.php\/wp-json\/wp\/v2\/media?parent=105240"}],"wp:term":[{"taxonomy":"category","embeddable":true,"href":"https:\/\/infoecos.com.ar\/index.php\/wp-json\/wp\/v2\/categories?post=105240"},{"taxonomy":"post_tag","embeddable":true,"href":"https:\/\/infoecos.com.ar\/index.php\/wp-json\/wp\/v2\/tags?post=105240"}],"curies":[{"name":"wp","href":"https:\/\/api.w.org\/{rel}","templated":true}]}}