{"id":105279,"date":"2023-05-21T01:35:18","date_gmt":"2023-05-21T04:35:18","guid":{"rendered":"https:\/\/infoecos.com.ar\/?p=105279"},"modified":"2023-05-22T02:13:25","modified_gmt":"2023-05-22T05:13:25","slug":"murio-el-conocido-y-activo-vecino-de-beruti-jorge-pedini","status":"publish","type":"post","link":"https:\/\/infoecos.com.ar\/index.php\/murio-el-conocido-y-activo-vecino-de-beruti-jorge-pedini\/","title":{"rendered":"Muri\u00f3 el conocido y activo vecino de Beruti, Jorge Pedini"},"content":{"rendered":"\n<p>Falleci\u00f3 en la localidad de Beruti un conocido y activo vecino. Se trata de Jorge Pedini. Ten\u00eda 54 a\u00f1os. <\/p>\n\n\n\n<figure class=\"wp-block-image aligncenter size-full is-resized\"><img loading=\"lazy\" decoding=\"async\" src=\"https:\/\/infoecos.com.ar\/wp-content\/uploads\/2023\/05\/285453089_346034397640554_9069713195265907432_n.jpg\" alt=\"\" class=\"wp-image-105280\" width=\"363\" height=\"484\" srcset=\"https:\/\/infoecos.com.ar\/wp-content\/uploads\/2023\/05\/285453089_346034397640554_9069713195265907432_n.jpg 1200w, https:\/\/infoecos.com.ar\/wp-content\/uploads\/2023\/05\/285453089_346034397640554_9069713195265907432_n-600x800.jpg 600w, https:\/\/infoecos.com.ar\/wp-content\/uploads\/2023\/05\/285453089_346034397640554_9069713195265907432_n-768x1024.jpg 768w, https:\/\/infoecos.com.ar\/wp-content\/uploads\/2023\/05\/285453089_346034397640554_9069713195265907432_n-1152x1536.jpg 1152w, https:\/\/infoecos.com.ar\/wp-content\/uploads\/2023\/05\/285453089_346034397640554_9069713195265907432_n-1024x1365.jpg 1024w\" sizes=\"(max-width: 363px) 100vw, 363px\" \/><\/figure>\n\n\n\n<p>Hace poco tiempo atr\u00e1s el Concejo Deliberante le hab\u00eda reconocido junto a dos vecinas, su trabajo por la contribuci\u00f3n al enriquecimiento hist\u00f3rico, cultural y patrimonial del distrito, en particular por relevar los bienes patrimoniales funerarios del cementerio berutense.<\/p>\n\n\n\n<p>Pedini ser\u00e1 velado hasta este domingo, a las 16 horas en su pueblo.<\/p>\n\n\n\n<p>Amante de la m\u00fasica folkl\u00f3rica, en los \u00faltimos d\u00edas a trav\u00e9s de su cuenta de Facebook, difundi\u00f3 mucho sobre la pe\u00f1a del Club Social y Deportivo Barrio Alegre que se desarrollaba anoche.<\/p>\n\n\n\n<p>La informaci\u00f3n proporcionada a Infoecos da cuenta que su desaparici\u00f3n se produce por muerte s\u00fabita.<\/p>\n","protected":false},"excerpt":{"rendered":"<p>Hace poco tiempo atr\u00e1s el Concejo Deliberante le hab\u00eda reconocido junto a dos vecinas, su trabajo por la contribuci\u00f3n al enriquecimiento hist\u00f3rico, cultural y patrimonial del distrito<\/p>\n","protected":false},"author":2,"featured_media":105282,"comment_status":"closed","ping_status":"open","sticky":false,"template":"","format":"standard","meta":{"footnotes":""},"categories":[1325],"tags":[8020],"class_list":["post-105279","post","type-post","status-publish","format-standard","has-post-thumbnail","hentry","category-c1nota6","tag-fue-sepultado-el-domingo"],"yoast_head":"<!-- This site is optimized with the Yoast SEO plugin v23.4 - https:\/\/yoast.com\/wordpress\/plugins\/seo\/ -->\n<title>Muri\u00f3 el conocido y activo vecino de Beruti, Jorge Pedini - Infoecos<\/title>\n<meta name=\"robots\" content=\"index, follow, max-snippet:-1, max-image-preview:large, max-video-preview:-1\" \/>\n<link rel=\"canonical\" href=\"https:\/\/infoecos.com.ar\/index.php\/murio-el-conocido-y-activo-vecino-de-beruti-jorge-pedini\/\" \/>\n<meta property=\"og:locale\" content=\"es_ES\" \/>\n<meta property=\"og:type\" content=\"article\" \/>\n<meta property=\"og:title\" content=\"Muri\u00f3 el conocido y activo vecino de Beruti, Jorge Pedini - Infoecos\" \/>\n<meta property=\"og:description\" content=\"Hace poco tiempo atr\u00e1s el Concejo Deliberante le hab\u00eda reconocido junto a dos vecinas, su trabajo por la contribuci\u00f3n al enriquecimiento hist\u00f3rico, cultural y patrimonial del distrito\" \/>\n<meta property=\"og:url\" content=\"https:\/\/infoecos.com.ar\/index.php\/murio-el-conocido-y-activo-vecino-de-beruti-jorge-pedini\/\" \/>\n<meta property=\"og:site_name\" content=\"Infoecos\" \/>\n<meta property=\"article:publisher\" content=\"https:\/\/www.facebook.com\/profile.php?id=100063200290284\" \/>\n<meta property=\"article:published_time\" content=\"2023-05-21T04:35:18+00:00\" \/>\n<meta property=\"article:modified_time\" content=\"2023-05-22T05:13:25+00:00\" \/>\n<meta property=\"og:image\" content=\"https:\/\/infoecos.com.ar\/wp-content\/uploads\/2023\/05\/348427219_1582503072248315_4466402643501061240_n.jpg\" \/>\n\t<meta property=\"og:image:width\" content=\"472\" \/>\n\t<meta property=\"og:image:height\" content=\"311\" \/>\n\t<meta property=\"og:image:type\" content=\"image\/jpeg\" \/>\n<meta name=\"author\" content=\"Jorge Matheus\" \/>\n<meta name=\"twitter:card\" content=\"summary_large_image\" \/>\n<meta name=\"twitter:creator\" content=\"@infoecos\" \/>\n<meta name=\"twitter:site\" content=\"@infoecos\" \/>\n<meta name=\"twitter:label1\" content=\"Escrito por\" \/>\n\t<meta name=\"twitter:data1\" content=\"Jorge Matheus\" \/>\n\t<meta name=\"twitter:label2\" content=\"Tiempo de lectura\" \/>\n\t<meta name=\"twitter:data2\" content=\"1 minuto\" \/>\n<script type=\"application\/ld+json\" class=\"yoast-schema-graph\">{\"@context\":\"https:\/\/schema.org\",\"@graph\":[{\"@type\":\"Article\",\"@id\":\"https:\/\/infoecos.com.ar\/index.php\/murio-el-conocido-y-activo-vecino-de-beruti-jorge-pedini\/#article\",\"isPartOf\":{\"@id\":\"https:\/\/infoecos.com.ar\/index.php\/murio-el-conocido-y-activo-vecino-de-beruti-jorge-pedini\/\"},\"author\":{\"name\":\"Jorge Matheus\",\"@id\":\"https:\/\/infoecos.com.ar\/#\/schema\/person\/8f5ace5ce73b4b4aac4b7245aee6f191\"},\"headline\":\"Muri\u00f3 el conocido y activo vecino de Beruti, Jorge Pedini\",\"datePublished\":\"2023-05-21T04:35:18+00:00\",\"dateModified\":\"2023-05-22T05:13:25+00:00\",\"mainEntityOfPage\":{\"@id\":\"https:\/\/infoecos.com.ar\/index.php\/murio-el-conocido-y-activo-vecino-de-beruti-jorge-pedini\/\"},\"wordCount\":139,\"publisher\":{\"@id\":\"https:\/\/infoecos.com.ar\/#organization\"},\"image\":{\"@id\":\"https:\/\/infoecos.com.ar\/index.php\/murio-el-conocido-y-activo-vecino-de-beruti-jorge-pedini\/#primaryimage\"},\"thumbnailUrl\":\"https:\/\/infoecos.com.ar\/wp-content\/uploads\/2023\/05\/348427219_1582503072248315_4466402643501061240_n.jpg\",\"keywords\":[\"FUE SEPULTADO EL DOMINGO\"],\"articleSection\":[\"C1 nota 6\"],\"inLanguage\":\"es\"},{\"@type\":\"WebPage\",\"@id\":\"https:\/\/infoecos.com.ar\/index.php\/murio-el-conocido-y-activo-vecino-de-beruti-jorge-pedini\/\",\"url\":\"https:\/\/infoecos.com.ar\/index.php\/murio-el-conocido-y-activo-vecino-de-beruti-jorge-pedini\/\",\"name\":\"Muri\u00f3 el conocido y activo vecino de Beruti, Jorge Pedini - Infoecos\",\"isPartOf\":{\"@id\":\"https:\/\/infoecos.com.ar\/#website\"},\"primaryImageOfPage\":{\"@id\":\"https:\/\/infoecos.com.ar\/index.php\/murio-el-conocido-y-activo-vecino-de-beruti-jorge-pedini\/#primaryimage\"},\"image\":{\"@id\":\"https:\/\/infoecos.com.ar\/index.php\/murio-el-conocido-y-activo-vecino-de-beruti-jorge-pedini\/#primaryimage\"},\"thumbnailUrl\":\"https:\/\/infoecos.com.ar\/wp-content\/uploads\/2023\/05\/348427219_1582503072248315_4466402643501061240_n.jpg\",\"datePublished\":\"2023-05-21T04:35:18+00:00\",\"dateModified\":\"2023-05-22T05:13:25+00:00\",\"breadcrumb\":{\"@id\":\"https:\/\/infoecos.com.ar\/index.php\/murio-el-conocido-y-activo-vecino-de-beruti-jorge-pedini\/#breadcrumb\"},\"inLanguage\":\"es\",\"potentialAction\":[{\"@type\":\"ReadAction\",\"target\":[\"https:\/\/infoecos.com.ar\/index.php\/murio-el-conocido-y-activo-vecino-de-beruti-jorge-pedini\/\"]}]},{\"@type\":\"ImageObject\",\"inLanguage\":\"es\",\"@id\":\"https:\/\/infoecos.com.ar\/index.php\/murio-el-conocido-y-activo-vecino-de-beruti-jorge-pedini\/#primaryimage\",\"url\":\"https:\/\/infoecos.com.ar\/wp-content\/uploads\/2023\/05\/348427219_1582503072248315_4466402643501061240_n.jpg\",\"contentUrl\":\"https:\/\/infoecos.com.ar\/wp-content\/uploads\/2023\/05\/348427219_1582503072248315_4466402643501061240_n.jpg\",\"width\":472,\"height\":311},{\"@type\":\"BreadcrumbList\",\"@id\":\"https:\/\/infoecos.com.ar\/index.php\/murio-el-conocido-y-activo-vecino-de-beruti-jorge-pedini\/#breadcrumb\",\"itemListElement\":[{\"@type\":\"ListItem\",\"position\":1,\"name\":\"Portada\",\"item\":\"https:\/\/infoecos.com.ar\/\"},{\"@type\":\"ListItem\",\"position\":2,\"name\":\"Muri\u00f3 el conocido y activo vecino de Beruti, Jorge Pedini\"}]},{\"@type\":\"WebSite\",\"@id\":\"https:\/\/infoecos.com.ar\/#website\",\"url\":\"https:\/\/infoecos.com.ar\/\",\"name\":\"Infoecos\",\"description\":\"Noticias de trenque lauquen y la zona\",\"publisher\":{\"@id\":\"https:\/\/infoecos.com.ar\/#organization\"},\"alternateName\":\"Noticias\",\"potentialAction\":[{\"@type\":\"SearchAction\",\"target\":{\"@type\":\"EntryPoint\",\"urlTemplate\":\"https:\/\/infoecos.com.ar\/?s={search_term_string}\"},\"query-input\":{\"@type\":\"PropertyValueSpecification\",\"valueRequired\":true,\"valueName\":\"search_term_string\"}}],\"inLanguage\":\"es\"},{\"@type\":\"Organization\",\"@id\":\"https:\/\/infoecos.com.ar\/#organization\",\"name\":\"Infoecos\",\"alternateName\":\"Noticias\",\"url\":\"https:\/\/infoecos.com.ar\/\",\"logo\":{\"@type\":\"ImageObject\",\"inLanguage\":\"es\",\"@id\":\"https:\/\/infoecos.com.ar\/#\/schema\/logo\/image\/\",\"url\":\"https:\/\/infoecos.com.ar\/wp-content\/uploads\/2024\/03\/cropped-logo.png\",\"contentUrl\":\"https:\/\/infoecos.com.ar\/wp-content\/uploads\/2024\/03\/cropped-logo.png\",\"width\":374,\"height\":90,\"caption\":\"Infoecos\"},\"image\":{\"@id\":\"https:\/\/infoecos.com.ar\/#\/schema\/logo\/image\/\"},\"sameAs\":[\"https:\/\/www.facebook.com\/profile.php?id=100063200290284\",\"https:\/\/x.com\/infoecos\"]},{\"@type\":\"Person\",\"@id\":\"https:\/\/infoecos.com.ar\/#\/schema\/person\/8f5ace5ce73b4b4aac4b7245aee6f191\",\"name\":\"Jorge Matheus\",\"url\":\"https:\/\/infoecos.com.ar\/index.php\/author\/jomatheus\/\"}]}<\/script>\n<!-- \/ Yoast SEO plugin. -->","yoast_head_json":{"title":"Muri\u00f3 el conocido y activo vecino de Beruti, Jorge Pedini - Infoecos","robots":{"index":"index","follow":"follow","max-snippet":"max-snippet:-1","max-image-preview":"max-image-preview:large","max-video-preview":"max-video-preview:-1"},"canonical":"https:\/\/infoecos.com.ar\/index.php\/murio-el-conocido-y-activo-vecino-de-beruti-jorge-pedini\/","og_locale":"es_ES","og_type":"article","og_title":"Muri\u00f3 el conocido y activo vecino de Beruti, Jorge Pedini - Infoecos","og_description":"Hace poco tiempo atr\u00e1s el Concejo Deliberante le hab\u00eda reconocido junto a dos vecinas, su trabajo por la contribuci\u00f3n al enriquecimiento hist\u00f3rico, cultural y patrimonial del distrito","og_url":"https:\/\/infoecos.com.ar\/index.php\/murio-el-conocido-y-activo-vecino-de-beruti-jorge-pedini\/","og_site_name":"Infoecos","article_publisher":"https:\/\/www.facebook.com\/profile.php?id=100063200290284","article_published_time":"2023-05-21T04:35:18+00:00","article_modified_time":"2023-05-22T05:13:25+00:00","og_image":[{"width":472,"height":311,"url":"https:\/\/infoecos.com.ar\/wp-content\/uploads\/2023\/05\/348427219_1582503072248315_4466402643501061240_n.jpg","type":"image\/jpeg"}],"author":"Jorge Matheus","twitter_card":"summary_large_image","twitter_creator":"@infoecos","twitter_site":"@infoecos","twitter_misc":{"Escrito por":"Jorge Matheus","Tiempo de lectura":"1 minuto"},"schema":{"@context":"https:\/\/schema.org","@graph":[{"@type":"Article","@id":"https:\/\/infoecos.com.ar\/index.php\/murio-el-conocido-y-activo-vecino-de-beruti-jorge-pedini\/#article","isPartOf":{"@id":"https:\/\/infoecos.com.ar\/index.php\/murio-el-conocido-y-activo-vecino-de-beruti-jorge-pedini\/"},"author":{"name":"Jorge Matheus","@id":"https:\/\/infoecos.com.ar\/#\/schema\/person\/8f5ace5ce73b4b4aac4b7245aee6f191"},"headline":"Muri\u00f3 el conocido y activo vecino de Beruti, Jorge Pedini","datePublished":"2023-05-21T04:35:18+00:00","dateModified":"2023-05-22T05:13:25+00:00","mainEntityOfPage":{"@id":"https:\/\/infoecos.com.ar\/index.php\/murio-el-conocido-y-activo-vecino-de-beruti-jorge-pedini\/"},"wordCount":139,"publisher":{"@id":"https:\/\/infoecos.com.ar\/#organization"},"image":{"@id":"https:\/\/infoecos.com.ar\/index.php\/murio-el-conocido-y-activo-vecino-de-beruti-jorge-pedini\/#primaryimage"},"thumbnailUrl":"https:\/\/infoecos.com.ar\/wp-content\/uploads\/2023\/05\/348427219_1582503072248315_4466402643501061240_n.jpg","keywords":["FUE SEPULTADO EL DOMINGO"],"articleSection":["C1 nota 6"],"inLanguage":"es"},{"@type":"WebPage","@id":"https:\/\/infoecos.com.ar\/index.php\/murio-el-conocido-y-activo-vecino-de-beruti-jorge-pedini\/","url":"https:\/\/infoecos.com.ar\/index.php\/murio-el-conocido-y-activo-vecino-de-beruti-jorge-pedini\/","name":"Muri\u00f3 el conocido y activo vecino de Beruti, Jorge Pedini - Infoecos","isPartOf":{"@id":"https:\/\/infoecos.com.ar\/#website"},"primaryImageOfPage":{"@id":"https:\/\/infoecos.com.ar\/index.php\/murio-el-conocido-y-activo-vecino-de-beruti-jorge-pedini\/#primaryimage"},"image":{"@id":"https:\/\/infoecos.com.ar\/index.php\/murio-el-conocido-y-activo-vecino-de-beruti-jorge-pedini\/#primaryimage"},"thumbnailUrl":"https:\/\/infoecos.com.ar\/wp-content\/uploads\/2023\/05\/348427219_1582503072248315_4466402643501061240_n.jpg","datePublished":"2023-05-21T04:35:18+00:00","dateModified":"2023-05-22T05:13:25+00:00","breadcrumb":{"@id":"https:\/\/infoecos.com.ar\/index.php\/murio-el-conocido-y-activo-vecino-de-beruti-jorge-pedini\/#breadcrumb"},"inLanguage":"es","potentialAction":[{"@type":"ReadAction","target":["https:\/\/infoecos.com.ar\/index.php\/murio-el-conocido-y-activo-vecino-de-beruti-jorge-pedini\/"]}]},{"@type":"ImageObject","inLanguage":"es","@id":"https:\/\/infoecos.com.ar\/index.php\/murio-el-conocido-y-activo-vecino-de-beruti-jorge-pedini\/#primaryimage","url":"https:\/\/infoecos.com.ar\/wp-content\/uploads\/2023\/05\/348427219_1582503072248315_4466402643501061240_n.jpg","contentUrl":"https:\/\/infoecos.com.ar\/wp-content\/uploads\/2023\/05\/348427219_1582503072248315_4466402643501061240_n.jpg","width":472,"height":311},{"@type":"BreadcrumbList","@id":"https:\/\/infoecos.com.ar\/index.php\/murio-el-conocido-y-activo-vecino-de-beruti-jorge-pedini\/#breadcrumb","itemListElement":[{"@type":"ListItem","position":1,"name":"Portada","item":"https:\/\/infoecos.com.ar\/"},{"@type":"ListItem","position":2,"name":"Muri\u00f3 el conocido y activo vecino de Beruti, Jorge Pedini"}]},{"@type":"WebSite","@id":"https:\/\/infoecos.com.ar\/#website","url":"https:\/\/infoecos.com.ar\/","name":"Infoecos","description":"Noticias de trenque lauquen y la zona","publisher":{"@id":"https:\/\/infoecos.com.ar\/#organization"},"alternateName":"Noticias","potentialAction":[{"@type":"SearchAction","target":{"@type":"EntryPoint","urlTemplate":"https:\/\/infoecos.com.ar\/?s={search_term_string}"},"query-input":{"@type":"PropertyValueSpecification","valueRequired":true,"valueName":"search_term_string"}}],"inLanguage":"es"},{"@type":"Organization","@id":"https:\/\/infoecos.com.ar\/#organization","name":"Infoecos","alternateName":"Noticias","url":"https:\/\/infoecos.com.ar\/","logo":{"@type":"ImageObject","inLanguage":"es","@id":"https:\/\/infoecos.com.ar\/#\/schema\/logo\/image\/","url":"https:\/\/infoecos.com.ar\/wp-content\/uploads\/2024\/03\/cropped-logo.png","contentUrl":"https:\/\/infoecos.com.ar\/wp-content\/uploads\/2024\/03\/cropped-logo.png","width":374,"height":90,"caption":"Infoecos"},"image":{"@id":"https:\/\/infoecos.com.ar\/#\/schema\/logo\/image\/"},"sameAs":["https:\/\/www.facebook.com\/profile.php?id=100063200290284","https:\/\/x.com\/infoecos"]},{"@type":"Person","@id":"https:\/\/infoecos.com.ar\/#\/schema\/person\/8f5ace5ce73b4b4aac4b7245aee6f191","name":"Jorge Matheus","url":"https:\/\/infoecos.com.ar\/index.php\/author\/jomatheus\/"}]}},"featured_image_urls":{"full":["https:\/\/infoecos.com.ar\/wp-content\/uploads\/2023\/05\/348427219_1582503072248315_4466402643501061240_n.jpg",472,311,false],"thumbnail":["https:\/\/infoecos.com.ar\/wp-content\/uploads\/2023\/05\/348427219_1582503072248315_4466402643501061240_n-300x150.jpg",300,150,true],"medium":["https:\/\/infoecos.com.ar\/wp-content\/uploads\/2023\/05\/348427219_1582503072248315_4466402643501061240_n.jpg",472,311,false],"medium_large":["https:\/\/infoecos.com.ar\/wp-content\/uploads\/2023\/05\/348427219_1582503072248315_4466402643501061240_n.jpg",472,311,false],"large":["https:\/\/infoecos.com.ar\/wp-content\/uploads\/2023\/05\/348427219_1582503072248315_4466402643501061240_n.jpg",472,311,false],"1536x1536":["https:\/\/infoecos.com.ar\/wp-content\/uploads\/2023\/05\/348427219_1582503072248315_4466402643501061240_n.jpg",472,311,false],"2048x2048":["https:\/\/infoecos.com.ar\/wp-content\/uploads\/2023\/05\/348427219_1582503072248315_4466402643501061240_n.jpg",472,311,false],"covernews-slider-full":["https:\/\/infoecos.com.ar\/wp-content\/uploads\/2023\/05\/348427219_1582503072248315_4466402643501061240_n.jpg",472,311,false],"covernews-slider-center":["https:\/\/infoecos.com.ar\/wp-content\/uploads\/2023\/05\/348427219_1582503072248315_4466402643501061240_n.jpg",472,311,false],"covernews-featured":["https:\/\/infoecos.com.ar\/wp-content\/uploads\/2023\/05\/348427219_1582503072248315_4466402643501061240_n.jpg",472,311,false],"covernews-medium":["https:\/\/infoecos.com.ar\/wp-content\/uploads\/2023\/05\/348427219_1582503072248315_4466402643501061240_n.jpg",472,311,false],"covernews-medium-square":["https:\/\/infoecos.com.ar\/wp-content\/uploads\/2023\/05\/348427219_1582503072248315_4466402643501061240_n.jpg",379,250,false]},"author_info":{"info":["Jorge Matheus"]},"category_info":"<a href=\"https:\/\/infoecos.com.ar\/index.php\/category\/c1nota6\/\" rel=\"category tag\">C1 nota 6<\/a>","tag_info":"C1 nota 6","comment_count":"0","_links":{"self":[{"href":"https:\/\/infoecos.com.ar\/index.php\/wp-json\/wp\/v2\/posts\/105279"}],"collection":[{"href":"https:\/\/infoecos.com.ar\/index.php\/wp-json\/wp\/v2\/posts"}],"about":[{"href":"https:\/\/infoecos.com.ar\/index.php\/wp-json\/wp\/v2\/types\/post"}],"author":[{"embeddable":true,"href":"https:\/\/infoecos.com.ar\/index.php\/wp-json\/wp\/v2\/users\/2"}],"replies":[{"embeddable":true,"href":"https:\/\/infoecos.com.ar\/index.php\/wp-json\/wp\/v2\/comments?post=105279"}],"version-history":[{"count":2,"href":"https:\/\/infoecos.com.ar\/index.php\/wp-json\/wp\/v2\/posts\/105279\/revisions"}],"predecessor-version":[{"id":105284,"href":"https:\/\/infoecos.com.ar\/index.php\/wp-json\/wp\/v2\/posts\/105279\/revisions\/105284"}],"wp:featuredmedia":[{"embeddable":true,"href":"https:\/\/infoecos.com.ar\/index.php\/wp-json\/wp\/v2\/media\/105282"}],"wp:attachment":[{"href":"https:\/\/infoecos.com.ar\/index.php\/wp-json\/wp\/v2\/media?parent=105279"}],"wp:term":[{"taxonomy":"category","embeddable":true,"href":"https:\/\/infoecos.com.ar\/index.php\/wp-json\/wp\/v2\/categories?post=105279"},{"taxonomy":"post_tag","embeddable":true,"href":"https:\/\/infoecos.com.ar\/index.php\/wp-json\/wp\/v2\/tags?post=105279"}],"curies":[{"name":"wp","href":"https:\/\/api.w.org\/{rel}","templated":true}]}}