{"id":105301,"date":"2023-05-22T02:02:46","date_gmt":"2023-05-22T05:02:46","guid":{"rendered":"https:\/\/infoecos.com.ar\/?p=105301"},"modified":"2023-05-23T02:06:31","modified_gmt":"2023-05-23T05:06:31","slug":"accidente-a-la-altura-de-suipacha-cerca-de-la-catastrofe","status":"publish","type":"post","link":"https:\/\/infoecos.com.ar\/index.php\/accidente-a-la-altura-de-suipacha-cerca-de-la-catastrofe\/","title":{"rendered":"Accidente a la altura de Suipacha: cerca de la cat\u00e1strofe"},"content":{"rendered":"\n<p>Otro grave accidente se produjo sobre la ruta nacional 5, en jurisdicci\u00f3n del partido de Suipacha.<\/p>\n\n\n\n<figure class=\"wp-block-image size-large\"><img loading=\"lazy\" decoding=\"async\" width=\"1600\" height=\"758\" src=\"https:\/\/infoecos.com.ar\/wp-content\/uploads\/2023\/05\/348460695_197003963249913_481936858809060425_n-1600x758.jpg\" alt=\"\" class=\"wp-image-105302\" srcset=\"https:\/\/infoecos.com.ar\/wp-content\/uploads\/2023\/05\/348460695_197003963249913_481936858809060425_n-1600x758.jpg 1600w, https:\/\/infoecos.com.ar\/wp-content\/uploads\/2023\/05\/348460695_197003963249913_481936858809060425_n-800x379.jpg 800w, https:\/\/infoecos.com.ar\/wp-content\/uploads\/2023\/05\/348460695_197003963249913_481936858809060425_n-768x364.jpg 768w, https:\/\/infoecos.com.ar\/wp-content\/uploads\/2023\/05\/348460695_197003963249913_481936858809060425_n-1536x728.jpg 1536w, https:\/\/infoecos.com.ar\/wp-content\/uploads\/2023\/05\/348460695_197003963249913_481936858809060425_n-2048x970.jpg 2048w, https:\/\/infoecos.com.ar\/wp-content\/uploads\/2023\/05\/348460695_197003963249913_481936858809060425_n-1024x485.jpg 1024w\" sizes=\"(max-width: 1600px) 100vw, 1600px\" \/><figcaption class=\"wp-element-caption\">Accidente a la altura de Suipacha <\/figcaption><\/figure>\n\n\n\n<p>El siniestro ocurri\u00f3 a la altura del kil\u00f3metro 119,800 cuando la conductora de un Chevrolet Classic , color gris claro, que circulaba en sentido Suipacha-Mercedes al intentar adelantarse a un cami\u00f3n de gran porte, no advierte la presencia de un Volkswagen Polo, color gris. que circulaba en sentido contrario. La conductora del Chevrolet intent\u00f3 evadir el impacto dirigi\u00e9ndose hacia la banquina contraria, colisionando con la parte lateral derecha contra la parte lateral derecha del Polo, que pierde el control embistiendo a un cami\u00f3n Volvo 440 con semirremolque que circulaba detr\u00e1s del Chevrolet conducido por Claudio Miguel Ribotta.<\/p>\n\n\n\n<figure class=\"wp-block-image size-large\"><img loading=\"lazy\" decoding=\"async\" width=\"1600\" height=\"739\" src=\"https:\/\/infoecos.com.ar\/wp-content\/uploads\/2023\/05\/348426962_149093471374230_6650148683915408729_n-1600x739.jpg\" alt=\"\" class=\"wp-image-105303\" srcset=\"https:\/\/infoecos.com.ar\/wp-content\/uploads\/2023\/05\/348426962_149093471374230_6650148683915408729_n-1600x739.jpg 1600w, https:\/\/infoecos.com.ar\/wp-content\/uploads\/2023\/05\/348426962_149093471374230_6650148683915408729_n-800x369.jpg 800w, https:\/\/infoecos.com.ar\/wp-content\/uploads\/2023\/05\/348426962_149093471374230_6650148683915408729_n-768x355.jpg 768w, https:\/\/infoecos.com.ar\/wp-content\/uploads\/2023\/05\/348426962_149093471374230_6650148683915408729_n-1536x709.jpg 1536w, https:\/\/infoecos.com.ar\/wp-content\/uploads\/2023\/05\/348426962_149093471374230_6650148683915408729_n-2048x946.jpg 2048w, https:\/\/infoecos.com.ar\/wp-content\/uploads\/2023\/05\/348426962_149093471374230_6650148683915408729_n-1024x473.jpg 1024w\" sizes=\"(max-width: 1600px) 100vw, 1600px\" \/><figcaption class=\"wp-element-caption\">Accidente a la altura de Suipacha <\/figcaption><\/figure>\n\n\n\n<p>Luego de la colisi\u00f3n, el Volkswagen Polo, queda totalmente da\u00f1ado cruzado sobre la banquina, en tanto el Chevrolet Classic se despista hacia el sector de pr\u00e9stamo y el cami\u00f3n se detiene unos metros m\u00e1s adelante con su parte delantera da\u00f1ada .<\/p>\n\n\n\n<p>Seg\u00fan trascendi\u00f3 en el lugar, el Volkswagen Polo circular\u00eda sin las luces reglamentarias lo que habr\u00eda confundido a la conductora del Chevrolet Classic que al intentar adelantarse pens\u00f3 que el veh\u00edculo circulaba en el mismo sentido.<\/p>\n\n\n\n<figure class=\"wp-block-image size-large\"><img loading=\"lazy\" decoding=\"async\" width=\"1600\" height=\"739\" src=\"https:\/\/infoecos.com.ar\/wp-content\/uploads\/2023\/05\/348257906_1517516538780981_4155462533167799464_n-1600x739.jpg\" alt=\"\" class=\"wp-image-105304\" srcset=\"https:\/\/infoecos.com.ar\/wp-content\/uploads\/2023\/05\/348257906_1517516538780981_4155462533167799464_n-1600x739.jpg 1600w, https:\/\/infoecos.com.ar\/wp-content\/uploads\/2023\/05\/348257906_1517516538780981_4155462533167799464_n-800x369.jpg 800w, https:\/\/infoecos.com.ar\/wp-content\/uploads\/2023\/05\/348257906_1517516538780981_4155462533167799464_n-768x355.jpg 768w, https:\/\/infoecos.com.ar\/wp-content\/uploads\/2023\/05\/348257906_1517516538780981_4155462533167799464_n-1536x709.jpg 1536w, https:\/\/infoecos.com.ar\/wp-content\/uploads\/2023\/05\/348257906_1517516538780981_4155462533167799464_n-2048x946.jpg 2048w, https:\/\/infoecos.com.ar\/wp-content\/uploads\/2023\/05\/348257906_1517516538780981_4155462533167799464_n-1024x473.jpg 1024w\" sizes=\"(max-width: 1600px) 100vw, 1600px\" \/><figcaption class=\"wp-element-caption\">Accidente a la altura de Suipacha <\/figcaption><\/figure>\n\n\n\n<p>En el Volkswagen Polo que era conducido por Roberto Jos\u00e9 Figueroa de 70, quien viajaba acompa\u00f1ado por Marianela Figueroa de 27 a\u00f1os y Franco Nicol\u00e1s Figueroa de 20 a\u00f1os, result\u00f3 con lesiones de car\u00e1cter grave la joven Marianela, que luego de ser auxiliada por personal de Bomberos Voluntarios fue trasladada al Hospital Municipal Esteban Iribarne de Suipacha y m\u00e1s tarde derivada al Hospital Municipal Blas Dubarry de Mercedes.<\/p>\n\n\n\n<figure class=\"wp-block-image size-large\"><img loading=\"lazy\" decoding=\"async\" width=\"1600\" height=\"739\" src=\"https:\/\/infoecos.com.ar\/wp-content\/uploads\/2023\/05\/347890036_926863855295889_6758924136490556749_n-1600x739.jpg\" alt=\"\" class=\"wp-image-105305\" srcset=\"https:\/\/infoecos.com.ar\/wp-content\/uploads\/2023\/05\/347890036_926863855295889_6758924136490556749_n-1600x739.jpg 1600w, https:\/\/infoecos.com.ar\/wp-content\/uploads\/2023\/05\/347890036_926863855295889_6758924136490556749_n-800x369.jpg 800w, https:\/\/infoecos.com.ar\/wp-content\/uploads\/2023\/05\/347890036_926863855295889_6758924136490556749_n-768x355.jpg 768w, https:\/\/infoecos.com.ar\/wp-content\/uploads\/2023\/05\/347890036_926863855295889_6758924136490556749_n-1536x709.jpg 1536w, https:\/\/infoecos.com.ar\/wp-content\/uploads\/2023\/05\/347890036_926863855295889_6758924136490556749_n-2048x946.jpg 2048w, https:\/\/infoecos.com.ar\/wp-content\/uploads\/2023\/05\/347890036_926863855295889_6758924136490556749_n-1024x473.jpg 1024w\" sizes=\"(max-width: 1600px) 100vw, 1600px\" \/><figcaption class=\"wp-element-caption\">Accidente a la altura de Suipacha <\/figcaption><\/figure>\n\n\n\n<p>En tanto los ocupantes del Chevrolet Classic, que era conducido por Noemi Rodriguez de 67 a\u00f1os, domiciliada en Ciudadela y viajaba acompa\u00f1ada por tres familiares, Celia Rodriguez de 64 a\u00f1os, Cesar De La Cuetara , de 70 a\u00f1os y Claudia La Ruffa de 68 a\u00f1os, al igual que el chofer del cami\u00f3n resultaros ilesos .<\/p>\n\n\n\n<p>El tr\u00e1nsito de la ruta 5 estuvo interrumpido mientras se realizaban las tareas de rescate, pericias y limpieza de la cinta asf\u00e1ltica.<\/p>\n\n\n\n<figure class=\"wp-block-image size-large\"><img loading=\"lazy\" decoding=\"async\" width=\"1600\" height=\"739\" src=\"https:\/\/infoecos.com.ar\/wp-content\/uploads\/2023\/05\/348268266_1442030699945738_1984469499511723467_n-1600x739.jpg\" alt=\"\" class=\"wp-image-105306\" srcset=\"https:\/\/infoecos.com.ar\/wp-content\/uploads\/2023\/05\/348268266_1442030699945738_1984469499511723467_n-1600x739.jpg 1600w, https:\/\/infoecos.com.ar\/wp-content\/uploads\/2023\/05\/348268266_1442030699945738_1984469499511723467_n-800x369.jpg 800w, https:\/\/infoecos.com.ar\/wp-content\/uploads\/2023\/05\/348268266_1442030699945738_1984469499511723467_n-768x355.jpg 768w, https:\/\/infoecos.com.ar\/wp-content\/uploads\/2023\/05\/348268266_1442030699945738_1984469499511723467_n-1536x709.jpg 1536w, https:\/\/infoecos.com.ar\/wp-content\/uploads\/2023\/05\/348268266_1442030699945738_1984469499511723467_n-2048x946.jpg 2048w, https:\/\/infoecos.com.ar\/wp-content\/uploads\/2023\/05\/348268266_1442030699945738_1984469499511723467_n-1024x473.jpg 1024w\" sizes=\"(max-width: 1600px) 100vw, 1600px\" \/><\/figure>\n\n\n\n<p>Intervino Polic\u00eda Comunal, Bomberos Voluntarios ambulancias del Homei de Suipacha, Polic\u00eda Vial, Polic\u00eda Cientifica y personal de Corredores Viales.<\/p>\n\n\n\n<p>Fuente: <a href=\"https:\/\/www.facebook.com\/groups\/258649644176606\/\">Ruta 5. AUTOVIA YA!!!. usuarios cansados de esperar<\/a> en Facebook<\/p>\n","protected":false},"excerpt":{"rendered":"<p>Una mujer de 27 a\u00f1os internada en grave estado en el Hospital de Mercedes <\/p>\n","protected":false},"author":2,"featured_media":105302,"comment_status":"closed","ping_status":"open","sticky":false,"template":"","format":"standard","meta":{"footnotes":""},"categories":[1325],"tags":[7827],"class_list":["post-105301","post","type-post","status-publish","format-standard","has-post-thumbnail","hentry","category-c1nota6","tag-ruta-5"],"yoast_head":"<!-- This site is optimized with the Yoast SEO plugin v23.4 - https:\/\/yoast.com\/wordpress\/plugins\/seo\/ -->\n<title>Accidente a la altura de Suipacha: cerca de la cat\u00e1strofe - Infoecos<\/title>\n<meta name=\"robots\" content=\"index, follow, max-snippet:-1, max-image-preview:large, max-video-preview:-1\" \/>\n<link rel=\"canonical\" href=\"https:\/\/infoecos.com.ar\/index.php\/accidente-a-la-altura-de-suipacha-cerca-de-la-catastrofe\/\" \/>\n<meta property=\"og:locale\" content=\"es_ES\" \/>\n<meta property=\"og:type\" content=\"article\" \/>\n<meta property=\"og:title\" content=\"Accidente a la altura de Suipacha: cerca de la cat\u00e1strofe - Infoecos\" \/>\n<meta property=\"og:description\" content=\"Una mujer de 27 a\u00f1os internada en grave estado en el Hospital de Mercedes\" \/>\n<meta property=\"og:url\" content=\"https:\/\/infoecos.com.ar\/index.php\/accidente-a-la-altura-de-suipacha-cerca-de-la-catastrofe\/\" \/>\n<meta property=\"og:site_name\" content=\"Infoecos\" \/>\n<meta property=\"article:publisher\" content=\"https:\/\/www.facebook.com\/profile.php?id=100063200290284\" \/>\n<meta property=\"article:published_time\" content=\"2023-05-22T05:02:46+00:00\" \/>\n<meta property=\"article:modified_time\" content=\"2023-05-23T05:06:31+00:00\" \/>\n<meta property=\"og:image\" content=\"https:\/\/infoecos.com.ar\/wp-content\/uploads\/2023\/05\/348460695_197003963249913_481936858809060425_n-scaled.jpg\" \/>\n\t<meta property=\"og:image:width\" content=\"2560\" \/>\n\t<meta property=\"og:image:height\" content=\"1213\" \/>\n\t<meta property=\"og:image:type\" content=\"image\/jpeg\" \/>\n<meta name=\"author\" content=\"Jorge Matheus\" \/>\n<meta name=\"twitter:card\" content=\"summary_large_image\" \/>\n<meta name=\"twitter:creator\" content=\"@infoecos\" \/>\n<meta name=\"twitter:site\" content=\"@infoecos\" \/>\n<meta name=\"twitter:label1\" content=\"Escrito por\" \/>\n\t<meta name=\"twitter:data1\" content=\"Jorge Matheus\" \/>\n\t<meta name=\"twitter:label2\" content=\"Tiempo de lectura\" \/>\n\t<meta name=\"twitter:data2\" content=\"3 minutos\" \/>\n<script type=\"application\/ld+json\" class=\"yoast-schema-graph\">{\"@context\":\"https:\/\/schema.org\",\"@graph\":[{\"@type\":\"Article\",\"@id\":\"https:\/\/infoecos.com.ar\/index.php\/accidente-a-la-altura-de-suipacha-cerca-de-la-catastrofe\/#article\",\"isPartOf\":{\"@id\":\"https:\/\/infoecos.com.ar\/index.php\/accidente-a-la-altura-de-suipacha-cerca-de-la-catastrofe\/\"},\"author\":{\"name\":\"Jorge Matheus\",\"@id\":\"https:\/\/infoecos.com.ar\/#\/schema\/person\/8f5ace5ce73b4b4aac4b7245aee6f191\"},\"headline\":\"Accidente a la altura de Suipacha: cerca de la cat\u00e1strofe\",\"datePublished\":\"2023-05-22T05:02:46+00:00\",\"dateModified\":\"2023-05-23T05:06:31+00:00\",\"mainEntityOfPage\":{\"@id\":\"https:\/\/infoecos.com.ar\/index.php\/accidente-a-la-altura-de-suipacha-cerca-de-la-catastrofe\/\"},\"wordCount\":417,\"publisher\":{\"@id\":\"https:\/\/infoecos.com.ar\/#organization\"},\"image\":{\"@id\":\"https:\/\/infoecos.com.ar\/index.php\/accidente-a-la-altura-de-suipacha-cerca-de-la-catastrofe\/#primaryimage\"},\"thumbnailUrl\":\"https:\/\/infoecos.com.ar\/wp-content\/uploads\/2023\/05\/348460695_197003963249913_481936858809060425_n-scaled.jpg\",\"keywords\":[\"RUTA 5\"],\"articleSection\":[\"C1 nota 6\"],\"inLanguage\":\"es\"},{\"@type\":\"WebPage\",\"@id\":\"https:\/\/infoecos.com.ar\/index.php\/accidente-a-la-altura-de-suipacha-cerca-de-la-catastrofe\/\",\"url\":\"https:\/\/infoecos.com.ar\/index.php\/accidente-a-la-altura-de-suipacha-cerca-de-la-catastrofe\/\",\"name\":\"Accidente a la altura de Suipacha: cerca de la cat\u00e1strofe - Infoecos\",\"isPartOf\":{\"@id\":\"https:\/\/infoecos.com.ar\/#website\"},\"primaryImageOfPage\":{\"@id\":\"https:\/\/infoecos.com.ar\/index.php\/accidente-a-la-altura-de-suipacha-cerca-de-la-catastrofe\/#primaryimage\"},\"image\":{\"@id\":\"https:\/\/infoecos.com.ar\/index.php\/accidente-a-la-altura-de-suipacha-cerca-de-la-catastrofe\/#primaryimage\"},\"thumbnailUrl\":\"https:\/\/infoecos.com.ar\/wp-content\/uploads\/2023\/05\/348460695_197003963249913_481936858809060425_n-scaled.jpg\",\"datePublished\":\"2023-05-22T05:02:46+00:00\",\"dateModified\":\"2023-05-23T05:06:31+00:00\",\"breadcrumb\":{\"@id\":\"https:\/\/infoecos.com.ar\/index.php\/accidente-a-la-altura-de-suipacha-cerca-de-la-catastrofe\/#breadcrumb\"},\"inLanguage\":\"es\",\"potentialAction\":[{\"@type\":\"ReadAction\",\"target\":[\"https:\/\/infoecos.com.ar\/index.php\/accidente-a-la-altura-de-suipacha-cerca-de-la-catastrofe\/\"]}]},{\"@type\":\"ImageObject\",\"inLanguage\":\"es\",\"@id\":\"https:\/\/infoecos.com.ar\/index.php\/accidente-a-la-altura-de-suipacha-cerca-de-la-catastrofe\/#primaryimage\",\"url\":\"https:\/\/infoecos.com.ar\/wp-content\/uploads\/2023\/05\/348460695_197003963249913_481936858809060425_n-scaled.jpg\",\"contentUrl\":\"https:\/\/infoecos.com.ar\/wp-content\/uploads\/2023\/05\/348460695_197003963249913_481936858809060425_n-scaled.jpg\",\"width\":2560,\"height\":1213},{\"@type\":\"BreadcrumbList\",\"@id\":\"https:\/\/infoecos.com.ar\/index.php\/accidente-a-la-altura-de-suipacha-cerca-de-la-catastrofe\/#breadcrumb\",\"itemListElement\":[{\"@type\":\"ListItem\",\"position\":1,\"name\":\"Portada\",\"item\":\"https:\/\/infoecos.com.ar\/\"},{\"@type\":\"ListItem\",\"position\":2,\"name\":\"Accidente a la altura de Suipacha: cerca de la cat\u00e1strofe\"}]},{\"@type\":\"WebSite\",\"@id\":\"https:\/\/infoecos.com.ar\/#website\",\"url\":\"https:\/\/infoecos.com.ar\/\",\"name\":\"Infoecos\",\"description\":\"Noticias de trenque lauquen y la zona\",\"publisher\":{\"@id\":\"https:\/\/infoecos.com.ar\/#organization\"},\"alternateName\":\"Noticias\",\"potentialAction\":[{\"@type\":\"SearchAction\",\"target\":{\"@type\":\"EntryPoint\",\"urlTemplate\":\"https:\/\/infoecos.com.ar\/?s={search_term_string}\"},\"query-input\":{\"@type\":\"PropertyValueSpecification\",\"valueRequired\":true,\"valueName\":\"search_term_string\"}}],\"inLanguage\":\"es\"},{\"@type\":\"Organization\",\"@id\":\"https:\/\/infoecos.com.ar\/#organization\",\"name\":\"Infoecos\",\"alternateName\":\"Noticias\",\"url\":\"https:\/\/infoecos.com.ar\/\",\"logo\":{\"@type\":\"ImageObject\",\"inLanguage\":\"es\",\"@id\":\"https:\/\/infoecos.com.ar\/#\/schema\/logo\/image\/\",\"url\":\"https:\/\/infoecos.com.ar\/wp-content\/uploads\/2024\/03\/cropped-logo.png\",\"contentUrl\":\"https:\/\/infoecos.com.ar\/wp-content\/uploads\/2024\/03\/cropped-logo.png\",\"width\":374,\"height\":90,\"caption\":\"Infoecos\"},\"image\":{\"@id\":\"https:\/\/infoecos.com.ar\/#\/schema\/logo\/image\/\"},\"sameAs\":[\"https:\/\/www.facebook.com\/profile.php?id=100063200290284\",\"https:\/\/x.com\/infoecos\"]},{\"@type\":\"Person\",\"@id\":\"https:\/\/infoecos.com.ar\/#\/schema\/person\/8f5ace5ce73b4b4aac4b7245aee6f191\",\"name\":\"Jorge Matheus\",\"url\":\"https:\/\/infoecos.com.ar\/index.php\/author\/jomatheus\/\"}]}<\/script>\n<!-- \/ Yoast SEO plugin. -->","yoast_head_json":{"title":"Accidente a la altura de Suipacha: cerca de la cat\u00e1strofe - Infoecos","robots":{"index":"index","follow":"follow","max-snippet":"max-snippet:-1","max-image-preview":"max-image-preview:large","max-video-preview":"max-video-preview:-1"},"canonical":"https:\/\/infoecos.com.ar\/index.php\/accidente-a-la-altura-de-suipacha-cerca-de-la-catastrofe\/","og_locale":"es_ES","og_type":"article","og_title":"Accidente a la altura de Suipacha: cerca de la cat\u00e1strofe - Infoecos","og_description":"Una mujer de 27 a\u00f1os internada en grave estado en el Hospital de Mercedes","og_url":"https:\/\/infoecos.com.ar\/index.php\/accidente-a-la-altura-de-suipacha-cerca-de-la-catastrofe\/","og_site_name":"Infoecos","article_publisher":"https:\/\/www.facebook.com\/profile.php?id=100063200290284","article_published_time":"2023-05-22T05:02:46+00:00","article_modified_time":"2023-05-23T05:06:31+00:00","og_image":[{"width":2560,"height":1213,"url":"https:\/\/infoecos.com.ar\/wp-content\/uploads\/2023\/05\/348460695_197003963249913_481936858809060425_n-scaled.jpg","type":"image\/jpeg"}],"author":"Jorge Matheus","twitter_card":"summary_large_image","twitter_creator":"@infoecos","twitter_site":"@infoecos","twitter_misc":{"Escrito por":"Jorge Matheus","Tiempo de lectura":"3 minutos"},"schema":{"@context":"https:\/\/schema.org","@graph":[{"@type":"Article","@id":"https:\/\/infoecos.com.ar\/index.php\/accidente-a-la-altura-de-suipacha-cerca-de-la-catastrofe\/#article","isPartOf":{"@id":"https:\/\/infoecos.com.ar\/index.php\/accidente-a-la-altura-de-suipacha-cerca-de-la-catastrofe\/"},"author":{"name":"Jorge Matheus","@id":"https:\/\/infoecos.com.ar\/#\/schema\/person\/8f5ace5ce73b4b4aac4b7245aee6f191"},"headline":"Accidente a la altura de Suipacha: cerca de la cat\u00e1strofe","datePublished":"2023-05-22T05:02:46+00:00","dateModified":"2023-05-23T05:06:31+00:00","mainEntityOfPage":{"@id":"https:\/\/infoecos.com.ar\/index.php\/accidente-a-la-altura-de-suipacha-cerca-de-la-catastrofe\/"},"wordCount":417,"publisher":{"@id":"https:\/\/infoecos.com.ar\/#organization"},"image":{"@id":"https:\/\/infoecos.com.ar\/index.php\/accidente-a-la-altura-de-suipacha-cerca-de-la-catastrofe\/#primaryimage"},"thumbnailUrl":"https:\/\/infoecos.com.ar\/wp-content\/uploads\/2023\/05\/348460695_197003963249913_481936858809060425_n-scaled.jpg","keywords":["RUTA 5"],"articleSection":["C1 nota 6"],"inLanguage":"es"},{"@type":"WebPage","@id":"https:\/\/infoecos.com.ar\/index.php\/accidente-a-la-altura-de-suipacha-cerca-de-la-catastrofe\/","url":"https:\/\/infoecos.com.ar\/index.php\/accidente-a-la-altura-de-suipacha-cerca-de-la-catastrofe\/","name":"Accidente a la altura de Suipacha: cerca de la cat\u00e1strofe - Infoecos","isPartOf":{"@id":"https:\/\/infoecos.com.ar\/#website"},"primaryImageOfPage":{"@id":"https:\/\/infoecos.com.ar\/index.php\/accidente-a-la-altura-de-suipacha-cerca-de-la-catastrofe\/#primaryimage"},"image":{"@id":"https:\/\/infoecos.com.ar\/index.php\/accidente-a-la-altura-de-suipacha-cerca-de-la-catastrofe\/#primaryimage"},"thumbnailUrl":"https:\/\/infoecos.com.ar\/wp-content\/uploads\/2023\/05\/348460695_197003963249913_481936858809060425_n-scaled.jpg","datePublished":"2023-05-22T05:02:46+00:00","dateModified":"2023-05-23T05:06:31+00:00","breadcrumb":{"@id":"https:\/\/infoecos.com.ar\/index.php\/accidente-a-la-altura-de-suipacha-cerca-de-la-catastrofe\/#breadcrumb"},"inLanguage":"es","potentialAction":[{"@type":"ReadAction","target":["https:\/\/infoecos.com.ar\/index.php\/accidente-a-la-altura-de-suipacha-cerca-de-la-catastrofe\/"]}]},{"@type":"ImageObject","inLanguage":"es","@id":"https:\/\/infoecos.com.ar\/index.php\/accidente-a-la-altura-de-suipacha-cerca-de-la-catastrofe\/#primaryimage","url":"https:\/\/infoecos.com.ar\/wp-content\/uploads\/2023\/05\/348460695_197003963249913_481936858809060425_n-scaled.jpg","contentUrl":"https:\/\/infoecos.com.ar\/wp-content\/uploads\/2023\/05\/348460695_197003963249913_481936858809060425_n-scaled.jpg","width":2560,"height":1213},{"@type":"BreadcrumbList","@id":"https:\/\/infoecos.com.ar\/index.php\/accidente-a-la-altura-de-suipacha-cerca-de-la-catastrofe\/#breadcrumb","itemListElement":[{"@type":"ListItem","position":1,"name":"Portada","item":"https:\/\/infoecos.com.ar\/"},{"@type":"ListItem","position":2,"name":"Accidente a la altura de Suipacha: cerca de la cat\u00e1strofe"}]},{"@type":"WebSite","@id":"https:\/\/infoecos.com.ar\/#website","url":"https:\/\/infoecos.com.ar\/","name":"Infoecos","description":"Noticias de trenque lauquen y la zona","publisher":{"@id":"https:\/\/infoecos.com.ar\/#organization"},"alternateName":"Noticias","potentialAction":[{"@type":"SearchAction","target":{"@type":"EntryPoint","urlTemplate":"https:\/\/infoecos.com.ar\/?s={search_term_string}"},"query-input":{"@type":"PropertyValueSpecification","valueRequired":true,"valueName":"search_term_string"}}],"inLanguage":"es"},{"@type":"Organization","@id":"https:\/\/infoecos.com.ar\/#organization","name":"Infoecos","alternateName":"Noticias","url":"https:\/\/infoecos.com.ar\/","logo":{"@type":"ImageObject","inLanguage":"es","@id":"https:\/\/infoecos.com.ar\/#\/schema\/logo\/image\/","url":"https:\/\/infoecos.com.ar\/wp-content\/uploads\/2024\/03\/cropped-logo.png","contentUrl":"https:\/\/infoecos.com.ar\/wp-content\/uploads\/2024\/03\/cropped-logo.png","width":374,"height":90,"caption":"Infoecos"},"image":{"@id":"https:\/\/infoecos.com.ar\/#\/schema\/logo\/image\/"},"sameAs":["https:\/\/www.facebook.com\/profile.php?id=100063200290284","https:\/\/x.com\/infoecos"]},{"@type":"Person","@id":"https:\/\/infoecos.com.ar\/#\/schema\/person\/8f5ace5ce73b4b4aac4b7245aee6f191","name":"Jorge Matheus","url":"https:\/\/infoecos.com.ar\/index.php\/author\/jomatheus\/"}]}},"featured_image_urls":{"full":["https:\/\/infoecos.com.ar\/wp-content\/uploads\/2023\/05\/348460695_197003963249913_481936858809060425_n-scaled.jpg",2560,1213,false],"thumbnail":["https:\/\/infoecos.com.ar\/wp-content\/uploads\/2023\/05\/348460695_197003963249913_481936858809060425_n-300x150.jpg",300,150,true],"medium":["https:\/\/infoecos.com.ar\/wp-content\/uploads\/2023\/05\/348460695_197003963249913_481936858809060425_n-800x379.jpg",800,379,true],"medium_large":["https:\/\/infoecos.com.ar\/wp-content\/uploads\/2023\/05\/348460695_197003963249913_481936858809060425_n-768x364.jpg",640,303,true],"large":["https:\/\/infoecos.com.ar\/wp-content\/uploads\/2023\/05\/348460695_197003963249913_481936858809060425_n-1600x758.jpg",640,303,true],"1536x1536":["https:\/\/infoecos.com.ar\/wp-content\/uploads\/2023\/05\/348460695_197003963249913_481936858809060425_n-1536x728.jpg",1536,728,true],"2048x2048":["https:\/\/infoecos.com.ar\/wp-content\/uploads\/2023\/05\/348460695_197003963249913_481936858809060425_n-2048x970.jpg",2048,970,true],"covernews-slider-full":["https:\/\/infoecos.com.ar\/wp-content\/uploads\/2023\/05\/348460695_197003963249913_481936858809060425_n-1536x1020.jpg",1077,715,true],"covernews-slider-center":["https:\/\/infoecos.com.ar\/wp-content\/uploads\/2023\/05\/348460695_197003963249913_481936858809060425_n-936x897.jpg",522,500,true],"covernews-featured":["https:\/\/infoecos.com.ar\/wp-content\/uploads\/2023\/05\/348460695_197003963249913_481936858809060425_n-1024x485.jpg",1024,485,true],"covernews-medium":["https:\/\/infoecos.com.ar\/wp-content\/uploads\/2023\/05\/348460695_197003963249913_481936858809060425_n-720x380.jpg",540,285,true],"covernews-medium-square":["https:\/\/infoecos.com.ar\/wp-content\/uploads\/2023\/05\/348460695_197003963249913_481936858809060425_n-675x450.jpg",375,250,true]},"author_info":{"info":["Jorge Matheus"]},"category_info":"<a href=\"https:\/\/infoecos.com.ar\/index.php\/category\/c1nota6\/\" rel=\"category tag\">C1 nota 6<\/a>","tag_info":"C1 nota 6","comment_count":"0","_links":{"self":[{"href":"https:\/\/infoecos.com.ar\/index.php\/wp-json\/wp\/v2\/posts\/105301"}],"collection":[{"href":"https:\/\/infoecos.com.ar\/index.php\/wp-json\/wp\/v2\/posts"}],"about":[{"href":"https:\/\/infoecos.com.ar\/index.php\/wp-json\/wp\/v2\/types\/post"}],"author":[{"embeddable":true,"href":"https:\/\/infoecos.com.ar\/index.php\/wp-json\/wp\/v2\/users\/2"}],"replies":[{"embeddable":true,"href":"https:\/\/infoecos.com.ar\/index.php\/wp-json\/wp\/v2\/comments?post=105301"}],"version-history":[{"count":1,"href":"https:\/\/infoecos.com.ar\/index.php\/wp-json\/wp\/v2\/posts\/105301\/revisions"}],"predecessor-version":[{"id":105307,"href":"https:\/\/infoecos.com.ar\/index.php\/wp-json\/wp\/v2\/posts\/105301\/revisions\/105307"}],"wp:featuredmedia":[{"embeddable":true,"href":"https:\/\/infoecos.com.ar\/index.php\/wp-json\/wp\/v2\/media\/105302"}],"wp:attachment":[{"href":"https:\/\/infoecos.com.ar\/index.php\/wp-json\/wp\/v2\/media?parent=105301"}],"wp:term":[{"taxonomy":"category","embeddable":true,"href":"https:\/\/infoecos.com.ar\/index.php\/wp-json\/wp\/v2\/categories?post=105301"},{"taxonomy":"post_tag","embeddable":true,"href":"https:\/\/infoecos.com.ar\/index.php\/wp-json\/wp\/v2\/tags?post=105301"}],"curies":[{"name":"wp","href":"https:\/\/api.w.org\/{rel}","templated":true}]}}