{"id":105308,"date":"2023-05-22T02:10:31","date_gmt":"2023-05-22T05:10:31","guid":{"rendered":"https:\/\/infoecos.com.ar\/?p=105308"},"modified":"2023-05-23T02:05:41","modified_gmt":"2023-05-23T05:05:41","slug":"digno-de-verse-comienza-la-segunda-de-cinco-etapas-previstas-del-hospital-rene-favaloro","status":"publish","type":"post","link":"https:\/\/infoecos.com.ar\/index.php\/digno-de-verse-comienza-la-segunda-de-cinco-etapas-previstas-del-hospital-rene-favaloro\/","title":{"rendered":"Digno de verse: comienza la segunda de cinco etapas previstas del Hospital Ren\u00e9 Favaloro"},"content":{"rendered":"\n<p>El pr\u00f3ximo 29 de este mes, comenzar\u00e1 la segunda de cinco etapas previstas, con las que quedar\u00eda completamente operativo el hospital de complejidad creciente Ren\u00e9 Favaloro.<\/p>\n\n\n\n<figure class=\"wp-block-image size-full\"><img loading=\"lazy\" decoding=\"async\" width=\"860\" height=\"452\" src=\"https:\/\/infoecos.com.ar\/wp-content\/uploads\/2023\/05\/image-134.png\" alt=\"\" class=\"wp-image-105309\" srcset=\"https:\/\/infoecos.com.ar\/wp-content\/uploads\/2023\/05\/image-134.png 860w, https:\/\/infoecos.com.ar\/wp-content\/uploads\/2023\/05\/image-134-800x420.png 800w, https:\/\/infoecos.com.ar\/wp-content\/uploads\/2023\/05\/image-134-768x404.png 768w\" sizes=\"(max-width: 860px) 100vw, 860px\" \/><\/figure>\n\n\n\n<p>En esta oportunidad se pondr\u00e1 en funcionamiento las \u00e1rea de internaci\u00f3n en cuidados progresivos de adultos, con una funcionalidad inicialmente de 20 camas; una unidad de cuidados cr\u00edticos (terapia intensiva); \u00e1reas de estudios endosc\u00f3picos de los aparatos digestivo y respiratorio, que cuenta con el equipamiento m\u00e1s sofisticado de la industria; y tres quir\u00f3fanos equipados con tecnolog\u00eda de punta.<\/p>\n\n\n\n<p>Fue a trav\u00e9s de una enorme inversi\u00f3n provincial, complementada con el aporte del Gobierno Nacional, que se dot\u00f3 por completo a los servicios con equipamientos de \u00faltima generaci\u00f3n, permitiendo de este modo ampliar prestaciones, con el fin de garantizar un sistema de salud s\u00f3lido para todas las pampeanas y pampeanos.<\/p>\n\n\n\n<figure class=\"wp-block-image size-full\"><img loading=\"lazy\" decoding=\"async\" width=\"1000\" height=\"683\" src=\"https:\/\/infoecos.com.ar\/wp-content\/uploads\/2023\/05\/image-135.png\" alt=\"\" class=\"wp-image-105310\" srcset=\"https:\/\/infoecos.com.ar\/wp-content\/uploads\/2023\/05\/image-135.png 1000w, https:\/\/infoecos.com.ar\/wp-content\/uploads\/2023\/05\/image-135-800x546.png 800w, https:\/\/infoecos.com.ar\/wp-content\/uploads\/2023\/05\/image-135-768x525.png 768w\" sizes=\"(max-width: 1000px) 100vw, 1000px\" \/><\/figure>\n\n\n\n<p>Es oportuno recordar que hasta que los servicios de internaci\u00f3n queden habilitados al cien por ciento, lo cual suceder\u00e1 en los pr\u00f3ximos meses, el Hospital Ren\u00e9 Favaloro trabajar\u00e1 en paralelo con el Hospital Lucio Molas, hasta que este \u00faltimo deje de internar por completo y ser\u00e1 destinado como un espacio de consultorios externos y \u00e1reas complementarias.<\/p>\n\n\n\n<p>Esta estrategia fue pensada con el fin de garantizar el servicio de atenci\u00f3n e internaci\u00f3n a\u00fan en el proceso de mudanza de un hospital a otro, priorizando siempre la atenci\u00f3n del paciente.<\/p>\n\n\n\n<p><strong>Cuidados Progresivos.<\/strong><\/p>\n\n\n\n<p>En el \u00e1rea de internaci\u00f3n de cuidados progresivos se llevar\u00e1 a cabo un modelo de gesti\u00f3n cl\u00ednica basado en la capacidad de autonom\u00eda del paciente y no s\u00f3lo en su patolog\u00eda, haciendo foco en la atenci\u00f3n humanizada e integral mismo.<\/p>\n\n\n\n<p>El sector se encuentra preparado para atender no s\u00f3lo las necesidades del paciente, sino tambi\u00e9n de su entorno, ya que las habitaciones se encuentran provistas con camas de accionamiento el\u00e9ctrico, sill\u00f3n-cama para su acompa\u00f1ante, paneles de gases medicinales, luz de lectura y luz de noche individual, accesorios y equipamiento m\u00e9dico disponible e intercambiable a requerimiento de la condici\u00f3n del paciente y placar individual.<\/p>\n\n\n\n<figure class=\"wp-block-image\"><img decoding=\"async\" src=\"https:\/\/www.eldiariodelapampa.com.ar\/\/img\/publicaciones\/2023\/05\/21\/alta\/335505-t.jpg\" alt=\"\"\/><\/figure>\n\n\n\n<p>En t\u00e9rminos ambientales, cada habitaci\u00f3n cuenta con climatizaci\u00f3n digital independiente regulable por el usuario y ventana a espacios verdes, favoreciendo el acceso de la luz natural y con ello la recuperaci\u00f3n y el estado de \u00e1nimo general del paciente.<\/p>\n\n\n\n<p>Asimismo, en favor de garantizar la seguridad, se cuenta con un sistema digital inteligente de llamado de enfermer\u00eda, localizado tanto en la cabecera de la cama como en los ba\u00f1os, para la asistencia personalizada e inmediata del paciente.<\/p>\n\n\n\n<p><strong>Quir\u00f3fanos.<\/strong><\/p>\n\n\n\n<p>Se pondr\u00e1n operativos 3 de los 9 quir\u00f3fanos cuyas dimensiones cumplen con las normativas vigentes. Est\u00e1n dotados con tecnolog\u00eda y equipamiento de \u00faltima generaci\u00f3n para abarcar procedimientos ya sea de gran complejidad, como m\u00ednimamente invasivos.<\/p>\n\n\n\n<p>Cuentan con m\u00e1quinas de anestesia, arco en C, camillas de cirug\u00edas, equipos de laparoscop\u00eda, gases medicinales, instrumental quir\u00fargico de avanzada y equipamiento forjado a mano especialmente adquirido para este hospital.<\/p>\n\n\n\n<p>En el comienzo de esta segunda etapa los quir\u00f3fanos se destinar\u00e1n para urgencias y emergencias y progresivamente se incorporar\u00e1n cirug\u00edas programadas.<\/p>\n\n\n\n<p><strong>10.000 prestaciones.<\/strong><\/p>\n\n\n\n<p>Desde la inauguraci\u00f3n del Hospital, el pasado 28 de febrero del corriente, se realizaron m\u00e1s de 10.000 prestaciones en los siguientes servicios habilitados: banco de sangre, diagn\u00f3stico por im\u00e1genes, vacunaci\u00f3n, servicio de traumatolog\u00eda y de anatom\u00eda patol\u00f3gica.<\/p>\n\n\n\n<p>Con la puesta en marcha de esta segunda etapa se contin\u00faa con el fortalecimiento de la Red Provincial de Salud P\u00fablica desarrollada en la provincia de La Pampa, la cual garantiza la atenci\u00f3n en un marco de equidad para todas las pampeanas y los pampeanos.<\/p>\n\n\n\n<p><strong>Fuente: eldiariodelapampa.com.ar<\/strong><\/p>\n","protected":false},"excerpt":{"rendered":"<p>Se pondr\u00e1n operativos 3 de los 9 quir\u00f3fanos cuyas dimensiones cumplen con las normativas vigentes. Est\u00e1n dotados con tecnolog\u00eda y equipamiento de \u00faltima generaci\u00f3n para abarcar procedimientos ya sea de gran complejidad, como m\u00ednimamente invasivos.<\/p>\n","protected":false},"author":2,"featured_media":105309,"comment_status":"closed","ping_status":"open","sticky":false,"template":"","format":"standard","meta":{"footnotes":""},"categories":[197],"tags":[7240],"class_list":["post-105308","post","type-post","status-publish","format-standard","has-post-thumbnail","hentry","category-c3nota4","tag-santa-rosa-la-pampa-2"],"yoast_head":"<!-- This site is optimized with the Yoast SEO plugin v23.4 - https:\/\/yoast.com\/wordpress\/plugins\/seo\/ -->\n<title>Digno de verse: comienza la segunda de cinco etapas previstas del Hospital Ren\u00e9 Favaloro - Infoecos<\/title>\n<meta name=\"robots\" content=\"index, follow, max-snippet:-1, max-image-preview:large, max-video-preview:-1\" \/>\n<link rel=\"canonical\" href=\"https:\/\/infoecos.com.ar\/index.php\/digno-de-verse-comienza-la-segunda-de-cinco-etapas-previstas-del-hospital-rene-favaloro\/\" \/>\n<meta property=\"og:locale\" content=\"es_ES\" \/>\n<meta property=\"og:type\" content=\"article\" \/>\n<meta property=\"og:title\" content=\"Digno de verse: comienza la segunda de cinco etapas previstas del Hospital Ren\u00e9 Favaloro - Infoecos\" \/>\n<meta property=\"og:description\" content=\"Se pondr\u00e1n operativos 3 de los 9 quir\u00f3fanos cuyas dimensiones cumplen con las normativas vigentes. Est\u00e1n dotados con tecnolog\u00eda y equipamiento de \u00faltima generaci\u00f3n para abarcar procedimientos ya sea de gran complejidad, como m\u00ednimamente invasivos.\" \/>\n<meta property=\"og:url\" content=\"https:\/\/infoecos.com.ar\/index.php\/digno-de-verse-comienza-la-segunda-de-cinco-etapas-previstas-del-hospital-rene-favaloro\/\" \/>\n<meta property=\"og:site_name\" content=\"Infoecos\" \/>\n<meta property=\"article:publisher\" content=\"https:\/\/www.facebook.com\/profile.php?id=100063200290284\" \/>\n<meta property=\"article:published_time\" content=\"2023-05-22T05:10:31+00:00\" \/>\n<meta property=\"article:modified_time\" content=\"2023-05-23T05:05:41+00:00\" \/>\n<meta property=\"og:image\" content=\"https:\/\/infoecos.com.ar\/wp-content\/uploads\/2023\/05\/image-134.png\" \/>\n\t<meta property=\"og:image:width\" content=\"860\" \/>\n\t<meta property=\"og:image:height\" content=\"452\" \/>\n\t<meta property=\"og:image:type\" content=\"image\/png\" \/>\n<meta name=\"author\" content=\"Jorge Matheus\" \/>\n<meta name=\"twitter:card\" content=\"summary_large_image\" \/>\n<meta name=\"twitter:creator\" content=\"@infoecos\" \/>\n<meta name=\"twitter:site\" content=\"@infoecos\" \/>\n<meta name=\"twitter:label1\" content=\"Escrito por\" \/>\n\t<meta name=\"twitter:data1\" content=\"Jorge Matheus\" \/>\n\t<meta name=\"twitter:label2\" content=\"Tiempo de lectura\" \/>\n\t<meta name=\"twitter:data2\" content=\"4 minutos\" \/>\n<script type=\"application\/ld+json\" class=\"yoast-schema-graph\">{\"@context\":\"https:\/\/schema.org\",\"@graph\":[{\"@type\":\"Article\",\"@id\":\"https:\/\/infoecos.com.ar\/index.php\/digno-de-verse-comienza-la-segunda-de-cinco-etapas-previstas-del-hospital-rene-favaloro\/#article\",\"isPartOf\":{\"@id\":\"https:\/\/infoecos.com.ar\/index.php\/digno-de-verse-comienza-la-segunda-de-cinco-etapas-previstas-del-hospital-rene-favaloro\/\"},\"author\":{\"name\":\"Jorge Matheus\",\"@id\":\"https:\/\/infoecos.com.ar\/#\/schema\/person\/8f5ace5ce73b4b4aac4b7245aee6f191\"},\"headline\":\"Digno de verse: comienza la segunda de cinco etapas previstas del Hospital Ren\u00e9 Favaloro\",\"datePublished\":\"2023-05-22T05:10:31+00:00\",\"dateModified\":\"2023-05-23T05:05:41+00:00\",\"mainEntityOfPage\":{\"@id\":\"https:\/\/infoecos.com.ar\/index.php\/digno-de-verse-comienza-la-segunda-de-cinco-etapas-previstas-del-hospital-rene-favaloro\/\"},\"wordCount\":650,\"publisher\":{\"@id\":\"https:\/\/infoecos.com.ar\/#organization\"},\"image\":{\"@id\":\"https:\/\/infoecos.com.ar\/index.php\/digno-de-verse-comienza-la-segunda-de-cinco-etapas-previstas-del-hospital-rene-favaloro\/#primaryimage\"},\"thumbnailUrl\":\"https:\/\/infoecos.com.ar\/wp-content\/uploads\/2023\/05\/image-134.png\",\"keywords\":[\"SANTA ROSA - LA PAMPA\"],\"articleSection\":[\"C3 N4\"],\"inLanguage\":\"es\"},{\"@type\":\"WebPage\",\"@id\":\"https:\/\/infoecos.com.ar\/index.php\/digno-de-verse-comienza-la-segunda-de-cinco-etapas-previstas-del-hospital-rene-favaloro\/\",\"url\":\"https:\/\/infoecos.com.ar\/index.php\/digno-de-verse-comienza-la-segunda-de-cinco-etapas-previstas-del-hospital-rene-favaloro\/\",\"name\":\"Digno de verse: comienza la segunda de cinco etapas previstas del Hospital Ren\u00e9 Favaloro - Infoecos\",\"isPartOf\":{\"@id\":\"https:\/\/infoecos.com.ar\/#website\"},\"primaryImageOfPage\":{\"@id\":\"https:\/\/infoecos.com.ar\/index.php\/digno-de-verse-comienza-la-segunda-de-cinco-etapas-previstas-del-hospital-rene-favaloro\/#primaryimage\"},\"image\":{\"@id\":\"https:\/\/infoecos.com.ar\/index.php\/digno-de-verse-comienza-la-segunda-de-cinco-etapas-previstas-del-hospital-rene-favaloro\/#primaryimage\"},\"thumbnailUrl\":\"https:\/\/infoecos.com.ar\/wp-content\/uploads\/2023\/05\/image-134.png\",\"datePublished\":\"2023-05-22T05:10:31+00:00\",\"dateModified\":\"2023-05-23T05:05:41+00:00\",\"breadcrumb\":{\"@id\":\"https:\/\/infoecos.com.ar\/index.php\/digno-de-verse-comienza-la-segunda-de-cinco-etapas-previstas-del-hospital-rene-favaloro\/#breadcrumb\"},\"inLanguage\":\"es\",\"potentialAction\":[{\"@type\":\"ReadAction\",\"target\":[\"https:\/\/infoecos.com.ar\/index.php\/digno-de-verse-comienza-la-segunda-de-cinco-etapas-previstas-del-hospital-rene-favaloro\/\"]}]},{\"@type\":\"ImageObject\",\"inLanguage\":\"es\",\"@id\":\"https:\/\/infoecos.com.ar\/index.php\/digno-de-verse-comienza-la-segunda-de-cinco-etapas-previstas-del-hospital-rene-favaloro\/#primaryimage\",\"url\":\"https:\/\/infoecos.com.ar\/wp-content\/uploads\/2023\/05\/image-134.png\",\"contentUrl\":\"https:\/\/infoecos.com.ar\/wp-content\/uploads\/2023\/05\/image-134.png\",\"width\":860,\"height\":452},{\"@type\":\"BreadcrumbList\",\"@id\":\"https:\/\/infoecos.com.ar\/index.php\/digno-de-verse-comienza-la-segunda-de-cinco-etapas-previstas-del-hospital-rene-favaloro\/#breadcrumb\",\"itemListElement\":[{\"@type\":\"ListItem\",\"position\":1,\"name\":\"Portada\",\"item\":\"https:\/\/infoecos.com.ar\/\"},{\"@type\":\"ListItem\",\"position\":2,\"name\":\"Digno de verse: comienza la segunda de cinco etapas previstas del Hospital Ren\u00e9 Favaloro\"}]},{\"@type\":\"WebSite\",\"@id\":\"https:\/\/infoecos.com.ar\/#website\",\"url\":\"https:\/\/infoecos.com.ar\/\",\"name\":\"Infoecos\",\"description\":\"Noticias de trenque lauquen y la zona\",\"publisher\":{\"@id\":\"https:\/\/infoecos.com.ar\/#organization\"},\"alternateName\":\"Noticias\",\"potentialAction\":[{\"@type\":\"SearchAction\",\"target\":{\"@type\":\"EntryPoint\",\"urlTemplate\":\"https:\/\/infoecos.com.ar\/?s={search_term_string}\"},\"query-input\":{\"@type\":\"PropertyValueSpecification\",\"valueRequired\":true,\"valueName\":\"search_term_string\"}}],\"inLanguage\":\"es\"},{\"@type\":\"Organization\",\"@id\":\"https:\/\/infoecos.com.ar\/#organization\",\"name\":\"Infoecos\",\"alternateName\":\"Noticias\",\"url\":\"https:\/\/infoecos.com.ar\/\",\"logo\":{\"@type\":\"ImageObject\",\"inLanguage\":\"es\",\"@id\":\"https:\/\/infoecos.com.ar\/#\/schema\/logo\/image\/\",\"url\":\"https:\/\/infoecos.com.ar\/wp-content\/uploads\/2024\/03\/cropped-logo.png\",\"contentUrl\":\"https:\/\/infoecos.com.ar\/wp-content\/uploads\/2024\/03\/cropped-logo.png\",\"width\":374,\"height\":90,\"caption\":\"Infoecos\"},\"image\":{\"@id\":\"https:\/\/infoecos.com.ar\/#\/schema\/logo\/image\/\"},\"sameAs\":[\"https:\/\/www.facebook.com\/profile.php?id=100063200290284\",\"https:\/\/x.com\/infoecos\"]},{\"@type\":\"Person\",\"@id\":\"https:\/\/infoecos.com.ar\/#\/schema\/person\/8f5ace5ce73b4b4aac4b7245aee6f191\",\"name\":\"Jorge Matheus\",\"url\":\"https:\/\/infoecos.com.ar\/index.php\/author\/jomatheus\/\"}]}<\/script>\n<!-- \/ Yoast SEO plugin. -->","yoast_head_json":{"title":"Digno de verse: comienza la segunda de cinco etapas previstas del Hospital Ren\u00e9 Favaloro - Infoecos","robots":{"index":"index","follow":"follow","max-snippet":"max-snippet:-1","max-image-preview":"max-image-preview:large","max-video-preview":"max-video-preview:-1"},"canonical":"https:\/\/infoecos.com.ar\/index.php\/digno-de-verse-comienza-la-segunda-de-cinco-etapas-previstas-del-hospital-rene-favaloro\/","og_locale":"es_ES","og_type":"article","og_title":"Digno de verse: comienza la segunda de cinco etapas previstas del Hospital Ren\u00e9 Favaloro - Infoecos","og_description":"Se pondr\u00e1n operativos 3 de los 9 quir\u00f3fanos cuyas dimensiones cumplen con las normativas vigentes. Est\u00e1n dotados con tecnolog\u00eda y equipamiento de \u00faltima generaci\u00f3n para abarcar procedimientos ya sea de gran complejidad, como m\u00ednimamente invasivos.","og_url":"https:\/\/infoecos.com.ar\/index.php\/digno-de-verse-comienza-la-segunda-de-cinco-etapas-previstas-del-hospital-rene-favaloro\/","og_site_name":"Infoecos","article_publisher":"https:\/\/www.facebook.com\/profile.php?id=100063200290284","article_published_time":"2023-05-22T05:10:31+00:00","article_modified_time":"2023-05-23T05:05:41+00:00","og_image":[{"width":860,"height":452,"url":"https:\/\/infoecos.com.ar\/wp-content\/uploads\/2023\/05\/image-134.png","type":"image\/png"}],"author":"Jorge Matheus","twitter_card":"summary_large_image","twitter_creator":"@infoecos","twitter_site":"@infoecos","twitter_misc":{"Escrito por":"Jorge Matheus","Tiempo de lectura":"4 minutos"},"schema":{"@context":"https:\/\/schema.org","@graph":[{"@type":"Article","@id":"https:\/\/infoecos.com.ar\/index.php\/digno-de-verse-comienza-la-segunda-de-cinco-etapas-previstas-del-hospital-rene-favaloro\/#article","isPartOf":{"@id":"https:\/\/infoecos.com.ar\/index.php\/digno-de-verse-comienza-la-segunda-de-cinco-etapas-previstas-del-hospital-rene-favaloro\/"},"author":{"name":"Jorge Matheus","@id":"https:\/\/infoecos.com.ar\/#\/schema\/person\/8f5ace5ce73b4b4aac4b7245aee6f191"},"headline":"Digno de verse: comienza la segunda de cinco etapas previstas del Hospital Ren\u00e9 Favaloro","datePublished":"2023-05-22T05:10:31+00:00","dateModified":"2023-05-23T05:05:41+00:00","mainEntityOfPage":{"@id":"https:\/\/infoecos.com.ar\/index.php\/digno-de-verse-comienza-la-segunda-de-cinco-etapas-previstas-del-hospital-rene-favaloro\/"},"wordCount":650,"publisher":{"@id":"https:\/\/infoecos.com.ar\/#organization"},"image":{"@id":"https:\/\/infoecos.com.ar\/index.php\/digno-de-verse-comienza-la-segunda-de-cinco-etapas-previstas-del-hospital-rene-favaloro\/#primaryimage"},"thumbnailUrl":"https:\/\/infoecos.com.ar\/wp-content\/uploads\/2023\/05\/image-134.png","keywords":["SANTA ROSA - LA PAMPA"],"articleSection":["C3 N4"],"inLanguage":"es"},{"@type":"WebPage","@id":"https:\/\/infoecos.com.ar\/index.php\/digno-de-verse-comienza-la-segunda-de-cinco-etapas-previstas-del-hospital-rene-favaloro\/","url":"https:\/\/infoecos.com.ar\/index.php\/digno-de-verse-comienza-la-segunda-de-cinco-etapas-previstas-del-hospital-rene-favaloro\/","name":"Digno de verse: comienza la segunda de cinco etapas previstas del Hospital Ren\u00e9 Favaloro - Infoecos","isPartOf":{"@id":"https:\/\/infoecos.com.ar\/#website"},"primaryImageOfPage":{"@id":"https:\/\/infoecos.com.ar\/index.php\/digno-de-verse-comienza-la-segunda-de-cinco-etapas-previstas-del-hospital-rene-favaloro\/#primaryimage"},"image":{"@id":"https:\/\/infoecos.com.ar\/index.php\/digno-de-verse-comienza-la-segunda-de-cinco-etapas-previstas-del-hospital-rene-favaloro\/#primaryimage"},"thumbnailUrl":"https:\/\/infoecos.com.ar\/wp-content\/uploads\/2023\/05\/image-134.png","datePublished":"2023-05-22T05:10:31+00:00","dateModified":"2023-05-23T05:05:41+00:00","breadcrumb":{"@id":"https:\/\/infoecos.com.ar\/index.php\/digno-de-verse-comienza-la-segunda-de-cinco-etapas-previstas-del-hospital-rene-favaloro\/#breadcrumb"},"inLanguage":"es","potentialAction":[{"@type":"ReadAction","target":["https:\/\/infoecos.com.ar\/index.php\/digno-de-verse-comienza-la-segunda-de-cinco-etapas-previstas-del-hospital-rene-favaloro\/"]}]},{"@type":"ImageObject","inLanguage":"es","@id":"https:\/\/infoecos.com.ar\/index.php\/digno-de-verse-comienza-la-segunda-de-cinco-etapas-previstas-del-hospital-rene-favaloro\/#primaryimage","url":"https:\/\/infoecos.com.ar\/wp-content\/uploads\/2023\/05\/image-134.png","contentUrl":"https:\/\/infoecos.com.ar\/wp-content\/uploads\/2023\/05\/image-134.png","width":860,"height":452},{"@type":"BreadcrumbList","@id":"https:\/\/infoecos.com.ar\/index.php\/digno-de-verse-comienza-la-segunda-de-cinco-etapas-previstas-del-hospital-rene-favaloro\/#breadcrumb","itemListElement":[{"@type":"ListItem","position":1,"name":"Portada","item":"https:\/\/infoecos.com.ar\/"},{"@type":"ListItem","position":2,"name":"Digno de verse: comienza la segunda de cinco etapas previstas del Hospital Ren\u00e9 Favaloro"}]},{"@type":"WebSite","@id":"https:\/\/infoecos.com.ar\/#website","url":"https:\/\/infoecos.com.ar\/","name":"Infoecos","description":"Noticias de trenque lauquen y la zona","publisher":{"@id":"https:\/\/infoecos.com.ar\/#organization"},"alternateName":"Noticias","potentialAction":[{"@type":"SearchAction","target":{"@type":"EntryPoint","urlTemplate":"https:\/\/infoecos.com.ar\/?s={search_term_string}"},"query-input":{"@type":"PropertyValueSpecification","valueRequired":true,"valueName":"search_term_string"}}],"inLanguage":"es"},{"@type":"Organization","@id":"https:\/\/infoecos.com.ar\/#organization","name":"Infoecos","alternateName":"Noticias","url":"https:\/\/infoecos.com.ar\/","logo":{"@type":"ImageObject","inLanguage":"es","@id":"https:\/\/infoecos.com.ar\/#\/schema\/logo\/image\/","url":"https:\/\/infoecos.com.ar\/wp-content\/uploads\/2024\/03\/cropped-logo.png","contentUrl":"https:\/\/infoecos.com.ar\/wp-content\/uploads\/2024\/03\/cropped-logo.png","width":374,"height":90,"caption":"Infoecos"},"image":{"@id":"https:\/\/infoecos.com.ar\/#\/schema\/logo\/image\/"},"sameAs":["https:\/\/www.facebook.com\/profile.php?id=100063200290284","https:\/\/x.com\/infoecos"]},{"@type":"Person","@id":"https:\/\/infoecos.com.ar\/#\/schema\/person\/8f5ace5ce73b4b4aac4b7245aee6f191","name":"Jorge Matheus","url":"https:\/\/infoecos.com.ar\/index.php\/author\/jomatheus\/"}]}},"featured_image_urls":{"full":["https:\/\/infoecos.com.ar\/wp-content\/uploads\/2023\/05\/image-134.png",860,452,false],"thumbnail":["https:\/\/infoecos.com.ar\/wp-content\/uploads\/2023\/05\/image-134-300x150.png",300,150,true],"medium":["https:\/\/infoecos.com.ar\/wp-content\/uploads\/2023\/05\/image-134-800x420.png",800,420,true],"medium_large":["https:\/\/infoecos.com.ar\/wp-content\/uploads\/2023\/05\/image-134-768x404.png",640,337,true],"large":["https:\/\/infoecos.com.ar\/wp-content\/uploads\/2023\/05\/image-134.png",640,336,false],"1536x1536":["https:\/\/infoecos.com.ar\/wp-content\/uploads\/2023\/05\/image-134.png",860,452,false],"2048x2048":["https:\/\/infoecos.com.ar\/wp-content\/uploads\/2023\/05\/image-134.png",860,452,false],"covernews-slider-full":["https:\/\/infoecos.com.ar\/wp-content\/uploads\/2023\/05\/image-134.png",860,452,false],"covernews-slider-center":["https:\/\/infoecos.com.ar\/wp-content\/uploads\/2023\/05\/image-134.png",800,420,false],"covernews-featured":["https:\/\/infoecos.com.ar\/wp-content\/uploads\/2023\/05\/image-134.png",860,452,false],"covernews-medium":["https:\/\/infoecos.com.ar\/wp-content\/uploads\/2023\/05\/image-134-720x380.png",540,285,true],"covernews-medium-square":["https:\/\/infoecos.com.ar\/wp-content\/uploads\/2023\/05\/image-134-675x450.png",375,250,true]},"author_info":{"info":["Jorge Matheus"]},"category_info":"<a href=\"https:\/\/infoecos.com.ar\/index.php\/category\/c3nota4\/\" rel=\"category tag\">C3 N4<\/a>","tag_info":"C3 N4","comment_count":"0","_links":{"self":[{"href":"https:\/\/infoecos.com.ar\/index.php\/wp-json\/wp\/v2\/posts\/105308"}],"collection":[{"href":"https:\/\/infoecos.com.ar\/index.php\/wp-json\/wp\/v2\/posts"}],"about":[{"href":"https:\/\/infoecos.com.ar\/index.php\/wp-json\/wp\/v2\/types\/post"}],"author":[{"embeddable":true,"href":"https:\/\/infoecos.com.ar\/index.php\/wp-json\/wp\/v2\/users\/2"}],"replies":[{"embeddable":true,"href":"https:\/\/infoecos.com.ar\/index.php\/wp-json\/wp\/v2\/comments?post=105308"}],"version-history":[{"count":2,"href":"https:\/\/infoecos.com.ar\/index.php\/wp-json\/wp\/v2\/posts\/105308\/revisions"}],"predecessor-version":[{"id":105312,"href":"https:\/\/infoecos.com.ar\/index.php\/wp-json\/wp\/v2\/posts\/105308\/revisions\/105312"}],"wp:featuredmedia":[{"embeddable":true,"href":"https:\/\/infoecos.com.ar\/index.php\/wp-json\/wp\/v2\/media\/105309"}],"wp:attachment":[{"href":"https:\/\/infoecos.com.ar\/index.php\/wp-json\/wp\/v2\/media?parent=105308"}],"wp:term":[{"taxonomy":"category","embeddable":true,"href":"https:\/\/infoecos.com.ar\/index.php\/wp-json\/wp\/v2\/categories?post=105308"},{"taxonomy":"post_tag","embeddable":true,"href":"https:\/\/infoecos.com.ar\/index.php\/wp-json\/wp\/v2\/tags?post=105308"}],"curies":[{"name":"wp","href":"https:\/\/api.w.org\/{rel}","templated":true}]}}