{"id":105354,"date":"2023-05-22T23:50:16","date_gmt":"2023-05-23T02:50:16","guid":{"rendered":"https:\/\/infoecos.com.ar\/?p=105354"},"modified":"2023-05-23T13:59:12","modified_gmt":"2023-05-23T16:59:12","slug":"la-justicia-de-trenque-lauquen-tiene-mas-que-nunca-los-ojos-puestos-de-la-sociedad","status":"publish","type":"post","link":"https:\/\/infoecos.com.ar\/index.php\/la-justicia-de-trenque-lauquen-tiene-mas-que-nunca-los-ojos-puestos-de-la-sociedad\/","title":{"rendered":"Los ojos de la sociedad de Trenque Lauquen puestos en la justicia"},"content":{"rendered":"\n<p>La fiscal Karina Talarico, puso a la Justicia de Trenque Lauquen, a ra\u00edz del crimen de Ana Mar\u00eda Aristimu\u00f1o, en una especie de callej\u00f3n sin salida. <\/p>\n\n\n\n<figure class=\"wp-block-image aligncenter size-full\"><img loading=\"lazy\" decoding=\"async\" width=\"642\" height=\"312\" src=\"https:\/\/infoecos.com.ar\/wp-content\/uploads\/2023\/05\/talarico.jpg\" alt=\"\" class=\"wp-image-105355\"\/><figcaption class=\"wp-element-caption\">Imagen capturada de Canal 12 de Trenque Lauquen <\/figcaption><\/figure>\n\n\n\n<p><strong>Ante los familiares y los manifestantes, la funcionaria judicial indic\u00f3 que los elementos que tiene su \u00e1rea son suficientes<\/strong>, despu\u00e9s que la &nbsp;C\u00e1mara de Apelaciones y Garant\u00edas de Trenque Lauquen resolviera, sin obviar la continuidad de la causa, que el \u00fanico imputado que se encontraba privado de su libertad, haya regresado a su casa. No son livianas las expresiones jur\u00eddicas de Talarico en el contexto que ha dado este suceso, conmoviendo a la comunidad, no solo por tratarse de una docente \u00f3 ciudadana conocida, sino por la forma en que se concret\u00f3.<\/p>\n\n\n\n<p>Era un secreto a voces que hab\u00eda errores en la investigaci\u00f3n, muy especialmente por la urgencia en la resoluci\u00f3n, al punto de llegarse a mencionar que podr\u00edan haber dado con lo que en la jerga penal se denomina \u00abun perejil\u00bb. <\/p>\n\n\n\n<figure class=\"wp-block-image aligncenter size-full\"><img loading=\"lazy\" decoding=\"async\" width=\"634\" height=\"236\" src=\"https:\/\/infoecos.com.ar\/wp-content\/uploads\/2023\/05\/348823654_614996190568813_8592946485234108828_n.jpg\" alt=\"\" class=\"wp-image-105356\"\/><figcaption class=\"wp-element-caption\">Imagen capturada de Canal 12 de Trenque Lauquen <\/figcaption><\/figure>\n\n\n\n<p>Talarico manifest\u00f3 en las puertas de la fiscal\u00eda que <strong>\u00abtenemos que revaluar todo para solicitar las pericias, sobre todo la de ADN. Nosotros vamos a seguir trabajando en la causa, mi funci\u00f3n es el descubrimiento de la verdad y que el responsable cumpla con su condena\u00bb<\/strong>, a la par de apuntar sobre los elementos suficientes y agregar que <strong>\u00abno es mi decisi\u00f3n, yo hago el pedido pero los que deciden son los jueces, en este caso la C\u00e1mara que es el m\u00e1ximo \u00f3rgano decidi\u00f3 en otro sentido, nosotros tenemos otro criterio pero los que deciden son los jueces\u201d<\/strong>. Fue m\u00e1s all\u00e1, sin especificar la existencia de resultados, que <strong>\u201cconseguimos una fecha muy r\u00e1pida de ADN pero con la decisi\u00f3n de la C\u00e1mara tenemos que evaluar qu\u00e9 es el nulo y c\u00f3mo seguir\u00bb<\/strong>. Concluy\u00f3 se\u00f1alando que <strong>\u00abla jueza de garant\u00edas convalid\u00f3 el accionar de la fiscal\u00eda. La resoluci\u00f3n de la c\u00e1mara no la podemos apelar\u201d<\/strong>.<\/p>\n\n\n\n<p>La fiscal seguramente es conocedora que hay varios casos sin resolver en Trenque Lauquen, en los \u00faltimos tiempos (ya los ennumeraremos), por lo que despu\u00e9s de sus manifestaciones que se han reproducido en esta nota, el \u00fanico camino que abri\u00f3 fue el del esclarecimiento definitivo. De lo contrario, la deuda con la sociedad en materia de dejar claros hechos que tienen gran connotaci\u00f3n comunitaria local y regional, seguir\u00e1 manteniendose. <\/p>\n\n\n\n<p><a href=\"https:\/\/fb.watch\/kHSr72dTWC\/\">https:\/\/fb.watch\/kHSr72dTWC\/<\/a><\/p>\n","protected":false},"excerpt":{"rendered":"<p>Ante los familiares y los manifestantes, la funcionaria judicial indic\u00f3 que los elementos que tiene su \u00e1rea son suficientes, despu\u00e9s que la \u00a0C\u00e1mara de Apelaciones y Garant\u00edas de Trenque Lauquen resolviera, sin obviar la continuidad de la causa, que el \u00fanico imputado que se encontraba privado de su libertad, haya regresado a su casa<\/p>\n","protected":false},"author":2,"featured_media":105356,"comment_status":"closed","ping_status":"open","sticky":false,"template":"","format":"standard","meta":{"footnotes":""},"categories":[1613],"tags":[8031],"class_list":["post-105354","post","type-post","status-publish","format-standard","has-post-thumbnail","hentry","category-noticia-secundaria","tag-el-crimen-de-ana-maria-aristimuno"],"yoast_head":"<!-- This site is optimized with the Yoast SEO plugin v23.4 - https:\/\/yoast.com\/wordpress\/plugins\/seo\/ -->\n<title>Los ojos de la sociedad de Trenque Lauquen puestos en la justicia - Infoecos<\/title>\n<meta name=\"robots\" content=\"index, follow, max-snippet:-1, max-image-preview:large, max-video-preview:-1\" \/>\n<link rel=\"canonical\" href=\"https:\/\/infoecos.com.ar\/index.php\/la-justicia-de-trenque-lauquen-tiene-mas-que-nunca-los-ojos-puestos-de-la-sociedad\/\" \/>\n<meta property=\"og:locale\" content=\"es_ES\" \/>\n<meta property=\"og:type\" content=\"article\" \/>\n<meta property=\"og:title\" content=\"Los ojos de la sociedad de Trenque Lauquen puestos en la justicia - Infoecos\" \/>\n<meta property=\"og:description\" content=\"Ante los familiares y los manifestantes, la funcionaria judicial indic\u00f3 que los elementos que tiene su \u00e1rea son suficientes, despu\u00e9s que la \u00a0C\u00e1mara de Apelaciones y Garant\u00edas de Trenque Lauquen resolviera, sin obviar la continuidad de la causa, que el \u00fanico imputado que se encontraba privado de su libertad, haya regresado a su casa\" \/>\n<meta property=\"og:url\" content=\"https:\/\/infoecos.com.ar\/index.php\/la-justicia-de-trenque-lauquen-tiene-mas-que-nunca-los-ojos-puestos-de-la-sociedad\/\" \/>\n<meta property=\"og:site_name\" content=\"Infoecos\" \/>\n<meta property=\"article:publisher\" content=\"https:\/\/www.facebook.com\/profile.php?id=100063200290284\" \/>\n<meta property=\"article:published_time\" content=\"2023-05-23T02:50:16+00:00\" \/>\n<meta property=\"article:modified_time\" content=\"2023-05-23T16:59:12+00:00\" \/>\n<meta property=\"og:image\" content=\"https:\/\/infoecos.com.ar\/wp-content\/uploads\/2023\/05\/348823654_614996190568813_8592946485234108828_n.jpg\" \/>\n\t<meta property=\"og:image:width\" content=\"634\" \/>\n\t<meta property=\"og:image:height\" content=\"236\" \/>\n\t<meta property=\"og:image:type\" content=\"image\/jpeg\" \/>\n<meta name=\"author\" content=\"Jorge Matheus\" \/>\n<meta name=\"twitter:card\" content=\"summary_large_image\" \/>\n<meta name=\"twitter:creator\" content=\"@infoecos\" \/>\n<meta name=\"twitter:site\" content=\"@infoecos\" \/>\n<meta name=\"twitter:label1\" content=\"Escrito por\" \/>\n\t<meta name=\"twitter:data1\" content=\"Jorge Matheus\" \/>\n\t<meta name=\"twitter:label2\" content=\"Tiempo de lectura\" \/>\n\t<meta name=\"twitter:data2\" content=\"3 minutos\" \/>\n<script type=\"application\/ld+json\" class=\"yoast-schema-graph\">{\"@context\":\"https:\/\/schema.org\",\"@graph\":[{\"@type\":\"Article\",\"@id\":\"https:\/\/infoecos.com.ar\/index.php\/la-justicia-de-trenque-lauquen-tiene-mas-que-nunca-los-ojos-puestos-de-la-sociedad\/#article\",\"isPartOf\":{\"@id\":\"https:\/\/infoecos.com.ar\/index.php\/la-justicia-de-trenque-lauquen-tiene-mas-que-nunca-los-ojos-puestos-de-la-sociedad\/\"},\"author\":{\"name\":\"Jorge Matheus\",\"@id\":\"https:\/\/infoecos.com.ar\/#\/schema\/person\/8f5ace5ce73b4b4aac4b7245aee6f191\"},\"headline\":\"Los ojos de la sociedad de Trenque Lauquen puestos en la justicia\",\"datePublished\":\"2023-05-23T02:50:16+00:00\",\"dateModified\":\"2023-05-23T16:59:12+00:00\",\"mainEntityOfPage\":{\"@id\":\"https:\/\/infoecos.com.ar\/index.php\/la-justicia-de-trenque-lauquen-tiene-mas-que-nunca-los-ojos-puestos-de-la-sociedad\/\"},\"wordCount\":441,\"publisher\":{\"@id\":\"https:\/\/infoecos.com.ar\/#organization\"},\"image\":{\"@id\":\"https:\/\/infoecos.com.ar\/index.php\/la-justicia-de-trenque-lauquen-tiene-mas-que-nunca-los-ojos-puestos-de-la-sociedad\/#primaryimage\"},\"thumbnailUrl\":\"https:\/\/infoecos.com.ar\/wp-content\/uploads\/2023\/05\/348823654_614996190568813_8592946485234108828_n.jpg\",\"keywords\":[\"el crimen de Ana Mar\u00eda Aristimu\u00f1o\"],\"articleSection\":[\"Noticia Secundaria\"],\"inLanguage\":\"es\"},{\"@type\":\"WebPage\",\"@id\":\"https:\/\/infoecos.com.ar\/index.php\/la-justicia-de-trenque-lauquen-tiene-mas-que-nunca-los-ojos-puestos-de-la-sociedad\/\",\"url\":\"https:\/\/infoecos.com.ar\/index.php\/la-justicia-de-trenque-lauquen-tiene-mas-que-nunca-los-ojos-puestos-de-la-sociedad\/\",\"name\":\"Los ojos de la sociedad de Trenque Lauquen puestos en la justicia - Infoecos\",\"isPartOf\":{\"@id\":\"https:\/\/infoecos.com.ar\/#website\"},\"primaryImageOfPage\":{\"@id\":\"https:\/\/infoecos.com.ar\/index.php\/la-justicia-de-trenque-lauquen-tiene-mas-que-nunca-los-ojos-puestos-de-la-sociedad\/#primaryimage\"},\"image\":{\"@id\":\"https:\/\/infoecos.com.ar\/index.php\/la-justicia-de-trenque-lauquen-tiene-mas-que-nunca-los-ojos-puestos-de-la-sociedad\/#primaryimage\"},\"thumbnailUrl\":\"https:\/\/infoecos.com.ar\/wp-content\/uploads\/2023\/05\/348823654_614996190568813_8592946485234108828_n.jpg\",\"datePublished\":\"2023-05-23T02:50:16+00:00\",\"dateModified\":\"2023-05-23T16:59:12+00:00\",\"breadcrumb\":{\"@id\":\"https:\/\/infoecos.com.ar\/index.php\/la-justicia-de-trenque-lauquen-tiene-mas-que-nunca-los-ojos-puestos-de-la-sociedad\/#breadcrumb\"},\"inLanguage\":\"es\",\"potentialAction\":[{\"@type\":\"ReadAction\",\"target\":[\"https:\/\/infoecos.com.ar\/index.php\/la-justicia-de-trenque-lauquen-tiene-mas-que-nunca-los-ojos-puestos-de-la-sociedad\/\"]}]},{\"@type\":\"ImageObject\",\"inLanguage\":\"es\",\"@id\":\"https:\/\/infoecos.com.ar\/index.php\/la-justicia-de-trenque-lauquen-tiene-mas-que-nunca-los-ojos-puestos-de-la-sociedad\/#primaryimage\",\"url\":\"https:\/\/infoecos.com.ar\/wp-content\/uploads\/2023\/05\/348823654_614996190568813_8592946485234108828_n.jpg\",\"contentUrl\":\"https:\/\/infoecos.com.ar\/wp-content\/uploads\/2023\/05\/348823654_614996190568813_8592946485234108828_n.jpg\",\"width\":634,\"height\":236},{\"@type\":\"BreadcrumbList\",\"@id\":\"https:\/\/infoecos.com.ar\/index.php\/la-justicia-de-trenque-lauquen-tiene-mas-que-nunca-los-ojos-puestos-de-la-sociedad\/#breadcrumb\",\"itemListElement\":[{\"@type\":\"ListItem\",\"position\":1,\"name\":\"Portada\",\"item\":\"https:\/\/infoecos.com.ar\/\"},{\"@type\":\"ListItem\",\"position\":2,\"name\":\"Los ojos de la sociedad de Trenque Lauquen puestos en la justicia\"}]},{\"@type\":\"WebSite\",\"@id\":\"https:\/\/infoecos.com.ar\/#website\",\"url\":\"https:\/\/infoecos.com.ar\/\",\"name\":\"Infoecos\",\"description\":\"Noticias de trenque lauquen y la zona\",\"publisher\":{\"@id\":\"https:\/\/infoecos.com.ar\/#organization\"},\"alternateName\":\"Noticias\",\"potentialAction\":[{\"@type\":\"SearchAction\",\"target\":{\"@type\":\"EntryPoint\",\"urlTemplate\":\"https:\/\/infoecos.com.ar\/?s={search_term_string}\"},\"query-input\":{\"@type\":\"PropertyValueSpecification\",\"valueRequired\":true,\"valueName\":\"search_term_string\"}}],\"inLanguage\":\"es\"},{\"@type\":\"Organization\",\"@id\":\"https:\/\/infoecos.com.ar\/#organization\",\"name\":\"Infoecos\",\"alternateName\":\"Noticias\",\"url\":\"https:\/\/infoecos.com.ar\/\",\"logo\":{\"@type\":\"ImageObject\",\"inLanguage\":\"es\",\"@id\":\"https:\/\/infoecos.com.ar\/#\/schema\/logo\/image\/\",\"url\":\"https:\/\/infoecos.com.ar\/wp-content\/uploads\/2024\/03\/cropped-logo.png\",\"contentUrl\":\"https:\/\/infoecos.com.ar\/wp-content\/uploads\/2024\/03\/cropped-logo.png\",\"width\":374,\"height\":90,\"caption\":\"Infoecos\"},\"image\":{\"@id\":\"https:\/\/infoecos.com.ar\/#\/schema\/logo\/image\/\"},\"sameAs\":[\"https:\/\/www.facebook.com\/profile.php?id=100063200290284\",\"https:\/\/x.com\/infoecos\"]},{\"@type\":\"Person\",\"@id\":\"https:\/\/infoecos.com.ar\/#\/schema\/person\/8f5ace5ce73b4b4aac4b7245aee6f191\",\"name\":\"Jorge Matheus\",\"url\":\"https:\/\/infoecos.com.ar\/index.php\/author\/jomatheus\/\"}]}<\/script>\n<!-- \/ Yoast SEO plugin. -->","yoast_head_json":{"title":"Los ojos de la sociedad de Trenque Lauquen puestos en la justicia - Infoecos","robots":{"index":"index","follow":"follow","max-snippet":"max-snippet:-1","max-image-preview":"max-image-preview:large","max-video-preview":"max-video-preview:-1"},"canonical":"https:\/\/infoecos.com.ar\/index.php\/la-justicia-de-trenque-lauquen-tiene-mas-que-nunca-los-ojos-puestos-de-la-sociedad\/","og_locale":"es_ES","og_type":"article","og_title":"Los ojos de la sociedad de Trenque Lauquen puestos en la justicia - Infoecos","og_description":"Ante los familiares y los manifestantes, la funcionaria judicial indic\u00f3 que los elementos que tiene su \u00e1rea son suficientes, despu\u00e9s que la \u00a0C\u00e1mara de Apelaciones y Garant\u00edas de Trenque Lauquen resolviera, sin obviar la continuidad de la causa, que el \u00fanico imputado que se encontraba privado de su libertad, haya regresado a su casa","og_url":"https:\/\/infoecos.com.ar\/index.php\/la-justicia-de-trenque-lauquen-tiene-mas-que-nunca-los-ojos-puestos-de-la-sociedad\/","og_site_name":"Infoecos","article_publisher":"https:\/\/www.facebook.com\/profile.php?id=100063200290284","article_published_time":"2023-05-23T02:50:16+00:00","article_modified_time":"2023-05-23T16:59:12+00:00","og_image":[{"width":634,"height":236,"url":"https:\/\/infoecos.com.ar\/wp-content\/uploads\/2023\/05\/348823654_614996190568813_8592946485234108828_n.jpg","type":"image\/jpeg"}],"author":"Jorge Matheus","twitter_card":"summary_large_image","twitter_creator":"@infoecos","twitter_site":"@infoecos","twitter_misc":{"Escrito por":"Jorge Matheus","Tiempo de lectura":"3 minutos"},"schema":{"@context":"https:\/\/schema.org","@graph":[{"@type":"Article","@id":"https:\/\/infoecos.com.ar\/index.php\/la-justicia-de-trenque-lauquen-tiene-mas-que-nunca-los-ojos-puestos-de-la-sociedad\/#article","isPartOf":{"@id":"https:\/\/infoecos.com.ar\/index.php\/la-justicia-de-trenque-lauquen-tiene-mas-que-nunca-los-ojos-puestos-de-la-sociedad\/"},"author":{"name":"Jorge Matheus","@id":"https:\/\/infoecos.com.ar\/#\/schema\/person\/8f5ace5ce73b4b4aac4b7245aee6f191"},"headline":"Los ojos de la sociedad de Trenque Lauquen puestos en la justicia","datePublished":"2023-05-23T02:50:16+00:00","dateModified":"2023-05-23T16:59:12+00:00","mainEntityOfPage":{"@id":"https:\/\/infoecos.com.ar\/index.php\/la-justicia-de-trenque-lauquen-tiene-mas-que-nunca-los-ojos-puestos-de-la-sociedad\/"},"wordCount":441,"publisher":{"@id":"https:\/\/infoecos.com.ar\/#organization"},"image":{"@id":"https:\/\/infoecos.com.ar\/index.php\/la-justicia-de-trenque-lauquen-tiene-mas-que-nunca-los-ojos-puestos-de-la-sociedad\/#primaryimage"},"thumbnailUrl":"https:\/\/infoecos.com.ar\/wp-content\/uploads\/2023\/05\/348823654_614996190568813_8592946485234108828_n.jpg","keywords":["el crimen de Ana Mar\u00eda Aristimu\u00f1o"],"articleSection":["Noticia Secundaria"],"inLanguage":"es"},{"@type":"WebPage","@id":"https:\/\/infoecos.com.ar\/index.php\/la-justicia-de-trenque-lauquen-tiene-mas-que-nunca-los-ojos-puestos-de-la-sociedad\/","url":"https:\/\/infoecos.com.ar\/index.php\/la-justicia-de-trenque-lauquen-tiene-mas-que-nunca-los-ojos-puestos-de-la-sociedad\/","name":"Los ojos de la sociedad de Trenque Lauquen puestos en la justicia - Infoecos","isPartOf":{"@id":"https:\/\/infoecos.com.ar\/#website"},"primaryImageOfPage":{"@id":"https:\/\/infoecos.com.ar\/index.php\/la-justicia-de-trenque-lauquen-tiene-mas-que-nunca-los-ojos-puestos-de-la-sociedad\/#primaryimage"},"image":{"@id":"https:\/\/infoecos.com.ar\/index.php\/la-justicia-de-trenque-lauquen-tiene-mas-que-nunca-los-ojos-puestos-de-la-sociedad\/#primaryimage"},"thumbnailUrl":"https:\/\/infoecos.com.ar\/wp-content\/uploads\/2023\/05\/348823654_614996190568813_8592946485234108828_n.jpg","datePublished":"2023-05-23T02:50:16+00:00","dateModified":"2023-05-23T16:59:12+00:00","breadcrumb":{"@id":"https:\/\/infoecos.com.ar\/index.php\/la-justicia-de-trenque-lauquen-tiene-mas-que-nunca-los-ojos-puestos-de-la-sociedad\/#breadcrumb"},"inLanguage":"es","potentialAction":[{"@type":"ReadAction","target":["https:\/\/infoecos.com.ar\/index.php\/la-justicia-de-trenque-lauquen-tiene-mas-que-nunca-los-ojos-puestos-de-la-sociedad\/"]}]},{"@type":"ImageObject","inLanguage":"es","@id":"https:\/\/infoecos.com.ar\/index.php\/la-justicia-de-trenque-lauquen-tiene-mas-que-nunca-los-ojos-puestos-de-la-sociedad\/#primaryimage","url":"https:\/\/infoecos.com.ar\/wp-content\/uploads\/2023\/05\/348823654_614996190568813_8592946485234108828_n.jpg","contentUrl":"https:\/\/infoecos.com.ar\/wp-content\/uploads\/2023\/05\/348823654_614996190568813_8592946485234108828_n.jpg","width":634,"height":236},{"@type":"BreadcrumbList","@id":"https:\/\/infoecos.com.ar\/index.php\/la-justicia-de-trenque-lauquen-tiene-mas-que-nunca-los-ojos-puestos-de-la-sociedad\/#breadcrumb","itemListElement":[{"@type":"ListItem","position":1,"name":"Portada","item":"https:\/\/infoecos.com.ar\/"},{"@type":"ListItem","position":2,"name":"Los ojos de la sociedad de Trenque Lauquen puestos en la justicia"}]},{"@type":"WebSite","@id":"https:\/\/infoecos.com.ar\/#website","url":"https:\/\/infoecos.com.ar\/","name":"Infoecos","description":"Noticias de trenque lauquen y la zona","publisher":{"@id":"https:\/\/infoecos.com.ar\/#organization"},"alternateName":"Noticias","potentialAction":[{"@type":"SearchAction","target":{"@type":"EntryPoint","urlTemplate":"https:\/\/infoecos.com.ar\/?s={search_term_string}"},"query-input":{"@type":"PropertyValueSpecification","valueRequired":true,"valueName":"search_term_string"}}],"inLanguage":"es"},{"@type":"Organization","@id":"https:\/\/infoecos.com.ar\/#organization","name":"Infoecos","alternateName":"Noticias","url":"https:\/\/infoecos.com.ar\/","logo":{"@type":"ImageObject","inLanguage":"es","@id":"https:\/\/infoecos.com.ar\/#\/schema\/logo\/image\/","url":"https:\/\/infoecos.com.ar\/wp-content\/uploads\/2024\/03\/cropped-logo.png","contentUrl":"https:\/\/infoecos.com.ar\/wp-content\/uploads\/2024\/03\/cropped-logo.png","width":374,"height":90,"caption":"Infoecos"},"image":{"@id":"https:\/\/infoecos.com.ar\/#\/schema\/logo\/image\/"},"sameAs":["https:\/\/www.facebook.com\/profile.php?id=100063200290284","https:\/\/x.com\/infoecos"]},{"@type":"Person","@id":"https:\/\/infoecos.com.ar\/#\/schema\/person\/8f5ace5ce73b4b4aac4b7245aee6f191","name":"Jorge Matheus","url":"https:\/\/infoecos.com.ar\/index.php\/author\/jomatheus\/"}]}},"featured_image_urls":{"full":["https:\/\/infoecos.com.ar\/wp-content\/uploads\/2023\/05\/348823654_614996190568813_8592946485234108828_n.jpg",634,236,false],"thumbnail":["https:\/\/infoecos.com.ar\/wp-content\/uploads\/2023\/05\/348823654_614996190568813_8592946485234108828_n-300x150.jpg",300,150,true],"medium":["https:\/\/infoecos.com.ar\/wp-content\/uploads\/2023\/05\/348823654_614996190568813_8592946485234108828_n.jpg",634,236,false],"medium_large":["https:\/\/infoecos.com.ar\/wp-content\/uploads\/2023\/05\/348823654_614996190568813_8592946485234108828_n.jpg",634,236,false],"large":["https:\/\/infoecos.com.ar\/wp-content\/uploads\/2023\/05\/348823654_614996190568813_8592946485234108828_n.jpg",634,236,false],"1536x1536":["https:\/\/infoecos.com.ar\/wp-content\/uploads\/2023\/05\/348823654_614996190568813_8592946485234108828_n.jpg",634,236,false],"2048x2048":["https:\/\/infoecos.com.ar\/wp-content\/uploads\/2023\/05\/348823654_614996190568813_8592946485234108828_n.jpg",634,236,false],"covernews-slider-full":["https:\/\/infoecos.com.ar\/wp-content\/uploads\/2023\/05\/348823654_614996190568813_8592946485234108828_n.jpg",634,236,false],"covernews-slider-center":["https:\/\/infoecos.com.ar\/wp-content\/uploads\/2023\/05\/348823654_614996190568813_8592946485234108828_n.jpg",634,236,false],"covernews-featured":["https:\/\/infoecos.com.ar\/wp-content\/uploads\/2023\/05\/348823654_614996190568813_8592946485234108828_n.jpg",634,236,false],"covernews-medium":["https:\/\/infoecos.com.ar\/wp-content\/uploads\/2023\/05\/348823654_614996190568813_8592946485234108828_n.jpg",540,201,false],"covernews-medium-square":["https:\/\/infoecos.com.ar\/wp-content\/uploads\/2023\/05\/348823654_614996190568813_8592946485234108828_n.jpg",400,149,false]},"author_info":{"info":["Jorge Matheus"]},"category_info":"<a href=\"https:\/\/infoecos.com.ar\/index.php\/category\/noticia-secundaria\/\" rel=\"category tag\">Noticia Secundaria<\/a>","tag_info":"Noticia Secundaria","comment_count":"0","_links":{"self":[{"href":"https:\/\/infoecos.com.ar\/index.php\/wp-json\/wp\/v2\/posts\/105354"}],"collection":[{"href":"https:\/\/infoecos.com.ar\/index.php\/wp-json\/wp\/v2\/posts"}],"about":[{"href":"https:\/\/infoecos.com.ar\/index.php\/wp-json\/wp\/v2\/types\/post"}],"author":[{"embeddable":true,"href":"https:\/\/infoecos.com.ar\/index.php\/wp-json\/wp\/v2\/users\/2"}],"replies":[{"embeddable":true,"href":"https:\/\/infoecos.com.ar\/index.php\/wp-json\/wp\/v2\/comments?post=105354"}],"version-history":[{"count":2,"href":"https:\/\/infoecos.com.ar\/index.php\/wp-json\/wp\/v2\/posts\/105354\/revisions"}],"predecessor-version":[{"id":105410,"href":"https:\/\/infoecos.com.ar\/index.php\/wp-json\/wp\/v2\/posts\/105354\/revisions\/105410"}],"wp:featuredmedia":[{"embeddable":true,"href":"https:\/\/infoecos.com.ar\/index.php\/wp-json\/wp\/v2\/media\/105356"}],"wp:attachment":[{"href":"https:\/\/infoecos.com.ar\/index.php\/wp-json\/wp\/v2\/media?parent=105354"}],"wp:term":[{"taxonomy":"category","embeddable":true,"href":"https:\/\/infoecos.com.ar\/index.php\/wp-json\/wp\/v2\/categories?post=105354"},{"taxonomy":"post_tag","embeddable":true,"href":"https:\/\/infoecos.com.ar\/index.php\/wp-json\/wp\/v2\/tags?post=105354"}],"curies":[{"name":"wp","href":"https:\/\/api.w.org\/{rel}","templated":true}]}}