{"id":105431,"date":"2023-05-24T00:00:21","date_gmt":"2023-05-24T03:00:21","guid":{"rendered":"https:\/\/infoecos.com.ar\/?p=105431"},"modified":"2023-05-31T02:38:51","modified_gmt":"2023-05-31T05:38:51","slug":"la-sinergia-de-provincia-y-municipio-hicieron-posible-las-obras-educativas-en-girodias","status":"publish","type":"post","link":"https:\/\/infoecos.com.ar\/index.php\/la-sinergia-de-provincia-y-municipio-hicieron-posible-las-obras-educativas-en-girodias\/","title":{"rendered":"La sinergia de provincia y municipio hicieron posible las obras educativas en Girod\u00edas"},"content":{"rendered":"\n<p>Qued\u00f3 inaugurada ayer la obra de refacci\u00f3n y ampliaci\u00f3n del edificio que comparten la Escuela n\u00ba 44 \u201c<em>Juan Bautista Azopardo<\/em>\u201d y del Anexo de la Escuela de Educaci\u00f3n Secundaria n\u00ba 7 de Girod\u00edas, un trabajo realizado en su totalidad por administraci\u00f3n municipal con recursos de la Provincia, a trav\u00e9s del programa PEED, y fondos municipales.<\/p>\n\n\n\n<p>Para la realizaci\u00f3n de esta importante obra, la gesti\u00f3n de Miguel Fern\u00e1ndez firm\u00f3 un convenio Obras PEED (Programa Especial de Emergencia Educativa) por un monto de 33.885.385,83 de pesos y se sum\u00f3 otra inversi\u00f3n de 3.107.964,05 de pesos del Fondo Educativo. El programa PEED tiene como objetivo reforzar, a trav\u00e9s de la articulaci\u00f3n entre Provincia y Municipios, la infraestructura escolar en los distritos con obras de construcci\u00f3n, ampliaci\u00f3n y refacci\u00f3n.<\/p>\n\n\n\n<p>Se destac\u00f3, en el acto de ayer, especialmente el trabajo conjunto entre Provincia y Municipio, con la colaboraci\u00f3n de Jefatura Distrital de Educaci\u00f3n, Infraestructura Escolar, Consejo Escolar y las comunidades educativas.<\/p>\n\n\n\n<figure class=\"wp-block-image aligncenter size-full is-resized\"><img loading=\"lazy\" decoding=\"async\" src=\"https:\/\/infoecos.com.ar\/wp-content\/uploads\/2023\/05\/Intendente-Fernandez-en-Girodias.jpg\" alt=\"\" class=\"wp-image-105432\" width=\"448\" height=\"299\" srcset=\"https:\/\/infoecos.com.ar\/wp-content\/uploads\/2023\/05\/Intendente-Fernandez-en-Girodias.jpg 1600w, https:\/\/infoecos.com.ar\/wp-content\/uploads\/2023\/05\/Intendente-Fernandez-en-Girodias-800x535.jpg 800w, https:\/\/infoecos.com.ar\/wp-content\/uploads\/2023\/05\/Intendente-Fernandez-en-Girodias-768x513.jpg 768w, https:\/\/infoecos.com.ar\/wp-content\/uploads\/2023\/05\/Intendente-Fernandez-en-Girodias-1536x1020.jpg 1536w, https:\/\/infoecos.com.ar\/wp-content\/uploads\/2023\/05\/Intendente-Fernandez-en-Girodias-1024x684.jpg 1024w, https:\/\/infoecos.com.ar\/wp-content\/uploads\/2023\/05\/Intendente-Fernandez-en-Girodias-675x450.jpg 675w\" sizes=\"(max-width: 448px) 100vw, 448px\" \/><\/figure>\n\n\n\n<p>\u201cHoy es un d\u00eda especialmente emotivo, son muchos los que han participado de este proceso y en este hay que agradecer a la Provincia, al gobernador (Axel Kicillof), al director de Cultura y Educaci\u00f3n, Alberto Sileoni; al inspector y a todas las autoridades de Educaci\u00f3n de la Provincia por haber entendido la necesidad que ten\u00edamos de poder abordar esta obra tan necesaria y tan reclamada\u201d, se\u00f1al\u00f3 el Intendente Miguel Fern\u00e1ndez, en su mensaje a la comunidad.<\/p>\n\n\n\n<p>\u201c\u00c9ste es un logro compartido, los recursos son del Estado en cualquiera de sus niveles, en este caso en particular del Estado provincial y del municipal y con un fin muy importante, que es el de construir futuro\u201d, subray\u00f3.<\/p>\n\n\n\n<figure class=\"wp-block-image aligncenter size-full is-resized\"><img loading=\"lazy\" decoding=\"async\" src=\"https:\/\/infoecos.com.ar\/wp-content\/uploads\/2023\/05\/Mirta-Folco-delegada-de-Girodias.jpg\" alt=\"\" class=\"wp-image-105433\" width=\"416\" height=\"278\" srcset=\"https:\/\/infoecos.com.ar\/wp-content\/uploads\/2023\/05\/Mirta-Folco-delegada-de-Girodias.jpg 1600w, https:\/\/infoecos.com.ar\/wp-content\/uploads\/2023\/05\/Mirta-Folco-delegada-de-Girodias-800x535.jpg 800w, https:\/\/infoecos.com.ar\/wp-content\/uploads\/2023\/05\/Mirta-Folco-delegada-de-Girodias-768x513.jpg 768w, https:\/\/infoecos.com.ar\/wp-content\/uploads\/2023\/05\/Mirta-Folco-delegada-de-Girodias-1536x1026.jpg 1536w, https:\/\/infoecos.com.ar\/wp-content\/uploads\/2023\/05\/Mirta-Folco-delegada-de-Girodias-1024x684.jpg 1024w, https:\/\/infoecos.com.ar\/wp-content\/uploads\/2023\/05\/Mirta-Folco-delegada-de-Girodias-675x450.jpg 675w\" sizes=\"(max-width: 416px) 100vw, 416px\" \/><\/figure>\n\n\n\n<p>La directora de la Escuela n\u00b0 44 de Girod\u00edas, profesora Mar\u00eda Marta Esp\u00ednola, sostuvo en su discurso que \u201cnos resulta muy grato recibirlos en una nueva casa, nuestra escuela, la tan querida EP 44, refaccionada, remodelada y con nuevos espacios destinados a los aprendizajes que todos y cada uno de los estudiantes a partir de ma\u00f1ana comenzar\u00e1n a disfrutar\u201d.<\/p>\n\n\n\n<p>Posteriormente la directora del Anexo 2070, la profesora Melina Artaza Bernassar, destac\u00f3 el camino recorrido por toda la comunidad educativa para llegar a este momento y en este sentido dijo que \u201clos tres niveles se unieron por este objetivo y si bien hoy este edificio albergar\u00e1 a solo dos de ellos es importante destacar este rasgo tan fuerte de Girod\u00edas: en esta comunidad se avanza en conjunto\u201d.<\/p>\n\n\n\n<figure class=\"wp-block-image aligncenter size-full is-resized\"><img loading=\"lazy\" decoding=\"async\" src=\"https:\/\/infoecos.com.ar\/wp-content\/uploads\/2023\/05\/Directora-EP-44.jpg\" alt=\"\" class=\"wp-image-105434\" width=\"384\" height=\"256\" srcset=\"https:\/\/infoecos.com.ar\/wp-content\/uploads\/2023\/05\/Directora-EP-44.jpg 1600w, https:\/\/infoecos.com.ar\/wp-content\/uploads\/2023\/05\/Directora-EP-44-800x535.jpg 800w, https:\/\/infoecos.com.ar\/wp-content\/uploads\/2023\/05\/Directora-EP-44-768x513.jpg 768w, https:\/\/infoecos.com.ar\/wp-content\/uploads\/2023\/05\/Directora-EP-44-1536x1020.jpg 1536w, https:\/\/infoecos.com.ar\/wp-content\/uploads\/2023\/05\/Directora-EP-44-1024x684.jpg 1024w, https:\/\/infoecos.com.ar\/wp-content\/uploads\/2023\/05\/Directora-EP-44-675x450.jpg 675w\" sizes=\"(max-width: 384px) 100vw, 384px\" \/><\/figure>\n\n\n\n<p>A continuaci\u00f3n, se escucharon palabras de la delegada de Girod\u00edas, Mirta Folco, para contar emocionada que el de hoy \u201ces un d\u00eda m\u00e1gico para nosotros\u201d, y agradeci\u00f3 la presencia de las autoridades y p\u00fablico en el acto, resaltando especialmente el esfuerzo de todos los que colaboraron con el proceso.<\/p>\n\n\n\n<p><a>El jefe distrital de Educaci\u00f3n de Trenque Lauquen, Hugo Paoltroni, sostuvo: \u201cA mi me toca esta \u00faltima etapa, que es la m\u00e1s linda\u201d, y transmiti\u00f3 el saludo del director de Cultura y Educaci\u00f3n de la provincia, Alberto Sileoni, quien por cuestiones de agenda no pudo viajar a Girod\u00edas.<\/a><\/p>\n\n\n\n<p>\u201cEntendemos que es una obra muy esperada, que cambia para la comunidad, nosotros decimos que las peque\u00f1as grandes cosas a veces suceden y sin dudas es un trabajo articulado entre Provincia y Municipio\u201d, manifest\u00f3 Paoltroni, para agregar que \u201ces una decisi\u00f3n de hacer, de trabajar en conjunto\u201d.<\/p>\n\n\n\n<figure class=\"wp-block-image aligncenter size-full is-resized\"><img loading=\"lazy\" decoding=\"async\" src=\"https:\/\/infoecos.com.ar\/wp-content\/uploads\/2023\/05\/Inspector-Hugo-Paoltroni.jpg\" alt=\"\" class=\"wp-image-105435\" width=\"397\" height=\"266\" srcset=\"https:\/\/infoecos.com.ar\/wp-content\/uploads\/2023\/05\/Inspector-Hugo-Paoltroni.jpg 1600w, https:\/\/infoecos.com.ar\/wp-content\/uploads\/2023\/05\/Inspector-Hugo-Paoltroni-800x535.jpg 800w, https:\/\/infoecos.com.ar\/wp-content\/uploads\/2023\/05\/Inspector-Hugo-Paoltroni-768x513.jpg 768w, https:\/\/infoecos.com.ar\/wp-content\/uploads\/2023\/05\/Inspector-Hugo-Paoltroni-1536x1026.jpg 1536w, https:\/\/infoecos.com.ar\/wp-content\/uploads\/2023\/05\/Inspector-Hugo-Paoltroni-1024x684.jpg 1024w, https:\/\/infoecos.com.ar\/wp-content\/uploads\/2023\/05\/Inspector-Hugo-Paoltroni-675x450.jpg 675w\" sizes=\"(max-width: 397px) 100vw, 397px\" \/><\/figure>\n\n\n\n<p>Luego de los discursos, las autoridades presentes descubrieron una placa que dej\u00f3 plasmado este d\u00eda tan importante para la instituci\u00f3n y la localidad. El texto de la placa dice lo siguiente:&nbsp;<\/p>\n\n\n\n<p><em>Inauguraci\u00f3n. Obra de Ampliaci\u00f3n y Refacci\u00f3n Escuela de Educaci\u00f3n Primaria N\u00b0 44 \u201cJuan Bautista Azopardo\u201d. Axel Kicillof, Gobernador de la Provincia de Buenos Aires; Alberto Sileoni, director de Cultura y Educaci\u00f3n de la Provincia de Buenos Aires; Miguel Fern\u00e1ndez. Intendente. Municipalidad de Trenque Lauquen.<\/em><\/p>\n\n\n\n<p>. <strong>LA OBRA<\/strong><\/p>\n\n\n\n<p>La obra fue ejecutada en dos etapas: la primera, de refacci\u00f3n de lo existente, y la segunda consisti\u00f3 en la construcci\u00f3n de una ampliaci\u00f3n de 133 m2 cubiertos y 40 m2 semicubiertos, que contienen:<\/p>\n\n\n\n<p>. Sal\u00f3n de usos m\u00faltiples en una superficie de 70m2, con pisos gran\u00edticos, cielorraso de PVC, iluminaci\u00f3n led, aberturas de aluminio y equipos de fr\u00edo\/calor.<\/p>\n\n\n\n<p>. Cocina, en una superficie de 25m2, con pisos gran\u00edticos, cielorraso de Durlock, mesadas de granito color gris mara, pileta de acero inoxidable, bajo mesadas de melanina color blanco, equipo fr\u00edo\/calor, iluminaci\u00f3n led, cocina industrial, termotanque de 80 lts., heladera y freezer.<\/p>\n\n\n\n<p>. Bater\u00eda de ba\u00f1os con pisos gran\u00edticos, cielorraso de Durlock, mesadas de granito gris mara, revestimiento cer\u00e1mico color blanco, aberturas de aluminio e iluminaci\u00f3n led. Sanitario diferencial para personas con movilidad reducida.<\/p>\n\n\n\n<p>. Galer\u00eda semicubierta de nexo entre sanitarios, SUM y cocina.<\/p>\n\n\n\n<p>. Galer\u00eda semicubierta de nexo entre construcci\u00f3n existente y la nueva ampliaci\u00f3n.<\/p>\n\n\n\n<p>Adem\u00e1s, se reubic\u00f3 el zepel\u00edn de gas, se ejecutaron veredas perimetrales en ambas construcciones en piso gran\u00edtico, se construy\u00f3 explanada y rampa de acceso a la instituci\u00f3n, se realizaron modificaciones en tapiales y fueron colocados nuevos calefactores en aulas.<\/p>\n","protected":false},"excerpt":{"rendered":"<p>Se destac\u00f3, en el acto de ayer, especialmente el trabajo conjunto entre Provincia y Municipio<\/p>\n","protected":false},"author":2,"featured_media":105432,"comment_status":"closed","ping_status":"open","sticky":false,"template":"","format":"standard","meta":{"footnotes":""},"categories":[200],"tags":[8042],"class_list":["post-105431","post","type-post","status-publish","format-standard","has-post-thumbnail","hentry","category-inferior8","tag-cerca-de-40-millones-de-inversion"],"yoast_head":"<!-- This site is optimized with the Yoast SEO plugin v23.4 - https:\/\/yoast.com\/wordpress\/plugins\/seo\/ -->\n<title>La sinergia de provincia y municipio hicieron posible las obras educativas en Girod\u00edas - Infoecos<\/title>\n<meta name=\"robots\" content=\"index, follow, max-snippet:-1, max-image-preview:large, max-video-preview:-1\" \/>\n<link rel=\"canonical\" href=\"https:\/\/infoecos.com.ar\/index.php\/la-sinergia-de-provincia-y-municipio-hicieron-posible-las-obras-educativas-en-girodias\/\" \/>\n<meta property=\"og:locale\" content=\"es_ES\" \/>\n<meta property=\"og:type\" content=\"article\" \/>\n<meta property=\"og:title\" content=\"La sinergia de provincia y municipio hicieron posible las obras educativas en Girod\u00edas - Infoecos\" \/>\n<meta property=\"og:description\" content=\"Se destac\u00f3, en el acto de ayer, especialmente el trabajo conjunto entre Provincia y Municipio\" \/>\n<meta property=\"og:url\" content=\"https:\/\/infoecos.com.ar\/index.php\/la-sinergia-de-provincia-y-municipio-hicieron-posible-las-obras-educativas-en-girodias\/\" \/>\n<meta property=\"og:site_name\" content=\"Infoecos\" \/>\n<meta property=\"article:publisher\" content=\"https:\/\/www.facebook.com\/profile.php?id=100063200290284\" \/>\n<meta property=\"article:published_time\" content=\"2023-05-24T03:00:21+00:00\" \/>\n<meta property=\"article:modified_time\" content=\"2023-05-31T05:38:51+00:00\" \/>\n<meta property=\"og:image\" content=\"https:\/\/infoecos.com.ar\/wp-content\/uploads\/2023\/05\/Intendente-Fernandez-en-Girodias.jpg\" \/>\n\t<meta property=\"og:image:width\" content=\"1600\" \/>\n\t<meta property=\"og:image:height\" content=\"1069\" \/>\n\t<meta property=\"og:image:type\" content=\"image\/jpeg\" \/>\n<meta name=\"author\" content=\"Jorge Matheus\" \/>\n<meta name=\"twitter:card\" content=\"summary_large_image\" \/>\n<meta name=\"twitter:creator\" content=\"@infoecos\" \/>\n<meta name=\"twitter:site\" content=\"@infoecos\" \/>\n<meta name=\"twitter:label1\" content=\"Escrito por\" \/>\n\t<meta name=\"twitter:data1\" content=\"Jorge Matheus\" \/>\n\t<meta name=\"twitter:label2\" content=\"Tiempo de lectura\" \/>\n\t<meta name=\"twitter:data2\" content=\"5 minutos\" \/>\n<script type=\"application\/ld+json\" class=\"yoast-schema-graph\">{\"@context\":\"https:\/\/schema.org\",\"@graph\":[{\"@type\":\"Article\",\"@id\":\"https:\/\/infoecos.com.ar\/index.php\/la-sinergia-de-provincia-y-municipio-hicieron-posible-las-obras-educativas-en-girodias\/#article\",\"isPartOf\":{\"@id\":\"https:\/\/infoecos.com.ar\/index.php\/la-sinergia-de-provincia-y-municipio-hicieron-posible-las-obras-educativas-en-girodias\/\"},\"author\":{\"name\":\"Jorge Matheus\",\"@id\":\"https:\/\/infoecos.com.ar\/#\/schema\/person\/8f5ace5ce73b4b4aac4b7245aee6f191\"},\"headline\":\"La sinergia de provincia y municipio hicieron posible las obras educativas en Girod\u00edas\",\"datePublished\":\"2023-05-24T03:00:21+00:00\",\"dateModified\":\"2023-05-31T05:38:51+00:00\",\"mainEntityOfPage\":{\"@id\":\"https:\/\/infoecos.com.ar\/index.php\/la-sinergia-de-provincia-y-municipio-hicieron-posible-las-obras-educativas-en-girodias\/\"},\"wordCount\":885,\"publisher\":{\"@id\":\"https:\/\/infoecos.com.ar\/#organization\"},\"image\":{\"@id\":\"https:\/\/infoecos.com.ar\/index.php\/la-sinergia-de-provincia-y-municipio-hicieron-posible-las-obras-educativas-en-girodias\/#primaryimage\"},\"thumbnailUrl\":\"https:\/\/infoecos.com.ar\/wp-content\/uploads\/2023\/05\/Intendente-Fernandez-en-Girodias.jpg\",\"keywords\":[\"CERCA DE 40 MILLONES DE INVERSI\u00d3N\"],\"articleSection\":[\"Bloque inferior - 8\"],\"inLanguage\":\"es\"},{\"@type\":\"WebPage\",\"@id\":\"https:\/\/infoecos.com.ar\/index.php\/la-sinergia-de-provincia-y-municipio-hicieron-posible-las-obras-educativas-en-girodias\/\",\"url\":\"https:\/\/infoecos.com.ar\/index.php\/la-sinergia-de-provincia-y-municipio-hicieron-posible-las-obras-educativas-en-girodias\/\",\"name\":\"La sinergia de provincia y municipio hicieron posible las obras educativas en Girod\u00edas - Infoecos\",\"isPartOf\":{\"@id\":\"https:\/\/infoecos.com.ar\/#website\"},\"primaryImageOfPage\":{\"@id\":\"https:\/\/infoecos.com.ar\/index.php\/la-sinergia-de-provincia-y-municipio-hicieron-posible-las-obras-educativas-en-girodias\/#primaryimage\"},\"image\":{\"@id\":\"https:\/\/infoecos.com.ar\/index.php\/la-sinergia-de-provincia-y-municipio-hicieron-posible-las-obras-educativas-en-girodias\/#primaryimage\"},\"thumbnailUrl\":\"https:\/\/infoecos.com.ar\/wp-content\/uploads\/2023\/05\/Intendente-Fernandez-en-Girodias.jpg\",\"datePublished\":\"2023-05-24T03:00:21+00:00\",\"dateModified\":\"2023-05-31T05:38:51+00:00\",\"breadcrumb\":{\"@id\":\"https:\/\/infoecos.com.ar\/index.php\/la-sinergia-de-provincia-y-municipio-hicieron-posible-las-obras-educativas-en-girodias\/#breadcrumb\"},\"inLanguage\":\"es\",\"potentialAction\":[{\"@type\":\"ReadAction\",\"target\":[\"https:\/\/infoecos.com.ar\/index.php\/la-sinergia-de-provincia-y-municipio-hicieron-posible-las-obras-educativas-en-girodias\/\"]}]},{\"@type\":\"ImageObject\",\"inLanguage\":\"es\",\"@id\":\"https:\/\/infoecos.com.ar\/index.php\/la-sinergia-de-provincia-y-municipio-hicieron-posible-las-obras-educativas-en-girodias\/#primaryimage\",\"url\":\"https:\/\/infoecos.com.ar\/wp-content\/uploads\/2023\/05\/Intendente-Fernandez-en-Girodias.jpg\",\"contentUrl\":\"https:\/\/infoecos.com.ar\/wp-content\/uploads\/2023\/05\/Intendente-Fernandez-en-Girodias.jpg\",\"width\":1600,\"height\":1069},{\"@type\":\"BreadcrumbList\",\"@id\":\"https:\/\/infoecos.com.ar\/index.php\/la-sinergia-de-provincia-y-municipio-hicieron-posible-las-obras-educativas-en-girodias\/#breadcrumb\",\"itemListElement\":[{\"@type\":\"ListItem\",\"position\":1,\"name\":\"Portada\",\"item\":\"https:\/\/infoecos.com.ar\/\"},{\"@type\":\"ListItem\",\"position\":2,\"name\":\"La sinergia de provincia y municipio hicieron posible las obras educativas en Girod\u00edas\"}]},{\"@type\":\"WebSite\",\"@id\":\"https:\/\/infoecos.com.ar\/#website\",\"url\":\"https:\/\/infoecos.com.ar\/\",\"name\":\"Infoecos\",\"description\":\"Noticias de trenque lauquen y la zona\",\"publisher\":{\"@id\":\"https:\/\/infoecos.com.ar\/#organization\"},\"alternateName\":\"Noticias\",\"potentialAction\":[{\"@type\":\"SearchAction\",\"target\":{\"@type\":\"EntryPoint\",\"urlTemplate\":\"https:\/\/infoecos.com.ar\/?s={search_term_string}\"},\"query-input\":{\"@type\":\"PropertyValueSpecification\",\"valueRequired\":true,\"valueName\":\"search_term_string\"}}],\"inLanguage\":\"es\"},{\"@type\":\"Organization\",\"@id\":\"https:\/\/infoecos.com.ar\/#organization\",\"name\":\"Infoecos\",\"alternateName\":\"Noticias\",\"url\":\"https:\/\/infoecos.com.ar\/\",\"logo\":{\"@type\":\"ImageObject\",\"inLanguage\":\"es\",\"@id\":\"https:\/\/infoecos.com.ar\/#\/schema\/logo\/image\/\",\"url\":\"https:\/\/infoecos.com.ar\/wp-content\/uploads\/2024\/03\/cropped-logo.png\",\"contentUrl\":\"https:\/\/infoecos.com.ar\/wp-content\/uploads\/2024\/03\/cropped-logo.png\",\"width\":374,\"height\":90,\"caption\":\"Infoecos\"},\"image\":{\"@id\":\"https:\/\/infoecos.com.ar\/#\/schema\/logo\/image\/\"},\"sameAs\":[\"https:\/\/www.facebook.com\/profile.php?id=100063200290284\",\"https:\/\/x.com\/infoecos\"]},{\"@type\":\"Person\",\"@id\":\"https:\/\/infoecos.com.ar\/#\/schema\/person\/8f5ace5ce73b4b4aac4b7245aee6f191\",\"name\":\"Jorge Matheus\",\"url\":\"https:\/\/infoecos.com.ar\/index.php\/author\/jomatheus\/\"}]}<\/script>\n<!-- \/ Yoast SEO plugin. -->","yoast_head_json":{"title":"La sinergia de provincia y municipio hicieron posible las obras educativas en Girod\u00edas - Infoecos","robots":{"index":"index","follow":"follow","max-snippet":"max-snippet:-1","max-image-preview":"max-image-preview:large","max-video-preview":"max-video-preview:-1"},"canonical":"https:\/\/infoecos.com.ar\/index.php\/la-sinergia-de-provincia-y-municipio-hicieron-posible-las-obras-educativas-en-girodias\/","og_locale":"es_ES","og_type":"article","og_title":"La sinergia de provincia y municipio hicieron posible las obras educativas en Girod\u00edas - Infoecos","og_description":"Se destac\u00f3, en el acto de ayer, especialmente el trabajo conjunto entre Provincia y Municipio","og_url":"https:\/\/infoecos.com.ar\/index.php\/la-sinergia-de-provincia-y-municipio-hicieron-posible-las-obras-educativas-en-girodias\/","og_site_name":"Infoecos","article_publisher":"https:\/\/www.facebook.com\/profile.php?id=100063200290284","article_published_time":"2023-05-24T03:00:21+00:00","article_modified_time":"2023-05-31T05:38:51+00:00","og_image":[{"width":1600,"height":1069,"url":"https:\/\/infoecos.com.ar\/wp-content\/uploads\/2023\/05\/Intendente-Fernandez-en-Girodias.jpg","type":"image\/jpeg"}],"author":"Jorge Matheus","twitter_card":"summary_large_image","twitter_creator":"@infoecos","twitter_site":"@infoecos","twitter_misc":{"Escrito por":"Jorge Matheus","Tiempo de lectura":"5 minutos"},"schema":{"@context":"https:\/\/schema.org","@graph":[{"@type":"Article","@id":"https:\/\/infoecos.com.ar\/index.php\/la-sinergia-de-provincia-y-municipio-hicieron-posible-las-obras-educativas-en-girodias\/#article","isPartOf":{"@id":"https:\/\/infoecos.com.ar\/index.php\/la-sinergia-de-provincia-y-municipio-hicieron-posible-las-obras-educativas-en-girodias\/"},"author":{"name":"Jorge Matheus","@id":"https:\/\/infoecos.com.ar\/#\/schema\/person\/8f5ace5ce73b4b4aac4b7245aee6f191"},"headline":"La sinergia de provincia y municipio hicieron posible las obras educativas en Girod\u00edas","datePublished":"2023-05-24T03:00:21+00:00","dateModified":"2023-05-31T05:38:51+00:00","mainEntityOfPage":{"@id":"https:\/\/infoecos.com.ar\/index.php\/la-sinergia-de-provincia-y-municipio-hicieron-posible-las-obras-educativas-en-girodias\/"},"wordCount":885,"publisher":{"@id":"https:\/\/infoecos.com.ar\/#organization"},"image":{"@id":"https:\/\/infoecos.com.ar\/index.php\/la-sinergia-de-provincia-y-municipio-hicieron-posible-las-obras-educativas-en-girodias\/#primaryimage"},"thumbnailUrl":"https:\/\/infoecos.com.ar\/wp-content\/uploads\/2023\/05\/Intendente-Fernandez-en-Girodias.jpg","keywords":["CERCA DE 40 MILLONES DE INVERSI\u00d3N"],"articleSection":["Bloque inferior - 8"],"inLanguage":"es"},{"@type":"WebPage","@id":"https:\/\/infoecos.com.ar\/index.php\/la-sinergia-de-provincia-y-municipio-hicieron-posible-las-obras-educativas-en-girodias\/","url":"https:\/\/infoecos.com.ar\/index.php\/la-sinergia-de-provincia-y-municipio-hicieron-posible-las-obras-educativas-en-girodias\/","name":"La sinergia de provincia y municipio hicieron posible las obras educativas en Girod\u00edas - Infoecos","isPartOf":{"@id":"https:\/\/infoecos.com.ar\/#website"},"primaryImageOfPage":{"@id":"https:\/\/infoecos.com.ar\/index.php\/la-sinergia-de-provincia-y-municipio-hicieron-posible-las-obras-educativas-en-girodias\/#primaryimage"},"image":{"@id":"https:\/\/infoecos.com.ar\/index.php\/la-sinergia-de-provincia-y-municipio-hicieron-posible-las-obras-educativas-en-girodias\/#primaryimage"},"thumbnailUrl":"https:\/\/infoecos.com.ar\/wp-content\/uploads\/2023\/05\/Intendente-Fernandez-en-Girodias.jpg","datePublished":"2023-05-24T03:00:21+00:00","dateModified":"2023-05-31T05:38:51+00:00","breadcrumb":{"@id":"https:\/\/infoecos.com.ar\/index.php\/la-sinergia-de-provincia-y-municipio-hicieron-posible-las-obras-educativas-en-girodias\/#breadcrumb"},"inLanguage":"es","potentialAction":[{"@type":"ReadAction","target":["https:\/\/infoecos.com.ar\/index.php\/la-sinergia-de-provincia-y-municipio-hicieron-posible-las-obras-educativas-en-girodias\/"]}]},{"@type":"ImageObject","inLanguage":"es","@id":"https:\/\/infoecos.com.ar\/index.php\/la-sinergia-de-provincia-y-municipio-hicieron-posible-las-obras-educativas-en-girodias\/#primaryimage","url":"https:\/\/infoecos.com.ar\/wp-content\/uploads\/2023\/05\/Intendente-Fernandez-en-Girodias.jpg","contentUrl":"https:\/\/infoecos.com.ar\/wp-content\/uploads\/2023\/05\/Intendente-Fernandez-en-Girodias.jpg","width":1600,"height":1069},{"@type":"BreadcrumbList","@id":"https:\/\/infoecos.com.ar\/index.php\/la-sinergia-de-provincia-y-municipio-hicieron-posible-las-obras-educativas-en-girodias\/#breadcrumb","itemListElement":[{"@type":"ListItem","position":1,"name":"Portada","item":"https:\/\/infoecos.com.ar\/"},{"@type":"ListItem","position":2,"name":"La sinergia de provincia y municipio hicieron posible las obras educativas en Girod\u00edas"}]},{"@type":"WebSite","@id":"https:\/\/infoecos.com.ar\/#website","url":"https:\/\/infoecos.com.ar\/","name":"Infoecos","description":"Noticias de trenque lauquen y la zona","publisher":{"@id":"https:\/\/infoecos.com.ar\/#organization"},"alternateName":"Noticias","potentialAction":[{"@type":"SearchAction","target":{"@type":"EntryPoint","urlTemplate":"https:\/\/infoecos.com.ar\/?s={search_term_string}"},"query-input":{"@type":"PropertyValueSpecification","valueRequired":true,"valueName":"search_term_string"}}],"inLanguage":"es"},{"@type":"Organization","@id":"https:\/\/infoecos.com.ar\/#organization","name":"Infoecos","alternateName":"Noticias","url":"https:\/\/infoecos.com.ar\/","logo":{"@type":"ImageObject","inLanguage":"es","@id":"https:\/\/infoecos.com.ar\/#\/schema\/logo\/image\/","url":"https:\/\/infoecos.com.ar\/wp-content\/uploads\/2024\/03\/cropped-logo.png","contentUrl":"https:\/\/infoecos.com.ar\/wp-content\/uploads\/2024\/03\/cropped-logo.png","width":374,"height":90,"caption":"Infoecos"},"image":{"@id":"https:\/\/infoecos.com.ar\/#\/schema\/logo\/image\/"},"sameAs":["https:\/\/www.facebook.com\/profile.php?id=100063200290284","https:\/\/x.com\/infoecos"]},{"@type":"Person","@id":"https:\/\/infoecos.com.ar\/#\/schema\/person\/8f5ace5ce73b4b4aac4b7245aee6f191","name":"Jorge Matheus","url":"https:\/\/infoecos.com.ar\/index.php\/author\/jomatheus\/"}]}},"featured_image_urls":{"full":["https:\/\/infoecos.com.ar\/wp-content\/uploads\/2023\/05\/Intendente-Fernandez-en-Girodias.jpg",1600,1069,false],"thumbnail":["https:\/\/infoecos.com.ar\/wp-content\/uploads\/2023\/05\/Intendente-Fernandez-en-Girodias-300x150.jpg",300,150,true],"medium":["https:\/\/infoecos.com.ar\/wp-content\/uploads\/2023\/05\/Intendente-Fernandez-en-Girodias-800x535.jpg",800,535,true],"medium_large":["https:\/\/infoecos.com.ar\/wp-content\/uploads\/2023\/05\/Intendente-Fernandez-en-Girodias-768x513.jpg",640,428,true],"large":["https:\/\/infoecos.com.ar\/wp-content\/uploads\/2023\/05\/Intendente-Fernandez-en-Girodias.jpg",640,428,false],"1536x1536":["https:\/\/infoecos.com.ar\/wp-content\/uploads\/2023\/05\/Intendente-Fernandez-en-Girodias-1536x1026.jpg",1536,1026,true],"2048x2048":["https:\/\/infoecos.com.ar\/wp-content\/uploads\/2023\/05\/Intendente-Fernandez-en-Girodias.jpg",1600,1069,false],"covernews-slider-full":["https:\/\/infoecos.com.ar\/wp-content\/uploads\/2023\/05\/Intendente-Fernandez-en-Girodias-1536x1020.jpg",1077,715,true],"covernews-slider-center":["https:\/\/infoecos.com.ar\/wp-content\/uploads\/2023\/05\/Intendente-Fernandez-en-Girodias-936x897.jpg",522,500,true],"covernews-featured":["https:\/\/infoecos.com.ar\/wp-content\/uploads\/2023\/05\/Intendente-Fernandez-en-Girodias-1024x684.jpg",1024,684,true],"covernews-medium":["https:\/\/infoecos.com.ar\/wp-content\/uploads\/2023\/05\/Intendente-Fernandez-en-Girodias-720x380.jpg",540,285,true],"covernews-medium-square":["https:\/\/infoecos.com.ar\/wp-content\/uploads\/2023\/05\/Intendente-Fernandez-en-Girodias-675x450.jpg",375,250,true]},"author_info":{"info":["Jorge Matheus"]},"category_info":"<a href=\"https:\/\/infoecos.com.ar\/index.php\/category\/inferior8\/\" rel=\"category tag\">Bloque inferior - 8<\/a>","tag_info":"Bloque inferior - 8","comment_count":"0","_links":{"self":[{"href":"https:\/\/infoecos.com.ar\/index.php\/wp-json\/wp\/v2\/posts\/105431"}],"collection":[{"href":"https:\/\/infoecos.com.ar\/index.php\/wp-json\/wp\/v2\/posts"}],"about":[{"href":"https:\/\/infoecos.com.ar\/index.php\/wp-json\/wp\/v2\/types\/post"}],"author":[{"embeddable":true,"href":"https:\/\/infoecos.com.ar\/index.php\/wp-json\/wp\/v2\/users\/2"}],"replies":[{"embeddable":true,"href":"https:\/\/infoecos.com.ar\/index.php\/wp-json\/wp\/v2\/comments?post=105431"}],"version-history":[{"count":1,"href":"https:\/\/infoecos.com.ar\/index.php\/wp-json\/wp\/v2\/posts\/105431\/revisions"}],"predecessor-version":[{"id":105436,"href":"https:\/\/infoecos.com.ar\/index.php\/wp-json\/wp\/v2\/posts\/105431\/revisions\/105436"}],"wp:featuredmedia":[{"embeddable":true,"href":"https:\/\/infoecos.com.ar\/index.php\/wp-json\/wp\/v2\/media\/105432"}],"wp:attachment":[{"href":"https:\/\/infoecos.com.ar\/index.php\/wp-json\/wp\/v2\/media?parent=105431"}],"wp:term":[{"taxonomy":"category","embeddable":true,"href":"https:\/\/infoecos.com.ar\/index.php\/wp-json\/wp\/v2\/categories?post=105431"},{"taxonomy":"post_tag","embeddable":true,"href":"https:\/\/infoecos.com.ar\/index.php\/wp-json\/wp\/v2\/tags?post=105431"}],"curies":[{"name":"wp","href":"https:\/\/api.w.org\/{rel}","templated":true}]}}