{"id":105459,"date":"2023-05-28T20:43:16","date_gmt":"2023-05-28T23:43:16","guid":{"rendered":"https:\/\/infoecos.com.ar\/?p=105459"},"modified":"2023-05-31T02:35:58","modified_gmt":"2023-05-31T05:35:58","slug":"dos-chicos-de-12-anos-conduciendo-el-auto-de-de-los-papas-salieron-de-bahia-blanca-y-llegaron-a-g-villegas","status":"publish","type":"post","link":"https:\/\/infoecos.com.ar\/index.php\/dos-chicos-de-12-anos-conduciendo-el-auto-de-de-los-papas-salieron-de-bahia-blanca-y-llegaron-a-g-villegas\/","title":{"rendered":"Dos chicos de 12 a\u00f1os conduciendo el auto de los pap\u00e1s, salieron de Bah\u00eda Blanca y llegaron a G.Villegas"},"content":{"rendered":"\n<p>Dos chicos de 12 a\u00f1os de edad huyeron desde Bah\u00eda Blanca, conduciendo el auto del padre de uno de ellos. Viajaron sin inconvenientes hasta General Villegas, se\u00f1alan los sitios de tn.com.ar y labrujula24.com. Transitaron por la Ruta Nacional n\u00famero 33. Es decir: hicieron 450 kil\u00f3metros de la ciudad donde viv\u00edan.<\/p>\n\n\n\n<figure class=\"wp-block-image size-full\"><img loading=\"lazy\" decoding=\"async\" width=\"1200\" height=\"720\" src=\"https:\/\/infoecos.com.ar\/wp-content\/uploads\/2023\/05\/vwbb.jpg\" alt=\"\" class=\"wp-image-105460\" srcset=\"https:\/\/infoecos.com.ar\/wp-content\/uploads\/2023\/05\/vwbb.jpg 1200w, https:\/\/infoecos.com.ar\/wp-content\/uploads\/2023\/05\/vwbb-800x480.jpg 800w, https:\/\/infoecos.com.ar\/wp-content\/uploads\/2023\/05\/vwbb-768x461.jpg 768w, https:\/\/infoecos.com.ar\/wp-content\/uploads\/2023\/05\/vwbb-1024x614.jpg 1024w\" sizes=\"(max-width: 1200px) 100vw, 1200px\" \/><\/figure>\n\n\n\n<p><em><strong>En un trabajo conjunto entre la polic\u00eda de Comisar\u00eda 6ta y sus colegas de General Villegas, se logr\u00f3 ubicar a los menores, que se dirig\u00edan esa ciudad a visitar a una amiga, pero que el plan era llegar a Rosario, donde vive la madre de uno de ellos<\/strong><\/em>, se\u00f1ala la informaci\u00f3n de los colegas.<\/p>\n\n\n\n<p><strong><mark style=\"background-color:rgba(0, 0, 0, 0)\" class=\"has-inline-color has-vivid-red-color\">Adem\u00e1s, se conoci\u00f3 que en la ruta levantaron a una persona que estaba haciendo dedo y que les dio dinero para cargar nafta.<\/mark><\/strong><\/p>\n\n\n\n<p>Un mensaje de WhatsApp que enviaron a un amigo fue la clave para encontrarlos, pero  &#8211; se insiste &#8211;  recorrieron todo el trayecto sin llamar la atenci\u00f3n de ninguna autoridad.<\/p>\n","protected":false},"excerpt":{"rendered":"<p>Viajaron sin inconvenientes hasta General Villegas, se\u00f1alan los sitios de tn.com.ar y labrujula24.com. Transitaron por la Ruta Nacional n\u00famero 33. Es decir: hicieron 450 kil\u00f3metros de la ciudad donde viv\u00edan<\/p>\n","protected":false},"author":2,"featured_media":105460,"comment_status":"closed","ping_status":"open","sticky":false,"template":"","format":"standard","meta":{"footnotes":""},"categories":[43],"tags":[5654],"class_list":["post-105459","post","type-post","status-publish","format-standard","has-post-thumbnail","hentry","category-inferior4","tag-cuesta-creerlo"],"yoast_head":"<!-- This site is optimized with the Yoast SEO plugin v23.4 - https:\/\/yoast.com\/wordpress\/plugins\/seo\/ -->\n<title>Dos chicos de 12 a\u00f1os conduciendo el auto de los pap\u00e1s, salieron de Bah\u00eda Blanca y llegaron a G.Villegas - Infoecos<\/title>\n<meta name=\"robots\" content=\"index, follow, max-snippet:-1, max-image-preview:large, max-video-preview:-1\" \/>\n<link rel=\"canonical\" href=\"https:\/\/infoecos.com.ar\/index.php\/dos-chicos-de-12-anos-conduciendo-el-auto-de-de-los-papas-salieron-de-bahia-blanca-y-llegaron-a-g-villegas\/\" \/>\n<meta property=\"og:locale\" content=\"es_ES\" \/>\n<meta property=\"og:type\" content=\"article\" \/>\n<meta property=\"og:title\" content=\"Dos chicos de 12 a\u00f1os conduciendo el auto de los pap\u00e1s, salieron de Bah\u00eda Blanca y llegaron a G.Villegas - Infoecos\" \/>\n<meta property=\"og:description\" content=\"Viajaron sin inconvenientes hasta General Villegas, se\u00f1alan los sitios de tn.com.ar y labrujula24.com. Transitaron por la Ruta Nacional n\u00famero 33. Es decir: hicieron 450 kil\u00f3metros de la ciudad donde viv\u00edan\" \/>\n<meta property=\"og:url\" content=\"https:\/\/infoecos.com.ar\/index.php\/dos-chicos-de-12-anos-conduciendo-el-auto-de-de-los-papas-salieron-de-bahia-blanca-y-llegaron-a-g-villegas\/\" \/>\n<meta property=\"og:site_name\" content=\"Infoecos\" \/>\n<meta property=\"article:publisher\" content=\"https:\/\/www.facebook.com\/profile.php?id=100063200290284\" \/>\n<meta property=\"article:published_time\" content=\"2023-05-28T23:43:16+00:00\" \/>\n<meta property=\"article:modified_time\" content=\"2023-05-31T05:35:58+00:00\" \/>\n<meta property=\"og:image\" content=\"https:\/\/infoecos.com.ar\/wp-content\/uploads\/2023\/05\/vwbb.jpg\" \/>\n\t<meta property=\"og:image:width\" content=\"1200\" \/>\n\t<meta property=\"og:image:height\" content=\"720\" \/>\n\t<meta property=\"og:image:type\" content=\"image\/jpeg\" \/>\n<meta name=\"author\" content=\"Jorge Matheus\" \/>\n<meta name=\"twitter:card\" content=\"summary_large_image\" \/>\n<meta name=\"twitter:creator\" content=\"@infoecos\" \/>\n<meta name=\"twitter:site\" content=\"@infoecos\" \/>\n<meta name=\"twitter:label1\" content=\"Escrito por\" \/>\n\t<meta name=\"twitter:data1\" content=\"Jorge Matheus\" \/>\n\t<meta name=\"twitter:label2\" content=\"Tiempo de lectura\" \/>\n\t<meta name=\"twitter:data2\" content=\"1 minuto\" \/>\n<script type=\"application\/ld+json\" class=\"yoast-schema-graph\">{\"@context\":\"https:\/\/schema.org\",\"@graph\":[{\"@type\":\"Article\",\"@id\":\"https:\/\/infoecos.com.ar\/index.php\/dos-chicos-de-12-anos-conduciendo-el-auto-de-de-los-papas-salieron-de-bahia-blanca-y-llegaron-a-g-villegas\/#article\",\"isPartOf\":{\"@id\":\"https:\/\/infoecos.com.ar\/index.php\/dos-chicos-de-12-anos-conduciendo-el-auto-de-de-los-papas-salieron-de-bahia-blanca-y-llegaron-a-g-villegas\/\"},\"author\":{\"name\":\"Jorge Matheus\",\"@id\":\"https:\/\/infoecos.com.ar\/#\/schema\/person\/8f5ace5ce73b4b4aac4b7245aee6f191\"},\"headline\":\"Dos chicos de 12 a\u00f1os conduciendo el auto de los pap\u00e1s, salieron de Bah\u00eda Blanca y llegaron a G.Villegas\",\"datePublished\":\"2023-05-28T23:43:16+00:00\",\"dateModified\":\"2023-05-31T05:35:58+00:00\",\"mainEntityOfPage\":{\"@id\":\"https:\/\/infoecos.com.ar\/index.php\/dos-chicos-de-12-anos-conduciendo-el-auto-de-de-los-papas-salieron-de-bahia-blanca-y-llegaron-a-g-villegas\/\"},\"wordCount\":192,\"publisher\":{\"@id\":\"https:\/\/infoecos.com.ar\/#organization\"},\"image\":{\"@id\":\"https:\/\/infoecos.com.ar\/index.php\/dos-chicos-de-12-anos-conduciendo-el-auto-de-de-los-papas-salieron-de-bahia-blanca-y-llegaron-a-g-villegas\/#primaryimage\"},\"thumbnailUrl\":\"https:\/\/infoecos.com.ar\/wp-content\/uploads\/2023\/05\/vwbb.jpg\",\"keywords\":[\"cuesta creerlo\"],\"articleSection\":[\"Bloque inferior - 4\"],\"inLanguage\":\"es\"},{\"@type\":\"WebPage\",\"@id\":\"https:\/\/infoecos.com.ar\/index.php\/dos-chicos-de-12-anos-conduciendo-el-auto-de-de-los-papas-salieron-de-bahia-blanca-y-llegaron-a-g-villegas\/\",\"url\":\"https:\/\/infoecos.com.ar\/index.php\/dos-chicos-de-12-anos-conduciendo-el-auto-de-de-los-papas-salieron-de-bahia-blanca-y-llegaron-a-g-villegas\/\",\"name\":\"Dos chicos de 12 a\u00f1os conduciendo el auto de los pap\u00e1s, salieron de Bah\u00eda Blanca y llegaron a G.Villegas - Infoecos\",\"isPartOf\":{\"@id\":\"https:\/\/infoecos.com.ar\/#website\"},\"primaryImageOfPage\":{\"@id\":\"https:\/\/infoecos.com.ar\/index.php\/dos-chicos-de-12-anos-conduciendo-el-auto-de-de-los-papas-salieron-de-bahia-blanca-y-llegaron-a-g-villegas\/#primaryimage\"},\"image\":{\"@id\":\"https:\/\/infoecos.com.ar\/index.php\/dos-chicos-de-12-anos-conduciendo-el-auto-de-de-los-papas-salieron-de-bahia-blanca-y-llegaron-a-g-villegas\/#primaryimage\"},\"thumbnailUrl\":\"https:\/\/infoecos.com.ar\/wp-content\/uploads\/2023\/05\/vwbb.jpg\",\"datePublished\":\"2023-05-28T23:43:16+00:00\",\"dateModified\":\"2023-05-31T05:35:58+00:00\",\"breadcrumb\":{\"@id\":\"https:\/\/infoecos.com.ar\/index.php\/dos-chicos-de-12-anos-conduciendo-el-auto-de-de-los-papas-salieron-de-bahia-blanca-y-llegaron-a-g-villegas\/#breadcrumb\"},\"inLanguage\":\"es\",\"potentialAction\":[{\"@type\":\"ReadAction\",\"target\":[\"https:\/\/infoecos.com.ar\/index.php\/dos-chicos-de-12-anos-conduciendo-el-auto-de-de-los-papas-salieron-de-bahia-blanca-y-llegaron-a-g-villegas\/\"]}]},{\"@type\":\"ImageObject\",\"inLanguage\":\"es\",\"@id\":\"https:\/\/infoecos.com.ar\/index.php\/dos-chicos-de-12-anos-conduciendo-el-auto-de-de-los-papas-salieron-de-bahia-blanca-y-llegaron-a-g-villegas\/#primaryimage\",\"url\":\"https:\/\/infoecos.com.ar\/wp-content\/uploads\/2023\/05\/vwbb.jpg\",\"contentUrl\":\"https:\/\/infoecos.com.ar\/wp-content\/uploads\/2023\/05\/vwbb.jpg\",\"width\":1200,\"height\":720},{\"@type\":\"BreadcrumbList\",\"@id\":\"https:\/\/infoecos.com.ar\/index.php\/dos-chicos-de-12-anos-conduciendo-el-auto-de-de-los-papas-salieron-de-bahia-blanca-y-llegaron-a-g-villegas\/#breadcrumb\",\"itemListElement\":[{\"@type\":\"ListItem\",\"position\":1,\"name\":\"Portada\",\"item\":\"https:\/\/infoecos.com.ar\/\"},{\"@type\":\"ListItem\",\"position\":2,\"name\":\"Dos chicos de 12 a\u00f1os conduciendo el auto de los pap\u00e1s, salieron de Bah\u00eda Blanca y llegaron a G.Villegas\"}]},{\"@type\":\"WebSite\",\"@id\":\"https:\/\/infoecos.com.ar\/#website\",\"url\":\"https:\/\/infoecos.com.ar\/\",\"name\":\"Infoecos\",\"description\":\"Noticias de trenque lauquen y la zona\",\"publisher\":{\"@id\":\"https:\/\/infoecos.com.ar\/#organization\"},\"alternateName\":\"Noticias\",\"potentialAction\":[{\"@type\":\"SearchAction\",\"target\":{\"@type\":\"EntryPoint\",\"urlTemplate\":\"https:\/\/infoecos.com.ar\/?s={search_term_string}\"},\"query-input\":{\"@type\":\"PropertyValueSpecification\",\"valueRequired\":true,\"valueName\":\"search_term_string\"}}],\"inLanguage\":\"es\"},{\"@type\":\"Organization\",\"@id\":\"https:\/\/infoecos.com.ar\/#organization\",\"name\":\"Infoecos\",\"alternateName\":\"Noticias\",\"url\":\"https:\/\/infoecos.com.ar\/\",\"logo\":{\"@type\":\"ImageObject\",\"inLanguage\":\"es\",\"@id\":\"https:\/\/infoecos.com.ar\/#\/schema\/logo\/image\/\",\"url\":\"https:\/\/infoecos.com.ar\/wp-content\/uploads\/2024\/03\/cropped-logo.png\",\"contentUrl\":\"https:\/\/infoecos.com.ar\/wp-content\/uploads\/2024\/03\/cropped-logo.png\",\"width\":374,\"height\":90,\"caption\":\"Infoecos\"},\"image\":{\"@id\":\"https:\/\/infoecos.com.ar\/#\/schema\/logo\/image\/\"},\"sameAs\":[\"https:\/\/www.facebook.com\/profile.php?id=100063200290284\",\"https:\/\/x.com\/infoecos\"]},{\"@type\":\"Person\",\"@id\":\"https:\/\/infoecos.com.ar\/#\/schema\/person\/8f5ace5ce73b4b4aac4b7245aee6f191\",\"name\":\"Jorge Matheus\",\"url\":\"https:\/\/infoecos.com.ar\/index.php\/author\/jomatheus\/\"}]}<\/script>\n<!-- \/ Yoast SEO plugin. -->","yoast_head_json":{"title":"Dos chicos de 12 a\u00f1os conduciendo el auto de los pap\u00e1s, salieron de Bah\u00eda Blanca y llegaron a G.Villegas - Infoecos","robots":{"index":"index","follow":"follow","max-snippet":"max-snippet:-1","max-image-preview":"max-image-preview:large","max-video-preview":"max-video-preview:-1"},"canonical":"https:\/\/infoecos.com.ar\/index.php\/dos-chicos-de-12-anos-conduciendo-el-auto-de-de-los-papas-salieron-de-bahia-blanca-y-llegaron-a-g-villegas\/","og_locale":"es_ES","og_type":"article","og_title":"Dos chicos de 12 a\u00f1os conduciendo el auto de los pap\u00e1s, salieron de Bah\u00eda Blanca y llegaron a G.Villegas - Infoecos","og_description":"Viajaron sin inconvenientes hasta General Villegas, se\u00f1alan los sitios de tn.com.ar y labrujula24.com. Transitaron por la Ruta Nacional n\u00famero 33. Es decir: hicieron 450 kil\u00f3metros de la ciudad donde viv\u00edan","og_url":"https:\/\/infoecos.com.ar\/index.php\/dos-chicos-de-12-anos-conduciendo-el-auto-de-de-los-papas-salieron-de-bahia-blanca-y-llegaron-a-g-villegas\/","og_site_name":"Infoecos","article_publisher":"https:\/\/www.facebook.com\/profile.php?id=100063200290284","article_published_time":"2023-05-28T23:43:16+00:00","article_modified_time":"2023-05-31T05:35:58+00:00","og_image":[{"width":1200,"height":720,"url":"https:\/\/infoecos.com.ar\/wp-content\/uploads\/2023\/05\/vwbb.jpg","type":"image\/jpeg"}],"author":"Jorge Matheus","twitter_card":"summary_large_image","twitter_creator":"@infoecos","twitter_site":"@infoecos","twitter_misc":{"Escrito por":"Jorge Matheus","Tiempo de lectura":"1 minuto"},"schema":{"@context":"https:\/\/schema.org","@graph":[{"@type":"Article","@id":"https:\/\/infoecos.com.ar\/index.php\/dos-chicos-de-12-anos-conduciendo-el-auto-de-de-los-papas-salieron-de-bahia-blanca-y-llegaron-a-g-villegas\/#article","isPartOf":{"@id":"https:\/\/infoecos.com.ar\/index.php\/dos-chicos-de-12-anos-conduciendo-el-auto-de-de-los-papas-salieron-de-bahia-blanca-y-llegaron-a-g-villegas\/"},"author":{"name":"Jorge Matheus","@id":"https:\/\/infoecos.com.ar\/#\/schema\/person\/8f5ace5ce73b4b4aac4b7245aee6f191"},"headline":"Dos chicos de 12 a\u00f1os conduciendo el auto de los pap\u00e1s, salieron de Bah\u00eda Blanca y llegaron a G.Villegas","datePublished":"2023-05-28T23:43:16+00:00","dateModified":"2023-05-31T05:35:58+00:00","mainEntityOfPage":{"@id":"https:\/\/infoecos.com.ar\/index.php\/dos-chicos-de-12-anos-conduciendo-el-auto-de-de-los-papas-salieron-de-bahia-blanca-y-llegaron-a-g-villegas\/"},"wordCount":192,"publisher":{"@id":"https:\/\/infoecos.com.ar\/#organization"},"image":{"@id":"https:\/\/infoecos.com.ar\/index.php\/dos-chicos-de-12-anos-conduciendo-el-auto-de-de-los-papas-salieron-de-bahia-blanca-y-llegaron-a-g-villegas\/#primaryimage"},"thumbnailUrl":"https:\/\/infoecos.com.ar\/wp-content\/uploads\/2023\/05\/vwbb.jpg","keywords":["cuesta creerlo"],"articleSection":["Bloque inferior - 4"],"inLanguage":"es"},{"@type":"WebPage","@id":"https:\/\/infoecos.com.ar\/index.php\/dos-chicos-de-12-anos-conduciendo-el-auto-de-de-los-papas-salieron-de-bahia-blanca-y-llegaron-a-g-villegas\/","url":"https:\/\/infoecos.com.ar\/index.php\/dos-chicos-de-12-anos-conduciendo-el-auto-de-de-los-papas-salieron-de-bahia-blanca-y-llegaron-a-g-villegas\/","name":"Dos chicos de 12 a\u00f1os conduciendo el auto de los pap\u00e1s, salieron de Bah\u00eda Blanca y llegaron a G.Villegas - Infoecos","isPartOf":{"@id":"https:\/\/infoecos.com.ar\/#website"},"primaryImageOfPage":{"@id":"https:\/\/infoecos.com.ar\/index.php\/dos-chicos-de-12-anos-conduciendo-el-auto-de-de-los-papas-salieron-de-bahia-blanca-y-llegaron-a-g-villegas\/#primaryimage"},"image":{"@id":"https:\/\/infoecos.com.ar\/index.php\/dos-chicos-de-12-anos-conduciendo-el-auto-de-de-los-papas-salieron-de-bahia-blanca-y-llegaron-a-g-villegas\/#primaryimage"},"thumbnailUrl":"https:\/\/infoecos.com.ar\/wp-content\/uploads\/2023\/05\/vwbb.jpg","datePublished":"2023-05-28T23:43:16+00:00","dateModified":"2023-05-31T05:35:58+00:00","breadcrumb":{"@id":"https:\/\/infoecos.com.ar\/index.php\/dos-chicos-de-12-anos-conduciendo-el-auto-de-de-los-papas-salieron-de-bahia-blanca-y-llegaron-a-g-villegas\/#breadcrumb"},"inLanguage":"es","potentialAction":[{"@type":"ReadAction","target":["https:\/\/infoecos.com.ar\/index.php\/dos-chicos-de-12-anos-conduciendo-el-auto-de-de-los-papas-salieron-de-bahia-blanca-y-llegaron-a-g-villegas\/"]}]},{"@type":"ImageObject","inLanguage":"es","@id":"https:\/\/infoecos.com.ar\/index.php\/dos-chicos-de-12-anos-conduciendo-el-auto-de-de-los-papas-salieron-de-bahia-blanca-y-llegaron-a-g-villegas\/#primaryimage","url":"https:\/\/infoecos.com.ar\/wp-content\/uploads\/2023\/05\/vwbb.jpg","contentUrl":"https:\/\/infoecos.com.ar\/wp-content\/uploads\/2023\/05\/vwbb.jpg","width":1200,"height":720},{"@type":"BreadcrumbList","@id":"https:\/\/infoecos.com.ar\/index.php\/dos-chicos-de-12-anos-conduciendo-el-auto-de-de-los-papas-salieron-de-bahia-blanca-y-llegaron-a-g-villegas\/#breadcrumb","itemListElement":[{"@type":"ListItem","position":1,"name":"Portada","item":"https:\/\/infoecos.com.ar\/"},{"@type":"ListItem","position":2,"name":"Dos chicos de 12 a\u00f1os conduciendo el auto de los pap\u00e1s, salieron de Bah\u00eda Blanca y llegaron a G.Villegas"}]},{"@type":"WebSite","@id":"https:\/\/infoecos.com.ar\/#website","url":"https:\/\/infoecos.com.ar\/","name":"Infoecos","description":"Noticias de trenque lauquen y la zona","publisher":{"@id":"https:\/\/infoecos.com.ar\/#organization"},"alternateName":"Noticias","potentialAction":[{"@type":"SearchAction","target":{"@type":"EntryPoint","urlTemplate":"https:\/\/infoecos.com.ar\/?s={search_term_string}"},"query-input":{"@type":"PropertyValueSpecification","valueRequired":true,"valueName":"search_term_string"}}],"inLanguage":"es"},{"@type":"Organization","@id":"https:\/\/infoecos.com.ar\/#organization","name":"Infoecos","alternateName":"Noticias","url":"https:\/\/infoecos.com.ar\/","logo":{"@type":"ImageObject","inLanguage":"es","@id":"https:\/\/infoecos.com.ar\/#\/schema\/logo\/image\/","url":"https:\/\/infoecos.com.ar\/wp-content\/uploads\/2024\/03\/cropped-logo.png","contentUrl":"https:\/\/infoecos.com.ar\/wp-content\/uploads\/2024\/03\/cropped-logo.png","width":374,"height":90,"caption":"Infoecos"},"image":{"@id":"https:\/\/infoecos.com.ar\/#\/schema\/logo\/image\/"},"sameAs":["https:\/\/www.facebook.com\/profile.php?id=100063200290284","https:\/\/x.com\/infoecos"]},{"@type":"Person","@id":"https:\/\/infoecos.com.ar\/#\/schema\/person\/8f5ace5ce73b4b4aac4b7245aee6f191","name":"Jorge Matheus","url":"https:\/\/infoecos.com.ar\/index.php\/author\/jomatheus\/"}]}},"featured_image_urls":{"full":["https:\/\/infoecos.com.ar\/wp-content\/uploads\/2023\/05\/vwbb.jpg",1200,720,false],"thumbnail":["https:\/\/infoecos.com.ar\/wp-content\/uploads\/2023\/05\/vwbb-300x150.jpg",300,150,true],"medium":["https:\/\/infoecos.com.ar\/wp-content\/uploads\/2023\/05\/vwbb-800x480.jpg",800,480,true],"medium_large":["https:\/\/infoecos.com.ar\/wp-content\/uploads\/2023\/05\/vwbb-768x461.jpg",640,384,true],"large":["https:\/\/infoecos.com.ar\/wp-content\/uploads\/2023\/05\/vwbb.jpg",640,384,false],"1536x1536":["https:\/\/infoecos.com.ar\/wp-content\/uploads\/2023\/05\/vwbb.jpg",1200,720,false],"2048x2048":["https:\/\/infoecos.com.ar\/wp-content\/uploads\/2023\/05\/vwbb.jpg",1200,720,false],"covernews-slider-full":["https:\/\/infoecos.com.ar\/wp-content\/uploads\/2023\/05\/vwbb.jpg",1115,669,false],"covernews-slider-center":["https:\/\/infoecos.com.ar\/wp-content\/uploads\/2023\/05\/vwbb-936x720.jpg",650,500,true],"covernews-featured":["https:\/\/infoecos.com.ar\/wp-content\/uploads\/2023\/05\/vwbb-1024x614.jpg",1024,614,true],"covernews-medium":["https:\/\/infoecos.com.ar\/wp-content\/uploads\/2023\/05\/vwbb-720x380.jpg",540,285,true],"covernews-medium-square":["https:\/\/infoecos.com.ar\/wp-content\/uploads\/2023\/05\/vwbb-675x450.jpg",375,250,true]},"author_info":{"info":["Jorge Matheus"]},"category_info":"<a href=\"https:\/\/infoecos.com.ar\/index.php\/category\/inferior4\/\" rel=\"category tag\">Bloque inferior - 4<\/a>","tag_info":"Bloque inferior - 4","comment_count":"0","_links":{"self":[{"href":"https:\/\/infoecos.com.ar\/index.php\/wp-json\/wp\/v2\/posts\/105459"}],"collection":[{"href":"https:\/\/infoecos.com.ar\/index.php\/wp-json\/wp\/v2\/posts"}],"about":[{"href":"https:\/\/infoecos.com.ar\/index.php\/wp-json\/wp\/v2\/types\/post"}],"author":[{"embeddable":true,"href":"https:\/\/infoecos.com.ar\/index.php\/wp-json\/wp\/v2\/users\/2"}],"replies":[{"embeddable":true,"href":"https:\/\/infoecos.com.ar\/index.php\/wp-json\/wp\/v2\/comments?post=105459"}],"version-history":[{"count":2,"href":"https:\/\/infoecos.com.ar\/index.php\/wp-json\/wp\/v2\/posts\/105459\/revisions"}],"predecessor-version":[{"id":105479,"href":"https:\/\/infoecos.com.ar\/index.php\/wp-json\/wp\/v2\/posts\/105459\/revisions\/105479"}],"wp:featuredmedia":[{"embeddable":true,"href":"https:\/\/infoecos.com.ar\/index.php\/wp-json\/wp\/v2\/media\/105460"}],"wp:attachment":[{"href":"https:\/\/infoecos.com.ar\/index.php\/wp-json\/wp\/v2\/media?parent=105459"}],"wp:term":[{"taxonomy":"category","embeddable":true,"href":"https:\/\/infoecos.com.ar\/index.php\/wp-json\/wp\/v2\/categories?post=105459"},{"taxonomy":"post_tag","embeddable":true,"href":"https:\/\/infoecos.com.ar\/index.php\/wp-json\/wp\/v2\/tags?post=105459"}],"curies":[{"name":"wp","href":"https:\/\/api.w.org\/{rel}","templated":true}]}}