{"id":105465,"date":"2023-05-28T21:19:33","date_gmt":"2023-05-29T00:19:33","guid":{"rendered":"https:\/\/infoecos.com.ar\/?p=105465"},"modified":"2023-05-31T02:34:32","modified_gmt":"2023-05-31T05:34:32","slug":"murio-un-conocido-joven-de-trenque-lauquen-en-otro-grave-accidente-este-fin-de-semana","status":"publish","type":"post","link":"https:\/\/infoecos.com.ar\/index.php\/murio-un-conocido-joven-de-trenque-lauquen-en-otro-grave-accidente-este-fin-de-semana\/","title":{"rendered":"Muri\u00f3 un conocido joven de Trenque Lauquen en otro grave accidente, este fin de semana"},"content":{"rendered":"\n<p>Un accidente m\u00faltiple, con un joven de 22 a\u00f1os muerto, se produjo en la ma\u00f1ana de este domingo en la Ruta Nacional n\u00famero 5.<\/p>\n\n\n\n<figure class=\"wp-block-image size-full\"><img loading=\"lazy\" decoding=\"async\" width=\"1600\" height=\"720\" src=\"https:\/\/infoecos.com.ar\/wp-content\/uploads\/2023\/05\/accident459.jpg\" alt=\"\" class=\"wp-image-105466\" srcset=\"https:\/\/infoecos.com.ar\/wp-content\/uploads\/2023\/05\/accident459.jpg 1600w, https:\/\/infoecos.com.ar\/wp-content\/uploads\/2023\/05\/accident459-800x360.jpg 800w, https:\/\/infoecos.com.ar\/wp-content\/uploads\/2023\/05\/accident459-768x346.jpg 768w, https:\/\/infoecos.com.ar\/wp-content\/uploads\/2023\/05\/accident459-1536x691.jpg 1536w, https:\/\/infoecos.com.ar\/wp-content\/uploads\/2023\/05\/accident459-1024x461.jpg 1024w\" sizes=\"(max-width: 1600px) 100vw, 1600px\" \/><\/figure>\n\n\n\n<p>El lamentable suceso que provoc\u00f3 enorme dolor en la comunidad, teniendo en cuenta que el d\u00eda anterior se hab\u00eda producido uno similar, siendo protagonistas el conductor de una motocicleta y una camioneta SUV, se produjo a la altura del kil\u00f3metro 459, bajada La Zanja. Estuvieron involucrados un cami\u00f3n Mercedes Benz modelo 1735 con batea, conducido por Carlos Enrique Romero de 59 a\u00f1os, una pick up Toyota Hiluz conducida por Sergio Rub\u00e9n Ponti de 63 a\u00f1os y un auto marca Volkswagen Bora, guiado este por Jer\u00f3nimo Sequeiros de 22 acompa\u00f1ado por Francisca Orellana de 21.  <\/p>\n\n\n\n<figure class=\"wp-block-image size-full\"><img loading=\"lazy\" decoding=\"async\" width=\"1600\" height=\"720\" src=\"https:\/\/infoecos.com.ar\/wp-content\/uploads\/2023\/05\/accidente4591.jpg\" alt=\"\" class=\"wp-image-105467\" srcset=\"https:\/\/infoecos.com.ar\/wp-content\/uploads\/2023\/05\/accidente4591.jpg 1600w, https:\/\/infoecos.com.ar\/wp-content\/uploads\/2023\/05\/accidente4591-800x360.jpg 800w, https:\/\/infoecos.com.ar\/wp-content\/uploads\/2023\/05\/accidente4591-768x346.jpg 768w, https:\/\/infoecos.com.ar\/wp-content\/uploads\/2023\/05\/accidente4591-1536x691.jpg 1536w, https:\/\/infoecos.com.ar\/wp-content\/uploads\/2023\/05\/accidente4591-1024x461.jpg 1024w\" sizes=\"(max-width: 1600px) 100vw, 1600px\" \/><\/figure>\n\n\n\n<p>En la informaci\u00f3n policial se da cuenta que que por alguna raz\u00f3n la Toyota sube a la ruta desde un camino de tierra, sin advertir el tr\u00e1nsito que se acercaba. Esta situaci\u00f3n provoc\u00f3 una maniobra de esquive por parte  del conductor del Bora, y posterior colisi\u00f3n frontal de este con el cami\u00f3n mencionado. Los ocupantes del auto resultaron con lesiones de consideraci\u00f3n, siendo trasladados al Hospital de Trenque Lauquen. <\/p>\n\n\n\n<figure class=\"wp-block-gallery has-nested-images columns-default is-cropped wp-block-gallery-1 is-layout-flex wp-block-gallery-is-layout-flex\">\n<figure class=\"wp-block-image size-large\"><img loading=\"lazy\" decoding=\"async\" width=\"1600\" height=\"1200\" data-id=\"105473\" src=\"https:\/\/infoecos.com.ar\/wp-content\/uploads\/2023\/05\/349376034_217850424366439_2641093571307061055_n-1600x1200.jpg\" alt=\"\" class=\"wp-image-105473\" srcset=\"https:\/\/infoecos.com.ar\/wp-content\/uploads\/2023\/05\/349376034_217850424366439_2641093571307061055_n-1600x1200.jpg 1600w, https:\/\/infoecos.com.ar\/wp-content\/uploads\/2023\/05\/349376034_217850424366439_2641093571307061055_n-800x600.jpg 800w, https:\/\/infoecos.com.ar\/wp-content\/uploads\/2023\/05\/349376034_217850424366439_2641093571307061055_n-768x576.jpg 768w, https:\/\/infoecos.com.ar\/wp-content\/uploads\/2023\/05\/349376034_217850424366439_2641093571307061055_n-1536x1152.jpg 1536w, https:\/\/infoecos.com.ar\/wp-content\/uploads\/2023\/05\/349376034_217850424366439_2641093571307061055_n-1024x768.jpg 1024w, https:\/\/infoecos.com.ar\/wp-content\/uploads\/2023\/05\/349376034_217850424366439_2641093571307061055_n.jpg 2048w\" sizes=\"(max-width: 1600px) 100vw, 1600px\" \/><figcaption class=\"wp-element-caption\">Accidente km 459<\/figcaption><\/figure>\n\n\n\n<figure class=\"wp-block-image size-large\"><img loading=\"lazy\" decoding=\"async\" width=\"1200\" height=\"1600\" data-id=\"105468\" src=\"https:\/\/infoecos.com.ar\/wp-content\/uploads\/2023\/05\/349494869_199510302556457_8958989105846193244_n.jpg\" alt=\"\" class=\"wp-image-105468\" srcset=\"https:\/\/infoecos.com.ar\/wp-content\/uploads\/2023\/05\/349494869_199510302556457_8958989105846193244_n.jpg 1200w, https:\/\/infoecos.com.ar\/wp-content\/uploads\/2023\/05\/349494869_199510302556457_8958989105846193244_n-600x800.jpg 600w, https:\/\/infoecos.com.ar\/wp-content\/uploads\/2023\/05\/349494869_199510302556457_8958989105846193244_n-768x1024.jpg 768w, https:\/\/infoecos.com.ar\/wp-content\/uploads\/2023\/05\/349494869_199510302556457_8958989105846193244_n-1152x1536.jpg 1152w, https:\/\/infoecos.com.ar\/wp-content\/uploads\/2023\/05\/349494869_199510302556457_8958989105846193244_n-1024x1365.jpg 1024w\" sizes=\"(max-width: 1200px) 100vw, 1200px\" \/><figcaption class=\"wp-element-caption\">Accidente km 459<\/figcaption><\/figure>\n\n\n\n<figure class=\"wp-block-image size-large\"><img loading=\"lazy\" decoding=\"async\" width=\"1600\" height=\"1200\" data-id=\"105471\" src=\"https:\/\/infoecos.com.ar\/wp-content\/uploads\/2023\/05\/349498630_215665697993776_9189196556838556066_n-1600x1200.jpg\" alt=\"\" class=\"wp-image-105471\" srcset=\"https:\/\/infoecos.com.ar\/wp-content\/uploads\/2023\/05\/349498630_215665697993776_9189196556838556066_n-1600x1200.jpg 1600w, https:\/\/infoecos.com.ar\/wp-content\/uploads\/2023\/05\/349498630_215665697993776_9189196556838556066_n-800x600.jpg 800w, https:\/\/infoecos.com.ar\/wp-content\/uploads\/2023\/05\/349498630_215665697993776_9189196556838556066_n-768x576.jpg 768w, https:\/\/infoecos.com.ar\/wp-content\/uploads\/2023\/05\/349498630_215665697993776_9189196556838556066_n-1536x1152.jpg 1536w, https:\/\/infoecos.com.ar\/wp-content\/uploads\/2023\/05\/349498630_215665697993776_9189196556838556066_n-1024x768.jpg 1024w, https:\/\/infoecos.com.ar\/wp-content\/uploads\/2023\/05\/349498630_215665697993776_9189196556838556066_n.jpg 2048w\" sizes=\"(max-width: 1600px) 100vw, 1600px\" \/><figcaption class=\"wp-element-caption\">Accidente km 459<\/figcaption><\/figure>\n\n\n\n<figure class=\"wp-block-image size-large\"><img loading=\"lazy\" decoding=\"async\" width=\"1200\" height=\"1600\" data-id=\"105469\" src=\"https:\/\/infoecos.com.ar\/wp-content\/uploads\/2023\/05\/349516332_2103997559804451_4821421305246875296_n.jpg\" alt=\"\" class=\"wp-image-105469\" srcset=\"https:\/\/infoecos.com.ar\/wp-content\/uploads\/2023\/05\/349516332_2103997559804451_4821421305246875296_n.jpg 1200w, https:\/\/infoecos.com.ar\/wp-content\/uploads\/2023\/05\/349516332_2103997559804451_4821421305246875296_n-600x800.jpg 600w, https:\/\/infoecos.com.ar\/wp-content\/uploads\/2023\/05\/349516332_2103997559804451_4821421305246875296_n-768x1024.jpg 768w, https:\/\/infoecos.com.ar\/wp-content\/uploads\/2023\/05\/349516332_2103997559804451_4821421305246875296_n-1152x1536.jpg 1152w, https:\/\/infoecos.com.ar\/wp-content\/uploads\/2023\/05\/349516332_2103997559804451_4821421305246875296_n-1024x1365.jpg 1024w\" sizes=\"(max-width: 1200px) 100vw, 1200px\" \/><figcaption class=\"wp-element-caption\">Accidente km 459<\/figcaption><\/figure>\n\n\n\n<figure class=\"wp-block-image size-large\"><img loading=\"lazy\" decoding=\"async\" width=\"1600\" height=\"1200\" data-id=\"105474\" src=\"https:\/\/infoecos.com.ar\/wp-content\/uploads\/2023\/05\/349803029_745552900593110_7753461906768275213_n-1600x1200.jpg\" alt=\"\" class=\"wp-image-105474\" srcset=\"https:\/\/infoecos.com.ar\/wp-content\/uploads\/2023\/05\/349803029_745552900593110_7753461906768275213_n-1600x1200.jpg 1600w, https:\/\/infoecos.com.ar\/wp-content\/uploads\/2023\/05\/349803029_745552900593110_7753461906768275213_n-800x600.jpg 800w, https:\/\/infoecos.com.ar\/wp-content\/uploads\/2023\/05\/349803029_745552900593110_7753461906768275213_n-768x576.jpg 768w, https:\/\/infoecos.com.ar\/wp-content\/uploads\/2023\/05\/349803029_745552900593110_7753461906768275213_n-1536x1152.jpg 1536w, https:\/\/infoecos.com.ar\/wp-content\/uploads\/2023\/05\/349803029_745552900593110_7753461906768275213_n-1024x768.jpg 1024w, https:\/\/infoecos.com.ar\/wp-content\/uploads\/2023\/05\/349803029_745552900593110_7753461906768275213_n.jpg 2048w\" sizes=\"(max-width: 1600px) 100vw, 1600px\" \/><figcaption class=\"wp-element-caption\">Accidente km 459<\/figcaption><\/figure>\n\n\n\n<figure class=\"wp-block-image size-large\"><img loading=\"lazy\" decoding=\"async\" width=\"1600\" height=\"1200\" data-id=\"105472\" src=\"https:\/\/infoecos.com.ar\/wp-content\/uploads\/2023\/05\/349830301_237833895549249_5970423671531671343_n-1600x1200.jpg\" alt=\"\" class=\"wp-image-105472\" srcset=\"https:\/\/infoecos.com.ar\/wp-content\/uploads\/2023\/05\/349830301_237833895549249_5970423671531671343_n-1600x1200.jpg 1600w, https:\/\/infoecos.com.ar\/wp-content\/uploads\/2023\/05\/349830301_237833895549249_5970423671531671343_n-800x600.jpg 800w, https:\/\/infoecos.com.ar\/wp-content\/uploads\/2023\/05\/349830301_237833895549249_5970423671531671343_n-768x576.jpg 768w, https:\/\/infoecos.com.ar\/wp-content\/uploads\/2023\/05\/349830301_237833895549249_5970423671531671343_n-1536x1152.jpg 1536w, https:\/\/infoecos.com.ar\/wp-content\/uploads\/2023\/05\/349830301_237833895549249_5970423671531671343_n-1024x768.jpg 1024w, https:\/\/infoecos.com.ar\/wp-content\/uploads\/2023\/05\/349830301_237833895549249_5970423671531671343_n.jpg 2048w\" sizes=\"(max-width: 1600px) 100vw, 1600px\" \/><\/figure>\n<\/figure>\n\n\n\n<p>Pasadas las 14:00 horas, inform\u00f3 el parte municioal, se toma conocimiento del fallecimiento en el hospital del joven Sequeiros. <\/p>\n\n\n\n<p>El resto de los conductores resultaron ilesos. Interviene la Fiscal Dra. Karina Talarico.<\/p>\n\n\n\n<p><\/p>\n","protected":false},"excerpt":{"rendered":"<p>El lamentable suceso que provoc\u00f3 enorme dolor en la comunidad, teniendo en cuenta que el d\u00eda anterior se hab\u00eda producido uno similar, siendo protagonistas el conductor de una motocicleta y una camioneta SUV, se produjo a la altura del kil\u00f3metro 459, bajada La Zanja<\/p>\n","protected":false},"author":2,"featured_media":105469,"comment_status":"closed","ping_status":"open","sticky":false,"template":"","format":"standard","meta":{"footnotes":""},"categories":[41],"tags":[8049],"class_list":["post-105465","post","type-post","status-publish","format-standard","has-post-thumbnail","hentry","category-inferior2","tag-hay-fotos-imagenes-sensibles"],"yoast_head":"<!-- This site is optimized with the Yoast SEO plugin v23.4 - https:\/\/yoast.com\/wordpress\/plugins\/seo\/ -->\n<title>Muri\u00f3 un conocido joven de Trenque Lauquen en otro grave accidente, este fin de semana - Infoecos<\/title>\n<meta name=\"robots\" content=\"index, follow, max-snippet:-1, max-image-preview:large, max-video-preview:-1\" \/>\n<link rel=\"canonical\" href=\"https:\/\/infoecos.com.ar\/index.php\/murio-un-conocido-joven-de-trenque-lauquen-en-otro-grave-accidente-este-fin-de-semana\/\" \/>\n<meta property=\"og:locale\" content=\"es_ES\" \/>\n<meta property=\"og:type\" content=\"article\" \/>\n<meta property=\"og:title\" content=\"Muri\u00f3 un conocido joven de Trenque Lauquen en otro grave accidente, este fin de semana - Infoecos\" \/>\n<meta property=\"og:description\" content=\"El lamentable suceso que provoc\u00f3 enorme dolor en la comunidad, teniendo en cuenta que el d\u00eda anterior se hab\u00eda producido uno similar, siendo protagonistas el conductor de una motocicleta y una camioneta SUV, se produjo a la altura del kil\u00f3metro 459, bajada La Zanja\" \/>\n<meta property=\"og:url\" content=\"https:\/\/infoecos.com.ar\/index.php\/murio-un-conocido-joven-de-trenque-lauquen-en-otro-grave-accidente-este-fin-de-semana\/\" \/>\n<meta property=\"og:site_name\" content=\"Infoecos\" \/>\n<meta property=\"article:publisher\" content=\"https:\/\/www.facebook.com\/profile.php?id=100063200290284\" \/>\n<meta property=\"article:published_time\" content=\"2023-05-29T00:19:33+00:00\" \/>\n<meta property=\"article:modified_time\" content=\"2023-05-31T05:34:32+00:00\" \/>\n<meta property=\"og:image\" content=\"https:\/\/infoecos.com.ar\/wp-content\/uploads\/2023\/05\/349516332_2103997559804451_4821421305246875296_n.jpg\" \/>\n\t<meta property=\"og:image:width\" content=\"1200\" \/>\n\t<meta property=\"og:image:height\" content=\"1600\" \/>\n\t<meta property=\"og:image:type\" content=\"image\/jpeg\" \/>\n<meta name=\"author\" content=\"Jorge Matheus\" \/>\n<meta name=\"twitter:card\" content=\"summary_large_image\" \/>\n<meta name=\"twitter:creator\" content=\"@infoecos\" \/>\n<meta name=\"twitter:site\" content=\"@infoecos\" \/>\n<meta name=\"twitter:label1\" content=\"Escrito por\" \/>\n\t<meta name=\"twitter:data1\" content=\"Jorge Matheus\" \/>\n\t<meta name=\"twitter:label2\" content=\"Tiempo de lectura\" \/>\n\t<meta name=\"twitter:data2\" content=\"3 minutos\" \/>\n<script type=\"application\/ld+json\" class=\"yoast-schema-graph\">{\"@context\":\"https:\/\/schema.org\",\"@graph\":[{\"@type\":\"Article\",\"@id\":\"https:\/\/infoecos.com.ar\/index.php\/murio-un-conocido-joven-de-trenque-lauquen-en-otro-grave-accidente-este-fin-de-semana\/#article\",\"isPartOf\":{\"@id\":\"https:\/\/infoecos.com.ar\/index.php\/murio-un-conocido-joven-de-trenque-lauquen-en-otro-grave-accidente-este-fin-de-semana\/\"},\"author\":{\"name\":\"Jorge Matheus\",\"@id\":\"https:\/\/infoecos.com.ar\/#\/schema\/person\/8f5ace5ce73b4b4aac4b7245aee6f191\"},\"headline\":\"Muri\u00f3 un conocido joven de Trenque Lauquen en otro grave accidente, este fin de semana\",\"datePublished\":\"2023-05-29T00:19:33+00:00\",\"dateModified\":\"2023-05-31T05:34:32+00:00\",\"mainEntityOfPage\":{\"@id\":\"https:\/\/infoecos.com.ar\/index.php\/murio-un-conocido-joven-de-trenque-lauquen-en-otro-grave-accidente-este-fin-de-semana\/\"},\"wordCount\":255,\"publisher\":{\"@id\":\"https:\/\/infoecos.com.ar\/#organization\"},\"image\":{\"@id\":\"https:\/\/infoecos.com.ar\/index.php\/murio-un-conocido-joven-de-trenque-lauquen-en-otro-grave-accidente-este-fin-de-semana\/#primaryimage\"},\"thumbnailUrl\":\"https:\/\/infoecos.com.ar\/wp-content\/uploads\/2023\/05\/349516332_2103997559804451_4821421305246875296_n.jpg\",\"keywords\":[\"Hay fotos. Im\u00e1genes sensibles\"],\"articleSection\":[\"Bloque inferior - 2\"],\"inLanguage\":\"es\"},{\"@type\":\"WebPage\",\"@id\":\"https:\/\/infoecos.com.ar\/index.php\/murio-un-conocido-joven-de-trenque-lauquen-en-otro-grave-accidente-este-fin-de-semana\/\",\"url\":\"https:\/\/infoecos.com.ar\/index.php\/murio-un-conocido-joven-de-trenque-lauquen-en-otro-grave-accidente-este-fin-de-semana\/\",\"name\":\"Muri\u00f3 un conocido joven de Trenque Lauquen en otro grave accidente, este fin de semana - Infoecos\",\"isPartOf\":{\"@id\":\"https:\/\/infoecos.com.ar\/#website\"},\"primaryImageOfPage\":{\"@id\":\"https:\/\/infoecos.com.ar\/index.php\/murio-un-conocido-joven-de-trenque-lauquen-en-otro-grave-accidente-este-fin-de-semana\/#primaryimage\"},\"image\":{\"@id\":\"https:\/\/infoecos.com.ar\/index.php\/murio-un-conocido-joven-de-trenque-lauquen-en-otro-grave-accidente-este-fin-de-semana\/#primaryimage\"},\"thumbnailUrl\":\"https:\/\/infoecos.com.ar\/wp-content\/uploads\/2023\/05\/349516332_2103997559804451_4821421305246875296_n.jpg\",\"datePublished\":\"2023-05-29T00:19:33+00:00\",\"dateModified\":\"2023-05-31T05:34:32+00:00\",\"breadcrumb\":{\"@id\":\"https:\/\/infoecos.com.ar\/index.php\/murio-un-conocido-joven-de-trenque-lauquen-en-otro-grave-accidente-este-fin-de-semana\/#breadcrumb\"},\"inLanguage\":\"es\",\"potentialAction\":[{\"@type\":\"ReadAction\",\"target\":[\"https:\/\/infoecos.com.ar\/index.php\/murio-un-conocido-joven-de-trenque-lauquen-en-otro-grave-accidente-este-fin-de-semana\/\"]}]},{\"@type\":\"ImageObject\",\"inLanguage\":\"es\",\"@id\":\"https:\/\/infoecos.com.ar\/index.php\/murio-un-conocido-joven-de-trenque-lauquen-en-otro-grave-accidente-este-fin-de-semana\/#primaryimage\",\"url\":\"https:\/\/infoecos.com.ar\/wp-content\/uploads\/2023\/05\/349516332_2103997559804451_4821421305246875296_n.jpg\",\"contentUrl\":\"https:\/\/infoecos.com.ar\/wp-content\/uploads\/2023\/05\/349516332_2103997559804451_4821421305246875296_n.jpg\",\"width\":1200,\"height\":1600},{\"@type\":\"BreadcrumbList\",\"@id\":\"https:\/\/infoecos.com.ar\/index.php\/murio-un-conocido-joven-de-trenque-lauquen-en-otro-grave-accidente-este-fin-de-semana\/#breadcrumb\",\"itemListElement\":[{\"@type\":\"ListItem\",\"position\":1,\"name\":\"Portada\",\"item\":\"https:\/\/infoecos.com.ar\/\"},{\"@type\":\"ListItem\",\"position\":2,\"name\":\"Muri\u00f3 un conocido joven de Trenque Lauquen en otro grave accidente, este fin de semana\"}]},{\"@type\":\"WebSite\",\"@id\":\"https:\/\/infoecos.com.ar\/#website\",\"url\":\"https:\/\/infoecos.com.ar\/\",\"name\":\"Infoecos\",\"description\":\"Noticias de trenque lauquen y la zona\",\"publisher\":{\"@id\":\"https:\/\/infoecos.com.ar\/#organization\"},\"alternateName\":\"Noticias\",\"potentialAction\":[{\"@type\":\"SearchAction\",\"target\":{\"@type\":\"EntryPoint\",\"urlTemplate\":\"https:\/\/infoecos.com.ar\/?s={search_term_string}\"},\"query-input\":{\"@type\":\"PropertyValueSpecification\",\"valueRequired\":true,\"valueName\":\"search_term_string\"}}],\"inLanguage\":\"es\"},{\"@type\":\"Organization\",\"@id\":\"https:\/\/infoecos.com.ar\/#organization\",\"name\":\"Infoecos\",\"alternateName\":\"Noticias\",\"url\":\"https:\/\/infoecos.com.ar\/\",\"logo\":{\"@type\":\"ImageObject\",\"inLanguage\":\"es\",\"@id\":\"https:\/\/infoecos.com.ar\/#\/schema\/logo\/image\/\",\"url\":\"https:\/\/infoecos.com.ar\/wp-content\/uploads\/2024\/03\/cropped-logo.png\",\"contentUrl\":\"https:\/\/infoecos.com.ar\/wp-content\/uploads\/2024\/03\/cropped-logo.png\",\"width\":374,\"height\":90,\"caption\":\"Infoecos\"},\"image\":{\"@id\":\"https:\/\/infoecos.com.ar\/#\/schema\/logo\/image\/\"},\"sameAs\":[\"https:\/\/www.facebook.com\/profile.php?id=100063200290284\",\"https:\/\/x.com\/infoecos\"]},{\"@type\":\"Person\",\"@id\":\"https:\/\/infoecos.com.ar\/#\/schema\/person\/8f5ace5ce73b4b4aac4b7245aee6f191\",\"name\":\"Jorge Matheus\",\"url\":\"https:\/\/infoecos.com.ar\/index.php\/author\/jomatheus\/\"}]}<\/script>\n<!-- \/ Yoast SEO plugin. -->","yoast_head_json":{"title":"Muri\u00f3 un conocido joven de Trenque Lauquen en otro grave accidente, este fin de semana - Infoecos","robots":{"index":"index","follow":"follow","max-snippet":"max-snippet:-1","max-image-preview":"max-image-preview:large","max-video-preview":"max-video-preview:-1"},"canonical":"https:\/\/infoecos.com.ar\/index.php\/murio-un-conocido-joven-de-trenque-lauquen-en-otro-grave-accidente-este-fin-de-semana\/","og_locale":"es_ES","og_type":"article","og_title":"Muri\u00f3 un conocido joven de Trenque Lauquen en otro grave accidente, este fin de semana - Infoecos","og_description":"El lamentable suceso que provoc\u00f3 enorme dolor en la comunidad, teniendo en cuenta que el d\u00eda anterior se hab\u00eda producido uno similar, siendo protagonistas el conductor de una motocicleta y una camioneta SUV, se produjo a la altura del kil\u00f3metro 459, bajada La Zanja","og_url":"https:\/\/infoecos.com.ar\/index.php\/murio-un-conocido-joven-de-trenque-lauquen-en-otro-grave-accidente-este-fin-de-semana\/","og_site_name":"Infoecos","article_publisher":"https:\/\/www.facebook.com\/profile.php?id=100063200290284","article_published_time":"2023-05-29T00:19:33+00:00","article_modified_time":"2023-05-31T05:34:32+00:00","og_image":[{"width":1200,"height":1600,"url":"https:\/\/infoecos.com.ar\/wp-content\/uploads\/2023\/05\/349516332_2103997559804451_4821421305246875296_n.jpg","type":"image\/jpeg"}],"author":"Jorge Matheus","twitter_card":"summary_large_image","twitter_creator":"@infoecos","twitter_site":"@infoecos","twitter_misc":{"Escrito por":"Jorge Matheus","Tiempo de lectura":"3 minutos"},"schema":{"@context":"https:\/\/schema.org","@graph":[{"@type":"Article","@id":"https:\/\/infoecos.com.ar\/index.php\/murio-un-conocido-joven-de-trenque-lauquen-en-otro-grave-accidente-este-fin-de-semana\/#article","isPartOf":{"@id":"https:\/\/infoecos.com.ar\/index.php\/murio-un-conocido-joven-de-trenque-lauquen-en-otro-grave-accidente-este-fin-de-semana\/"},"author":{"name":"Jorge Matheus","@id":"https:\/\/infoecos.com.ar\/#\/schema\/person\/8f5ace5ce73b4b4aac4b7245aee6f191"},"headline":"Muri\u00f3 un conocido joven de Trenque Lauquen en otro grave accidente, este fin de semana","datePublished":"2023-05-29T00:19:33+00:00","dateModified":"2023-05-31T05:34:32+00:00","mainEntityOfPage":{"@id":"https:\/\/infoecos.com.ar\/index.php\/murio-un-conocido-joven-de-trenque-lauquen-en-otro-grave-accidente-este-fin-de-semana\/"},"wordCount":255,"publisher":{"@id":"https:\/\/infoecos.com.ar\/#organization"},"image":{"@id":"https:\/\/infoecos.com.ar\/index.php\/murio-un-conocido-joven-de-trenque-lauquen-en-otro-grave-accidente-este-fin-de-semana\/#primaryimage"},"thumbnailUrl":"https:\/\/infoecos.com.ar\/wp-content\/uploads\/2023\/05\/349516332_2103997559804451_4821421305246875296_n.jpg","keywords":["Hay fotos. Im\u00e1genes sensibles"],"articleSection":["Bloque inferior - 2"],"inLanguage":"es"},{"@type":"WebPage","@id":"https:\/\/infoecos.com.ar\/index.php\/murio-un-conocido-joven-de-trenque-lauquen-en-otro-grave-accidente-este-fin-de-semana\/","url":"https:\/\/infoecos.com.ar\/index.php\/murio-un-conocido-joven-de-trenque-lauquen-en-otro-grave-accidente-este-fin-de-semana\/","name":"Muri\u00f3 un conocido joven de Trenque Lauquen en otro grave accidente, este fin de semana - Infoecos","isPartOf":{"@id":"https:\/\/infoecos.com.ar\/#website"},"primaryImageOfPage":{"@id":"https:\/\/infoecos.com.ar\/index.php\/murio-un-conocido-joven-de-trenque-lauquen-en-otro-grave-accidente-este-fin-de-semana\/#primaryimage"},"image":{"@id":"https:\/\/infoecos.com.ar\/index.php\/murio-un-conocido-joven-de-trenque-lauquen-en-otro-grave-accidente-este-fin-de-semana\/#primaryimage"},"thumbnailUrl":"https:\/\/infoecos.com.ar\/wp-content\/uploads\/2023\/05\/349516332_2103997559804451_4821421305246875296_n.jpg","datePublished":"2023-05-29T00:19:33+00:00","dateModified":"2023-05-31T05:34:32+00:00","breadcrumb":{"@id":"https:\/\/infoecos.com.ar\/index.php\/murio-un-conocido-joven-de-trenque-lauquen-en-otro-grave-accidente-este-fin-de-semana\/#breadcrumb"},"inLanguage":"es","potentialAction":[{"@type":"ReadAction","target":["https:\/\/infoecos.com.ar\/index.php\/murio-un-conocido-joven-de-trenque-lauquen-en-otro-grave-accidente-este-fin-de-semana\/"]}]},{"@type":"ImageObject","inLanguage":"es","@id":"https:\/\/infoecos.com.ar\/index.php\/murio-un-conocido-joven-de-trenque-lauquen-en-otro-grave-accidente-este-fin-de-semana\/#primaryimage","url":"https:\/\/infoecos.com.ar\/wp-content\/uploads\/2023\/05\/349516332_2103997559804451_4821421305246875296_n.jpg","contentUrl":"https:\/\/infoecos.com.ar\/wp-content\/uploads\/2023\/05\/349516332_2103997559804451_4821421305246875296_n.jpg","width":1200,"height":1600},{"@type":"BreadcrumbList","@id":"https:\/\/infoecos.com.ar\/index.php\/murio-un-conocido-joven-de-trenque-lauquen-en-otro-grave-accidente-este-fin-de-semana\/#breadcrumb","itemListElement":[{"@type":"ListItem","position":1,"name":"Portada","item":"https:\/\/infoecos.com.ar\/"},{"@type":"ListItem","position":2,"name":"Muri\u00f3 un conocido joven de Trenque Lauquen en otro grave accidente, este fin de semana"}]},{"@type":"WebSite","@id":"https:\/\/infoecos.com.ar\/#website","url":"https:\/\/infoecos.com.ar\/","name":"Infoecos","description":"Noticias de trenque lauquen y la zona","publisher":{"@id":"https:\/\/infoecos.com.ar\/#organization"},"alternateName":"Noticias","potentialAction":[{"@type":"SearchAction","target":{"@type":"EntryPoint","urlTemplate":"https:\/\/infoecos.com.ar\/?s={search_term_string}"},"query-input":{"@type":"PropertyValueSpecification","valueRequired":true,"valueName":"search_term_string"}}],"inLanguage":"es"},{"@type":"Organization","@id":"https:\/\/infoecos.com.ar\/#organization","name":"Infoecos","alternateName":"Noticias","url":"https:\/\/infoecos.com.ar\/","logo":{"@type":"ImageObject","inLanguage":"es","@id":"https:\/\/infoecos.com.ar\/#\/schema\/logo\/image\/","url":"https:\/\/infoecos.com.ar\/wp-content\/uploads\/2024\/03\/cropped-logo.png","contentUrl":"https:\/\/infoecos.com.ar\/wp-content\/uploads\/2024\/03\/cropped-logo.png","width":374,"height":90,"caption":"Infoecos"},"image":{"@id":"https:\/\/infoecos.com.ar\/#\/schema\/logo\/image\/"},"sameAs":["https:\/\/www.facebook.com\/profile.php?id=100063200290284","https:\/\/x.com\/infoecos"]},{"@type":"Person","@id":"https:\/\/infoecos.com.ar\/#\/schema\/person\/8f5ace5ce73b4b4aac4b7245aee6f191","name":"Jorge Matheus","url":"https:\/\/infoecos.com.ar\/index.php\/author\/jomatheus\/"}]}},"featured_image_urls":{"full":["https:\/\/infoecos.com.ar\/wp-content\/uploads\/2023\/05\/349516332_2103997559804451_4821421305246875296_n.jpg",1200,1600,false],"thumbnail":["https:\/\/infoecos.com.ar\/wp-content\/uploads\/2023\/05\/349516332_2103997559804451_4821421305246875296_n-300x150.jpg",300,150,true],"medium":["https:\/\/infoecos.com.ar\/wp-content\/uploads\/2023\/05\/349516332_2103997559804451_4821421305246875296_n-600x800.jpg",600,800,true],"medium_large":["https:\/\/infoecos.com.ar\/wp-content\/uploads\/2023\/05\/349516332_2103997559804451_4821421305246875296_n-768x1024.jpg",640,853,true],"large":["https:\/\/infoecos.com.ar\/wp-content\/uploads\/2023\/05\/349516332_2103997559804451_4821421305246875296_n.jpg",640,853,false],"1536x1536":["https:\/\/infoecos.com.ar\/wp-content\/uploads\/2023\/05\/349516332_2103997559804451_4821421305246875296_n-1152x1536.jpg",1152,1536,true],"2048x2048":["https:\/\/infoecos.com.ar\/wp-content\/uploads\/2023\/05\/349516332_2103997559804451_4821421305246875296_n.jpg",1200,1600,false],"covernews-slider-full":["https:\/\/infoecos.com.ar\/wp-content\/uploads\/2023\/05\/349516332_2103997559804451_4821421305246875296_n-1200x1020.jpg",841,715,true],"covernews-slider-center":["https:\/\/infoecos.com.ar\/wp-content\/uploads\/2023\/05\/349516332_2103997559804451_4821421305246875296_n-936x897.jpg",522,500,true],"covernews-featured":["https:\/\/infoecos.com.ar\/wp-content\/uploads\/2023\/05\/349516332_2103997559804451_4821421305246875296_n-1024x1365.jpg",1024,1365,true],"covernews-medium":["https:\/\/infoecos.com.ar\/wp-content\/uploads\/2023\/05\/349516332_2103997559804451_4821421305246875296_n-720x380.jpg",540,285,true],"covernews-medium-square":["https:\/\/infoecos.com.ar\/wp-content\/uploads\/2023\/05\/349516332_2103997559804451_4821421305246875296_n-675x450.jpg",375,250,true]},"author_info":{"info":["Jorge Matheus"]},"category_info":"<a href=\"https:\/\/infoecos.com.ar\/index.php\/category\/inferior2\/\" rel=\"category tag\">Bloque inferior - 2<\/a>","tag_info":"Bloque inferior - 2","comment_count":"0","_links":{"self":[{"href":"https:\/\/infoecos.com.ar\/index.php\/wp-json\/wp\/v2\/posts\/105465"}],"collection":[{"href":"https:\/\/infoecos.com.ar\/index.php\/wp-json\/wp\/v2\/posts"}],"about":[{"href":"https:\/\/infoecos.com.ar\/index.php\/wp-json\/wp\/v2\/types\/post"}],"author":[{"embeddable":true,"href":"https:\/\/infoecos.com.ar\/index.php\/wp-json\/wp\/v2\/users\/2"}],"replies":[{"embeddable":true,"href":"https:\/\/infoecos.com.ar\/index.php\/wp-json\/wp\/v2\/comments?post=105465"}],"version-history":[{"count":1,"href":"https:\/\/infoecos.com.ar\/index.php\/wp-json\/wp\/v2\/posts\/105465\/revisions"}],"predecessor-version":[{"id":105475,"href":"https:\/\/infoecos.com.ar\/index.php\/wp-json\/wp\/v2\/posts\/105465\/revisions\/105475"}],"wp:featuredmedia":[{"embeddable":true,"href":"https:\/\/infoecos.com.ar\/index.php\/wp-json\/wp\/v2\/media\/105469"}],"wp:attachment":[{"href":"https:\/\/infoecos.com.ar\/index.php\/wp-json\/wp\/v2\/media?parent=105465"}],"wp:term":[{"taxonomy":"category","embeddable":true,"href":"https:\/\/infoecos.com.ar\/index.php\/wp-json\/wp\/v2\/categories?post=105465"},{"taxonomy":"post_tag","embeddable":true,"href":"https:\/\/infoecos.com.ar\/index.php\/wp-json\/wp\/v2\/tags?post=105465"}],"curies":[{"name":"wp","href":"https:\/\/api.w.org\/{rel}","templated":true}]}}