{"id":105495,"date":"2023-05-28T23:02:13","date_gmt":"2023-05-29T02:02:13","guid":{"rendered":"https:\/\/infoecos.com.ar\/?p=105495"},"modified":"2023-05-31T02:24:05","modified_gmt":"2023-05-31T05:24:05","slug":"mirta-de-folco-ennumero-las-obras-realizadas-en-girodias-mostrandose-muy-contenta","status":"publish","type":"post","link":"https:\/\/infoecos.com.ar\/index.php\/mirta-de-folco-ennumero-las-obras-realizadas-en-girodias-mostrandose-muy-contenta\/","title":{"rendered":"Mirta de Folco ennumer\u00f3 las obras realizadas en Girod\u00edas, mostr\u00e1ndose muy contenta"},"content":{"rendered":"\n<p>La subdelegada de Girod\u00edas, Mirta de Folco, se mostr\u00f3 muy contenta por el festejo del 112\u00b0 aniversario y repas\u00f3 el trabajo y las obras que pudieron concretarse desde el inicio de la gesti\u00f3n que encabeza el Intendente Fern\u00e1ndez, se\u00f1ala informaci\u00f3n municipal. <\/p>\n\n\n\n<figure class=\"wp-block-image aligncenter size-large is-resized\"><img loading=\"lazy\" decoding=\"async\" src=\"https:\/\/infoecos.com.ar\/wp-content\/uploads\/2023\/05\/112o-aniversario-de-Girodias-5-1600x900.jpg\" alt=\"\" class=\"wp-image-105482\" width=\"633\" height=\"355\" srcset=\"https:\/\/infoecos.com.ar\/wp-content\/uploads\/2023\/05\/112o-aniversario-de-Girodias-5-1600x900.jpg 1600w, https:\/\/infoecos.com.ar\/wp-content\/uploads\/2023\/05\/112o-aniversario-de-Girodias-5-800x450.jpg 800w, https:\/\/infoecos.com.ar\/wp-content\/uploads\/2023\/05\/112o-aniversario-de-Girodias-5-768x432.jpg 768w, https:\/\/infoecos.com.ar\/wp-content\/uploads\/2023\/05\/112o-aniversario-de-Girodias-5-1536x864.jpg 1536w, https:\/\/infoecos.com.ar\/wp-content\/uploads\/2023\/05\/112o-aniversario-de-Girodias-5-1024x576.jpg 1024w, https:\/\/infoecos.com.ar\/wp-content\/uploads\/2023\/05\/112o-aniversario-de-Girodias-5.jpg 1920w\" sizes=\"(max-width: 633px) 100vw, 633px\" \/><\/figure>\n\n\n\n<p>\u201cDesde el 2016 hasta el momento Girod\u00edas creci\u00f3, desde la carteler\u00eda, los puntos limpios, las capacitaciones de huerta y entrega de semillas y junto al \u00e1rea de Zoonosis, se trabaj\u00f3 en castraciones y vacunaci\u00f3n\u201d, comenz\u00f3 diciendo la subdelegada.<\/p>\n\n\n\n<p>Tambi\u00e9n destac\u00f3 que \u201cse reforzaron los talleres municipales, con equipamiento para el curso de computaci\u00f3n y el taller de costura; y se realizaron obras con el Presupuesto Participativo\u201d.<\/p>\n\n\n\n<p>La subdelegada tambi\u00e9n record\u00f3 c\u00f3mo impact\u00f3 la pandemia de Covid-19 en la vida cotidiana y dijo que \u201ca pesar del encierro seguimos trabajando de manera virtual\u201d.<\/p>\n\n\n\n<p>Entre las obras realizadas, Mirta record\u00f3 que \u201cel 16 de septiembre de 2019 fue inaugurada la Biblioteca, y la idea es anexar otro sal\u00f3n para tener m\u00e1s espacio para hacer las charlas y capacitaciones\u201d.<\/p>\n\n\n\n<p>En otro tramo de su mensaje, destac\u00f3 los trabajos realizados en el Club Uni\u00f3n, que se llevaron a cabo con el apoyo de la Provincia y recursos municipales, y dijo que \u201cseguimos trabajando, porque el Club es como la Escuela Municipal, es todo para nosotros, por eso lo cuidamos, para que est\u00e9 cada vez mejor\u201d.<\/p>\n\n\n\n<p>Tambi\u00e9n se refiri\u00f3 a la obra de recambio de la red de agua potable que se realiz\u00f3 en la localidad y que significa una mejora sustancial para la comunidad, y enumer\u00f3 las herramientas, maquinarias y elementos recibidos en este \u00faltimo tiempo.<\/p>\n\n\n\n<p>La puesta en valor del Destacamento Policial, la restauraci\u00f3n de la Capilla y de la Salita de Primeros Auxilios y la declaraci\u00f3n de inter\u00e9s cultural del rancho donde vivi\u00f3 Rina Rossi, fueron otras obras destacadas por la delegada, quien agradeci\u00f3 la colaboraci\u00f3n del Municipio y de los vecinos\/as.<\/p>\n\n\n\n<p>Folco resalt\u00f3 la incorporaci\u00f3n de Girod\u00edas en el programa de Turismo Rural, en un proyecto conjunto con el grupo Crecer y la oficina de Promoci\u00f3n Tur\u00edstica de la Municipalidad.<\/p>\n\n\n\n<p>Para finalizar, se refiri\u00f3 a la obra de refacci\u00f3n y ampliaci\u00f3n de la Escuela n\u00b0 44 y del Anexo de la Secundaria, reinauguradas hace menos de una semana, agradeciendo a todos\/as porque \u201ctodas las cosas que se hacen, se logran con el acompa\u00f1amiento de los vecinos\/as\u201d.<\/p>\n","protected":false},"excerpt":{"rendered":"<p>Resalt\u00f3 la incorporaci\u00f3n de Girod\u00edas en el programa de Turismo Rural, en un proyecto conjunto con el grupo Crecer y la oficina de Promoci\u00f3n Tur\u00edstica de la Municipalidad<\/p>\n","protected":false},"author":2,"featured_media":105482,"comment_status":"closed","ping_status":"open","sticky":false,"template":"","format":"standard","meta":{"footnotes":""},"categories":[1325],"tags":[8052],"class_list":["post-105495","post","type-post","status-publish","format-standard","has-post-thumbnail","hentry","category-c1nota6","tag-hablo-la-subdelegada"],"yoast_head":"<!-- This site is optimized with the Yoast SEO plugin v23.4 - https:\/\/yoast.com\/wordpress\/plugins\/seo\/ -->\n<title>Mirta de Folco ennumer\u00f3 las obras realizadas en Girod\u00edas, mostr\u00e1ndose muy contenta - Infoecos<\/title>\n<meta name=\"robots\" content=\"index, follow, max-snippet:-1, max-image-preview:large, max-video-preview:-1\" \/>\n<link rel=\"canonical\" href=\"https:\/\/infoecos.com.ar\/index.php\/mirta-de-folco-ennumero-las-obras-realizadas-en-girodias-mostrandose-muy-contenta\/\" \/>\n<meta property=\"og:locale\" content=\"es_ES\" \/>\n<meta property=\"og:type\" content=\"article\" \/>\n<meta property=\"og:title\" content=\"Mirta de Folco ennumer\u00f3 las obras realizadas en Girod\u00edas, mostr\u00e1ndose muy contenta - Infoecos\" \/>\n<meta property=\"og:description\" content=\"Resalt\u00f3 la incorporaci\u00f3n de Girod\u00edas en el programa de Turismo Rural, en un proyecto conjunto con el grupo Crecer y la oficina de Promoci\u00f3n Tur\u00edstica de la Municipalidad\" \/>\n<meta property=\"og:url\" content=\"https:\/\/infoecos.com.ar\/index.php\/mirta-de-folco-ennumero-las-obras-realizadas-en-girodias-mostrandose-muy-contenta\/\" \/>\n<meta property=\"og:site_name\" content=\"Infoecos\" \/>\n<meta property=\"article:publisher\" content=\"https:\/\/www.facebook.com\/profile.php?id=100063200290284\" \/>\n<meta property=\"article:published_time\" content=\"2023-05-29T02:02:13+00:00\" \/>\n<meta property=\"article:modified_time\" content=\"2023-05-31T05:24:05+00:00\" \/>\n<meta property=\"og:image\" content=\"https:\/\/infoecos.com.ar\/wp-content\/uploads\/2023\/05\/112o-aniversario-de-Girodias-5.jpg\" \/>\n\t<meta property=\"og:image:width\" content=\"1920\" \/>\n\t<meta property=\"og:image:height\" content=\"1080\" \/>\n\t<meta property=\"og:image:type\" content=\"image\/jpeg\" \/>\n<meta name=\"author\" content=\"Jorge Matheus\" \/>\n<meta name=\"twitter:card\" content=\"summary_large_image\" \/>\n<meta name=\"twitter:creator\" content=\"@infoecos\" \/>\n<meta name=\"twitter:site\" content=\"@infoecos\" \/>\n<meta name=\"twitter:label1\" content=\"Escrito por\" \/>\n\t<meta name=\"twitter:data1\" content=\"Jorge Matheus\" \/>\n\t<meta name=\"twitter:label2\" content=\"Tiempo de lectura\" \/>\n\t<meta name=\"twitter:data2\" content=\"2 minutos\" \/>\n<script type=\"application\/ld+json\" class=\"yoast-schema-graph\">{\"@context\":\"https:\/\/schema.org\",\"@graph\":[{\"@type\":\"Article\",\"@id\":\"https:\/\/infoecos.com.ar\/index.php\/mirta-de-folco-ennumero-las-obras-realizadas-en-girodias-mostrandose-muy-contenta\/#article\",\"isPartOf\":{\"@id\":\"https:\/\/infoecos.com.ar\/index.php\/mirta-de-folco-ennumero-las-obras-realizadas-en-girodias-mostrandose-muy-contenta\/\"},\"author\":{\"name\":\"Jorge Matheus\",\"@id\":\"https:\/\/infoecos.com.ar\/#\/schema\/person\/8f5ace5ce73b4b4aac4b7245aee6f191\"},\"headline\":\"Mirta de Folco ennumer\u00f3 las obras realizadas en Girod\u00edas, mostr\u00e1ndose muy contenta\",\"datePublished\":\"2023-05-29T02:02:13+00:00\",\"dateModified\":\"2023-05-31T05:24:05+00:00\",\"mainEntityOfPage\":{\"@id\":\"https:\/\/infoecos.com.ar\/index.php\/mirta-de-folco-ennumero-las-obras-realizadas-en-girodias-mostrandose-muy-contenta\/\"},\"wordCount\":425,\"publisher\":{\"@id\":\"https:\/\/infoecos.com.ar\/#organization\"},\"image\":{\"@id\":\"https:\/\/infoecos.com.ar\/index.php\/mirta-de-folco-ennumero-las-obras-realizadas-en-girodias-mostrandose-muy-contenta\/#primaryimage\"},\"thumbnailUrl\":\"https:\/\/infoecos.com.ar\/wp-content\/uploads\/2023\/05\/112o-aniversario-de-Girodias-5.jpg\",\"keywords\":[\"HABL\u00d3 LA SUBDELEGADA\"],\"articleSection\":[\"C1 nota 6\"],\"inLanguage\":\"es\"},{\"@type\":\"WebPage\",\"@id\":\"https:\/\/infoecos.com.ar\/index.php\/mirta-de-folco-ennumero-las-obras-realizadas-en-girodias-mostrandose-muy-contenta\/\",\"url\":\"https:\/\/infoecos.com.ar\/index.php\/mirta-de-folco-ennumero-las-obras-realizadas-en-girodias-mostrandose-muy-contenta\/\",\"name\":\"Mirta de Folco ennumer\u00f3 las obras realizadas en Girod\u00edas, mostr\u00e1ndose muy contenta - Infoecos\",\"isPartOf\":{\"@id\":\"https:\/\/infoecos.com.ar\/#website\"},\"primaryImageOfPage\":{\"@id\":\"https:\/\/infoecos.com.ar\/index.php\/mirta-de-folco-ennumero-las-obras-realizadas-en-girodias-mostrandose-muy-contenta\/#primaryimage\"},\"image\":{\"@id\":\"https:\/\/infoecos.com.ar\/index.php\/mirta-de-folco-ennumero-las-obras-realizadas-en-girodias-mostrandose-muy-contenta\/#primaryimage\"},\"thumbnailUrl\":\"https:\/\/infoecos.com.ar\/wp-content\/uploads\/2023\/05\/112o-aniversario-de-Girodias-5.jpg\",\"datePublished\":\"2023-05-29T02:02:13+00:00\",\"dateModified\":\"2023-05-31T05:24:05+00:00\",\"breadcrumb\":{\"@id\":\"https:\/\/infoecos.com.ar\/index.php\/mirta-de-folco-ennumero-las-obras-realizadas-en-girodias-mostrandose-muy-contenta\/#breadcrumb\"},\"inLanguage\":\"es\",\"potentialAction\":[{\"@type\":\"ReadAction\",\"target\":[\"https:\/\/infoecos.com.ar\/index.php\/mirta-de-folco-ennumero-las-obras-realizadas-en-girodias-mostrandose-muy-contenta\/\"]}]},{\"@type\":\"ImageObject\",\"inLanguage\":\"es\",\"@id\":\"https:\/\/infoecos.com.ar\/index.php\/mirta-de-folco-ennumero-las-obras-realizadas-en-girodias-mostrandose-muy-contenta\/#primaryimage\",\"url\":\"https:\/\/infoecos.com.ar\/wp-content\/uploads\/2023\/05\/112o-aniversario-de-Girodias-5.jpg\",\"contentUrl\":\"https:\/\/infoecos.com.ar\/wp-content\/uploads\/2023\/05\/112o-aniversario-de-Girodias-5.jpg\",\"width\":1920,\"height\":1080},{\"@type\":\"BreadcrumbList\",\"@id\":\"https:\/\/infoecos.com.ar\/index.php\/mirta-de-folco-ennumero-las-obras-realizadas-en-girodias-mostrandose-muy-contenta\/#breadcrumb\",\"itemListElement\":[{\"@type\":\"ListItem\",\"position\":1,\"name\":\"Portada\",\"item\":\"https:\/\/infoecos.com.ar\/\"},{\"@type\":\"ListItem\",\"position\":2,\"name\":\"Mirta de Folco ennumer\u00f3 las obras realizadas en Girod\u00edas, mostr\u00e1ndose muy contenta\"}]},{\"@type\":\"WebSite\",\"@id\":\"https:\/\/infoecos.com.ar\/#website\",\"url\":\"https:\/\/infoecos.com.ar\/\",\"name\":\"Infoecos\",\"description\":\"Noticias de trenque lauquen y la zona\",\"publisher\":{\"@id\":\"https:\/\/infoecos.com.ar\/#organization\"},\"alternateName\":\"Noticias\",\"potentialAction\":[{\"@type\":\"SearchAction\",\"target\":{\"@type\":\"EntryPoint\",\"urlTemplate\":\"https:\/\/infoecos.com.ar\/?s={search_term_string}\"},\"query-input\":{\"@type\":\"PropertyValueSpecification\",\"valueRequired\":true,\"valueName\":\"search_term_string\"}}],\"inLanguage\":\"es\"},{\"@type\":\"Organization\",\"@id\":\"https:\/\/infoecos.com.ar\/#organization\",\"name\":\"Infoecos\",\"alternateName\":\"Noticias\",\"url\":\"https:\/\/infoecos.com.ar\/\",\"logo\":{\"@type\":\"ImageObject\",\"inLanguage\":\"es\",\"@id\":\"https:\/\/infoecos.com.ar\/#\/schema\/logo\/image\/\",\"url\":\"https:\/\/infoecos.com.ar\/wp-content\/uploads\/2024\/03\/cropped-logo.png\",\"contentUrl\":\"https:\/\/infoecos.com.ar\/wp-content\/uploads\/2024\/03\/cropped-logo.png\",\"width\":374,\"height\":90,\"caption\":\"Infoecos\"},\"image\":{\"@id\":\"https:\/\/infoecos.com.ar\/#\/schema\/logo\/image\/\"},\"sameAs\":[\"https:\/\/www.facebook.com\/profile.php?id=100063200290284\",\"https:\/\/x.com\/infoecos\"]},{\"@type\":\"Person\",\"@id\":\"https:\/\/infoecos.com.ar\/#\/schema\/person\/8f5ace5ce73b4b4aac4b7245aee6f191\",\"name\":\"Jorge Matheus\",\"url\":\"https:\/\/infoecos.com.ar\/index.php\/author\/jomatheus\/\"}]}<\/script>\n<!-- \/ Yoast SEO plugin. -->","yoast_head_json":{"title":"Mirta de Folco ennumer\u00f3 las obras realizadas en Girod\u00edas, mostr\u00e1ndose muy contenta - Infoecos","robots":{"index":"index","follow":"follow","max-snippet":"max-snippet:-1","max-image-preview":"max-image-preview:large","max-video-preview":"max-video-preview:-1"},"canonical":"https:\/\/infoecos.com.ar\/index.php\/mirta-de-folco-ennumero-las-obras-realizadas-en-girodias-mostrandose-muy-contenta\/","og_locale":"es_ES","og_type":"article","og_title":"Mirta de Folco ennumer\u00f3 las obras realizadas en Girod\u00edas, mostr\u00e1ndose muy contenta - Infoecos","og_description":"Resalt\u00f3 la incorporaci\u00f3n de Girod\u00edas en el programa de Turismo Rural, en un proyecto conjunto con el grupo Crecer y la oficina de Promoci\u00f3n Tur\u00edstica de la Municipalidad","og_url":"https:\/\/infoecos.com.ar\/index.php\/mirta-de-folco-ennumero-las-obras-realizadas-en-girodias-mostrandose-muy-contenta\/","og_site_name":"Infoecos","article_publisher":"https:\/\/www.facebook.com\/profile.php?id=100063200290284","article_published_time":"2023-05-29T02:02:13+00:00","article_modified_time":"2023-05-31T05:24:05+00:00","og_image":[{"width":1920,"height":1080,"url":"https:\/\/infoecos.com.ar\/wp-content\/uploads\/2023\/05\/112o-aniversario-de-Girodias-5.jpg","type":"image\/jpeg"}],"author":"Jorge Matheus","twitter_card":"summary_large_image","twitter_creator":"@infoecos","twitter_site":"@infoecos","twitter_misc":{"Escrito por":"Jorge Matheus","Tiempo de lectura":"2 minutos"},"schema":{"@context":"https:\/\/schema.org","@graph":[{"@type":"Article","@id":"https:\/\/infoecos.com.ar\/index.php\/mirta-de-folco-ennumero-las-obras-realizadas-en-girodias-mostrandose-muy-contenta\/#article","isPartOf":{"@id":"https:\/\/infoecos.com.ar\/index.php\/mirta-de-folco-ennumero-las-obras-realizadas-en-girodias-mostrandose-muy-contenta\/"},"author":{"name":"Jorge Matheus","@id":"https:\/\/infoecos.com.ar\/#\/schema\/person\/8f5ace5ce73b4b4aac4b7245aee6f191"},"headline":"Mirta de Folco ennumer\u00f3 las obras realizadas en Girod\u00edas, mostr\u00e1ndose muy contenta","datePublished":"2023-05-29T02:02:13+00:00","dateModified":"2023-05-31T05:24:05+00:00","mainEntityOfPage":{"@id":"https:\/\/infoecos.com.ar\/index.php\/mirta-de-folco-ennumero-las-obras-realizadas-en-girodias-mostrandose-muy-contenta\/"},"wordCount":425,"publisher":{"@id":"https:\/\/infoecos.com.ar\/#organization"},"image":{"@id":"https:\/\/infoecos.com.ar\/index.php\/mirta-de-folco-ennumero-las-obras-realizadas-en-girodias-mostrandose-muy-contenta\/#primaryimage"},"thumbnailUrl":"https:\/\/infoecos.com.ar\/wp-content\/uploads\/2023\/05\/112o-aniversario-de-Girodias-5.jpg","keywords":["HABL\u00d3 LA SUBDELEGADA"],"articleSection":["C1 nota 6"],"inLanguage":"es"},{"@type":"WebPage","@id":"https:\/\/infoecos.com.ar\/index.php\/mirta-de-folco-ennumero-las-obras-realizadas-en-girodias-mostrandose-muy-contenta\/","url":"https:\/\/infoecos.com.ar\/index.php\/mirta-de-folco-ennumero-las-obras-realizadas-en-girodias-mostrandose-muy-contenta\/","name":"Mirta de Folco ennumer\u00f3 las obras realizadas en Girod\u00edas, mostr\u00e1ndose muy contenta - Infoecos","isPartOf":{"@id":"https:\/\/infoecos.com.ar\/#website"},"primaryImageOfPage":{"@id":"https:\/\/infoecos.com.ar\/index.php\/mirta-de-folco-ennumero-las-obras-realizadas-en-girodias-mostrandose-muy-contenta\/#primaryimage"},"image":{"@id":"https:\/\/infoecos.com.ar\/index.php\/mirta-de-folco-ennumero-las-obras-realizadas-en-girodias-mostrandose-muy-contenta\/#primaryimage"},"thumbnailUrl":"https:\/\/infoecos.com.ar\/wp-content\/uploads\/2023\/05\/112o-aniversario-de-Girodias-5.jpg","datePublished":"2023-05-29T02:02:13+00:00","dateModified":"2023-05-31T05:24:05+00:00","breadcrumb":{"@id":"https:\/\/infoecos.com.ar\/index.php\/mirta-de-folco-ennumero-las-obras-realizadas-en-girodias-mostrandose-muy-contenta\/#breadcrumb"},"inLanguage":"es","potentialAction":[{"@type":"ReadAction","target":["https:\/\/infoecos.com.ar\/index.php\/mirta-de-folco-ennumero-las-obras-realizadas-en-girodias-mostrandose-muy-contenta\/"]}]},{"@type":"ImageObject","inLanguage":"es","@id":"https:\/\/infoecos.com.ar\/index.php\/mirta-de-folco-ennumero-las-obras-realizadas-en-girodias-mostrandose-muy-contenta\/#primaryimage","url":"https:\/\/infoecos.com.ar\/wp-content\/uploads\/2023\/05\/112o-aniversario-de-Girodias-5.jpg","contentUrl":"https:\/\/infoecos.com.ar\/wp-content\/uploads\/2023\/05\/112o-aniversario-de-Girodias-5.jpg","width":1920,"height":1080},{"@type":"BreadcrumbList","@id":"https:\/\/infoecos.com.ar\/index.php\/mirta-de-folco-ennumero-las-obras-realizadas-en-girodias-mostrandose-muy-contenta\/#breadcrumb","itemListElement":[{"@type":"ListItem","position":1,"name":"Portada","item":"https:\/\/infoecos.com.ar\/"},{"@type":"ListItem","position":2,"name":"Mirta de Folco ennumer\u00f3 las obras realizadas en Girod\u00edas, mostr\u00e1ndose muy contenta"}]},{"@type":"WebSite","@id":"https:\/\/infoecos.com.ar\/#website","url":"https:\/\/infoecos.com.ar\/","name":"Infoecos","description":"Noticias de trenque lauquen y la zona","publisher":{"@id":"https:\/\/infoecos.com.ar\/#organization"},"alternateName":"Noticias","potentialAction":[{"@type":"SearchAction","target":{"@type":"EntryPoint","urlTemplate":"https:\/\/infoecos.com.ar\/?s={search_term_string}"},"query-input":{"@type":"PropertyValueSpecification","valueRequired":true,"valueName":"search_term_string"}}],"inLanguage":"es"},{"@type":"Organization","@id":"https:\/\/infoecos.com.ar\/#organization","name":"Infoecos","alternateName":"Noticias","url":"https:\/\/infoecos.com.ar\/","logo":{"@type":"ImageObject","inLanguage":"es","@id":"https:\/\/infoecos.com.ar\/#\/schema\/logo\/image\/","url":"https:\/\/infoecos.com.ar\/wp-content\/uploads\/2024\/03\/cropped-logo.png","contentUrl":"https:\/\/infoecos.com.ar\/wp-content\/uploads\/2024\/03\/cropped-logo.png","width":374,"height":90,"caption":"Infoecos"},"image":{"@id":"https:\/\/infoecos.com.ar\/#\/schema\/logo\/image\/"},"sameAs":["https:\/\/www.facebook.com\/profile.php?id=100063200290284","https:\/\/x.com\/infoecos"]},{"@type":"Person","@id":"https:\/\/infoecos.com.ar\/#\/schema\/person\/8f5ace5ce73b4b4aac4b7245aee6f191","name":"Jorge Matheus","url":"https:\/\/infoecos.com.ar\/index.php\/author\/jomatheus\/"}]}},"featured_image_urls":{"full":["https:\/\/infoecos.com.ar\/wp-content\/uploads\/2023\/05\/112o-aniversario-de-Girodias-5.jpg",1920,1080,false],"thumbnail":["https:\/\/infoecos.com.ar\/wp-content\/uploads\/2023\/05\/112o-aniversario-de-Girodias-5-300x150.jpg",300,150,true],"medium":["https:\/\/infoecos.com.ar\/wp-content\/uploads\/2023\/05\/112o-aniversario-de-Girodias-5-800x450.jpg",800,450,true],"medium_large":["https:\/\/infoecos.com.ar\/wp-content\/uploads\/2023\/05\/112o-aniversario-de-Girodias-5-768x432.jpg",640,360,true],"large":["https:\/\/infoecos.com.ar\/wp-content\/uploads\/2023\/05\/112o-aniversario-de-Girodias-5-1600x900.jpg",640,360,true],"1536x1536":["https:\/\/infoecos.com.ar\/wp-content\/uploads\/2023\/05\/112o-aniversario-de-Girodias-5-1536x864.jpg",1536,864,true],"2048x2048":["https:\/\/infoecos.com.ar\/wp-content\/uploads\/2023\/05\/112o-aniversario-de-Girodias-5.jpg",1920,1080,false],"covernews-slider-full":["https:\/\/infoecos.com.ar\/wp-content\/uploads\/2023\/05\/112o-aniversario-de-Girodias-5-1536x1020.jpg",1077,715,true],"covernews-slider-center":["https:\/\/infoecos.com.ar\/wp-content\/uploads\/2023\/05\/112o-aniversario-de-Girodias-5-936x897.jpg",522,500,true],"covernews-featured":["https:\/\/infoecos.com.ar\/wp-content\/uploads\/2023\/05\/112o-aniversario-de-Girodias-5-1024x576.jpg",1024,576,true],"covernews-medium":["https:\/\/infoecos.com.ar\/wp-content\/uploads\/2023\/05\/112o-aniversario-de-Girodias-5-720x380.jpg",540,285,true],"covernews-medium-square":["https:\/\/infoecos.com.ar\/wp-content\/uploads\/2023\/05\/112o-aniversario-de-Girodias-5-675x450.jpg",375,250,true]},"author_info":{"info":["Jorge Matheus"]},"category_info":"<a href=\"https:\/\/infoecos.com.ar\/index.php\/category\/c1nota6\/\" rel=\"category tag\">C1 nota 6<\/a>","tag_info":"C1 nota 6","comment_count":"0","_links":{"self":[{"href":"https:\/\/infoecos.com.ar\/index.php\/wp-json\/wp\/v2\/posts\/105495"}],"collection":[{"href":"https:\/\/infoecos.com.ar\/index.php\/wp-json\/wp\/v2\/posts"}],"about":[{"href":"https:\/\/infoecos.com.ar\/index.php\/wp-json\/wp\/v2\/types\/post"}],"author":[{"embeddable":true,"href":"https:\/\/infoecos.com.ar\/index.php\/wp-json\/wp\/v2\/users\/2"}],"replies":[{"embeddable":true,"href":"https:\/\/infoecos.com.ar\/index.php\/wp-json\/wp\/v2\/comments?post=105495"}],"version-history":[{"count":1,"href":"https:\/\/infoecos.com.ar\/index.php\/wp-json\/wp\/v2\/posts\/105495\/revisions"}],"predecessor-version":[{"id":105496,"href":"https:\/\/infoecos.com.ar\/index.php\/wp-json\/wp\/v2\/posts\/105495\/revisions\/105496"}],"wp:featuredmedia":[{"embeddable":true,"href":"https:\/\/infoecos.com.ar\/index.php\/wp-json\/wp\/v2\/media\/105482"}],"wp:attachment":[{"href":"https:\/\/infoecos.com.ar\/index.php\/wp-json\/wp\/v2\/media?parent=105495"}],"wp:term":[{"taxonomy":"category","embeddable":true,"href":"https:\/\/infoecos.com.ar\/index.php\/wp-json\/wp\/v2\/categories?post=105495"},{"taxonomy":"post_tag","embeddable":true,"href":"https:\/\/infoecos.com.ar\/index.php\/wp-json\/wp\/v2\/tags?post=105495"}],"curies":[{"name":"wp","href":"https:\/\/api.w.org\/{rel}","templated":true}]}}