{"id":105539,"date":"2023-05-29T22:01:52","date_gmt":"2023-05-30T01:01:52","guid":{"rendered":"https:\/\/infoecos.com.ar\/?p=105539"},"modified":"2023-05-31T02:19:36","modified_gmt":"2023-05-31T05:19:36","slug":"culmina-este-2-de-junio-la-preinscripcion-a-la-carrera-de-oficial-penitenciario-en-el-spb","status":"publish","type":"post","link":"https:\/\/infoecos.com.ar\/index.php\/culmina-este-2-de-junio-la-preinscripcion-a-la-carrera-de-oficial-penitenciario-en-el-spb\/","title":{"rendered":"Culmina este 2 de Junio la preinscripci\u00f3n a la carrera de Oficial Penitenciario en el SPB"},"content":{"rendered":"\n<p>El Servicio Penitenciario Bonaerense (SPB) informa que la preinscripci\u00f3n para el ingreso 2024 a la carrera de Oficial Penitenciario culmina este 2 de junio.<\/p>\n\n\n\n<figure class=\"wp-block-image alignright size-large is-resized\"><img loading=\"lazy\" decoding=\"async\" src=\"https:\/\/infoecos.com.ar\/wp-content\/uploads\/2023\/05\/image-148-1600x1200.png\" alt=\"\" class=\"wp-image-105540\" width=\"360\" height=\"269\" srcset=\"https:\/\/infoecos.com.ar\/wp-content\/uploads\/2023\/05\/image-148-1600x1200.png 1600w, https:\/\/infoecos.com.ar\/wp-content\/uploads\/2023\/05\/image-148-800x600.png 800w, https:\/\/infoecos.com.ar\/wp-content\/uploads\/2023\/05\/image-148-768x576.png 768w, https:\/\/infoecos.com.ar\/wp-content\/uploads\/2023\/05\/image-148-1536x1152.png 1536w, https:\/\/infoecos.com.ar\/wp-content\/uploads\/2023\/05\/image-148-1024x768.png 1024w, https:\/\/infoecos.com.ar\/wp-content\/uploads\/2023\/05\/image-148.png 2000w\" sizes=\"(max-width: 360px) 100vw, 360px\" \/><figcaption class=\"wp-element-caption\">C\u00c1RCEL<\/figcaption><\/figure>\n\n\n\n<p>Los interesados y las interesadas podr\u00e1n efectuar la preinscripci\u00f3n a trav\u00e9s del sitio&nbsp;<a href=\"http:\/\/www.spb.gba.gov.ar\/\" target=\"_blank\" rel=\"noreferrer noopener\">www.spb.gba.gov.ar<\/a>&nbsp;donde se debe completar un formulario de aspirantes a cadetes.<\/p>\n\n\n\n<p>La carrera que en dos a\u00f1os formar\u00e1 a cadetes en oficiales de la repartici\u00f3n se denomina Tecnicatura Superior en Gesti\u00f3n Penitenciaria para la Inserci\u00f3n Social y cuenta con dos orientaciones: Asistencia y Tratamiento y Seguridad Institucional.<\/p>\n\n\n\n<p>La oferta educativa se brinda en la Escuela de Cadetes \u201cInspector General Baltasar A. Iramain\u201d (Instituto Superior de Formaci\u00f3n T\u00e9cnica N\u00ba 6001) ubicada en 44 N\u00b0 2000 de la ciudad de La Plata.<\/p>\n\n\n\n<p>Los y las egresadas obtendr\u00e1n una salida laboral segura e inmediata en el propio \u00e1mbito del SPB, donde ostentar\u00e1n la jerarqu\u00eda de Oficial Adjutor del Escalaf\u00f3n General y el t\u00edtulo de T\u00e9cnico Superior, emitido por el Ministerio de Justicia y Derechos Humanos de la provincia de Buenos Aires y avalado por la Direcci\u00f3n General de Cultura y Educaci\u00f3n.<\/p>\n\n\n\n<p>Luego de la preinscripci\u00f3n v\u00eda web, la entrega de documentaci\u00f3n para formalizar la inscripci\u00f3n ser\u00e1 en el plazo comprendido desde el 5 de junio y con fecha l\u00edmite el 7 de julio del 2023, personalmente en el instituto de formaci\u00f3n ubicado en la avenida 44 al 2000 de La Plata.<\/p>\n\n\n\n<p>Requisitos para la preinscripci\u00f3n<\/p>\n\n\n\n<p>S\u00f3lo ser\u00e1n admitidas en calidad de postulantes para el ingreso 2024 en la Escuela de Cadetes del SPB aquellas personas que re\u00fanan los siguientes requisitos: haber nacido entre el 9 de abril de 2000 y el 31 de diciembre de 2006; tener nacionalidad argentina, nativa o por opci\u00f3n; tener certificaci\u00f3n de estudios secundarios completos; no poseer antecedentes penales y entregar en t\u00e9rmino solicitud y documentaci\u00f3n administrativa completa.<\/p>\n\n\n\n<p>El proceso de selecci\u00f3n consistir\u00e1 en la administraci\u00f3n de las siguientes pruebas, eliminatorias en cada instancia: Examen de Conocimientos Generales y Examen Psicot\u00e9cnico, Examen de Salud, Examen de Aptitud F\u00edsica y una Entrevista Personal con referentes institucionales.<\/p>\n\n\n\n<p>Los contenidos generales y bibliograf\u00eda sugerida para ex\u00e1menes se encuentran disponibles para su descarga en la p\u00e1gina web del Servicio Penitenciario Bonaerense junto al formulario de inscripci\u00f3n.<\/p>\n","protected":false},"excerpt":{"rendered":"<p>Los interesados y las interesadas podr\u00e1n efectuar la preinscripci\u00f3n a trav\u00e9s del<br \/>\nsitio\u00a0www.spb.gba.gov.ar\u00a0donde se debe completar un formulario de aspirantes a cadetes.<\/p>\n","protected":false},"author":2,"featured_media":105540,"comment_status":"closed","ping_status":"open","sticky":false,"template":"","format":"standard","meta":{"footnotes":""},"categories":[50],"tags":[8058],"class_list":["post-105539","post","type-post","status-publish","format-standard","has-post-thumbnail","hentry","category-c1nota4","tag-servicio-penitenciario-bonaerense"],"yoast_head":"<!-- This site is optimized with the Yoast SEO plugin v23.4 - https:\/\/yoast.com\/wordpress\/plugins\/seo\/ -->\n<title>Culmina este 2 de Junio la preinscripci\u00f3n a la carrera de Oficial Penitenciario en el SPB - Infoecos<\/title>\n<meta name=\"robots\" content=\"index, follow, max-snippet:-1, max-image-preview:large, max-video-preview:-1\" \/>\n<link rel=\"canonical\" href=\"https:\/\/infoecos.com.ar\/index.php\/culmina-este-2-de-junio-la-preinscripcion-a-la-carrera-de-oficial-penitenciario-en-el-spb\/\" \/>\n<meta property=\"og:locale\" content=\"es_ES\" \/>\n<meta property=\"og:type\" content=\"article\" \/>\n<meta property=\"og:title\" content=\"Culmina este 2 de Junio la preinscripci\u00f3n a la carrera de Oficial Penitenciario en el SPB - Infoecos\" \/>\n<meta property=\"og:description\" content=\"Los interesados y las interesadas podr\u00e1n efectuar la preinscripci\u00f3n a trav\u00e9s del sitio\u00a0www.spb.gba.gov.ar\u00a0donde se debe completar un formulario de aspirantes a cadetes.\" \/>\n<meta property=\"og:url\" content=\"https:\/\/infoecos.com.ar\/index.php\/culmina-este-2-de-junio-la-preinscripcion-a-la-carrera-de-oficial-penitenciario-en-el-spb\/\" \/>\n<meta property=\"og:site_name\" content=\"Infoecos\" \/>\n<meta property=\"article:publisher\" content=\"https:\/\/www.facebook.com\/profile.php?id=100063200290284\" \/>\n<meta property=\"article:published_time\" content=\"2023-05-30T01:01:52+00:00\" \/>\n<meta property=\"article:modified_time\" content=\"2023-05-31T05:19:36+00:00\" \/>\n<meta property=\"og:image\" content=\"https:\/\/infoecos.com.ar\/wp-content\/uploads\/2023\/05\/image-148-768x576.png\" \/>\n\t<meta property=\"og:image:width\" content=\"768\" \/>\n\t<meta property=\"og:image:height\" content=\"576\" \/>\n\t<meta property=\"og:image:type\" content=\"image\/png\" \/>\n<meta name=\"author\" content=\"Jorge Matheus\" \/>\n<meta name=\"twitter:card\" content=\"summary_large_image\" \/>\n<meta name=\"twitter:creator\" content=\"@infoecos\" \/>\n<meta name=\"twitter:site\" content=\"@infoecos\" \/>\n<meta name=\"twitter:label1\" content=\"Escrito por\" \/>\n\t<meta name=\"twitter:data1\" content=\"Jorge Matheus\" \/>\n\t<meta name=\"twitter:label2\" content=\"Tiempo de lectura\" \/>\n\t<meta name=\"twitter:data2\" content=\"2 minutos\" \/>\n<script type=\"application\/ld+json\" class=\"yoast-schema-graph\">{\"@context\":\"https:\/\/schema.org\",\"@graph\":[{\"@type\":\"Article\",\"@id\":\"https:\/\/infoecos.com.ar\/index.php\/culmina-este-2-de-junio-la-preinscripcion-a-la-carrera-de-oficial-penitenciario-en-el-spb\/#article\",\"isPartOf\":{\"@id\":\"https:\/\/infoecos.com.ar\/index.php\/culmina-este-2-de-junio-la-preinscripcion-a-la-carrera-de-oficial-penitenciario-en-el-spb\/\"},\"author\":{\"name\":\"Jorge Matheus\",\"@id\":\"https:\/\/infoecos.com.ar\/#\/schema\/person\/8f5ace5ce73b4b4aac4b7245aee6f191\"},\"headline\":\"Culmina este 2 de Junio la preinscripci\u00f3n a la carrera de Oficial Penitenciario en el SPB\",\"datePublished\":\"2023-05-30T01:01:52+00:00\",\"dateModified\":\"2023-05-31T05:19:36+00:00\",\"mainEntityOfPage\":{\"@id\":\"https:\/\/infoecos.com.ar\/index.php\/culmina-este-2-de-junio-la-preinscripcion-a-la-carrera-de-oficial-penitenciario-en-el-spb\/\"},\"wordCount\":409,\"publisher\":{\"@id\":\"https:\/\/infoecos.com.ar\/#organization\"},\"image\":{\"@id\":\"https:\/\/infoecos.com.ar\/index.php\/culmina-este-2-de-junio-la-preinscripcion-a-la-carrera-de-oficial-penitenciario-en-el-spb\/#primaryimage\"},\"thumbnailUrl\":\"https:\/\/infoecos.com.ar\/wp-content\/uploads\/2023\/05\/image-148.png\",\"keywords\":[\"servicio penitenciario bonaerense\"],\"articleSection\":[\"C1 N4\"],\"inLanguage\":\"es\"},{\"@type\":\"WebPage\",\"@id\":\"https:\/\/infoecos.com.ar\/index.php\/culmina-este-2-de-junio-la-preinscripcion-a-la-carrera-de-oficial-penitenciario-en-el-spb\/\",\"url\":\"https:\/\/infoecos.com.ar\/index.php\/culmina-este-2-de-junio-la-preinscripcion-a-la-carrera-de-oficial-penitenciario-en-el-spb\/\",\"name\":\"Culmina este 2 de Junio la preinscripci\u00f3n a la carrera de Oficial Penitenciario en el SPB - Infoecos\",\"isPartOf\":{\"@id\":\"https:\/\/infoecos.com.ar\/#website\"},\"primaryImageOfPage\":{\"@id\":\"https:\/\/infoecos.com.ar\/index.php\/culmina-este-2-de-junio-la-preinscripcion-a-la-carrera-de-oficial-penitenciario-en-el-spb\/#primaryimage\"},\"image\":{\"@id\":\"https:\/\/infoecos.com.ar\/index.php\/culmina-este-2-de-junio-la-preinscripcion-a-la-carrera-de-oficial-penitenciario-en-el-spb\/#primaryimage\"},\"thumbnailUrl\":\"https:\/\/infoecos.com.ar\/wp-content\/uploads\/2023\/05\/image-148.png\",\"datePublished\":\"2023-05-30T01:01:52+00:00\",\"dateModified\":\"2023-05-31T05:19:36+00:00\",\"breadcrumb\":{\"@id\":\"https:\/\/infoecos.com.ar\/index.php\/culmina-este-2-de-junio-la-preinscripcion-a-la-carrera-de-oficial-penitenciario-en-el-spb\/#breadcrumb\"},\"inLanguage\":\"es\",\"potentialAction\":[{\"@type\":\"ReadAction\",\"target\":[\"https:\/\/infoecos.com.ar\/index.php\/culmina-este-2-de-junio-la-preinscripcion-a-la-carrera-de-oficial-penitenciario-en-el-spb\/\"]}]},{\"@type\":\"ImageObject\",\"inLanguage\":\"es\",\"@id\":\"https:\/\/infoecos.com.ar\/index.php\/culmina-este-2-de-junio-la-preinscripcion-a-la-carrera-de-oficial-penitenciario-en-el-spb\/#primaryimage\",\"url\":\"https:\/\/infoecos.com.ar\/wp-content\/uploads\/2023\/05\/image-148.png\",\"contentUrl\":\"https:\/\/infoecos.com.ar\/wp-content\/uploads\/2023\/05\/image-148.png\",\"width\":2000,\"height\":1500},{\"@type\":\"BreadcrumbList\",\"@id\":\"https:\/\/infoecos.com.ar\/index.php\/culmina-este-2-de-junio-la-preinscripcion-a-la-carrera-de-oficial-penitenciario-en-el-spb\/#breadcrumb\",\"itemListElement\":[{\"@type\":\"ListItem\",\"position\":1,\"name\":\"Portada\",\"item\":\"https:\/\/infoecos.com.ar\/\"},{\"@type\":\"ListItem\",\"position\":2,\"name\":\"Culmina este 2 de Junio la preinscripci\u00f3n a la carrera de Oficial Penitenciario en el SPB\"}]},{\"@type\":\"WebSite\",\"@id\":\"https:\/\/infoecos.com.ar\/#website\",\"url\":\"https:\/\/infoecos.com.ar\/\",\"name\":\"Infoecos\",\"description\":\"Noticias de trenque lauquen y la zona\",\"publisher\":{\"@id\":\"https:\/\/infoecos.com.ar\/#organization\"},\"alternateName\":\"Noticias\",\"potentialAction\":[{\"@type\":\"SearchAction\",\"target\":{\"@type\":\"EntryPoint\",\"urlTemplate\":\"https:\/\/infoecos.com.ar\/?s={search_term_string}\"},\"query-input\":{\"@type\":\"PropertyValueSpecification\",\"valueRequired\":true,\"valueName\":\"search_term_string\"}}],\"inLanguage\":\"es\"},{\"@type\":\"Organization\",\"@id\":\"https:\/\/infoecos.com.ar\/#organization\",\"name\":\"Infoecos\",\"alternateName\":\"Noticias\",\"url\":\"https:\/\/infoecos.com.ar\/\",\"logo\":{\"@type\":\"ImageObject\",\"inLanguage\":\"es\",\"@id\":\"https:\/\/infoecos.com.ar\/#\/schema\/logo\/image\/\",\"url\":\"https:\/\/infoecos.com.ar\/wp-content\/uploads\/2024\/03\/cropped-logo.png\",\"contentUrl\":\"https:\/\/infoecos.com.ar\/wp-content\/uploads\/2024\/03\/cropped-logo.png\",\"width\":374,\"height\":90,\"caption\":\"Infoecos\"},\"image\":{\"@id\":\"https:\/\/infoecos.com.ar\/#\/schema\/logo\/image\/\"},\"sameAs\":[\"https:\/\/www.facebook.com\/profile.php?id=100063200290284\",\"https:\/\/x.com\/infoecos\"]},{\"@type\":\"Person\",\"@id\":\"https:\/\/infoecos.com.ar\/#\/schema\/person\/8f5ace5ce73b4b4aac4b7245aee6f191\",\"name\":\"Jorge Matheus\",\"url\":\"https:\/\/infoecos.com.ar\/index.php\/author\/jomatheus\/\"}]}<\/script>\n<!-- \/ Yoast SEO plugin. -->","yoast_head_json":{"title":"Culmina este 2 de Junio la preinscripci\u00f3n a la carrera de Oficial Penitenciario en el SPB - Infoecos","robots":{"index":"index","follow":"follow","max-snippet":"max-snippet:-1","max-image-preview":"max-image-preview:large","max-video-preview":"max-video-preview:-1"},"canonical":"https:\/\/infoecos.com.ar\/index.php\/culmina-este-2-de-junio-la-preinscripcion-a-la-carrera-de-oficial-penitenciario-en-el-spb\/","og_locale":"es_ES","og_type":"article","og_title":"Culmina este 2 de Junio la preinscripci\u00f3n a la carrera de Oficial Penitenciario en el SPB - Infoecos","og_description":"Los interesados y las interesadas podr\u00e1n efectuar la preinscripci\u00f3n a trav\u00e9s del sitio\u00a0www.spb.gba.gov.ar\u00a0donde se debe completar un formulario de aspirantes a cadetes.","og_url":"https:\/\/infoecos.com.ar\/index.php\/culmina-este-2-de-junio-la-preinscripcion-a-la-carrera-de-oficial-penitenciario-en-el-spb\/","og_site_name":"Infoecos","article_publisher":"https:\/\/www.facebook.com\/profile.php?id=100063200290284","article_published_time":"2023-05-30T01:01:52+00:00","article_modified_time":"2023-05-31T05:19:36+00:00","og_image":[{"width":768,"height":576,"url":"https:\/\/infoecos.com.ar\/wp-content\/uploads\/2023\/05\/image-148-768x576.png","type":"image\/png"}],"author":"Jorge Matheus","twitter_card":"summary_large_image","twitter_creator":"@infoecos","twitter_site":"@infoecos","twitter_misc":{"Escrito por":"Jorge Matheus","Tiempo de lectura":"2 minutos"},"schema":{"@context":"https:\/\/schema.org","@graph":[{"@type":"Article","@id":"https:\/\/infoecos.com.ar\/index.php\/culmina-este-2-de-junio-la-preinscripcion-a-la-carrera-de-oficial-penitenciario-en-el-spb\/#article","isPartOf":{"@id":"https:\/\/infoecos.com.ar\/index.php\/culmina-este-2-de-junio-la-preinscripcion-a-la-carrera-de-oficial-penitenciario-en-el-spb\/"},"author":{"name":"Jorge Matheus","@id":"https:\/\/infoecos.com.ar\/#\/schema\/person\/8f5ace5ce73b4b4aac4b7245aee6f191"},"headline":"Culmina este 2 de Junio la preinscripci\u00f3n a la carrera de Oficial Penitenciario en el SPB","datePublished":"2023-05-30T01:01:52+00:00","dateModified":"2023-05-31T05:19:36+00:00","mainEntityOfPage":{"@id":"https:\/\/infoecos.com.ar\/index.php\/culmina-este-2-de-junio-la-preinscripcion-a-la-carrera-de-oficial-penitenciario-en-el-spb\/"},"wordCount":409,"publisher":{"@id":"https:\/\/infoecos.com.ar\/#organization"},"image":{"@id":"https:\/\/infoecos.com.ar\/index.php\/culmina-este-2-de-junio-la-preinscripcion-a-la-carrera-de-oficial-penitenciario-en-el-spb\/#primaryimage"},"thumbnailUrl":"https:\/\/infoecos.com.ar\/wp-content\/uploads\/2023\/05\/image-148.png","keywords":["servicio penitenciario bonaerense"],"articleSection":["C1 N4"],"inLanguage":"es"},{"@type":"WebPage","@id":"https:\/\/infoecos.com.ar\/index.php\/culmina-este-2-de-junio-la-preinscripcion-a-la-carrera-de-oficial-penitenciario-en-el-spb\/","url":"https:\/\/infoecos.com.ar\/index.php\/culmina-este-2-de-junio-la-preinscripcion-a-la-carrera-de-oficial-penitenciario-en-el-spb\/","name":"Culmina este 2 de Junio la preinscripci\u00f3n a la carrera de Oficial Penitenciario en el SPB - Infoecos","isPartOf":{"@id":"https:\/\/infoecos.com.ar\/#website"},"primaryImageOfPage":{"@id":"https:\/\/infoecos.com.ar\/index.php\/culmina-este-2-de-junio-la-preinscripcion-a-la-carrera-de-oficial-penitenciario-en-el-spb\/#primaryimage"},"image":{"@id":"https:\/\/infoecos.com.ar\/index.php\/culmina-este-2-de-junio-la-preinscripcion-a-la-carrera-de-oficial-penitenciario-en-el-spb\/#primaryimage"},"thumbnailUrl":"https:\/\/infoecos.com.ar\/wp-content\/uploads\/2023\/05\/image-148.png","datePublished":"2023-05-30T01:01:52+00:00","dateModified":"2023-05-31T05:19:36+00:00","breadcrumb":{"@id":"https:\/\/infoecos.com.ar\/index.php\/culmina-este-2-de-junio-la-preinscripcion-a-la-carrera-de-oficial-penitenciario-en-el-spb\/#breadcrumb"},"inLanguage":"es","potentialAction":[{"@type":"ReadAction","target":["https:\/\/infoecos.com.ar\/index.php\/culmina-este-2-de-junio-la-preinscripcion-a-la-carrera-de-oficial-penitenciario-en-el-spb\/"]}]},{"@type":"ImageObject","inLanguage":"es","@id":"https:\/\/infoecos.com.ar\/index.php\/culmina-este-2-de-junio-la-preinscripcion-a-la-carrera-de-oficial-penitenciario-en-el-spb\/#primaryimage","url":"https:\/\/infoecos.com.ar\/wp-content\/uploads\/2023\/05\/image-148.png","contentUrl":"https:\/\/infoecos.com.ar\/wp-content\/uploads\/2023\/05\/image-148.png","width":2000,"height":1500},{"@type":"BreadcrumbList","@id":"https:\/\/infoecos.com.ar\/index.php\/culmina-este-2-de-junio-la-preinscripcion-a-la-carrera-de-oficial-penitenciario-en-el-spb\/#breadcrumb","itemListElement":[{"@type":"ListItem","position":1,"name":"Portada","item":"https:\/\/infoecos.com.ar\/"},{"@type":"ListItem","position":2,"name":"Culmina este 2 de Junio la preinscripci\u00f3n a la carrera de Oficial Penitenciario en el SPB"}]},{"@type":"WebSite","@id":"https:\/\/infoecos.com.ar\/#website","url":"https:\/\/infoecos.com.ar\/","name":"Infoecos","description":"Noticias de trenque lauquen y la zona","publisher":{"@id":"https:\/\/infoecos.com.ar\/#organization"},"alternateName":"Noticias","potentialAction":[{"@type":"SearchAction","target":{"@type":"EntryPoint","urlTemplate":"https:\/\/infoecos.com.ar\/?s={search_term_string}"},"query-input":{"@type":"PropertyValueSpecification","valueRequired":true,"valueName":"search_term_string"}}],"inLanguage":"es"},{"@type":"Organization","@id":"https:\/\/infoecos.com.ar\/#organization","name":"Infoecos","alternateName":"Noticias","url":"https:\/\/infoecos.com.ar\/","logo":{"@type":"ImageObject","inLanguage":"es","@id":"https:\/\/infoecos.com.ar\/#\/schema\/logo\/image\/","url":"https:\/\/infoecos.com.ar\/wp-content\/uploads\/2024\/03\/cropped-logo.png","contentUrl":"https:\/\/infoecos.com.ar\/wp-content\/uploads\/2024\/03\/cropped-logo.png","width":374,"height":90,"caption":"Infoecos"},"image":{"@id":"https:\/\/infoecos.com.ar\/#\/schema\/logo\/image\/"},"sameAs":["https:\/\/www.facebook.com\/profile.php?id=100063200290284","https:\/\/x.com\/infoecos"]},{"@type":"Person","@id":"https:\/\/infoecos.com.ar\/#\/schema\/person\/8f5ace5ce73b4b4aac4b7245aee6f191","name":"Jorge Matheus","url":"https:\/\/infoecos.com.ar\/index.php\/author\/jomatheus\/"}]}},"featured_image_urls":{"full":["https:\/\/infoecos.com.ar\/wp-content\/uploads\/2023\/05\/image-148.png",2000,1500,false],"thumbnail":["https:\/\/infoecos.com.ar\/wp-content\/uploads\/2023\/05\/image-148-300x150.png",300,150,true],"medium":["https:\/\/infoecos.com.ar\/wp-content\/uploads\/2023\/05\/image-148-800x600.png",800,600,true],"medium_large":["https:\/\/infoecos.com.ar\/wp-content\/uploads\/2023\/05\/image-148-768x576.png",640,480,true],"large":["https:\/\/infoecos.com.ar\/wp-content\/uploads\/2023\/05\/image-148-1600x1200.png",640,480,true],"1536x1536":["https:\/\/infoecos.com.ar\/wp-content\/uploads\/2023\/05\/image-148-1536x1152.png",1536,1152,true],"2048x2048":["https:\/\/infoecos.com.ar\/wp-content\/uploads\/2023\/05\/image-148.png",2000,1500,false],"covernews-slider-full":["https:\/\/infoecos.com.ar\/wp-content\/uploads\/2023\/05\/image-148-1536x1020.png",1077,715,true],"covernews-slider-center":["https:\/\/infoecos.com.ar\/wp-content\/uploads\/2023\/05\/image-148-936x897.png",522,500,true],"covernews-featured":["https:\/\/infoecos.com.ar\/wp-content\/uploads\/2023\/05\/image-148-1024x768.png",1024,768,true],"covernews-medium":["https:\/\/infoecos.com.ar\/wp-content\/uploads\/2023\/05\/image-148-720x380.png",540,285,true],"covernews-medium-square":["https:\/\/infoecos.com.ar\/wp-content\/uploads\/2023\/05\/image-148-675x450.png",375,250,true]},"author_info":{"info":["Jorge Matheus"]},"category_info":"<a href=\"https:\/\/infoecos.com.ar\/index.php\/category\/c1nota4\/\" rel=\"category tag\">C1 N4<\/a>","tag_info":"C1 N4","comment_count":"0","_links":{"self":[{"href":"https:\/\/infoecos.com.ar\/index.php\/wp-json\/wp\/v2\/posts\/105539"}],"collection":[{"href":"https:\/\/infoecos.com.ar\/index.php\/wp-json\/wp\/v2\/posts"}],"about":[{"href":"https:\/\/infoecos.com.ar\/index.php\/wp-json\/wp\/v2\/types\/post"}],"author":[{"embeddable":true,"href":"https:\/\/infoecos.com.ar\/index.php\/wp-json\/wp\/v2\/users\/2"}],"replies":[{"embeddable":true,"href":"https:\/\/infoecos.com.ar\/index.php\/wp-json\/wp\/v2\/comments?post=105539"}],"version-history":[{"count":2,"href":"https:\/\/infoecos.com.ar\/index.php\/wp-json\/wp\/v2\/posts\/105539\/revisions"}],"predecessor-version":[{"id":105543,"href":"https:\/\/infoecos.com.ar\/index.php\/wp-json\/wp\/v2\/posts\/105539\/revisions\/105543"}],"wp:featuredmedia":[{"embeddable":true,"href":"https:\/\/infoecos.com.ar\/index.php\/wp-json\/wp\/v2\/media\/105540"}],"wp:attachment":[{"href":"https:\/\/infoecos.com.ar\/index.php\/wp-json\/wp\/v2\/media?parent=105539"}],"wp:term":[{"taxonomy":"category","embeddable":true,"href":"https:\/\/infoecos.com.ar\/index.php\/wp-json\/wp\/v2\/categories?post=105539"},{"taxonomy":"post_tag","embeddable":true,"href":"https:\/\/infoecos.com.ar\/index.php\/wp-json\/wp\/v2\/tags?post=105539"}],"curies":[{"name":"wp","href":"https:\/\/api.w.org\/{rel}","templated":true}]}}