{"id":105552,"date":"2023-05-30T00:49:50","date_gmt":"2023-05-30T03:49:50","guid":{"rendered":"https:\/\/infoecos.com.ar\/?p=105552"},"modified":"2023-05-31T01:23:32","modified_gmt":"2023-05-31T04:23:32","slug":"14-diputados-de-la-4ta-seccion-electoral-se-eligen-en-el-proximo-comicio","status":"publish","type":"post","link":"https:\/\/infoecos.com.ar\/index.php\/14-diputados-de-la-4ta-seccion-electoral-se-eligen-en-el-proximo-comicio\/","title":{"rendered":"14 diputados de la 4ta secci\u00f3n electoral se eligen en el pr\u00f3ximo comicio"},"content":{"rendered":"\n<p>En estas elecciones 2023, 46 de los 92&nbsp;<strong>diputados bonaerenses&nbsp;<\/strong>y 23 de los 46&nbsp;<strong>senadores&nbsp;<\/strong>pondr\u00e1n en juego sus bancas y, como ocurre cada dos a\u00f1os, la&nbsp;<strong>Legislatura<\/strong>&nbsp;<strong>bonaerense<\/strong>, renovar\u00e1 la mitad de su composici\u00f3n.&nbsp;<\/p>\n\n\n\n<figure class=\"wp-block-image size-large\"><img loading=\"lazy\" decoding=\"async\" width=\"920\" height=\"613\" src=\"https:\/\/infoecos.com.ar\/wp-content\/uploads\/2022\/05\/camaradediputadosnacion-920x613.jpg\" alt=\"\" class=\"wp-image-92248\" srcset=\"https:\/\/infoecos.com.ar\/wp-content\/uploads\/2022\/05\/camaradediputadosnacion-920x613.jpg 920w, https:\/\/infoecos.com.ar\/wp-content\/uploads\/2022\/05\/camaradediputadosnacion-460x307.jpg 460w, https:\/\/infoecos.com.ar\/wp-content\/uploads\/2022\/05\/camaradediputadosnacion-768x512.jpg 768w, https:\/\/infoecos.com.ar\/wp-content\/uploads\/2022\/05\/camaradediputadosnacion-1024x683.jpg 1024w, https:\/\/infoecos.com.ar\/wp-content\/uploads\/2022\/05\/camaradediputadosnacion-675x450.jpg 675w, https:\/\/infoecos.com.ar\/wp-content\/uploads\/2022\/05\/camaradediputadosnacion.jpg 1440w\" sizes=\"(max-width: 920px) 100vw, 920px\" \/><\/figure>\n\n\n\n<p>En tanto, en la&nbsp;<strong>Cuarta Secci\u00f3n electoral<\/strong>, compuesta por 19 distritos del noroeste provincial, se votan 14&nbsp;<strong>diputados<\/strong>&nbsp;en las&nbsp;<strong>elecciones 2023<\/strong>, de los cuales 7 corresponden a&nbsp;<strong>Juntos<\/strong>, 6 al&nbsp;<strong>justicialismo<\/strong>&nbsp;y uno a&nbsp;<strong>17 de Noviembre<\/strong>.<\/p>\n\n\n\n<p>Los nombres:&nbsp;<strong>JUNTOS<\/strong><\/p>\n\n\n\n<p>1 RICCHINI MARIA LAURA (PRO-Junin)<\/p>\n\n\n\n<p>2 MIRANDA VALENTIN (UCR-Trenque Lauquen)<\/p>\n\n\n\n<p>3 ZUCCARI VANESA (UCR-Lincoln)<\/p>\n\n\n\n<p>4 VIVANI MAURICIO ANDRES (PRO-9 de julio)<\/p>\n\n\n\n<p>5 PERALTA RAMOS, ANASTASIA (PRO)<\/p>\n\n\n\n<p>6 ROVELLO FERNANDO (PRO-Pehuaj\u00f3)<\/p>\n\n\n\n<p>7 BRIZZI MARIA EUGENIA (PRO)<\/p>\n\n\n\n<p><strong>FRENTE DE TODOS<\/strong><\/p>\n\n\n\n<p>ZURRO AVELINO RICARDO (hoy a cargo de la Subsecretar\u00eda de Asuntos Municipales de Naci\u00f3n)<\/p>\n\n\n\n<p>2 GUZZO VIVIANA RAQUEL (Los Toldos)<\/p>\n\n\n\n<p>3 CONOCCHIARI ALBERTO RUBEN (Leandro N. Alem)<\/p>\n\n\n\n<p>4 OLIVETTO MICAELA EDITH (Chacabuco)<\/p>\n\n\n\n<p>5 GUERRERA ALEXIS RAUL (General Pinto)<\/p>\n\n\n\n<p>6 ARATA MARIA VALERIA (Jun\u00edn)<\/p>\n\n\n\n<p><strong>17 DE NOVIEMBRE<\/strong><\/p>\n\n\n\n<p>FABIO BRITOS (Chivilcoy)<\/p>\n","protected":false},"excerpt":{"rendered":"<p>Cr\u00e9dito: infonoroeste.com.ar. 7 corresponden a\u00a0Juntos, 6 al\u00a0justicialismo\u00a0y uno a\u00a017 de Noviembre.<\/p>\n","protected":false},"author":2,"featured_media":65735,"comment_status":"closed","ping_status":"open","sticky":false,"template":"","format":"standard","meta":{"footnotes":""},"categories":[49],"tags":[6789],"class_list":["post-105552","post","type-post","status-publish","format-standard","has-post-thumbnail","hentry","category-c3nota3","tag-elecciones-2023"],"yoast_head":"<!-- This site is optimized with the Yoast SEO plugin v23.4 - https:\/\/yoast.com\/wordpress\/plugins\/seo\/ -->\n<title>14 diputados de la 4ta secci\u00f3n electoral se eligen en el pr\u00f3ximo comicio - Infoecos<\/title>\n<meta name=\"robots\" content=\"index, follow, max-snippet:-1, max-image-preview:large, max-video-preview:-1\" \/>\n<link rel=\"canonical\" href=\"https:\/\/infoecos.com.ar\/index.php\/14-diputados-de-la-4ta-seccion-electoral-se-eligen-en-el-proximo-comicio\/\" \/>\n<meta property=\"og:locale\" content=\"es_ES\" \/>\n<meta property=\"og:type\" content=\"article\" \/>\n<meta property=\"og:title\" content=\"14 diputados de la 4ta secci\u00f3n electoral se eligen en el pr\u00f3ximo comicio - Infoecos\" \/>\n<meta property=\"og:description\" content=\"Cr\u00e9dito: infonoroeste.com.ar. 7 corresponden a\u00a0Juntos, 6 al\u00a0justicialismo\u00a0y uno a\u00a017 de Noviembre.\" \/>\n<meta property=\"og:url\" content=\"https:\/\/infoecos.com.ar\/index.php\/14-diputados-de-la-4ta-seccion-electoral-se-eligen-en-el-proximo-comicio\/\" \/>\n<meta property=\"og:site_name\" content=\"Infoecos\" \/>\n<meta property=\"article:publisher\" content=\"https:\/\/www.facebook.com\/profile.php?id=100063200290284\" \/>\n<meta property=\"article:published_time\" content=\"2023-05-30T03:49:50+00:00\" \/>\n<meta property=\"article:modified_time\" content=\"2023-05-31T04:23:32+00:00\" \/>\n<meta property=\"og:image\" content=\"https:\/\/infoecos.com.ar\/wp-content\/uploads\/117299930_2670733839841223_8422519945427836950_o.jpg\" \/>\n\t<meta property=\"og:image:width\" content=\"1280\" \/>\n\t<meta property=\"og:image:height\" content=\"853\" \/>\n\t<meta property=\"og:image:type\" content=\"image\/jpeg\" \/>\n<meta name=\"author\" content=\"Jorge Matheus\" \/>\n<meta name=\"twitter:card\" content=\"summary_large_image\" \/>\n<meta name=\"twitter:creator\" content=\"@infoecos\" \/>\n<meta name=\"twitter:site\" content=\"@infoecos\" \/>\n<meta name=\"twitter:label1\" content=\"Escrito por\" \/>\n\t<meta name=\"twitter:data1\" content=\"Jorge Matheus\" \/>\n\t<meta name=\"twitter:label2\" content=\"Tiempo de lectura\" \/>\n\t<meta name=\"twitter:data2\" content=\"1 minuto\" \/>\n<script type=\"application\/ld+json\" class=\"yoast-schema-graph\">{\"@context\":\"https:\/\/schema.org\",\"@graph\":[{\"@type\":\"Article\",\"@id\":\"https:\/\/infoecos.com.ar\/index.php\/14-diputados-de-la-4ta-seccion-electoral-se-eligen-en-el-proximo-comicio\/#article\",\"isPartOf\":{\"@id\":\"https:\/\/infoecos.com.ar\/index.php\/14-diputados-de-la-4ta-seccion-electoral-se-eligen-en-el-proximo-comicio\/\"},\"author\":{\"name\":\"Jorge Matheus\",\"@id\":\"https:\/\/infoecos.com.ar\/#\/schema\/person\/8f5ace5ce73b4b4aac4b7245aee6f191\"},\"headline\":\"14 diputados de la 4ta secci\u00f3n electoral se eligen en el pr\u00f3ximo comicio\",\"datePublished\":\"2023-05-30T03:49:50+00:00\",\"dateModified\":\"2023-05-31T04:23:32+00:00\",\"mainEntityOfPage\":{\"@id\":\"https:\/\/infoecos.com.ar\/index.php\/14-diputados-de-la-4ta-seccion-electoral-se-eligen-en-el-proximo-comicio\/\"},\"wordCount\":177,\"publisher\":{\"@id\":\"https:\/\/infoecos.com.ar\/#organization\"},\"image\":{\"@id\":\"https:\/\/infoecos.com.ar\/index.php\/14-diputados-de-la-4ta-seccion-electoral-se-eligen-en-el-proximo-comicio\/#primaryimage\"},\"thumbnailUrl\":\"https:\/\/infoecos.com.ar\/wp-content\/uploads\/117299930_2670733839841223_8422519945427836950_o.jpg\",\"keywords\":[\"elecciones 2023\"],\"articleSection\":[\"C3 N3\"],\"inLanguage\":\"es\"},{\"@type\":\"WebPage\",\"@id\":\"https:\/\/infoecos.com.ar\/index.php\/14-diputados-de-la-4ta-seccion-electoral-se-eligen-en-el-proximo-comicio\/\",\"url\":\"https:\/\/infoecos.com.ar\/index.php\/14-diputados-de-la-4ta-seccion-electoral-se-eligen-en-el-proximo-comicio\/\",\"name\":\"14 diputados de la 4ta secci\u00f3n electoral se eligen en el pr\u00f3ximo comicio - Infoecos\",\"isPartOf\":{\"@id\":\"https:\/\/infoecos.com.ar\/#website\"},\"primaryImageOfPage\":{\"@id\":\"https:\/\/infoecos.com.ar\/index.php\/14-diputados-de-la-4ta-seccion-electoral-se-eligen-en-el-proximo-comicio\/#primaryimage\"},\"image\":{\"@id\":\"https:\/\/infoecos.com.ar\/index.php\/14-diputados-de-la-4ta-seccion-electoral-se-eligen-en-el-proximo-comicio\/#primaryimage\"},\"thumbnailUrl\":\"https:\/\/infoecos.com.ar\/wp-content\/uploads\/117299930_2670733839841223_8422519945427836950_o.jpg\",\"datePublished\":\"2023-05-30T03:49:50+00:00\",\"dateModified\":\"2023-05-31T04:23:32+00:00\",\"breadcrumb\":{\"@id\":\"https:\/\/infoecos.com.ar\/index.php\/14-diputados-de-la-4ta-seccion-electoral-se-eligen-en-el-proximo-comicio\/#breadcrumb\"},\"inLanguage\":\"es\",\"potentialAction\":[{\"@type\":\"ReadAction\",\"target\":[\"https:\/\/infoecos.com.ar\/index.php\/14-diputados-de-la-4ta-seccion-electoral-se-eligen-en-el-proximo-comicio\/\"]}]},{\"@type\":\"ImageObject\",\"inLanguage\":\"es\",\"@id\":\"https:\/\/infoecos.com.ar\/index.php\/14-diputados-de-la-4ta-seccion-electoral-se-eligen-en-el-proximo-comicio\/#primaryimage\",\"url\":\"https:\/\/infoecos.com.ar\/wp-content\/uploads\/117299930_2670733839841223_8422519945427836950_o.jpg\",\"contentUrl\":\"https:\/\/infoecos.com.ar\/wp-content\/uploads\/117299930_2670733839841223_8422519945427836950_o.jpg\",\"width\":1280,\"height\":853},{\"@type\":\"BreadcrumbList\",\"@id\":\"https:\/\/infoecos.com.ar\/index.php\/14-diputados-de-la-4ta-seccion-electoral-se-eligen-en-el-proximo-comicio\/#breadcrumb\",\"itemListElement\":[{\"@type\":\"ListItem\",\"position\":1,\"name\":\"Portada\",\"item\":\"https:\/\/infoecos.com.ar\/\"},{\"@type\":\"ListItem\",\"position\":2,\"name\":\"14 diputados de la 4ta secci\u00f3n electoral se eligen en el pr\u00f3ximo comicio\"}]},{\"@type\":\"WebSite\",\"@id\":\"https:\/\/infoecos.com.ar\/#website\",\"url\":\"https:\/\/infoecos.com.ar\/\",\"name\":\"Infoecos\",\"description\":\"Noticias de trenque lauquen y la zona\",\"publisher\":{\"@id\":\"https:\/\/infoecos.com.ar\/#organization\"},\"alternateName\":\"Noticias\",\"potentialAction\":[{\"@type\":\"SearchAction\",\"target\":{\"@type\":\"EntryPoint\",\"urlTemplate\":\"https:\/\/infoecos.com.ar\/?s={search_term_string}\"},\"query-input\":{\"@type\":\"PropertyValueSpecification\",\"valueRequired\":true,\"valueName\":\"search_term_string\"}}],\"inLanguage\":\"es\"},{\"@type\":\"Organization\",\"@id\":\"https:\/\/infoecos.com.ar\/#organization\",\"name\":\"Infoecos\",\"alternateName\":\"Noticias\",\"url\":\"https:\/\/infoecos.com.ar\/\",\"logo\":{\"@type\":\"ImageObject\",\"inLanguage\":\"es\",\"@id\":\"https:\/\/infoecos.com.ar\/#\/schema\/logo\/image\/\",\"url\":\"https:\/\/infoecos.com.ar\/wp-content\/uploads\/2024\/03\/cropped-logo.png\",\"contentUrl\":\"https:\/\/infoecos.com.ar\/wp-content\/uploads\/2024\/03\/cropped-logo.png\",\"width\":374,\"height\":90,\"caption\":\"Infoecos\"},\"image\":{\"@id\":\"https:\/\/infoecos.com.ar\/#\/schema\/logo\/image\/\"},\"sameAs\":[\"https:\/\/www.facebook.com\/profile.php?id=100063200290284\",\"https:\/\/x.com\/infoecos\"]},{\"@type\":\"Person\",\"@id\":\"https:\/\/infoecos.com.ar\/#\/schema\/person\/8f5ace5ce73b4b4aac4b7245aee6f191\",\"name\":\"Jorge Matheus\",\"url\":\"https:\/\/infoecos.com.ar\/index.php\/author\/jomatheus\/\"}]}<\/script>\n<!-- \/ Yoast SEO plugin. -->","yoast_head_json":{"title":"14 diputados de la 4ta secci\u00f3n electoral se eligen en el pr\u00f3ximo comicio - Infoecos","robots":{"index":"index","follow":"follow","max-snippet":"max-snippet:-1","max-image-preview":"max-image-preview:large","max-video-preview":"max-video-preview:-1"},"canonical":"https:\/\/infoecos.com.ar\/index.php\/14-diputados-de-la-4ta-seccion-electoral-se-eligen-en-el-proximo-comicio\/","og_locale":"es_ES","og_type":"article","og_title":"14 diputados de la 4ta secci\u00f3n electoral se eligen en el pr\u00f3ximo comicio - Infoecos","og_description":"Cr\u00e9dito: infonoroeste.com.ar. 7 corresponden a\u00a0Juntos, 6 al\u00a0justicialismo\u00a0y uno a\u00a017 de Noviembre.","og_url":"https:\/\/infoecos.com.ar\/index.php\/14-diputados-de-la-4ta-seccion-electoral-se-eligen-en-el-proximo-comicio\/","og_site_name":"Infoecos","article_publisher":"https:\/\/www.facebook.com\/profile.php?id=100063200290284","article_published_time":"2023-05-30T03:49:50+00:00","article_modified_time":"2023-05-31T04:23:32+00:00","og_image":[{"width":1280,"height":853,"url":"https:\/\/infoecos.com.ar\/wp-content\/uploads\/117299930_2670733839841223_8422519945427836950_o.jpg","type":"image\/jpeg"}],"author":"Jorge Matheus","twitter_card":"summary_large_image","twitter_creator":"@infoecos","twitter_site":"@infoecos","twitter_misc":{"Escrito por":"Jorge Matheus","Tiempo de lectura":"1 minuto"},"schema":{"@context":"https:\/\/schema.org","@graph":[{"@type":"Article","@id":"https:\/\/infoecos.com.ar\/index.php\/14-diputados-de-la-4ta-seccion-electoral-se-eligen-en-el-proximo-comicio\/#article","isPartOf":{"@id":"https:\/\/infoecos.com.ar\/index.php\/14-diputados-de-la-4ta-seccion-electoral-se-eligen-en-el-proximo-comicio\/"},"author":{"name":"Jorge Matheus","@id":"https:\/\/infoecos.com.ar\/#\/schema\/person\/8f5ace5ce73b4b4aac4b7245aee6f191"},"headline":"14 diputados de la 4ta secci\u00f3n electoral se eligen en el pr\u00f3ximo comicio","datePublished":"2023-05-30T03:49:50+00:00","dateModified":"2023-05-31T04:23:32+00:00","mainEntityOfPage":{"@id":"https:\/\/infoecos.com.ar\/index.php\/14-diputados-de-la-4ta-seccion-electoral-se-eligen-en-el-proximo-comicio\/"},"wordCount":177,"publisher":{"@id":"https:\/\/infoecos.com.ar\/#organization"},"image":{"@id":"https:\/\/infoecos.com.ar\/index.php\/14-diputados-de-la-4ta-seccion-electoral-se-eligen-en-el-proximo-comicio\/#primaryimage"},"thumbnailUrl":"https:\/\/infoecos.com.ar\/wp-content\/uploads\/117299930_2670733839841223_8422519945427836950_o.jpg","keywords":["elecciones 2023"],"articleSection":["C3 N3"],"inLanguage":"es"},{"@type":"WebPage","@id":"https:\/\/infoecos.com.ar\/index.php\/14-diputados-de-la-4ta-seccion-electoral-se-eligen-en-el-proximo-comicio\/","url":"https:\/\/infoecos.com.ar\/index.php\/14-diputados-de-la-4ta-seccion-electoral-se-eligen-en-el-proximo-comicio\/","name":"14 diputados de la 4ta secci\u00f3n electoral se eligen en el pr\u00f3ximo comicio - Infoecos","isPartOf":{"@id":"https:\/\/infoecos.com.ar\/#website"},"primaryImageOfPage":{"@id":"https:\/\/infoecos.com.ar\/index.php\/14-diputados-de-la-4ta-seccion-electoral-se-eligen-en-el-proximo-comicio\/#primaryimage"},"image":{"@id":"https:\/\/infoecos.com.ar\/index.php\/14-diputados-de-la-4ta-seccion-electoral-se-eligen-en-el-proximo-comicio\/#primaryimage"},"thumbnailUrl":"https:\/\/infoecos.com.ar\/wp-content\/uploads\/117299930_2670733839841223_8422519945427836950_o.jpg","datePublished":"2023-05-30T03:49:50+00:00","dateModified":"2023-05-31T04:23:32+00:00","breadcrumb":{"@id":"https:\/\/infoecos.com.ar\/index.php\/14-diputados-de-la-4ta-seccion-electoral-se-eligen-en-el-proximo-comicio\/#breadcrumb"},"inLanguage":"es","potentialAction":[{"@type":"ReadAction","target":["https:\/\/infoecos.com.ar\/index.php\/14-diputados-de-la-4ta-seccion-electoral-se-eligen-en-el-proximo-comicio\/"]}]},{"@type":"ImageObject","inLanguage":"es","@id":"https:\/\/infoecos.com.ar\/index.php\/14-diputados-de-la-4ta-seccion-electoral-se-eligen-en-el-proximo-comicio\/#primaryimage","url":"https:\/\/infoecos.com.ar\/wp-content\/uploads\/117299930_2670733839841223_8422519945427836950_o.jpg","contentUrl":"https:\/\/infoecos.com.ar\/wp-content\/uploads\/117299930_2670733839841223_8422519945427836950_o.jpg","width":1280,"height":853},{"@type":"BreadcrumbList","@id":"https:\/\/infoecos.com.ar\/index.php\/14-diputados-de-la-4ta-seccion-electoral-se-eligen-en-el-proximo-comicio\/#breadcrumb","itemListElement":[{"@type":"ListItem","position":1,"name":"Portada","item":"https:\/\/infoecos.com.ar\/"},{"@type":"ListItem","position":2,"name":"14 diputados de la 4ta secci\u00f3n electoral se eligen en el pr\u00f3ximo comicio"}]},{"@type":"WebSite","@id":"https:\/\/infoecos.com.ar\/#website","url":"https:\/\/infoecos.com.ar\/","name":"Infoecos","description":"Noticias de trenque lauquen y la zona","publisher":{"@id":"https:\/\/infoecos.com.ar\/#organization"},"alternateName":"Noticias","potentialAction":[{"@type":"SearchAction","target":{"@type":"EntryPoint","urlTemplate":"https:\/\/infoecos.com.ar\/?s={search_term_string}"},"query-input":{"@type":"PropertyValueSpecification","valueRequired":true,"valueName":"search_term_string"}}],"inLanguage":"es"},{"@type":"Organization","@id":"https:\/\/infoecos.com.ar\/#organization","name":"Infoecos","alternateName":"Noticias","url":"https:\/\/infoecos.com.ar\/","logo":{"@type":"ImageObject","inLanguage":"es","@id":"https:\/\/infoecos.com.ar\/#\/schema\/logo\/image\/","url":"https:\/\/infoecos.com.ar\/wp-content\/uploads\/2024\/03\/cropped-logo.png","contentUrl":"https:\/\/infoecos.com.ar\/wp-content\/uploads\/2024\/03\/cropped-logo.png","width":374,"height":90,"caption":"Infoecos"},"image":{"@id":"https:\/\/infoecos.com.ar\/#\/schema\/logo\/image\/"},"sameAs":["https:\/\/www.facebook.com\/profile.php?id=100063200290284","https:\/\/x.com\/infoecos"]},{"@type":"Person","@id":"https:\/\/infoecos.com.ar\/#\/schema\/person\/8f5ace5ce73b4b4aac4b7245aee6f191","name":"Jorge Matheus","url":"https:\/\/infoecos.com.ar\/index.php\/author\/jomatheus\/"}]}},"featured_image_urls":{"full":["https:\/\/infoecos.com.ar\/wp-content\/uploads\/117299930_2670733839841223_8422519945427836950_o.jpg",1280,853,false],"thumbnail":["https:\/\/infoecos.com.ar\/wp-content\/uploads\/117299930_2670733839841223_8422519945427836950_o-150x150.jpg",150,150,true],"medium":["https:\/\/infoecos.com.ar\/wp-content\/uploads\/117299930_2670733839841223_8422519945427836950_o-460x307.jpg",460,307,true],"medium_large":["https:\/\/infoecos.com.ar\/wp-content\/uploads\/117299930_2670733839841223_8422519945427836950_o-768x512.jpg",640,427,true],"large":["https:\/\/infoecos.com.ar\/wp-content\/uploads\/117299930_2670733839841223_8422519945427836950_o-920x613.jpg",640,426,true],"1536x1536":["https:\/\/infoecos.com.ar\/wp-content\/uploads\/117299930_2670733839841223_8422519945427836950_o.jpg",1280,853,false],"2048x2048":["https:\/\/infoecos.com.ar\/wp-content\/uploads\/117299930_2670733839841223_8422519945427836950_o.jpg",1280,853,false],"covernews-slider-full":["https:\/\/infoecos.com.ar\/wp-content\/uploads\/117299930_2670733839841223_8422519945427836950_o.jpg",1073,715,false],"covernews-slider-center":["https:\/\/infoecos.com.ar\/wp-content\/uploads\/117299930_2670733839841223_8422519945427836950_o-936x853.jpg",549,500,true],"covernews-featured":["https:\/\/infoecos.com.ar\/wp-content\/uploads\/117299930_2670733839841223_8422519945427836950_o-1024x682.jpg",1024,682,true],"covernews-medium":["https:\/\/infoecos.com.ar\/wp-content\/uploads\/117299930_2670733839841223_8422519945427836950_o-720x380.jpg",540,285,true],"covernews-medium-square":["https:\/\/infoecos.com.ar\/wp-content\/uploads\/117299930_2670733839841223_8422519945427836950_o-675x450.jpg",375,250,true]},"author_info":{"info":["Jorge Matheus"]},"category_info":"<a href=\"https:\/\/infoecos.com.ar\/index.php\/category\/c3nota3\/\" rel=\"category tag\">C3 N3<\/a>","tag_info":"C3 N3","comment_count":"0","_links":{"self":[{"href":"https:\/\/infoecos.com.ar\/index.php\/wp-json\/wp\/v2\/posts\/105552"}],"collection":[{"href":"https:\/\/infoecos.com.ar\/index.php\/wp-json\/wp\/v2\/posts"}],"about":[{"href":"https:\/\/infoecos.com.ar\/index.php\/wp-json\/wp\/v2\/types\/post"}],"author":[{"embeddable":true,"href":"https:\/\/infoecos.com.ar\/index.php\/wp-json\/wp\/v2\/users\/2"}],"replies":[{"embeddable":true,"href":"https:\/\/infoecos.com.ar\/index.php\/wp-json\/wp\/v2\/comments?post=105552"}],"version-history":[{"count":2,"href":"https:\/\/infoecos.com.ar\/index.php\/wp-json\/wp\/v2\/posts\/105552\/revisions"}],"predecessor-version":[{"id":105570,"href":"https:\/\/infoecos.com.ar\/index.php\/wp-json\/wp\/v2\/posts\/105552\/revisions\/105570"}],"wp:featuredmedia":[{"embeddable":true,"href":"https:\/\/infoecos.com.ar\/index.php\/wp-json\/wp\/v2\/media\/65735"}],"wp:attachment":[{"href":"https:\/\/infoecos.com.ar\/index.php\/wp-json\/wp\/v2\/media?parent=105552"}],"wp:term":[{"taxonomy":"category","embeddable":true,"href":"https:\/\/infoecos.com.ar\/index.php\/wp-json\/wp\/v2\/categories?post=105552"},{"taxonomy":"post_tag","embeddable":true,"href":"https:\/\/infoecos.com.ar\/index.php\/wp-json\/wp\/v2\/tags?post=105552"}],"curies":[{"name":"wp","href":"https:\/\/api.w.org\/{rel}","templated":true}]}}