{"id":105558,"date":"2023-05-30T23:02:20","date_gmt":"2023-05-31T02:02:20","guid":{"rendered":"https:\/\/infoecos.com.ar\/?p=105558"},"modified":"2023-06-01T02:37:29","modified_gmt":"2023-06-01T05:37:29","slug":"estoy-convencido-que-pereyra-es-inocente-dijo-su-abogado-defensor-este-martes-en-am-1280","status":"publish","type":"post","link":"https:\/\/infoecos.com.ar\/index.php\/estoy-convencido-que-pereyra-es-inocente-dijo-su-abogado-defensor-este-martes-en-am-1280\/","title":{"rendered":"\u00abEstoy convencido que Pereyra es inocente\u00bb, dijo su abogado defensor, este martes, en AM 1280"},"content":{"rendered":"\n<p>En una extensa entrevista en el programa<mark style=\"background-color:rgba(0, 0, 0, 0)\" class=\"has-inline-color has-vivid-red-color\"> <strong>Sin Red<\/strong><\/mark> que se emite por <strong><mark style=\"background-color:rgba(0, 0, 0, 0)\" class=\"has-inline-color has-vivid-red-color\">LU 11 Radioemisora del Oeste de Trenque Lauquen y la frecuencia modulada 93.1<\/mark><\/strong>, el doctor <strong>Horacio Samam\u00e9<\/strong>, abogado defensor de <strong>Mario Luis Pereryra<\/strong> que oportunamente fuera aprehendido por decisi\u00f3n de la Fiscal\u00eda n\u00famero 4 y el Juzgado de Garant\u00edas al interpretar que hab\u00eda sido el autor material del asesinato de <strong>Ana Mar\u00eda Aristimu\u00f1o<\/strong>, una conocida docente de la ciudad, en las postrimer\u00edas del mes de Abril, habl\u00f3 de la cuesti\u00f3n y contundentemente manifest\u00f3: <strong><mark style=\"background-color:rgba(0, 0, 0, 0)\" class=\"has-inline-color has-vivid-red-color\">\u00abEstoy convencido que Pereyra es inocente\u00bb<\/mark><\/strong>. <\/p>\n\n\n\n<figure class=\"wp-block-image aligncenter size-full is-resized\"><img loading=\"lazy\" decoding=\"async\" src=\"https:\/\/infoecos.com.ar\/wp-content\/uploads\/2023\/05\/IMG-20230530-WA0016.jpg\" alt=\"\" class=\"wp-image-105559\" width=\"430\" height=\"485\" srcset=\"https:\/\/infoecos.com.ar\/wp-content\/uploads\/2023\/05\/IMG-20230530-WA0016.jpg 720w, https:\/\/infoecos.com.ar\/wp-content\/uploads\/2023\/05\/IMG-20230530-WA0016-709x800.jpg 709w\" sizes=\"(max-width: 430px) 100vw, 430px\" \/><figcaption class=\"wp-element-caption\">Samam\u00e9, Horacio <\/figcaption><\/figure>\n\n\n\n<p>Samam\u00e9 concurri\u00f3 al estudio de la radio (foto) que se emite entre las 20.00 y 22.00 los d\u00edas martes y jueves, para hablar de su vida, en virtud que los conductores (<strong>Fabio Cornejo y Jos\u00e9 Luis Oloriz<\/strong>) le dan al mismo un tono intimista y de car\u00e1cter familiar. Como no se evita adentrar en la vida profesional de los invitados, se lo consult\u00f3 sobre una cuesti\u00f3n que en principio provoc\u00f3 estupor, manifestaciones sociales y amplia divulgaci\u00f3n en las redes, como as\u00ed otros medios pero que se ha debilitado en su tratamiento, en Trenque Lauquen. <\/p>\n\n\n\n<p>La Justicia sigue investigando. <strong>Pereyra<\/strong>, luego de estar en la comisar\u00eda de Am\u00e9rica, se encuentra en su casa, sin interrupci\u00f3n de la causa. Concretamente, se trata de un hecho criminal, no muy com\u00fan en esta ciudad del oeste de la provincia de Buenos Aires sin claro culpable, o bien qui\u00e9n est\u00e1 en esa situaci\u00f3n no lo ser\u00eda.<\/p>\n\n\n\n<p><strong>Samam\u00e9<\/strong> repiti\u00f3 en <strong>Sin Red<\/strong> sus dichos de d\u00edas anteriores en el sentido que la C\u00e1mara de Apelaciones y Garant\u00edas, que tom\u00f3 la determinaci\u00f3n de considerar nulas todas las pruebas a ra\u00edz de un pedido realizado por \u00e9l, en condici\u00f3n de abogado defensor que <strong><mark style=\"background-color:rgba(0, 0, 0, 0)\" class=\"has-inline-color has-vivid-red-color\"><em>\u00aben este caso se hizo un tratado de procedimiento judicial que se debe destacar\u00bb<\/em><\/mark><\/strong>. Ampli\u00f3 al se\u00f1alar que <strong><em><mark style=\"background-color:rgba(0, 0, 0, 0)\" class=\"has-inline-color has-vivid-red-color\">\u00abla c\u00e1mara no advierte razones de urgencia para hacer los allanamientos a poco de ocurrir el hecho\u00bb<\/mark><\/em><\/strong>, y expuso argumentos que debilitir\u00edan a\u00fan m\u00e1s &#8211; tambi\u00e9n -la presunci\u00f3n que se trat\u00f3 de un femicidio. <\/p>\n\n\n\n<p>En otro tramo de sus declaraciones se\u00f1al\u00f3 que <strong><em><mark style=\"background-color:rgba(0, 0, 0, 0)\" class=\"has-inline-color has-vivid-red-color\">\u00abhe pedido pruebas a criminal\u00edstica de Jun\u00edn (ciudad en la que funciona el organismo a cargo de las pericias) para aclarar dos o tres situaciones que se sostuvieron inicialmente\u00bb<\/mark><\/em><\/strong>, por lo que<strong><em><mark style=\"background-color:rgba(0, 0, 0, 0)\" class=\"has-inline-color has-vivid-red-color\"> \u00abhoy (por ayer) ya he pedido la eximici\u00f3n de prisi\u00f3n de Pereyra\u00bb<\/mark><\/em><\/strong>.<\/p>\n","protected":false},"excerpt":{"rendered":"<p>Samam\u00e9 concurri\u00f3 al estudio de la radio (foto) que se emite entre las 20.00 y 22.00 los d\u00edas martes y jueves, para hablar de su vida, en virtud que los conductores (Fabio Cornejo y Jos\u00e9 Luis Oloriz) le dan al mismo un tono intimista y de car\u00e1cter familiar. Como no se evita adentrar en la vida profesional de los invitados, se lo consult\u00f3 sobre una cuesti\u00f3n que en principio provoc\u00f3 estupor, manifestaciones sociales y amplia divulgaci\u00f3n en las redes, como as\u00ed otros medios pero que se ha debilitado en su tratamiento, en Trenque Lauquen<\/p>\n","protected":false},"author":2,"featured_media":105561,"comment_status":"closed","ping_status":"open","sticky":false,"template":"","format":"standard","meta":{"footnotes":""},"categories":[1325],"tags":[8060],"class_list":["post-105558","post","type-post","status-publish","format-standard","has-post-thumbnail","hentry","category-c1nota6","tag-el-crimen-de-ana-aristimuno"],"yoast_head":"<!-- This site is optimized with the Yoast SEO plugin v23.4 - https:\/\/yoast.com\/wordpress\/plugins\/seo\/ -->\n<title>&quot;Estoy convencido que Pereyra es inocente&quot;, dijo su abogado defensor, este martes, en AM 1280 - Infoecos<\/title>\n<meta name=\"robots\" content=\"index, follow, max-snippet:-1, max-image-preview:large, max-video-preview:-1\" \/>\n<link rel=\"canonical\" href=\"https:\/\/infoecos.com.ar\/index.php\/estoy-convencido-que-pereyra-es-inocente-dijo-su-abogado-defensor-este-martes-en-am-1280\/\" \/>\n<meta property=\"og:locale\" content=\"es_ES\" \/>\n<meta property=\"og:type\" content=\"article\" \/>\n<meta property=\"og:title\" content=\"&quot;Estoy convencido que Pereyra es inocente&quot;, dijo su abogado defensor, este martes, en AM 1280 - Infoecos\" \/>\n<meta property=\"og:description\" content=\"Samam\u00e9 concurri\u00f3 al estudio de la radio (foto) que se emite entre las 20.00 y 22.00 los d\u00edas martes y jueves, para hablar de su vida, en virtud que los conductores (Fabio Cornejo y Jos\u00e9 Luis Oloriz) le dan al mismo un tono intimista y de car\u00e1cter familiar. Como no se evita adentrar en la vida profesional de los invitados, se lo consult\u00f3 sobre una cuesti\u00f3n que en principio provoc\u00f3 estupor, manifestaciones sociales y amplia divulgaci\u00f3n en las redes, como as\u00ed otros medios pero que se ha debilitado en su tratamiento, en Trenque Lauquen\" \/>\n<meta property=\"og:url\" content=\"https:\/\/infoecos.com.ar\/index.php\/estoy-convencido-que-pereyra-es-inocente-dijo-su-abogado-defensor-este-martes-en-am-1280\/\" \/>\n<meta property=\"og:site_name\" content=\"Infoecos\" \/>\n<meta property=\"article:publisher\" content=\"https:\/\/www.facebook.com\/profile.php?id=100063200290284\" \/>\n<meta property=\"article:published_time\" content=\"2023-05-31T02:02:20+00:00\" \/>\n<meta property=\"article:modified_time\" content=\"2023-06-01T05:37:29+00:00\" \/>\n<meta property=\"og:image\" content=\"https:\/\/infoecos.com.ar\/wp-content\/uploads\/2023\/05\/350259921_228985179890168_2076646062849055994_n.jpg\" \/>\n\t<meta property=\"og:image:width\" content=\"451\" \/>\n\t<meta property=\"og:image:height\" content=\"386\" \/>\n\t<meta property=\"og:image:type\" content=\"image\/jpeg\" \/>\n<meta name=\"author\" content=\"Jorge Matheus\" \/>\n<meta name=\"twitter:card\" content=\"summary_large_image\" \/>\n<meta name=\"twitter:creator\" content=\"@infoecos\" \/>\n<meta name=\"twitter:site\" content=\"@infoecos\" \/>\n<meta name=\"twitter:label1\" content=\"Escrito por\" \/>\n\t<meta name=\"twitter:data1\" content=\"Jorge Matheus\" \/>\n\t<meta name=\"twitter:label2\" content=\"Tiempo de lectura\" \/>\n\t<meta name=\"twitter:data2\" content=\"2 minutos\" \/>\n<script type=\"application\/ld+json\" class=\"yoast-schema-graph\">{\"@context\":\"https:\/\/schema.org\",\"@graph\":[{\"@type\":\"Article\",\"@id\":\"https:\/\/infoecos.com.ar\/index.php\/estoy-convencido-que-pereyra-es-inocente-dijo-su-abogado-defensor-este-martes-en-am-1280\/#article\",\"isPartOf\":{\"@id\":\"https:\/\/infoecos.com.ar\/index.php\/estoy-convencido-que-pereyra-es-inocente-dijo-su-abogado-defensor-este-martes-en-am-1280\/\"},\"author\":{\"name\":\"Jorge Matheus\",\"@id\":\"https:\/\/infoecos.com.ar\/#\/schema\/person\/8f5ace5ce73b4b4aac4b7245aee6f191\"},\"headline\":\"\u00abEstoy convencido que Pereyra es inocente\u00bb, dijo su abogado defensor, este martes, en AM 1280\",\"datePublished\":\"2023-05-31T02:02:20+00:00\",\"dateModified\":\"2023-06-01T05:37:29+00:00\",\"mainEntityOfPage\":{\"@id\":\"https:\/\/infoecos.com.ar\/index.php\/estoy-convencido-que-pereyra-es-inocente-dijo-su-abogado-defensor-este-martes-en-am-1280\/\"},\"wordCount\":440,\"publisher\":{\"@id\":\"https:\/\/infoecos.com.ar\/#organization\"},\"image\":{\"@id\":\"https:\/\/infoecos.com.ar\/index.php\/estoy-convencido-que-pereyra-es-inocente-dijo-su-abogado-defensor-este-martes-en-am-1280\/#primaryimage\"},\"thumbnailUrl\":\"https:\/\/infoecos.com.ar\/wp-content\/uploads\/2023\/05\/350259921_228985179890168_2076646062849055994_n.jpg\",\"keywords\":[\"EL CRIMEN DE ANA ARISTIMU\u00d1O\"],\"articleSection\":[\"C1 nota 6\"],\"inLanguage\":\"es\"},{\"@type\":\"WebPage\",\"@id\":\"https:\/\/infoecos.com.ar\/index.php\/estoy-convencido-que-pereyra-es-inocente-dijo-su-abogado-defensor-este-martes-en-am-1280\/\",\"url\":\"https:\/\/infoecos.com.ar\/index.php\/estoy-convencido-que-pereyra-es-inocente-dijo-su-abogado-defensor-este-martes-en-am-1280\/\",\"name\":\"\\\"Estoy convencido que Pereyra es inocente\\\", dijo su abogado defensor, este martes, en AM 1280 - Infoecos\",\"isPartOf\":{\"@id\":\"https:\/\/infoecos.com.ar\/#website\"},\"primaryImageOfPage\":{\"@id\":\"https:\/\/infoecos.com.ar\/index.php\/estoy-convencido-que-pereyra-es-inocente-dijo-su-abogado-defensor-este-martes-en-am-1280\/#primaryimage\"},\"image\":{\"@id\":\"https:\/\/infoecos.com.ar\/index.php\/estoy-convencido-que-pereyra-es-inocente-dijo-su-abogado-defensor-este-martes-en-am-1280\/#primaryimage\"},\"thumbnailUrl\":\"https:\/\/infoecos.com.ar\/wp-content\/uploads\/2023\/05\/350259921_228985179890168_2076646062849055994_n.jpg\",\"datePublished\":\"2023-05-31T02:02:20+00:00\",\"dateModified\":\"2023-06-01T05:37:29+00:00\",\"breadcrumb\":{\"@id\":\"https:\/\/infoecos.com.ar\/index.php\/estoy-convencido-que-pereyra-es-inocente-dijo-su-abogado-defensor-este-martes-en-am-1280\/#breadcrumb\"},\"inLanguage\":\"es\",\"potentialAction\":[{\"@type\":\"ReadAction\",\"target\":[\"https:\/\/infoecos.com.ar\/index.php\/estoy-convencido-que-pereyra-es-inocente-dijo-su-abogado-defensor-este-martes-en-am-1280\/\"]}]},{\"@type\":\"ImageObject\",\"inLanguage\":\"es\",\"@id\":\"https:\/\/infoecos.com.ar\/index.php\/estoy-convencido-que-pereyra-es-inocente-dijo-su-abogado-defensor-este-martes-en-am-1280\/#primaryimage\",\"url\":\"https:\/\/infoecos.com.ar\/wp-content\/uploads\/2023\/05\/350259921_228985179890168_2076646062849055994_n.jpg\",\"contentUrl\":\"https:\/\/infoecos.com.ar\/wp-content\/uploads\/2023\/05\/350259921_228985179890168_2076646062849055994_n.jpg\",\"width\":451,\"height\":386},{\"@type\":\"BreadcrumbList\",\"@id\":\"https:\/\/infoecos.com.ar\/index.php\/estoy-convencido-que-pereyra-es-inocente-dijo-su-abogado-defensor-este-martes-en-am-1280\/#breadcrumb\",\"itemListElement\":[{\"@type\":\"ListItem\",\"position\":1,\"name\":\"Portada\",\"item\":\"https:\/\/infoecos.com.ar\/\"},{\"@type\":\"ListItem\",\"position\":2,\"name\":\"\u00abEstoy convencido que Pereyra es inocente\u00bb, dijo su abogado defensor, este martes, en AM 1280\"}]},{\"@type\":\"WebSite\",\"@id\":\"https:\/\/infoecos.com.ar\/#website\",\"url\":\"https:\/\/infoecos.com.ar\/\",\"name\":\"Infoecos\",\"description\":\"Noticias de trenque lauquen y la zona\",\"publisher\":{\"@id\":\"https:\/\/infoecos.com.ar\/#organization\"},\"alternateName\":\"Noticias\",\"potentialAction\":[{\"@type\":\"SearchAction\",\"target\":{\"@type\":\"EntryPoint\",\"urlTemplate\":\"https:\/\/infoecos.com.ar\/?s={search_term_string}\"},\"query-input\":{\"@type\":\"PropertyValueSpecification\",\"valueRequired\":true,\"valueName\":\"search_term_string\"}}],\"inLanguage\":\"es\"},{\"@type\":\"Organization\",\"@id\":\"https:\/\/infoecos.com.ar\/#organization\",\"name\":\"Infoecos\",\"alternateName\":\"Noticias\",\"url\":\"https:\/\/infoecos.com.ar\/\",\"logo\":{\"@type\":\"ImageObject\",\"inLanguage\":\"es\",\"@id\":\"https:\/\/infoecos.com.ar\/#\/schema\/logo\/image\/\",\"url\":\"https:\/\/infoecos.com.ar\/wp-content\/uploads\/2024\/03\/cropped-logo.png\",\"contentUrl\":\"https:\/\/infoecos.com.ar\/wp-content\/uploads\/2024\/03\/cropped-logo.png\",\"width\":374,\"height\":90,\"caption\":\"Infoecos\"},\"image\":{\"@id\":\"https:\/\/infoecos.com.ar\/#\/schema\/logo\/image\/\"},\"sameAs\":[\"https:\/\/www.facebook.com\/profile.php?id=100063200290284\",\"https:\/\/x.com\/infoecos\"]},{\"@type\":\"Person\",\"@id\":\"https:\/\/infoecos.com.ar\/#\/schema\/person\/8f5ace5ce73b4b4aac4b7245aee6f191\",\"name\":\"Jorge Matheus\",\"url\":\"https:\/\/infoecos.com.ar\/index.php\/author\/jomatheus\/\"}]}<\/script>\n<!-- \/ Yoast SEO plugin. -->","yoast_head_json":{"title":"\"Estoy convencido que Pereyra es inocente\", dijo su abogado defensor, este martes, en AM 1280 - Infoecos","robots":{"index":"index","follow":"follow","max-snippet":"max-snippet:-1","max-image-preview":"max-image-preview:large","max-video-preview":"max-video-preview:-1"},"canonical":"https:\/\/infoecos.com.ar\/index.php\/estoy-convencido-que-pereyra-es-inocente-dijo-su-abogado-defensor-este-martes-en-am-1280\/","og_locale":"es_ES","og_type":"article","og_title":"\"Estoy convencido que Pereyra es inocente\", dijo su abogado defensor, este martes, en AM 1280 - Infoecos","og_description":"Samam\u00e9 concurri\u00f3 al estudio de la radio (foto) que se emite entre las 20.00 y 22.00 los d\u00edas martes y jueves, para hablar de su vida, en virtud que los conductores (Fabio Cornejo y Jos\u00e9 Luis Oloriz) le dan al mismo un tono intimista y de car\u00e1cter familiar. Como no se evita adentrar en la vida profesional de los invitados, se lo consult\u00f3 sobre una cuesti\u00f3n que en principio provoc\u00f3 estupor, manifestaciones sociales y amplia divulgaci\u00f3n en las redes, como as\u00ed otros medios pero que se ha debilitado en su tratamiento, en Trenque Lauquen","og_url":"https:\/\/infoecos.com.ar\/index.php\/estoy-convencido-que-pereyra-es-inocente-dijo-su-abogado-defensor-este-martes-en-am-1280\/","og_site_name":"Infoecos","article_publisher":"https:\/\/www.facebook.com\/profile.php?id=100063200290284","article_published_time":"2023-05-31T02:02:20+00:00","article_modified_time":"2023-06-01T05:37:29+00:00","og_image":[{"width":451,"height":386,"url":"https:\/\/infoecos.com.ar\/wp-content\/uploads\/2023\/05\/350259921_228985179890168_2076646062849055994_n.jpg","type":"image\/jpeg"}],"author":"Jorge Matheus","twitter_card":"summary_large_image","twitter_creator":"@infoecos","twitter_site":"@infoecos","twitter_misc":{"Escrito por":"Jorge Matheus","Tiempo de lectura":"2 minutos"},"schema":{"@context":"https:\/\/schema.org","@graph":[{"@type":"Article","@id":"https:\/\/infoecos.com.ar\/index.php\/estoy-convencido-que-pereyra-es-inocente-dijo-su-abogado-defensor-este-martes-en-am-1280\/#article","isPartOf":{"@id":"https:\/\/infoecos.com.ar\/index.php\/estoy-convencido-que-pereyra-es-inocente-dijo-su-abogado-defensor-este-martes-en-am-1280\/"},"author":{"name":"Jorge Matheus","@id":"https:\/\/infoecos.com.ar\/#\/schema\/person\/8f5ace5ce73b4b4aac4b7245aee6f191"},"headline":"\u00abEstoy convencido que Pereyra es inocente\u00bb, dijo su abogado defensor, este martes, en AM 1280","datePublished":"2023-05-31T02:02:20+00:00","dateModified":"2023-06-01T05:37:29+00:00","mainEntityOfPage":{"@id":"https:\/\/infoecos.com.ar\/index.php\/estoy-convencido-que-pereyra-es-inocente-dijo-su-abogado-defensor-este-martes-en-am-1280\/"},"wordCount":440,"publisher":{"@id":"https:\/\/infoecos.com.ar\/#organization"},"image":{"@id":"https:\/\/infoecos.com.ar\/index.php\/estoy-convencido-que-pereyra-es-inocente-dijo-su-abogado-defensor-este-martes-en-am-1280\/#primaryimage"},"thumbnailUrl":"https:\/\/infoecos.com.ar\/wp-content\/uploads\/2023\/05\/350259921_228985179890168_2076646062849055994_n.jpg","keywords":["EL CRIMEN DE ANA ARISTIMU\u00d1O"],"articleSection":["C1 nota 6"],"inLanguage":"es"},{"@type":"WebPage","@id":"https:\/\/infoecos.com.ar\/index.php\/estoy-convencido-que-pereyra-es-inocente-dijo-su-abogado-defensor-este-martes-en-am-1280\/","url":"https:\/\/infoecos.com.ar\/index.php\/estoy-convencido-que-pereyra-es-inocente-dijo-su-abogado-defensor-este-martes-en-am-1280\/","name":"\"Estoy convencido que Pereyra es inocente\", dijo su abogado defensor, este martes, en AM 1280 - Infoecos","isPartOf":{"@id":"https:\/\/infoecos.com.ar\/#website"},"primaryImageOfPage":{"@id":"https:\/\/infoecos.com.ar\/index.php\/estoy-convencido-que-pereyra-es-inocente-dijo-su-abogado-defensor-este-martes-en-am-1280\/#primaryimage"},"image":{"@id":"https:\/\/infoecos.com.ar\/index.php\/estoy-convencido-que-pereyra-es-inocente-dijo-su-abogado-defensor-este-martes-en-am-1280\/#primaryimage"},"thumbnailUrl":"https:\/\/infoecos.com.ar\/wp-content\/uploads\/2023\/05\/350259921_228985179890168_2076646062849055994_n.jpg","datePublished":"2023-05-31T02:02:20+00:00","dateModified":"2023-06-01T05:37:29+00:00","breadcrumb":{"@id":"https:\/\/infoecos.com.ar\/index.php\/estoy-convencido-que-pereyra-es-inocente-dijo-su-abogado-defensor-este-martes-en-am-1280\/#breadcrumb"},"inLanguage":"es","potentialAction":[{"@type":"ReadAction","target":["https:\/\/infoecos.com.ar\/index.php\/estoy-convencido-que-pereyra-es-inocente-dijo-su-abogado-defensor-este-martes-en-am-1280\/"]}]},{"@type":"ImageObject","inLanguage":"es","@id":"https:\/\/infoecos.com.ar\/index.php\/estoy-convencido-que-pereyra-es-inocente-dijo-su-abogado-defensor-este-martes-en-am-1280\/#primaryimage","url":"https:\/\/infoecos.com.ar\/wp-content\/uploads\/2023\/05\/350259921_228985179890168_2076646062849055994_n.jpg","contentUrl":"https:\/\/infoecos.com.ar\/wp-content\/uploads\/2023\/05\/350259921_228985179890168_2076646062849055994_n.jpg","width":451,"height":386},{"@type":"BreadcrumbList","@id":"https:\/\/infoecos.com.ar\/index.php\/estoy-convencido-que-pereyra-es-inocente-dijo-su-abogado-defensor-este-martes-en-am-1280\/#breadcrumb","itemListElement":[{"@type":"ListItem","position":1,"name":"Portada","item":"https:\/\/infoecos.com.ar\/"},{"@type":"ListItem","position":2,"name":"\u00abEstoy convencido que Pereyra es inocente\u00bb, dijo su abogado defensor, este martes, en AM 1280"}]},{"@type":"WebSite","@id":"https:\/\/infoecos.com.ar\/#website","url":"https:\/\/infoecos.com.ar\/","name":"Infoecos","description":"Noticias de trenque lauquen y la zona","publisher":{"@id":"https:\/\/infoecos.com.ar\/#organization"},"alternateName":"Noticias","potentialAction":[{"@type":"SearchAction","target":{"@type":"EntryPoint","urlTemplate":"https:\/\/infoecos.com.ar\/?s={search_term_string}"},"query-input":{"@type":"PropertyValueSpecification","valueRequired":true,"valueName":"search_term_string"}}],"inLanguage":"es"},{"@type":"Organization","@id":"https:\/\/infoecos.com.ar\/#organization","name":"Infoecos","alternateName":"Noticias","url":"https:\/\/infoecos.com.ar\/","logo":{"@type":"ImageObject","inLanguage":"es","@id":"https:\/\/infoecos.com.ar\/#\/schema\/logo\/image\/","url":"https:\/\/infoecos.com.ar\/wp-content\/uploads\/2024\/03\/cropped-logo.png","contentUrl":"https:\/\/infoecos.com.ar\/wp-content\/uploads\/2024\/03\/cropped-logo.png","width":374,"height":90,"caption":"Infoecos"},"image":{"@id":"https:\/\/infoecos.com.ar\/#\/schema\/logo\/image\/"},"sameAs":["https:\/\/www.facebook.com\/profile.php?id=100063200290284","https:\/\/x.com\/infoecos"]},{"@type":"Person","@id":"https:\/\/infoecos.com.ar\/#\/schema\/person\/8f5ace5ce73b4b4aac4b7245aee6f191","name":"Jorge Matheus","url":"https:\/\/infoecos.com.ar\/index.php\/author\/jomatheus\/"}]}},"featured_image_urls":{"full":["https:\/\/infoecos.com.ar\/wp-content\/uploads\/2023\/05\/350259921_228985179890168_2076646062849055994_n.jpg",451,386,false],"thumbnail":["https:\/\/infoecos.com.ar\/wp-content\/uploads\/2023\/05\/350259921_228985179890168_2076646062849055994_n-300x150.jpg",300,150,true],"medium":["https:\/\/infoecos.com.ar\/wp-content\/uploads\/2023\/05\/350259921_228985179890168_2076646062849055994_n.jpg",451,386,false],"medium_large":["https:\/\/infoecos.com.ar\/wp-content\/uploads\/2023\/05\/350259921_228985179890168_2076646062849055994_n.jpg",451,386,false],"large":["https:\/\/infoecos.com.ar\/wp-content\/uploads\/2023\/05\/350259921_228985179890168_2076646062849055994_n.jpg",451,386,false],"1536x1536":["https:\/\/infoecos.com.ar\/wp-content\/uploads\/2023\/05\/350259921_228985179890168_2076646062849055994_n.jpg",451,386,false],"2048x2048":["https:\/\/infoecos.com.ar\/wp-content\/uploads\/2023\/05\/350259921_228985179890168_2076646062849055994_n.jpg",451,386,false],"covernews-slider-full":["https:\/\/infoecos.com.ar\/wp-content\/uploads\/2023\/05\/350259921_228985179890168_2076646062849055994_n.jpg",451,386,false],"covernews-slider-center":["https:\/\/infoecos.com.ar\/wp-content\/uploads\/2023\/05\/350259921_228985179890168_2076646062849055994_n.jpg",451,386,false],"covernews-featured":["https:\/\/infoecos.com.ar\/wp-content\/uploads\/2023\/05\/350259921_228985179890168_2076646062849055994_n.jpg",451,386,false],"covernews-medium":["https:\/\/infoecos.com.ar\/wp-content\/uploads\/2023\/05\/350259921_228985179890168_2076646062849055994_n-451x380.jpg",404,340,true],"covernews-medium-square":["https:\/\/infoecos.com.ar\/wp-content\/uploads\/2023\/05\/350259921_228985179890168_2076646062849055994_n.jpg",292,250,false]},"author_info":{"info":["Jorge Matheus"]},"category_info":"<a href=\"https:\/\/infoecos.com.ar\/index.php\/category\/c1nota6\/\" rel=\"category tag\">C1 nota 6<\/a>","tag_info":"C1 nota 6","comment_count":"0","_links":{"self":[{"href":"https:\/\/infoecos.com.ar\/index.php\/wp-json\/wp\/v2\/posts\/105558"}],"collection":[{"href":"https:\/\/infoecos.com.ar\/index.php\/wp-json\/wp\/v2\/posts"}],"about":[{"href":"https:\/\/infoecos.com.ar\/index.php\/wp-json\/wp\/v2\/types\/post"}],"author":[{"embeddable":true,"href":"https:\/\/infoecos.com.ar\/index.php\/wp-json\/wp\/v2\/users\/2"}],"replies":[{"embeddable":true,"href":"https:\/\/infoecos.com.ar\/index.php\/wp-json\/wp\/v2\/comments?post=105558"}],"version-history":[{"count":1,"href":"https:\/\/infoecos.com.ar\/index.php\/wp-json\/wp\/v2\/posts\/105558\/revisions"}],"predecessor-version":[{"id":105562,"href":"https:\/\/infoecos.com.ar\/index.php\/wp-json\/wp\/v2\/posts\/105558\/revisions\/105562"}],"wp:featuredmedia":[{"embeddable":true,"href":"https:\/\/infoecos.com.ar\/index.php\/wp-json\/wp\/v2\/media\/105561"}],"wp:attachment":[{"href":"https:\/\/infoecos.com.ar\/index.php\/wp-json\/wp\/v2\/media?parent=105558"}],"wp:term":[{"taxonomy":"category","embeddable":true,"href":"https:\/\/infoecos.com.ar\/index.php\/wp-json\/wp\/v2\/categories?post=105558"},{"taxonomy":"post_tag","embeddable":true,"href":"https:\/\/infoecos.com.ar\/index.php\/wp-json\/wp\/v2\/tags?post=105558"}],"curies":[{"name":"wp","href":"https:\/\/api.w.org\/{rel}","templated":true}]}}