{"id":105577,"date":"2023-05-31T01:04:28","date_gmt":"2023-05-31T04:04:28","guid":{"rendered":"https:\/\/infoecos.com.ar\/?p=105577"},"modified":"2023-05-31T12:57:38","modified_gmt":"2023-05-31T15:57:38","slug":"aumentara-desde-manana-la-energia-para-usuarios-del-amba-area-metropolitana","status":"publish","type":"post","link":"https:\/\/infoecos.com.ar\/index.php\/aumentara-desde-manana-la-energia-para-usuarios-del-amba-area-metropolitana\/","title":{"rendered":"Aumentar\u00e1 desde ma\u00f1ana la energ\u00eda para usuarios del AMBA (\u00c1rea Metropolitana)"},"content":{"rendered":"\n<p>La&nbsp;<strong>Secretar\u00eda de Energ\u00eda&nbsp;<\/strong>anunci\u00f3 un nuevo aumento<strong> en<\/strong>&nbsp;<strong>las tarifas de luz a partir del mes de junio.<\/strong><\/p>\n\n\n\n<figure class=\"wp-block-image aligncenter size-full\"><img decoding=\"async\" src=\"https:\/\/infoecos.com.ar\/wp-content\/uploads\/congelan-las-tarifas-electricas.jpg\" alt=\"Energ\u00eda\" class=\"wp-image-15149\"\/><figcaption class=\"wp-element-caption\">Energ\u00eda<\/figcaption><\/figure>\n\n\n\n<p>El<strong>&nbsp;aumento en la tarifa de electricidad corresponde al segundo tramo<\/strong>&nbsp;aprobado&nbsp;para los usuarios del&nbsp;\u00c1rea Metropolitana de Buenos Aires&nbsp;(AMBA) donde operan las empresas distribuidoras&nbsp;<strong>Edenor y Edesur.<\/strong><\/p>\n\n\n\n<p>La suba del precio de este servicio&nbsp;<strong>se da por la relaci\u00f3n con el valor de distribuci\u00f3n<\/strong>. Este es uno de los componentes que conforman el precio final de la energ\u00eda el\u00e9ctrica, que&nbsp;<strong>representa el 30% del total.<\/strong><\/p>\n\n\n\n<p>Debido a que este factor pesa m\u00e1s en los consumos bajos,&nbsp;<strong>este incremento generar\u00e1 un mayor impacto en los usuarios de Nivel 2.<\/strong><\/p>\n\n\n\n<p>Esta&nbsp;<strong>suba se anunci\u00f3 en abril de este a\u00f1o&nbsp;<\/strong>a trav\u00e9s de las Resoluciones N\u00b0240 y 241, que establecieron una&nbsp;<strong>suba del 60%&nbsp;<\/strong>promedio en las tarifas<strong>&nbsp;en dos tramos.&nbsp;<\/strong>El&nbsp;<strong>primero<\/strong>&nbsp;se aplic\u00f3 el&nbsp;<strong>abril&nbsp;<\/strong>pasado y el&nbsp;<strong>segundo&nbsp;<\/strong>ser\u00e1 este aumento en&nbsp;<strong>junio<\/strong>.<\/p>\n\n\n\n<p><strong>Emilio Apud<\/strong>&nbsp;explic\u00f3 la naturaleza de la suba, expresando:\u201cEs un aumento que hay que ver c\u00f3mo sigue porque<strong>&nbsp;en un&nbsp;contexto inflacionario del 9%&nbsp;no tiene mucho sentido si no se actualiza por inflaci\u00f3n porque en unos meses se desactualiza. Y en un a\u00f1o electoral es dif\u00edcil que quieran hacer cambios\u201d.<\/strong><\/p>\n","protected":false},"excerpt":{"rendered":"<p>El\u00a0aumento en la tarifa de electricidad corresponde al segundo tramo\u00a0aprobado\u00a0para los usuarios del\u00a0\u00c1rea Metropolitana de Buenos Aires\u00a0(AMBA) donde operan las empresas distribuidoras\u00a0Edenor y Edesur<\/p>\n","protected":false},"author":2,"featured_media":15149,"comment_status":"closed","ping_status":"open","sticky":false,"template":"","format":"standard","meta":{"footnotes":""},"categories":[47],"tags":[594],"class_list":["post-105577","post","type-post","status-publish","format-standard","has-post-thumbnail","hentry","category-c3nota2","tag-servicios-publicos"],"yoast_head":"<!-- This site is optimized with the Yoast SEO plugin v23.4 - https:\/\/yoast.com\/wordpress\/plugins\/seo\/ -->\n<title>Aumentar\u00e1 desde ma\u00f1ana la energ\u00eda para usuarios del AMBA (\u00c1rea Metropolitana) - Infoecos<\/title>\n<meta name=\"robots\" content=\"index, follow, max-snippet:-1, max-image-preview:large, max-video-preview:-1\" \/>\n<link rel=\"canonical\" href=\"https:\/\/infoecos.com.ar\/index.php\/aumentara-desde-manana-la-energia-para-usuarios-del-amba-area-metropolitana\/\" \/>\n<meta property=\"og:locale\" content=\"es_ES\" \/>\n<meta property=\"og:type\" content=\"article\" \/>\n<meta property=\"og:title\" content=\"Aumentar\u00e1 desde ma\u00f1ana la energ\u00eda para usuarios del AMBA (\u00c1rea Metropolitana) - Infoecos\" \/>\n<meta property=\"og:description\" content=\"El\u00a0aumento en la tarifa de electricidad corresponde al segundo tramo\u00a0aprobado\u00a0para los usuarios del\u00a0\u00c1rea Metropolitana de Buenos Aires\u00a0(AMBA) donde operan las empresas distribuidoras\u00a0Edenor y Edesur\" \/>\n<meta property=\"og:url\" content=\"https:\/\/infoecos.com.ar\/index.php\/aumentara-desde-manana-la-energia-para-usuarios-del-amba-area-metropolitana\/\" \/>\n<meta property=\"og:site_name\" content=\"Infoecos\" \/>\n<meta property=\"article:publisher\" content=\"https:\/\/www.facebook.com\/profile.php?id=100063200290284\" \/>\n<meta property=\"article:published_time\" content=\"2023-05-31T04:04:28+00:00\" \/>\n<meta property=\"article:modified_time\" content=\"2023-05-31T15:57:38+00:00\" \/>\n<meta property=\"og:image\" content=\"https:\/\/infoecos.com.ar\/wp-content\/uploads\/congelan-las-tarifas-electricas.jpg\" \/>\n\t<meta property=\"og:image:width\" content=\"563\" \/>\n\t<meta property=\"og:image:height\" content=\"388\" \/>\n\t<meta property=\"og:image:type\" content=\"image\/jpeg\" \/>\n<meta name=\"author\" content=\"Jorge Matheus\" \/>\n<meta name=\"twitter:card\" content=\"summary_large_image\" \/>\n<meta name=\"twitter:creator\" content=\"@infoecos\" \/>\n<meta name=\"twitter:site\" content=\"@infoecos\" \/>\n<meta name=\"twitter:label1\" content=\"Escrito por\" \/>\n\t<meta name=\"twitter:data1\" content=\"Jorge Matheus\" \/>\n\t<meta name=\"twitter:label2\" content=\"Tiempo de lectura\" \/>\n\t<meta name=\"twitter:data2\" content=\"2 minutos\" \/>\n<script type=\"application\/ld+json\" class=\"yoast-schema-graph\">{\"@context\":\"https:\/\/schema.org\",\"@graph\":[{\"@type\":\"Article\",\"@id\":\"https:\/\/infoecos.com.ar\/index.php\/aumentara-desde-manana-la-energia-para-usuarios-del-amba-area-metropolitana\/#article\",\"isPartOf\":{\"@id\":\"https:\/\/infoecos.com.ar\/index.php\/aumentara-desde-manana-la-energia-para-usuarios-del-amba-area-metropolitana\/\"},\"author\":{\"name\":\"Jorge Matheus\",\"@id\":\"https:\/\/infoecos.com.ar\/#\/schema\/person\/8f5ace5ce73b4b4aac4b7245aee6f191\"},\"headline\":\"Aumentar\u00e1 desde ma\u00f1ana la energ\u00eda para usuarios del AMBA (\u00c1rea Metropolitana)\",\"datePublished\":\"2023-05-31T04:04:28+00:00\",\"dateModified\":\"2023-05-31T15:57:38+00:00\",\"mainEntityOfPage\":{\"@id\":\"https:\/\/infoecos.com.ar\/index.php\/aumentara-desde-manana-la-energia-para-usuarios-del-amba-area-metropolitana\/\"},\"wordCount\":259,\"publisher\":{\"@id\":\"https:\/\/infoecos.com.ar\/#organization\"},\"image\":{\"@id\":\"https:\/\/infoecos.com.ar\/index.php\/aumentara-desde-manana-la-energia-para-usuarios-del-amba-area-metropolitana\/#primaryimage\"},\"thumbnailUrl\":\"\",\"keywords\":[\"SERVICIOS P\u00daBLICOS\"],\"articleSection\":[\"C3 N2\"],\"inLanguage\":\"es\"},{\"@type\":\"WebPage\",\"@id\":\"https:\/\/infoecos.com.ar\/index.php\/aumentara-desde-manana-la-energia-para-usuarios-del-amba-area-metropolitana\/\",\"url\":\"https:\/\/infoecos.com.ar\/index.php\/aumentara-desde-manana-la-energia-para-usuarios-del-amba-area-metropolitana\/\",\"name\":\"Aumentar\u00e1 desde ma\u00f1ana la energ\u00eda para usuarios del AMBA (\u00c1rea Metropolitana) - Infoecos\",\"isPartOf\":{\"@id\":\"https:\/\/infoecos.com.ar\/#website\"},\"primaryImageOfPage\":{\"@id\":\"https:\/\/infoecos.com.ar\/index.php\/aumentara-desde-manana-la-energia-para-usuarios-del-amba-area-metropolitana\/#primaryimage\"},\"image\":{\"@id\":\"https:\/\/infoecos.com.ar\/index.php\/aumentara-desde-manana-la-energia-para-usuarios-del-amba-area-metropolitana\/#primaryimage\"},\"thumbnailUrl\":\"\",\"datePublished\":\"2023-05-31T04:04:28+00:00\",\"dateModified\":\"2023-05-31T15:57:38+00:00\",\"breadcrumb\":{\"@id\":\"https:\/\/infoecos.com.ar\/index.php\/aumentara-desde-manana-la-energia-para-usuarios-del-amba-area-metropolitana\/#breadcrumb\"},\"inLanguage\":\"es\",\"potentialAction\":[{\"@type\":\"ReadAction\",\"target\":[\"https:\/\/infoecos.com.ar\/index.php\/aumentara-desde-manana-la-energia-para-usuarios-del-amba-area-metropolitana\/\"]}]},{\"@type\":\"ImageObject\",\"inLanguage\":\"es\",\"@id\":\"https:\/\/infoecos.com.ar\/index.php\/aumentara-desde-manana-la-energia-para-usuarios-del-amba-area-metropolitana\/#primaryimage\",\"url\":\"\",\"contentUrl\":\"\"},{\"@type\":\"BreadcrumbList\",\"@id\":\"https:\/\/infoecos.com.ar\/index.php\/aumentara-desde-manana-la-energia-para-usuarios-del-amba-area-metropolitana\/#breadcrumb\",\"itemListElement\":[{\"@type\":\"ListItem\",\"position\":1,\"name\":\"Portada\",\"item\":\"https:\/\/infoecos.com.ar\/\"},{\"@type\":\"ListItem\",\"position\":2,\"name\":\"Aumentar\u00e1 desde ma\u00f1ana la energ\u00eda para usuarios del AMBA (\u00c1rea Metropolitana)\"}]},{\"@type\":\"WebSite\",\"@id\":\"https:\/\/infoecos.com.ar\/#website\",\"url\":\"https:\/\/infoecos.com.ar\/\",\"name\":\"Infoecos\",\"description\":\"Noticias de trenque lauquen y la zona\",\"publisher\":{\"@id\":\"https:\/\/infoecos.com.ar\/#organization\"},\"alternateName\":\"Noticias\",\"potentialAction\":[{\"@type\":\"SearchAction\",\"target\":{\"@type\":\"EntryPoint\",\"urlTemplate\":\"https:\/\/infoecos.com.ar\/?s={search_term_string}\"},\"query-input\":{\"@type\":\"PropertyValueSpecification\",\"valueRequired\":true,\"valueName\":\"search_term_string\"}}],\"inLanguage\":\"es\"},{\"@type\":\"Organization\",\"@id\":\"https:\/\/infoecos.com.ar\/#organization\",\"name\":\"Infoecos\",\"alternateName\":\"Noticias\",\"url\":\"https:\/\/infoecos.com.ar\/\",\"logo\":{\"@type\":\"ImageObject\",\"inLanguage\":\"es\",\"@id\":\"https:\/\/infoecos.com.ar\/#\/schema\/logo\/image\/\",\"url\":\"https:\/\/infoecos.com.ar\/wp-content\/uploads\/2024\/03\/cropped-logo.png\",\"contentUrl\":\"https:\/\/infoecos.com.ar\/wp-content\/uploads\/2024\/03\/cropped-logo.png\",\"width\":374,\"height\":90,\"caption\":\"Infoecos\"},\"image\":{\"@id\":\"https:\/\/infoecos.com.ar\/#\/schema\/logo\/image\/\"},\"sameAs\":[\"https:\/\/www.facebook.com\/profile.php?id=100063200290284\",\"https:\/\/x.com\/infoecos\"]},{\"@type\":\"Person\",\"@id\":\"https:\/\/infoecos.com.ar\/#\/schema\/person\/8f5ace5ce73b4b4aac4b7245aee6f191\",\"name\":\"Jorge Matheus\",\"url\":\"https:\/\/infoecos.com.ar\/index.php\/author\/jomatheus\/\"}]}<\/script>\n<!-- \/ Yoast SEO plugin. -->","yoast_head_json":{"title":"Aumentar\u00e1 desde ma\u00f1ana la energ\u00eda para usuarios del AMBA (\u00c1rea Metropolitana) - Infoecos","robots":{"index":"index","follow":"follow","max-snippet":"max-snippet:-1","max-image-preview":"max-image-preview:large","max-video-preview":"max-video-preview:-1"},"canonical":"https:\/\/infoecos.com.ar\/index.php\/aumentara-desde-manana-la-energia-para-usuarios-del-amba-area-metropolitana\/","og_locale":"es_ES","og_type":"article","og_title":"Aumentar\u00e1 desde ma\u00f1ana la energ\u00eda para usuarios del AMBA (\u00c1rea Metropolitana) - Infoecos","og_description":"El\u00a0aumento en la tarifa de electricidad corresponde al segundo tramo\u00a0aprobado\u00a0para los usuarios del\u00a0\u00c1rea Metropolitana de Buenos Aires\u00a0(AMBA) donde operan las empresas distribuidoras\u00a0Edenor y Edesur","og_url":"https:\/\/infoecos.com.ar\/index.php\/aumentara-desde-manana-la-energia-para-usuarios-del-amba-area-metropolitana\/","og_site_name":"Infoecos","article_publisher":"https:\/\/www.facebook.com\/profile.php?id=100063200290284","article_published_time":"2023-05-31T04:04:28+00:00","article_modified_time":"2023-05-31T15:57:38+00:00","og_image":[{"width":563,"height":388,"url":"https:\/\/infoecos.com.ar\/wp-content\/uploads\/congelan-las-tarifas-electricas.jpg","type":"image\/jpeg"}],"author":"Jorge Matheus","twitter_card":"summary_large_image","twitter_creator":"@infoecos","twitter_site":"@infoecos","twitter_misc":{"Escrito por":"Jorge Matheus","Tiempo de lectura":"2 minutos"},"schema":{"@context":"https:\/\/schema.org","@graph":[{"@type":"Article","@id":"https:\/\/infoecos.com.ar\/index.php\/aumentara-desde-manana-la-energia-para-usuarios-del-amba-area-metropolitana\/#article","isPartOf":{"@id":"https:\/\/infoecos.com.ar\/index.php\/aumentara-desde-manana-la-energia-para-usuarios-del-amba-area-metropolitana\/"},"author":{"name":"Jorge Matheus","@id":"https:\/\/infoecos.com.ar\/#\/schema\/person\/8f5ace5ce73b4b4aac4b7245aee6f191"},"headline":"Aumentar\u00e1 desde ma\u00f1ana la energ\u00eda para usuarios del AMBA (\u00c1rea Metropolitana)","datePublished":"2023-05-31T04:04:28+00:00","dateModified":"2023-05-31T15:57:38+00:00","mainEntityOfPage":{"@id":"https:\/\/infoecos.com.ar\/index.php\/aumentara-desde-manana-la-energia-para-usuarios-del-amba-area-metropolitana\/"},"wordCount":259,"publisher":{"@id":"https:\/\/infoecos.com.ar\/#organization"},"image":{"@id":"https:\/\/infoecos.com.ar\/index.php\/aumentara-desde-manana-la-energia-para-usuarios-del-amba-area-metropolitana\/#primaryimage"},"thumbnailUrl":"","keywords":["SERVICIOS P\u00daBLICOS"],"articleSection":["C3 N2"],"inLanguage":"es"},{"@type":"WebPage","@id":"https:\/\/infoecos.com.ar\/index.php\/aumentara-desde-manana-la-energia-para-usuarios-del-amba-area-metropolitana\/","url":"https:\/\/infoecos.com.ar\/index.php\/aumentara-desde-manana-la-energia-para-usuarios-del-amba-area-metropolitana\/","name":"Aumentar\u00e1 desde ma\u00f1ana la energ\u00eda para usuarios del AMBA (\u00c1rea Metropolitana) - Infoecos","isPartOf":{"@id":"https:\/\/infoecos.com.ar\/#website"},"primaryImageOfPage":{"@id":"https:\/\/infoecos.com.ar\/index.php\/aumentara-desde-manana-la-energia-para-usuarios-del-amba-area-metropolitana\/#primaryimage"},"image":{"@id":"https:\/\/infoecos.com.ar\/index.php\/aumentara-desde-manana-la-energia-para-usuarios-del-amba-area-metropolitana\/#primaryimage"},"thumbnailUrl":"","datePublished":"2023-05-31T04:04:28+00:00","dateModified":"2023-05-31T15:57:38+00:00","breadcrumb":{"@id":"https:\/\/infoecos.com.ar\/index.php\/aumentara-desde-manana-la-energia-para-usuarios-del-amba-area-metropolitana\/#breadcrumb"},"inLanguage":"es","potentialAction":[{"@type":"ReadAction","target":["https:\/\/infoecos.com.ar\/index.php\/aumentara-desde-manana-la-energia-para-usuarios-del-amba-area-metropolitana\/"]}]},{"@type":"ImageObject","inLanguage":"es","@id":"https:\/\/infoecos.com.ar\/index.php\/aumentara-desde-manana-la-energia-para-usuarios-del-amba-area-metropolitana\/#primaryimage","url":"","contentUrl":""},{"@type":"BreadcrumbList","@id":"https:\/\/infoecos.com.ar\/index.php\/aumentara-desde-manana-la-energia-para-usuarios-del-amba-area-metropolitana\/#breadcrumb","itemListElement":[{"@type":"ListItem","position":1,"name":"Portada","item":"https:\/\/infoecos.com.ar\/"},{"@type":"ListItem","position":2,"name":"Aumentar\u00e1 desde ma\u00f1ana la energ\u00eda para usuarios del AMBA (\u00c1rea Metropolitana)"}]},{"@type":"WebSite","@id":"https:\/\/infoecos.com.ar\/#website","url":"https:\/\/infoecos.com.ar\/","name":"Infoecos","description":"Noticias de trenque lauquen y la zona","publisher":{"@id":"https:\/\/infoecos.com.ar\/#organization"},"alternateName":"Noticias","potentialAction":[{"@type":"SearchAction","target":{"@type":"EntryPoint","urlTemplate":"https:\/\/infoecos.com.ar\/?s={search_term_string}"},"query-input":{"@type":"PropertyValueSpecification","valueRequired":true,"valueName":"search_term_string"}}],"inLanguage":"es"},{"@type":"Organization","@id":"https:\/\/infoecos.com.ar\/#organization","name":"Infoecos","alternateName":"Noticias","url":"https:\/\/infoecos.com.ar\/","logo":{"@type":"ImageObject","inLanguage":"es","@id":"https:\/\/infoecos.com.ar\/#\/schema\/logo\/image\/","url":"https:\/\/infoecos.com.ar\/wp-content\/uploads\/2024\/03\/cropped-logo.png","contentUrl":"https:\/\/infoecos.com.ar\/wp-content\/uploads\/2024\/03\/cropped-logo.png","width":374,"height":90,"caption":"Infoecos"},"image":{"@id":"https:\/\/infoecos.com.ar\/#\/schema\/logo\/image\/"},"sameAs":["https:\/\/www.facebook.com\/profile.php?id=100063200290284","https:\/\/x.com\/infoecos"]},{"@type":"Person","@id":"https:\/\/infoecos.com.ar\/#\/schema\/person\/8f5ace5ce73b4b4aac4b7245aee6f191","name":"Jorge Matheus","url":"https:\/\/infoecos.com.ar\/index.php\/author\/jomatheus\/"}]}},"featured_image_urls":{"full":"","thumbnail":"","medium":"","medium_large":"","large":"","1536x1536":"","2048x2048":"","covernews-slider-full":"","covernews-slider-center":"","covernews-featured":"","covernews-medium":"","covernews-medium-square":""},"author_info":{"info":["Jorge Matheus"]},"category_info":"<a href=\"https:\/\/infoecos.com.ar\/index.php\/category\/c3nota2\/\" rel=\"category tag\">C3 N2<\/a>","tag_info":"C3 N2","comment_count":"0","_links":{"self":[{"href":"https:\/\/infoecos.com.ar\/index.php\/wp-json\/wp\/v2\/posts\/105577"}],"collection":[{"href":"https:\/\/infoecos.com.ar\/index.php\/wp-json\/wp\/v2\/posts"}],"about":[{"href":"https:\/\/infoecos.com.ar\/index.php\/wp-json\/wp\/v2\/types\/post"}],"author":[{"embeddable":true,"href":"https:\/\/infoecos.com.ar\/index.php\/wp-json\/wp\/v2\/users\/2"}],"replies":[{"embeddable":true,"href":"https:\/\/infoecos.com.ar\/index.php\/wp-json\/wp\/v2\/comments?post=105577"}],"version-history":[{"count":2,"href":"https:\/\/infoecos.com.ar\/index.php\/wp-json\/wp\/v2\/posts\/105577\/revisions"}],"predecessor-version":[{"id":105604,"href":"https:\/\/infoecos.com.ar\/index.php\/wp-json\/wp\/v2\/posts\/105577\/revisions\/105604"}],"wp:featuredmedia":[{"embeddable":true,"href":"https:\/\/infoecos.com.ar\/index.php\/wp-json\/"}],"wp:attachment":[{"href":"https:\/\/infoecos.com.ar\/index.php\/wp-json\/wp\/v2\/media?parent=105577"}],"wp:term":[{"taxonomy":"category","embeddable":true,"href":"https:\/\/infoecos.com.ar\/index.php\/wp-json\/wp\/v2\/categories?post=105577"},{"taxonomy":"post_tag","embeddable":true,"href":"https:\/\/infoecos.com.ar\/index.php\/wp-json\/wp\/v2\/tags?post=105577"}],"curies":[{"name":"wp","href":"https:\/\/api.w.org\/{rel}","templated":true}]}}