{"id":105594,"date":"2023-05-31T02:16:14","date_gmt":"2023-05-31T05:16:14","guid":{"rendered":"https:\/\/infoecos.com.ar\/?p=105594"},"modified":"2023-06-01T01:50:43","modified_gmt":"2023-06-01T04:50:43","slug":"zurro-y-su-afan-verbal-dice-que-no-dijo-y-ahora-pretenderia-quedarse-en-el-municipio","status":"publish","type":"post","link":"https:\/\/infoecos.com.ar\/index.php\/zurro-y-su-afan-verbal-dice-que-no-dijo-y-ahora-pretenderia-quedarse-en-el-municipio\/","title":{"rendered":"Zurro y su af\u00e1n verbal: dice que \u00abno dijo\u00bb y ahora dijo que habr\u00e1 decisiones el 23"},"content":{"rendered":"\n<p><strong>PROVINCIA NOTICIAS<\/strong> en un despacho de este martes se\u00f1ala&nbsp;que \u201cPablo (Zurro) no quiso decir eso. En el af\u00e1n de sembrar la duda sobre el armado, tir\u00f3 ese furcio\u201d.<\/p>\n\n\n\n<figure class=\"wp-block-image aligncenter size-large is-resized\"><img loading=\"lazy\" decoding=\"async\" src=\"https:\/\/infoecos.com.ar\/wp-content\/uploads\/2023\/05\/ZURROOALO-1600x1066.jpg\" alt=\"\" class=\"wp-image-105595\" width=\"449\" height=\"298\" srcset=\"https:\/\/infoecos.com.ar\/wp-content\/uploads\/2023\/05\/ZURROOALO-1600x1066.jpg 1600w, https:\/\/infoecos.com.ar\/wp-content\/uploads\/2023\/05\/ZURROOALO-800x533.jpg 800w, https:\/\/infoecos.com.ar\/wp-content\/uploads\/2023\/05\/ZURROOALO-768x512.jpg 768w, https:\/\/infoecos.com.ar\/wp-content\/uploads\/2023\/05\/ZURROOALO-1536x1020.jpg 1536w, https:\/\/infoecos.com.ar\/wp-content\/uploads\/2023\/05\/ZURROOALO-1024x683.jpg 1024w, https:\/\/infoecos.com.ar\/wp-content\/uploads\/2023\/05\/ZURROOALO-675x450.jpg 675w, https:\/\/infoecos.com.ar\/wp-content\/uploads\/2023\/05\/ZURROOALO.jpg 2048w\" sizes=\"(max-width: 449px) 100vw, 449px\" \/><figcaption class=\"wp-element-caption\">Zurro en un acto ayer en su despacho<\/figcaption><\/figure>\n\n\n\n<p>La historia comenz\u00f3 cuando el alcalde kirchnerista particip\u00f3 junto al Director de Escuelas Alberto Sileoni de la inauguraci\u00f3n del Jard\u00edn 919, ubicado en el Barrio Padre M\u00fagica. En esa l\u00ednea, Zurro expres\u00f3, en el marco de su alocuci\u00f3n para las elecciones que se vienen, que \u201cen Pehuaj\u00f3 vamos a ganar, yo no voy, pero le vamos a ganar\u201d.<\/p>\n\n\n\n<p>Sin embargo, el propio Pablo Zurro afirm\u00f3 que \u201cahora, lo que le digo, no s\u00e9 si voy a ser candidato a intendente, estoy dentro de los nueve\u201d.<\/p>\n\n\n\n<p>Como se dijo, el comentario del mandam\u00e1s municipal caus\u00f3 sorpresa en propios y ajenos, pero solo se trat\u00f3 de un error en la ponencia.<\/p>\n\n\n\n<p>\u201cTodo se va a definir horas antes del 24 de junio o ese mismo d\u00eda\u201d agregaron desde la comuna a este portal.<\/p>\n\n\n\n<p>Fuente: Provincia Noticias<\/p>\n\n\n\n<figure class=\"wp-block-embed is-type-video is-provider-youtube wp-block-embed-youtube wp-embed-aspect-4-3 wp-has-aspect-ratio\"><div class=\"wp-block-embed__wrapper\">\n<iframe loading=\"lazy\" title=\"PABLO JAVIER ZURRO\" width=\"640\" height=\"480\" src=\"https:\/\/www.youtube.com\/embed\/q9m3K_INyqU?feature=oembed\" frameborder=\"0\" allow=\"accelerometer; autoplay; clipboard-write; encrypted-media; gyroscope; picture-in-picture; web-share\" referrerpolicy=\"strict-origin-when-cross-origin\" allowfullscreen><\/iframe>\n<\/div><\/figure>\n","protected":false},"excerpt":{"rendered":"<p>El propio Pablo Zurro afirm\u00f3 que \u201cahora, lo que le digo, no s\u00e9 si voy a ser candidato a intendente, estoy dentro de los nueve\u201d<\/p>\n","protected":false},"author":2,"featured_media":105595,"comment_status":"closed","ping_status":"open","sticky":false,"template":"","format":"standard","meta":{"footnotes":""},"categories":[24],"tags":[6789],"class_list":["post-105594","post","type-post","status-publish","format-standard","has-post-thumbnail","hentry","category-c1nota3","tag-elecciones-2023"],"yoast_head":"<!-- This site is optimized with the Yoast SEO plugin v23.4 - https:\/\/yoast.com\/wordpress\/plugins\/seo\/ -->\n<title>Zurro y su af\u00e1n verbal: dice que &quot;no dijo&quot; y ahora dijo que habr\u00e1 decisiones el 23 - Infoecos<\/title>\n<meta name=\"robots\" content=\"index, follow, max-snippet:-1, max-image-preview:large, max-video-preview:-1\" \/>\n<link rel=\"canonical\" href=\"https:\/\/infoecos.com.ar\/index.php\/zurro-y-su-afan-verbal-dice-que-no-dijo-y-ahora-pretenderia-quedarse-en-el-municipio\/\" \/>\n<meta property=\"og:locale\" content=\"es_ES\" \/>\n<meta property=\"og:type\" content=\"article\" \/>\n<meta property=\"og:title\" content=\"Zurro y su af\u00e1n verbal: dice que &quot;no dijo&quot; y ahora dijo que habr\u00e1 decisiones el 23 - Infoecos\" \/>\n<meta property=\"og:description\" content=\"El propio Pablo Zurro afirm\u00f3 que \u201cahora, lo que le digo, no s\u00e9 si voy a ser candidato a intendente, estoy dentro de los nueve\u201d\" \/>\n<meta property=\"og:url\" content=\"https:\/\/infoecos.com.ar\/index.php\/zurro-y-su-afan-verbal-dice-que-no-dijo-y-ahora-pretenderia-quedarse-en-el-municipio\/\" \/>\n<meta property=\"og:site_name\" content=\"Infoecos\" \/>\n<meta property=\"article:publisher\" content=\"https:\/\/www.facebook.com\/profile.php?id=100063200290284\" \/>\n<meta property=\"article:published_time\" content=\"2023-05-31T05:16:14+00:00\" \/>\n<meta property=\"article:modified_time\" content=\"2023-06-01T04:50:43+00:00\" \/>\n<meta property=\"og:image\" content=\"https:\/\/infoecos.com.ar\/wp-content\/uploads\/2023\/05\/ZURROOALO.jpg\" \/>\n\t<meta property=\"og:image:width\" content=\"2048\" \/>\n\t<meta property=\"og:image:height\" content=\"1365\" \/>\n\t<meta property=\"og:image:type\" content=\"image\/jpeg\" \/>\n<meta name=\"author\" content=\"Jorge Matheus\" \/>\n<meta name=\"twitter:card\" content=\"summary_large_image\" \/>\n<meta name=\"twitter:creator\" content=\"@infoecos\" \/>\n<meta name=\"twitter:site\" content=\"@infoecos\" \/>\n<meta name=\"twitter:label1\" content=\"Escrito por\" \/>\n\t<meta name=\"twitter:data1\" content=\"Jorge Matheus\" \/>\n\t<meta name=\"twitter:label2\" content=\"Tiempo de lectura\" \/>\n\t<meta name=\"twitter:data2\" content=\"1 minuto\" \/>\n<script type=\"application\/ld+json\" class=\"yoast-schema-graph\">{\"@context\":\"https:\/\/schema.org\",\"@graph\":[{\"@type\":\"Article\",\"@id\":\"https:\/\/infoecos.com.ar\/index.php\/zurro-y-su-afan-verbal-dice-que-no-dijo-y-ahora-pretenderia-quedarse-en-el-municipio\/#article\",\"isPartOf\":{\"@id\":\"https:\/\/infoecos.com.ar\/index.php\/zurro-y-su-afan-verbal-dice-que-no-dijo-y-ahora-pretenderia-quedarse-en-el-municipio\/\"},\"author\":{\"name\":\"Jorge Matheus\",\"@id\":\"https:\/\/infoecos.com.ar\/#\/schema\/person\/8f5ace5ce73b4b4aac4b7245aee6f191\"},\"headline\":\"Zurro y su af\u00e1n verbal: dice que \u00abno dijo\u00bb y ahora dijo que habr\u00e1 decisiones el 23\",\"datePublished\":\"2023-05-31T05:16:14+00:00\",\"dateModified\":\"2023-06-01T04:50:43+00:00\",\"mainEntityOfPage\":{\"@id\":\"https:\/\/infoecos.com.ar\/index.php\/zurro-y-su-afan-verbal-dice-que-no-dijo-y-ahora-pretenderia-quedarse-en-el-municipio\/\"},\"wordCount\":213,\"publisher\":{\"@id\":\"https:\/\/infoecos.com.ar\/#organization\"},\"image\":{\"@id\":\"https:\/\/infoecos.com.ar\/index.php\/zurro-y-su-afan-verbal-dice-que-no-dijo-y-ahora-pretenderia-quedarse-en-el-municipio\/#primaryimage\"},\"thumbnailUrl\":\"https:\/\/infoecos.com.ar\/wp-content\/uploads\/2023\/05\/ZURROOALO.jpg\",\"keywords\":[\"elecciones 2023\"],\"articleSection\":[\"C1 N3\"],\"inLanguage\":\"es\"},{\"@type\":\"WebPage\",\"@id\":\"https:\/\/infoecos.com.ar\/index.php\/zurro-y-su-afan-verbal-dice-que-no-dijo-y-ahora-pretenderia-quedarse-en-el-municipio\/\",\"url\":\"https:\/\/infoecos.com.ar\/index.php\/zurro-y-su-afan-verbal-dice-que-no-dijo-y-ahora-pretenderia-quedarse-en-el-municipio\/\",\"name\":\"Zurro y su af\u00e1n verbal: dice que \\\"no dijo\\\" y ahora dijo que habr\u00e1 decisiones el 23 - Infoecos\",\"isPartOf\":{\"@id\":\"https:\/\/infoecos.com.ar\/#website\"},\"primaryImageOfPage\":{\"@id\":\"https:\/\/infoecos.com.ar\/index.php\/zurro-y-su-afan-verbal-dice-que-no-dijo-y-ahora-pretenderia-quedarse-en-el-municipio\/#primaryimage\"},\"image\":{\"@id\":\"https:\/\/infoecos.com.ar\/index.php\/zurro-y-su-afan-verbal-dice-que-no-dijo-y-ahora-pretenderia-quedarse-en-el-municipio\/#primaryimage\"},\"thumbnailUrl\":\"https:\/\/infoecos.com.ar\/wp-content\/uploads\/2023\/05\/ZURROOALO.jpg\",\"datePublished\":\"2023-05-31T05:16:14+00:00\",\"dateModified\":\"2023-06-01T04:50:43+00:00\",\"breadcrumb\":{\"@id\":\"https:\/\/infoecos.com.ar\/index.php\/zurro-y-su-afan-verbal-dice-que-no-dijo-y-ahora-pretenderia-quedarse-en-el-municipio\/#breadcrumb\"},\"inLanguage\":\"es\",\"potentialAction\":[{\"@type\":\"ReadAction\",\"target\":[\"https:\/\/infoecos.com.ar\/index.php\/zurro-y-su-afan-verbal-dice-que-no-dijo-y-ahora-pretenderia-quedarse-en-el-municipio\/\"]}]},{\"@type\":\"ImageObject\",\"inLanguage\":\"es\",\"@id\":\"https:\/\/infoecos.com.ar\/index.php\/zurro-y-su-afan-verbal-dice-que-no-dijo-y-ahora-pretenderia-quedarse-en-el-municipio\/#primaryimage\",\"url\":\"https:\/\/infoecos.com.ar\/wp-content\/uploads\/2023\/05\/ZURROOALO.jpg\",\"contentUrl\":\"https:\/\/infoecos.com.ar\/wp-content\/uploads\/2023\/05\/ZURROOALO.jpg\",\"width\":2048,\"height\":1365},{\"@type\":\"BreadcrumbList\",\"@id\":\"https:\/\/infoecos.com.ar\/index.php\/zurro-y-su-afan-verbal-dice-que-no-dijo-y-ahora-pretenderia-quedarse-en-el-municipio\/#breadcrumb\",\"itemListElement\":[{\"@type\":\"ListItem\",\"position\":1,\"name\":\"Portada\",\"item\":\"https:\/\/infoecos.com.ar\/\"},{\"@type\":\"ListItem\",\"position\":2,\"name\":\"Zurro y su af\u00e1n verbal: dice que \u00abno dijo\u00bb y ahora dijo que habr\u00e1 decisiones el 23\"}]},{\"@type\":\"WebSite\",\"@id\":\"https:\/\/infoecos.com.ar\/#website\",\"url\":\"https:\/\/infoecos.com.ar\/\",\"name\":\"Infoecos\",\"description\":\"Noticias de trenque lauquen y la zona\",\"publisher\":{\"@id\":\"https:\/\/infoecos.com.ar\/#organization\"},\"alternateName\":\"Noticias\",\"potentialAction\":[{\"@type\":\"SearchAction\",\"target\":{\"@type\":\"EntryPoint\",\"urlTemplate\":\"https:\/\/infoecos.com.ar\/?s={search_term_string}\"},\"query-input\":{\"@type\":\"PropertyValueSpecification\",\"valueRequired\":true,\"valueName\":\"search_term_string\"}}],\"inLanguage\":\"es\"},{\"@type\":\"Organization\",\"@id\":\"https:\/\/infoecos.com.ar\/#organization\",\"name\":\"Infoecos\",\"alternateName\":\"Noticias\",\"url\":\"https:\/\/infoecos.com.ar\/\",\"logo\":{\"@type\":\"ImageObject\",\"inLanguage\":\"es\",\"@id\":\"https:\/\/infoecos.com.ar\/#\/schema\/logo\/image\/\",\"url\":\"https:\/\/infoecos.com.ar\/wp-content\/uploads\/2024\/03\/cropped-logo.png\",\"contentUrl\":\"https:\/\/infoecos.com.ar\/wp-content\/uploads\/2024\/03\/cropped-logo.png\",\"width\":374,\"height\":90,\"caption\":\"Infoecos\"},\"image\":{\"@id\":\"https:\/\/infoecos.com.ar\/#\/schema\/logo\/image\/\"},\"sameAs\":[\"https:\/\/www.facebook.com\/profile.php?id=100063200290284\",\"https:\/\/x.com\/infoecos\"]},{\"@type\":\"Person\",\"@id\":\"https:\/\/infoecos.com.ar\/#\/schema\/person\/8f5ace5ce73b4b4aac4b7245aee6f191\",\"name\":\"Jorge Matheus\",\"url\":\"https:\/\/infoecos.com.ar\/index.php\/author\/jomatheus\/\"}]}<\/script>\n<!-- \/ Yoast SEO plugin. -->","yoast_head_json":{"title":"Zurro y su af\u00e1n verbal: dice que \"no dijo\" y ahora dijo que habr\u00e1 decisiones el 23 - Infoecos","robots":{"index":"index","follow":"follow","max-snippet":"max-snippet:-1","max-image-preview":"max-image-preview:large","max-video-preview":"max-video-preview:-1"},"canonical":"https:\/\/infoecos.com.ar\/index.php\/zurro-y-su-afan-verbal-dice-que-no-dijo-y-ahora-pretenderia-quedarse-en-el-municipio\/","og_locale":"es_ES","og_type":"article","og_title":"Zurro y su af\u00e1n verbal: dice que \"no dijo\" y ahora dijo que habr\u00e1 decisiones el 23 - Infoecos","og_description":"El propio Pablo Zurro afirm\u00f3 que \u201cahora, lo que le digo, no s\u00e9 si voy a ser candidato a intendente, estoy dentro de los nueve\u201d","og_url":"https:\/\/infoecos.com.ar\/index.php\/zurro-y-su-afan-verbal-dice-que-no-dijo-y-ahora-pretenderia-quedarse-en-el-municipio\/","og_site_name":"Infoecos","article_publisher":"https:\/\/www.facebook.com\/profile.php?id=100063200290284","article_published_time":"2023-05-31T05:16:14+00:00","article_modified_time":"2023-06-01T04:50:43+00:00","og_image":[{"width":2048,"height":1365,"url":"https:\/\/infoecos.com.ar\/wp-content\/uploads\/2023\/05\/ZURROOALO.jpg","type":"image\/jpeg"}],"author":"Jorge Matheus","twitter_card":"summary_large_image","twitter_creator":"@infoecos","twitter_site":"@infoecos","twitter_misc":{"Escrito por":"Jorge Matheus","Tiempo de lectura":"1 minuto"},"schema":{"@context":"https:\/\/schema.org","@graph":[{"@type":"Article","@id":"https:\/\/infoecos.com.ar\/index.php\/zurro-y-su-afan-verbal-dice-que-no-dijo-y-ahora-pretenderia-quedarse-en-el-municipio\/#article","isPartOf":{"@id":"https:\/\/infoecos.com.ar\/index.php\/zurro-y-su-afan-verbal-dice-que-no-dijo-y-ahora-pretenderia-quedarse-en-el-municipio\/"},"author":{"name":"Jorge Matheus","@id":"https:\/\/infoecos.com.ar\/#\/schema\/person\/8f5ace5ce73b4b4aac4b7245aee6f191"},"headline":"Zurro y su af\u00e1n verbal: dice que \u00abno dijo\u00bb y ahora dijo que habr\u00e1 decisiones el 23","datePublished":"2023-05-31T05:16:14+00:00","dateModified":"2023-06-01T04:50:43+00:00","mainEntityOfPage":{"@id":"https:\/\/infoecos.com.ar\/index.php\/zurro-y-su-afan-verbal-dice-que-no-dijo-y-ahora-pretenderia-quedarse-en-el-municipio\/"},"wordCount":213,"publisher":{"@id":"https:\/\/infoecos.com.ar\/#organization"},"image":{"@id":"https:\/\/infoecos.com.ar\/index.php\/zurro-y-su-afan-verbal-dice-que-no-dijo-y-ahora-pretenderia-quedarse-en-el-municipio\/#primaryimage"},"thumbnailUrl":"https:\/\/infoecos.com.ar\/wp-content\/uploads\/2023\/05\/ZURROOALO.jpg","keywords":["elecciones 2023"],"articleSection":["C1 N3"],"inLanguage":"es"},{"@type":"WebPage","@id":"https:\/\/infoecos.com.ar\/index.php\/zurro-y-su-afan-verbal-dice-que-no-dijo-y-ahora-pretenderia-quedarse-en-el-municipio\/","url":"https:\/\/infoecos.com.ar\/index.php\/zurro-y-su-afan-verbal-dice-que-no-dijo-y-ahora-pretenderia-quedarse-en-el-municipio\/","name":"Zurro y su af\u00e1n verbal: dice que \"no dijo\" y ahora dijo que habr\u00e1 decisiones el 23 - Infoecos","isPartOf":{"@id":"https:\/\/infoecos.com.ar\/#website"},"primaryImageOfPage":{"@id":"https:\/\/infoecos.com.ar\/index.php\/zurro-y-su-afan-verbal-dice-que-no-dijo-y-ahora-pretenderia-quedarse-en-el-municipio\/#primaryimage"},"image":{"@id":"https:\/\/infoecos.com.ar\/index.php\/zurro-y-su-afan-verbal-dice-que-no-dijo-y-ahora-pretenderia-quedarse-en-el-municipio\/#primaryimage"},"thumbnailUrl":"https:\/\/infoecos.com.ar\/wp-content\/uploads\/2023\/05\/ZURROOALO.jpg","datePublished":"2023-05-31T05:16:14+00:00","dateModified":"2023-06-01T04:50:43+00:00","breadcrumb":{"@id":"https:\/\/infoecos.com.ar\/index.php\/zurro-y-su-afan-verbal-dice-que-no-dijo-y-ahora-pretenderia-quedarse-en-el-municipio\/#breadcrumb"},"inLanguage":"es","potentialAction":[{"@type":"ReadAction","target":["https:\/\/infoecos.com.ar\/index.php\/zurro-y-su-afan-verbal-dice-que-no-dijo-y-ahora-pretenderia-quedarse-en-el-municipio\/"]}]},{"@type":"ImageObject","inLanguage":"es","@id":"https:\/\/infoecos.com.ar\/index.php\/zurro-y-su-afan-verbal-dice-que-no-dijo-y-ahora-pretenderia-quedarse-en-el-municipio\/#primaryimage","url":"https:\/\/infoecos.com.ar\/wp-content\/uploads\/2023\/05\/ZURROOALO.jpg","contentUrl":"https:\/\/infoecos.com.ar\/wp-content\/uploads\/2023\/05\/ZURROOALO.jpg","width":2048,"height":1365},{"@type":"BreadcrumbList","@id":"https:\/\/infoecos.com.ar\/index.php\/zurro-y-su-afan-verbal-dice-que-no-dijo-y-ahora-pretenderia-quedarse-en-el-municipio\/#breadcrumb","itemListElement":[{"@type":"ListItem","position":1,"name":"Portada","item":"https:\/\/infoecos.com.ar\/"},{"@type":"ListItem","position":2,"name":"Zurro y su af\u00e1n verbal: dice que \u00abno dijo\u00bb y ahora dijo que habr\u00e1 decisiones el 23"}]},{"@type":"WebSite","@id":"https:\/\/infoecos.com.ar\/#website","url":"https:\/\/infoecos.com.ar\/","name":"Infoecos","description":"Noticias de trenque lauquen y la zona","publisher":{"@id":"https:\/\/infoecos.com.ar\/#organization"},"alternateName":"Noticias","potentialAction":[{"@type":"SearchAction","target":{"@type":"EntryPoint","urlTemplate":"https:\/\/infoecos.com.ar\/?s={search_term_string}"},"query-input":{"@type":"PropertyValueSpecification","valueRequired":true,"valueName":"search_term_string"}}],"inLanguage":"es"},{"@type":"Organization","@id":"https:\/\/infoecos.com.ar\/#organization","name":"Infoecos","alternateName":"Noticias","url":"https:\/\/infoecos.com.ar\/","logo":{"@type":"ImageObject","inLanguage":"es","@id":"https:\/\/infoecos.com.ar\/#\/schema\/logo\/image\/","url":"https:\/\/infoecos.com.ar\/wp-content\/uploads\/2024\/03\/cropped-logo.png","contentUrl":"https:\/\/infoecos.com.ar\/wp-content\/uploads\/2024\/03\/cropped-logo.png","width":374,"height":90,"caption":"Infoecos"},"image":{"@id":"https:\/\/infoecos.com.ar\/#\/schema\/logo\/image\/"},"sameAs":["https:\/\/www.facebook.com\/profile.php?id=100063200290284","https:\/\/x.com\/infoecos"]},{"@type":"Person","@id":"https:\/\/infoecos.com.ar\/#\/schema\/person\/8f5ace5ce73b4b4aac4b7245aee6f191","name":"Jorge Matheus","url":"https:\/\/infoecos.com.ar\/index.php\/author\/jomatheus\/"}]}},"featured_image_urls":{"full":["https:\/\/infoecos.com.ar\/wp-content\/uploads\/2023\/05\/ZURROOALO.jpg",2048,1365,false],"thumbnail":["https:\/\/infoecos.com.ar\/wp-content\/uploads\/2023\/05\/ZURROOALO-300x150.jpg",300,150,true],"medium":["https:\/\/infoecos.com.ar\/wp-content\/uploads\/2023\/05\/ZURROOALO-800x533.jpg",800,533,true],"medium_large":["https:\/\/infoecos.com.ar\/wp-content\/uploads\/2023\/05\/ZURROOALO-768x512.jpg",640,427,true],"large":["https:\/\/infoecos.com.ar\/wp-content\/uploads\/2023\/05\/ZURROOALO-1600x1066.jpg",640,426,true],"1536x1536":["https:\/\/infoecos.com.ar\/wp-content\/uploads\/2023\/05\/ZURROOALO-1536x1024.jpg",1536,1024,true],"2048x2048":["https:\/\/infoecos.com.ar\/wp-content\/uploads\/2023\/05\/ZURROOALO.jpg",2048,1365,false],"covernews-slider-full":["https:\/\/infoecos.com.ar\/wp-content\/uploads\/2023\/05\/ZURROOALO-1536x1020.jpg",1077,715,true],"covernews-slider-center":["https:\/\/infoecos.com.ar\/wp-content\/uploads\/2023\/05\/ZURROOALO-936x897.jpg",522,500,true],"covernews-featured":["https:\/\/infoecos.com.ar\/wp-content\/uploads\/2023\/05\/ZURROOALO-1024x683.jpg",1024,683,true],"covernews-medium":["https:\/\/infoecos.com.ar\/wp-content\/uploads\/2023\/05\/ZURROOALO-720x380.jpg",540,285,true],"covernews-medium-square":["https:\/\/infoecos.com.ar\/wp-content\/uploads\/2023\/05\/ZURROOALO-675x450.jpg",375,250,true]},"author_info":{"info":["Jorge Matheus"]},"category_info":"<a href=\"https:\/\/infoecos.com.ar\/index.php\/category\/c1nota3\/\" rel=\"category tag\">C1 N3<\/a>","tag_info":"C1 N3","comment_count":"0","_links":{"self":[{"href":"https:\/\/infoecos.com.ar\/index.php\/wp-json\/wp\/v2\/posts\/105594"}],"collection":[{"href":"https:\/\/infoecos.com.ar\/index.php\/wp-json\/wp\/v2\/posts"}],"about":[{"href":"https:\/\/infoecos.com.ar\/index.php\/wp-json\/wp\/v2\/types\/post"}],"author":[{"embeddable":true,"href":"https:\/\/infoecos.com.ar\/index.php\/wp-json\/wp\/v2\/users\/2"}],"replies":[{"embeddable":true,"href":"https:\/\/infoecos.com.ar\/index.php\/wp-json\/wp\/v2\/comments?post=105594"}],"version-history":[{"count":4,"href":"https:\/\/infoecos.com.ar\/index.php\/wp-json\/wp\/v2\/posts\/105594\/revisions"}],"predecessor-version":[{"id":105626,"href":"https:\/\/infoecos.com.ar\/index.php\/wp-json\/wp\/v2\/posts\/105594\/revisions\/105626"}],"wp:featuredmedia":[{"embeddable":true,"href":"https:\/\/infoecos.com.ar\/index.php\/wp-json\/wp\/v2\/media\/105595"}],"wp:attachment":[{"href":"https:\/\/infoecos.com.ar\/index.php\/wp-json\/wp\/v2\/media?parent=105594"}],"wp:term":[{"taxonomy":"category","embeddable":true,"href":"https:\/\/infoecos.com.ar\/index.php\/wp-json\/wp\/v2\/categories?post=105594"},{"taxonomy":"post_tag","embeddable":true,"href":"https:\/\/infoecos.com.ar\/index.php\/wp-json\/wp\/v2\/tags?post=105594"}],"curies":[{"name":"wp","href":"https:\/\/api.w.org\/{rel}","templated":true}]}}