{"id":105783,"date":"2023-06-06T00:34:36","date_gmt":"2023-06-06T03:34:36","guid":{"rendered":"https:\/\/infoecos.com.ar\/?p=105783"},"modified":"2023-06-12T03:59:07","modified_gmt":"2023-06-12T06:59:07","slug":"se-trabaja-en-las-obras-de-infraestructura-y-mantenimiento-del-hospital-de-general-villegas","status":"publish","type":"post","link":"https:\/\/infoecos.com.ar\/index.php\/se-trabaja-en-las-obras-de-infraestructura-y-mantenimiento-del-hospital-de-general-villegas\/","title":{"rendered":"Se trabaja en las obras de infraestructura y mantenimiento del Hospital de General Villegas"},"content":{"rendered":"\n<p>La Secretar\u00eda de Desarrollo y Planificaci\u00f3n Territorial de General Villegas, a trav\u00e9s de la Direcci\u00f3n de Obras P\u00fablicas y en conjunto con la Direcci\u00f3n del Hospital, contin\u00faa con las obras de infraestructura y mantenimiento en el Hospital municipal.<\/p>\n\n\n\n<figure class=\"wp-block-image aligncenter size-full\"><img loading=\"lazy\" decoding=\"async\" width=\"800\" height=\"402\" src=\"https:\/\/infoecos.com.ar\/wp-content\/uploads\/2023\/06\/hospitalgeneralvillegas.jpg\" alt=\"\" class=\"wp-image-105784\" srcset=\"https:\/\/infoecos.com.ar\/wp-content\/uploads\/2023\/06\/hospitalgeneralvillegas.jpg 800w, https:\/\/infoecos.com.ar\/wp-content\/uploads\/2023\/06\/hospitalgeneralvillegas-300x150.jpg 300w, https:\/\/infoecos.com.ar\/wp-content\/uploads\/2023\/06\/hospitalgeneralvillegas-768x386.jpg 768w\" sizes=\"(max-width: 800px) 100vw, 800px\" \/><\/figure>\n\n\n\n<p>En este sentido, la obra de ampliaci\u00f3n de la Terapia Intensiva avanza de manera r\u00e1pida y este fin de semana se llev\u00f3 a cabo la realizaci\u00f3n de la losa, lo que permite en estas pr\u00f3ximas semanas avanzar con las tareas en el interior.<\/p>\n\n\n\n<p>La nueva Terapia contempla el aumento de n\u00famero de camas para la atenci\u00f3n de pacientes cr\u00edticos, un bloque de servicios, ba\u00f1o de personal, office de enfermer\u00eda y lugares de descarte y limpieza, adem\u00e1s de mejoras en las condiciones del servicio al integrarse con el resto del edificio; y la creaci\u00f3n de una sala de espera para familiares que esperan el parte m\u00e9dico de cada paciente.<\/p>\n\n\n\n<p>Adem\u00e1s, en relaci\u00f3n a seguridad edilicia se lleva a cabo el plan de diagramaci\u00f3n de los planos de evacuaci\u00f3n e incorporaci\u00f3n de se\u00f1al\u00e9tica y capacitaci\u00f3n al personal.<\/p>\n\n\n\n<p>Se realizaron modificaciones en las salidas con sistema de apertura anti p\u00e1nico, colocaci\u00f3n de aparatos el\u00e9ctricos con su respectivo cable a tierra, compra de nuevos extinguidores de polvo qu\u00edmico seco y de di\u00f3xido de carbono, entre otras cuestiones que hacen a las mejoras del edificio.<\/p>\n\n\n\n<p>El trabajo es coordinado desde el equipo directivo del Hospital con el aporte de la Cooperadora.<\/p>\n\n\n\n<p><strong>Fuente: diarioactualidad.com<\/strong><\/p>\n","protected":false},"excerpt":{"rendered":"<p>La nueva Terapia contempla el aumento de n\u00famero de camas para la atenci\u00f3n de pacientes cr\u00edticos, un bloque de servicios, ba\u00f1o de personal, office de enfermer\u00eda y lugares de descarte y limpieza<\/p>\n","protected":false},"author":2,"featured_media":105784,"comment_status":"closed","ping_status":"open","sticky":false,"template":"","format":"standard","meta":{"footnotes":""},"categories":[1326],"tags":[8095],"class_list":["post-105783","post","type-post","status-publish","format-standard","has-post-thumbnail","hentry","category-c2nota6","tag-mejor-atencion-en-salud"],"yoast_head":"<!-- This site is optimized with the Yoast SEO plugin v23.4 - https:\/\/yoast.com\/wordpress\/plugins\/seo\/ -->\n<title>Se trabaja en las obras de infraestructura y mantenimiento del Hospital de General Villegas - Infoecos<\/title>\n<meta name=\"robots\" content=\"index, follow, max-snippet:-1, max-image-preview:large, max-video-preview:-1\" \/>\n<link rel=\"canonical\" href=\"https:\/\/infoecos.com.ar\/index.php\/se-trabaja-en-las-obras-de-infraestructura-y-mantenimiento-del-hospital-de-general-villegas\/\" \/>\n<meta property=\"og:locale\" content=\"es_ES\" \/>\n<meta property=\"og:type\" content=\"article\" \/>\n<meta property=\"og:title\" content=\"Se trabaja en las obras de infraestructura y mantenimiento del Hospital de General Villegas - Infoecos\" \/>\n<meta property=\"og:description\" content=\"La nueva Terapia contempla el aumento de n\u00famero de camas para la atenci\u00f3n de pacientes cr\u00edticos, un bloque de servicios, ba\u00f1o de personal, office de enfermer\u00eda y lugares de descarte y limpieza\" \/>\n<meta property=\"og:url\" content=\"https:\/\/infoecos.com.ar\/index.php\/se-trabaja-en-las-obras-de-infraestructura-y-mantenimiento-del-hospital-de-general-villegas\/\" \/>\n<meta property=\"og:site_name\" content=\"Infoecos\" \/>\n<meta property=\"article:publisher\" content=\"https:\/\/www.facebook.com\/profile.php?id=100063200290284\" \/>\n<meta property=\"article:published_time\" content=\"2023-06-06T03:34:36+00:00\" \/>\n<meta property=\"article:modified_time\" content=\"2023-06-12T06:59:07+00:00\" \/>\n<meta property=\"og:image\" content=\"https:\/\/infoecos.com.ar\/wp-content\/uploads\/2023\/06\/hospitalgeneralvillegas.jpg\" \/>\n\t<meta property=\"og:image:width\" content=\"800\" \/>\n\t<meta property=\"og:image:height\" content=\"402\" \/>\n\t<meta property=\"og:image:type\" content=\"image\/jpeg\" \/>\n<meta name=\"author\" content=\"Jorge Matheus\" \/>\n<meta name=\"twitter:card\" content=\"summary_large_image\" \/>\n<meta name=\"twitter:creator\" content=\"@infoecos\" \/>\n<meta name=\"twitter:site\" content=\"@infoecos\" \/>\n<meta name=\"twitter:label1\" content=\"Escrito por\" \/>\n\t<meta name=\"twitter:data1\" content=\"Jorge Matheus\" \/>\n\t<meta name=\"twitter:label2\" content=\"Tiempo de lectura\" \/>\n\t<meta name=\"twitter:data2\" content=\"2 minutos\" \/>\n<script type=\"application\/ld+json\" class=\"yoast-schema-graph\">{\"@context\":\"https:\/\/schema.org\",\"@graph\":[{\"@type\":\"Article\",\"@id\":\"https:\/\/infoecos.com.ar\/index.php\/se-trabaja-en-las-obras-de-infraestructura-y-mantenimiento-del-hospital-de-general-villegas\/#article\",\"isPartOf\":{\"@id\":\"https:\/\/infoecos.com.ar\/index.php\/se-trabaja-en-las-obras-de-infraestructura-y-mantenimiento-del-hospital-de-general-villegas\/\"},\"author\":{\"name\":\"Jorge Matheus\",\"@id\":\"https:\/\/infoecos.com.ar\/#\/schema\/person\/8f5ace5ce73b4b4aac4b7245aee6f191\"},\"headline\":\"Se trabaja en las obras de infraestructura y mantenimiento del Hospital de General Villegas\",\"datePublished\":\"2023-06-06T03:34:36+00:00\",\"dateModified\":\"2023-06-12T06:59:07+00:00\",\"mainEntityOfPage\":{\"@id\":\"https:\/\/infoecos.com.ar\/index.php\/se-trabaja-en-las-obras-de-infraestructura-y-mantenimiento-del-hospital-de-general-villegas\/\"},\"wordCount\":283,\"publisher\":{\"@id\":\"https:\/\/infoecos.com.ar\/#organization\"},\"image\":{\"@id\":\"https:\/\/infoecos.com.ar\/index.php\/se-trabaja-en-las-obras-de-infraestructura-y-mantenimiento-del-hospital-de-general-villegas\/#primaryimage\"},\"thumbnailUrl\":\"https:\/\/infoecos.com.ar\/wp-content\/uploads\/2023\/06\/hospitalgeneralvillegas.jpg\",\"keywords\":[\"MEJOR ATENCI\u00d3N EN SALUD\"],\"articleSection\":[\"C2 N6\"],\"inLanguage\":\"es\"},{\"@type\":\"WebPage\",\"@id\":\"https:\/\/infoecos.com.ar\/index.php\/se-trabaja-en-las-obras-de-infraestructura-y-mantenimiento-del-hospital-de-general-villegas\/\",\"url\":\"https:\/\/infoecos.com.ar\/index.php\/se-trabaja-en-las-obras-de-infraestructura-y-mantenimiento-del-hospital-de-general-villegas\/\",\"name\":\"Se trabaja en las obras de infraestructura y mantenimiento del Hospital de General Villegas - Infoecos\",\"isPartOf\":{\"@id\":\"https:\/\/infoecos.com.ar\/#website\"},\"primaryImageOfPage\":{\"@id\":\"https:\/\/infoecos.com.ar\/index.php\/se-trabaja-en-las-obras-de-infraestructura-y-mantenimiento-del-hospital-de-general-villegas\/#primaryimage\"},\"image\":{\"@id\":\"https:\/\/infoecos.com.ar\/index.php\/se-trabaja-en-las-obras-de-infraestructura-y-mantenimiento-del-hospital-de-general-villegas\/#primaryimage\"},\"thumbnailUrl\":\"https:\/\/infoecos.com.ar\/wp-content\/uploads\/2023\/06\/hospitalgeneralvillegas.jpg\",\"datePublished\":\"2023-06-06T03:34:36+00:00\",\"dateModified\":\"2023-06-12T06:59:07+00:00\",\"breadcrumb\":{\"@id\":\"https:\/\/infoecos.com.ar\/index.php\/se-trabaja-en-las-obras-de-infraestructura-y-mantenimiento-del-hospital-de-general-villegas\/#breadcrumb\"},\"inLanguage\":\"es\",\"potentialAction\":[{\"@type\":\"ReadAction\",\"target\":[\"https:\/\/infoecos.com.ar\/index.php\/se-trabaja-en-las-obras-de-infraestructura-y-mantenimiento-del-hospital-de-general-villegas\/\"]}]},{\"@type\":\"ImageObject\",\"inLanguage\":\"es\",\"@id\":\"https:\/\/infoecos.com.ar\/index.php\/se-trabaja-en-las-obras-de-infraestructura-y-mantenimiento-del-hospital-de-general-villegas\/#primaryimage\",\"url\":\"https:\/\/infoecos.com.ar\/wp-content\/uploads\/2023\/06\/hospitalgeneralvillegas.jpg\",\"contentUrl\":\"https:\/\/infoecos.com.ar\/wp-content\/uploads\/2023\/06\/hospitalgeneralvillegas.jpg\",\"width\":800,\"height\":402},{\"@type\":\"BreadcrumbList\",\"@id\":\"https:\/\/infoecos.com.ar\/index.php\/se-trabaja-en-las-obras-de-infraestructura-y-mantenimiento-del-hospital-de-general-villegas\/#breadcrumb\",\"itemListElement\":[{\"@type\":\"ListItem\",\"position\":1,\"name\":\"Portada\",\"item\":\"https:\/\/infoecos.com.ar\/\"},{\"@type\":\"ListItem\",\"position\":2,\"name\":\"Se trabaja en las obras de infraestructura y mantenimiento del Hospital de General Villegas\"}]},{\"@type\":\"WebSite\",\"@id\":\"https:\/\/infoecos.com.ar\/#website\",\"url\":\"https:\/\/infoecos.com.ar\/\",\"name\":\"Infoecos\",\"description\":\"Noticias de trenque lauquen y la zona\",\"publisher\":{\"@id\":\"https:\/\/infoecos.com.ar\/#organization\"},\"alternateName\":\"Noticias\",\"potentialAction\":[{\"@type\":\"SearchAction\",\"target\":{\"@type\":\"EntryPoint\",\"urlTemplate\":\"https:\/\/infoecos.com.ar\/?s={search_term_string}\"},\"query-input\":{\"@type\":\"PropertyValueSpecification\",\"valueRequired\":true,\"valueName\":\"search_term_string\"}}],\"inLanguage\":\"es\"},{\"@type\":\"Organization\",\"@id\":\"https:\/\/infoecos.com.ar\/#organization\",\"name\":\"Infoecos\",\"alternateName\":\"Noticias\",\"url\":\"https:\/\/infoecos.com.ar\/\",\"logo\":{\"@type\":\"ImageObject\",\"inLanguage\":\"es\",\"@id\":\"https:\/\/infoecos.com.ar\/#\/schema\/logo\/image\/\",\"url\":\"https:\/\/infoecos.com.ar\/wp-content\/uploads\/2024\/03\/cropped-logo.png\",\"contentUrl\":\"https:\/\/infoecos.com.ar\/wp-content\/uploads\/2024\/03\/cropped-logo.png\",\"width\":374,\"height\":90,\"caption\":\"Infoecos\"},\"image\":{\"@id\":\"https:\/\/infoecos.com.ar\/#\/schema\/logo\/image\/\"},\"sameAs\":[\"https:\/\/www.facebook.com\/profile.php?id=100063200290284\",\"https:\/\/x.com\/infoecos\"]},{\"@type\":\"Person\",\"@id\":\"https:\/\/infoecos.com.ar\/#\/schema\/person\/8f5ace5ce73b4b4aac4b7245aee6f191\",\"name\":\"Jorge Matheus\",\"url\":\"https:\/\/infoecos.com.ar\/index.php\/author\/jomatheus\/\"}]}<\/script>\n<!-- \/ Yoast SEO plugin. -->","yoast_head_json":{"title":"Se trabaja en las obras de infraestructura y mantenimiento del Hospital de General Villegas - Infoecos","robots":{"index":"index","follow":"follow","max-snippet":"max-snippet:-1","max-image-preview":"max-image-preview:large","max-video-preview":"max-video-preview:-1"},"canonical":"https:\/\/infoecos.com.ar\/index.php\/se-trabaja-en-las-obras-de-infraestructura-y-mantenimiento-del-hospital-de-general-villegas\/","og_locale":"es_ES","og_type":"article","og_title":"Se trabaja en las obras de infraestructura y mantenimiento del Hospital de General Villegas - Infoecos","og_description":"La nueva Terapia contempla el aumento de n\u00famero de camas para la atenci\u00f3n de pacientes cr\u00edticos, un bloque de servicios, ba\u00f1o de personal, office de enfermer\u00eda y lugares de descarte y limpieza","og_url":"https:\/\/infoecos.com.ar\/index.php\/se-trabaja-en-las-obras-de-infraestructura-y-mantenimiento-del-hospital-de-general-villegas\/","og_site_name":"Infoecos","article_publisher":"https:\/\/www.facebook.com\/profile.php?id=100063200290284","article_published_time":"2023-06-06T03:34:36+00:00","article_modified_time":"2023-06-12T06:59:07+00:00","og_image":[{"width":800,"height":402,"url":"https:\/\/infoecos.com.ar\/wp-content\/uploads\/2023\/06\/hospitalgeneralvillegas.jpg","type":"image\/jpeg"}],"author":"Jorge Matheus","twitter_card":"summary_large_image","twitter_creator":"@infoecos","twitter_site":"@infoecos","twitter_misc":{"Escrito por":"Jorge Matheus","Tiempo de lectura":"2 minutos"},"schema":{"@context":"https:\/\/schema.org","@graph":[{"@type":"Article","@id":"https:\/\/infoecos.com.ar\/index.php\/se-trabaja-en-las-obras-de-infraestructura-y-mantenimiento-del-hospital-de-general-villegas\/#article","isPartOf":{"@id":"https:\/\/infoecos.com.ar\/index.php\/se-trabaja-en-las-obras-de-infraestructura-y-mantenimiento-del-hospital-de-general-villegas\/"},"author":{"name":"Jorge Matheus","@id":"https:\/\/infoecos.com.ar\/#\/schema\/person\/8f5ace5ce73b4b4aac4b7245aee6f191"},"headline":"Se trabaja en las obras de infraestructura y mantenimiento del Hospital de General Villegas","datePublished":"2023-06-06T03:34:36+00:00","dateModified":"2023-06-12T06:59:07+00:00","mainEntityOfPage":{"@id":"https:\/\/infoecos.com.ar\/index.php\/se-trabaja-en-las-obras-de-infraestructura-y-mantenimiento-del-hospital-de-general-villegas\/"},"wordCount":283,"publisher":{"@id":"https:\/\/infoecos.com.ar\/#organization"},"image":{"@id":"https:\/\/infoecos.com.ar\/index.php\/se-trabaja-en-las-obras-de-infraestructura-y-mantenimiento-del-hospital-de-general-villegas\/#primaryimage"},"thumbnailUrl":"https:\/\/infoecos.com.ar\/wp-content\/uploads\/2023\/06\/hospitalgeneralvillegas.jpg","keywords":["MEJOR ATENCI\u00d3N EN SALUD"],"articleSection":["C2 N6"],"inLanguage":"es"},{"@type":"WebPage","@id":"https:\/\/infoecos.com.ar\/index.php\/se-trabaja-en-las-obras-de-infraestructura-y-mantenimiento-del-hospital-de-general-villegas\/","url":"https:\/\/infoecos.com.ar\/index.php\/se-trabaja-en-las-obras-de-infraestructura-y-mantenimiento-del-hospital-de-general-villegas\/","name":"Se trabaja en las obras de infraestructura y mantenimiento del Hospital de General Villegas - Infoecos","isPartOf":{"@id":"https:\/\/infoecos.com.ar\/#website"},"primaryImageOfPage":{"@id":"https:\/\/infoecos.com.ar\/index.php\/se-trabaja-en-las-obras-de-infraestructura-y-mantenimiento-del-hospital-de-general-villegas\/#primaryimage"},"image":{"@id":"https:\/\/infoecos.com.ar\/index.php\/se-trabaja-en-las-obras-de-infraestructura-y-mantenimiento-del-hospital-de-general-villegas\/#primaryimage"},"thumbnailUrl":"https:\/\/infoecos.com.ar\/wp-content\/uploads\/2023\/06\/hospitalgeneralvillegas.jpg","datePublished":"2023-06-06T03:34:36+00:00","dateModified":"2023-06-12T06:59:07+00:00","breadcrumb":{"@id":"https:\/\/infoecos.com.ar\/index.php\/se-trabaja-en-las-obras-de-infraestructura-y-mantenimiento-del-hospital-de-general-villegas\/#breadcrumb"},"inLanguage":"es","potentialAction":[{"@type":"ReadAction","target":["https:\/\/infoecos.com.ar\/index.php\/se-trabaja-en-las-obras-de-infraestructura-y-mantenimiento-del-hospital-de-general-villegas\/"]}]},{"@type":"ImageObject","inLanguage":"es","@id":"https:\/\/infoecos.com.ar\/index.php\/se-trabaja-en-las-obras-de-infraestructura-y-mantenimiento-del-hospital-de-general-villegas\/#primaryimage","url":"https:\/\/infoecos.com.ar\/wp-content\/uploads\/2023\/06\/hospitalgeneralvillegas.jpg","contentUrl":"https:\/\/infoecos.com.ar\/wp-content\/uploads\/2023\/06\/hospitalgeneralvillegas.jpg","width":800,"height":402},{"@type":"BreadcrumbList","@id":"https:\/\/infoecos.com.ar\/index.php\/se-trabaja-en-las-obras-de-infraestructura-y-mantenimiento-del-hospital-de-general-villegas\/#breadcrumb","itemListElement":[{"@type":"ListItem","position":1,"name":"Portada","item":"https:\/\/infoecos.com.ar\/"},{"@type":"ListItem","position":2,"name":"Se trabaja en las obras de infraestructura y mantenimiento del Hospital de General Villegas"}]},{"@type":"WebSite","@id":"https:\/\/infoecos.com.ar\/#website","url":"https:\/\/infoecos.com.ar\/","name":"Infoecos","description":"Noticias de trenque lauquen y la zona","publisher":{"@id":"https:\/\/infoecos.com.ar\/#organization"},"alternateName":"Noticias","potentialAction":[{"@type":"SearchAction","target":{"@type":"EntryPoint","urlTemplate":"https:\/\/infoecos.com.ar\/?s={search_term_string}"},"query-input":{"@type":"PropertyValueSpecification","valueRequired":true,"valueName":"search_term_string"}}],"inLanguage":"es"},{"@type":"Organization","@id":"https:\/\/infoecos.com.ar\/#organization","name":"Infoecos","alternateName":"Noticias","url":"https:\/\/infoecos.com.ar\/","logo":{"@type":"ImageObject","inLanguage":"es","@id":"https:\/\/infoecos.com.ar\/#\/schema\/logo\/image\/","url":"https:\/\/infoecos.com.ar\/wp-content\/uploads\/2024\/03\/cropped-logo.png","contentUrl":"https:\/\/infoecos.com.ar\/wp-content\/uploads\/2024\/03\/cropped-logo.png","width":374,"height":90,"caption":"Infoecos"},"image":{"@id":"https:\/\/infoecos.com.ar\/#\/schema\/logo\/image\/"},"sameAs":["https:\/\/www.facebook.com\/profile.php?id=100063200290284","https:\/\/x.com\/infoecos"]},{"@type":"Person","@id":"https:\/\/infoecos.com.ar\/#\/schema\/person\/8f5ace5ce73b4b4aac4b7245aee6f191","name":"Jorge Matheus","url":"https:\/\/infoecos.com.ar\/index.php\/author\/jomatheus\/"}]}},"featured_image_urls":{"full":["https:\/\/infoecos.com.ar\/wp-content\/uploads\/2023\/06\/hospitalgeneralvillegas.jpg",800,402,false],"thumbnail":["https:\/\/infoecos.com.ar\/wp-content\/uploads\/2023\/06\/hospitalgeneralvillegas-300x150.jpg",300,150,true],"medium":["https:\/\/infoecos.com.ar\/wp-content\/uploads\/2023\/06\/hospitalgeneralvillegas.jpg",800,402,false],"medium_large":["https:\/\/infoecos.com.ar\/wp-content\/uploads\/2023\/06\/hospitalgeneralvillegas-768x386.jpg",640,322,true],"large":["https:\/\/infoecos.com.ar\/wp-content\/uploads\/2023\/06\/hospitalgeneralvillegas.jpg",640,322,false],"1536x1536":["https:\/\/infoecos.com.ar\/wp-content\/uploads\/2023\/06\/hospitalgeneralvillegas.jpg",800,402,false],"2048x2048":["https:\/\/infoecos.com.ar\/wp-content\/uploads\/2023\/06\/hospitalgeneralvillegas.jpg",800,402,false],"covernews-slider-full":["https:\/\/infoecos.com.ar\/wp-content\/uploads\/2023\/06\/hospitalgeneralvillegas.jpg",800,402,false],"covernews-slider-center":["https:\/\/infoecos.com.ar\/wp-content\/uploads\/2023\/06\/hospitalgeneralvillegas.jpg",800,402,false],"covernews-featured":["https:\/\/infoecos.com.ar\/wp-content\/uploads\/2023\/06\/hospitalgeneralvillegas.jpg",800,402,false],"covernews-medium":["https:\/\/infoecos.com.ar\/wp-content\/uploads\/2023\/06\/hospitalgeneralvillegas-720x380.jpg",540,285,true],"covernews-medium-square":["https:\/\/infoecos.com.ar\/wp-content\/uploads\/2023\/06\/hospitalgeneralvillegas-675x402.jpg",400,238,true]},"author_info":{"info":["Jorge Matheus"]},"category_info":"<a href=\"https:\/\/infoecos.com.ar\/index.php\/category\/c2nota6\/\" rel=\"category tag\">C2 N6<\/a>","tag_info":"C2 N6","comment_count":"0","_links":{"self":[{"href":"https:\/\/infoecos.com.ar\/index.php\/wp-json\/wp\/v2\/posts\/105783"}],"collection":[{"href":"https:\/\/infoecos.com.ar\/index.php\/wp-json\/wp\/v2\/posts"}],"about":[{"href":"https:\/\/infoecos.com.ar\/index.php\/wp-json\/wp\/v2\/types\/post"}],"author":[{"embeddable":true,"href":"https:\/\/infoecos.com.ar\/index.php\/wp-json\/wp\/v2\/users\/2"}],"replies":[{"embeddable":true,"href":"https:\/\/infoecos.com.ar\/index.php\/wp-json\/wp\/v2\/comments?post=105783"}],"version-history":[{"count":1,"href":"https:\/\/infoecos.com.ar\/index.php\/wp-json\/wp\/v2\/posts\/105783\/revisions"}],"predecessor-version":[{"id":105785,"href":"https:\/\/infoecos.com.ar\/index.php\/wp-json\/wp\/v2\/posts\/105783\/revisions\/105785"}],"wp:featuredmedia":[{"embeddable":true,"href":"https:\/\/infoecos.com.ar\/index.php\/wp-json\/wp\/v2\/media\/105784"}],"wp:attachment":[{"href":"https:\/\/infoecos.com.ar\/index.php\/wp-json\/wp\/v2\/media?parent=105783"}],"wp:term":[{"taxonomy":"category","embeddable":true,"href":"https:\/\/infoecos.com.ar\/index.php\/wp-json\/wp\/v2\/categories?post=105783"},{"taxonomy":"post_tag","embeddable":true,"href":"https:\/\/infoecos.com.ar\/index.php\/wp-json\/wp\/v2\/tags?post=105783"}],"curies":[{"name":"wp","href":"https:\/\/api.w.org\/{rel}","templated":true}]}}