{"id":105933,"date":"2023-06-13T14:42:05","date_gmt":"2023-06-13T17:42:05","guid":{"rendered":"https:\/\/infoecos.com.ar\/?p=105933"},"modified":"2023-06-15T02:01:08","modified_gmt":"2023-06-15T05:01:08","slug":"finde-largo-turismo-fiesta-de-la-trufa-negra-en-saavedra-y-mas-alternativas","status":"publish","type":"post","link":"https:\/\/infoecos.com.ar\/index.php\/finde-largo-turismo-fiesta-de-la-trufa-negra-en-saavedra-y-mas-alternativas\/","title":{"rendered":"Finde largo: Fiesta de la Trufa Negra en Saavedra y m\u00e1s alternativas"},"content":{"rendered":"\n<p>Esta semana la provincia de Buenos Aires celebra las tradiciones criollas, la producci\u00f3n y la gastronom\u00eda. Saavedra realizar\u00e1 la Fiesta de la Trufa Negra; Gesell, la Tradicional Argentina La Criolla; el Pueblo Tur\u00edstico Uribelarrea, en Ca\u00f1uelas, la del Costillar Criollo; y Campana homenajear\u00e1 en su aniversario a la Virgen Del Canchillo.<\/p>\n\n\n\n<figure class=\"wp-block-image size-full\"><img loading=\"lazy\" decoding=\"async\" width=\"996\" height=\"853\" src=\"https:\/\/infoecos.com.ar\/wp-content\/uploads\/2023\/06\/TNM-Prensa-3.jpg\" alt=\"\" class=\"wp-image-105934\" srcset=\"https:\/\/infoecos.com.ar\/wp-content\/uploads\/2023\/06\/TNM-Prensa-3.jpg 996w, https:\/\/infoecos.com.ar\/wp-content\/uploads\/2023\/06\/TNM-Prensa-3-800x685.jpg 800w, https:\/\/infoecos.com.ar\/wp-content\/uploads\/2023\/06\/TNM-Prensa-3-768x658.jpg 768w\" sizes=\"(max-width: 996px) 100vw, 996px\" \/><\/figure>\n\n\n\n<p><strong>FIESTAS POPULARES<\/strong><\/p>\n\n\n\n<p><strong>SAAVEDRA (Espartillar)<\/strong><\/p>\n\n\n\n<p><strong>2\u00ba TRUFAR: Fiesta de la Trufa Negra<\/strong><\/p>\n\n\n\n<p><em><u>Fecha, hora y lugar<\/u><\/em>: S\u00e1bado 17 y domingo 18, de 11:00 a 18:00, en RN n\u00ba 3 km 164, Espartillar.<\/p>\n\n\n\n<p><em><u>Descripci\u00f3n<\/u><\/em>: Reconocidas cocineras y cocineros como Narda Lepes, Christophe Krywonis, Carlos Avalle, Juan Manuel Rodr\u00edguez y Maru Botana; y productores regionales llevar\u00e1n a cabo masterclasses con platos elaborados en base a este singular hongo. Adem\u00e1s, se podr\u00e1 conocer la trufera con reserva previa en&nbsp;&nbsp;<a href=\"https:\/\/trufasdelnuevomundo.com\/\" target=\"_blank\" rel=\"noreferrer noopener\">trufasdelnuevomundo.com<\/a>&nbsp;y ver la demostraci\u00f3n de b\u00fasqueda de trufas gratuita en la plaza local. En todo el distrito habr\u00e1 propuestas tur\u00edsticas y culturales para disfrutar del gran paisaje de sierras y lagunas, y visitar todos los emprendimientos de la zona. Consultar programaci\u00f3n en&nbsp;<a href=\"http:\/\/www.facebook.com\/MuniSaavedraPigue\" target=\"_blank\" rel=\"noreferrer noopener\">www.facebook.com\/MuniSaavedraPigue<\/a>&nbsp;&nbsp;<\/p>\n\n\n\n<p><em><u>M\u00e1s informaci\u00f3n<\/u><\/em>:&nbsp;<a href=\"http:\/\/www.turismo.saavedra.gov.ar\/\" target=\"_blank\" rel=\"noreferrer noopener\">www.turismo.saavedra.gov.ar<\/a>&nbsp;&#8211;&nbsp;<a href=\"http:\/\/www.facebook.com\/turismopigue\" target=\"_blank\" rel=\"noreferrer noopener\">www.facebook.com\/turismopigue<\/a><\/p>\n\n\n\n<figure class=\"wp-block-image size-full\"><img loading=\"lazy\" decoding=\"async\" width=\"1030\" height=\"883\" src=\"https:\/\/infoecos.com.ar\/wp-content\/uploads\/2023\/06\/Villa-Gesell.jpg\" alt=\"\" class=\"wp-image-105935\" srcset=\"https:\/\/infoecos.com.ar\/wp-content\/uploads\/2023\/06\/Villa-Gesell.jpg 1030w, https:\/\/infoecos.com.ar\/wp-content\/uploads\/2023\/06\/Villa-Gesell-800x686.jpg 800w, https:\/\/infoecos.com.ar\/wp-content\/uploads\/2023\/06\/Villa-Gesell-768x658.jpg 768w, https:\/\/infoecos.com.ar\/wp-content\/uploads\/2023\/06\/Villa-Gesell-1024x878.jpg 1024w\" sizes=\"(max-width: 1030px) 100vw, 1030px\" \/><\/figure>\n\n\n\n<p><strong>VILLA GESELL<\/strong><\/p>\n\n\n\n<p><strong>7\u00b0 Fiesta Tradicional Argentina La Criolla<\/strong><\/p>\n\n\n\n<p><em><u>Fecha, hora y lugar:<\/u><\/em>&nbsp;Del s\u00e1bado 17 al martes 20, desde las 11:00, en el Anfiteatro del Pinar, avenida 10 y Paseo 102.<\/p>\n\n\n\n<p><em><u>Descripci\u00f3n:<\/u><\/em>&nbsp;Festejo tradicionalista que entrelaza el mar con el aire del campo. Asado, locro y empanadas, degustaci\u00f3n de vinos, artistas locales, delicias dulces para el postre o el mate, m\u00fasica y danzas tradicionales. Entrada gratuita. Organiza la Secretar\u00eda de Turismo de la Municipalidad de Villa Gesell.&nbsp;<\/p>\n\n\n\n<p><em><u>M\u00e1s informaci\u00f3n<\/u><\/em>:&nbsp;<a href=\"http:\/\/www.gesell.tur.ar\/\" target=\"_blank\" rel=\"noreferrer noopener\">www.gesell.tur.ar<\/a>&nbsp;&#8211;&nbsp;<a href=\"http:\/\/www.facebook.com\/turismovillagesell\" target=\"_blank\" rel=\"noreferrer noopener\">www.facebook.com\/turismovillagesell<\/a>&nbsp;&#8211;&nbsp;<a href=\"http:\/\/www.instagram.com\/villageselltur\" target=\"_blank\" rel=\"noreferrer noopener\">www.instagram.com\/villageselltur<\/a>&nbsp;<\/p>\n\n\n\n<p><strong>CAMPANA<\/strong><\/p>\n\n\n\n<p><strong>23\u00ba Aniversario de la Imagen de la Virgen Del Canchillo<\/strong><\/p>\n\n\n\n<p><em><u>Fecha, hora y lugar:<\/u><\/em>&nbsp;Martes 20, a partir de las 09:00, en el Puente del R\u00edo Luj\u00e1n,&nbsp; Campana.<\/p>\n\n\n\n<p><em><u>Descripci\u00f3n:<\/u><\/em>&nbsp;Comenzar\u00e1 a las 10:00, con la procesi\u00f3n de peregrinos, jinetes, automovilistas, ciclistas, motoqueros. Luego, acto por el d\u00eda Patrio y celebraci\u00f3n de la misa. A partir de las 12:00, se podr\u00e1 disfrutar de artistas folcl\u00f3ricos, destrezas gauchas, ferias de emprendimientos y mesas dulces. Tambi\u00e9n se presentar\u00e1n Los Campedrinos, el Ballet Boliviano, la banda de la Mater, Melina Rodr\u00edguez, Samuelito el Pr\u00edncipe del acorde\u00f3n, Folclore con Nahuel Moreyra, Ballet Martin Fierro, y Alfredo Corralez. Por otro lado, del 17 al 20 de junio, se realizar\u00e1 la<strong>&nbsp;3\u00ba Feria del Libro de Campana<\/strong>, bajo el lema \u201cM\u00e1s libros, m\u00e1s libres\u201d, en el Club Ciudad. Con m\u00e1s de 35 escritores, 35 editoriales, actividades especiales, talleres y espect\u00e1culos. Entrada libre y gratuita. Organiza la Municipalidad de Campana.&nbsp;<\/p>\n\n\n\n<p><em><u>M\u00e1s informaci\u00f3n:<\/u><\/em>&nbsp;<a href=\"http:\/\/www.facebook.com\/municipalidaddecampana\" target=\"_blank\" rel=\"noreferrer noopener\">www.facebook.com\/municipalidaddecampana<\/a>&nbsp;&#8211;&nbsp;<a href=\"http:\/\/www.instagram.com\/campanagov\/\" target=\"_blank\" rel=\"noreferrer noopener\">www.instagram.com\/campanagov\/<\/a>&nbsp;<\/p>\n\n\n\n<p><strong>EVENTOS CULTURALES<\/strong><\/p>\n\n\n\n<p><strong>CARMEN DE ARECO<\/strong><\/p>\n\n\n\n<p><strong>Fin de Semana en Carmen de Areco<\/strong><\/p>\n\n\n\n<p><em><u>Fecha, hora y lugar:&nbsp;<\/u><\/em>S\u00e1bado 17, domingo 18 y lunes 19, a las 15.00, desde el Museo Hist\u00f3rico, Belgrano n 716.<\/p>\n\n\n\n<p><em><u>Descripci\u00f3n:<\/u><\/em>&nbsp;Visita guiada al casco hist\u00f3rico y fundacional, recorrido por la Plaza Independencia. Actividad libre y gratuita. Adem\u00e1s, el domingo a partir de las 11.30, en la Materia del Pueblo Tur\u00edstico Gouin, se llevar\u00e1 a cabo una feria de artesan\u00edas y emprendimientos, venta de pasteles y productos de la regi\u00f3n. Organiza la Direcci\u00f3n<\/p>\n\n\n\n<p>de Turismo de Carmen de Areco.<\/p>\n\n\n\n<p><em><u>M\u00e1s informaci\u00f3n:<\/u><\/em>&nbsp;<a href=\"http:\/\/www.facebook.com\/turismocarmendeareco\" target=\"_blank\" rel=\"noreferrer noopener\">www.facebook.com\/turismocarmendeareco<\/a>&nbsp;&#8211;<\/p>\n\n\n\n<p><a href=\"http:\/\/www.instagram.com\/carmendearecoturismo\" target=\"_blank\" rel=\"noreferrer noopener\">www.instagram.com\/carmendearecoturismo<\/a><\/p>\n\n\n\n<p><strong>TORNQUIST (Sierra de la Ventana)<\/strong><\/p>\n\n\n\n<p><strong>Fiesta de Estrellas<\/strong><\/p>\n\n\n\n<p><em><u>Fecha, hora y lugar:<\/u><\/em>&nbsp;S\u00e1bado 17, a las 19:00, en el Glamping Puente Blanco, ruta 72, KM 2.6.<\/p>\n\n\n\n<p><em><u>Descripci\u00f3n:<\/u><\/em>&nbsp;Sesi\u00f3n de Astronom\u00eda con telescopio de \u00faltima generaci\u00f3n y precisi\u00f3n l\u00e1ser: Sistema Solar, espacio profundo, galaxias, c\u00famulos estelares, cosmovisi\u00f3n tehuelche y constelaci\u00f3n top del invierno. La charla estar\u00e1 a cargo del divulgador cient\u00edfico de Experiencia Tierra Ventana. Incluye cena: pizzas libres, cerveza y gaseosa. Reservas al @experienciatierraventana (291) 5094696. Organiza Experiencia Tierra Ventana.<\/p>\n\n\n\n<p><em><u>M\u00e1s informaci\u00f3n:<\/u><\/em>&nbsp;<a href=\"https:\/\/www.facebook.com\/direccionturismo.tornquist\" target=\"_blank\" rel=\"noreferrer noopener\">www.facebook.com\/direccionturismo.tornquist<\/a>&nbsp;&#8211;&nbsp;<a href=\"https:\/\/www.instagram.com\/ventania_tornquist\" target=\"_blank\" rel=\"noreferrer noopener\">www.instagram.com\/ventania_tornquist<\/a><\/p>\n\n\n\n<p><strong>MARCOS PAZ<\/strong><\/p>\n\n\n\n<p><strong>Gran Feria Medieval<\/strong><\/p>\n\n\n\n<p><em><u>Fecha, hora y lugar:&nbsp;<\/u><\/em>S\u00e1bado 17, a las 12:00, en el Paseo de la Estaci\u00f3n.<\/p>\n\n\n\n<p><em><u>Descripci\u00f3n:&nbsp;<\/u><\/em>Gastronom\u00eda t\u00edpica, cerveza artesanal, hidromiel, feria de artesan\u00edas y soft combat. Entrada libre y gratuita. Organiza la Municipalidad de Marcos<\/p>\n\n\n\n<p>Paz.<\/p>\n\n\n\n<p><em><u>M\u00e1s informaci\u00f3n:<\/u><\/em>&nbsp;<a href=\"http:\/\/www.instagram.com\/turismo_marcospaz\" target=\"_blank\" rel=\"noreferrer noopener\">www.instagram.com\/turismo_marcospaz<\/a>&nbsp;&#8211;<\/p>\n\n\n\n<p><a href=\"http:\/\/www.facebook.com\/TurismoMunicipiodeMarcosPaz\" target=\"_blank\" rel=\"noreferrer noopener\">www.facebook.com\/TurismoMunicipiodeMarcosPaz<\/a><\/p>\n\n\n\n<p><strong>LA COSTA (Mar de Aj\u00f3)<\/strong><\/p>\n\n\n\n<p><strong>Festival de Rock<\/strong><\/p>\n\n\n\n<p><em><u>Fecha, hora y lugar:<\/u><\/em>&nbsp;Lunes 19, a partir de las 16.00, en el Espacio Multicultural de Mar de Aj\u00f3, Yrigoyen y Sacconi.<\/p>\n\n\n\n<p><em><u>Descripci\u00f3n:<\/u><\/em>&nbsp;M\u00fasica en vivo de la mano del reconocido guitarrista y compositor Claudio Gabis y de la ic\u00f3nica banda Blues Motel. Entrada libre y gratuita. Municipalidad del Partido de La Costa.<\/p>\n\n\n\n<p><em><u>M\u00e1s informaci\u00f3n:<\/u><\/em>&nbsp;<a href=\"https:\/\/lacosta.gob.ar\/agenda\/\" target=\"_blank\" rel=\"noreferrer noopener\">https:\/\/lacosta.gob.ar\/agenda\/<\/a>&nbsp;&#8211;&nbsp;<a href=\"https:\/\/www.instagram.com\/muni.lacosta\" target=\"_blank\" rel=\"noreferrer noopener\">www.instagram.com\/muni.lacosta<\/a><strong>&nbsp;&#8211;&nbsp;<\/strong><a href=\"http:\/\/www.facebook.com\/MuniLaCosta\" target=\"_blank\" rel=\"noreferrer noopener\">www.facebook.com\/MuniLaCosta<\/a>&nbsp;<\/p>\n\n\n\n<p><strong>BAH\u00cdA BLANCA<\/strong><\/p>\n\n\n\n<p><strong>14\u00b0 Jornada Gardeliana<\/strong><\/p>\n\n\n\n<p><em><u>Fecha, hora y lugar<\/u><\/em>: Del mi\u00e9rcoles 21 al martes 27, en diferentes horarios y espacios de la ciudad de Bah\u00eda Blanca.<\/p>\n\n\n\n<p><em><u>Descripci\u00f3n<\/u><\/em>: Tradicional propuesta tanguera en conmemoraci\u00f3n de los 88 a\u00f1os del fallecimiento de Carlos Gardel. Una producci\u00f3n del escritor y productor cultural Jos\u00e9 Valle para el Ciclo Cultural Bah\u00eda Blanca. Habr\u00e1 espect\u00e1culos, cine y charlas. Entrada libre y gratuita. Organiza el Ciclo Cultural Bah\u00eda Blanca No Olvida con el apoyo de la Municipalidad de Bah\u00eda Blanca.<\/p>\n\n\n\n<p><em><u>M\u00e1s informaci\u00f3n<\/u><\/em>:&nbsp;<a href=\"http:\/\/www.bahia.gob.ar\/agenda\" target=\"_blank\" rel=\"noreferrer noopener\">www.bahia.gob.ar\/agenda<\/a>&nbsp;&#8211;&nbsp;<a href=\"http:\/\/www.bahia.gob.ar\/turismo\" target=\"_blank\" rel=\"noreferrer noopener\">www.bahia.gob.ar\/turismo<\/a>&nbsp;&#8211;&nbsp;<a href=\"http:\/\/www.facebook.com\/turismobahiablanca\" target=\"_blank\" rel=\"noreferrer noopener\">www.facebook.com\/turismobahiablanca<\/a>&nbsp;&#8211;&nbsp;<a href=\"http:\/\/www.instagram.com\/turismobahiablanca\" target=\"_blank\" rel=\"noreferrer noopener\">www.instagram.com\/turismobahiablanca<\/a>&nbsp;<\/p>\n\n\n\n<p><strong>EVENTOS GASTRON\u00d3MICOS<\/strong><\/p>\n\n\n\n<p><strong>CA\u00d1UELAS (Uribelarrea)<\/strong><\/p>\n\n\n\n<p><strong>1\u00ba Fiesta del Costillar Criollo<\/strong><\/p>\n\n\n\n<p><em><u>Fecha, hora y lugar:<\/u><\/em>&nbsp;S\u00e1bado 17, de 11:00 a 20:00, en la Sociedad de Fomento del Pueblo Tur\u00edstico Uribelarrea, Valeria de Crotto y 18 de Diciembre.<\/p>\n\n\n\n<p><em><u>Descripci\u00f3n:<\/u><\/em>&nbsp;Emprendedores y emprendedoras se encargar\u00e1n de ofrecer deliciosos costillares de carne vacuna, que se podr\u00e1n adquirir al peso. Adem\u00e1s, diversas instituciones locales y el paraje El Taladro, se unir\u00e1n a la celebraci\u00f3n con variedad de opciones culinarias. Habr\u00e1 artesan\u00edas, artistas locales y espect\u00e1culo musical de Los Carabajal y Juan Fuentes. Entrada libre y gratuita. Organiza la Municipalidad de Ca\u00f1uelas y emprendedores locales.<\/p>\n\n\n\n<p><em><u>M\u00e1s informaci\u00f3n:<\/u><\/em>&nbsp;<a href=\"http:\/\/www.facebook.com\/MunicipalidadDeCanuelas\" target=\"_blank\" rel=\"noreferrer noopener\">www.facebook.com\/MunicipalidadDeCanuelas<\/a>&nbsp;&#8211;&nbsp;<a href=\"http:\/\/www.instagram.com\/municanuelas\" target=\"_blank\" rel=\"noreferrer noopener\">www.instagram.com\/municanuelas<\/a>&nbsp;<\/p>\n\n\n\n<p><strong>EVENTOS DEPORTIVOS<\/strong><\/p>\n\n\n\n<p><strong>VILLARINO (Chapalc\u00f3)<\/strong><\/p>\n\n\n\n<p><strong>1\u00ba Campeonato de Pesca<\/strong><\/p>\n\n\n\n<p><em><u>Fecha, hora y lugar:<\/u><\/em>&nbsp;S\u00e1bado 17, de 11:00 a 16:00, en el Balneario Chapalc\u00f3.<\/p>\n\n\n\n<p><em><u>Descripci\u00f3n:<\/u><\/em>&nbsp;Torneo que convoca a pescadores de toda la regi\u00f3n en las aguas de Chapalc\u00f3. Un evento lleno de emoci\u00f3n, camarader\u00eda y competencia, donde se podr\u00e1 disfrutar de la belleza natural mientras se pesca. Importantes premios del 1\u00ba al 10\u00ba puesto. Inscripciones al (291) 4356998. Cabe aclarar que se debe tramitar, v\u00eda online, la licencia de Pesca obligatoria de la Provincia de Buenos Aires ingresando&nbsp;<a href=\"http:\/\/www.maa.gba.gov.ar\/sistemas\/pesca\/licencias\/licencias00.php\" target=\"_blank\" rel=\"noreferrer noopener\">www.maa.gba.gov.ar\/sistemas\/pesca\/licencias\/licencias00.php<\/a>&nbsp;Organizan el Centro Recreativo y Deportivo 12 de Octubre junto a las Direcciones de Deporte y Turismo del Municipio de Villarino.<\/p>\n\n\n\n<p><em><u>M\u00e1s informaci\u00f3n:<\/u><\/em>&nbsp;<a href=\"http:\/\/www.facebook.com\/villarinoturismo\" target=\"_blank\" rel=\"noreferrer noopener\">www.facebook.com\/villarinoturismo<\/a>&nbsp;&#8211;&nbsp;<a href=\"http:\/\/www.instagram.com\/turismovillarino\" target=\"_blank\" rel=\"noreferrer noopener\">www.instagram.com\/turismovillarino<\/a>&nbsp;&#8211;&nbsp;<a href=\"http:\/\/www.villarino.gob.ar\/\" target=\"_blank\" rel=\"noreferrer noopener\">www.villarino.gob.ar<\/a><\/p>\n\n\n\n<p><strong>FERIAS Y EXPOSICIONES<\/strong><\/p>\n\n\n\n<p><strong>CAPIT\u00c1N SARMIENTO<\/strong><\/p>\n\n\n\n<p><strong>El Mercader Ferias<\/strong><\/p>\n\n\n\n<p>Fecha, hora y lugar: Del viernes 17 al martes 20, desde las 12:00 hasta las 00:00, en el Predio de la Estaci\u00f3n.<\/p>\n\n\n\n<p>Descripci\u00f3n: Carpas gastron\u00f3micas, food trucks, artesan\u00edas, patio cervecero, microemprendimientos, bandas en vivo y juegos infantiles.&nbsp;Entrada libre y gratuita. Organiza El Mercadero Ferias con el apoyo de la Municipalidad de Capitan Sarmiento.<\/p>\n\n\n\n<p>M\u00e1s informaci\u00f3n:&nbsp;<a href=\"http:\/\/www.facebook.com\/municipalidadcapitansarmiento\" target=\"_blank\" rel=\"noreferrer noopener\">www.facebook.com\/municipalidadcapitansarmiento<\/a>&nbsp;&#8211;<a href=\"http:\/\/www.instagram.com\/municipio_ctansto\/\" target=\"_blank\" rel=\"noreferrer noopener\">&nbsp;www.instagram.com\/municipio_ctansto<\/a>&nbsp;&#8211;&nbsp;<a href=\"https:\/\/capitansarmiento.gob.ar\/\" target=\"_blank\" rel=\"noreferrer noopener\">https:\/\/capitansarmiento.gob.ar<\/a><\/p>\n\n\n\n<p><strong>VISITA GUIADA<\/strong><\/p>\n\n\n\n<p><strong>BAH\u00cdA BLANCA<\/strong><\/p>\n\n\n\n<p><strong>Caminatas Guiadas<\/strong><\/p>\n\n\n\n<p><em><u>Fecha, hora y lugar:<\/u><\/em>&nbsp;S\u00e1bado 17, a las 15:00, con punto de encuentro en la Direcci\u00f3n de Turismo.<\/p>\n\n\n\n<p><em><u>Descripci\u00f3n:<\/u><\/em>&nbsp;Caminata por el Centro Hist\u00f3rico. Actividad gratuita. Inscripciones:&nbsp;<a href=\"https:\/\/forms.gle\/rnEqnntJA4VhDrtM9?fbclid=IwAR2AGyozqfs3yR7BpuBcU1iHSiC_TKi41mNWA-42CGRelYRWl7IDZDpqlXQ\" target=\"_blank\" rel=\"noreferrer noopener\">https:\/\/forms.gle\/rnEqnntJA4VhDrtM9<\/a>&nbsp;Organiza la Direcci\u00f3n de Turismo de la Municipalidad de Bah\u00eda Blanca. Adem\u00e1s, recorrido con el Bus Tur\u00edstico el viernes 16 a las 15:00, visitando el Museo y Archivo Hist\u00f3rico, y el Paseo Portuario. Y, el domingo 18 a las 15:00, visita al Museo y Galp\u00f3n Enciclop\u00e9dico en el Barrio Bella Vista. Inscripciones v\u00eda whatsapp al (<a href=\"https:\/\/l.facebook.com\/l.php?u=https%3A%2F%2Fapi.whatsapp.com%2Fsend%3Fphone%3D542914390122%26text%3DEnlace%253A%250Ahttps%253A%252F%252Ffb.me%252F3GOcfg7uG%250A%250AVi%2520esto%2520en%2520Facebook...%26app%3Dfacebook%26fbclid%3DIwAR0uvbsy8DdjpFEdQqG9cyu-DQk7ZYhTuv2tEFcPWGHseCyJ6RvjXpeAIUM&amp;h=AT37WfaaNll0GaXTkFiH4j0uk4ombAPcDzZMYfbVKbJ9EFShIGVVrftjdcObfYhkpu-NBpUUD8bYm2JV6Mf018H3dl4Fbm5WmdibmnsOCScAox4u2uETB5eQ768gR-1E3WI&amp;__tn__=-UK-R&amp;c%5b0%5d=AT3aWprvji1zkCOQwBFBnNDk-LDymlv35-iG19YPtgsDdALmwPXSeAk-4zyVSIkN05LaNKoRhvngiI7wfs3UR1oPDPA5t4sY2vTj_EIiGKonuPYieU4s9anhcwiW2N7e2991LWA5Nj1VJiS6i7dyuM0eEFYdeyioaZZn8nzjj6AsrUhvdw\" target=\"_blank\" rel=\"noreferrer noopener\">0291) 439-0122<\/a>.&nbsp;<\/p>\n\n\n\n<p><em><u>M\u00e1s informaci\u00f3n:<\/u><\/em>&nbsp;<a href=\"http:\/\/www.facebook.com\/turismobahiablanca\" target=\"_blank\" rel=\"noreferrer noopener\">www.facebook.com\/turismobahiablanca<\/a>&nbsp;&#8211;&nbsp;<a href=\"https:\/\/www.instagram.com\/turismobahiablanca\" target=\"_blank\" rel=\"noreferrer noopener\">www.instagram.com\/turismobahiablanca<\/a><\/p>\n\n\n\n<p><strong>ADOLFO ALSINA (Carhu\u00e9)<\/strong><\/p>\n\n\n\n<p><strong>Finde Salam\u00f3nico<\/strong><\/p>\n\n\n\n<p><em><u>Fecha, hora y lugar:<\/u><\/em>&nbsp;Del s\u00e1bado 17 al martes 20, en diferentes horarios y espacios f\u00edsicos de la ciudad.<\/p>\n\n\n\n<p><em><u>Descripci\u00f3n:<\/u><\/em>&nbsp;Muestras, excursiones y visitas guiadas a las construcciones dise\u00f1adas por el arquitecto Francisco Salamone. Adolfo Alsina es el distrito que cuenta con m\u00e1s obras de su autor\u00eda, entre las que se cuentan el Palacio Municipal, el Matadero, el Cristo y el Cristo de M\u00e9dano. Organiza la Municipalidad de Adolfo Alsina. Programaci\u00f3n completa en:&nbsp;<a href=\"http:\/\/www.adolfoalsina.gov.ar\/agenda\/\" target=\"_blank\" rel=\"noreferrer noopener\">www.adolfoalsina.gov.ar\/agenda\/<\/a><\/p>\n\n\n\n<p><em><u>M\u00e1s informaci\u00f3n:<\/u><\/em>&nbsp;<a href=\"http:\/\/www.instagram.com\/lagoepecuencarhue\" target=\"_blank\" rel=\"noreferrer noopener\">www.instagram.com\/lagoepecuencarhue<\/a>&nbsp;&#8211;&nbsp;<a href=\"http:\/\/www.facebook.com\/lagoepecuen.carhue\" target=\"_blank\" rel=\"noreferrer noopener\">www.facebook.com\/lagoepecuen.carhue<\/a><\/p>\n\n\n\n<p>La agenda tur\u00edstica y cultural de los 135 municipios se encuentra disponible en la APP ReCreo. Link de descarga:&nbsp;<a href=\"http:\/\/recreo.gba.gob.ar\/descargar\" target=\"_blank\" rel=\"noreferrer noopener\">recreo.gba.gob.ar\/descargar<\/a><\/p>\n\n\n\n<p><strong>FIESTAS POPULARES<\/strong><\/p>\n\n\n\n<p><strong>SAAVEDRA (Espartillar)<\/strong><\/p>\n\n\n\n<p><strong>2\u00ba TRUFAR: Fiesta de la Trufa Negra<\/strong><\/p>\n\n\n\n<p><em><u>Fecha, hora y lugar<\/u><\/em>: S\u00e1bado 17 y domingo 18, de 11:00 a 18:00, en RN n\u00ba 3 km 164, Espartillar.<\/p>\n\n\n\n<p><em><u>Descripci\u00f3n<\/u><\/em>: Reconocidas cocineras y cocineros como Narda Lepes, Christophe Krywonis, Carlos Avalle, Juan Manuel Rodr\u00edguez y Maru Botana; y productores regionales llevar\u00e1n a cabo masterclasses con platos elaborados en base a este singular hongo. Adem\u00e1s, se podr\u00e1 conocer la trufera con reserva previa en&nbsp;&nbsp;<a href=\"https:\/\/trufasdelnuevomundo.com\/\" target=\"_blank\" rel=\"noreferrer noopener\">trufasdelnuevomundo.com<\/a>&nbsp;y ver la demostraci\u00f3n de b\u00fasqueda de trufas gratuita en la plaza local. En todo el distrito habr\u00e1 propuestas tur\u00edsticas y culturales para disfrutar del gran paisaje de sierras y lagunas, y visitar todos los emprendimientos de la zona. Consultar programaci\u00f3n en&nbsp;<a href=\"http:\/\/www.facebook.com\/MuniSaavedraPigue\" target=\"_blank\" rel=\"noreferrer noopener\">www.facebook.com\/MuniSaavedraPigue<\/a>&nbsp;&nbsp;<\/p>\n\n\n\n<p><em><u>M\u00e1s informaci\u00f3n<\/u><\/em>:&nbsp;<a href=\"http:\/\/www.turismo.saavedra.gov.ar\/\" target=\"_blank\" rel=\"noreferrer noopener\">www.turismo.saavedra.gov.ar<\/a>&nbsp;&#8211;&nbsp;<a href=\"http:\/\/www.facebook.com\/turismopigue\" target=\"_blank\" rel=\"noreferrer noopener\">www.facebook.com\/turismopigue<\/a><\/p>\n\n\n\n<p><strong>VILLA GESELL<\/strong><\/p>\n\n\n\n<p><strong>7\u00b0 Fiesta Tradicional Argentina La Criolla<\/strong><\/p>\n\n\n\n<p><em><u>Fecha, hora y lugar:<\/u><\/em>&nbsp;Del s\u00e1bado 17 al martes 20, desde las 11:00, en el Anfiteatro del Pinar, avenida 10 y Paseo 102.<\/p>\n\n\n\n<p><em><u>Descripci\u00f3n:<\/u><\/em>&nbsp;Festejo tradicionalista que entrelaza el mar con el aire del campo. Asado, locro y empanadas, degustaci\u00f3n de vinos, artistas locales, delicias dulces para el postre o el mate, m\u00fasica y danzas tradicionales. Entrada gratuita. Organiza la Secretar\u00eda de Turismo de la Municipalidad de Villa Gesell.&nbsp;<\/p>\n\n\n\n<p><em><u>M\u00e1s informaci\u00f3n<\/u><\/em>:&nbsp;<a href=\"http:\/\/www.gesell.tur.ar\/\" target=\"_blank\" rel=\"noreferrer noopener\">www.gesell.tur.ar<\/a>&nbsp;&#8211;&nbsp;<a href=\"http:\/\/www.facebook.com\/turismovillagesell\" target=\"_blank\" rel=\"noreferrer noopener\">www.facebook.com\/turismovillagesell<\/a>&nbsp;&#8211;&nbsp;<a href=\"http:\/\/www.instagram.com\/villageselltur\" target=\"_blank\" rel=\"noreferrer noopener\">www.instagram.com\/villageselltur<\/a>&nbsp;<\/p>\n\n\n\n<p><strong>CAMPANA<\/strong><\/p>\n\n\n\n<p><strong>23\u00ba Aniversario de la Imagen de la Virgen Del Canchillo<\/strong><\/p>\n\n\n\n<p><em><u>Fecha, hora y lugar:<\/u><\/em>&nbsp;Martes 20, a partir de las 09:00, en el Puente del R\u00edo Luj\u00e1n,&nbsp; Campana.<\/p>\n\n\n\n<p><em><u>Descripci\u00f3n:<\/u><\/em>&nbsp;Comenzar\u00e1 a las 10:00, con la procesi\u00f3n de peregrinos, jinetes, automovilistas, ciclistas, motoqueros. Luego, acto por el d\u00eda Patrio y celebraci\u00f3n de la misa. A partir de las 12:00, se podr\u00e1 disfrutar de artistas folcl\u00f3ricos, destrezas gauchas, ferias de emprendimientos y mesas dulces. Tambi\u00e9n se presentar\u00e1n Los Campedrinos, el Ballet Boliviano, la banda de la Mater, Melina Rodr\u00edguez, Samuelito el Pr\u00edncipe del acorde\u00f3n, Folclore con Nahuel Moreyra, Ballet Martin Fierro, y Alfredo Corralez. Por otro lado, del 17 al 20 de junio, se realizar\u00e1 la<strong>&nbsp;3\u00ba Feria del Libro de Campana<\/strong>, bajo el lema \u201cM\u00e1s libros, m\u00e1s libres\u201d, en el Club Ciudad. Con m\u00e1s de 35 escritores, 35 editoriales, actividades especiales, talleres y espect\u00e1culos. Entrada libre y gratuita. Organiza la Municipalidad de Campana.&nbsp;<\/p>\n\n\n\n<p><em><u>M\u00e1s informaci\u00f3n:<\/u><\/em>&nbsp;<a href=\"http:\/\/www.facebook.com\/municipalidaddecampana\" target=\"_blank\" rel=\"noreferrer noopener\">www.facebook.com\/municipalidaddecampana<\/a>&nbsp;&#8211;&nbsp;<a href=\"http:\/\/www.instagram.com\/campanagov\/\" target=\"_blank\" rel=\"noreferrer noopener\">www.instagram.com\/campanagov\/<\/a>&nbsp;<\/p>\n\n\n\n<p><strong>EVENTOS CULTURALES<\/strong><\/p>\n\n\n\n<p><strong>CARMEN DE ARECO<\/strong><\/p>\n\n\n\n<p><strong>Fin de Semana en Carmen de Areco<\/strong><\/p>\n\n\n\n<p><em><u>Fecha, hora y lugar:&nbsp;<\/u><\/em>S\u00e1bado 17, domingo 18 y lunes 19, a las 15.00, desde el Museo Hist\u00f3rico, Belgrano n 716.<\/p>\n\n\n\n<p><em><u>Descripci\u00f3n:<\/u><\/em>&nbsp;Visita guiada al casco hist\u00f3rico y fundacional, recorrido por la Plaza Independencia. Actividad libre y gratuita. Adem\u00e1s, el domingo a partir de las 11.30, en la Materia del Pueblo Tur\u00edstico Gouin, se llevar\u00e1 a cabo una feria de artesan\u00edas y emprendimientos, venta de pasteles y productos de la regi\u00f3n. Organiza la Direcci\u00f3n<\/p>\n\n\n\n<p>de Turismo de Carmen de Areco.<\/p>\n\n\n\n<p><em><u>M\u00e1s informaci\u00f3n:<\/u><\/em>&nbsp;<a href=\"http:\/\/www.facebook.com\/turismocarmendeareco\" target=\"_blank\" rel=\"noreferrer noopener\">www.facebook.com\/turismocarmendeareco<\/a>&nbsp;&#8211;<\/p>\n\n\n\n<p><a href=\"http:\/\/www.instagram.com\/carmendearecoturismo\" target=\"_blank\" rel=\"noreferrer noopener\">www.instagram.com\/carmendearecoturismo<\/a><\/p>\n\n\n\n<p><strong>TORNQUIST (Sierra de la Ventana)<\/strong><\/p>\n\n\n\n<p><strong>Fiesta de Estrellas<\/strong><\/p>\n\n\n\n<p><em><u>Fecha, hora y lugar:<\/u><\/em>&nbsp;S\u00e1bado 17, a las 19:00, en el Glamping Puente Blanco, ruta 72, KM 2.6.<\/p>\n\n\n\n<p><em><u>Descripci\u00f3n:<\/u><\/em>&nbsp;Sesi\u00f3n de Astronom\u00eda con telescopio de \u00faltima generaci\u00f3n y precisi\u00f3n l\u00e1ser: Sistema Solar, espacio profundo, galaxias, c\u00famulos estelares, cosmovisi\u00f3n tehuelche y constelaci\u00f3n top del invierno. La charla estar\u00e1 a cargo del divulgador cient\u00edfico de Experiencia Tierra Ventana. Incluye cena: pizzas libres, cerveza y gaseosa. Reservas al @experienciatierraventana (291) 5094696. Organiza Experiencia Tierra Ventana.<\/p>\n\n\n\n<p><em><u>M\u00e1s informaci\u00f3n:<\/u><\/em>&nbsp;<a href=\"https:\/\/www.facebook.com\/direccionturismo.tornquist\" target=\"_blank\" rel=\"noreferrer noopener\">www.facebook.com\/direccionturismo.tornquist<\/a>&nbsp;&#8211;&nbsp;<a href=\"https:\/\/www.instagram.com\/ventania_tornquist\" target=\"_blank\" rel=\"noreferrer noopener\">www.instagram.com\/ventania_tornquist<\/a><\/p>\n\n\n\n<p><strong>MARCOS PAZ<\/strong><\/p>\n\n\n\n<p><strong>Gran Feria Medieval<\/strong><\/p>\n\n\n\n<p><em><u>Fecha, hora y lugar:&nbsp;<\/u><\/em>S\u00e1bado 17, a las 12:00, en el Paseo de la Estaci\u00f3n.<\/p>\n\n\n\n<p><em><u>Descripci\u00f3n:&nbsp;<\/u><\/em>Gastronom\u00eda t\u00edpica, cerveza artesanal, hidromiel, feria de artesan\u00edas y soft combat. Entrada libre y gratuita. Organiza la Municipalidad de Marcos<\/p>\n\n\n\n<p>Paz.<\/p>\n\n\n\n<p><em><u>M\u00e1s informaci\u00f3n:<\/u><\/em>&nbsp;<a href=\"http:\/\/www.instagram.com\/turismo_marcospaz\" target=\"_blank\" rel=\"noreferrer noopener\">www.instagram.com\/turismo_marcospaz<\/a>&nbsp;&#8211;<\/p>\n\n\n\n<p><a href=\"http:\/\/www.facebook.com\/TurismoMunicipiodeMarcosPaz\" target=\"_blank\" rel=\"noreferrer noopener\">www.facebook.com\/TurismoMunicipiodeMarcosPaz<\/a><\/p>\n\n\n\n<p><strong>LA COSTA (Mar de Aj\u00f3)<\/strong><\/p>\n\n\n\n<p><strong>Festival de Rock<\/strong><\/p>\n\n\n\n<p><em><u>Fecha, hora y lugar:<\/u><\/em>&nbsp;Lunes 19, a partir de las 16.00, en el Espacio Multicultural de Mar de Aj\u00f3, Yrigoyen y Sacconi.<\/p>\n\n\n\n<p><em><u>Descripci\u00f3n:<\/u><\/em>&nbsp;M\u00fasica en vivo de la mano del reconocido guitarrista y compositor Claudio Gabis y de la ic\u00f3nica banda Blues Motel. Entrada libre y gratuita. Municipalidad del Partido de La Costa.<\/p>\n\n\n\n<p><em><u>M\u00e1s informaci\u00f3n:<\/u><\/em>&nbsp;<a href=\"https:\/\/lacosta.gob.ar\/agenda\/\" target=\"_blank\" rel=\"noreferrer noopener\">https:\/\/lacosta.gob.ar\/agenda\/<\/a>&nbsp;&#8211;&nbsp;<a href=\"https:\/\/www.instagram.com\/muni.lacosta\" target=\"_blank\" rel=\"noreferrer noopener\">www.instagram.com\/muni.lacosta<\/a><strong>&nbsp;&#8211;&nbsp;<\/strong><a href=\"http:\/\/www.facebook.com\/MuniLaCosta\" target=\"_blank\" rel=\"noreferrer noopener\">www.facebook.com\/MuniLaCosta<\/a>&nbsp;<\/p>\n\n\n\n<p><strong>BAH\u00cdA BLANCA<\/strong><\/p>\n\n\n\n<p><strong>14\u00b0 Jornada Gardeliana<\/strong><\/p>\n\n\n\n<p><em><u>Fecha, hora y lugar<\/u><\/em>: Del mi\u00e9rcoles 21 al martes 27, en diferentes horarios y espacios de la ciudad de Bah\u00eda Blanca.<\/p>\n\n\n\n<p><em><u>Descripci\u00f3n<\/u><\/em>: Tradicional propuesta tanguera en conmemoraci\u00f3n de los 88 a\u00f1os del fallecimiento de Carlos Gardel. Una producci\u00f3n del escritor y productor cultural Jos\u00e9 Valle para el Ciclo Cultural Bah\u00eda Blanca. Habr\u00e1 espect\u00e1culos, cine y charlas. Entrada libre y gratuita. Organiza el Ciclo Cultural Bah\u00eda Blanca No Olvida con el apoyo de la Municipalidad de Bah\u00eda Blanca.<\/p>\n\n\n\n<p><em><u>M\u00e1s informaci\u00f3n<\/u><\/em>:&nbsp;<a href=\"http:\/\/www.bahia.gob.ar\/agenda\" target=\"_blank\" rel=\"noreferrer noopener\">www.bahia.gob.ar\/agenda<\/a>&nbsp;&#8211;&nbsp;<a href=\"http:\/\/www.bahia.gob.ar\/turismo\" target=\"_blank\" rel=\"noreferrer noopener\">www.bahia.gob.ar\/turismo<\/a>&nbsp;&#8211;&nbsp;<a href=\"http:\/\/www.facebook.com\/turismobahiablanca\" target=\"_blank\" rel=\"noreferrer noopener\">www.facebook.com\/turismobahiablanca<\/a>&nbsp;&#8211;&nbsp;<a href=\"http:\/\/www.instagram.com\/turismobahiablanca\" target=\"_blank\" rel=\"noreferrer noopener\">www.instagram.com\/turismobahiablanca<\/a>&nbsp;<\/p>\n\n\n\n<p><strong>EVENTOS GASTRON\u00d3MICOS<\/strong><\/p>\n\n\n\n<p><strong>CA\u00d1UELAS (Uribelarrea)<\/strong><\/p>\n\n\n\n<p><strong>1\u00ba Fiesta del Costillar Criollo<\/strong><\/p>\n\n\n\n<p><em><u>Fecha, hora y lugar:<\/u><\/em>&nbsp;S\u00e1bado 17, de 11:00 a 20:00, en la Sociedad de Fomento del Pueblo Tur\u00edstico Uribelarrea, Valeria de Crotto y 18 de Diciembre.<\/p>\n\n\n\n<p><em><u>Descripci\u00f3n:<\/u><\/em>&nbsp;Emprendedores y emprendedoras se encargar\u00e1n de ofrecer deliciosos costillares de carne vacuna, que se podr\u00e1n adquirir al peso. Adem\u00e1s, diversas instituciones locales y el paraje El Taladro, se unir\u00e1n a la celebraci\u00f3n con variedad de opciones culinarias. Habr\u00e1 artesan\u00edas, artistas locales y espect\u00e1culo musical de Los Carabajal y Juan Fuentes. Entrada libre y gratuita. Organiza la Municipalidad de Ca\u00f1uelas y emprendedores locales.<\/p>\n\n\n\n<p><em><u>M\u00e1s informaci\u00f3n:<\/u><\/em>&nbsp;<a href=\"http:\/\/www.facebook.com\/MunicipalidadDeCanuelas\" target=\"_blank\" rel=\"noreferrer noopener\">www.facebook.com\/MunicipalidadDeCanuelas<\/a>&nbsp;&#8211;&nbsp;<a href=\"http:\/\/www.instagram.com\/municanuelas\" target=\"_blank\" rel=\"noreferrer noopener\">www.instagram.com\/municanuelas<\/a>&nbsp;<\/p>\n\n\n\n<p><strong>EVENTOS DEPORTIVOS<\/strong><\/p>\n\n\n\n<p><strong>VILLARINO (Chapalc\u00f3)<\/strong><\/p>\n\n\n\n<p><strong>1\u00ba Campeonato de Pesca<\/strong><\/p>\n\n\n\n<p><em><u>Fecha, hora y lugar:<\/u><\/em>&nbsp;S\u00e1bado 17, de 11:00 a 16:00, en el Balneario Chapalc\u00f3.<\/p>\n\n\n\n<p><em><u>Descripci\u00f3n:<\/u><\/em>&nbsp;Torneo que convoca a pescadores de toda la regi\u00f3n en las aguas de Chapalc\u00f3. Un evento lleno de emoci\u00f3n, camarader\u00eda y competencia, donde se podr\u00e1 disfrutar de la belleza natural mientras se pesca. Importantes premios del 1\u00ba al 10\u00ba puesto. Inscripciones al (291) 4356998. Cabe aclarar que se debe tramitar, v\u00eda online, la licencia de Pesca obligatoria de la Provincia de Buenos Aires ingresando&nbsp;<a href=\"http:\/\/www.maa.gba.gov.ar\/sistemas\/pesca\/licencias\/licencias00.php\" target=\"_blank\" rel=\"noreferrer noopener\">www.maa.gba.gov.ar\/sistemas\/pesca\/licencias\/licencias00.php<\/a>&nbsp;Organizan el Centro Recreativo y Deportivo 12 de Octubre junto a las Direcciones de Deporte y Turismo del Municipio de Villarino.<\/p>\n\n\n\n<p><em><u>M\u00e1s informaci\u00f3n:<\/u><\/em>&nbsp;<a href=\"http:\/\/www.facebook.com\/villarinoturismo\" target=\"_blank\" rel=\"noreferrer noopener\">www.facebook.com\/villarinoturismo<\/a>&nbsp;&#8211;&nbsp;<a href=\"http:\/\/www.instagram.com\/turismovillarino\" target=\"_blank\" rel=\"noreferrer noopener\">www.instagram.com\/turismovillarino<\/a>&nbsp;&#8211;&nbsp;<a href=\"http:\/\/www.villarino.gob.ar\/\" target=\"_blank\" rel=\"noreferrer noopener\">www.villarino.gob.ar<\/a><\/p>\n\n\n\n<p><strong>FERIAS Y EXPOSICIONES<\/strong><\/p>\n\n\n\n<p><strong>CAPIT\u00c1N SARMIENTO<\/strong><\/p>\n\n\n\n<p><strong>El Mercader Ferias<\/strong><\/p>\n\n\n\n<p>Fecha, hora y lugar: Del viernes 17 al martes 20, desde las 12:00 hasta las 00:00, en el Predio de la Estaci\u00f3n.<\/p>\n\n\n\n<p>Descripci\u00f3n: Carpas gastron\u00f3micas, food trucks, artesan\u00edas, patio cervecero, microemprendimientos, bandas en vivo y juegos infantiles.&nbsp;Entrada libre y gratuita. Organiza El Mercadero Ferias con el apoyo de la Municipalidad de Capitan Sarmiento.<\/p>\n\n\n\n<p>M\u00e1s informaci\u00f3n:&nbsp;<a href=\"http:\/\/www.facebook.com\/municipalidadcapitansarmiento\" target=\"_blank\" rel=\"noreferrer noopener\">www.facebook.com\/municipalidadcapitansarmiento<\/a>&nbsp;&#8211;<a href=\"http:\/\/www.instagram.com\/municipio_ctansto\/\" target=\"_blank\" rel=\"noreferrer noopener\">&nbsp;www.instagram.com\/municipio_ctansto<\/a>&nbsp;&#8211;&nbsp;<a href=\"https:\/\/capitansarmiento.gob.ar\/\" target=\"_blank\" rel=\"noreferrer noopener\">https:\/\/capitansarmiento.gob.ar<\/a><\/p>\n\n\n\n<p><strong>VISITA GUIADA<\/strong><\/p>\n\n\n\n<p><strong>BAH\u00cdA BLANCA<\/strong><\/p>\n\n\n\n<p><strong>Caminatas Guiadas<\/strong><\/p>\n\n\n\n<p><em><u>Fecha, hora y lugar:<\/u><\/em>&nbsp;S\u00e1bado 17, a las 15:00, con punto de encuentro en la Direcci\u00f3n de Turismo.<\/p>\n\n\n\n<p><em><u>Descripci\u00f3n:<\/u><\/em>&nbsp;Caminata por el Centro Hist\u00f3rico. Actividad gratuita. Inscripciones:&nbsp;<a href=\"https:\/\/forms.gle\/rnEqnntJA4VhDrtM9?fbclid=IwAR2AGyozqfs3yR7BpuBcU1iHSiC_TKi41mNWA-42CGRelYRWl7IDZDpqlXQ\" target=\"_blank\" rel=\"noreferrer noopener\">https:\/\/forms.gle\/rnEqnntJA4VhDrtM9<\/a>&nbsp;Organiza la Direcci\u00f3n de Turismo de la Municipalidad de Bah\u00eda Blanca. Adem\u00e1s, recorrido con el Bus Tur\u00edstico el viernes 16 a las 15:00, visitando el Museo y Archivo Hist\u00f3rico, y el Paseo Portuario. Y, el domingo 18 a las 15:00, visita al Museo y Galp\u00f3n Enciclop\u00e9dico en el Barrio Bella Vista. Inscripciones v\u00eda whatsapp al (<a href=\"https:\/\/l.facebook.com\/l.php?u=https%3A%2F%2Fapi.whatsapp.com%2Fsend%3Fphone%3D542914390122%26text%3DEnlace%253A%250Ahttps%253A%252F%252Ffb.me%252F3GOcfg7uG%250A%250AVi%2520esto%2520en%2520Facebook...%26app%3Dfacebook%26fbclid%3DIwAR0uvbsy8DdjpFEdQqG9cyu-DQk7ZYhTuv2tEFcPWGHseCyJ6RvjXpeAIUM&amp;h=AT37WfaaNll0GaXTkFiH4j0uk4ombAPcDzZMYfbVKbJ9EFShIGVVrftjdcObfYhkpu-NBpUUD8bYm2JV6Mf018H3dl4Fbm5WmdibmnsOCScAox4u2uETB5eQ768gR-1E3WI&amp;__tn__=-UK-R&amp;c%5b0%5d=AT3aWprvji1zkCOQwBFBnNDk-LDymlv35-iG19YPtgsDdALmwPXSeAk-4zyVSIkN05LaNKoRhvngiI7wfs3UR1oPDPA5t4sY2vTj_EIiGKonuPYieU4s9anhcwiW2N7e2991LWA5Nj1VJiS6i7dyuM0eEFYdeyioaZZn8nzjj6AsrUhvdw\" target=\"_blank\" rel=\"noreferrer noopener\">0291) 439-0122<\/a>.&nbsp;<\/p>\n\n\n\n<p><em><u>M\u00e1s informaci\u00f3n:<\/u><\/em>&nbsp;<a href=\"http:\/\/www.facebook.com\/turismobahiablanca\" target=\"_blank\" rel=\"noreferrer noopener\">www.facebook.com\/turismobahiablanca<\/a>&nbsp;&#8211;&nbsp;<a href=\"https:\/\/www.instagram.com\/turismobahiablanca\" target=\"_blank\" rel=\"noreferrer noopener\">www.instagram.com\/turismobahiablanca<\/a><\/p>\n\n\n\n<p><strong>ADOLFO ALSINA (Carhu\u00e9)<\/strong><\/p>\n\n\n\n<p><strong>Finde Salam\u00f3nico<\/strong><\/p>\n\n\n\n<p><em><u>Fecha, hora y lugar:<\/u><\/em>&nbsp;Del s\u00e1bado 17 al martes 20, en diferentes horarios y espacios f\u00edsicos de la ciudad.<\/p>\n\n\n\n<p><em><u>Descripci\u00f3n:<\/u><\/em>&nbsp;Muestras, excursiones y visitas guiadas a las construcciones dise\u00f1adas por el arquitecto Francisco Salamone. Adolfo Alsina es el distrito que cuenta con m\u00e1s obras de su autor\u00eda, entre las que se cuentan el Palacio Municipal, el Matadero, el Cristo y el Cristo de M\u00e9dano. Organiza la Municipalidad de Adolfo Alsina. Programaci\u00f3n completa en:&nbsp;<a href=\"http:\/\/www.adolfoalsina.gov.ar\/agenda\/\" target=\"_blank\" rel=\"noreferrer noopener\">www.adolfoalsina.gov.ar\/agenda\/<\/a><\/p>\n\n\n\n<p><em><u>M\u00e1s informaci\u00f3n:<\/u><\/em>&nbsp;<a href=\"http:\/\/www.instagram.com\/lagoepecuencarhue\" target=\"_blank\" rel=\"noreferrer noopener\">www.instagram.com\/lagoepecuencarhue<\/a>&nbsp;&#8211;&nbsp;<a href=\"http:\/\/www.facebook.com\/lagoepecuen.carhue\" target=\"_blank\" rel=\"noreferrer noopener\">www.facebook.com\/lagoepecuen.carhue<\/a><\/p>\n\n\n\n<p>La agenda tur\u00edstica y cultural de los 135 municipios se encuentra disponible en la APP ReCreo. Link de descarga:&nbsp;<a href=\"http:\/\/recreo.gba.gob.ar\/descargar\" target=\"_blank\" rel=\"noreferrer noopener\">recreo.gba.gob.ar\/descargar<\/a><\/p>\n","protected":false},"excerpt":{"rendered":"<p>Reconocidas cocineras y cocineros como Narda Lepes, Christophe Krywonis, Carlos Avalle, Juan Manuel Rodr\u00edguez y Maru Botana; y productores regionales llevar\u00e1n a cabo masterclasses con platos elaborados en base a este singular hongo<\/p>\n","protected":false},"author":2,"featured_media":105934,"comment_status":"closed","ping_status":"open","sticky":false,"template":"","format":"standard","meta":{"footnotes":""},"categories":[47],"tags":[8122],"class_list":["post-105933","post","type-post","status-publish","format-standard","has-post-thumbnail","hentry","category-c3nota2","tag-para-todos-los-gustos"],"yoast_head":"<!-- This site is optimized with the Yoast SEO plugin v23.4 - https:\/\/yoast.com\/wordpress\/plugins\/seo\/ -->\n<title>Finde largo: Fiesta de la Trufa Negra en Saavedra y m\u00e1s alternativas - Infoecos<\/title>\n<meta name=\"robots\" content=\"index, follow, max-snippet:-1, max-image-preview:large, max-video-preview:-1\" \/>\n<link rel=\"canonical\" href=\"https:\/\/infoecos.com.ar\/index.php\/finde-largo-turismo-fiesta-de-la-trufa-negra-en-saavedra-y-mas-alternativas\/\" \/>\n<meta property=\"og:locale\" content=\"es_ES\" \/>\n<meta property=\"og:type\" content=\"article\" \/>\n<meta property=\"og:title\" content=\"Finde largo: Fiesta de la Trufa Negra en Saavedra y m\u00e1s alternativas - Infoecos\" \/>\n<meta property=\"og:description\" content=\"Reconocidas cocineras y cocineros como Narda Lepes, Christophe Krywonis, Carlos Avalle, Juan Manuel Rodr\u00edguez y Maru Botana; y productores regionales llevar\u00e1n a cabo masterclasses con platos elaborados en base a este singular hongo\" \/>\n<meta property=\"og:url\" content=\"https:\/\/infoecos.com.ar\/index.php\/finde-largo-turismo-fiesta-de-la-trufa-negra-en-saavedra-y-mas-alternativas\/\" \/>\n<meta property=\"og:site_name\" content=\"Infoecos\" \/>\n<meta property=\"article:publisher\" content=\"https:\/\/www.facebook.com\/profile.php?id=100063200290284\" \/>\n<meta property=\"article:published_time\" content=\"2023-06-13T17:42:05+00:00\" \/>\n<meta property=\"article:modified_time\" content=\"2023-06-15T05:01:08+00:00\" \/>\n<meta property=\"og:image\" content=\"https:\/\/infoecos.com.ar\/wp-content\/uploads\/2023\/06\/TNM-Prensa-3.jpg\" \/>\n\t<meta property=\"og:image:width\" content=\"996\" \/>\n\t<meta property=\"og:image:height\" content=\"853\" \/>\n\t<meta property=\"og:image:type\" content=\"image\/jpeg\" \/>\n<meta name=\"author\" content=\"Jorge Matheus\" \/>\n<meta name=\"twitter:card\" content=\"summary_large_image\" \/>\n<meta name=\"twitter:creator\" content=\"@infoecos\" \/>\n<meta name=\"twitter:site\" content=\"@infoecos\" \/>\n<meta name=\"twitter:label1\" content=\"Escrito por\" \/>\n\t<meta name=\"twitter:data1\" content=\"Jorge Matheus\" \/>\n\t<meta name=\"twitter:label2\" content=\"Tiempo de lectura\" \/>\n\t<meta name=\"twitter:data2\" content=\"12 minutos\" \/>\n<script type=\"application\/ld+json\" class=\"yoast-schema-graph\">{\"@context\":\"https:\/\/schema.org\",\"@graph\":[{\"@type\":\"Article\",\"@id\":\"https:\/\/infoecos.com.ar\/index.php\/finde-largo-turismo-fiesta-de-la-trufa-negra-en-saavedra-y-mas-alternativas\/#article\",\"isPartOf\":{\"@id\":\"https:\/\/infoecos.com.ar\/index.php\/finde-largo-turismo-fiesta-de-la-trufa-negra-en-saavedra-y-mas-alternativas\/\"},\"author\":{\"name\":\"Jorge Matheus\",\"@id\":\"https:\/\/infoecos.com.ar\/#\/schema\/person\/8f5ace5ce73b4b4aac4b7245aee6f191\"},\"headline\":\"Finde largo: Fiesta de la Trufa Negra en Saavedra y m\u00e1s alternativas\",\"datePublished\":\"2023-06-13T17:42:05+00:00\",\"dateModified\":\"2023-06-15T05:01:08+00:00\",\"mainEntityOfPage\":{\"@id\":\"https:\/\/infoecos.com.ar\/index.php\/finde-largo-turismo-fiesta-de-la-trufa-negra-en-saavedra-y-mas-alternativas\/\"},\"wordCount\":3142,\"publisher\":{\"@id\":\"https:\/\/infoecos.com.ar\/#organization\"},\"image\":{\"@id\":\"https:\/\/infoecos.com.ar\/index.php\/finde-largo-turismo-fiesta-de-la-trufa-negra-en-saavedra-y-mas-alternativas\/#primaryimage\"},\"thumbnailUrl\":\"https:\/\/infoecos.com.ar\/wp-content\/uploads\/2023\/06\/TNM-Prensa-3.jpg\",\"keywords\":[\"PARA TODOS LOS GUSTOS\"],\"articleSection\":[\"C3 N2\"],\"inLanguage\":\"es\"},{\"@type\":\"WebPage\",\"@id\":\"https:\/\/infoecos.com.ar\/index.php\/finde-largo-turismo-fiesta-de-la-trufa-negra-en-saavedra-y-mas-alternativas\/\",\"url\":\"https:\/\/infoecos.com.ar\/index.php\/finde-largo-turismo-fiesta-de-la-trufa-negra-en-saavedra-y-mas-alternativas\/\",\"name\":\"Finde largo: Fiesta de la Trufa Negra en Saavedra y m\u00e1s alternativas - Infoecos\",\"isPartOf\":{\"@id\":\"https:\/\/infoecos.com.ar\/#website\"},\"primaryImageOfPage\":{\"@id\":\"https:\/\/infoecos.com.ar\/index.php\/finde-largo-turismo-fiesta-de-la-trufa-negra-en-saavedra-y-mas-alternativas\/#primaryimage\"},\"image\":{\"@id\":\"https:\/\/infoecos.com.ar\/index.php\/finde-largo-turismo-fiesta-de-la-trufa-negra-en-saavedra-y-mas-alternativas\/#primaryimage\"},\"thumbnailUrl\":\"https:\/\/infoecos.com.ar\/wp-content\/uploads\/2023\/06\/TNM-Prensa-3.jpg\",\"datePublished\":\"2023-06-13T17:42:05+00:00\",\"dateModified\":\"2023-06-15T05:01:08+00:00\",\"breadcrumb\":{\"@id\":\"https:\/\/infoecos.com.ar\/index.php\/finde-largo-turismo-fiesta-de-la-trufa-negra-en-saavedra-y-mas-alternativas\/#breadcrumb\"},\"inLanguage\":\"es\",\"potentialAction\":[{\"@type\":\"ReadAction\",\"target\":[\"https:\/\/infoecos.com.ar\/index.php\/finde-largo-turismo-fiesta-de-la-trufa-negra-en-saavedra-y-mas-alternativas\/\"]}]},{\"@type\":\"ImageObject\",\"inLanguage\":\"es\",\"@id\":\"https:\/\/infoecos.com.ar\/index.php\/finde-largo-turismo-fiesta-de-la-trufa-negra-en-saavedra-y-mas-alternativas\/#primaryimage\",\"url\":\"https:\/\/infoecos.com.ar\/wp-content\/uploads\/2023\/06\/TNM-Prensa-3.jpg\",\"contentUrl\":\"https:\/\/infoecos.com.ar\/wp-content\/uploads\/2023\/06\/TNM-Prensa-3.jpg\",\"width\":996,\"height\":853},{\"@type\":\"BreadcrumbList\",\"@id\":\"https:\/\/infoecos.com.ar\/index.php\/finde-largo-turismo-fiesta-de-la-trufa-negra-en-saavedra-y-mas-alternativas\/#breadcrumb\",\"itemListElement\":[{\"@type\":\"ListItem\",\"position\":1,\"name\":\"Portada\",\"item\":\"https:\/\/infoecos.com.ar\/\"},{\"@type\":\"ListItem\",\"position\":2,\"name\":\"Finde largo: Fiesta de la Trufa Negra en Saavedra y m\u00e1s alternativas\"}]},{\"@type\":\"WebSite\",\"@id\":\"https:\/\/infoecos.com.ar\/#website\",\"url\":\"https:\/\/infoecos.com.ar\/\",\"name\":\"Infoecos\",\"description\":\"Noticias de trenque lauquen y la zona\",\"publisher\":{\"@id\":\"https:\/\/infoecos.com.ar\/#organization\"},\"alternateName\":\"Noticias\",\"potentialAction\":[{\"@type\":\"SearchAction\",\"target\":{\"@type\":\"EntryPoint\",\"urlTemplate\":\"https:\/\/infoecos.com.ar\/?s={search_term_string}\"},\"query-input\":{\"@type\":\"PropertyValueSpecification\",\"valueRequired\":true,\"valueName\":\"search_term_string\"}}],\"inLanguage\":\"es\"},{\"@type\":\"Organization\",\"@id\":\"https:\/\/infoecos.com.ar\/#organization\",\"name\":\"Infoecos\",\"alternateName\":\"Noticias\",\"url\":\"https:\/\/infoecos.com.ar\/\",\"logo\":{\"@type\":\"ImageObject\",\"inLanguage\":\"es\",\"@id\":\"https:\/\/infoecos.com.ar\/#\/schema\/logo\/image\/\",\"url\":\"https:\/\/infoecos.com.ar\/wp-content\/uploads\/2024\/03\/cropped-logo.png\",\"contentUrl\":\"https:\/\/infoecos.com.ar\/wp-content\/uploads\/2024\/03\/cropped-logo.png\",\"width\":374,\"height\":90,\"caption\":\"Infoecos\"},\"image\":{\"@id\":\"https:\/\/infoecos.com.ar\/#\/schema\/logo\/image\/\"},\"sameAs\":[\"https:\/\/www.facebook.com\/profile.php?id=100063200290284\",\"https:\/\/x.com\/infoecos\"]},{\"@type\":\"Person\",\"@id\":\"https:\/\/infoecos.com.ar\/#\/schema\/person\/8f5ace5ce73b4b4aac4b7245aee6f191\",\"name\":\"Jorge Matheus\",\"url\":\"https:\/\/infoecos.com.ar\/index.php\/author\/jomatheus\/\"}]}<\/script>\n<!-- \/ Yoast SEO plugin. -->","yoast_head_json":{"title":"Finde largo: Fiesta de la Trufa Negra en Saavedra y m\u00e1s alternativas - Infoecos","robots":{"index":"index","follow":"follow","max-snippet":"max-snippet:-1","max-image-preview":"max-image-preview:large","max-video-preview":"max-video-preview:-1"},"canonical":"https:\/\/infoecos.com.ar\/index.php\/finde-largo-turismo-fiesta-de-la-trufa-negra-en-saavedra-y-mas-alternativas\/","og_locale":"es_ES","og_type":"article","og_title":"Finde largo: Fiesta de la Trufa Negra en Saavedra y m\u00e1s alternativas - Infoecos","og_description":"Reconocidas cocineras y cocineros como Narda Lepes, Christophe Krywonis, Carlos Avalle, Juan Manuel Rodr\u00edguez y Maru Botana; y productores regionales llevar\u00e1n a cabo masterclasses con platos elaborados en base a este singular hongo","og_url":"https:\/\/infoecos.com.ar\/index.php\/finde-largo-turismo-fiesta-de-la-trufa-negra-en-saavedra-y-mas-alternativas\/","og_site_name":"Infoecos","article_publisher":"https:\/\/www.facebook.com\/profile.php?id=100063200290284","article_published_time":"2023-06-13T17:42:05+00:00","article_modified_time":"2023-06-15T05:01:08+00:00","og_image":[{"width":996,"height":853,"url":"https:\/\/infoecos.com.ar\/wp-content\/uploads\/2023\/06\/TNM-Prensa-3.jpg","type":"image\/jpeg"}],"author":"Jorge Matheus","twitter_card":"summary_large_image","twitter_creator":"@infoecos","twitter_site":"@infoecos","twitter_misc":{"Escrito por":"Jorge Matheus","Tiempo de lectura":"12 minutos"},"schema":{"@context":"https:\/\/schema.org","@graph":[{"@type":"Article","@id":"https:\/\/infoecos.com.ar\/index.php\/finde-largo-turismo-fiesta-de-la-trufa-negra-en-saavedra-y-mas-alternativas\/#article","isPartOf":{"@id":"https:\/\/infoecos.com.ar\/index.php\/finde-largo-turismo-fiesta-de-la-trufa-negra-en-saavedra-y-mas-alternativas\/"},"author":{"name":"Jorge Matheus","@id":"https:\/\/infoecos.com.ar\/#\/schema\/person\/8f5ace5ce73b4b4aac4b7245aee6f191"},"headline":"Finde largo: Fiesta de la Trufa Negra en Saavedra y m\u00e1s alternativas","datePublished":"2023-06-13T17:42:05+00:00","dateModified":"2023-06-15T05:01:08+00:00","mainEntityOfPage":{"@id":"https:\/\/infoecos.com.ar\/index.php\/finde-largo-turismo-fiesta-de-la-trufa-negra-en-saavedra-y-mas-alternativas\/"},"wordCount":3142,"publisher":{"@id":"https:\/\/infoecos.com.ar\/#organization"},"image":{"@id":"https:\/\/infoecos.com.ar\/index.php\/finde-largo-turismo-fiesta-de-la-trufa-negra-en-saavedra-y-mas-alternativas\/#primaryimage"},"thumbnailUrl":"https:\/\/infoecos.com.ar\/wp-content\/uploads\/2023\/06\/TNM-Prensa-3.jpg","keywords":["PARA TODOS LOS GUSTOS"],"articleSection":["C3 N2"],"inLanguage":"es"},{"@type":"WebPage","@id":"https:\/\/infoecos.com.ar\/index.php\/finde-largo-turismo-fiesta-de-la-trufa-negra-en-saavedra-y-mas-alternativas\/","url":"https:\/\/infoecos.com.ar\/index.php\/finde-largo-turismo-fiesta-de-la-trufa-negra-en-saavedra-y-mas-alternativas\/","name":"Finde largo: Fiesta de la Trufa Negra en Saavedra y m\u00e1s alternativas - Infoecos","isPartOf":{"@id":"https:\/\/infoecos.com.ar\/#website"},"primaryImageOfPage":{"@id":"https:\/\/infoecos.com.ar\/index.php\/finde-largo-turismo-fiesta-de-la-trufa-negra-en-saavedra-y-mas-alternativas\/#primaryimage"},"image":{"@id":"https:\/\/infoecos.com.ar\/index.php\/finde-largo-turismo-fiesta-de-la-trufa-negra-en-saavedra-y-mas-alternativas\/#primaryimage"},"thumbnailUrl":"https:\/\/infoecos.com.ar\/wp-content\/uploads\/2023\/06\/TNM-Prensa-3.jpg","datePublished":"2023-06-13T17:42:05+00:00","dateModified":"2023-06-15T05:01:08+00:00","breadcrumb":{"@id":"https:\/\/infoecos.com.ar\/index.php\/finde-largo-turismo-fiesta-de-la-trufa-negra-en-saavedra-y-mas-alternativas\/#breadcrumb"},"inLanguage":"es","potentialAction":[{"@type":"ReadAction","target":["https:\/\/infoecos.com.ar\/index.php\/finde-largo-turismo-fiesta-de-la-trufa-negra-en-saavedra-y-mas-alternativas\/"]}]},{"@type":"ImageObject","inLanguage":"es","@id":"https:\/\/infoecos.com.ar\/index.php\/finde-largo-turismo-fiesta-de-la-trufa-negra-en-saavedra-y-mas-alternativas\/#primaryimage","url":"https:\/\/infoecos.com.ar\/wp-content\/uploads\/2023\/06\/TNM-Prensa-3.jpg","contentUrl":"https:\/\/infoecos.com.ar\/wp-content\/uploads\/2023\/06\/TNM-Prensa-3.jpg","width":996,"height":853},{"@type":"BreadcrumbList","@id":"https:\/\/infoecos.com.ar\/index.php\/finde-largo-turismo-fiesta-de-la-trufa-negra-en-saavedra-y-mas-alternativas\/#breadcrumb","itemListElement":[{"@type":"ListItem","position":1,"name":"Portada","item":"https:\/\/infoecos.com.ar\/"},{"@type":"ListItem","position":2,"name":"Finde largo: Fiesta de la Trufa Negra en Saavedra y m\u00e1s alternativas"}]},{"@type":"WebSite","@id":"https:\/\/infoecos.com.ar\/#website","url":"https:\/\/infoecos.com.ar\/","name":"Infoecos","description":"Noticias de trenque lauquen y la zona","publisher":{"@id":"https:\/\/infoecos.com.ar\/#organization"},"alternateName":"Noticias","potentialAction":[{"@type":"SearchAction","target":{"@type":"EntryPoint","urlTemplate":"https:\/\/infoecos.com.ar\/?s={search_term_string}"},"query-input":{"@type":"PropertyValueSpecification","valueRequired":true,"valueName":"search_term_string"}}],"inLanguage":"es"},{"@type":"Organization","@id":"https:\/\/infoecos.com.ar\/#organization","name":"Infoecos","alternateName":"Noticias","url":"https:\/\/infoecos.com.ar\/","logo":{"@type":"ImageObject","inLanguage":"es","@id":"https:\/\/infoecos.com.ar\/#\/schema\/logo\/image\/","url":"https:\/\/infoecos.com.ar\/wp-content\/uploads\/2024\/03\/cropped-logo.png","contentUrl":"https:\/\/infoecos.com.ar\/wp-content\/uploads\/2024\/03\/cropped-logo.png","width":374,"height":90,"caption":"Infoecos"},"image":{"@id":"https:\/\/infoecos.com.ar\/#\/schema\/logo\/image\/"},"sameAs":["https:\/\/www.facebook.com\/profile.php?id=100063200290284","https:\/\/x.com\/infoecos"]},{"@type":"Person","@id":"https:\/\/infoecos.com.ar\/#\/schema\/person\/8f5ace5ce73b4b4aac4b7245aee6f191","name":"Jorge Matheus","url":"https:\/\/infoecos.com.ar\/index.php\/author\/jomatheus\/"}]}},"featured_image_urls":{"full":["https:\/\/infoecos.com.ar\/wp-content\/uploads\/2023\/06\/TNM-Prensa-3.jpg",996,853,false],"thumbnail":["https:\/\/infoecos.com.ar\/wp-content\/uploads\/2023\/06\/TNM-Prensa-3-300x150.jpg",300,150,true],"medium":["https:\/\/infoecos.com.ar\/wp-content\/uploads\/2023\/06\/TNM-Prensa-3-800x685.jpg",800,685,true],"medium_large":["https:\/\/infoecos.com.ar\/wp-content\/uploads\/2023\/06\/TNM-Prensa-3-768x658.jpg",640,548,true],"large":["https:\/\/infoecos.com.ar\/wp-content\/uploads\/2023\/06\/TNM-Prensa-3.jpg",640,548,false],"1536x1536":["https:\/\/infoecos.com.ar\/wp-content\/uploads\/2023\/06\/TNM-Prensa-3.jpg",996,853,false],"2048x2048":["https:\/\/infoecos.com.ar\/wp-content\/uploads\/2023\/06\/TNM-Prensa-3.jpg",996,853,false],"covernews-slider-full":["https:\/\/infoecos.com.ar\/wp-content\/uploads\/2023\/06\/TNM-Prensa-3.jpg",835,715,false],"covernews-slider-center":["https:\/\/infoecos.com.ar\/wp-content\/uploads\/2023\/06\/TNM-Prensa-3-936x853.jpg",549,500,true],"covernews-featured":["https:\/\/infoecos.com.ar\/wp-content\/uploads\/2023\/06\/TNM-Prensa-3.jpg",996,853,false],"covernews-medium":["https:\/\/infoecos.com.ar\/wp-content\/uploads\/2023\/06\/TNM-Prensa-3-720x380.jpg",540,285,true],"covernews-medium-square":["https:\/\/infoecos.com.ar\/wp-content\/uploads\/2023\/06\/TNM-Prensa-3-675x450.jpg",375,250,true]},"author_info":{"info":["Jorge Matheus"]},"category_info":"<a href=\"https:\/\/infoecos.com.ar\/index.php\/category\/c3nota2\/\" rel=\"category tag\">C3 N2<\/a>","tag_info":"C3 N2","comment_count":"0","_links":{"self":[{"href":"https:\/\/infoecos.com.ar\/index.php\/wp-json\/wp\/v2\/posts\/105933"}],"collection":[{"href":"https:\/\/infoecos.com.ar\/index.php\/wp-json\/wp\/v2\/posts"}],"about":[{"href":"https:\/\/infoecos.com.ar\/index.php\/wp-json\/wp\/v2\/types\/post"}],"author":[{"embeddable":true,"href":"https:\/\/infoecos.com.ar\/index.php\/wp-json\/wp\/v2\/users\/2"}],"replies":[{"embeddable":true,"href":"https:\/\/infoecos.com.ar\/index.php\/wp-json\/wp\/v2\/comments?post=105933"}],"version-history":[{"count":3,"href":"https:\/\/infoecos.com.ar\/index.php\/wp-json\/wp\/v2\/posts\/105933\/revisions"}],"predecessor-version":[{"id":105945,"href":"https:\/\/infoecos.com.ar\/index.php\/wp-json\/wp\/v2\/posts\/105933\/revisions\/105945"}],"wp:featuredmedia":[{"embeddable":true,"href":"https:\/\/infoecos.com.ar\/index.php\/wp-json\/wp\/v2\/media\/105934"}],"wp:attachment":[{"href":"https:\/\/infoecos.com.ar\/index.php\/wp-json\/wp\/v2\/media?parent=105933"}],"wp:term":[{"taxonomy":"category","embeddable":true,"href":"https:\/\/infoecos.com.ar\/index.php\/wp-json\/wp\/v2\/categories?post=105933"},{"taxonomy":"post_tag","embeddable":true,"href":"https:\/\/infoecos.com.ar\/index.php\/wp-json\/wp\/v2\/tags?post=105933"}],"curies":[{"name":"wp","href":"https:\/\/api.w.org\/{rel}","templated":true}]}}