{"id":105991,"date":"2023-06-14T03:01:43","date_gmt":"2023-06-14T06:01:43","guid":{"rendered":"https:\/\/infoecos.com.ar\/?p=105991"},"modified":"2023-06-15T22:53:29","modified_gmt":"2023-06-16T01:53:29","slug":"accidente-en-el-kilometro-de-la-ruta-nacional-numero-205","status":"publish","type":"post","link":"https:\/\/infoecos.com.ar\/index.php\/accidente-en-el-kilometro-de-la-ruta-nacional-numero-205\/","title":{"rendered":"Accidente en el kil\u00f3metro de la Ruta Nacional n\u00famero 205"},"content":{"rendered":"\n<p>Un accidente se produjo en el kil\u00f3metro 281 de la ruta nacional N\u00ba 205, entre Hale y Del Valle, que oblig\u00f3 a la intervenci\u00f3n de una dotaci\u00f3n de Bomberos personal policial, agentes de Seguridad Vial y Defensa Civil Municipal y de la ambulancia del Sistema de Atenci\u00f3n de Emergencias del Hospital Miguel L. Capredoni.<\/p>\n\n\n\n<figure class=\"wp-block-image aligncenter size-full is-resized\"><img loading=\"lazy\" decoding=\"async\" src=\"https:\/\/infoecos.com.ar\/wp-content\/uploads\/2023\/06\/auto.jpg\" alt=\"\" class=\"wp-image-105992\" width=\"371\" height=\"208\"\/><\/figure>\n\n\n\n<p>Un cami\u00f3n marca Mercedes Benz que transportaba gas, conducido por Mauricio Madiez, que viajaba en sentido Bol\u00edvar \u2013 &nbsp;Saladillo choc\u00f3 contra el lateral de una camioneta Volkswagen T- Cross que era guiada por Gustavo Goldstein qui\u00e9n viajaba acompa\u00f1ado por Cristina Isabel Marchetti, ambos oriundos de Daireaux.<\/p>\n\n\n\n<p>El veh\u00edculo de mayor porte se cruz\u00f3 de carril y ambos veh\u00edculos impactaron del lado del conductor. Como resultado del siniestro la mujer que viajaba de acompa\u00f1ante en la camioneta sufri\u00f3 politraumatismos y fue trasladada en un auto particular al Hospital de Bol\u00edvar. El chofer del cami\u00f3n y el conductor del veh\u00edculo fueron examinados en el lugar por el Dr. Oscar Ib\u00e1\u00f1ez que lleg\u00f3 en la ambulancia de SAME y como no sufrieron lesiones no fue necesaria su derivaci\u00f3n.<\/p>\n\n\n\n<figure class=\"wp-block-image aligncenter size-full is-resized\"><img loading=\"lazy\" decoding=\"async\" src=\"https:\/\/infoecos.com.ar\/wp-content\/uploads\/2023\/06\/auto1.jpg\" alt=\"\" class=\"wp-image-105993\" width=\"430\" height=\"241\"\/><\/figure>\n\n\n\n<p>La camioneta qued\u00f3 totalmente destrozada en su lateral derecho y producto del fuerte impacto se le activaron los airbags. El cami\u00f3n sufri\u00f3 solamente la rotura del guardabarros tambi\u00e9n del lado derecho.<\/p>\n","protected":false},"excerpt":{"rendered":"<p>El veh\u00edculo de mayor porte se cruz\u00f3 de carril y ambos veh\u00edculos impactaron del lado del conductor<\/p>\n","protected":false},"author":2,"featured_media":105992,"comment_status":"closed","ping_status":"open","sticky":false,"template":"","format":"standard","meta":{"footnotes":""},"categories":[41],"tags":[8135],"class_list":["post-105991","post","type-post","status-publish","format-standard","has-post-thumbnail","hentry","category-inferior2","tag-fue-el-lunes"],"yoast_head":"<!-- This site is optimized with the Yoast SEO plugin v23.4 - https:\/\/yoast.com\/wordpress\/plugins\/seo\/ -->\n<title>Accidente en el kil\u00f3metro de la Ruta Nacional n\u00famero 205 - Infoecos<\/title>\n<meta name=\"robots\" content=\"index, follow, max-snippet:-1, max-image-preview:large, max-video-preview:-1\" \/>\n<link rel=\"canonical\" href=\"https:\/\/infoecos.com.ar\/index.php\/accidente-en-el-kilometro-de-la-ruta-nacional-numero-205\/\" \/>\n<meta property=\"og:locale\" content=\"es_ES\" \/>\n<meta property=\"og:type\" content=\"article\" \/>\n<meta property=\"og:title\" content=\"Accidente en el kil\u00f3metro de la Ruta Nacional n\u00famero 205 - Infoecos\" \/>\n<meta property=\"og:description\" content=\"El veh\u00edculo de mayor porte se cruz\u00f3 de carril y ambos veh\u00edculos impactaron del lado del conductor\" \/>\n<meta property=\"og:url\" content=\"https:\/\/infoecos.com.ar\/index.php\/accidente-en-el-kilometro-de-la-ruta-nacional-numero-205\/\" \/>\n<meta property=\"og:site_name\" content=\"Infoecos\" \/>\n<meta property=\"article:publisher\" content=\"https:\/\/www.facebook.com\/profile.php?id=100063200290284\" \/>\n<meta property=\"article:published_time\" content=\"2023-06-14T06:01:43+00:00\" \/>\n<meta property=\"article:modified_time\" content=\"2023-06-16T01:53:29+00:00\" \/>\n<meta property=\"og:image\" content=\"https:\/\/infoecos.com.ar\/wp-content\/uploads\/2023\/06\/auto.jpg\" \/>\n\t<meta property=\"og:image:width\" content=\"696\" \/>\n\t<meta property=\"og:image:height\" content=\"391\" \/>\n\t<meta property=\"og:image:type\" content=\"image\/jpeg\" \/>\n<meta name=\"author\" content=\"Jorge Matheus\" \/>\n<meta name=\"twitter:card\" content=\"summary_large_image\" \/>\n<meta name=\"twitter:creator\" content=\"@infoecos\" \/>\n<meta name=\"twitter:site\" content=\"@infoecos\" \/>\n<meta name=\"twitter:label1\" content=\"Escrito por\" \/>\n\t<meta name=\"twitter:data1\" content=\"Jorge Matheus\" \/>\n\t<meta name=\"twitter:label2\" content=\"Tiempo de lectura\" \/>\n\t<meta name=\"twitter:data2\" content=\"2 minutos\" \/>\n<script type=\"application\/ld+json\" class=\"yoast-schema-graph\">{\"@context\":\"https:\/\/schema.org\",\"@graph\":[{\"@type\":\"Article\",\"@id\":\"https:\/\/infoecos.com.ar\/index.php\/accidente-en-el-kilometro-de-la-ruta-nacional-numero-205\/#article\",\"isPartOf\":{\"@id\":\"https:\/\/infoecos.com.ar\/index.php\/accidente-en-el-kilometro-de-la-ruta-nacional-numero-205\/\"},\"author\":{\"name\":\"Jorge Matheus\",\"@id\":\"https:\/\/infoecos.com.ar\/#\/schema\/person\/8f5ace5ce73b4b4aac4b7245aee6f191\"},\"headline\":\"Accidente en el kil\u00f3metro de la Ruta Nacional n\u00famero 205\",\"datePublished\":\"2023-06-14T06:01:43+00:00\",\"dateModified\":\"2023-06-16T01:53:29+00:00\",\"mainEntityOfPage\":{\"@id\":\"https:\/\/infoecos.com.ar\/index.php\/accidente-en-el-kilometro-de-la-ruta-nacional-numero-205\/\"},\"wordCount\":237,\"publisher\":{\"@id\":\"https:\/\/infoecos.com.ar\/#organization\"},\"image\":{\"@id\":\"https:\/\/infoecos.com.ar\/index.php\/accidente-en-el-kilometro-de-la-ruta-nacional-numero-205\/#primaryimage\"},\"thumbnailUrl\":\"https:\/\/infoecos.com.ar\/wp-content\/uploads\/2023\/06\/auto.jpg\",\"keywords\":[\"FUE EL LUNES\"],\"articleSection\":[\"Bloque inferior - 2\"],\"inLanguage\":\"es\"},{\"@type\":\"WebPage\",\"@id\":\"https:\/\/infoecos.com.ar\/index.php\/accidente-en-el-kilometro-de-la-ruta-nacional-numero-205\/\",\"url\":\"https:\/\/infoecos.com.ar\/index.php\/accidente-en-el-kilometro-de-la-ruta-nacional-numero-205\/\",\"name\":\"Accidente en el kil\u00f3metro de la Ruta Nacional n\u00famero 205 - Infoecos\",\"isPartOf\":{\"@id\":\"https:\/\/infoecos.com.ar\/#website\"},\"primaryImageOfPage\":{\"@id\":\"https:\/\/infoecos.com.ar\/index.php\/accidente-en-el-kilometro-de-la-ruta-nacional-numero-205\/#primaryimage\"},\"image\":{\"@id\":\"https:\/\/infoecos.com.ar\/index.php\/accidente-en-el-kilometro-de-la-ruta-nacional-numero-205\/#primaryimage\"},\"thumbnailUrl\":\"https:\/\/infoecos.com.ar\/wp-content\/uploads\/2023\/06\/auto.jpg\",\"datePublished\":\"2023-06-14T06:01:43+00:00\",\"dateModified\":\"2023-06-16T01:53:29+00:00\",\"breadcrumb\":{\"@id\":\"https:\/\/infoecos.com.ar\/index.php\/accidente-en-el-kilometro-de-la-ruta-nacional-numero-205\/#breadcrumb\"},\"inLanguage\":\"es\",\"potentialAction\":[{\"@type\":\"ReadAction\",\"target\":[\"https:\/\/infoecos.com.ar\/index.php\/accidente-en-el-kilometro-de-la-ruta-nacional-numero-205\/\"]}]},{\"@type\":\"ImageObject\",\"inLanguage\":\"es\",\"@id\":\"https:\/\/infoecos.com.ar\/index.php\/accidente-en-el-kilometro-de-la-ruta-nacional-numero-205\/#primaryimage\",\"url\":\"https:\/\/infoecos.com.ar\/wp-content\/uploads\/2023\/06\/auto.jpg\",\"contentUrl\":\"https:\/\/infoecos.com.ar\/wp-content\/uploads\/2023\/06\/auto.jpg\",\"width\":696,\"height\":391},{\"@type\":\"BreadcrumbList\",\"@id\":\"https:\/\/infoecos.com.ar\/index.php\/accidente-en-el-kilometro-de-la-ruta-nacional-numero-205\/#breadcrumb\",\"itemListElement\":[{\"@type\":\"ListItem\",\"position\":1,\"name\":\"Portada\",\"item\":\"https:\/\/infoecos.com.ar\/\"},{\"@type\":\"ListItem\",\"position\":2,\"name\":\"Accidente en el kil\u00f3metro de la Ruta Nacional n\u00famero 205\"}]},{\"@type\":\"WebSite\",\"@id\":\"https:\/\/infoecos.com.ar\/#website\",\"url\":\"https:\/\/infoecos.com.ar\/\",\"name\":\"Infoecos\",\"description\":\"Noticias de trenque lauquen y la zona\",\"publisher\":{\"@id\":\"https:\/\/infoecos.com.ar\/#organization\"},\"alternateName\":\"Noticias\",\"potentialAction\":[{\"@type\":\"SearchAction\",\"target\":{\"@type\":\"EntryPoint\",\"urlTemplate\":\"https:\/\/infoecos.com.ar\/?s={search_term_string}\"},\"query-input\":{\"@type\":\"PropertyValueSpecification\",\"valueRequired\":true,\"valueName\":\"search_term_string\"}}],\"inLanguage\":\"es\"},{\"@type\":\"Organization\",\"@id\":\"https:\/\/infoecos.com.ar\/#organization\",\"name\":\"Infoecos\",\"alternateName\":\"Noticias\",\"url\":\"https:\/\/infoecos.com.ar\/\",\"logo\":{\"@type\":\"ImageObject\",\"inLanguage\":\"es\",\"@id\":\"https:\/\/infoecos.com.ar\/#\/schema\/logo\/image\/\",\"url\":\"https:\/\/infoecos.com.ar\/wp-content\/uploads\/2024\/03\/cropped-logo.png\",\"contentUrl\":\"https:\/\/infoecos.com.ar\/wp-content\/uploads\/2024\/03\/cropped-logo.png\",\"width\":374,\"height\":90,\"caption\":\"Infoecos\"},\"image\":{\"@id\":\"https:\/\/infoecos.com.ar\/#\/schema\/logo\/image\/\"},\"sameAs\":[\"https:\/\/www.facebook.com\/profile.php?id=100063200290284\",\"https:\/\/x.com\/infoecos\"]},{\"@type\":\"Person\",\"@id\":\"https:\/\/infoecos.com.ar\/#\/schema\/person\/8f5ace5ce73b4b4aac4b7245aee6f191\",\"name\":\"Jorge Matheus\",\"url\":\"https:\/\/infoecos.com.ar\/index.php\/author\/jomatheus\/\"}]}<\/script>\n<!-- \/ Yoast SEO plugin. -->","yoast_head_json":{"title":"Accidente en el kil\u00f3metro de la Ruta Nacional n\u00famero 205 - Infoecos","robots":{"index":"index","follow":"follow","max-snippet":"max-snippet:-1","max-image-preview":"max-image-preview:large","max-video-preview":"max-video-preview:-1"},"canonical":"https:\/\/infoecos.com.ar\/index.php\/accidente-en-el-kilometro-de-la-ruta-nacional-numero-205\/","og_locale":"es_ES","og_type":"article","og_title":"Accidente en el kil\u00f3metro de la Ruta Nacional n\u00famero 205 - Infoecos","og_description":"El veh\u00edculo de mayor porte se cruz\u00f3 de carril y ambos veh\u00edculos impactaron del lado del conductor","og_url":"https:\/\/infoecos.com.ar\/index.php\/accidente-en-el-kilometro-de-la-ruta-nacional-numero-205\/","og_site_name":"Infoecos","article_publisher":"https:\/\/www.facebook.com\/profile.php?id=100063200290284","article_published_time":"2023-06-14T06:01:43+00:00","article_modified_time":"2023-06-16T01:53:29+00:00","og_image":[{"width":696,"height":391,"url":"https:\/\/infoecos.com.ar\/wp-content\/uploads\/2023\/06\/auto.jpg","type":"image\/jpeg"}],"author":"Jorge Matheus","twitter_card":"summary_large_image","twitter_creator":"@infoecos","twitter_site":"@infoecos","twitter_misc":{"Escrito por":"Jorge Matheus","Tiempo de lectura":"2 minutos"},"schema":{"@context":"https:\/\/schema.org","@graph":[{"@type":"Article","@id":"https:\/\/infoecos.com.ar\/index.php\/accidente-en-el-kilometro-de-la-ruta-nacional-numero-205\/#article","isPartOf":{"@id":"https:\/\/infoecos.com.ar\/index.php\/accidente-en-el-kilometro-de-la-ruta-nacional-numero-205\/"},"author":{"name":"Jorge Matheus","@id":"https:\/\/infoecos.com.ar\/#\/schema\/person\/8f5ace5ce73b4b4aac4b7245aee6f191"},"headline":"Accidente en el kil\u00f3metro de la Ruta Nacional n\u00famero 205","datePublished":"2023-06-14T06:01:43+00:00","dateModified":"2023-06-16T01:53:29+00:00","mainEntityOfPage":{"@id":"https:\/\/infoecos.com.ar\/index.php\/accidente-en-el-kilometro-de-la-ruta-nacional-numero-205\/"},"wordCount":237,"publisher":{"@id":"https:\/\/infoecos.com.ar\/#organization"},"image":{"@id":"https:\/\/infoecos.com.ar\/index.php\/accidente-en-el-kilometro-de-la-ruta-nacional-numero-205\/#primaryimage"},"thumbnailUrl":"https:\/\/infoecos.com.ar\/wp-content\/uploads\/2023\/06\/auto.jpg","keywords":["FUE EL LUNES"],"articleSection":["Bloque inferior - 2"],"inLanguage":"es"},{"@type":"WebPage","@id":"https:\/\/infoecos.com.ar\/index.php\/accidente-en-el-kilometro-de-la-ruta-nacional-numero-205\/","url":"https:\/\/infoecos.com.ar\/index.php\/accidente-en-el-kilometro-de-la-ruta-nacional-numero-205\/","name":"Accidente en el kil\u00f3metro de la Ruta Nacional n\u00famero 205 - Infoecos","isPartOf":{"@id":"https:\/\/infoecos.com.ar\/#website"},"primaryImageOfPage":{"@id":"https:\/\/infoecos.com.ar\/index.php\/accidente-en-el-kilometro-de-la-ruta-nacional-numero-205\/#primaryimage"},"image":{"@id":"https:\/\/infoecos.com.ar\/index.php\/accidente-en-el-kilometro-de-la-ruta-nacional-numero-205\/#primaryimage"},"thumbnailUrl":"https:\/\/infoecos.com.ar\/wp-content\/uploads\/2023\/06\/auto.jpg","datePublished":"2023-06-14T06:01:43+00:00","dateModified":"2023-06-16T01:53:29+00:00","breadcrumb":{"@id":"https:\/\/infoecos.com.ar\/index.php\/accidente-en-el-kilometro-de-la-ruta-nacional-numero-205\/#breadcrumb"},"inLanguage":"es","potentialAction":[{"@type":"ReadAction","target":["https:\/\/infoecos.com.ar\/index.php\/accidente-en-el-kilometro-de-la-ruta-nacional-numero-205\/"]}]},{"@type":"ImageObject","inLanguage":"es","@id":"https:\/\/infoecos.com.ar\/index.php\/accidente-en-el-kilometro-de-la-ruta-nacional-numero-205\/#primaryimage","url":"https:\/\/infoecos.com.ar\/wp-content\/uploads\/2023\/06\/auto.jpg","contentUrl":"https:\/\/infoecos.com.ar\/wp-content\/uploads\/2023\/06\/auto.jpg","width":696,"height":391},{"@type":"BreadcrumbList","@id":"https:\/\/infoecos.com.ar\/index.php\/accidente-en-el-kilometro-de-la-ruta-nacional-numero-205\/#breadcrumb","itemListElement":[{"@type":"ListItem","position":1,"name":"Portada","item":"https:\/\/infoecos.com.ar\/"},{"@type":"ListItem","position":2,"name":"Accidente en el kil\u00f3metro de la Ruta Nacional n\u00famero 205"}]},{"@type":"WebSite","@id":"https:\/\/infoecos.com.ar\/#website","url":"https:\/\/infoecos.com.ar\/","name":"Infoecos","description":"Noticias de trenque lauquen y la zona","publisher":{"@id":"https:\/\/infoecos.com.ar\/#organization"},"alternateName":"Noticias","potentialAction":[{"@type":"SearchAction","target":{"@type":"EntryPoint","urlTemplate":"https:\/\/infoecos.com.ar\/?s={search_term_string}"},"query-input":{"@type":"PropertyValueSpecification","valueRequired":true,"valueName":"search_term_string"}}],"inLanguage":"es"},{"@type":"Organization","@id":"https:\/\/infoecos.com.ar\/#organization","name":"Infoecos","alternateName":"Noticias","url":"https:\/\/infoecos.com.ar\/","logo":{"@type":"ImageObject","inLanguage":"es","@id":"https:\/\/infoecos.com.ar\/#\/schema\/logo\/image\/","url":"https:\/\/infoecos.com.ar\/wp-content\/uploads\/2024\/03\/cropped-logo.png","contentUrl":"https:\/\/infoecos.com.ar\/wp-content\/uploads\/2024\/03\/cropped-logo.png","width":374,"height":90,"caption":"Infoecos"},"image":{"@id":"https:\/\/infoecos.com.ar\/#\/schema\/logo\/image\/"},"sameAs":["https:\/\/www.facebook.com\/profile.php?id=100063200290284","https:\/\/x.com\/infoecos"]},{"@type":"Person","@id":"https:\/\/infoecos.com.ar\/#\/schema\/person\/8f5ace5ce73b4b4aac4b7245aee6f191","name":"Jorge Matheus","url":"https:\/\/infoecos.com.ar\/index.php\/author\/jomatheus\/"}]}},"featured_image_urls":{"full":["https:\/\/infoecos.com.ar\/wp-content\/uploads\/2023\/06\/auto.jpg",696,391,false],"thumbnail":["https:\/\/infoecos.com.ar\/wp-content\/uploads\/2023\/06\/auto-300x150.jpg",300,150,true],"medium":["https:\/\/infoecos.com.ar\/wp-content\/uploads\/2023\/06\/auto.jpg",696,391,false],"medium_large":["https:\/\/infoecos.com.ar\/wp-content\/uploads\/2023\/06\/auto.jpg",640,360,false],"large":["https:\/\/infoecos.com.ar\/wp-content\/uploads\/2023\/06\/auto.jpg",640,360,false],"1536x1536":["https:\/\/infoecos.com.ar\/wp-content\/uploads\/2023\/06\/auto.jpg",696,391,false],"2048x2048":["https:\/\/infoecos.com.ar\/wp-content\/uploads\/2023\/06\/auto.jpg",696,391,false],"covernews-slider-full":["https:\/\/infoecos.com.ar\/wp-content\/uploads\/2023\/06\/auto.jpg",696,391,false],"covernews-slider-center":["https:\/\/infoecos.com.ar\/wp-content\/uploads\/2023\/06\/auto.jpg",696,391,false],"covernews-featured":["https:\/\/infoecos.com.ar\/wp-content\/uploads\/2023\/06\/auto.jpg",696,391,false],"covernews-medium":["https:\/\/infoecos.com.ar\/wp-content\/uploads\/2023\/06\/auto-696x380.jpg",540,295,true],"covernews-medium-square":["https:\/\/infoecos.com.ar\/wp-content\/uploads\/2023\/06\/auto-675x391.jpg",400,232,true]},"author_info":{"info":["Jorge Matheus"]},"category_info":"<a href=\"https:\/\/infoecos.com.ar\/index.php\/category\/inferior2\/\" rel=\"category tag\">Bloque inferior - 2<\/a>","tag_info":"Bloque inferior - 2","comment_count":"0","_links":{"self":[{"href":"https:\/\/infoecos.com.ar\/index.php\/wp-json\/wp\/v2\/posts\/105991"}],"collection":[{"href":"https:\/\/infoecos.com.ar\/index.php\/wp-json\/wp\/v2\/posts"}],"about":[{"href":"https:\/\/infoecos.com.ar\/index.php\/wp-json\/wp\/v2\/types\/post"}],"author":[{"embeddable":true,"href":"https:\/\/infoecos.com.ar\/index.php\/wp-json\/wp\/v2\/users\/2"}],"replies":[{"embeddable":true,"href":"https:\/\/infoecos.com.ar\/index.php\/wp-json\/wp\/v2\/comments?post=105991"}],"version-history":[{"count":2,"href":"https:\/\/infoecos.com.ar\/index.php\/wp-json\/wp\/v2\/posts\/105991\/revisions"}],"predecessor-version":[{"id":106079,"href":"https:\/\/infoecos.com.ar\/index.php\/wp-json\/wp\/v2\/posts\/105991\/revisions\/106079"}],"wp:featuredmedia":[{"embeddable":true,"href":"https:\/\/infoecos.com.ar\/index.php\/wp-json\/wp\/v2\/media\/105992"}],"wp:attachment":[{"href":"https:\/\/infoecos.com.ar\/index.php\/wp-json\/wp\/v2\/media?parent=105991"}],"wp:term":[{"taxonomy":"category","embeddable":true,"href":"https:\/\/infoecos.com.ar\/index.php\/wp-json\/wp\/v2\/categories?post=105991"},{"taxonomy":"post_tag","embeddable":true,"href":"https:\/\/infoecos.com.ar\/index.php\/wp-json\/wp\/v2\/tags?post=105991"}],"curies":[{"name":"wp","href":"https:\/\/api.w.org\/{rel}","templated":true}]}}