{"id":106009,"date":"2023-06-14T15:43:47","date_gmt":"2023-06-14T18:43:47","guid":{"rendered":"https:\/\/infoecos.com.ar\/?p=106009"},"modified":"2023-06-16T01:02:16","modified_gmt":"2023-06-16T04:02:16","slug":"jacinto-roux-las-autoridades-confirman-la-muerte-y-anticipan-que-brindaran-mas-detalles","status":"publish","type":"post","link":"https:\/\/infoecos.com.ar\/index.php\/jacinto-roux-las-autoridades-confirman-la-muerte-y-anticipan-que-brindaran-mas-detalles\/","title":{"rendered":"Jacinto Roux: las autoridades confirman la muerte y anticipan que brindar\u00e1n m\u00e1s detalles"},"content":{"rendered":"\n<p>Se di\u00f3 a conocer un comunicado donde se confirma la muerte de Jacinto Roux, a la par de anticipar que se brindar\u00e1 m\u00e1s comunicaci\u00f3n, pero sin especificar ni d\u00eda, ni horario.<\/p>\n\n\n\n<figure class=\"wp-block-image aligncenter size-full is-resized\"><img loading=\"lazy\" decoding=\"async\" src=\"https:\/\/infoecos.com.ar\/wp-content\/uploads\/2023\/06\/353428840_6570219082999960_7261651686798692951_n.jpg\" alt=\"\" class=\"wp-image-106010\" width=\"347\" height=\"522\"\/><figcaption class=\"wp-element-caption\">Jacinto Roux<\/figcaption><\/figure>\n\n\n\n<p>El texto: <\/p>\n\n\n\n<p><strong><em>Comisar\u00eda Distrital junto al Municipio de Pellegrini, cumplen en informar, que como resultado de la intesificaci\u00f3n de las acciones, en horas de la ma\u00f1ana se ha encontrado sin vida el cuerpo del joven Jacinto Roux. <\/em><\/strong><\/p>\n\n\n\n<p><strong><em>Se contin\u00faa acompa\u00f1ando a la familia en estas horas de profundo dolor. <\/em><\/strong><\/p>\n\n\n\n<p><strong><em>En estos momentos agentes de Polic\u00eda Cient\u00edfica se encuentran trabajando de conformidad a los protocolo de actuaci\u00f3n. <\/em><\/strong><\/p>\n\n\n\n<p><strong><em>Los distintos organismos responsable de la investigaci\u00f3n dispondr\u00e1n la comunicaci\u00f3n.<\/em><\/strong><\/p>\n","protected":false},"excerpt":{"rendered":"<p>En estos momentos agentes de Polic\u00eda Cient\u00edfica se encuentran trabajando de conformidad a los protocolo de actuaci\u00f3n<\/p>\n","protected":false},"author":2,"featured_media":106010,"comment_status":"closed","ping_status":"open","sticky":false,"template":"","format":"standard","meta":{"footnotes":""},"categories":[1333],"tags":[8138],"class_list":["post-106009","post","type-post","status-publish","format-standard","has-post-thumbnail","hentry","category-inferior13","tag-breve-comunicado"],"yoast_head":"<!-- This site is optimized with the Yoast SEO plugin v23.4 - https:\/\/yoast.com\/wordpress\/plugins\/seo\/ -->\n<title>Jacinto Roux: las autoridades confirman la muerte y anticipan que brindar\u00e1n m\u00e1s detalles - Infoecos<\/title>\n<meta name=\"robots\" content=\"index, follow, max-snippet:-1, max-image-preview:large, max-video-preview:-1\" \/>\n<link rel=\"canonical\" href=\"https:\/\/infoecos.com.ar\/index.php\/jacinto-roux-las-autoridades-confirman-la-muerte-y-anticipan-que-brindaran-mas-detalles\/\" \/>\n<meta property=\"og:locale\" content=\"es_ES\" \/>\n<meta property=\"og:type\" content=\"article\" \/>\n<meta property=\"og:title\" content=\"Jacinto Roux: las autoridades confirman la muerte y anticipan que brindar\u00e1n m\u00e1s detalles - Infoecos\" \/>\n<meta property=\"og:description\" content=\"En estos momentos agentes de Polic\u00eda Cient\u00edfica se encuentran trabajando de conformidad a los protocolo de actuaci\u00f3n\" \/>\n<meta property=\"og:url\" content=\"https:\/\/infoecos.com.ar\/index.php\/jacinto-roux-las-autoridades-confirman-la-muerte-y-anticipan-que-brindaran-mas-detalles\/\" \/>\n<meta property=\"og:site_name\" content=\"Infoecos\" \/>\n<meta property=\"article:publisher\" content=\"https:\/\/www.facebook.com\/profile.php?id=100063200290284\" \/>\n<meta property=\"article:published_time\" content=\"2023-06-14T18:43:47+00:00\" \/>\n<meta property=\"article:modified_time\" content=\"2023-06-16T04:02:16+00:00\" \/>\n<meta property=\"og:image\" content=\"https:\/\/infoecos.com.ar\/wp-content\/uploads\/2023\/06\/353428840_6570219082999960_7261651686798692951_n.jpg\" \/>\n\t<meta property=\"og:image:width\" content=\"470\" \/>\n\t<meta property=\"og:image:height\" content=\"708\" \/>\n\t<meta property=\"og:image:type\" content=\"image\/jpeg\" \/>\n<meta name=\"author\" content=\"Jorge Matheus\" \/>\n<meta name=\"twitter:card\" content=\"summary_large_image\" \/>\n<meta name=\"twitter:creator\" content=\"@infoecos\" \/>\n<meta name=\"twitter:site\" content=\"@infoecos\" \/>\n<meta name=\"twitter:label1\" content=\"Escrito por\" \/>\n\t<meta name=\"twitter:data1\" content=\"Jorge Matheus\" \/>\n\t<meta name=\"twitter:label2\" content=\"Tiempo de lectura\" \/>\n\t<meta name=\"twitter:data2\" content=\"1 minuto\" \/>\n<script type=\"application\/ld+json\" class=\"yoast-schema-graph\">{\"@context\":\"https:\/\/schema.org\",\"@graph\":[{\"@type\":\"Article\",\"@id\":\"https:\/\/infoecos.com.ar\/index.php\/jacinto-roux-las-autoridades-confirman-la-muerte-y-anticipan-que-brindaran-mas-detalles\/#article\",\"isPartOf\":{\"@id\":\"https:\/\/infoecos.com.ar\/index.php\/jacinto-roux-las-autoridades-confirman-la-muerte-y-anticipan-que-brindaran-mas-detalles\/\"},\"author\":{\"name\":\"Jorge Matheus\",\"@id\":\"https:\/\/infoecos.com.ar\/#\/schema\/person\/8f5ace5ce73b4b4aac4b7245aee6f191\"},\"headline\":\"Jacinto Roux: las autoridades confirman la muerte y anticipan que brindar\u00e1n m\u00e1s detalles\",\"datePublished\":\"2023-06-14T18:43:47+00:00\",\"dateModified\":\"2023-06-16T04:02:16+00:00\",\"mainEntityOfPage\":{\"@id\":\"https:\/\/infoecos.com.ar\/index.php\/jacinto-roux-las-autoridades-confirman-la-muerte-y-anticipan-que-brindaran-mas-detalles\/\"},\"wordCount\":138,\"publisher\":{\"@id\":\"https:\/\/infoecos.com.ar\/#organization\"},\"image\":{\"@id\":\"https:\/\/infoecos.com.ar\/index.php\/jacinto-roux-las-autoridades-confirman-la-muerte-y-anticipan-que-brindaran-mas-detalles\/#primaryimage\"},\"thumbnailUrl\":\"https:\/\/infoecos.com.ar\/wp-content\/uploads\/2023\/06\/353428840_6570219082999960_7261651686798692951_n.jpg\",\"keywords\":[\"breve comunicado\"],\"articleSection\":[\"Bloque inferior - 13\"],\"inLanguage\":\"es\"},{\"@type\":\"WebPage\",\"@id\":\"https:\/\/infoecos.com.ar\/index.php\/jacinto-roux-las-autoridades-confirman-la-muerte-y-anticipan-que-brindaran-mas-detalles\/\",\"url\":\"https:\/\/infoecos.com.ar\/index.php\/jacinto-roux-las-autoridades-confirman-la-muerte-y-anticipan-que-brindaran-mas-detalles\/\",\"name\":\"Jacinto Roux: las autoridades confirman la muerte y anticipan que brindar\u00e1n m\u00e1s detalles - Infoecos\",\"isPartOf\":{\"@id\":\"https:\/\/infoecos.com.ar\/#website\"},\"primaryImageOfPage\":{\"@id\":\"https:\/\/infoecos.com.ar\/index.php\/jacinto-roux-las-autoridades-confirman-la-muerte-y-anticipan-que-brindaran-mas-detalles\/#primaryimage\"},\"image\":{\"@id\":\"https:\/\/infoecos.com.ar\/index.php\/jacinto-roux-las-autoridades-confirman-la-muerte-y-anticipan-que-brindaran-mas-detalles\/#primaryimage\"},\"thumbnailUrl\":\"https:\/\/infoecos.com.ar\/wp-content\/uploads\/2023\/06\/353428840_6570219082999960_7261651686798692951_n.jpg\",\"datePublished\":\"2023-06-14T18:43:47+00:00\",\"dateModified\":\"2023-06-16T04:02:16+00:00\",\"breadcrumb\":{\"@id\":\"https:\/\/infoecos.com.ar\/index.php\/jacinto-roux-las-autoridades-confirman-la-muerte-y-anticipan-que-brindaran-mas-detalles\/#breadcrumb\"},\"inLanguage\":\"es\",\"potentialAction\":[{\"@type\":\"ReadAction\",\"target\":[\"https:\/\/infoecos.com.ar\/index.php\/jacinto-roux-las-autoridades-confirman-la-muerte-y-anticipan-que-brindaran-mas-detalles\/\"]}]},{\"@type\":\"ImageObject\",\"inLanguage\":\"es\",\"@id\":\"https:\/\/infoecos.com.ar\/index.php\/jacinto-roux-las-autoridades-confirman-la-muerte-y-anticipan-que-brindaran-mas-detalles\/#primaryimage\",\"url\":\"https:\/\/infoecos.com.ar\/wp-content\/uploads\/2023\/06\/353428840_6570219082999960_7261651686798692951_n.jpg\",\"contentUrl\":\"https:\/\/infoecos.com.ar\/wp-content\/uploads\/2023\/06\/353428840_6570219082999960_7261651686798692951_n.jpg\",\"width\":470,\"height\":708},{\"@type\":\"BreadcrumbList\",\"@id\":\"https:\/\/infoecos.com.ar\/index.php\/jacinto-roux-las-autoridades-confirman-la-muerte-y-anticipan-que-brindaran-mas-detalles\/#breadcrumb\",\"itemListElement\":[{\"@type\":\"ListItem\",\"position\":1,\"name\":\"Portada\",\"item\":\"https:\/\/infoecos.com.ar\/\"},{\"@type\":\"ListItem\",\"position\":2,\"name\":\"Jacinto Roux: las autoridades confirman la muerte y anticipan que brindar\u00e1n m\u00e1s detalles\"}]},{\"@type\":\"WebSite\",\"@id\":\"https:\/\/infoecos.com.ar\/#website\",\"url\":\"https:\/\/infoecos.com.ar\/\",\"name\":\"Infoecos\",\"description\":\"Noticias de trenque lauquen y la zona\",\"publisher\":{\"@id\":\"https:\/\/infoecos.com.ar\/#organization\"},\"alternateName\":\"Noticias\",\"potentialAction\":[{\"@type\":\"SearchAction\",\"target\":{\"@type\":\"EntryPoint\",\"urlTemplate\":\"https:\/\/infoecos.com.ar\/?s={search_term_string}\"},\"query-input\":{\"@type\":\"PropertyValueSpecification\",\"valueRequired\":true,\"valueName\":\"search_term_string\"}}],\"inLanguage\":\"es\"},{\"@type\":\"Organization\",\"@id\":\"https:\/\/infoecos.com.ar\/#organization\",\"name\":\"Infoecos\",\"alternateName\":\"Noticias\",\"url\":\"https:\/\/infoecos.com.ar\/\",\"logo\":{\"@type\":\"ImageObject\",\"inLanguage\":\"es\",\"@id\":\"https:\/\/infoecos.com.ar\/#\/schema\/logo\/image\/\",\"url\":\"https:\/\/infoecos.com.ar\/wp-content\/uploads\/2024\/03\/cropped-logo.png\",\"contentUrl\":\"https:\/\/infoecos.com.ar\/wp-content\/uploads\/2024\/03\/cropped-logo.png\",\"width\":374,\"height\":90,\"caption\":\"Infoecos\"},\"image\":{\"@id\":\"https:\/\/infoecos.com.ar\/#\/schema\/logo\/image\/\"},\"sameAs\":[\"https:\/\/www.facebook.com\/profile.php?id=100063200290284\",\"https:\/\/x.com\/infoecos\"]},{\"@type\":\"Person\",\"@id\":\"https:\/\/infoecos.com.ar\/#\/schema\/person\/8f5ace5ce73b4b4aac4b7245aee6f191\",\"name\":\"Jorge Matheus\",\"url\":\"https:\/\/infoecos.com.ar\/index.php\/author\/jomatheus\/\"}]}<\/script>\n<!-- \/ Yoast SEO plugin. -->","yoast_head_json":{"title":"Jacinto Roux: las autoridades confirman la muerte y anticipan que brindar\u00e1n m\u00e1s detalles - Infoecos","robots":{"index":"index","follow":"follow","max-snippet":"max-snippet:-1","max-image-preview":"max-image-preview:large","max-video-preview":"max-video-preview:-1"},"canonical":"https:\/\/infoecos.com.ar\/index.php\/jacinto-roux-las-autoridades-confirman-la-muerte-y-anticipan-que-brindaran-mas-detalles\/","og_locale":"es_ES","og_type":"article","og_title":"Jacinto Roux: las autoridades confirman la muerte y anticipan que brindar\u00e1n m\u00e1s detalles - Infoecos","og_description":"En estos momentos agentes de Polic\u00eda Cient\u00edfica se encuentran trabajando de conformidad a los protocolo de actuaci\u00f3n","og_url":"https:\/\/infoecos.com.ar\/index.php\/jacinto-roux-las-autoridades-confirman-la-muerte-y-anticipan-que-brindaran-mas-detalles\/","og_site_name":"Infoecos","article_publisher":"https:\/\/www.facebook.com\/profile.php?id=100063200290284","article_published_time":"2023-06-14T18:43:47+00:00","article_modified_time":"2023-06-16T04:02:16+00:00","og_image":[{"width":470,"height":708,"url":"https:\/\/infoecos.com.ar\/wp-content\/uploads\/2023\/06\/353428840_6570219082999960_7261651686798692951_n.jpg","type":"image\/jpeg"}],"author":"Jorge Matheus","twitter_card":"summary_large_image","twitter_creator":"@infoecos","twitter_site":"@infoecos","twitter_misc":{"Escrito por":"Jorge Matheus","Tiempo de lectura":"1 minuto"},"schema":{"@context":"https:\/\/schema.org","@graph":[{"@type":"Article","@id":"https:\/\/infoecos.com.ar\/index.php\/jacinto-roux-las-autoridades-confirman-la-muerte-y-anticipan-que-brindaran-mas-detalles\/#article","isPartOf":{"@id":"https:\/\/infoecos.com.ar\/index.php\/jacinto-roux-las-autoridades-confirman-la-muerte-y-anticipan-que-brindaran-mas-detalles\/"},"author":{"name":"Jorge Matheus","@id":"https:\/\/infoecos.com.ar\/#\/schema\/person\/8f5ace5ce73b4b4aac4b7245aee6f191"},"headline":"Jacinto Roux: las autoridades confirman la muerte y anticipan que brindar\u00e1n m\u00e1s detalles","datePublished":"2023-06-14T18:43:47+00:00","dateModified":"2023-06-16T04:02:16+00:00","mainEntityOfPage":{"@id":"https:\/\/infoecos.com.ar\/index.php\/jacinto-roux-las-autoridades-confirman-la-muerte-y-anticipan-que-brindaran-mas-detalles\/"},"wordCount":138,"publisher":{"@id":"https:\/\/infoecos.com.ar\/#organization"},"image":{"@id":"https:\/\/infoecos.com.ar\/index.php\/jacinto-roux-las-autoridades-confirman-la-muerte-y-anticipan-que-brindaran-mas-detalles\/#primaryimage"},"thumbnailUrl":"https:\/\/infoecos.com.ar\/wp-content\/uploads\/2023\/06\/353428840_6570219082999960_7261651686798692951_n.jpg","keywords":["breve comunicado"],"articleSection":["Bloque inferior - 13"],"inLanguage":"es"},{"@type":"WebPage","@id":"https:\/\/infoecos.com.ar\/index.php\/jacinto-roux-las-autoridades-confirman-la-muerte-y-anticipan-que-brindaran-mas-detalles\/","url":"https:\/\/infoecos.com.ar\/index.php\/jacinto-roux-las-autoridades-confirman-la-muerte-y-anticipan-que-brindaran-mas-detalles\/","name":"Jacinto Roux: las autoridades confirman la muerte y anticipan que brindar\u00e1n m\u00e1s detalles - Infoecos","isPartOf":{"@id":"https:\/\/infoecos.com.ar\/#website"},"primaryImageOfPage":{"@id":"https:\/\/infoecos.com.ar\/index.php\/jacinto-roux-las-autoridades-confirman-la-muerte-y-anticipan-que-brindaran-mas-detalles\/#primaryimage"},"image":{"@id":"https:\/\/infoecos.com.ar\/index.php\/jacinto-roux-las-autoridades-confirman-la-muerte-y-anticipan-que-brindaran-mas-detalles\/#primaryimage"},"thumbnailUrl":"https:\/\/infoecos.com.ar\/wp-content\/uploads\/2023\/06\/353428840_6570219082999960_7261651686798692951_n.jpg","datePublished":"2023-06-14T18:43:47+00:00","dateModified":"2023-06-16T04:02:16+00:00","breadcrumb":{"@id":"https:\/\/infoecos.com.ar\/index.php\/jacinto-roux-las-autoridades-confirman-la-muerte-y-anticipan-que-brindaran-mas-detalles\/#breadcrumb"},"inLanguage":"es","potentialAction":[{"@type":"ReadAction","target":["https:\/\/infoecos.com.ar\/index.php\/jacinto-roux-las-autoridades-confirman-la-muerte-y-anticipan-que-brindaran-mas-detalles\/"]}]},{"@type":"ImageObject","inLanguage":"es","@id":"https:\/\/infoecos.com.ar\/index.php\/jacinto-roux-las-autoridades-confirman-la-muerte-y-anticipan-que-brindaran-mas-detalles\/#primaryimage","url":"https:\/\/infoecos.com.ar\/wp-content\/uploads\/2023\/06\/353428840_6570219082999960_7261651686798692951_n.jpg","contentUrl":"https:\/\/infoecos.com.ar\/wp-content\/uploads\/2023\/06\/353428840_6570219082999960_7261651686798692951_n.jpg","width":470,"height":708},{"@type":"BreadcrumbList","@id":"https:\/\/infoecos.com.ar\/index.php\/jacinto-roux-las-autoridades-confirman-la-muerte-y-anticipan-que-brindaran-mas-detalles\/#breadcrumb","itemListElement":[{"@type":"ListItem","position":1,"name":"Portada","item":"https:\/\/infoecos.com.ar\/"},{"@type":"ListItem","position":2,"name":"Jacinto Roux: las autoridades confirman la muerte y anticipan que brindar\u00e1n m\u00e1s detalles"}]},{"@type":"WebSite","@id":"https:\/\/infoecos.com.ar\/#website","url":"https:\/\/infoecos.com.ar\/","name":"Infoecos","description":"Noticias de trenque lauquen y la zona","publisher":{"@id":"https:\/\/infoecos.com.ar\/#organization"},"alternateName":"Noticias","potentialAction":[{"@type":"SearchAction","target":{"@type":"EntryPoint","urlTemplate":"https:\/\/infoecos.com.ar\/?s={search_term_string}"},"query-input":{"@type":"PropertyValueSpecification","valueRequired":true,"valueName":"search_term_string"}}],"inLanguage":"es"},{"@type":"Organization","@id":"https:\/\/infoecos.com.ar\/#organization","name":"Infoecos","alternateName":"Noticias","url":"https:\/\/infoecos.com.ar\/","logo":{"@type":"ImageObject","inLanguage":"es","@id":"https:\/\/infoecos.com.ar\/#\/schema\/logo\/image\/","url":"https:\/\/infoecos.com.ar\/wp-content\/uploads\/2024\/03\/cropped-logo.png","contentUrl":"https:\/\/infoecos.com.ar\/wp-content\/uploads\/2024\/03\/cropped-logo.png","width":374,"height":90,"caption":"Infoecos"},"image":{"@id":"https:\/\/infoecos.com.ar\/#\/schema\/logo\/image\/"},"sameAs":["https:\/\/www.facebook.com\/profile.php?id=100063200290284","https:\/\/x.com\/infoecos"]},{"@type":"Person","@id":"https:\/\/infoecos.com.ar\/#\/schema\/person\/8f5ace5ce73b4b4aac4b7245aee6f191","name":"Jorge Matheus","url":"https:\/\/infoecos.com.ar\/index.php\/author\/jomatheus\/"}]}},"featured_image_urls":{"full":["https:\/\/infoecos.com.ar\/wp-content\/uploads\/2023\/06\/353428840_6570219082999960_7261651686798692951_n.jpg",470,708,false],"thumbnail":["https:\/\/infoecos.com.ar\/wp-content\/uploads\/2023\/06\/353428840_6570219082999960_7261651686798692951_n-300x150.jpg",300,150,true],"medium":["https:\/\/infoecos.com.ar\/wp-content\/uploads\/2023\/06\/353428840_6570219082999960_7261651686798692951_n.jpg",470,708,false],"medium_large":["https:\/\/infoecos.com.ar\/wp-content\/uploads\/2023\/06\/353428840_6570219082999960_7261651686798692951_n.jpg",470,708,false],"large":["https:\/\/infoecos.com.ar\/wp-content\/uploads\/2023\/06\/353428840_6570219082999960_7261651686798692951_n.jpg",470,708,false],"1536x1536":["https:\/\/infoecos.com.ar\/wp-content\/uploads\/2023\/06\/353428840_6570219082999960_7261651686798692951_n.jpg",470,708,false],"2048x2048":["https:\/\/infoecos.com.ar\/wp-content\/uploads\/2023\/06\/353428840_6570219082999960_7261651686798692951_n.jpg",470,708,false],"covernews-slider-full":["https:\/\/infoecos.com.ar\/wp-content\/uploads\/2023\/06\/353428840_6570219082999960_7261651686798692951_n.jpg",470,708,false],"covernews-slider-center":["https:\/\/infoecos.com.ar\/wp-content\/uploads\/2023\/06\/353428840_6570219082999960_7261651686798692951_n.jpg",332,500,false],"covernews-featured":["https:\/\/infoecos.com.ar\/wp-content\/uploads\/2023\/06\/353428840_6570219082999960_7261651686798692951_n.jpg",470,708,false],"covernews-medium":["https:\/\/infoecos.com.ar\/wp-content\/uploads\/2023\/06\/353428840_6570219082999960_7261651686798692951_n-470x380.jpg",421,340,true],"covernews-medium-square":["https:\/\/infoecos.com.ar\/wp-content\/uploads\/2023\/06\/353428840_6570219082999960_7261651686798692951_n-470x450.jpg",261,250,true]},"author_info":{"info":["Jorge Matheus"]},"category_info":"<a href=\"https:\/\/infoecos.com.ar\/index.php\/category\/inferior13\/\" rel=\"category tag\">Bloque inferior - 13<\/a>","tag_info":"Bloque inferior - 13","comment_count":"0","_links":{"self":[{"href":"https:\/\/infoecos.com.ar\/index.php\/wp-json\/wp\/v2\/posts\/106009"}],"collection":[{"href":"https:\/\/infoecos.com.ar\/index.php\/wp-json\/wp\/v2\/posts"}],"about":[{"href":"https:\/\/infoecos.com.ar\/index.php\/wp-json\/wp\/v2\/types\/post"}],"author":[{"embeddable":true,"href":"https:\/\/infoecos.com.ar\/index.php\/wp-json\/wp\/v2\/users\/2"}],"replies":[{"embeddable":true,"href":"https:\/\/infoecos.com.ar\/index.php\/wp-json\/wp\/v2\/comments?post=106009"}],"version-history":[{"count":1,"href":"https:\/\/infoecos.com.ar\/index.php\/wp-json\/wp\/v2\/posts\/106009\/revisions"}],"predecessor-version":[{"id":106011,"href":"https:\/\/infoecos.com.ar\/index.php\/wp-json\/wp\/v2\/posts\/106009\/revisions\/106011"}],"wp:featuredmedia":[{"embeddable":true,"href":"https:\/\/infoecos.com.ar\/index.php\/wp-json\/wp\/v2\/media\/106010"}],"wp:attachment":[{"href":"https:\/\/infoecos.com.ar\/index.php\/wp-json\/wp\/v2\/media?parent=106009"}],"wp:term":[{"taxonomy":"category","embeddable":true,"href":"https:\/\/infoecos.com.ar\/index.php\/wp-json\/wp\/v2\/categories?post=106009"},{"taxonomy":"post_tag","embeddable":true,"href":"https:\/\/infoecos.com.ar\/index.php\/wp-json\/wp\/v2\/tags?post=106009"}],"curies":[{"name":"wp","href":"https:\/\/api.w.org\/{rel}","templated":true}]}}