{"id":106073,"date":"2023-06-15T22:27:17","date_gmt":"2023-06-16T01:27:17","guid":{"rendered":"https:\/\/infoecos.com.ar\/?p=106073"},"modified":"2023-06-17T00:42:17","modified_gmt":"2023-06-17T03:42:17","slug":"seis-alianzas-y-frentes-electorales-se-inscribieron-en-la-provincia-para-participar-de-las-paso","status":"publish","type":"post","link":"https:\/\/infoecos.com.ar\/index.php\/seis-alianzas-y-frentes-electorales-se-inscribieron-en-la-provincia-para-participar-de-las-paso\/","title":{"rendered":"Seis alianzas y frentes electorales se inscribieron en la provincia para participar de las PASO"},"content":{"rendered":"\n<p>Un total de seis alianzas y frentes electorales se inscribieron en el Juzgado Federal N\u00b0 1, a cargo de Alejo Ramos Padilla, para competir en las primarias abiertas, simult\u00e1neas y obligatorias (PASO) que se desarrollar\u00e1n en la provincia de Buenos Aires el pr\u00f3ximo 13 de agosto.<\/p>\n\n\n\n<figure class=\"wp-block-image size-large\"><img loading=\"lazy\" decoding=\"async\" width=\"920\" height=\"395\" src=\"https:\/\/infoecos.com.ar\/wp-content\/uploads\/2021\/07\/eleccionesurnas-920x395.png\" alt=\"\" class=\"wp-image-81973\" srcset=\"https:\/\/infoecos.com.ar\/wp-content\/uploads\/2021\/07\/eleccionesurnas-920x395.png 920w, https:\/\/infoecos.com.ar\/wp-content\/uploads\/2021\/07\/eleccionesurnas-460x198.png 460w, https:\/\/infoecos.com.ar\/wp-content\/uploads\/2021\/07\/eleccionesurnas-768x330.png 768w, https:\/\/infoecos.com.ar\/wp-content\/uploads\/2021\/07\/eleccionesurnas-1024x440.png 1024w, https:\/\/infoecos.com.ar\/wp-content\/uploads\/2021\/07\/eleccionesurnas.png 1278w\" sizes=\"(max-width: 920px) 100vw, 920px\" \/><\/figure>\n\n\n\n<p>As\u00ed,<strong> la coalici\u00f3n encabezada por el Partido Justicialista se inscribi\u00f3 con el nombre de Uni\u00f3n por la Patria (UP)<\/strong>, que est\u00e1 integrado por 22 partidos: <strong>el Justicialista; Frente Renovador; Partido de la Victoria; Frente Grande; Nuevo Encuentro; Partido Intransigente; Partido Comunista; Kolina; Partido Solidario; Partido Comunista Aut\u00e9ntico; Izquierda Popular; Partido del Trabajo y del Pueblo; el Partido Instrumento Electoral por la Unidad Popular y el Partido Igualar<\/strong>.<\/p>\n\n\n\n<p><strong>Tambi\u00e9n lo integran los espacios Partido Patria Grande; Partido Nuevo Buenos Aires; Nueva Mayor\u00eda; Partido Nueva Mayor\u00eda; Partido Compromiso Federal; Partido del Trabajo y la Equidad; Patria de los Comunes; Partido Federal y Ganar<\/strong>.<\/p>\n\n\n\n<p>En tanto, <strong>Juntos por el Cambio<\/strong>, la alianza opositora <strong>se presentar\u00e1 a los comicios con la estructura de la Uni\u00f3n C\u00edvica Radical (UCR); el PRO; la Coalici\u00f3n C\u00edvica y el ARI; los Republicanos Unidos; el GEN; el Partido Socialista; el Partido Dem\u00f3crata Progresista (PDP); el Movimiento Social por la Rep\u00fablica; el Partido del Di\u00e1logo; la Propuesta Federal para el Cambio; el Partido Unir; y Propuesta Federal para el Cambio<\/strong>.<\/p>\n\n\n\n<p><strong>Tambi\u00e9n componen Juntos por el Cambio el Movimiento de Integraci\u00f3n y Desarrollo Social; la Uni\u00f3n del Centro Democr\u00e1tico; la Uni\u00f3n Popular Federal; el Partido Tercera Posici\u00f3n y el Partido Verde<\/strong>.<\/p>\n\n\n\n<p>A la vez, <strong>la fuerza La Libertad Avanza de Javier Milei se compone de los sellos Uni\u00f3n Celeste y Blanco; el Partido Renovador Federal; Uni\u00f3n por Todos; el Partido Fe; el Partido Integrar; el Movimiento de Integraci\u00f3n y Desarrollo; y el Partido Dem\u00f3cra<\/strong>ta.<\/p>\n\n\n\n<p><strong>Integran el Frente de Izquierda y de Trabajadores el Partido de Trabajadores por el Socialismo; la Izquierda por una Opci\u00f3n Socialista; la Nueva Izquierda; el Movimiento Socialista de los Trabajadores y el Partido del Obrero<\/strong>.<\/p>\n\n\n\n<p><strong>Las alianzas que componen Hacemos por nuestro Pa\u00eds son el Frente Hacer por el Progreso Social, el Partido Dem\u00f3crata Cristiano y el Partido Autonomista<\/strong>; mientras que <strong>Nueva Uni\u00f3n Celeste se integra por el Partido Celeste Provida y la Nueva Uni\u00f3n Ciudadana.<\/strong><\/p>\n","protected":false},"excerpt":{"rendered":"<p>Se inscribieron en el Juzgado Federal N\u00b0 1, a cargo de Alejo Ramos Padilla, para competir en las primarias abiertas, simult\u00e1neas y obligatorias (PASO) <\/p>\n","protected":false},"author":2,"featured_media":81973,"comment_status":"closed","ping_status":"open","sticky":false,"template":"","format":"standard","meta":{"footnotes":""},"categories":[1333],"tags":[6789],"class_list":["post-106073","post","type-post","status-publish","format-standard","has-post-thumbnail","hentry","category-inferior13","tag-elecciones-2023"],"yoast_head":"<!-- This site is optimized with the Yoast SEO plugin v23.4 - https:\/\/yoast.com\/wordpress\/plugins\/seo\/ -->\n<title>Seis alianzas y frentes electorales se inscribieron en la provincia para participar de las PASO - Infoecos<\/title>\n<meta name=\"robots\" content=\"index, follow, max-snippet:-1, max-image-preview:large, max-video-preview:-1\" \/>\n<link rel=\"canonical\" href=\"https:\/\/infoecos.com.ar\/index.php\/seis-alianzas-y-frentes-electorales-se-inscribieron-en-la-provincia-para-participar-de-las-paso\/\" \/>\n<meta property=\"og:locale\" content=\"es_ES\" \/>\n<meta property=\"og:type\" content=\"article\" \/>\n<meta property=\"og:title\" content=\"Seis alianzas y frentes electorales se inscribieron en la provincia para participar de las PASO - Infoecos\" \/>\n<meta property=\"og:description\" content=\"Se inscribieron en el Juzgado Federal N\u00b0 1, a cargo de Alejo Ramos Padilla, para competir en las primarias abiertas, simult\u00e1neas y obligatorias (PASO)\" \/>\n<meta property=\"og:url\" content=\"https:\/\/infoecos.com.ar\/index.php\/seis-alianzas-y-frentes-electorales-se-inscribieron-en-la-provincia-para-participar-de-las-paso\/\" \/>\n<meta property=\"og:site_name\" content=\"Infoecos\" \/>\n<meta property=\"article:publisher\" content=\"https:\/\/www.facebook.com\/profile.php?id=100063200290284\" \/>\n<meta property=\"article:published_time\" content=\"2023-06-16T01:27:17+00:00\" \/>\n<meta property=\"article:modified_time\" content=\"2023-06-17T03:42:17+00:00\" \/>\n<meta property=\"og:image\" content=\"https:\/\/infoecos.com.ar\/wp-content\/uploads\/2021\/07\/eleccionesurnas.png\" \/>\n\t<meta property=\"og:image:width\" content=\"1278\" \/>\n\t<meta property=\"og:image:height\" content=\"549\" \/>\n\t<meta property=\"og:image:type\" content=\"image\/png\" \/>\n<meta name=\"author\" content=\"Jorge Matheus\" \/>\n<meta name=\"twitter:card\" content=\"summary_large_image\" \/>\n<meta name=\"twitter:creator\" content=\"@infoecos\" \/>\n<meta name=\"twitter:site\" content=\"@infoecos\" \/>\n<meta name=\"twitter:label1\" content=\"Escrito por\" \/>\n\t<meta name=\"twitter:data1\" content=\"Jorge Matheus\" \/>\n\t<meta name=\"twitter:label2\" content=\"Tiempo de lectura\" \/>\n\t<meta name=\"twitter:data2\" content=\"2 minutos\" \/>\n<script type=\"application\/ld+json\" class=\"yoast-schema-graph\">{\"@context\":\"https:\/\/schema.org\",\"@graph\":[{\"@type\":\"Article\",\"@id\":\"https:\/\/infoecos.com.ar\/index.php\/seis-alianzas-y-frentes-electorales-se-inscribieron-en-la-provincia-para-participar-de-las-paso\/#article\",\"isPartOf\":{\"@id\":\"https:\/\/infoecos.com.ar\/index.php\/seis-alianzas-y-frentes-electorales-se-inscribieron-en-la-provincia-para-participar-de-las-paso\/\"},\"author\":{\"name\":\"Jorge Matheus\",\"@id\":\"https:\/\/infoecos.com.ar\/#\/schema\/person\/8f5ace5ce73b4b4aac4b7245aee6f191\"},\"headline\":\"Seis alianzas y frentes electorales se inscribieron en la provincia para participar de las PASO\",\"datePublished\":\"2023-06-16T01:27:17+00:00\",\"dateModified\":\"2023-06-17T03:42:17+00:00\",\"mainEntityOfPage\":{\"@id\":\"https:\/\/infoecos.com.ar\/index.php\/seis-alianzas-y-frentes-electorales-se-inscribieron-en-la-provincia-para-participar-de-las-paso\/\"},\"wordCount\":408,\"publisher\":{\"@id\":\"https:\/\/infoecos.com.ar\/#organization\"},\"image\":{\"@id\":\"https:\/\/infoecos.com.ar\/index.php\/seis-alianzas-y-frentes-electorales-se-inscribieron-en-la-provincia-para-participar-de-las-paso\/#primaryimage\"},\"thumbnailUrl\":\"https:\/\/infoecos.com.ar\/wp-content\/uploads\/2021\/07\/eleccionesurnas.png\",\"keywords\":[\"elecciones 2023\"],\"articleSection\":[\"Bloque inferior - 13\"],\"inLanguage\":\"es\"},{\"@type\":\"WebPage\",\"@id\":\"https:\/\/infoecos.com.ar\/index.php\/seis-alianzas-y-frentes-electorales-se-inscribieron-en-la-provincia-para-participar-de-las-paso\/\",\"url\":\"https:\/\/infoecos.com.ar\/index.php\/seis-alianzas-y-frentes-electorales-se-inscribieron-en-la-provincia-para-participar-de-las-paso\/\",\"name\":\"Seis alianzas y frentes electorales se inscribieron en la provincia para participar de las PASO - Infoecos\",\"isPartOf\":{\"@id\":\"https:\/\/infoecos.com.ar\/#website\"},\"primaryImageOfPage\":{\"@id\":\"https:\/\/infoecos.com.ar\/index.php\/seis-alianzas-y-frentes-electorales-se-inscribieron-en-la-provincia-para-participar-de-las-paso\/#primaryimage\"},\"image\":{\"@id\":\"https:\/\/infoecos.com.ar\/index.php\/seis-alianzas-y-frentes-electorales-se-inscribieron-en-la-provincia-para-participar-de-las-paso\/#primaryimage\"},\"thumbnailUrl\":\"https:\/\/infoecos.com.ar\/wp-content\/uploads\/2021\/07\/eleccionesurnas.png\",\"datePublished\":\"2023-06-16T01:27:17+00:00\",\"dateModified\":\"2023-06-17T03:42:17+00:00\",\"breadcrumb\":{\"@id\":\"https:\/\/infoecos.com.ar\/index.php\/seis-alianzas-y-frentes-electorales-se-inscribieron-en-la-provincia-para-participar-de-las-paso\/#breadcrumb\"},\"inLanguage\":\"es\",\"potentialAction\":[{\"@type\":\"ReadAction\",\"target\":[\"https:\/\/infoecos.com.ar\/index.php\/seis-alianzas-y-frentes-electorales-se-inscribieron-en-la-provincia-para-participar-de-las-paso\/\"]}]},{\"@type\":\"ImageObject\",\"inLanguage\":\"es\",\"@id\":\"https:\/\/infoecos.com.ar\/index.php\/seis-alianzas-y-frentes-electorales-se-inscribieron-en-la-provincia-para-participar-de-las-paso\/#primaryimage\",\"url\":\"https:\/\/infoecos.com.ar\/wp-content\/uploads\/2021\/07\/eleccionesurnas.png\",\"contentUrl\":\"https:\/\/infoecos.com.ar\/wp-content\/uploads\/2021\/07\/eleccionesurnas.png\",\"width\":1278,\"height\":549},{\"@type\":\"BreadcrumbList\",\"@id\":\"https:\/\/infoecos.com.ar\/index.php\/seis-alianzas-y-frentes-electorales-se-inscribieron-en-la-provincia-para-participar-de-las-paso\/#breadcrumb\",\"itemListElement\":[{\"@type\":\"ListItem\",\"position\":1,\"name\":\"Portada\",\"item\":\"https:\/\/infoecos.com.ar\/\"},{\"@type\":\"ListItem\",\"position\":2,\"name\":\"Seis alianzas y frentes electorales se inscribieron en la provincia para participar de las PASO\"}]},{\"@type\":\"WebSite\",\"@id\":\"https:\/\/infoecos.com.ar\/#website\",\"url\":\"https:\/\/infoecos.com.ar\/\",\"name\":\"Infoecos\",\"description\":\"Noticias de trenque lauquen y la zona\",\"publisher\":{\"@id\":\"https:\/\/infoecos.com.ar\/#organization\"},\"alternateName\":\"Noticias\",\"potentialAction\":[{\"@type\":\"SearchAction\",\"target\":{\"@type\":\"EntryPoint\",\"urlTemplate\":\"https:\/\/infoecos.com.ar\/?s={search_term_string}\"},\"query-input\":{\"@type\":\"PropertyValueSpecification\",\"valueRequired\":true,\"valueName\":\"search_term_string\"}}],\"inLanguage\":\"es\"},{\"@type\":\"Organization\",\"@id\":\"https:\/\/infoecos.com.ar\/#organization\",\"name\":\"Infoecos\",\"alternateName\":\"Noticias\",\"url\":\"https:\/\/infoecos.com.ar\/\",\"logo\":{\"@type\":\"ImageObject\",\"inLanguage\":\"es\",\"@id\":\"https:\/\/infoecos.com.ar\/#\/schema\/logo\/image\/\",\"url\":\"https:\/\/infoecos.com.ar\/wp-content\/uploads\/2024\/03\/cropped-logo.png\",\"contentUrl\":\"https:\/\/infoecos.com.ar\/wp-content\/uploads\/2024\/03\/cropped-logo.png\",\"width\":374,\"height\":90,\"caption\":\"Infoecos\"},\"image\":{\"@id\":\"https:\/\/infoecos.com.ar\/#\/schema\/logo\/image\/\"},\"sameAs\":[\"https:\/\/www.facebook.com\/profile.php?id=100063200290284\",\"https:\/\/x.com\/infoecos\"]},{\"@type\":\"Person\",\"@id\":\"https:\/\/infoecos.com.ar\/#\/schema\/person\/8f5ace5ce73b4b4aac4b7245aee6f191\",\"name\":\"Jorge Matheus\",\"url\":\"https:\/\/infoecos.com.ar\/index.php\/author\/jomatheus\/\"}]}<\/script>\n<!-- \/ Yoast SEO plugin. -->","yoast_head_json":{"title":"Seis alianzas y frentes electorales se inscribieron en la provincia para participar de las PASO - Infoecos","robots":{"index":"index","follow":"follow","max-snippet":"max-snippet:-1","max-image-preview":"max-image-preview:large","max-video-preview":"max-video-preview:-1"},"canonical":"https:\/\/infoecos.com.ar\/index.php\/seis-alianzas-y-frentes-electorales-se-inscribieron-en-la-provincia-para-participar-de-las-paso\/","og_locale":"es_ES","og_type":"article","og_title":"Seis alianzas y frentes electorales se inscribieron en la provincia para participar de las PASO - Infoecos","og_description":"Se inscribieron en el Juzgado Federal N\u00b0 1, a cargo de Alejo Ramos Padilla, para competir en las primarias abiertas, simult\u00e1neas y obligatorias (PASO)","og_url":"https:\/\/infoecos.com.ar\/index.php\/seis-alianzas-y-frentes-electorales-se-inscribieron-en-la-provincia-para-participar-de-las-paso\/","og_site_name":"Infoecos","article_publisher":"https:\/\/www.facebook.com\/profile.php?id=100063200290284","article_published_time":"2023-06-16T01:27:17+00:00","article_modified_time":"2023-06-17T03:42:17+00:00","og_image":[{"width":1278,"height":549,"url":"https:\/\/infoecos.com.ar\/wp-content\/uploads\/2021\/07\/eleccionesurnas.png","type":"image\/png"}],"author":"Jorge Matheus","twitter_card":"summary_large_image","twitter_creator":"@infoecos","twitter_site":"@infoecos","twitter_misc":{"Escrito por":"Jorge Matheus","Tiempo de lectura":"2 minutos"},"schema":{"@context":"https:\/\/schema.org","@graph":[{"@type":"Article","@id":"https:\/\/infoecos.com.ar\/index.php\/seis-alianzas-y-frentes-electorales-se-inscribieron-en-la-provincia-para-participar-de-las-paso\/#article","isPartOf":{"@id":"https:\/\/infoecos.com.ar\/index.php\/seis-alianzas-y-frentes-electorales-se-inscribieron-en-la-provincia-para-participar-de-las-paso\/"},"author":{"name":"Jorge Matheus","@id":"https:\/\/infoecos.com.ar\/#\/schema\/person\/8f5ace5ce73b4b4aac4b7245aee6f191"},"headline":"Seis alianzas y frentes electorales se inscribieron en la provincia para participar de las PASO","datePublished":"2023-06-16T01:27:17+00:00","dateModified":"2023-06-17T03:42:17+00:00","mainEntityOfPage":{"@id":"https:\/\/infoecos.com.ar\/index.php\/seis-alianzas-y-frentes-electorales-se-inscribieron-en-la-provincia-para-participar-de-las-paso\/"},"wordCount":408,"publisher":{"@id":"https:\/\/infoecos.com.ar\/#organization"},"image":{"@id":"https:\/\/infoecos.com.ar\/index.php\/seis-alianzas-y-frentes-electorales-se-inscribieron-en-la-provincia-para-participar-de-las-paso\/#primaryimage"},"thumbnailUrl":"https:\/\/infoecos.com.ar\/wp-content\/uploads\/2021\/07\/eleccionesurnas.png","keywords":["elecciones 2023"],"articleSection":["Bloque inferior - 13"],"inLanguage":"es"},{"@type":"WebPage","@id":"https:\/\/infoecos.com.ar\/index.php\/seis-alianzas-y-frentes-electorales-se-inscribieron-en-la-provincia-para-participar-de-las-paso\/","url":"https:\/\/infoecos.com.ar\/index.php\/seis-alianzas-y-frentes-electorales-se-inscribieron-en-la-provincia-para-participar-de-las-paso\/","name":"Seis alianzas y frentes electorales se inscribieron en la provincia para participar de las PASO - Infoecos","isPartOf":{"@id":"https:\/\/infoecos.com.ar\/#website"},"primaryImageOfPage":{"@id":"https:\/\/infoecos.com.ar\/index.php\/seis-alianzas-y-frentes-electorales-se-inscribieron-en-la-provincia-para-participar-de-las-paso\/#primaryimage"},"image":{"@id":"https:\/\/infoecos.com.ar\/index.php\/seis-alianzas-y-frentes-electorales-se-inscribieron-en-la-provincia-para-participar-de-las-paso\/#primaryimage"},"thumbnailUrl":"https:\/\/infoecos.com.ar\/wp-content\/uploads\/2021\/07\/eleccionesurnas.png","datePublished":"2023-06-16T01:27:17+00:00","dateModified":"2023-06-17T03:42:17+00:00","breadcrumb":{"@id":"https:\/\/infoecos.com.ar\/index.php\/seis-alianzas-y-frentes-electorales-se-inscribieron-en-la-provincia-para-participar-de-las-paso\/#breadcrumb"},"inLanguage":"es","potentialAction":[{"@type":"ReadAction","target":["https:\/\/infoecos.com.ar\/index.php\/seis-alianzas-y-frentes-electorales-se-inscribieron-en-la-provincia-para-participar-de-las-paso\/"]}]},{"@type":"ImageObject","inLanguage":"es","@id":"https:\/\/infoecos.com.ar\/index.php\/seis-alianzas-y-frentes-electorales-se-inscribieron-en-la-provincia-para-participar-de-las-paso\/#primaryimage","url":"https:\/\/infoecos.com.ar\/wp-content\/uploads\/2021\/07\/eleccionesurnas.png","contentUrl":"https:\/\/infoecos.com.ar\/wp-content\/uploads\/2021\/07\/eleccionesurnas.png","width":1278,"height":549},{"@type":"BreadcrumbList","@id":"https:\/\/infoecos.com.ar\/index.php\/seis-alianzas-y-frentes-electorales-se-inscribieron-en-la-provincia-para-participar-de-las-paso\/#breadcrumb","itemListElement":[{"@type":"ListItem","position":1,"name":"Portada","item":"https:\/\/infoecos.com.ar\/"},{"@type":"ListItem","position":2,"name":"Seis alianzas y frentes electorales se inscribieron en la provincia para participar de las PASO"}]},{"@type":"WebSite","@id":"https:\/\/infoecos.com.ar\/#website","url":"https:\/\/infoecos.com.ar\/","name":"Infoecos","description":"Noticias de trenque lauquen y la zona","publisher":{"@id":"https:\/\/infoecos.com.ar\/#organization"},"alternateName":"Noticias","potentialAction":[{"@type":"SearchAction","target":{"@type":"EntryPoint","urlTemplate":"https:\/\/infoecos.com.ar\/?s={search_term_string}"},"query-input":{"@type":"PropertyValueSpecification","valueRequired":true,"valueName":"search_term_string"}}],"inLanguage":"es"},{"@type":"Organization","@id":"https:\/\/infoecos.com.ar\/#organization","name":"Infoecos","alternateName":"Noticias","url":"https:\/\/infoecos.com.ar\/","logo":{"@type":"ImageObject","inLanguage":"es","@id":"https:\/\/infoecos.com.ar\/#\/schema\/logo\/image\/","url":"https:\/\/infoecos.com.ar\/wp-content\/uploads\/2024\/03\/cropped-logo.png","contentUrl":"https:\/\/infoecos.com.ar\/wp-content\/uploads\/2024\/03\/cropped-logo.png","width":374,"height":90,"caption":"Infoecos"},"image":{"@id":"https:\/\/infoecos.com.ar\/#\/schema\/logo\/image\/"},"sameAs":["https:\/\/www.facebook.com\/profile.php?id=100063200290284","https:\/\/x.com\/infoecos"]},{"@type":"Person","@id":"https:\/\/infoecos.com.ar\/#\/schema\/person\/8f5ace5ce73b4b4aac4b7245aee6f191","name":"Jorge Matheus","url":"https:\/\/infoecos.com.ar\/index.php\/author\/jomatheus\/"}]}},"featured_image_urls":{"full":["https:\/\/infoecos.com.ar\/wp-content\/uploads\/2021\/07\/eleccionesurnas.png",1278,549,false],"thumbnail":["https:\/\/infoecos.com.ar\/wp-content\/uploads\/2021\/07\/eleccionesurnas-150x150.png",150,150,true],"medium":["https:\/\/infoecos.com.ar\/wp-content\/uploads\/2021\/07\/eleccionesurnas-460x198.png",460,198,true],"medium_large":["https:\/\/infoecos.com.ar\/wp-content\/uploads\/2021\/07\/eleccionesurnas-768x330.png",640,275,true],"large":["https:\/\/infoecos.com.ar\/wp-content\/uploads\/2021\/07\/eleccionesurnas-920x395.png",640,275,true],"1536x1536":["https:\/\/infoecos.com.ar\/wp-content\/uploads\/2021\/07\/eleccionesurnas.png",1278,549,false],"2048x2048":["https:\/\/infoecos.com.ar\/wp-content\/uploads\/2021\/07\/eleccionesurnas.png",1278,549,false],"covernews-slider-full":["https:\/\/infoecos.com.ar\/wp-content\/uploads\/2021\/07\/eleccionesurnas.png",1115,479,false],"covernews-slider-center":["https:\/\/infoecos.com.ar\/wp-content\/uploads\/2021\/07\/eleccionesurnas-936x549.png",800,469,true],"covernews-featured":["https:\/\/infoecos.com.ar\/wp-content\/uploads\/2021\/07\/eleccionesurnas-1024x440.png",1024,440,true],"covernews-medium":["https:\/\/infoecos.com.ar\/wp-content\/uploads\/2021\/07\/eleccionesurnas-720x380.png",540,285,true],"covernews-medium-square":["https:\/\/infoecos.com.ar\/wp-content\/uploads\/2021\/07\/eleccionesurnas-675x450.png",375,250,true]},"author_info":{"info":["Jorge Matheus"]},"category_info":"<a href=\"https:\/\/infoecos.com.ar\/index.php\/category\/inferior13\/\" rel=\"category tag\">Bloque inferior - 13<\/a>","tag_info":"Bloque inferior - 13","comment_count":"0","_links":{"self":[{"href":"https:\/\/infoecos.com.ar\/index.php\/wp-json\/wp\/v2\/posts\/106073"}],"collection":[{"href":"https:\/\/infoecos.com.ar\/index.php\/wp-json\/wp\/v2\/posts"}],"about":[{"href":"https:\/\/infoecos.com.ar\/index.php\/wp-json\/wp\/v2\/types\/post"}],"author":[{"embeddable":true,"href":"https:\/\/infoecos.com.ar\/index.php\/wp-json\/wp\/v2\/users\/2"}],"replies":[{"embeddable":true,"href":"https:\/\/infoecos.com.ar\/index.php\/wp-json\/wp\/v2\/comments?post=106073"}],"version-history":[{"count":1,"href":"https:\/\/infoecos.com.ar\/index.php\/wp-json\/wp\/v2\/posts\/106073\/revisions"}],"predecessor-version":[{"id":106074,"href":"https:\/\/infoecos.com.ar\/index.php\/wp-json\/wp\/v2\/posts\/106073\/revisions\/106074"}],"wp:featuredmedia":[{"embeddable":true,"href":"https:\/\/infoecos.com.ar\/index.php\/wp-json\/wp\/v2\/media\/81973"}],"wp:attachment":[{"href":"https:\/\/infoecos.com.ar\/index.php\/wp-json\/wp\/v2\/media?parent=106073"}],"wp:term":[{"taxonomy":"category","embeddable":true,"href":"https:\/\/infoecos.com.ar\/index.php\/wp-json\/wp\/v2\/categories?post=106073"},{"taxonomy":"post_tag","embeddable":true,"href":"https:\/\/infoecos.com.ar\/index.php\/wp-json\/wp\/v2\/tags?post=106073"}],"curies":[{"name":"wp","href":"https:\/\/api.w.org\/{rel}","templated":true}]}}