{"id":106077,"date":"2023-06-15T22:50:37","date_gmt":"2023-06-16T01:50:37","guid":{"rendered":"https:\/\/infoecos.com.ar\/?p=106077"},"modified":"2023-06-15T22:50:38","modified_gmt":"2023-06-16T01:50:38","slug":"el-actual-intendente-de-salliquelo-se-presentara-a-la-reeleccion-pero-integrara-la-alianza-de-jxc","status":"publish","type":"post","link":"https:\/\/infoecos.com.ar\/index.php\/el-actual-intendente-de-salliquelo-se-presentara-a-la-reeleccion-pero-integrara-la-alianza-de-jxc\/","title":{"rendered":"El actual intendente de Salliquel\u00f3 se presentar\u00e1 a la reelecci\u00f3n, pero integrar\u00e1 la alianza de JxC"},"content":{"rendered":"\n<p>El actual Intendente Municipal Ingeniero Juan Miguel Nosetti, que lleg\u00f3 a ese cargo como candidato de la Uni\u00f3n Vecinal de Salliquel\u00f3 confirm\u00f3 a nuestros colegas de <strong>Veradia.com<\/strong> que ir\u00e1 en busca de la reelecci\u00f3n como parte del Frente Juntos, por lo que deber\u00e1 enfrentarse con el precandidato de la UCR, Marcelo Gastaldo.   <\/p>\n\n\n\n<figure class=\"wp-block-image aligncenter size-full is-resized\"><img loading=\"lazy\" decoding=\"async\" src=\"https:\/\/infoecos.com.ar\/wp-content\/uploads\/2021\/05\/nosseti.jpg\" alt=\"\" class=\"wp-image-78564\" width=\"512\" height=\"341\" srcset=\"https:\/\/infoecos.com.ar\/wp-content\/uploads\/2021\/05\/nosseti.jpg 690w, https:\/\/infoecos.com.ar\/wp-content\/uploads\/2021\/05\/nosseti-460x306.jpg 460w, https:\/\/infoecos.com.ar\/wp-content\/uploads\/2021\/05\/nosseti-675x450.jpg 675w\" sizes=\"(max-width: 512px) 100vw, 512px\" \/><\/figure>\n\n\n\n<p>Los radicales del distrito dieron a conocer un documento en estas horas que tambi\u00e9n se publica en el reconocido sitio salliquelense que tiene mucho de encriptado, pero que deja en claro que la acci\u00f3n pol\u00edtica del actual mandatario comunal gener\u00f3 malestar.<\/p>\n\n\n\n<p>Se\u00f1ala que <strong><em>nuestro espacio pol\u00edtico deber\u00e1 enfrentar en las PASO a la lista de la Uni\u00f3n Vecinal Salliquel\u00f3 encabezada por Juan Miguel Nosetti, esta situaci\u00f3n que por supuesto nosotros no buscamos pero que nos toca afrontar nos debe fortalecer a\u00fan m\u00e1s, ya que obteniendo el triunfo en agosto, seremos nosotros, los radicales, quienes continuaremos el camino hacia octubre con much\u00edsimas chances de ganar las elecciones generales.<\/em><\/strong><\/p>\n\n\n\n<p><strong><em>El Radicalismo de nuestro distrito ya vivi\u00f3 situaciones similares a \u00e9sta y se pudieron superar, este a\u00f1o tenemos que volver a mostrar nuestra fortaleza y demostrar que m\u00e1s all\u00e1 de las decisiones inconsultas de las pol\u00edticas en los niveles provincial y nacional de las cuales no formamos parte, seremos los radicales del distrito los que daremos las batallas que hay que dar para mantener bien alto nuestro orgullo como partido pol\u00edtico que busca el bienestar de nuestra gente<\/em><\/strong>.<\/p>\n\n\n\n<p><strong><em>Las cartas ya est\u00e1n sobre la mesa y somos nosotros, los radicales, quienes tenemos la oportunidad de jugar nuestro mejor juego, el \u00fanico que sabemos jugar, el de la honestidad y la transparencia a la hora de tomar decisiones que nada tienen que ver con las especulaciones destinadas a sacar un r\u00e9dito personal, intentando confundir al electorado con la \u00fanica finalidad de enmascarar su fracaso pol\u00edtico en una interna de la que no debieron formar parte<\/em><\/strong>.<\/p>\n\n\n\n<p>Nosetti hab\u00eda explicado, tambien a Veradia, que <strong>la adhesi\u00f3n al Frente Juntos fue gestionada a trav\u00e9s de H\u00e9ctor Gay, actual intendente de Bah\u00eda Blanca, pero aclar\u00f3 y remarc\u00f3 que la Uni\u00f3n Vecinal Salliquel\u00f3 participar\u00e1 de las elecciones como tal, conservando su identidad<\/strong>.<\/p>\n","protected":false},"excerpt":{"rendered":"<p>Los radicales del distrito dieron a conocer un documento en estas horas que tambi\u00e9n se publica en el reconocido sitio salliquelense que tiene mucho de encriptado<\/p>\n","protected":false},"author":2,"featured_media":57219,"comment_status":"closed","ping_status":"open","sticky":false,"template":"","format":"standard","meta":{"footnotes":""},"categories":[197],"tags":[6789],"class_list":["post-106077","post","type-post","status-publish","format-standard","has-post-thumbnail","hentry","category-c3nota4","tag-elecciones-2023"],"yoast_head":"<!-- This site is optimized with the Yoast SEO plugin v23.4 - https:\/\/yoast.com\/wordpress\/plugins\/seo\/ -->\n<title>El actual intendente de Salliquel\u00f3 se presentar\u00e1 a la reelecci\u00f3n, pero integrar\u00e1 la alianza de JxC - Infoecos<\/title>\n<meta name=\"robots\" content=\"index, follow, max-snippet:-1, max-image-preview:large, max-video-preview:-1\" \/>\n<link rel=\"canonical\" href=\"https:\/\/infoecos.com.ar\/index.php\/el-actual-intendente-de-salliquelo-se-presentara-a-la-reeleccion-pero-integrara-la-alianza-de-jxc\/\" \/>\n<meta property=\"og:locale\" content=\"es_ES\" \/>\n<meta property=\"og:type\" content=\"article\" \/>\n<meta property=\"og:title\" content=\"El actual intendente de Salliquel\u00f3 se presentar\u00e1 a la reelecci\u00f3n, pero integrar\u00e1 la alianza de JxC - Infoecos\" \/>\n<meta property=\"og:description\" content=\"Los radicales del distrito dieron a conocer un documento en estas horas que tambi\u00e9n se publica en el reconocido sitio salliquelense que tiene mucho de encriptado\" \/>\n<meta property=\"og:url\" content=\"https:\/\/infoecos.com.ar\/index.php\/el-actual-intendente-de-salliquelo-se-presentara-a-la-reeleccion-pero-integrara-la-alianza-de-jxc\/\" \/>\n<meta property=\"og:site_name\" content=\"Infoecos\" \/>\n<meta property=\"article:publisher\" content=\"https:\/\/www.facebook.com\/profile.php?id=100063200290284\" \/>\n<meta property=\"article:published_time\" content=\"2023-06-16T01:50:37+00:00\" \/>\n<meta property=\"article:modified_time\" content=\"2023-06-16T01:50:38+00:00\" \/>\n<meta property=\"og:image\" content=\"https:\/\/infoecos.com.ar\/wp-content\/uploads\/A-547nosetti2.jpg\" \/>\n\t<meta property=\"og:image:width\" content=\"368\" \/>\n\t<meta property=\"og:image:height\" content=\"187\" \/>\n\t<meta property=\"og:image:type\" content=\"image\/jpeg\" \/>\n<meta name=\"author\" content=\"Jorge Matheus\" \/>\n<meta name=\"twitter:card\" content=\"summary_large_image\" \/>\n<meta name=\"twitter:creator\" content=\"@infoecos\" \/>\n<meta name=\"twitter:site\" content=\"@infoecos\" \/>\n<meta name=\"twitter:label1\" content=\"Escrito por\" \/>\n\t<meta name=\"twitter:data1\" content=\"Jorge Matheus\" \/>\n\t<meta name=\"twitter:label2\" content=\"Tiempo de lectura\" \/>\n\t<meta name=\"twitter:data2\" content=\"2 minutos\" \/>\n<script type=\"application\/ld+json\" class=\"yoast-schema-graph\">{\"@context\":\"https:\/\/schema.org\",\"@graph\":[{\"@type\":\"Article\",\"@id\":\"https:\/\/infoecos.com.ar\/index.php\/el-actual-intendente-de-salliquelo-se-presentara-a-la-reeleccion-pero-integrara-la-alianza-de-jxc\/#article\",\"isPartOf\":{\"@id\":\"https:\/\/infoecos.com.ar\/index.php\/el-actual-intendente-de-salliquelo-se-presentara-a-la-reeleccion-pero-integrara-la-alianza-de-jxc\/\"},\"author\":{\"name\":\"Jorge Matheus\",\"@id\":\"https:\/\/infoecos.com.ar\/#\/schema\/person\/8f5ace5ce73b4b4aac4b7245aee6f191\"},\"headline\":\"El actual intendente de Salliquel\u00f3 se presentar\u00e1 a la reelecci\u00f3n, pero integrar\u00e1 la alianza de JxC\",\"datePublished\":\"2023-06-16T01:50:37+00:00\",\"dateModified\":\"2023-06-16T01:50:38+00:00\",\"mainEntityOfPage\":{\"@id\":\"https:\/\/infoecos.com.ar\/index.php\/el-actual-intendente-de-salliquelo-se-presentara-a-la-reeleccion-pero-integrara-la-alianza-de-jxc\/\"},\"wordCount\":398,\"publisher\":{\"@id\":\"https:\/\/infoecos.com.ar\/#organization\"},\"image\":{\"@id\":\"https:\/\/infoecos.com.ar\/index.php\/el-actual-intendente-de-salliquelo-se-presentara-a-la-reeleccion-pero-integrara-la-alianza-de-jxc\/#primaryimage\"},\"thumbnailUrl\":\"\",\"keywords\":[\"elecciones 2023\"],\"articleSection\":[\"C3 N4\"],\"inLanguage\":\"es\"},{\"@type\":\"WebPage\",\"@id\":\"https:\/\/infoecos.com.ar\/index.php\/el-actual-intendente-de-salliquelo-se-presentara-a-la-reeleccion-pero-integrara-la-alianza-de-jxc\/\",\"url\":\"https:\/\/infoecos.com.ar\/index.php\/el-actual-intendente-de-salliquelo-se-presentara-a-la-reeleccion-pero-integrara-la-alianza-de-jxc\/\",\"name\":\"El actual intendente de Salliquel\u00f3 se presentar\u00e1 a la reelecci\u00f3n, pero integrar\u00e1 la alianza de JxC - Infoecos\",\"isPartOf\":{\"@id\":\"https:\/\/infoecos.com.ar\/#website\"},\"primaryImageOfPage\":{\"@id\":\"https:\/\/infoecos.com.ar\/index.php\/el-actual-intendente-de-salliquelo-se-presentara-a-la-reeleccion-pero-integrara-la-alianza-de-jxc\/#primaryimage\"},\"image\":{\"@id\":\"https:\/\/infoecos.com.ar\/index.php\/el-actual-intendente-de-salliquelo-se-presentara-a-la-reeleccion-pero-integrara-la-alianza-de-jxc\/#primaryimage\"},\"thumbnailUrl\":\"\",\"datePublished\":\"2023-06-16T01:50:37+00:00\",\"dateModified\":\"2023-06-16T01:50:38+00:00\",\"breadcrumb\":{\"@id\":\"https:\/\/infoecos.com.ar\/index.php\/el-actual-intendente-de-salliquelo-se-presentara-a-la-reeleccion-pero-integrara-la-alianza-de-jxc\/#breadcrumb\"},\"inLanguage\":\"es\",\"potentialAction\":[{\"@type\":\"ReadAction\",\"target\":[\"https:\/\/infoecos.com.ar\/index.php\/el-actual-intendente-de-salliquelo-se-presentara-a-la-reeleccion-pero-integrara-la-alianza-de-jxc\/\"]}]},{\"@type\":\"ImageObject\",\"inLanguage\":\"es\",\"@id\":\"https:\/\/infoecos.com.ar\/index.php\/el-actual-intendente-de-salliquelo-se-presentara-a-la-reeleccion-pero-integrara-la-alianza-de-jxc\/#primaryimage\",\"url\":\"\",\"contentUrl\":\"\"},{\"@type\":\"BreadcrumbList\",\"@id\":\"https:\/\/infoecos.com.ar\/index.php\/el-actual-intendente-de-salliquelo-se-presentara-a-la-reeleccion-pero-integrara-la-alianza-de-jxc\/#breadcrumb\",\"itemListElement\":[{\"@type\":\"ListItem\",\"position\":1,\"name\":\"Portada\",\"item\":\"https:\/\/infoecos.com.ar\/\"},{\"@type\":\"ListItem\",\"position\":2,\"name\":\"El actual intendente de Salliquel\u00f3 se presentar\u00e1 a la reelecci\u00f3n, pero integrar\u00e1 la alianza de JxC\"}]},{\"@type\":\"WebSite\",\"@id\":\"https:\/\/infoecos.com.ar\/#website\",\"url\":\"https:\/\/infoecos.com.ar\/\",\"name\":\"Infoecos\",\"description\":\"Noticias de trenque lauquen y la zona\",\"publisher\":{\"@id\":\"https:\/\/infoecos.com.ar\/#organization\"},\"alternateName\":\"Noticias\",\"potentialAction\":[{\"@type\":\"SearchAction\",\"target\":{\"@type\":\"EntryPoint\",\"urlTemplate\":\"https:\/\/infoecos.com.ar\/?s={search_term_string}\"},\"query-input\":{\"@type\":\"PropertyValueSpecification\",\"valueRequired\":true,\"valueName\":\"search_term_string\"}}],\"inLanguage\":\"es\"},{\"@type\":\"Organization\",\"@id\":\"https:\/\/infoecos.com.ar\/#organization\",\"name\":\"Infoecos\",\"alternateName\":\"Noticias\",\"url\":\"https:\/\/infoecos.com.ar\/\",\"logo\":{\"@type\":\"ImageObject\",\"inLanguage\":\"es\",\"@id\":\"https:\/\/infoecos.com.ar\/#\/schema\/logo\/image\/\",\"url\":\"https:\/\/infoecos.com.ar\/wp-content\/uploads\/2024\/03\/cropped-logo.png\",\"contentUrl\":\"https:\/\/infoecos.com.ar\/wp-content\/uploads\/2024\/03\/cropped-logo.png\",\"width\":374,\"height\":90,\"caption\":\"Infoecos\"},\"image\":{\"@id\":\"https:\/\/infoecos.com.ar\/#\/schema\/logo\/image\/\"},\"sameAs\":[\"https:\/\/www.facebook.com\/profile.php?id=100063200290284\",\"https:\/\/x.com\/infoecos\"]},{\"@type\":\"Person\",\"@id\":\"https:\/\/infoecos.com.ar\/#\/schema\/person\/8f5ace5ce73b4b4aac4b7245aee6f191\",\"name\":\"Jorge Matheus\",\"url\":\"https:\/\/infoecos.com.ar\/index.php\/author\/jomatheus\/\"}]}<\/script>\n<!-- \/ Yoast SEO plugin. -->","yoast_head_json":{"title":"El actual intendente de Salliquel\u00f3 se presentar\u00e1 a la reelecci\u00f3n, pero integrar\u00e1 la alianza de JxC - Infoecos","robots":{"index":"index","follow":"follow","max-snippet":"max-snippet:-1","max-image-preview":"max-image-preview:large","max-video-preview":"max-video-preview:-1"},"canonical":"https:\/\/infoecos.com.ar\/index.php\/el-actual-intendente-de-salliquelo-se-presentara-a-la-reeleccion-pero-integrara-la-alianza-de-jxc\/","og_locale":"es_ES","og_type":"article","og_title":"El actual intendente de Salliquel\u00f3 se presentar\u00e1 a la reelecci\u00f3n, pero integrar\u00e1 la alianza de JxC - Infoecos","og_description":"Los radicales del distrito dieron a conocer un documento en estas horas que tambi\u00e9n se publica en el reconocido sitio salliquelense que tiene mucho de encriptado","og_url":"https:\/\/infoecos.com.ar\/index.php\/el-actual-intendente-de-salliquelo-se-presentara-a-la-reeleccion-pero-integrara-la-alianza-de-jxc\/","og_site_name":"Infoecos","article_publisher":"https:\/\/www.facebook.com\/profile.php?id=100063200290284","article_published_time":"2023-06-16T01:50:37+00:00","article_modified_time":"2023-06-16T01:50:38+00:00","og_image":[{"width":368,"height":187,"url":"https:\/\/infoecos.com.ar\/wp-content\/uploads\/A-547nosetti2.jpg","type":"image\/jpeg"}],"author":"Jorge Matheus","twitter_card":"summary_large_image","twitter_creator":"@infoecos","twitter_site":"@infoecos","twitter_misc":{"Escrito por":"Jorge Matheus","Tiempo de lectura":"2 minutos"},"schema":{"@context":"https:\/\/schema.org","@graph":[{"@type":"Article","@id":"https:\/\/infoecos.com.ar\/index.php\/el-actual-intendente-de-salliquelo-se-presentara-a-la-reeleccion-pero-integrara-la-alianza-de-jxc\/#article","isPartOf":{"@id":"https:\/\/infoecos.com.ar\/index.php\/el-actual-intendente-de-salliquelo-se-presentara-a-la-reeleccion-pero-integrara-la-alianza-de-jxc\/"},"author":{"name":"Jorge Matheus","@id":"https:\/\/infoecos.com.ar\/#\/schema\/person\/8f5ace5ce73b4b4aac4b7245aee6f191"},"headline":"El actual intendente de Salliquel\u00f3 se presentar\u00e1 a la reelecci\u00f3n, pero integrar\u00e1 la alianza de JxC","datePublished":"2023-06-16T01:50:37+00:00","dateModified":"2023-06-16T01:50:38+00:00","mainEntityOfPage":{"@id":"https:\/\/infoecos.com.ar\/index.php\/el-actual-intendente-de-salliquelo-se-presentara-a-la-reeleccion-pero-integrara-la-alianza-de-jxc\/"},"wordCount":398,"publisher":{"@id":"https:\/\/infoecos.com.ar\/#organization"},"image":{"@id":"https:\/\/infoecos.com.ar\/index.php\/el-actual-intendente-de-salliquelo-se-presentara-a-la-reeleccion-pero-integrara-la-alianza-de-jxc\/#primaryimage"},"thumbnailUrl":"","keywords":["elecciones 2023"],"articleSection":["C3 N4"],"inLanguage":"es"},{"@type":"WebPage","@id":"https:\/\/infoecos.com.ar\/index.php\/el-actual-intendente-de-salliquelo-se-presentara-a-la-reeleccion-pero-integrara-la-alianza-de-jxc\/","url":"https:\/\/infoecos.com.ar\/index.php\/el-actual-intendente-de-salliquelo-se-presentara-a-la-reeleccion-pero-integrara-la-alianza-de-jxc\/","name":"El actual intendente de Salliquel\u00f3 se presentar\u00e1 a la reelecci\u00f3n, pero integrar\u00e1 la alianza de JxC - Infoecos","isPartOf":{"@id":"https:\/\/infoecos.com.ar\/#website"},"primaryImageOfPage":{"@id":"https:\/\/infoecos.com.ar\/index.php\/el-actual-intendente-de-salliquelo-se-presentara-a-la-reeleccion-pero-integrara-la-alianza-de-jxc\/#primaryimage"},"image":{"@id":"https:\/\/infoecos.com.ar\/index.php\/el-actual-intendente-de-salliquelo-se-presentara-a-la-reeleccion-pero-integrara-la-alianza-de-jxc\/#primaryimage"},"thumbnailUrl":"","datePublished":"2023-06-16T01:50:37+00:00","dateModified":"2023-06-16T01:50:38+00:00","breadcrumb":{"@id":"https:\/\/infoecos.com.ar\/index.php\/el-actual-intendente-de-salliquelo-se-presentara-a-la-reeleccion-pero-integrara-la-alianza-de-jxc\/#breadcrumb"},"inLanguage":"es","potentialAction":[{"@type":"ReadAction","target":["https:\/\/infoecos.com.ar\/index.php\/el-actual-intendente-de-salliquelo-se-presentara-a-la-reeleccion-pero-integrara-la-alianza-de-jxc\/"]}]},{"@type":"ImageObject","inLanguage":"es","@id":"https:\/\/infoecos.com.ar\/index.php\/el-actual-intendente-de-salliquelo-se-presentara-a-la-reeleccion-pero-integrara-la-alianza-de-jxc\/#primaryimage","url":"","contentUrl":""},{"@type":"BreadcrumbList","@id":"https:\/\/infoecos.com.ar\/index.php\/el-actual-intendente-de-salliquelo-se-presentara-a-la-reeleccion-pero-integrara-la-alianza-de-jxc\/#breadcrumb","itemListElement":[{"@type":"ListItem","position":1,"name":"Portada","item":"https:\/\/infoecos.com.ar\/"},{"@type":"ListItem","position":2,"name":"El actual intendente de Salliquel\u00f3 se presentar\u00e1 a la reelecci\u00f3n, pero integrar\u00e1 la alianza de JxC"}]},{"@type":"WebSite","@id":"https:\/\/infoecos.com.ar\/#website","url":"https:\/\/infoecos.com.ar\/","name":"Infoecos","description":"Noticias de trenque lauquen y la zona","publisher":{"@id":"https:\/\/infoecos.com.ar\/#organization"},"alternateName":"Noticias","potentialAction":[{"@type":"SearchAction","target":{"@type":"EntryPoint","urlTemplate":"https:\/\/infoecos.com.ar\/?s={search_term_string}"},"query-input":{"@type":"PropertyValueSpecification","valueRequired":true,"valueName":"search_term_string"}}],"inLanguage":"es"},{"@type":"Organization","@id":"https:\/\/infoecos.com.ar\/#organization","name":"Infoecos","alternateName":"Noticias","url":"https:\/\/infoecos.com.ar\/","logo":{"@type":"ImageObject","inLanguage":"es","@id":"https:\/\/infoecos.com.ar\/#\/schema\/logo\/image\/","url":"https:\/\/infoecos.com.ar\/wp-content\/uploads\/2024\/03\/cropped-logo.png","contentUrl":"https:\/\/infoecos.com.ar\/wp-content\/uploads\/2024\/03\/cropped-logo.png","width":374,"height":90,"caption":"Infoecos"},"image":{"@id":"https:\/\/infoecos.com.ar\/#\/schema\/logo\/image\/"},"sameAs":["https:\/\/www.facebook.com\/profile.php?id=100063200290284","https:\/\/x.com\/infoecos"]},{"@type":"Person","@id":"https:\/\/infoecos.com.ar\/#\/schema\/person\/8f5ace5ce73b4b4aac4b7245aee6f191","name":"Jorge Matheus","url":"https:\/\/infoecos.com.ar\/index.php\/author\/jomatheus\/"}]}},"featured_image_urls":{"full":"","thumbnail":"","medium":"","medium_large":"","large":"","1536x1536":"","2048x2048":"","covernews-slider-full":"","covernews-slider-center":"","covernews-featured":"","covernews-medium":"","covernews-medium-square":""},"author_info":{"info":["Jorge Matheus"]},"category_info":"<a href=\"https:\/\/infoecos.com.ar\/index.php\/category\/c3nota4\/\" rel=\"category tag\">C3 N4<\/a>","tag_info":"C3 N4","comment_count":"0","_links":{"self":[{"href":"https:\/\/infoecos.com.ar\/index.php\/wp-json\/wp\/v2\/posts\/106077"}],"collection":[{"href":"https:\/\/infoecos.com.ar\/index.php\/wp-json\/wp\/v2\/posts"}],"about":[{"href":"https:\/\/infoecos.com.ar\/index.php\/wp-json\/wp\/v2\/types\/post"}],"author":[{"embeddable":true,"href":"https:\/\/infoecos.com.ar\/index.php\/wp-json\/wp\/v2\/users\/2"}],"replies":[{"embeddable":true,"href":"https:\/\/infoecos.com.ar\/index.php\/wp-json\/wp\/v2\/comments?post=106077"}],"version-history":[{"count":1,"href":"https:\/\/infoecos.com.ar\/index.php\/wp-json\/wp\/v2\/posts\/106077\/revisions"}],"predecessor-version":[{"id":106078,"href":"https:\/\/infoecos.com.ar\/index.php\/wp-json\/wp\/v2\/posts\/106077\/revisions\/106078"}],"wp:featuredmedia":[{"embeddable":true,"href":"https:\/\/infoecos.com.ar\/index.php\/wp-json\/"}],"wp:attachment":[{"href":"https:\/\/infoecos.com.ar\/index.php\/wp-json\/wp\/v2\/media?parent=106077"}],"wp:term":[{"taxonomy":"category","embeddable":true,"href":"https:\/\/infoecos.com.ar\/index.php\/wp-json\/wp\/v2\/categories?post=106077"},{"taxonomy":"post_tag","embeddable":true,"href":"https:\/\/infoecos.com.ar\/index.php\/wp-json\/wp\/v2\/tags?post=106077"}],"curies":[{"name":"wp","href":"https:\/\/api.w.org\/{rel}","templated":true}]}}