{"id":106098,"date":"2023-06-16T00:06:19","date_gmt":"2023-06-16T03:06:19","guid":{"rendered":"https:\/\/infoecos.com.ar\/?p=106098"},"modified":"2023-06-17T01:06:15","modified_gmt":"2023-06-17T04:06:15","slug":"recambio-de-canerias-en-el-bajo-de-sangla","status":"publish","type":"post","link":"https:\/\/infoecos.com.ar\/index.php\/recambio-de-canerias-en-el-bajo-de-sangla\/","title":{"rendered":"Recambio de ca\u00f1er\u00edas en el Bajo de Sangla"},"content":{"rendered":"\n<p>Con personal de V\u00edas de Ferro Expreso Pampeano, materiales aportados por la Direcci\u00f3n de Hidr\u00e1ulica bonaerense y m\u00e1quinas y personal de la municipalidad de Trenque Lauquen se est\u00e1 llevando a cabo el recambio de ca\u00f1er\u00edas en el sector conocido como el Bajo de Sangla, que se encontraba muy deteriorado.<\/p>\n\n\n\n<figure class=\"wp-block-image aligncenter size-full is-resized\"><img loading=\"lazy\" decoding=\"async\" src=\"https:\/\/infoecos.com.ar\/wp-content\/uploads\/2023\/06\/Obra-en-el-Bajo-de-Sangla-4.jpeg\" alt=\"\" class=\"wp-image-106099\" width=\"398\" height=\"299\" srcset=\"https:\/\/infoecos.com.ar\/wp-content\/uploads\/2023\/06\/Obra-en-el-Bajo-de-Sangla-4.jpeg 1288w, https:\/\/infoecos.com.ar\/wp-content\/uploads\/2023\/06\/Obra-en-el-Bajo-de-Sangla-4-800x600.jpeg 800w, https:\/\/infoecos.com.ar\/wp-content\/uploads\/2023\/06\/Obra-en-el-Bajo-de-Sangla-4-768x576.jpeg 768w, https:\/\/infoecos.com.ar\/wp-content\/uploads\/2023\/06\/Obra-en-el-Bajo-de-Sangla-4-1024x768.jpeg 1024w\" sizes=\"(max-width: 398px) 100vw, 398px\" \/><\/figure>\n\n\n\n<p>Los trabajos comenzaron el lunes pasado y est\u00e1 previsto culminarlos en estas horas.<\/p>\n\n\n\n<p>La obra es de vital importancia para el sector y todo el distrito, ya que mejora el escurrimiento de agua desde Cuero de Zorro hacia el Hinojo Las Tunas. Tambi\u00e9n responde a un pedido de los productores agropecuarios de la zona teniendo en cuenta que los ca\u00f1os estaban obsoletos.<\/p>\n\n\n\n<p><strong>Fuente: Direcci\u00f3n de prensa de la municipalidad de Trenque Lauquen<\/strong><\/p>\n","protected":false},"excerpt":{"rendered":"<p>La obra es de vital importancia para el sector y todo el distrito, ya que mejora el escurrimiento de agua desde Cuero de Zorro hacia el Hinojo Las Tunas<\/p>\n","protected":false},"author":2,"featured_media":106100,"comment_status":"closed","ping_status":"open","sticky":false,"template":"","format":"standard","meta":{"footnotes":""},"categories":[1341],"tags":[5],"class_list":["post-106098","post","type-post","status-publish","format-standard","has-post-thumbnail","hentry","category-c1nota7","tag-trenque-lauquen"],"yoast_head":"<!-- This site is optimized with the Yoast SEO plugin v23.4 - https:\/\/yoast.com\/wordpress\/plugins\/seo\/ -->\n<title>Recambio de ca\u00f1er\u00edas en el Bajo de Sangla - Infoecos<\/title>\n<meta name=\"robots\" content=\"index, follow, max-snippet:-1, max-image-preview:large, max-video-preview:-1\" \/>\n<link rel=\"canonical\" href=\"https:\/\/infoecos.com.ar\/index.php\/recambio-de-canerias-en-el-bajo-de-sangla\/\" \/>\n<meta property=\"og:locale\" content=\"es_ES\" \/>\n<meta property=\"og:type\" content=\"article\" \/>\n<meta property=\"og:title\" content=\"Recambio de ca\u00f1er\u00edas en el Bajo de Sangla - Infoecos\" \/>\n<meta property=\"og:description\" content=\"La obra es de vital importancia para el sector y todo el distrito, ya que mejora el escurrimiento de agua desde Cuero de Zorro hacia el Hinojo Las Tunas\" \/>\n<meta property=\"og:url\" content=\"https:\/\/infoecos.com.ar\/index.php\/recambio-de-canerias-en-el-bajo-de-sangla\/\" \/>\n<meta property=\"og:site_name\" content=\"Infoecos\" \/>\n<meta property=\"article:publisher\" content=\"https:\/\/www.facebook.com\/profile.php?id=100063200290284\" \/>\n<meta property=\"article:published_time\" content=\"2023-06-16T03:06:19+00:00\" \/>\n<meta property=\"article:modified_time\" content=\"2023-06-17T04:06:15+00:00\" \/>\n<meta property=\"og:image\" content=\"https:\/\/infoecos.com.ar\/wp-content\/uploads\/2023\/06\/Obra-en-el-Bajo-de-Sangla-2.jpeg\" \/>\n\t<meta property=\"og:image:width\" content=\"1600\" \/>\n\t<meta property=\"og:image:height\" content=\"1200\" \/>\n\t<meta property=\"og:image:type\" content=\"image\/jpeg\" \/>\n<meta name=\"author\" content=\"Jorge Matheus\" \/>\n<meta name=\"twitter:card\" content=\"summary_large_image\" \/>\n<meta name=\"twitter:creator\" content=\"@infoecos\" \/>\n<meta name=\"twitter:site\" content=\"@infoecos\" \/>\n<meta name=\"twitter:label1\" content=\"Escrito por\" \/>\n\t<meta name=\"twitter:data1\" content=\"Jorge Matheus\" \/>\n\t<meta name=\"twitter:label2\" content=\"Tiempo de lectura\" \/>\n\t<meta name=\"twitter:data2\" content=\"1 minuto\" \/>\n<script type=\"application\/ld+json\" class=\"yoast-schema-graph\">{\"@context\":\"https:\/\/schema.org\",\"@graph\":[{\"@type\":\"Article\",\"@id\":\"https:\/\/infoecos.com.ar\/index.php\/recambio-de-canerias-en-el-bajo-de-sangla\/#article\",\"isPartOf\":{\"@id\":\"https:\/\/infoecos.com.ar\/index.php\/recambio-de-canerias-en-el-bajo-de-sangla\/\"},\"author\":{\"name\":\"Jorge Matheus\",\"@id\":\"https:\/\/infoecos.com.ar\/#\/schema\/person\/8f5ace5ce73b4b4aac4b7245aee6f191\"},\"headline\":\"Recambio de ca\u00f1er\u00edas en el Bajo de Sangla\",\"datePublished\":\"2023-06-16T03:06:19+00:00\",\"dateModified\":\"2023-06-17T04:06:15+00:00\",\"mainEntityOfPage\":{\"@id\":\"https:\/\/infoecos.com.ar\/index.php\/recambio-de-canerias-en-el-bajo-de-sangla\/\"},\"wordCount\":140,\"publisher\":{\"@id\":\"https:\/\/infoecos.com.ar\/#organization\"},\"image\":{\"@id\":\"https:\/\/infoecos.com.ar\/index.php\/recambio-de-canerias-en-el-bajo-de-sangla\/#primaryimage\"},\"thumbnailUrl\":\"https:\/\/infoecos.com.ar\/wp-content\/uploads\/2023\/06\/Obra-en-el-Bajo-de-Sangla-2.jpeg\",\"keywords\":[\"Trenque Lauquen\"],\"articleSection\":[\"C1 nota 7\"],\"inLanguage\":\"es\"},{\"@type\":\"WebPage\",\"@id\":\"https:\/\/infoecos.com.ar\/index.php\/recambio-de-canerias-en-el-bajo-de-sangla\/\",\"url\":\"https:\/\/infoecos.com.ar\/index.php\/recambio-de-canerias-en-el-bajo-de-sangla\/\",\"name\":\"Recambio de ca\u00f1er\u00edas en el Bajo de Sangla - Infoecos\",\"isPartOf\":{\"@id\":\"https:\/\/infoecos.com.ar\/#website\"},\"primaryImageOfPage\":{\"@id\":\"https:\/\/infoecos.com.ar\/index.php\/recambio-de-canerias-en-el-bajo-de-sangla\/#primaryimage\"},\"image\":{\"@id\":\"https:\/\/infoecos.com.ar\/index.php\/recambio-de-canerias-en-el-bajo-de-sangla\/#primaryimage\"},\"thumbnailUrl\":\"https:\/\/infoecos.com.ar\/wp-content\/uploads\/2023\/06\/Obra-en-el-Bajo-de-Sangla-2.jpeg\",\"datePublished\":\"2023-06-16T03:06:19+00:00\",\"dateModified\":\"2023-06-17T04:06:15+00:00\",\"breadcrumb\":{\"@id\":\"https:\/\/infoecos.com.ar\/index.php\/recambio-de-canerias-en-el-bajo-de-sangla\/#breadcrumb\"},\"inLanguage\":\"es\",\"potentialAction\":[{\"@type\":\"ReadAction\",\"target\":[\"https:\/\/infoecos.com.ar\/index.php\/recambio-de-canerias-en-el-bajo-de-sangla\/\"]}]},{\"@type\":\"ImageObject\",\"inLanguage\":\"es\",\"@id\":\"https:\/\/infoecos.com.ar\/index.php\/recambio-de-canerias-en-el-bajo-de-sangla\/#primaryimage\",\"url\":\"https:\/\/infoecos.com.ar\/wp-content\/uploads\/2023\/06\/Obra-en-el-Bajo-de-Sangla-2.jpeg\",\"contentUrl\":\"https:\/\/infoecos.com.ar\/wp-content\/uploads\/2023\/06\/Obra-en-el-Bajo-de-Sangla-2.jpeg\",\"width\":1600,\"height\":1200},{\"@type\":\"BreadcrumbList\",\"@id\":\"https:\/\/infoecos.com.ar\/index.php\/recambio-de-canerias-en-el-bajo-de-sangla\/#breadcrumb\",\"itemListElement\":[{\"@type\":\"ListItem\",\"position\":1,\"name\":\"Portada\",\"item\":\"https:\/\/infoecos.com.ar\/\"},{\"@type\":\"ListItem\",\"position\":2,\"name\":\"Recambio de ca\u00f1er\u00edas en el Bajo de Sangla\"}]},{\"@type\":\"WebSite\",\"@id\":\"https:\/\/infoecos.com.ar\/#website\",\"url\":\"https:\/\/infoecos.com.ar\/\",\"name\":\"Infoecos\",\"description\":\"Noticias de trenque lauquen y la zona\",\"publisher\":{\"@id\":\"https:\/\/infoecos.com.ar\/#organization\"},\"alternateName\":\"Noticias\",\"potentialAction\":[{\"@type\":\"SearchAction\",\"target\":{\"@type\":\"EntryPoint\",\"urlTemplate\":\"https:\/\/infoecos.com.ar\/?s={search_term_string}\"},\"query-input\":{\"@type\":\"PropertyValueSpecification\",\"valueRequired\":true,\"valueName\":\"search_term_string\"}}],\"inLanguage\":\"es\"},{\"@type\":\"Organization\",\"@id\":\"https:\/\/infoecos.com.ar\/#organization\",\"name\":\"Infoecos\",\"alternateName\":\"Noticias\",\"url\":\"https:\/\/infoecos.com.ar\/\",\"logo\":{\"@type\":\"ImageObject\",\"inLanguage\":\"es\",\"@id\":\"https:\/\/infoecos.com.ar\/#\/schema\/logo\/image\/\",\"url\":\"https:\/\/infoecos.com.ar\/wp-content\/uploads\/2024\/03\/cropped-logo.png\",\"contentUrl\":\"https:\/\/infoecos.com.ar\/wp-content\/uploads\/2024\/03\/cropped-logo.png\",\"width\":374,\"height\":90,\"caption\":\"Infoecos\"},\"image\":{\"@id\":\"https:\/\/infoecos.com.ar\/#\/schema\/logo\/image\/\"},\"sameAs\":[\"https:\/\/www.facebook.com\/profile.php?id=100063200290284\",\"https:\/\/x.com\/infoecos\"]},{\"@type\":\"Person\",\"@id\":\"https:\/\/infoecos.com.ar\/#\/schema\/person\/8f5ace5ce73b4b4aac4b7245aee6f191\",\"name\":\"Jorge Matheus\",\"url\":\"https:\/\/infoecos.com.ar\/index.php\/author\/jomatheus\/\"}]}<\/script>\n<!-- \/ Yoast SEO plugin. -->","yoast_head_json":{"title":"Recambio de ca\u00f1er\u00edas en el Bajo de Sangla - Infoecos","robots":{"index":"index","follow":"follow","max-snippet":"max-snippet:-1","max-image-preview":"max-image-preview:large","max-video-preview":"max-video-preview:-1"},"canonical":"https:\/\/infoecos.com.ar\/index.php\/recambio-de-canerias-en-el-bajo-de-sangla\/","og_locale":"es_ES","og_type":"article","og_title":"Recambio de ca\u00f1er\u00edas en el Bajo de Sangla - Infoecos","og_description":"La obra es de vital importancia para el sector y todo el distrito, ya que mejora el escurrimiento de agua desde Cuero de Zorro hacia el Hinojo Las Tunas","og_url":"https:\/\/infoecos.com.ar\/index.php\/recambio-de-canerias-en-el-bajo-de-sangla\/","og_site_name":"Infoecos","article_publisher":"https:\/\/www.facebook.com\/profile.php?id=100063200290284","article_published_time":"2023-06-16T03:06:19+00:00","article_modified_time":"2023-06-17T04:06:15+00:00","og_image":[{"width":1600,"height":1200,"url":"https:\/\/infoecos.com.ar\/wp-content\/uploads\/2023\/06\/Obra-en-el-Bajo-de-Sangla-2.jpeg","type":"image\/jpeg"}],"author":"Jorge Matheus","twitter_card":"summary_large_image","twitter_creator":"@infoecos","twitter_site":"@infoecos","twitter_misc":{"Escrito por":"Jorge Matheus","Tiempo de lectura":"1 minuto"},"schema":{"@context":"https:\/\/schema.org","@graph":[{"@type":"Article","@id":"https:\/\/infoecos.com.ar\/index.php\/recambio-de-canerias-en-el-bajo-de-sangla\/#article","isPartOf":{"@id":"https:\/\/infoecos.com.ar\/index.php\/recambio-de-canerias-en-el-bajo-de-sangla\/"},"author":{"name":"Jorge Matheus","@id":"https:\/\/infoecos.com.ar\/#\/schema\/person\/8f5ace5ce73b4b4aac4b7245aee6f191"},"headline":"Recambio de ca\u00f1er\u00edas en el Bajo de Sangla","datePublished":"2023-06-16T03:06:19+00:00","dateModified":"2023-06-17T04:06:15+00:00","mainEntityOfPage":{"@id":"https:\/\/infoecos.com.ar\/index.php\/recambio-de-canerias-en-el-bajo-de-sangla\/"},"wordCount":140,"publisher":{"@id":"https:\/\/infoecos.com.ar\/#organization"},"image":{"@id":"https:\/\/infoecos.com.ar\/index.php\/recambio-de-canerias-en-el-bajo-de-sangla\/#primaryimage"},"thumbnailUrl":"https:\/\/infoecos.com.ar\/wp-content\/uploads\/2023\/06\/Obra-en-el-Bajo-de-Sangla-2.jpeg","keywords":["Trenque Lauquen"],"articleSection":["C1 nota 7"],"inLanguage":"es"},{"@type":"WebPage","@id":"https:\/\/infoecos.com.ar\/index.php\/recambio-de-canerias-en-el-bajo-de-sangla\/","url":"https:\/\/infoecos.com.ar\/index.php\/recambio-de-canerias-en-el-bajo-de-sangla\/","name":"Recambio de ca\u00f1er\u00edas en el Bajo de Sangla - Infoecos","isPartOf":{"@id":"https:\/\/infoecos.com.ar\/#website"},"primaryImageOfPage":{"@id":"https:\/\/infoecos.com.ar\/index.php\/recambio-de-canerias-en-el-bajo-de-sangla\/#primaryimage"},"image":{"@id":"https:\/\/infoecos.com.ar\/index.php\/recambio-de-canerias-en-el-bajo-de-sangla\/#primaryimage"},"thumbnailUrl":"https:\/\/infoecos.com.ar\/wp-content\/uploads\/2023\/06\/Obra-en-el-Bajo-de-Sangla-2.jpeg","datePublished":"2023-06-16T03:06:19+00:00","dateModified":"2023-06-17T04:06:15+00:00","breadcrumb":{"@id":"https:\/\/infoecos.com.ar\/index.php\/recambio-de-canerias-en-el-bajo-de-sangla\/#breadcrumb"},"inLanguage":"es","potentialAction":[{"@type":"ReadAction","target":["https:\/\/infoecos.com.ar\/index.php\/recambio-de-canerias-en-el-bajo-de-sangla\/"]}]},{"@type":"ImageObject","inLanguage":"es","@id":"https:\/\/infoecos.com.ar\/index.php\/recambio-de-canerias-en-el-bajo-de-sangla\/#primaryimage","url":"https:\/\/infoecos.com.ar\/wp-content\/uploads\/2023\/06\/Obra-en-el-Bajo-de-Sangla-2.jpeg","contentUrl":"https:\/\/infoecos.com.ar\/wp-content\/uploads\/2023\/06\/Obra-en-el-Bajo-de-Sangla-2.jpeg","width":1600,"height":1200},{"@type":"BreadcrumbList","@id":"https:\/\/infoecos.com.ar\/index.php\/recambio-de-canerias-en-el-bajo-de-sangla\/#breadcrumb","itemListElement":[{"@type":"ListItem","position":1,"name":"Portada","item":"https:\/\/infoecos.com.ar\/"},{"@type":"ListItem","position":2,"name":"Recambio de ca\u00f1er\u00edas en el Bajo de Sangla"}]},{"@type":"WebSite","@id":"https:\/\/infoecos.com.ar\/#website","url":"https:\/\/infoecos.com.ar\/","name":"Infoecos","description":"Noticias de trenque lauquen y la zona","publisher":{"@id":"https:\/\/infoecos.com.ar\/#organization"},"alternateName":"Noticias","potentialAction":[{"@type":"SearchAction","target":{"@type":"EntryPoint","urlTemplate":"https:\/\/infoecos.com.ar\/?s={search_term_string}"},"query-input":{"@type":"PropertyValueSpecification","valueRequired":true,"valueName":"search_term_string"}}],"inLanguage":"es"},{"@type":"Organization","@id":"https:\/\/infoecos.com.ar\/#organization","name":"Infoecos","alternateName":"Noticias","url":"https:\/\/infoecos.com.ar\/","logo":{"@type":"ImageObject","inLanguage":"es","@id":"https:\/\/infoecos.com.ar\/#\/schema\/logo\/image\/","url":"https:\/\/infoecos.com.ar\/wp-content\/uploads\/2024\/03\/cropped-logo.png","contentUrl":"https:\/\/infoecos.com.ar\/wp-content\/uploads\/2024\/03\/cropped-logo.png","width":374,"height":90,"caption":"Infoecos"},"image":{"@id":"https:\/\/infoecos.com.ar\/#\/schema\/logo\/image\/"},"sameAs":["https:\/\/www.facebook.com\/profile.php?id=100063200290284","https:\/\/x.com\/infoecos"]},{"@type":"Person","@id":"https:\/\/infoecos.com.ar\/#\/schema\/person\/8f5ace5ce73b4b4aac4b7245aee6f191","name":"Jorge Matheus","url":"https:\/\/infoecos.com.ar\/index.php\/author\/jomatheus\/"}]}},"featured_image_urls":{"full":["https:\/\/infoecos.com.ar\/wp-content\/uploads\/2023\/06\/Obra-en-el-Bajo-de-Sangla-2.jpeg",1600,1200,false],"thumbnail":["https:\/\/infoecos.com.ar\/wp-content\/uploads\/2023\/06\/Obra-en-el-Bajo-de-Sangla-2-300x150.jpeg",300,150,true],"medium":["https:\/\/infoecos.com.ar\/wp-content\/uploads\/2023\/06\/Obra-en-el-Bajo-de-Sangla-2-800x600.jpeg",800,600,true],"medium_large":["https:\/\/infoecos.com.ar\/wp-content\/uploads\/2023\/06\/Obra-en-el-Bajo-de-Sangla-2-768x576.jpeg",640,480,true],"large":["https:\/\/infoecos.com.ar\/wp-content\/uploads\/2023\/06\/Obra-en-el-Bajo-de-Sangla-2.jpeg",640,480,false],"1536x1536":["https:\/\/infoecos.com.ar\/wp-content\/uploads\/2023\/06\/Obra-en-el-Bajo-de-Sangla-2-1536x1152.jpeg",1536,1152,true],"2048x2048":["https:\/\/infoecos.com.ar\/wp-content\/uploads\/2023\/06\/Obra-en-el-Bajo-de-Sangla-2.jpeg",1600,1200,false],"covernews-slider-full":["https:\/\/infoecos.com.ar\/wp-content\/uploads\/2023\/06\/Obra-en-el-Bajo-de-Sangla-2-1536x1020.jpeg",1077,715,true],"covernews-slider-center":["https:\/\/infoecos.com.ar\/wp-content\/uploads\/2023\/06\/Obra-en-el-Bajo-de-Sangla-2-936x897.jpeg",522,500,true],"covernews-featured":["https:\/\/infoecos.com.ar\/wp-content\/uploads\/2023\/06\/Obra-en-el-Bajo-de-Sangla-2-1024x768.jpeg",1024,768,true],"covernews-medium":["https:\/\/infoecos.com.ar\/wp-content\/uploads\/2023\/06\/Obra-en-el-Bajo-de-Sangla-2-720x380.jpeg",540,285,true],"covernews-medium-square":["https:\/\/infoecos.com.ar\/wp-content\/uploads\/2023\/06\/Obra-en-el-Bajo-de-Sangla-2-675x450.jpeg",375,250,true]},"author_info":{"info":["Jorge Matheus"]},"category_info":"<a href=\"https:\/\/infoecos.com.ar\/index.php\/category\/c1nota7\/\" rel=\"category tag\">C1 nota 7<\/a>","tag_info":"C1 nota 7","comment_count":"0","_links":{"self":[{"href":"https:\/\/infoecos.com.ar\/index.php\/wp-json\/wp\/v2\/posts\/106098"}],"collection":[{"href":"https:\/\/infoecos.com.ar\/index.php\/wp-json\/wp\/v2\/posts"}],"about":[{"href":"https:\/\/infoecos.com.ar\/index.php\/wp-json\/wp\/v2\/types\/post"}],"author":[{"embeddable":true,"href":"https:\/\/infoecos.com.ar\/index.php\/wp-json\/wp\/v2\/users\/2"}],"replies":[{"embeddable":true,"href":"https:\/\/infoecos.com.ar\/index.php\/wp-json\/wp\/v2\/comments?post=106098"}],"version-history":[{"count":1,"href":"https:\/\/infoecos.com.ar\/index.php\/wp-json\/wp\/v2\/posts\/106098\/revisions"}],"predecessor-version":[{"id":106101,"href":"https:\/\/infoecos.com.ar\/index.php\/wp-json\/wp\/v2\/posts\/106098\/revisions\/106101"}],"wp:featuredmedia":[{"embeddable":true,"href":"https:\/\/infoecos.com.ar\/index.php\/wp-json\/wp\/v2\/media\/106100"}],"wp:attachment":[{"href":"https:\/\/infoecos.com.ar\/index.php\/wp-json\/wp\/v2\/media?parent=106098"}],"wp:term":[{"taxonomy":"category","embeddable":true,"href":"https:\/\/infoecos.com.ar\/index.php\/wp-json\/wp\/v2\/categories?post=106098"},{"taxonomy":"post_tag","embeddable":true,"href":"https:\/\/infoecos.com.ar\/index.php\/wp-json\/wp\/v2\/tags?post=106098"}],"curies":[{"name":"wp","href":"https:\/\/api.w.org\/{rel}","templated":true}]}}