{"id":106262,"date":"2023-06-22T19:09:58","date_gmt":"2023-06-22T22:09:58","guid":{"rendered":"https:\/\/infoecos.com.ar\/?p=106262"},"modified":"2023-06-24T17:32:22","modified_gmt":"2023-06-24T20:32:22","slug":"la-vida-nos-suele-cagar-a-trompadas","status":"publish","type":"post","link":"https:\/\/infoecos.com.ar\/index.php\/la-vida-nos-suele-cagar-a-trompadas\/","title":{"rendered":"La Vida nos suele cagar a trompadas&#8230;"},"content":{"rendered":"\n<p><strong>Publicado en Facebook e Instagram: Jorge Matheus y @tatomatheus<\/strong><\/p>\n\n\n\n<p>La Vida nos suele cagar a trompadas, cuando salimos a transitar las calles y rutas de nuestros Pueblos.<\/p>\n\n\n\n<p>Un grave accidente en esta vergonzosa Ruta Nacional n\u00famero 5, en la mayor\u00eda de sus tramos, que se lleva a una vecina de Trenque Lauquen, es posible debilite lo que aqu\u00ed exponga, pero lo promet\u00ed y lo hago a manera de t\u00edtulos.<\/p>\n\n\n\n<p>Estoy convencido que todas\/as que siguen esta cuenta son criteriosos, inteligentes, capaces de entender sin entrar en demasiados detalles.<\/p>\n\n\n\n<p>La <a><\/a>ciudad y toda su zona de rutas perimetrales padecen un verdadero flagelo que no alcanzamos a dimensionar, porque nos quedamos con el accidente y nos agarramos un rato la cabeza, y hasta nos olvidamos con la r\u00e1pidez de un rayo.<\/p>\n\n\n\n<p>La cantidad de accidentes que se producen a diario, constituyen uno de los problemas m\u00e1s serios que atravesamos en lo social, sanitario, econ\u00f3mico, institucional.<\/p>\n\n\n\n<p>En lo <a href=\"https:\/\/www.facebook.com\/hashtag\/social?__eep__=6&amp;__cft__[0]=AZXMBhulMuliSJ0GqLvxH8S2foNx2-SfpGBEslzrY8OkvZEEx_3PMuzDOe2A7HNRYP8OFLJJq6V3T7l_BI_j4duuv7DrhkS1w7jv8wPdisN-SOE8xk6h5ccIfGBNKrpPkIVI6KHl8BnfVtnXyKrmQViN&amp;__tn__=*NK-R\">#Social<\/a> y <a href=\"https:\/\/www.facebook.com\/hashtag\/emocional?__eep__=6&amp;__cft__[0]=AZXMBhulMuliSJ0GqLvxH8S2foNx2-SfpGBEslzrY8OkvZEEx_3PMuzDOe2A7HNRYP8OFLJJq6V3T7l_BI_j4duuv7DrhkS1w7jv8wPdisN-SOE8xk6h5ccIfGBNKrpPkIVI6KHl8BnfVtnXyKrmQViN&amp;__tn__=*NK-R\">#Emocional<\/a>, familias que quedan lastimadas de por vida. Heridas graves que obligan a su atenci\u00f3n m\u00e9dica de urgencia y con resultados imprevisibles.<\/p>\n\n\n\n<p>En lo <a href=\"https:\/\/www.facebook.com\/hashtag\/sanitario?__eep__=6&amp;__cft__[0]=AZXMBhulMuliSJ0GqLvxH8S2foNx2-SfpGBEslzrY8OkvZEEx_3PMuzDOe2A7HNRYP8OFLJJq6V3T7l_BI_j4duuv7DrhkS1w7jv8wPdisN-SOE8xk6h5ccIfGBNKrpPkIVI6KHl8BnfVtnXyKrmQViN&amp;__tn__=*NK-R\">#Sanitario<\/a> una carga impresionante para el principal efector de salud de la ciudad: el Hospital Municipal. No colapsa, algunos d\u00edas, porque m\u00e1s all\u00e1 de lo que se pueda se\u00f1alar sobre su funcionamiento, las prestaciones son cercanas a lo excelente.<\/p>\n\n\n\n<p>En lo <a href=\"https:\/\/www.facebook.com\/hashtag\/econ%C3%B3mico?__eep__=6&amp;__cft__[0]=AZXMBhulMuliSJ0GqLvxH8S2foNx2-SfpGBEslzrY8OkvZEEx_3PMuzDOe2A7HNRYP8OFLJJq6V3T7l_BI_j4duuv7DrhkS1w7jv8wPdisN-SOE8xk6h5ccIfGBNKrpPkIVI6KHl8BnfVtnXyKrmQViN&amp;__tn__=*NK-R\">#Econ\u00f3mico<\/a> un costo nunca estimado por quienes sufren las consecuencias del accidente. Nadie imagina, seguro, cuando sale todas las ma\u00f1anas que puede entrar al servicio de guardia o llegar a su casa con los pies para adelante (disculpen por la falta de ortodoxia).<\/p>\n\n\n\n<p>Lo mismo para el <a href=\"https:\/\/www.facebook.com\/hashtag\/presupuestomunicipal?__eep__=6&amp;__cft__[0]=AZXMBhulMuliSJ0GqLvxH8S2foNx2-SfpGBEslzrY8OkvZEEx_3PMuzDOe2A7HNRYP8OFLJJq6V3T7l_BI_j4duuv7DrhkS1w7jv8wPdisN-SOE8xk6h5ccIfGBNKrpPkIVI6KHl8BnfVtnXyKrmQViN&amp;__tn__=*NK-R\">#PresupuestoMunicipal<\/a><a href=\"https:\/\/www.facebook.com\/hashtag\/bomberosvoluntarios?__eep__=6&amp;__cft__[0]=AZXMBhulMuliSJ0GqLvxH8S2foNx2-SfpGBEslzrY8OkvZEEx_3PMuzDOe2A7HNRYP8OFLJJq6V3T7l_BI_j4duuv7DrhkS1w7jv8wPdisN-SOE8xk6h5ccIfGBNKrpPkIVI6KHl8BnfVtnXyKrmQViN&amp;__tn__=*NK-R\">#BomberosVoluntarios<\/a><a href=\"https:\/\/www.facebook.com\/hashtag\/m%C3%A9dicos?__eep__=6&amp;__cft__[0]=AZXMBhulMuliSJ0GqLvxH8S2foNx2-SfpGBEslzrY8OkvZEEx_3PMuzDOe2A7HNRYP8OFLJJq6V3T7l_BI_j4duuv7DrhkS1w7jv8wPdisN-SOE8xk6h5ccIfGBNKrpPkIVI6KHl8BnfVtnXyKrmQViN&amp;__tn__=*NK-R\">#M\u00e9dicos<\/a><a href=\"https:\/\/www.facebook.com\/hashtag\/personalparam%C3%A9dico?__eep__=6&amp;__cft__[0]=AZXMBhulMuliSJ0GqLvxH8S2foNx2-SfpGBEslzrY8OkvZEEx_3PMuzDOe2A7HNRYP8OFLJJq6V3T7l_BI_j4duuv7DrhkS1w7jv8wPdisN-SOE8xk6h5ccIfGBNKrpPkIVI6KHl8BnfVtnXyKrmQViN&amp;__tn__=*NK-R\">#Personalparam\u00e9dico<\/a><a href=\"https:\/\/www.facebook.com\/hashtag\/polic%C3%ADadelaprovincia?__eep__=6&amp;__cft__[0]=AZXMBhulMuliSJ0GqLvxH8S2foNx2-SfpGBEslzrY8OkvZEEx_3PMuzDOe2A7HNRYP8OFLJJq6V3T7l_BI_j4duuv7DrhkS1w7jv8wPdisN-SOE8xk6h5ccIfGBNKrpPkIVI6KHl8BnfVtnXyKrmQViN&amp;__tn__=*NK-R\">#Polic\u00edadelaprovincia<\/a><a href=\"https:\/\/www.facebook.com\/hashtag\/colaboradoresfrentealaemergencia?__eep__=6&amp;__cft__[0]=AZXMBhulMuliSJ0GqLvxH8S2foNx2-SfpGBEslzrY8OkvZEEx_3PMuzDOe2A7HNRYP8OFLJJq6V3T7l_BI_j4duuv7DrhkS1w7jv8wPdisN-SOE8xk6h5ccIfGBNKrpPkIVI6KHl8BnfVtnXyKrmQViN&amp;__tn__=*NK-R\">#Colaboradoresfrentealaemergencia<\/a>.<\/p>\n\n\n\n<p>El Ejecutivo y los Concejales, despu\u00e9s que se pase la borrachera electoral que es necesaria para vivir en Democracia, tendr\u00edan que declarar una especie de Estado de Emergencia \u00f3 Tragedia VIAL, como se le quiera llamar.<\/p>\n\n\n\n<p>Es una cuesti\u00f3n que hay que discutir, si o si.<\/p>\n\n\n\n<p>No naturalizemos la muerte y accidentes.<\/p>\n","protected":false},"excerpt":{"rendered":"<p>Publicado en Facebook e Instagram: Jorge Matheus y @tatomatheus La Vida nos suele cagar a&#8230;<\/p>\n","protected":false},"author":2,"featured_media":84000,"comment_status":"closed","ping_status":"open","sticky":false,"template":"","format":"standard","meta":{"footnotes":""},"categories":[1341],"tags":[7004],"class_list":["post-106262","post","type-post","status-publish","format-standard","has-post-thumbnail","hentry","category-c1nota7","tag-escribe-jorge-matheus-2"],"yoast_head":"<!-- This site is optimized with the Yoast SEO plugin v23.4 - https:\/\/yoast.com\/wordpress\/plugins\/seo\/ -->\n<title>La Vida nos suele cagar a trompadas... - Infoecos<\/title>\n<meta name=\"robots\" content=\"index, follow, max-snippet:-1, max-image-preview:large, max-video-preview:-1\" \/>\n<link rel=\"canonical\" href=\"https:\/\/infoecos.com.ar\/index.php\/la-vida-nos-suele-cagar-a-trompadas\/\" \/>\n<meta property=\"og:locale\" content=\"es_ES\" \/>\n<meta property=\"og:type\" content=\"article\" \/>\n<meta property=\"og:title\" content=\"La Vida nos suele cagar a trompadas... - Infoecos\" \/>\n<meta property=\"og:description\" content=\"Publicado en Facebook e Instagram: Jorge Matheus y @tatomatheus La Vida nos suele cagar a...\" \/>\n<meta property=\"og:url\" content=\"https:\/\/infoecos.com.ar\/index.php\/la-vida-nos-suele-cagar-a-trompadas\/\" \/>\n<meta property=\"og:site_name\" content=\"Infoecos\" \/>\n<meta property=\"article:publisher\" content=\"https:\/\/www.facebook.com\/profile.php?id=100063200290284\" \/>\n<meta property=\"article:published_time\" content=\"2023-06-22T22:09:58+00:00\" \/>\n<meta property=\"article:modified_time\" content=\"2023-06-24T20:32:22+00:00\" \/>\n<meta property=\"og:image\" content=\"https:\/\/infoecos.com.ar\/wp-content\/uploads\/2021\/08\/accidentemotoframadero.jpg\" \/>\n\t<meta property=\"og:image:width\" content=\"578\" \/>\n\t<meta property=\"og:image:height\" content=\"437\" \/>\n\t<meta property=\"og:image:type\" content=\"image\/jpeg\" \/>\n<meta name=\"author\" content=\"Jorge Matheus\" \/>\n<meta name=\"twitter:card\" content=\"summary_large_image\" \/>\n<meta name=\"twitter:creator\" content=\"@infoecos\" \/>\n<meta name=\"twitter:site\" content=\"@infoecos\" \/>\n<meta name=\"twitter:label1\" content=\"Escrito por\" \/>\n\t<meta name=\"twitter:data1\" content=\"Jorge Matheus\" \/>\n\t<meta name=\"twitter:label2\" content=\"Tiempo de lectura\" \/>\n\t<meta name=\"twitter:data2\" content=\"2 minutos\" \/>\n<script type=\"application\/ld+json\" class=\"yoast-schema-graph\">{\"@context\":\"https:\/\/schema.org\",\"@graph\":[{\"@type\":\"Article\",\"@id\":\"https:\/\/infoecos.com.ar\/index.php\/la-vida-nos-suele-cagar-a-trompadas\/#article\",\"isPartOf\":{\"@id\":\"https:\/\/infoecos.com.ar\/index.php\/la-vida-nos-suele-cagar-a-trompadas\/\"},\"author\":{\"name\":\"Jorge Matheus\",\"@id\":\"https:\/\/infoecos.com.ar\/#\/schema\/person\/8f5ace5ce73b4b4aac4b7245aee6f191\"},\"headline\":\"La Vida nos suele cagar a trompadas&#8230;\",\"datePublished\":\"2023-06-22T22:09:58+00:00\",\"dateModified\":\"2023-06-24T20:32:22+00:00\",\"mainEntityOfPage\":{\"@id\":\"https:\/\/infoecos.com.ar\/index.php\/la-vida-nos-suele-cagar-a-trompadas\/\"},\"wordCount\":352,\"publisher\":{\"@id\":\"https:\/\/infoecos.com.ar\/#organization\"},\"image\":{\"@id\":\"https:\/\/infoecos.com.ar\/index.php\/la-vida-nos-suele-cagar-a-trompadas\/#primaryimage\"},\"thumbnailUrl\":\"https:\/\/infoecos.com.ar\/wp-content\/uploads\/2021\/08\/accidentemotoframadero.jpg\",\"keywords\":[\"escribe Jorge Matheus\"],\"articleSection\":[\"C1 nota 7\"],\"inLanguage\":\"es\"},{\"@type\":\"WebPage\",\"@id\":\"https:\/\/infoecos.com.ar\/index.php\/la-vida-nos-suele-cagar-a-trompadas\/\",\"url\":\"https:\/\/infoecos.com.ar\/index.php\/la-vida-nos-suele-cagar-a-trompadas\/\",\"name\":\"La Vida nos suele cagar a trompadas... - Infoecos\",\"isPartOf\":{\"@id\":\"https:\/\/infoecos.com.ar\/#website\"},\"primaryImageOfPage\":{\"@id\":\"https:\/\/infoecos.com.ar\/index.php\/la-vida-nos-suele-cagar-a-trompadas\/#primaryimage\"},\"image\":{\"@id\":\"https:\/\/infoecos.com.ar\/index.php\/la-vida-nos-suele-cagar-a-trompadas\/#primaryimage\"},\"thumbnailUrl\":\"https:\/\/infoecos.com.ar\/wp-content\/uploads\/2021\/08\/accidentemotoframadero.jpg\",\"datePublished\":\"2023-06-22T22:09:58+00:00\",\"dateModified\":\"2023-06-24T20:32:22+00:00\",\"breadcrumb\":{\"@id\":\"https:\/\/infoecos.com.ar\/index.php\/la-vida-nos-suele-cagar-a-trompadas\/#breadcrumb\"},\"inLanguage\":\"es\",\"potentialAction\":[{\"@type\":\"ReadAction\",\"target\":[\"https:\/\/infoecos.com.ar\/index.php\/la-vida-nos-suele-cagar-a-trompadas\/\"]}]},{\"@type\":\"ImageObject\",\"inLanguage\":\"es\",\"@id\":\"https:\/\/infoecos.com.ar\/index.php\/la-vida-nos-suele-cagar-a-trompadas\/#primaryimage\",\"url\":\"https:\/\/infoecos.com.ar\/wp-content\/uploads\/2021\/08\/accidentemotoframadero.jpg\",\"contentUrl\":\"https:\/\/infoecos.com.ar\/wp-content\/uploads\/2021\/08\/accidentemotoframadero.jpg\",\"width\":578,\"height\":437},{\"@type\":\"BreadcrumbList\",\"@id\":\"https:\/\/infoecos.com.ar\/index.php\/la-vida-nos-suele-cagar-a-trompadas\/#breadcrumb\",\"itemListElement\":[{\"@type\":\"ListItem\",\"position\":1,\"name\":\"Portada\",\"item\":\"https:\/\/infoecos.com.ar\/\"},{\"@type\":\"ListItem\",\"position\":2,\"name\":\"La Vida nos suele cagar a trompadas&#8230;\"}]},{\"@type\":\"WebSite\",\"@id\":\"https:\/\/infoecos.com.ar\/#website\",\"url\":\"https:\/\/infoecos.com.ar\/\",\"name\":\"Infoecos\",\"description\":\"Noticias de trenque lauquen y la zona\",\"publisher\":{\"@id\":\"https:\/\/infoecos.com.ar\/#organization\"},\"alternateName\":\"Noticias\",\"potentialAction\":[{\"@type\":\"SearchAction\",\"target\":{\"@type\":\"EntryPoint\",\"urlTemplate\":\"https:\/\/infoecos.com.ar\/?s={search_term_string}\"},\"query-input\":{\"@type\":\"PropertyValueSpecification\",\"valueRequired\":true,\"valueName\":\"search_term_string\"}}],\"inLanguage\":\"es\"},{\"@type\":\"Organization\",\"@id\":\"https:\/\/infoecos.com.ar\/#organization\",\"name\":\"Infoecos\",\"alternateName\":\"Noticias\",\"url\":\"https:\/\/infoecos.com.ar\/\",\"logo\":{\"@type\":\"ImageObject\",\"inLanguage\":\"es\",\"@id\":\"https:\/\/infoecos.com.ar\/#\/schema\/logo\/image\/\",\"url\":\"https:\/\/infoecos.com.ar\/wp-content\/uploads\/2024\/03\/cropped-logo.png\",\"contentUrl\":\"https:\/\/infoecos.com.ar\/wp-content\/uploads\/2024\/03\/cropped-logo.png\",\"width\":374,\"height\":90,\"caption\":\"Infoecos\"},\"image\":{\"@id\":\"https:\/\/infoecos.com.ar\/#\/schema\/logo\/image\/\"},\"sameAs\":[\"https:\/\/www.facebook.com\/profile.php?id=100063200290284\",\"https:\/\/x.com\/infoecos\"]},{\"@type\":\"Person\",\"@id\":\"https:\/\/infoecos.com.ar\/#\/schema\/person\/8f5ace5ce73b4b4aac4b7245aee6f191\",\"name\":\"Jorge Matheus\",\"url\":\"https:\/\/infoecos.com.ar\/index.php\/author\/jomatheus\/\"}]}<\/script>\n<!-- \/ Yoast SEO plugin. -->","yoast_head_json":{"title":"La Vida nos suele cagar a trompadas... - Infoecos","robots":{"index":"index","follow":"follow","max-snippet":"max-snippet:-1","max-image-preview":"max-image-preview:large","max-video-preview":"max-video-preview:-1"},"canonical":"https:\/\/infoecos.com.ar\/index.php\/la-vida-nos-suele-cagar-a-trompadas\/","og_locale":"es_ES","og_type":"article","og_title":"La Vida nos suele cagar a trompadas... - Infoecos","og_description":"Publicado en Facebook e Instagram: Jorge Matheus y @tatomatheus La Vida nos suele cagar a...","og_url":"https:\/\/infoecos.com.ar\/index.php\/la-vida-nos-suele-cagar-a-trompadas\/","og_site_name":"Infoecos","article_publisher":"https:\/\/www.facebook.com\/profile.php?id=100063200290284","article_published_time":"2023-06-22T22:09:58+00:00","article_modified_time":"2023-06-24T20:32:22+00:00","og_image":[{"width":578,"height":437,"url":"https:\/\/infoecos.com.ar\/wp-content\/uploads\/2021\/08\/accidentemotoframadero.jpg","type":"image\/jpeg"}],"author":"Jorge Matheus","twitter_card":"summary_large_image","twitter_creator":"@infoecos","twitter_site":"@infoecos","twitter_misc":{"Escrito por":"Jorge Matheus","Tiempo de lectura":"2 minutos"},"schema":{"@context":"https:\/\/schema.org","@graph":[{"@type":"Article","@id":"https:\/\/infoecos.com.ar\/index.php\/la-vida-nos-suele-cagar-a-trompadas\/#article","isPartOf":{"@id":"https:\/\/infoecos.com.ar\/index.php\/la-vida-nos-suele-cagar-a-trompadas\/"},"author":{"name":"Jorge Matheus","@id":"https:\/\/infoecos.com.ar\/#\/schema\/person\/8f5ace5ce73b4b4aac4b7245aee6f191"},"headline":"La Vida nos suele cagar a trompadas&#8230;","datePublished":"2023-06-22T22:09:58+00:00","dateModified":"2023-06-24T20:32:22+00:00","mainEntityOfPage":{"@id":"https:\/\/infoecos.com.ar\/index.php\/la-vida-nos-suele-cagar-a-trompadas\/"},"wordCount":352,"publisher":{"@id":"https:\/\/infoecos.com.ar\/#organization"},"image":{"@id":"https:\/\/infoecos.com.ar\/index.php\/la-vida-nos-suele-cagar-a-trompadas\/#primaryimage"},"thumbnailUrl":"https:\/\/infoecos.com.ar\/wp-content\/uploads\/2021\/08\/accidentemotoframadero.jpg","keywords":["escribe Jorge Matheus"],"articleSection":["C1 nota 7"],"inLanguage":"es"},{"@type":"WebPage","@id":"https:\/\/infoecos.com.ar\/index.php\/la-vida-nos-suele-cagar-a-trompadas\/","url":"https:\/\/infoecos.com.ar\/index.php\/la-vida-nos-suele-cagar-a-trompadas\/","name":"La Vida nos suele cagar a trompadas... - Infoecos","isPartOf":{"@id":"https:\/\/infoecos.com.ar\/#website"},"primaryImageOfPage":{"@id":"https:\/\/infoecos.com.ar\/index.php\/la-vida-nos-suele-cagar-a-trompadas\/#primaryimage"},"image":{"@id":"https:\/\/infoecos.com.ar\/index.php\/la-vida-nos-suele-cagar-a-trompadas\/#primaryimage"},"thumbnailUrl":"https:\/\/infoecos.com.ar\/wp-content\/uploads\/2021\/08\/accidentemotoframadero.jpg","datePublished":"2023-06-22T22:09:58+00:00","dateModified":"2023-06-24T20:32:22+00:00","breadcrumb":{"@id":"https:\/\/infoecos.com.ar\/index.php\/la-vida-nos-suele-cagar-a-trompadas\/#breadcrumb"},"inLanguage":"es","potentialAction":[{"@type":"ReadAction","target":["https:\/\/infoecos.com.ar\/index.php\/la-vida-nos-suele-cagar-a-trompadas\/"]}]},{"@type":"ImageObject","inLanguage":"es","@id":"https:\/\/infoecos.com.ar\/index.php\/la-vida-nos-suele-cagar-a-trompadas\/#primaryimage","url":"https:\/\/infoecos.com.ar\/wp-content\/uploads\/2021\/08\/accidentemotoframadero.jpg","contentUrl":"https:\/\/infoecos.com.ar\/wp-content\/uploads\/2021\/08\/accidentemotoframadero.jpg","width":578,"height":437},{"@type":"BreadcrumbList","@id":"https:\/\/infoecos.com.ar\/index.php\/la-vida-nos-suele-cagar-a-trompadas\/#breadcrumb","itemListElement":[{"@type":"ListItem","position":1,"name":"Portada","item":"https:\/\/infoecos.com.ar\/"},{"@type":"ListItem","position":2,"name":"La Vida nos suele cagar a trompadas&#8230;"}]},{"@type":"WebSite","@id":"https:\/\/infoecos.com.ar\/#website","url":"https:\/\/infoecos.com.ar\/","name":"Infoecos","description":"Noticias de trenque lauquen y la zona","publisher":{"@id":"https:\/\/infoecos.com.ar\/#organization"},"alternateName":"Noticias","potentialAction":[{"@type":"SearchAction","target":{"@type":"EntryPoint","urlTemplate":"https:\/\/infoecos.com.ar\/?s={search_term_string}"},"query-input":{"@type":"PropertyValueSpecification","valueRequired":true,"valueName":"search_term_string"}}],"inLanguage":"es"},{"@type":"Organization","@id":"https:\/\/infoecos.com.ar\/#organization","name":"Infoecos","alternateName":"Noticias","url":"https:\/\/infoecos.com.ar\/","logo":{"@type":"ImageObject","inLanguage":"es","@id":"https:\/\/infoecos.com.ar\/#\/schema\/logo\/image\/","url":"https:\/\/infoecos.com.ar\/wp-content\/uploads\/2024\/03\/cropped-logo.png","contentUrl":"https:\/\/infoecos.com.ar\/wp-content\/uploads\/2024\/03\/cropped-logo.png","width":374,"height":90,"caption":"Infoecos"},"image":{"@id":"https:\/\/infoecos.com.ar\/#\/schema\/logo\/image\/"},"sameAs":["https:\/\/www.facebook.com\/profile.php?id=100063200290284","https:\/\/x.com\/infoecos"]},{"@type":"Person","@id":"https:\/\/infoecos.com.ar\/#\/schema\/person\/8f5ace5ce73b4b4aac4b7245aee6f191","name":"Jorge Matheus","url":"https:\/\/infoecos.com.ar\/index.php\/author\/jomatheus\/"}]}},"featured_image_urls":{"full":["https:\/\/infoecos.com.ar\/wp-content\/uploads\/2021\/08\/accidentemotoframadero.jpg",578,437,false],"thumbnail":["https:\/\/infoecos.com.ar\/wp-content\/uploads\/2021\/08\/accidentemotoframadero-150x150.jpg",150,150,true],"medium":["https:\/\/infoecos.com.ar\/wp-content\/uploads\/2021\/08\/accidentemotoframadero-460x348.jpg",460,348,true],"medium_large":["https:\/\/infoecos.com.ar\/wp-content\/uploads\/2021\/08\/accidentemotoframadero.jpg",578,437,false],"large":["https:\/\/infoecos.com.ar\/wp-content\/uploads\/2021\/08\/accidentemotoframadero.jpg",578,437,false],"1536x1536":["https:\/\/infoecos.com.ar\/wp-content\/uploads\/2021\/08\/accidentemotoframadero.jpg",578,437,false],"2048x2048":["https:\/\/infoecos.com.ar\/wp-content\/uploads\/2021\/08\/accidentemotoframadero.jpg",578,437,false],"covernews-slider-full":["https:\/\/infoecos.com.ar\/wp-content\/uploads\/2021\/08\/accidentemotoframadero.jpg",578,437,false],"covernews-slider-center":["https:\/\/infoecos.com.ar\/wp-content\/uploads\/2021\/08\/accidentemotoframadero.jpg",578,437,false],"covernews-featured":["https:\/\/infoecos.com.ar\/wp-content\/uploads\/2021\/08\/accidentemotoframadero.jpg",578,437,false],"covernews-medium":["https:\/\/infoecos.com.ar\/wp-content\/uploads\/2021\/08\/accidentemotoframadero-578x380.jpg",517,340,true],"covernews-medium-square":["https:\/\/infoecos.com.ar\/wp-content\/uploads\/2021\/08\/accidentemotoframadero.jpg",331,250,false]},"author_info":{"info":["Jorge Matheus"]},"category_info":"<a href=\"https:\/\/infoecos.com.ar\/index.php\/category\/c1nota7\/\" rel=\"category tag\">C1 nota 7<\/a>","tag_info":"C1 nota 7","comment_count":"0","_links":{"self":[{"href":"https:\/\/infoecos.com.ar\/index.php\/wp-json\/wp\/v2\/posts\/106262"}],"collection":[{"href":"https:\/\/infoecos.com.ar\/index.php\/wp-json\/wp\/v2\/posts"}],"about":[{"href":"https:\/\/infoecos.com.ar\/index.php\/wp-json\/wp\/v2\/types\/post"}],"author":[{"embeddable":true,"href":"https:\/\/infoecos.com.ar\/index.php\/wp-json\/wp\/v2\/users\/2"}],"replies":[{"embeddable":true,"href":"https:\/\/infoecos.com.ar\/index.php\/wp-json\/wp\/v2\/comments?post=106262"}],"version-history":[{"count":1,"href":"https:\/\/infoecos.com.ar\/index.php\/wp-json\/wp\/v2\/posts\/106262\/revisions"}],"predecessor-version":[{"id":106263,"href":"https:\/\/infoecos.com.ar\/index.php\/wp-json\/wp\/v2\/posts\/106262\/revisions\/106263"}],"wp:featuredmedia":[{"embeddable":true,"href":"https:\/\/infoecos.com.ar\/index.php\/wp-json\/wp\/v2\/media\/84000"}],"wp:attachment":[{"href":"https:\/\/infoecos.com.ar\/index.php\/wp-json\/wp\/v2\/media?parent=106262"}],"wp:term":[{"taxonomy":"category","embeddable":true,"href":"https:\/\/infoecos.com.ar\/index.php\/wp-json\/wp\/v2\/categories?post=106262"},{"taxonomy":"post_tag","embeddable":true,"href":"https:\/\/infoecos.com.ar\/index.php\/wp-json\/wp\/v2\/tags?post=106262"}],"curies":[{"name":"wp","href":"https:\/\/api.w.org\/{rel}","templated":true}]}}