{"id":106294,"date":"2023-06-22T23:50:21","date_gmt":"2023-06-23T02:50:21","guid":{"rendered":"https:\/\/infoecos.com.ar\/?p=106294"},"modified":"2023-07-01T03:06:38","modified_gmt":"2023-07-01T06:06:38","slug":"los-alcances-del-certificado-unico-de-discapacidad","status":"publish","type":"post","link":"https:\/\/infoecos.com.ar\/index.php\/los-alcances-del-certificado-unico-de-discapacidad\/","title":{"rendered":"Los alcances del Certificado \u00danico de Discapacidad"},"content":{"rendered":"\n<p>El&nbsp;<a href=\"https:\/\/www.clarin.com\/sociedad\/gobierno-confirmo-certificados-unicos-discapacidad-comenzaran-expedirse-vencimiento_0_SJsuaaux0Z.html\" target=\"_blank\" rel=\"noreferrer noopener\">Certificado \u00danico de Discapacidad<\/a>&nbsp;(<strong>CUD<\/strong>) es un documento p\u00fablico que certifica, justamente, la discapacidad de la persona y le permite acceder a prestaciones y&nbsp;<a href=\"https:\/\/www.clarin.com\/servicios\/defensa-consumidor-10-derechos-cumplen-reclamar_0_E3We5aNt8m.html\" target=\"_blank\" rel=\"noreferrer noopener\">derechos<\/a>&nbsp;destinados a promover su&nbsp;<strong>inclusi\u00f3n social<\/strong>.<\/p>\n\n\n\n<figure class=\"wp-block-image alignright size-full is-resized\"><img loading=\"lazy\" decoding=\"async\" src=\"https:\/\/infoecos.com.ar\/wp-content\/uploads\/2023\/06\/image-84.png\" alt=\"\" class=\"wp-image-106295\" width=\"381\" height=\"187\" srcset=\"https:\/\/infoecos.com.ar\/wp-content\/uploads\/2023\/06\/image-84.png 1256w, https:\/\/infoecos.com.ar\/wp-content\/uploads\/2023\/06\/image-84-800x395.png 800w, https:\/\/infoecos.com.ar\/wp-content\/uploads\/2023\/06\/image-84-768x379.png 768w, https:\/\/infoecos.com.ar\/wp-content\/uploads\/2023\/06\/image-84-1024x505.png 1024w\" sizes=\"(max-width: 381px) 100vw, 381px\" \/><\/figure>\n\n\n\n<p>Este&nbsp;<strong>documento p\u00fablico y gratuito<\/strong>, que rige para&nbsp;todo el pa\u00eds, es otorgado luego de una&nbsp;<strong>evaluaci\u00f3n<\/strong>&nbsp;que hace una junta formada por profesionales de distintas disciplinas llamada \u00abJunta Evaluadora\u00bb.<\/p>\n\n\n\n<h2 class=\"wp-block-heading\">\u00bfQui\u00e9nes pueden&nbsp;solicitar el CUD?<\/h2>\n\n\n\n<p>Cualquier persona con una alteraci\u00f3n funcional, permanente, transitoria o prolongada, f\u00edsica, sensorial o mental, que implique desventajas considerables para su adecuada integraci\u00f3n familiar, social o laboral puede&nbsp;<strong>pedir el CUD<\/strong>. Esa alteraci\u00f3n puede estar vinculada a distintas \u00e1reas:<\/p>\n\n\n\n<ul class=\"wp-block-list\">\n<li>Intelectual y Mental<\/li>\n\n\n\n<li>Visual<\/li>\n\n\n\n<li>Motor<\/li>\n\n\n\n<li>Auditivo<\/li>\n\n\n\n<li>Respiratorio<\/li>\n\n\n\n<li>Cardiovascular<\/li>\n\n\n\n<li>Renal urol\u00f3gico<\/li>\n\n\n\n<li>Digestivo \/ Hep\u00e1tico<\/li>\n<\/ul>\n\n\n\n<p>El Certificado \u00danico de Discapacidad se tramita de manera presencial aunque una parte se puede hacer online. <\/p>\n\n\n\n<h2 class=\"wp-block-heading\">\u00bfPara qu\u00e9 sirve el Certificado \u00danico de Discapacidad?<\/h2>\n\n\n\n<p>Entre otros derechos, sirve para que tengas:<\/p>\n\n\n\n<p><strong>Salud:<\/strong>&nbsp;cobertura del&nbsp;<strong>100%<\/strong>&nbsp;en las prestaciones de rehabilitaci\u00f3n (medicamentos, equipamiento, tratamientos) que se necesiten en relaci\u00f3n a lo que fue certificado como discapacidad.<\/p>\n\n\n\n<p><strong>Transporte:&nbsp;<\/strong>traslados&nbsp;<strong>gratuitos<\/strong>&nbsp;en el transporte p\u00fablico terrestre.<\/p>\n\n\n\n<p><strong>Asignaciones familiares:&nbsp;<\/strong><a target=\"_blank\" href=\"https:\/\/www.clarin.com\/economia\/auh-ayuda-escolar-2023-nuevos-topes-montos-cobran-asignaciones-paga-anses_0_d16Sbh8ADD.html\" rel=\"noreferrer noopener\">ayuda escolar anual&nbsp;<\/a>por hijo con discapacidad, asignaci\u00f3n familiar por hijo con discapacidad, asignaci\u00f3n por c\u00f3nyuge con discapacidad.<\/p>\n\n\n\n<p><strong>Otros tr\u00e1mites:&nbsp;<\/strong>exenci\u00f3n de pago de&nbsp;<a target=\"_blank\" href=\"https:\/\/www.clarin.com\/servicios\/telepase-3-formas-conseguirlo-gratis-dejar-pagar-extra-peajes_0_B5J4USgMX6.html\" rel=\"noreferrer noopener\">peajes<\/a>, impuestos (municipales, patentes, entre otros). En estos casos, debe solicitarse ante la autoridad de aplicaci\u00f3n de cada normativa.<\/p>\n\n\n\n<p><strong>S\u00edmbolo Internacional de acceso:<\/strong>&nbsp;libre estacionamiento&nbsp;en los lugares permitidos, independientemente del veh\u00edculo en el que te traslades. M\u00e1s informaci\u00f3n hacer clic&nbsp;<a target=\"_blank\" href=\"https:\/\/www.argentina.gob.ar\/obtener-simbolo-internacional-de-acceso-digital#:~:text=%C2%BFQu%C3%A9%20es%20el%20S%C3%ADmbolo%20Internacional,de%20cada%20localidad%20o%20municipio.\" rel=\"noreferrer noopener\">aqu\u00ed<\/a>.&nbsp;<\/p>\n\n\n\n<h2 class=\"wp-block-heading\">\u00bfQu\u00e9 documentaci\u00f3n necesito para sacar el Certificado \u00danico de Discapacidad?<\/h2>\n\n\n\n<p>Para justificar la solicitud del CUD&nbsp;habr\u00e1 que presentar la documentaci\u00f3n que respalde el pedido:<\/p>\n\n\n\n<p><strong>. Certificado m\u00e9dico actualizado&nbsp;<\/strong>(no puede tener m\u00e1s de 6 meses). Debe indicar el diagn\u00f3stico completo.<\/p>\n\n\n\n<p><strong>.&nbsp;<\/strong>Certificados e<strong>&nbsp;informes de los profesionales<\/strong>&nbsp;que te atienden.<\/p>\n\n\n\n<p><strong>. Estudios m\u00e9dicos<\/strong>&nbsp;que te hayas hecho: deben ser originales y no tener m\u00e1s de 6 meses.<\/p>\n\n\n\n<p><strong>. Documento<\/strong>&nbsp;de identidad original y legible.<\/p>\n\n\n\n<p><strong>. Si ten\u00e9s obra social o prepaga<\/strong>, fotocopia de tu carnet.<\/p>\n\n\n\n<p><strong>. Si trabaj\u00e1s<\/strong>, copia de tu recibo de sueldo.<\/p>\n\n\n\n<p><strong>. Si no trabaj\u00e1s<\/strong>, copia del recibo de sueldo del familiar que te tiene a su cargo.<\/p>\n\n\n\n<p><strong>. Si sos jubilado\/da<\/strong>, copia del recibo de jubilaci\u00f3n.El Certificado \u00danico de Discapacidad no tiene fecha de vencimiento. <\/p>\n\n\n\n<h2 class=\"wp-block-heading\">\u00bfC\u00f3mo se obtiene el CUD?<\/h2>\n\n\n\n<p>Para tramitar el CUD se deben seguir los siguientes pasos:<\/p>\n\n\n\n<p><strong>1)&nbsp;<\/strong>Ingresar a&nbsp;<a target=\"_blank\" href=\"https:\/\/www.argentina.gob.ar\/\" rel=\"noreferrer noopener\">www.argentina.gob.ar<\/a>&nbsp;cliquear en \u00abPersonas con discapacidad\u00bb, luego&nbsp;en \u00abCertificado \u00danico de Discapacidad\u00bb y&nbsp;<strong>responder las preguntas del cuestionario<\/strong>.<\/p>\n\n\n\n<p><strong>2) Reunir toda la documentaci\u00f3n necesaria<\/strong>&nbsp;con el equipo de salud que trata a la persona con discapacidad. Por ejemplo, certificados m\u00e9dicos, informes, estudios complementarios, planillas, etc.<\/p>\n\n\n\n<p><strong>3)<\/strong>&nbsp;Con la documentaci\u00f3n correspondiente,&nbsp;acercarse al lugar asignado en la&nbsp;<a target=\"_blank\" href=\"http:\/\/www.argentina.gob.ar\/cud\/consulta-de-requisitos-para-tramitar-el-cud\" rel=\"noreferrer noopener\">consulta<\/a>&nbsp;y pedir un turno para la<strong>&nbsp;Junta Evaluadora<\/strong>. Es importante anotar y asistir el d\u00eda asignado a la evaluaci\u00f3n de la junta.<\/p>\n\n\n\n<p><strong>4)&nbsp;Para<\/strong><strong>&nbsp;retirar el Certificado \u00danico de Discapacidad<\/strong>&nbsp;puede hacerlo cualquier persona mayor de 18 a\u00f1os con el documento original de la persona con discapacidad, en el lugar donde la evaluaron.<\/p>\n\n\n\n<h2 class=\"wp-block-heading\">\u00bfC\u00f3mo hacer el certificado de discapacidad digital?<\/h2>\n\n\n\n<p>Para tramitar el CUD online hay que ingresar al siguiente formulario y completar todos los datos haciendo<a target=\"_blank\" href=\"https:\/\/www.argentina.gob.ar\/cud\/como-obtener-el-certificado-unico-de-discapacidad-cud\" rel=\"noreferrer noopener\">&nbsp;clic ac\u00e1<\/a>. Luego, la parte del tr\u00e1mite con la Junta Evaluadora deber\u00e1 ser presencial.<\/p>\n\n\n\n<p>El CUD digital<strong>&nbsp;tiene la misma validez legal, vigencia y eficacia&nbsp;<\/strong>que el CUD en papel.&nbsp;Las personas con discapacidad pueden usar el CUD digital por medio de la&nbsp;<strong>aplicaci\u00f3n \u201cMi Argentina<\/strong>\u201d.<\/p>\n\n\n\n<p>Las juntas evaluadoras&nbsp;<strong>deben seguir entregando el CUD en papel<\/strong>&nbsp;aunque las personas con discapacidad pueden elegir cu\u00e1l usar.&nbsp;El CUD digital ser\u00e1 generado autom\u00e1ticamente para aquellas personas mayores de 13 a\u00f1os, con CUD, que posean un perfil digital del ciudadano en Mi Argentina y hayan validado su identidad.<\/p>\n\n\n\n<h2 class=\"wp-block-heading\">\u00bfCu\u00e1l es la vigencia del CUD?<\/h2>\n\n\n\n<p>Como consecuencia de&nbsp;los insistentes reclamos efectuados por pacientes y familiares, el Gobierno&nbsp;resolvi\u00f3 que desde mediados marzo de 2023,<strong>&nbsp;los CUD se emiten sin fecha de vencimiento<\/strong>.<\/p>\n\n\n\n<p>En tanto&nbsp;<strong>se prorrog\u00f3 por un a\u00f1o<\/strong>, contado desde la fecha de su vencimiento, la validez de los Certificados \u00danicos de Discapacidad<strong>&nbsp;que vencen entre el 1 de enero de 2023 y el 31 de diciembre de 2023<\/strong>, inclusive, seg\u00fan se detalla en la Resoluci\u00f3n 186\/2023 de la Agencia Nacional de Discapacidad.<\/p>\n\n\n\n<p>La persona con discapacidad puede&nbsp;<strong>solicitar la actualizaci\u00f3n del CUD<\/strong>&nbsp;en cualquier momento.<\/p>\n\n\n\n<p><\/p>\n","protected":false},"excerpt":{"rendered":"<p>Este\u00a0documento p\u00fablico y gratuito, que rige para\u00a0todo el pa\u00eds, es otorgado luego de una\u00a0evaluaci\u00f3n\u00a0que hace una junta formada por profesionales de distintas disciplinas<\/p>\n","protected":false},"author":2,"featured_media":106295,"comment_status":"closed","ping_status":"open","sticky":false,"template":"","format":"standard","meta":{"footnotes":""},"categories":[1643],"tags":[8184],"class_list":["post-106294","post","type-post","status-publish","format-standard","has-post-thumbnail","hentry","category-inferior16","tag-articulo-tomado-de-clarin-suscriptores"],"yoast_head":"<!-- This site is optimized with the Yoast SEO plugin v23.4 - https:\/\/yoast.com\/wordpress\/plugins\/seo\/ -->\n<title>Los alcances del Certificado \u00danico de Discapacidad - Infoecos<\/title>\n<meta name=\"robots\" content=\"index, follow, max-snippet:-1, max-image-preview:large, max-video-preview:-1\" \/>\n<link rel=\"canonical\" href=\"https:\/\/infoecos.com.ar\/index.php\/los-alcances-del-certificado-unico-de-discapacidad\/\" \/>\n<meta property=\"og:locale\" content=\"es_ES\" \/>\n<meta property=\"og:type\" content=\"article\" \/>\n<meta property=\"og:title\" content=\"Los alcances del Certificado \u00danico de Discapacidad - Infoecos\" \/>\n<meta property=\"og:description\" content=\"Este\u00a0documento p\u00fablico y gratuito, que rige para\u00a0todo el pa\u00eds, es otorgado luego de una\u00a0evaluaci\u00f3n\u00a0que hace una junta formada por profesionales de distintas disciplinas\" \/>\n<meta property=\"og:url\" content=\"https:\/\/infoecos.com.ar\/index.php\/los-alcances-del-certificado-unico-de-discapacidad\/\" \/>\n<meta property=\"og:site_name\" content=\"Infoecos\" \/>\n<meta property=\"article:publisher\" content=\"https:\/\/www.facebook.com\/profile.php?id=100063200290284\" \/>\n<meta property=\"article:published_time\" content=\"2023-06-23T02:50:21+00:00\" \/>\n<meta property=\"article:modified_time\" content=\"2023-07-01T06:06:38+00:00\" \/>\n<meta property=\"og:image\" content=\"https:\/\/infoecos.com.ar\/wp-content\/uploads\/2023\/06\/image-84.png\" \/>\n\t<meta property=\"og:image:width\" content=\"1256\" \/>\n\t<meta property=\"og:image:height\" content=\"620\" \/>\n\t<meta property=\"og:image:type\" content=\"image\/png\" \/>\n<meta name=\"author\" content=\"Jorge Matheus\" \/>\n<meta name=\"twitter:card\" content=\"summary_large_image\" \/>\n<meta name=\"twitter:creator\" content=\"@infoecos\" \/>\n<meta name=\"twitter:site\" content=\"@infoecos\" \/>\n<meta name=\"twitter:label1\" content=\"Escrito por\" \/>\n\t<meta name=\"twitter:data1\" content=\"Jorge Matheus\" \/>\n\t<meta name=\"twitter:label2\" content=\"Tiempo de lectura\" \/>\n\t<meta name=\"twitter:data2\" content=\"4 minutos\" \/>\n<script type=\"application\/ld+json\" class=\"yoast-schema-graph\">{\"@context\":\"https:\/\/schema.org\",\"@graph\":[{\"@type\":\"Article\",\"@id\":\"https:\/\/infoecos.com.ar\/index.php\/los-alcances-del-certificado-unico-de-discapacidad\/#article\",\"isPartOf\":{\"@id\":\"https:\/\/infoecos.com.ar\/index.php\/los-alcances-del-certificado-unico-de-discapacidad\/\"},\"author\":{\"name\":\"Jorge Matheus\",\"@id\":\"https:\/\/infoecos.com.ar\/#\/schema\/person\/8f5ace5ce73b4b4aac4b7245aee6f191\"},\"headline\":\"Los alcances del Certificado \u00danico de Discapacidad\",\"datePublished\":\"2023-06-23T02:50:21+00:00\",\"dateModified\":\"2023-07-01T06:06:38+00:00\",\"mainEntityOfPage\":{\"@id\":\"https:\/\/infoecos.com.ar\/index.php\/los-alcances-del-certificado-unico-de-discapacidad\/\"},\"wordCount\":829,\"publisher\":{\"@id\":\"https:\/\/infoecos.com.ar\/#organization\"},\"image\":{\"@id\":\"https:\/\/infoecos.com.ar\/index.php\/los-alcances-del-certificado-unico-de-discapacidad\/#primaryimage\"},\"thumbnailUrl\":\"https:\/\/infoecos.com.ar\/wp-content\/uploads\/2023\/06\/image-84.png\",\"keywords\":[\"art\u00edculo tomado de clar\u00edn suscriptores\"],\"articleSection\":[\"Bloque inferior - 16\"],\"inLanguage\":\"es\"},{\"@type\":\"WebPage\",\"@id\":\"https:\/\/infoecos.com.ar\/index.php\/los-alcances-del-certificado-unico-de-discapacidad\/\",\"url\":\"https:\/\/infoecos.com.ar\/index.php\/los-alcances-del-certificado-unico-de-discapacidad\/\",\"name\":\"Los alcances del Certificado \u00danico de Discapacidad - Infoecos\",\"isPartOf\":{\"@id\":\"https:\/\/infoecos.com.ar\/#website\"},\"primaryImageOfPage\":{\"@id\":\"https:\/\/infoecos.com.ar\/index.php\/los-alcances-del-certificado-unico-de-discapacidad\/#primaryimage\"},\"image\":{\"@id\":\"https:\/\/infoecos.com.ar\/index.php\/los-alcances-del-certificado-unico-de-discapacidad\/#primaryimage\"},\"thumbnailUrl\":\"https:\/\/infoecos.com.ar\/wp-content\/uploads\/2023\/06\/image-84.png\",\"datePublished\":\"2023-06-23T02:50:21+00:00\",\"dateModified\":\"2023-07-01T06:06:38+00:00\",\"breadcrumb\":{\"@id\":\"https:\/\/infoecos.com.ar\/index.php\/los-alcances-del-certificado-unico-de-discapacidad\/#breadcrumb\"},\"inLanguage\":\"es\",\"potentialAction\":[{\"@type\":\"ReadAction\",\"target\":[\"https:\/\/infoecos.com.ar\/index.php\/los-alcances-del-certificado-unico-de-discapacidad\/\"]}]},{\"@type\":\"ImageObject\",\"inLanguage\":\"es\",\"@id\":\"https:\/\/infoecos.com.ar\/index.php\/los-alcances-del-certificado-unico-de-discapacidad\/#primaryimage\",\"url\":\"https:\/\/infoecos.com.ar\/wp-content\/uploads\/2023\/06\/image-84.png\",\"contentUrl\":\"https:\/\/infoecos.com.ar\/wp-content\/uploads\/2023\/06\/image-84.png\",\"width\":1256,\"height\":620},{\"@type\":\"BreadcrumbList\",\"@id\":\"https:\/\/infoecos.com.ar\/index.php\/los-alcances-del-certificado-unico-de-discapacidad\/#breadcrumb\",\"itemListElement\":[{\"@type\":\"ListItem\",\"position\":1,\"name\":\"Portada\",\"item\":\"https:\/\/infoecos.com.ar\/\"},{\"@type\":\"ListItem\",\"position\":2,\"name\":\"Los alcances del Certificado \u00danico de Discapacidad\"}]},{\"@type\":\"WebSite\",\"@id\":\"https:\/\/infoecos.com.ar\/#website\",\"url\":\"https:\/\/infoecos.com.ar\/\",\"name\":\"Infoecos\",\"description\":\"Noticias de trenque lauquen y la zona\",\"publisher\":{\"@id\":\"https:\/\/infoecos.com.ar\/#organization\"},\"alternateName\":\"Noticias\",\"potentialAction\":[{\"@type\":\"SearchAction\",\"target\":{\"@type\":\"EntryPoint\",\"urlTemplate\":\"https:\/\/infoecos.com.ar\/?s={search_term_string}\"},\"query-input\":{\"@type\":\"PropertyValueSpecification\",\"valueRequired\":true,\"valueName\":\"search_term_string\"}}],\"inLanguage\":\"es\"},{\"@type\":\"Organization\",\"@id\":\"https:\/\/infoecos.com.ar\/#organization\",\"name\":\"Infoecos\",\"alternateName\":\"Noticias\",\"url\":\"https:\/\/infoecos.com.ar\/\",\"logo\":{\"@type\":\"ImageObject\",\"inLanguage\":\"es\",\"@id\":\"https:\/\/infoecos.com.ar\/#\/schema\/logo\/image\/\",\"url\":\"https:\/\/infoecos.com.ar\/wp-content\/uploads\/2024\/03\/cropped-logo.png\",\"contentUrl\":\"https:\/\/infoecos.com.ar\/wp-content\/uploads\/2024\/03\/cropped-logo.png\",\"width\":374,\"height\":90,\"caption\":\"Infoecos\"},\"image\":{\"@id\":\"https:\/\/infoecos.com.ar\/#\/schema\/logo\/image\/\"},\"sameAs\":[\"https:\/\/www.facebook.com\/profile.php?id=100063200290284\",\"https:\/\/x.com\/infoecos\"]},{\"@type\":\"Person\",\"@id\":\"https:\/\/infoecos.com.ar\/#\/schema\/person\/8f5ace5ce73b4b4aac4b7245aee6f191\",\"name\":\"Jorge Matheus\",\"url\":\"https:\/\/infoecos.com.ar\/index.php\/author\/jomatheus\/\"}]}<\/script>\n<!-- \/ Yoast SEO plugin. -->","yoast_head_json":{"title":"Los alcances del Certificado \u00danico de Discapacidad - Infoecos","robots":{"index":"index","follow":"follow","max-snippet":"max-snippet:-1","max-image-preview":"max-image-preview:large","max-video-preview":"max-video-preview:-1"},"canonical":"https:\/\/infoecos.com.ar\/index.php\/los-alcances-del-certificado-unico-de-discapacidad\/","og_locale":"es_ES","og_type":"article","og_title":"Los alcances del Certificado \u00danico de Discapacidad - Infoecos","og_description":"Este\u00a0documento p\u00fablico y gratuito, que rige para\u00a0todo el pa\u00eds, es otorgado luego de una\u00a0evaluaci\u00f3n\u00a0que hace una junta formada por profesionales de distintas disciplinas","og_url":"https:\/\/infoecos.com.ar\/index.php\/los-alcances-del-certificado-unico-de-discapacidad\/","og_site_name":"Infoecos","article_publisher":"https:\/\/www.facebook.com\/profile.php?id=100063200290284","article_published_time":"2023-06-23T02:50:21+00:00","article_modified_time":"2023-07-01T06:06:38+00:00","og_image":[{"width":1256,"height":620,"url":"https:\/\/infoecos.com.ar\/wp-content\/uploads\/2023\/06\/image-84.png","type":"image\/png"}],"author":"Jorge Matheus","twitter_card":"summary_large_image","twitter_creator":"@infoecos","twitter_site":"@infoecos","twitter_misc":{"Escrito por":"Jorge Matheus","Tiempo de lectura":"4 minutos"},"schema":{"@context":"https:\/\/schema.org","@graph":[{"@type":"Article","@id":"https:\/\/infoecos.com.ar\/index.php\/los-alcances-del-certificado-unico-de-discapacidad\/#article","isPartOf":{"@id":"https:\/\/infoecos.com.ar\/index.php\/los-alcances-del-certificado-unico-de-discapacidad\/"},"author":{"name":"Jorge Matheus","@id":"https:\/\/infoecos.com.ar\/#\/schema\/person\/8f5ace5ce73b4b4aac4b7245aee6f191"},"headline":"Los alcances del Certificado \u00danico de Discapacidad","datePublished":"2023-06-23T02:50:21+00:00","dateModified":"2023-07-01T06:06:38+00:00","mainEntityOfPage":{"@id":"https:\/\/infoecos.com.ar\/index.php\/los-alcances-del-certificado-unico-de-discapacidad\/"},"wordCount":829,"publisher":{"@id":"https:\/\/infoecos.com.ar\/#organization"},"image":{"@id":"https:\/\/infoecos.com.ar\/index.php\/los-alcances-del-certificado-unico-de-discapacidad\/#primaryimage"},"thumbnailUrl":"https:\/\/infoecos.com.ar\/wp-content\/uploads\/2023\/06\/image-84.png","keywords":["art\u00edculo tomado de clar\u00edn suscriptores"],"articleSection":["Bloque inferior - 16"],"inLanguage":"es"},{"@type":"WebPage","@id":"https:\/\/infoecos.com.ar\/index.php\/los-alcances-del-certificado-unico-de-discapacidad\/","url":"https:\/\/infoecos.com.ar\/index.php\/los-alcances-del-certificado-unico-de-discapacidad\/","name":"Los alcances del Certificado \u00danico de Discapacidad - Infoecos","isPartOf":{"@id":"https:\/\/infoecos.com.ar\/#website"},"primaryImageOfPage":{"@id":"https:\/\/infoecos.com.ar\/index.php\/los-alcances-del-certificado-unico-de-discapacidad\/#primaryimage"},"image":{"@id":"https:\/\/infoecos.com.ar\/index.php\/los-alcances-del-certificado-unico-de-discapacidad\/#primaryimage"},"thumbnailUrl":"https:\/\/infoecos.com.ar\/wp-content\/uploads\/2023\/06\/image-84.png","datePublished":"2023-06-23T02:50:21+00:00","dateModified":"2023-07-01T06:06:38+00:00","breadcrumb":{"@id":"https:\/\/infoecos.com.ar\/index.php\/los-alcances-del-certificado-unico-de-discapacidad\/#breadcrumb"},"inLanguage":"es","potentialAction":[{"@type":"ReadAction","target":["https:\/\/infoecos.com.ar\/index.php\/los-alcances-del-certificado-unico-de-discapacidad\/"]}]},{"@type":"ImageObject","inLanguage":"es","@id":"https:\/\/infoecos.com.ar\/index.php\/los-alcances-del-certificado-unico-de-discapacidad\/#primaryimage","url":"https:\/\/infoecos.com.ar\/wp-content\/uploads\/2023\/06\/image-84.png","contentUrl":"https:\/\/infoecos.com.ar\/wp-content\/uploads\/2023\/06\/image-84.png","width":1256,"height":620},{"@type":"BreadcrumbList","@id":"https:\/\/infoecos.com.ar\/index.php\/los-alcances-del-certificado-unico-de-discapacidad\/#breadcrumb","itemListElement":[{"@type":"ListItem","position":1,"name":"Portada","item":"https:\/\/infoecos.com.ar\/"},{"@type":"ListItem","position":2,"name":"Los alcances del Certificado \u00danico de Discapacidad"}]},{"@type":"WebSite","@id":"https:\/\/infoecos.com.ar\/#website","url":"https:\/\/infoecos.com.ar\/","name":"Infoecos","description":"Noticias de trenque lauquen y la zona","publisher":{"@id":"https:\/\/infoecos.com.ar\/#organization"},"alternateName":"Noticias","potentialAction":[{"@type":"SearchAction","target":{"@type":"EntryPoint","urlTemplate":"https:\/\/infoecos.com.ar\/?s={search_term_string}"},"query-input":{"@type":"PropertyValueSpecification","valueRequired":true,"valueName":"search_term_string"}}],"inLanguage":"es"},{"@type":"Organization","@id":"https:\/\/infoecos.com.ar\/#organization","name":"Infoecos","alternateName":"Noticias","url":"https:\/\/infoecos.com.ar\/","logo":{"@type":"ImageObject","inLanguage":"es","@id":"https:\/\/infoecos.com.ar\/#\/schema\/logo\/image\/","url":"https:\/\/infoecos.com.ar\/wp-content\/uploads\/2024\/03\/cropped-logo.png","contentUrl":"https:\/\/infoecos.com.ar\/wp-content\/uploads\/2024\/03\/cropped-logo.png","width":374,"height":90,"caption":"Infoecos"},"image":{"@id":"https:\/\/infoecos.com.ar\/#\/schema\/logo\/image\/"},"sameAs":["https:\/\/www.facebook.com\/profile.php?id=100063200290284","https:\/\/x.com\/infoecos"]},{"@type":"Person","@id":"https:\/\/infoecos.com.ar\/#\/schema\/person\/8f5ace5ce73b4b4aac4b7245aee6f191","name":"Jorge Matheus","url":"https:\/\/infoecos.com.ar\/index.php\/author\/jomatheus\/"}]}},"featured_image_urls":{"full":["https:\/\/infoecos.com.ar\/wp-content\/uploads\/2023\/06\/image-84.png",1256,620,false],"thumbnail":["https:\/\/infoecos.com.ar\/wp-content\/uploads\/2023\/06\/image-84-300x150.png",300,150,true],"medium":["https:\/\/infoecos.com.ar\/wp-content\/uploads\/2023\/06\/image-84-800x395.png",800,395,true],"medium_large":["https:\/\/infoecos.com.ar\/wp-content\/uploads\/2023\/06\/image-84-768x379.png",640,316,true],"large":["https:\/\/infoecos.com.ar\/wp-content\/uploads\/2023\/06\/image-84.png",640,316,false],"1536x1536":["https:\/\/infoecos.com.ar\/wp-content\/uploads\/2023\/06\/image-84.png",1256,620,false],"2048x2048":["https:\/\/infoecos.com.ar\/wp-content\/uploads\/2023\/06\/image-84.png",1256,620,false],"covernews-slider-full":["https:\/\/infoecos.com.ar\/wp-content\/uploads\/2023\/06\/image-84.png",1115,550,false],"covernews-slider-center":["https:\/\/infoecos.com.ar\/wp-content\/uploads\/2023\/06\/image-84-936x620.png",755,500,true],"covernews-featured":["https:\/\/infoecos.com.ar\/wp-content\/uploads\/2023\/06\/image-84-1024x505.png",1024,505,true],"covernews-medium":["https:\/\/infoecos.com.ar\/wp-content\/uploads\/2023\/06\/image-84-720x380.png",540,285,true],"covernews-medium-square":["https:\/\/infoecos.com.ar\/wp-content\/uploads\/2023\/06\/image-84-675x450.png",375,250,true]},"author_info":{"info":["Jorge Matheus"]},"category_info":"<a href=\"https:\/\/infoecos.com.ar\/index.php\/category\/inferior16\/\" rel=\"category tag\">Bloque inferior - 16<\/a>","tag_info":"Bloque inferior - 16","comment_count":"0","_links":{"self":[{"href":"https:\/\/infoecos.com.ar\/index.php\/wp-json\/wp\/v2\/posts\/106294"}],"collection":[{"href":"https:\/\/infoecos.com.ar\/index.php\/wp-json\/wp\/v2\/posts"}],"about":[{"href":"https:\/\/infoecos.com.ar\/index.php\/wp-json\/wp\/v2\/types\/post"}],"author":[{"embeddable":true,"href":"https:\/\/infoecos.com.ar\/index.php\/wp-json\/wp\/v2\/users\/2"}],"replies":[{"embeddable":true,"href":"https:\/\/infoecos.com.ar\/index.php\/wp-json\/wp\/v2\/comments?post=106294"}],"version-history":[{"count":2,"href":"https:\/\/infoecos.com.ar\/index.php\/wp-json\/wp\/v2\/posts\/106294\/revisions"}],"predecessor-version":[{"id":106562,"href":"https:\/\/infoecos.com.ar\/index.php\/wp-json\/wp\/v2\/posts\/106294\/revisions\/106562"}],"wp:featuredmedia":[{"embeddable":true,"href":"https:\/\/infoecos.com.ar\/index.php\/wp-json\/wp\/v2\/media\/106295"}],"wp:attachment":[{"href":"https:\/\/infoecos.com.ar\/index.php\/wp-json\/wp\/v2\/media?parent=106294"}],"wp:term":[{"taxonomy":"category","embeddable":true,"href":"https:\/\/infoecos.com.ar\/index.php\/wp-json\/wp\/v2\/categories?post=106294"},{"taxonomy":"post_tag","embeddable":true,"href":"https:\/\/infoecos.com.ar\/index.php\/wp-json\/wp\/v2\/tags?post=106294"}],"curies":[{"name":"wp","href":"https:\/\/api.w.org\/{rel}","templated":true}]}}